{"id":15673,"date":"2023-01-20T09:43:19","date_gmt":"2023-01-20T08:43:19","guid":{"rendered":"https:\/\/news.save.ch\/?p=15673"},"modified":"2023-07-26T06:10:34","modified_gmt":"2023-07-26T04:10:34","slug":"bundesamt-fuer-energie-publiziert-waermestrategie-2050","status":null,"type":"post","link":"https:\/\/news.save.ch\/de\/bundesamt-fuer-energie-publiziert-waermestrategie-2050\/","title":{"rendered":"Bundesamt f\u00fcr Energie publiziert W\u00e4rmestrategie 2050"},"content":{"rendered":"<figure id=\"attachment_15674\" aria-describedby=\"caption-attachment-15674\" style=\"width: 680px\" class=\"wp-caption alignnone\"><img loading=\"lazy\" decoding=\"async\" class=\"wp-image-15674 size-medium\" src=\"https:\/\/news.save.ch\/wp-content\/uploads\/2023\/01\/Depositphotos_250472176_S-680x454.jpg\" alt=\"W\u00e4rmestrategie 2050\" width=\"680\" height=\"454\" srcset=\"https:\/\/news.save.ch\/wp-content\/uploads\/2023\/01\/Depositphotos_250472176_S-680x454.jpg 680w, https:\/\/news.save.ch\/wp-content\/uploads\/2023\/01\/Depositphotos_250472176_S-768x513.jpg 768w, https:\/\/news.save.ch\/wp-content\/uploads\/2023\/01\/Depositphotos_250472176_S-18x12.jpg 18w, https:\/\/news.save.ch\/wp-content\/uploads\/2023\/01\/Depositphotos_250472176_S-375x250.jpg 375w, https:\/\/news.save.ch\/wp-content\/uploads\/2023\/01\/Depositphotos_250472176_S-524x350.jpg 524w, https:\/\/news.save.ch\/wp-content\/uploads\/2023\/01\/Depositphotos_250472176_S.jpg 999w\" sizes=\"auto, (max-width: 680px) 100vw, 680px\" \/><figcaption id=\"caption-attachment-15674\" class=\"wp-caption-text\">Bild: depositphotos<\/figcaption><\/figure>\n<p>Der gesamte W\u00e4rmebereich der Schweiz macht heute laut dem Bundesamt f\u00fcr Energie rund 50 Prozent des Energieverbrauchs der Schweiz aus und verursacht mehr als 35 Prozent der CO2-Emissionen. Um das Netto-Null Emissionsziel zu erreichen, muss der W\u00e4rmebedarf (Heizung und Warmwasseraufbereitung in Geb\u00e4uden und Prozessw\u00e4rme in der Industrie) bis 2050 vollst\u00e4ndig mit erneuerbaren Energien und CO2-frei gedeckt werden.<\/p>\n<p>Die W\u00e4rmestrategie 2050 lehnt sich an die Energieperspektiven 2050+ des BFE an, die verschiedene Netto-Null Szenarien untersucht haben. Um das Klimaziel zu erreichen, braucht es sowohl die Umstellung von fossilen auf erneuerbare Energietr\u00e4ger als auch eine Senkung des Verbrauchs: 2050 soll der Energieverbrauch im W\u00e4rmebereich um rund 30 Prozent tiefer liegen als im Jahr 2020.<\/p>\n<p>Zum Entwurf der W\u00e4rmestrategie 2050 wurden rund 60 Organisationen konsultiert (Gemeinden, Kantone, Energieunternehmen, Baubranche, Wirtschaftsverb\u00e4nde, Bildungsorganisationen, Umweltverb\u00e4nde usw.). Rund 70 Prozent der Befragten halten die W\u00e4rmestrategie f\u00fcr realistisch oder eher realistisch. Die R\u00fcckmeldungen wurden in der Schlussversion der W\u00e4rmestrategie 2050 ber\u00fccksichtigt.<\/p>\n<p>Das <a href=\"https:\/\/www.newsd.admin.ch\/newsd\/message\/attachments\/74920.pdf\" target=\"_blank\" rel=\"noopener\">Strategiepapier<\/a> beschreibt in einem Zielbild 2050 und in Textform die jeweiligen Massnahmen f\u00fcr insgesamt zehn Themenbereiche: Geb\u00e4udeeffizienz; Heizungssysteme; Prozessw\u00e4rme: Thermische Netze; Thermische Energiespeicher; Elektrifizierung; Erneuerbare Gase und synthetische Brennstoffe; Bund, Kantone und Gemeinden; Gesetzgebung; Fachkr\u00e4fte.<\/p>\n<p>Aufgegleist seien bereits verschiedene neue Massnahmen, die derzeit im Parlament diskutiert werden oder bereits zur Umsetzung bereit sind. Mit der Revision des CO2-Gesetzes und dem indirekten Gegenentwurf zur Gletscher-Initiative wird insbesondere der Umstieg von fossilen auf erneuerbare Heizsysteme unterst\u00fctzt.<\/p>\n<p><em>Quelle: Bundesamt f\u00fcr Energie<\/em><\/p>\n","protected":false},"excerpt":{"rendered":"<p>Der gesamte W\u00e4rmebereich der Schweiz macht heute laut dem Bundesamt f\u00fcr Energie rund 50 Prozent des Energieverbrauchs der Schweiz aus und verursacht mehr als 35 Prozent der CO2-Emissionen. Um das Netto-Null Emissionsziel zu erreichen, muss der W\u00e4rmebedarf (Heizung und Warmwasseraufbereitung in Geb\u00e4uden und Prozessw\u00e4rme in der Industrie) bis 2050 vollst\u00e4ndig mit erneuerbaren Energien und CO2-frei [&hellip;]<\/p>\n","protected":false},"author":9,"featured_media":15674,"comment_status":"closed","ping_status":"closed","sticky":false,"template":"","format":"standard","meta":{"_acf_changed":false,"pgc_sgb_lightbox_settings":"","footnotes":""},"categories":[1],"tags":[3582,3581,3583,1491,6133,3584,3580],"class_list":["post-15673","post","type-post","status-publish","format-standard","has-post-thumbnail","hentry","category-allgemein","tag-co2-emissionen","tag-energieverbrauch","tag-erneuerbare-energien","tag-klimaziele","tag-netto-null-emissionsziel","tag-waermebereich","tag-waermestrategie-2050"],"acf":[],"hkrextid":null,"publication":null,"issue":null,"workflow":null,"startPage":null,"spitzmarke":null,"_posts_by_tag_page_fields":null,"_at_widget":null,"_yoast_wpseo_primary_category":"","_yoast_wpseo_focuskw_text_input":null,"_yoast_wpseo_opengraph-image":null,"_yoast_wpseo_opengraph-description":null,"_yoast_wpseo_opengraph-title":null,"enclosure":null,"_yoast_wpseo_twitter-title":null,"_yoast_wpseo_twitter-description":null,"_yoast_wpseo_twitter-image":null,"_wp_old_slug":null,"_yoast_wpseo_title":null,"_yoast_wpseo_canonical":null,"yoast_head":"<!-- This site is optimized with the Yoast SEO plugin v27.5 - https:\/\/yoast.com\/product\/yoast-seo-wordpress\/ -->\n<title>Bundesamt f\u00fcr Energie publiziert W\u00e4rmestrategie 2050 - Save<\/title>\n<meta name=\"description\" content=\"Die W\u00e4rmeversorgung der Schweiz soll bis 2050 CO2-neutral werden. Die W\u00e4rmestrategie 2050 soll aufzeigen, mit welchen Massnahmen das Ziel erreicht werden kann.\" \/>\n<meta name=\"robots\" content=\"index, follow, max-snippet:-1, max-image-preview:large, max-video-preview:-1\" \/>\n<link rel=\"canonical\" href=\"https:\/\/news.save.ch\/de\/bundesamt-fuer-energie-publiziert-waermestrategie-2050\/\" \/>\n<meta property=\"og:locale\" content=\"de_DE\" \/>\n<meta property=\"og:type\" content=\"article\" \/>\n<meta property=\"og:title\" content=\"Bundesamt f\u00fcr Energie publiziert W\u00e4rmestrategie 2050 - Save\" \/>\n<meta property=\"og:description\" content=\"Die W\u00e4rmeversorgung der Schweiz soll bis 2050 CO2-neutral werden. Die W\u00e4rmestrategie 2050 soll aufzeigen, mit welchen Massnahmen das Ziel erreicht werden kann.\" \/>\n<meta property=\"og:url\" content=\"https:\/\/news.save.ch\/de\/bundesamt-fuer-energie-publiziert-waermestrategie-2050\/\" \/>\n<meta property=\"og:site_name\" content=\"Save\" \/>\n<meta property=\"article:published_time\" content=\"2023-01-20T08:43:19+00:00\" \/>\n<meta property=\"article:modified_time\" content=\"2023-07-26T04:10:34+00:00\" \/>\n<meta property=\"og:image\" content=\"https:\/\/news.save.ch\/wp-content\/uploads\/2023\/01\/Depositphotos_250472176_S.jpg\" \/>\n\t<meta property=\"og:image:width\" content=\"999\" \/>\n\t<meta property=\"og:image:height\" content=\"667\" \/>\n\t<meta property=\"og:image:type\" content=\"image\/jpeg\" \/>\n<meta name=\"author\" content=\"Simon Gr\u00f6flin\" \/>\n<meta name=\"twitter:card\" content=\"summary_large_image\" \/>\n<meta name=\"twitter:label1\" content=\"Geschrieben von\" \/>\n\t<meta name=\"twitter:data1\" content=\"Simon Gr\u00f6flin\" \/>\n\t<meta name=\"twitter:label2\" content=\"Gesch\u00e4tzte Lesezeit\" \/>\n\t<meta name=\"twitter:data2\" content=\"2\u00a0Minuten\" \/>\n<script type=\"application\/ld+json\" class=\"yoast-schema-graph\">{\"@context\":\"https:\\\/\\\/schema.org\",\"@graph\":[{\"@type\":\"Article\",\"@id\":\"https:\\\/\\\/news.save.ch\\\/bundesamt-fuer-energie-publiziert-waermestrategie-2050\\\/#article\",\"isPartOf\":{\"@id\":\"https:\\\/\\\/news.save.ch\\\/bundesamt-fuer-energie-publiziert-waermestrategie-2050\\\/\"},\"author\":{\"name\":\"Simon Gr\u00f6flin\",\"@id\":\"https:\\\/\\\/news.save.ch\\\/de\\\/#\\\/schema\\\/person\\\/ad4ef21102fd6125312409ac57d5296d\"},\"headline\":\"Bundesamt f\u00fcr Energie publiziert W\u00e4rmestrategie 2050\",\"datePublished\":\"2023-01-20T08:43:19+00:00\",\"dateModified\":\"2023-07-26T04:10:34+00:00\",\"mainEntityOfPage\":{\"@id\":\"https:\\\/\\\/news.save.ch\\\/bundesamt-fuer-energie-publiziert-waermestrategie-2050\\\/\"},\"wordCount\":261,\"publisher\":{\"@id\":\"https:\\\/\\\/news.save.ch\\\/de\\\/#organization\"},\"image\":{\"@id\":\"https:\\\/\\\/news.save.ch\\\/bundesamt-fuer-energie-publiziert-waermestrategie-2050\\\/#primaryimage\"},\"thumbnailUrl\":\"https:\\\/\\\/news.save.ch\\\/wp-content\\\/uploads\\\/2023\\\/01\\\/Depositphotos_250472176_S.jpg\",\"keywords\":[\"CO2-Emissionen\",\"Energieverbrauch\",\"erneuerbare Energien\",\"Klimaziele\",\"Netto-Null Emissionsziel\",\"W\u00e4rmebereich\",\"W\u00e4rmestrategie 2050\"],\"articleSection\":[\"ALLGEMEIN\"],\"inLanguage\":\"de\"},{\"@type\":\"WebPage\",\"@id\":\"https:\\\/\\\/news.save.ch\\\/bundesamt-fuer-energie-publiziert-waermestrategie-2050\\\/\",\"url\":\"https:\\\/\\\/news.save.ch\\\/bundesamt-fuer-energie-publiziert-waermestrategie-2050\\\/\",\"name\":\"Bundesamt f\u00fcr Energie publiziert W\u00e4rmestrategie 2050 - Save\",\"isPartOf\":{\"@id\":\"https:\\\/\\\/news.save.ch\\\/de\\\/#website\"},\"primaryImageOfPage\":{\"@id\":\"https:\\\/\\\/news.save.ch\\\/bundesamt-fuer-energie-publiziert-waermestrategie-2050\\\/#primaryimage\"},\"image\":{\"@id\":\"https:\\\/\\\/news.save.ch\\\/bundesamt-fuer-energie-publiziert-waermestrategie-2050\\\/#primaryimage\"},\"thumbnailUrl\":\"https:\\\/\\\/news.save.ch\\\/wp-content\\\/uploads\\\/2023\\\/01\\\/Depositphotos_250472176_S.jpg\",\"datePublished\":\"2023-01-20T08:43:19+00:00\",\"dateModified\":\"2023-07-26T04:10:34+00:00\",\"description\":\"Die W\u00e4rmeversorgung der Schweiz soll bis 2050 CO2-neutral werden. Die W\u00e4rmestrategie 2050 soll aufzeigen, mit welchen Massnahmen das Ziel erreicht werden kann.\",\"breadcrumb\":{\"@id\":\"https:\\\/\\\/news.save.ch\\\/bundesamt-fuer-energie-publiziert-waermestrategie-2050\\\/#breadcrumb\"},\"inLanguage\":\"de\",\"potentialAction\":[{\"@type\":\"ReadAction\",\"target\":[\"https:\\\/\\\/news.save.ch\\\/bundesamt-fuer-energie-publiziert-waermestrategie-2050\\\/\"]}]},{\"@type\":\"ImageObject\",\"inLanguage\":\"de\",\"@id\":\"https:\\\/\\\/news.save.ch\\\/bundesamt-fuer-energie-publiziert-waermestrategie-2050\\\/#primaryimage\",\"url\":\"https:\\\/\\\/news.save.ch\\\/wp-content\\\/uploads\\\/2023\\\/01\\\/Depositphotos_250472176_S.jpg\",\"contentUrl\":\"https:\\\/\\\/news.save.ch\\\/wp-content\\\/uploads\\\/2023\\\/01\\\/Depositphotos_250472176_S.jpg\",\"width\":999,\"height\":667},{\"@type\":\"BreadcrumbList\",\"@id\":\"https:\\\/\\\/news.save.ch\\\/bundesamt-fuer-energie-publiziert-waermestrategie-2050\\\/#breadcrumb\",\"itemListElement\":[{\"@type\":\"ListItem\",\"position\":1,\"name\":\"Home\",\"item\":\"https:\\\/\\\/news.save.ch\\\/de\\\/\"},{\"@type\":\"ListItem\",\"position\":2,\"name\":\"Bundesamt f\u00fcr Energie publiziert W\u00e4rmestrategie 2050\"}]},{\"@type\":\"WebSite\",\"@id\":\"https:\\\/\\\/news.save.ch\\\/de\\\/#website\",\"url\":\"https:\\\/\\\/news.save.ch\\\/de\\\/\",\"name\":\"Save\",\"description\":\"Schweizer Fachzeitschrift f\u00fcr Sicherheit\",\"publisher\":{\"@id\":\"https:\\\/\\\/news.save.ch\\\/de\\\/#organization\"},\"potentialAction\":[{\"@type\":\"SearchAction\",\"target\":{\"@type\":\"EntryPoint\",\"urlTemplate\":\"https:\\\/\\\/news.save.ch\\\/de\\\/?s={search_term_string}\"},\"query-input\":{\"@type\":\"PropertyValueSpecification\",\"valueRequired\":true,\"valueName\":\"search_term_string\"}}],\"inLanguage\":\"de\"},{\"@type\":\"Organization\",\"@id\":\"https:\\\/\\\/news.save.ch\\\/de\\\/#organization\",\"name\":\"Sicherheitsforum\",\"url\":\"https:\\\/\\\/news.save.ch\\\/de\\\/\",\"logo\":{\"@type\":\"ImageObject\",\"inLanguage\":\"de\",\"@id\":\"https:\\\/\\\/news.save.ch\\\/de\\\/#\\\/schema\\\/logo\\\/image\\\/\",\"url\":\"https:\\\/\\\/news.save.ch\\\/wp-content\\\/uploads\\\/2022\\\/06\\\/Logo_SF_2012.png\",\"contentUrl\":\"https:\\\/\\\/news.save.ch\\\/wp-content\\\/uploads\\\/2022\\\/06\\\/Logo_SF_2012.png\",\"width\":1100,\"height\":91,\"caption\":\"Sicherheitsforum\"},\"image\":{\"@id\":\"https:\\\/\\\/news.save.ch\\\/de\\\/#\\\/schema\\\/logo\\\/image\\\/\"}},{\"@type\":\"Person\",\"@id\":\"https:\\\/\\\/news.save.ch\\\/de\\\/#\\\/schema\\\/person\\\/ad4ef21102fd6125312409ac57d5296d\",\"name\":\"Simon Gr\u00f6flin\",\"image\":{\"@type\":\"ImageObject\",\"inLanguage\":\"de\",\"@id\":\"https:\\\/\\\/secure.gravatar.com\\\/avatar\\\/6ddceb80eb734354635539e0ea5140bb7c41e42de7c45c9a2ab9921b5d5c9a83?s=96&d=mm&r=g\",\"url\":\"https:\\\/\\\/secure.gravatar.com\\\/avatar\\\/6ddceb80eb734354635539e0ea5140bb7c41e42de7c45c9a2ab9921b5d5c9a83?s=96&d=mm&r=g\",\"contentUrl\":\"https:\\\/\\\/secure.gravatar.com\\\/avatar\\\/6ddceb80eb734354635539e0ea5140bb7c41e42de7c45c9a2ab9921b5d5c9a83?s=96&d=mm&r=g\",\"caption\":\"Simon Gr\u00f6flin\"},\"url\":\"https:\\\/\\\/news.save.ch\\\/de\\\/author\\\/simon-groeflin\\\/\"}]}<\/script>\n<!-- \/ Yoast SEO plugin. -->","yoast_head_json":{"title":"Bundesamt f\u00fcr Energie publiziert W\u00e4rmestrategie 2050 - Save","description":"Die W\u00e4rmeversorgung der Schweiz soll bis 2050 CO2-neutral werden. Die W\u00e4rmestrategie 2050 soll aufzeigen, mit welchen Massnahmen das Ziel erreicht werden kann.","robots":{"index":"index","follow":"follow","max-snippet":"max-snippet:-1","max-image-preview":"max-image-preview:large","max-video-preview":"max-video-preview:-1"},"canonical":"https:\/\/news.save.ch\/de\/bundesamt-fuer-energie-publiziert-waermestrategie-2050\/","og_locale":"de_DE","og_type":"article","og_title":"Bundesamt f\u00fcr Energie publiziert W\u00e4rmestrategie 2050 - Save","og_description":"Die W\u00e4rmeversorgung der Schweiz soll bis 2050 CO2-neutral werden. Die W\u00e4rmestrategie 2050 soll aufzeigen, mit welchen Massnahmen das Ziel erreicht werden kann.","og_url":"https:\/\/news.save.ch\/de\/bundesamt-fuer-energie-publiziert-waermestrategie-2050\/","og_site_name":"Save","article_published_time":"2023-01-20T08:43:19+00:00","article_modified_time":"2023-07-26T04:10:34+00:00","og_image":[{"width":999,"height":667,"url":"https:\/\/news.save.ch\/wp-content\/uploads\/2023\/01\/Depositphotos_250472176_S.jpg","type":"image\/jpeg"}],"author":"Simon Gr\u00f6flin","twitter_card":"summary_large_image","twitter_misc":{"Geschrieben von":"Simon Gr\u00f6flin","Gesch\u00e4tzte Lesezeit":"2\u00a0Minuten"},"schema":{"@context":"https:\/\/schema.org","@graph":[{"@type":"Article","@id":"https:\/\/news.save.ch\/bundesamt-fuer-energie-publiziert-waermestrategie-2050\/#article","isPartOf":{"@id":"https:\/\/news.save.ch\/bundesamt-fuer-energie-publiziert-waermestrategie-2050\/"},"author":{"name":"Simon Gr\u00f6flin","@id":"https:\/\/news.save.ch\/de\/#\/schema\/person\/ad4ef21102fd6125312409ac57d5296d"},"headline":"Bundesamt f\u00fcr Energie publiziert W\u00e4rmestrategie 2050","datePublished":"2023-01-20T08:43:19+00:00","dateModified":"2023-07-26T04:10:34+00:00","mainEntityOfPage":{"@id":"https:\/\/news.save.ch\/bundesamt-fuer-energie-publiziert-waermestrategie-2050\/"},"wordCount":261,"publisher":{"@id":"https:\/\/news.save.ch\/de\/#organization"},"image":{"@id":"https:\/\/news.save.ch\/bundesamt-fuer-energie-publiziert-waermestrategie-2050\/#primaryimage"},"thumbnailUrl":"https:\/\/news.save.ch\/wp-content\/uploads\/2023\/01\/Depositphotos_250472176_S.jpg","keywords":["CO2-Emissionen","Energieverbrauch","erneuerbare Energien","Klimaziele","Netto-Null Emissionsziel","W\u00e4rmebereich","W\u00e4rmestrategie 2050"],"articleSection":["ALLGEMEIN"],"inLanguage":"de"},{"@type":"WebPage","@id":"https:\/\/news.save.ch\/bundesamt-fuer-energie-publiziert-waermestrategie-2050\/","url":"https:\/\/news.save.ch\/bundesamt-fuer-energie-publiziert-waermestrategie-2050\/","name":"Bundesamt f\u00fcr Energie publiziert W\u00e4rmestrategie 2050 - Save","isPartOf":{"@id":"https:\/\/news.save.ch\/de\/#website"},"primaryImageOfPage":{"@id":"https:\/\/news.save.ch\/bundesamt-fuer-energie-publiziert-waermestrategie-2050\/#primaryimage"},"image":{"@id":"https:\/\/news.save.ch\/bundesamt-fuer-energie-publiziert-waermestrategie-2050\/#primaryimage"},"thumbnailUrl":"https:\/\/news.save.ch\/wp-content\/uploads\/2023\/01\/Depositphotos_250472176_S.jpg","datePublished":"2023-01-20T08:43:19+00:00","dateModified":"2023-07-26T04:10:34+00:00","description":"Die W\u00e4rmeversorgung der Schweiz soll bis 2050 CO2-neutral werden. Die W\u00e4rmestrategie 2050 soll aufzeigen, mit welchen Massnahmen das Ziel erreicht werden kann.","breadcrumb":{"@id":"https:\/\/news.save.ch\/bundesamt-fuer-energie-publiziert-waermestrategie-2050\/#breadcrumb"},"inLanguage":"de","potentialAction":[{"@type":"ReadAction","target":["https:\/\/news.save.ch\/bundesamt-fuer-energie-publiziert-waermestrategie-2050\/"]}]},{"@type":"ImageObject","inLanguage":"de","@id":"https:\/\/news.save.ch\/bundesamt-fuer-energie-publiziert-waermestrategie-2050\/#primaryimage","url":"https:\/\/news.save.ch\/wp-content\/uploads\/2023\/01\/Depositphotos_250472176_S.jpg","contentUrl":"https:\/\/news.save.ch\/wp-content\/uploads\/2023\/01\/Depositphotos_250472176_S.jpg","width":999,"height":667},{"@type":"BreadcrumbList","@id":"https:\/\/news.save.ch\/bundesamt-fuer-energie-publiziert-waermestrategie-2050\/#breadcrumb","itemListElement":[{"@type":"ListItem","position":1,"name":"Home","item":"https:\/\/news.save.ch\/de\/"},{"@type":"ListItem","position":2,"name":"Bundesamt f\u00fcr Energie publiziert W\u00e4rmestrategie 2050"}]},{"@type":"WebSite","@id":"https:\/\/news.save.ch\/de\/#website","url":"https:\/\/news.save.ch\/de\/","name":"Save","description":"Schweizer Fachzeitschrift f\u00fcr Sicherheit","publisher":{"@id":"https:\/\/news.save.ch\/de\/#organization"},"potentialAction":[{"@type":"SearchAction","target":{"@type":"EntryPoint","urlTemplate":"https:\/\/news.save.ch\/de\/?s={search_term_string}"},"query-input":{"@type":"PropertyValueSpecification","valueRequired":true,"valueName":"search_term_string"}}],"inLanguage":"de"},{"@type":"Organization","@id":"https:\/\/news.save.ch\/de\/#organization","name":"Sicherheitsforum","url":"https:\/\/news.save.ch\/de\/","logo":{"@type":"ImageObject","inLanguage":"de","@id":"https:\/\/news.save.ch\/de\/#\/schema\/logo\/image\/","url":"https:\/\/news.save.ch\/wp-content\/uploads\/2022\/06\/Logo_SF_2012.png","contentUrl":"https:\/\/news.save.ch\/wp-content\/uploads\/2022\/06\/Logo_SF_2012.png","width":1100,"height":91,"caption":"Sicherheitsforum"},"image":{"@id":"https:\/\/news.save.ch\/de\/#\/schema\/logo\/image\/"}},{"@type":"Person","@id":"https:\/\/news.save.ch\/de\/#\/schema\/person\/ad4ef21102fd6125312409ac57d5296d","name":"Simon Gr\u00f6flin","image":{"@type":"ImageObject","inLanguage":"de","@id":"https:\/\/secure.gravatar.com\/avatar\/6ddceb80eb734354635539e0ea5140bb7c41e42de7c45c9a2ab9921b5d5c9a83?s=96&d=mm&r=g","url":"https:\/\/secure.gravatar.com\/avatar\/6ddceb80eb734354635539e0ea5140bb7c41e42de7c45c9a2ab9921b5d5c9a83?s=96&d=mm&r=g","contentUrl":"https:\/\/secure.gravatar.com\/avatar\/6ddceb80eb734354635539e0ea5140bb7c41e42de7c45c9a2ab9921b5d5c9a83?s=96&d=mm&r=g","caption":"Simon Gr\u00f6flin"},"url":"https:\/\/news.save.ch\/de\/author\/simon-groeflin\/"}]}},"_links":{"self":[{"href":"https:\/\/news.save.ch\/de\/wp-json\/wp\/v2\/posts\/15673","targetHints":{"allow":["GET"]}}],"collection":[{"href":"https:\/\/news.save.ch\/de\/wp-json\/wp\/v2\/posts"}],"about":[{"href":"https:\/\/news.save.ch\/de\/wp-json\/wp\/v2\/types\/post"}],"author":[{"embeddable":true,"href":"https:\/\/news.save.ch\/de\/wp-json\/wp\/v2\/users\/9"}],"replies":[{"embeddable":true,"href":"https:\/\/news.save.ch\/de\/wp-json\/wp\/v2\/comments?post=15673"}],"version-history":[{"count":6,"href":"https:\/\/news.save.ch\/de\/wp-json\/wp\/v2\/posts\/15673\/revisions"}],"predecessor-version":[{"id":19632,"href":"https:\/\/news.save.ch\/de\/wp-json\/wp\/v2\/posts\/15673\/revisions\/19632"}],"wp:featuredmedia":[{"embeddable":true,"href":"https:\/\/news.save.ch\/de\/wp-json\/wp\/v2\/media\/15674"}],"wp:attachment":[{"href":"https:\/\/news.save.ch\/de\/wp-json\/wp\/v2\/media?parent=15673"}],"wp:term":[{"taxonomy":"category","embeddable":true,"href":"https:\/\/news.save.ch\/de\/wp-json\/wp\/v2\/categories?post=15673"},{"taxonomy":"post_tag","embeddable":true,"href":"https:\/\/news.save.ch\/de\/wp-json\/wp\/v2\/tags?post=15673"}],"curies":[{"name":"wp","href":"https:\/\/api.w.org\/{rel}","templated":true}]}}