{"id":158,"date":"2015-04-30T15:26:10","date_gmt":"2015-04-30T13:26:10","guid":{"rendered":"https:\/\/dev.sicherheitsforum.ch\/?p=158"},"modified":"2015-04-30T15:26:10","modified_gmt":"2015-04-30T13:26:10","slug":"erstens-mega-deal-in-der-sicherheitsbranche","status":null,"type":"post","link":"https:\/\/news.save.ch\/de\/erstens-mega-deal-in-der-sicherheitsbranche\/","title":{"rendered":"Erstens: Mega-Deal in der Sicherheitsbranche"},"content":{"rendered":"<figure id=\"attachment_159\" aria-describedby=\"caption-attachment-159\" style=\"width: 680px\" class=\"wp-caption alignnone\"><img loading=\"lazy\" decoding=\"async\" class=\"size-medium wp-image-159\" src=\"https:\/\/sicherheitsforum.ch\/wp-content\/uploads\/2016\/12\/Erstens-Mega-Deal-in-der-Sicherheitsbranche_sicherheitsforum.jpg\" alt=\"VR-Pr\u00e4sident der neuen Holding wird Ulrich Graf, heutiger VR-Pr\u00e4sident von Kaba.\" width=\"680\" height=\"453\" \/><figcaption id=\"caption-attachment-159\" class=\"wp-caption-text\">VR-Pr\u00e4sident der neuen Holding wird Ulrich Graf, heutiger VR-Pr\u00e4sident von Kaba.<\/figcaption><\/figure>\n<p>F\u00fcr Ulrich Graf, VR-Pr\u00e4si\u00addent von Kaba, ist klar: \u201eDurch die Verbindung der beiden starken Marken <a href=\"https:\/\/www.dorma.com\" target=\"_blank\" data-cke-saved-href=\"https:\/\/www.dorma.com\" rel=\"noopener\">Dorma <\/a>und <a href=\"https:\/\/www.kaba.com\" target=\"_blank\" data-cke-saved-href=\"https:\/\/www.kaba.com\" rel=\"noopener\">Kaba<\/a> entsteht ein f\u00fchrendes Unternehmen der Sicherheitsindustrie. Die Aktion\u00e4re stehen f\u00fcr eine langfristige Ausrichtung \u2013 auch das ist in unserer dynamischen Branche ein echter Wettbewerbsvorteil.&#8220; Dorma bietet Zugangsl\u00f6sungen an und geh\u00f6rt in der Automatik-, Glasbeschlags- und T\u00fcrschliesstechnik zu den Marktf\u00fchrern. Gleiches gilt f\u00fcr Kaba im Bereich Zutritts\u00adkontrolle, Betriebsdatenerfassung und Schl\u00fcsselsysteme.<\/p>\n<blockquote>\n<p>Es entsteht die globale Top 3 in der Sicherheits- und Zutritts-Liga.<\/p>\n<\/blockquote>\n<p>Mit einem Pro-Forma-Umsatz von mehr als 2 Milliarden Franken, rund 16\u2018000 Mitarbeitenden sowie Standorten in 53 L\u00e4ndern r\u00fccken die zwei fusionierten Unternehmen mit der neuen gemeinsamen Holding in die globalen Top 3 des stark fragmentierten Marktes f\u00fcr Sicherheits- und Zutrittsl\u00f6sungen auf. Hans Gummert, Vorsitzender des Aufsichtsrates von Dorma: \u201eMit dem Zusammenschluss unserer weltweit etablierten Unternehmen st\u00e4rken wir un\u00adse\u00adre Markt\u00adposition erheblich. Wir teilen nicht nur eine \u00fcber hun\u00addert\u00adj\u00e4hrige unternehme\u00adri\u00adsche Tradition und die glei\u00adchen Werte, sondern stimmen auch in unseren Strategien weit\u00ad\u00adgehend \u00fcberein.\u201c<\/p>\n<p><strong>Dorma und Kaba passen ideal zusammen<\/strong><\/p>\n<p>Die technologische Kompetenz, die Produkte sowie die Vertriebskan\u00e4le von Dorma und Kaba w\u00fcrden sich ideal erg\u00e4nzen, heisst es. \u00dcber das gemeinsame Distributions- und Servicenetzwerk, Cross-Selling und die Positionierung als \u201eOne-Stop-Shop\u201c rund um Sicherheit und den Zutritt zu Geb\u00e4uden erschliesse sich dem kombinierten Unternehmen erhebli\u00adches zus\u00e4tzliches Wachstumspotenzial. Thomas P. Wagner, CEO von Dorma: \u201eGemeinsam mit Kaba machen wir einen grossen Schritt nach vorne. Wir erweitern unsere Angebotspalette, st\u00e4rken unsere globale Pr\u00e4senz und erh\u00f6hen unsere Innovationskraft. So k\u00f6nnen wir M\u00f6glichkeiten, die uns Megatrends wie die Urbanisie\u00adrung und die Digitalisierung bieten, schneller und besser nutzen.\u201c<\/p>\n<p>dorma+kaba wird \u00fcber Produktionsst\u00e4tten in allen wichtigen M\u00e4rkten der Industrie verf\u00fcgen und mit der verst\u00e4rkten Pr\u00e4senz insbesondere in Europa, Amerika und Asien-Pazifik die weltweite Expansion beschleu\u00adni\u00adgen, wie betont wird.<\/p>\n<p><strong>Substanzielle Wertsteigerung <\/strong><\/p>\n<p>Riet Cadonau, CEO von Kaba: \u201eDorma und Kaba sind in jeder Hin\u00adsicht Wunschpartner und ein \u00fcber\u00adzeugender strategischer Fit. Mit dem geplanten Zusammen\u00adschluss schaffen wir zus\u00e4tzliche Chancen f\u00fcr nachhaltiges profitables Wachstum \u2013 mit ent\u00adsprechen\u00addem Mehr\u00adwert f\u00fcr unsere Kunden, Partner, Mitar\u00adbeiter und Aktion\u00e4re.\u201c<\/p>\n<p>\u00dcber die n\u00e4chsten vier Jahre strebt das neue Duo ein Um\u00adsatz\u00ad\u00adwachs\u00ad\u00adtum von 6 bis 7% (in Lokalw\u00e4hrungen) pro Jahr an. Auf\u00adgrund h\u00f6he\u00adrer Ein\u00adkaufs\u00advolumi\u00adna, optimierter Infra\u00adstruk\u00adtur\u00adkos\u00adten sowie Effi\u00adzienz\u00ad\u00adsteigerun\u00adgen wird mit Kosten\u00adsynergien von 60 bis 70 Mio. Fr. pro Jahr ge\u00adrechnet, die im vierten Jahr nach dem Zusammen\u00adschluss voll wirksam wer\u00ad\u00adden sollen, wie es heisst. Die einma\u00adligen Imple\u00admen\u00adtierungs\u00adkosten w\u00fcrden insgesamt in H\u00f6\u00adhe der vollen Kosten\u00adsyner\u00adgien f\u00fcr ein Jahr ver\u00adanschlagt.<\/p>\n<p><strong>Wer wird was in der neuen Gruppe?<\/strong><\/p>\n<p>Ulrich Graf, der heutige Verwaltungsratspr\u00e4\u00adsi\u00addent von Kaba, wird den Verwal\u00adtungs\u00adrat der neuen Gruppe pr\u00e4si\u00addie\u00adren. CEO soll Riet Cado\u00adnau, der jetzige CEO von Kaba, werden. De\u00adsignierter CFO ist Bernd Brinker, CFO von Dorma. Die F\u00fch\u00adrungsgre\u00admien der Grup\u00adpe sollen m\u00f6glichst aus\u00adge\u00adwogen besetzt werden, wie die Verantwortlichen verlauten lassen.<\/p>\n<p>Die Standorte sowohl in R\u00fcm\u00adlang als auch in Enne\u00adpetal, Deutschland, werden im gemein\u00adsamen Unter\u00adneh\u00admen eine wichtige Rolle spielen. R\u00fcmlang wird Unternehmenssitz der dorma+kaba Holding sein, w\u00e4hrend in Ennepetal als Sitz der k\u00fcnf\u00adtigen Division \u201eAccess Solutions DACH\u201c das Gesch\u00e4ft f\u00fcr die deutsch\u00adspra\u00adchi\u00adgen L\u00e4n\u00adder ver\u00adantwortet werden wird.<\/p>\n<p>Die Fusion bringt auch eine Fusion an Arbeitspl\u00e4tzen mit sich: Die Rede ist von einem Stellenabbau von insgesamt rund 5% der Belegschaft, verteilt \u00fcber vier Jahre.<\/p>\n<p>Weitere Informationen zur <a title=\"Link zur Transaktionsstruktur\" href=\"https:\/\/hamster.ch\/magazine\/sicherheitsforum\/ausserordentliche-gv-von-kaba\" target=\"_blank\" data-cke-saved-href=\"https:\/\/hamster.ch\/magazine\/sicherheitsforum\/ausserordentliche-gv-von-kaba\" rel=\"noopener\">Transaktionsstruktur <\/a>und Bewertung sowie den Beteiligungsverh\u00e4ltnissen zwischen Kaba und der Dorma Eigent\u00fcmerfamilie sind <a title=\"Link zur Transaktionsstruktur\" href=\"https:\/\/hamster.ch\/magazine\/sicherheitsforum\/dorma-kaba-tranksaktionsstruktur-und-bewertung\" target=\"_blank\" data-cke-saved-href=\"https:\/\/hamster.ch\/magazine\/sicherheitsforum\/dorma-kaba-tranksaktionsstruktur-und-bewertung\" rel=\"noopener\">hier <\/a>erh\u00e4ltlich.<\/p>\n<p>Der Mega-Deal muss noch von den Aktion\u00e4ren an einer <a title=\"Infos zur GV\" href=\"https:\/\/hamster.ch\/magazine\/sicherheitsforum\/ausserordentliche-gv-von-kaba\" target=\"_blank\" data-cke-saved-href=\"https:\/\/hamster.ch\/magazine\/sicherheitsforum\/ausserordentliche-gv-von-kaba\" rel=\"noopener\">ausserordentlichen Generalversammlung <\/a>der Kaba abgesegnet werden.<\/p>\n<div id='gallery-1' class='gallery galleryid-158 gallery-columns-3 gallery-size-thumbnail'><figure class='gallery-item'>\n\t\t\t<div class='gallery-icon landscape'>\n\t\t\t\t<a href='https:\/\/news.save.ch\/de\/bernd_brinker_cfo_dorma_sicherheitsforum\/'><img loading=\"lazy\" decoding=\"async\" width=\"150\" height=\"100\" src=\"https:\/\/news.save.ch\/wp-content\/uploads\/2016\/12\/Bernd_Brinker_CFO_DORMA_sicherheitsforum-scaled.jpg\" class=\"attachment-thumbnail size-thumbnail\" alt=\"\" srcset=\"https:\/\/news.save.ch\/wp-content\/uploads\/2016\/12\/Bernd_Brinker_CFO_DORMA_sicherheitsforum-scaled.jpg 1400w, https:\/\/news.save.ch\/wp-content\/uploads\/2016\/12\/Bernd_Brinker_CFO_DORMA_sicherheitsforum-375x250.jpg 375w\" sizes=\"auto, (max-width: 150px) 100vw, 150px\" \/><\/a>\n\t\t\t<\/div><\/figure><figure class='gallery-item'>\n\t\t\t<div class='gallery-icon landscape'>\n\t\t\t\t<a href='https:\/\/news.save.ch\/de\/riet-cadonau-chief-executive-officer_sicherheitsforum\/'><img loading=\"lazy\" decoding=\"async\" width=\"150\" height=\"100\" src=\"https:\/\/news.save.ch\/wp-content\/uploads\/2016\/12\/riet-cadonau-chief-executive-officer_sicherheitsforum-scaled.jpg\" class=\"attachment-thumbnail size-thumbnail\" alt=\"\" srcset=\"https:\/\/news.save.ch\/wp-content\/uploads\/2016\/12\/riet-cadonau-chief-executive-officer_sicherheitsforum-scaled.jpg 1400w, https:\/\/news.save.ch\/wp-content\/uploads\/2016\/12\/riet-cadonau-chief-executive-officer_sicherheitsforum-375x250.jpg 375w\" sizes=\"auto, (max-width: 150px) 100vw, 150px\" \/><\/a>\n\t\t\t<\/div><\/figure>\n\t\t<\/div>\n\n<p>CFO der neuen Holding wird Bernd Brinker, heutiger CFO von Dorma. CEO der neuen Holding wird Riet Cadonau, heutiger CEO von Kaba.<\/p>\n<p>&nbsp;<\/p>\n<p>&nbsp;<\/p>\n","protected":false},"excerpt":{"rendered":"<p>F\u00fcr Ulrich Graf, VR-Pr\u00e4si\u00addent von Kaba, ist klar: \u201eDurch die Verbindung der beiden starken Marken Dorma und Kaba entsteht ein f\u00fchrendes Unternehmen der Sicherheitsindustrie. Die Aktion\u00e4re stehen f\u00fcr eine langfristige Ausrichtung \u2013 auch das ist in unserer dynamischen Branche ein echter Wettbewerbsvorteil.&#8220; Dorma bietet Zugangsl\u00f6sungen an und geh\u00f6rt in der Automatik-, Glasbeschlags- und T\u00fcrschliesstechnik zu [&hellip;]<\/p>\n","protected":false},"author":1,"featured_media":159,"comment_status":"open","ping_status":"open","sticky":false,"template":"","format":"standard","meta":{"_acf_changed":false,"pgc_sgb_lightbox_settings":"","footnotes":""},"categories":[1],"tags":[131,132,133,44],"class_list":["post-158","post","type-post","status-publish","format-standard","has-post-thumbnail","hentry","category-allgemein","tag-dorma","tag-finanzierung","tag-kaba","tag-kooperation"],"acf":[],"hkrextid":null,"publication":null,"issue":null,"workflow":null,"startPage":null,"spitzmarke":null,"_posts_by_tag_page_fields":{"widget_title":"","widget_tags":""},"_at_widget":"1","_yoast_wpseo_primary_category":"1","_yoast_wpseo_focuskw_text_input":"Mega-Deal","_yoast_wpseo_opengraph-image":"https:\/\/sicherheitsforum.ch\/wp-content\/uploads\/2016\/12\/Erstens-Mega-Deal-in-der-Sicherheitsbranche_sicherheitsforum.jpg","_yoast_wpseo_opengraph-description":"Die Schweizer Kaba Holding AG mit Sitz in R\u00fcmlang und das deutsche Familien\u00adunternehmen Dorma Holding wollen fusionieren. Entstehen w\u00fcrde die Gruppe dorma+kaba. Eine entsprechende Transaktionsvereinbarung wurde gestern Abend unterzeichnet. Der Deal muss noch von den Aktion\u00e4ren abgesegnet werden.","_yoast_wpseo_opengraph-title":"Erstens: Mega-Deal in der Sicherheitsbranche","enclosure":null,"_yoast_wpseo_twitter-title":null,"_yoast_wpseo_twitter-description":null,"_yoast_wpseo_twitter-image":null,"_wp_old_slug":null,"_yoast_wpseo_title":null,"_yoast_wpseo_canonical":null,"yoast_head":"<!-- This site is optimized with the Yoast SEO plugin v27.4 - https:\/\/yoast.com\/product\/yoast-seo-wordpress\/ -->\n<title>Erstens: Mega-Deal in der Sicherheitsbranche - Save<\/title>\n<meta name=\"description\" content=\"Die Kaba Holding AG mit Sitz in R\u00fcmlang und das deutsche Familien\u00adunternehmen Dorma Holding wollen fusionieren. Entstehen w\u00fcrde die Gruppe dorma+kaba.\" \/>\n<meta name=\"robots\" content=\"index, follow, max-snippet:-1, max-image-preview:large, max-video-preview:-1\" \/>\n<link rel=\"canonical\" href=\"https:\/\/news.save.ch\/de\/erstens-mega-deal-in-der-sicherheitsbranche\/\" \/>\n<meta property=\"og:locale\" content=\"de_DE\" \/>\n<meta property=\"og:type\" content=\"article\" \/>\n<meta property=\"og:title\" content=\"Erstens: Mega-Deal in der Sicherheitsbranche\" \/>\n<meta property=\"og:description\" content=\"Die Schweizer Kaba Holding AG mit Sitz in R\u00fcmlang und das deutsche Familien\u00adunternehmen Dorma Holding wollen fusionieren. Entstehen w\u00fcrde die Gruppe dorma+kaba. Eine entsprechende Transaktionsvereinbarung wurde gestern Abend unterzeichnet. Der Deal muss noch von den Aktion\u00e4ren abgesegnet werden.\" \/>\n<meta property=\"og:url\" content=\"https:\/\/news.save.ch\/de\/erstens-mega-deal-in-der-sicherheitsbranche\/\" \/>\n<meta property=\"og:site_name\" content=\"Save\" \/>\n<meta property=\"article:published_time\" content=\"2015-04-30T13:26:10+00:00\" \/>\n<meta property=\"og:image\" content=\"https:\/\/sicherheitsforum.ch\/wp-content\/uploads\/2016\/12\/Erstens-Mega-Deal-in-der-Sicherheitsbranche_sicherheitsforum.jpg\" \/>\n<meta name=\"author\" content=\"admin\" \/>\n<meta name=\"twitter:card\" content=\"summary_large_image\" \/>\n<meta name=\"twitter:label1\" content=\"Geschrieben von\" \/>\n\t<meta name=\"twitter:data1\" content=\"admin\" \/>\n\t<meta name=\"twitter:label2\" content=\"Gesch\u00e4tzte Lesezeit\" \/>\n\t<meta name=\"twitter:data2\" content=\"4\u00a0Minuten\" \/>\n<script type=\"application\/ld+json\" class=\"yoast-schema-graph\">{\"@context\":\"https:\\\/\\\/schema.org\",\"@graph\":[{\"@type\":\"Article\",\"@id\":\"https:\\\/\\\/news.save.ch\\\/erstens-mega-deal-in-der-sicherheitsbranche\\\/#article\",\"isPartOf\":{\"@id\":\"https:\\\/\\\/news.save.ch\\\/erstens-mega-deal-in-der-sicherheitsbranche\\\/\"},\"author\":{\"name\":\"admin\",\"@id\":\"https:\\\/\\\/news.save.ch\\\/de\\\/#\\\/schema\\\/person\\\/d49e199490bad7c70d64b9ab51142f2b\"},\"headline\":\"Erstens: Mega-Deal in der Sicherheitsbranche\",\"datePublished\":\"2015-04-30T13:26:10+00:00\",\"mainEntityOfPage\":{\"@id\":\"https:\\\/\\\/news.save.ch\\\/erstens-mega-deal-in-der-sicherheitsbranche\\\/\"},\"wordCount\":723,\"commentCount\":0,\"publisher\":{\"@id\":\"https:\\\/\\\/news.save.ch\\\/de\\\/#organization\"},\"image\":{\"@id\":\"https:\\\/\\\/news.save.ch\\\/erstens-mega-deal-in-der-sicherheitsbranche\\\/#primaryimage\"},\"thumbnailUrl\":\"https:\\\/\\\/news.save.ch\\\/wp-content\\\/uploads\\\/2016\\\/12\\\/Erstens-Mega-Deal-in-der-Sicherheitsbranche_sicherheitsforum-scaled.jpg\",\"keywords\":[\"Dorma\",\"Finanzierung\",\"Kaba\",\"Kooperation\"],\"articleSection\":[\"ALLGEMEIN\"],\"inLanguage\":\"de\"},{\"@type\":\"WebPage\",\"@id\":\"https:\\\/\\\/news.save.ch\\\/erstens-mega-deal-in-der-sicherheitsbranche\\\/\",\"url\":\"https:\\\/\\\/news.save.ch\\\/erstens-mega-deal-in-der-sicherheitsbranche\\\/\",\"name\":\"Erstens: Mega-Deal in der Sicherheitsbranche - Save\",\"isPartOf\":{\"@id\":\"https:\\\/\\\/news.save.ch\\\/de\\\/#website\"},\"primaryImageOfPage\":{\"@id\":\"https:\\\/\\\/news.save.ch\\\/erstens-mega-deal-in-der-sicherheitsbranche\\\/#primaryimage\"},\"image\":{\"@id\":\"https:\\\/\\\/news.save.ch\\\/erstens-mega-deal-in-der-sicherheitsbranche\\\/#primaryimage\"},\"thumbnailUrl\":\"https:\\\/\\\/news.save.ch\\\/wp-content\\\/uploads\\\/2016\\\/12\\\/Erstens-Mega-Deal-in-der-Sicherheitsbranche_sicherheitsforum-scaled.jpg\",\"datePublished\":\"2015-04-30T13:26:10+00:00\",\"description\":\"Die Kaba Holding AG mit Sitz in R\u00fcmlang und das deutsche Familien\u00adunternehmen Dorma Holding wollen fusionieren. Entstehen w\u00fcrde die Gruppe dorma+kaba.\",\"breadcrumb\":{\"@id\":\"https:\\\/\\\/news.save.ch\\\/erstens-mega-deal-in-der-sicherheitsbranche\\\/#breadcrumb\"},\"inLanguage\":\"de\",\"potentialAction\":[{\"@type\":\"ReadAction\",\"target\":[\"https:\\\/\\\/news.save.ch\\\/erstens-mega-deal-in-der-sicherheitsbranche\\\/\"]}]},{\"@type\":\"ImageObject\",\"inLanguage\":\"de\",\"@id\":\"https:\\\/\\\/news.save.ch\\\/erstens-mega-deal-in-der-sicherheitsbranche\\\/#primaryimage\",\"url\":\"https:\\\/\\\/news.save.ch\\\/wp-content\\\/uploads\\\/2016\\\/12\\\/Erstens-Mega-Deal-in-der-Sicherheitsbranche_sicherheitsforum-scaled.jpg\",\"contentUrl\":\"https:\\\/\\\/news.save.ch\\\/wp-content\\\/uploads\\\/2016\\\/12\\\/Erstens-Mega-Deal-in-der-Sicherheitsbranche_sicherheitsforum-scaled.jpg\",\"width\":1400,\"height\":932,\"caption\":\"VR-Pr\u00e4sident der neuen Holding wird Ulrich Graf, heutiger VR-Pr\u00e4sident von Kaba.\"},{\"@type\":\"BreadcrumbList\",\"@id\":\"https:\\\/\\\/news.save.ch\\\/erstens-mega-deal-in-der-sicherheitsbranche\\\/#breadcrumb\",\"itemListElement\":[{\"@type\":\"ListItem\",\"position\":1,\"name\":\"Home\",\"item\":\"https:\\\/\\\/news.save.ch\\\/de\\\/\"},{\"@type\":\"ListItem\",\"position\":2,\"name\":\"Erstens: Mega-Deal in der Sicherheitsbranche\"}]},{\"@type\":\"WebSite\",\"@id\":\"https:\\\/\\\/news.save.ch\\\/de\\\/#website\",\"url\":\"https:\\\/\\\/news.save.ch\\\/de\\\/\",\"name\":\"Save\",\"description\":\"Schweizer Fachzeitschrift f\u00fcr Sicherheit\",\"publisher\":{\"@id\":\"https:\\\/\\\/news.save.ch\\\/de\\\/#organization\"},\"potentialAction\":[{\"@type\":\"SearchAction\",\"target\":{\"@type\":\"EntryPoint\",\"urlTemplate\":\"https:\\\/\\\/news.save.ch\\\/de\\\/?s={search_term_string}\"},\"query-input\":{\"@type\":\"PropertyValueSpecification\",\"valueRequired\":true,\"valueName\":\"search_term_string\"}}],\"inLanguage\":\"de\"},{\"@type\":\"Organization\",\"@id\":\"https:\\\/\\\/news.save.ch\\\/de\\\/#organization\",\"name\":\"Sicherheitsforum\",\"url\":\"https:\\\/\\\/news.save.ch\\\/de\\\/\",\"logo\":{\"@type\":\"ImageObject\",\"inLanguage\":\"de\",\"@id\":\"https:\\\/\\\/news.save.ch\\\/de\\\/#\\\/schema\\\/logo\\\/image\\\/\",\"url\":\"https:\\\/\\\/news.save.ch\\\/wp-content\\\/uploads\\\/2022\\\/06\\\/Logo_SF_2012.png\",\"contentUrl\":\"https:\\\/\\\/news.save.ch\\\/wp-content\\\/uploads\\\/2022\\\/06\\\/Logo_SF_2012.png\",\"width\":1100,\"height\":91,\"caption\":\"Sicherheitsforum\"},\"image\":{\"@id\":\"https:\\\/\\\/news.save.ch\\\/de\\\/#\\\/schema\\\/logo\\\/image\\\/\"}},{\"@type\":\"Person\",\"@id\":\"https:\\\/\\\/news.save.ch\\\/de\\\/#\\\/schema\\\/person\\\/d49e199490bad7c70d64b9ab51142f2b\",\"name\":\"admin\",\"image\":{\"@type\":\"ImageObject\",\"inLanguage\":\"de\",\"@id\":\"https:\\\/\\\/secure.gravatar.com\\\/avatar\\\/ae2f4d718e6c49043e314ce431e7e645d646302a24a5ef5a8bc8e3f5a032e319?s=96&d=mm&r=g\",\"url\":\"https:\\\/\\\/secure.gravatar.com\\\/avatar\\\/ae2f4d718e6c49043e314ce431e7e645d646302a24a5ef5a8bc8e3f5a032e319?s=96&d=mm&r=g\",\"contentUrl\":\"https:\\\/\\\/secure.gravatar.com\\\/avatar\\\/ae2f4d718e6c49043e314ce431e7e645d646302a24a5ef5a8bc8e3f5a032e319?s=96&d=mm&r=g\",\"caption\":\"admin\"},\"sameAs\":[\"https:\\\/\\\/develop.organisator.galledia.ch\"],\"url\":\"https:\\\/\\\/news.save.ch\\\/de\\\/author\\\/admin\\\/\"}]}<\/script>\n<!-- \/ Yoast SEO plugin. -->","yoast_head_json":{"title":"Erstens: Mega-Deal in der Sicherheitsbranche - Save","description":"Die Kaba Holding AG mit Sitz in R\u00fcmlang und das deutsche Familien\u00adunternehmen Dorma Holding wollen fusionieren. Entstehen w\u00fcrde die Gruppe dorma+kaba.","robots":{"index":"index","follow":"follow","max-snippet":"max-snippet:-1","max-image-preview":"max-image-preview:large","max-video-preview":"max-video-preview:-1"},"canonical":"https:\/\/news.save.ch\/de\/erstens-mega-deal-in-der-sicherheitsbranche\/","og_locale":"de_DE","og_type":"article","og_title":"Erstens: Mega-Deal in der Sicherheitsbranche","og_description":"Die Schweizer Kaba Holding AG mit Sitz in R\u00fcmlang und das deutsche Familien\u00adunternehmen Dorma Holding wollen fusionieren. Entstehen w\u00fcrde die Gruppe dorma+kaba. Eine entsprechende Transaktionsvereinbarung wurde gestern Abend unterzeichnet. Der Deal muss noch von den Aktion\u00e4ren abgesegnet werden.","og_url":"https:\/\/news.save.ch\/de\/erstens-mega-deal-in-der-sicherheitsbranche\/","og_site_name":"Save","article_published_time":"2015-04-30T13:26:10+00:00","og_image":[{"url":"https:\/\/sicherheitsforum.ch\/wp-content\/uploads\/2016\/12\/Erstens-Mega-Deal-in-der-Sicherheitsbranche_sicherheitsforum.jpg","type":"","width":"","height":""}],"author":"admin","twitter_card":"summary_large_image","twitter_misc":{"Geschrieben von":"admin","Gesch\u00e4tzte Lesezeit":"4\u00a0Minuten"},"schema":{"@context":"https:\/\/schema.org","@graph":[{"@type":"Article","@id":"https:\/\/news.save.ch\/erstens-mega-deal-in-der-sicherheitsbranche\/#article","isPartOf":{"@id":"https:\/\/news.save.ch\/erstens-mega-deal-in-der-sicherheitsbranche\/"},"author":{"name":"admin","@id":"https:\/\/news.save.ch\/de\/#\/schema\/person\/d49e199490bad7c70d64b9ab51142f2b"},"headline":"Erstens: Mega-Deal in der Sicherheitsbranche","datePublished":"2015-04-30T13:26:10+00:00","mainEntityOfPage":{"@id":"https:\/\/news.save.ch\/erstens-mega-deal-in-der-sicherheitsbranche\/"},"wordCount":723,"commentCount":0,"publisher":{"@id":"https:\/\/news.save.ch\/de\/#organization"},"image":{"@id":"https:\/\/news.save.ch\/erstens-mega-deal-in-der-sicherheitsbranche\/#primaryimage"},"thumbnailUrl":"https:\/\/news.save.ch\/wp-content\/uploads\/2016\/12\/Erstens-Mega-Deal-in-der-Sicherheitsbranche_sicherheitsforum-scaled.jpg","keywords":["Dorma","Finanzierung","Kaba","Kooperation"],"articleSection":["ALLGEMEIN"],"inLanguage":"de"},{"@type":"WebPage","@id":"https:\/\/news.save.ch\/erstens-mega-deal-in-der-sicherheitsbranche\/","url":"https:\/\/news.save.ch\/erstens-mega-deal-in-der-sicherheitsbranche\/","name":"Erstens: Mega-Deal in der Sicherheitsbranche - Save","isPartOf":{"@id":"https:\/\/news.save.ch\/de\/#website"},"primaryImageOfPage":{"@id":"https:\/\/news.save.ch\/erstens-mega-deal-in-der-sicherheitsbranche\/#primaryimage"},"image":{"@id":"https:\/\/news.save.ch\/erstens-mega-deal-in-der-sicherheitsbranche\/#primaryimage"},"thumbnailUrl":"https:\/\/news.save.ch\/wp-content\/uploads\/2016\/12\/Erstens-Mega-Deal-in-der-Sicherheitsbranche_sicherheitsforum-scaled.jpg","datePublished":"2015-04-30T13:26:10+00:00","description":"Die Kaba Holding AG mit Sitz in R\u00fcmlang und das deutsche Familien\u00adunternehmen Dorma Holding wollen fusionieren. Entstehen w\u00fcrde die Gruppe dorma+kaba.","breadcrumb":{"@id":"https:\/\/news.save.ch\/erstens-mega-deal-in-der-sicherheitsbranche\/#breadcrumb"},"inLanguage":"de","potentialAction":[{"@type":"ReadAction","target":["https:\/\/news.save.ch\/erstens-mega-deal-in-der-sicherheitsbranche\/"]}]},{"@type":"ImageObject","inLanguage":"de","@id":"https:\/\/news.save.ch\/erstens-mega-deal-in-der-sicherheitsbranche\/#primaryimage","url":"https:\/\/news.save.ch\/wp-content\/uploads\/2016\/12\/Erstens-Mega-Deal-in-der-Sicherheitsbranche_sicherheitsforum-scaled.jpg","contentUrl":"https:\/\/news.save.ch\/wp-content\/uploads\/2016\/12\/Erstens-Mega-Deal-in-der-Sicherheitsbranche_sicherheitsforum-scaled.jpg","width":1400,"height":932,"caption":"VR-Pr\u00e4sident der neuen Holding wird Ulrich Graf, heutiger VR-Pr\u00e4sident von Kaba."},{"@type":"BreadcrumbList","@id":"https:\/\/news.save.ch\/erstens-mega-deal-in-der-sicherheitsbranche\/#breadcrumb","itemListElement":[{"@type":"ListItem","position":1,"name":"Home","item":"https:\/\/news.save.ch\/de\/"},{"@type":"ListItem","position":2,"name":"Erstens: Mega-Deal in der Sicherheitsbranche"}]},{"@type":"WebSite","@id":"https:\/\/news.save.ch\/de\/#website","url":"https:\/\/news.save.ch\/de\/","name":"Save","description":"Schweizer Fachzeitschrift f\u00fcr Sicherheit","publisher":{"@id":"https:\/\/news.save.ch\/de\/#organization"},"potentialAction":[{"@type":"SearchAction","target":{"@type":"EntryPoint","urlTemplate":"https:\/\/news.save.ch\/de\/?s={search_term_string}"},"query-input":{"@type":"PropertyValueSpecification","valueRequired":true,"valueName":"search_term_string"}}],"inLanguage":"de"},{"@type":"Organization","@id":"https:\/\/news.save.ch\/de\/#organization","name":"Sicherheitsforum","url":"https:\/\/news.save.ch\/de\/","logo":{"@type":"ImageObject","inLanguage":"de","@id":"https:\/\/news.save.ch\/de\/#\/schema\/logo\/image\/","url":"https:\/\/news.save.ch\/wp-content\/uploads\/2022\/06\/Logo_SF_2012.png","contentUrl":"https:\/\/news.save.ch\/wp-content\/uploads\/2022\/06\/Logo_SF_2012.png","width":1100,"height":91,"caption":"Sicherheitsforum"},"image":{"@id":"https:\/\/news.save.ch\/de\/#\/schema\/logo\/image\/"}},{"@type":"Person","@id":"https:\/\/news.save.ch\/de\/#\/schema\/person\/d49e199490bad7c70d64b9ab51142f2b","name":"admin","image":{"@type":"ImageObject","inLanguage":"de","@id":"https:\/\/secure.gravatar.com\/avatar\/ae2f4d718e6c49043e314ce431e7e645d646302a24a5ef5a8bc8e3f5a032e319?s=96&d=mm&r=g","url":"https:\/\/secure.gravatar.com\/avatar\/ae2f4d718e6c49043e314ce431e7e645d646302a24a5ef5a8bc8e3f5a032e319?s=96&d=mm&r=g","contentUrl":"https:\/\/secure.gravatar.com\/avatar\/ae2f4d718e6c49043e314ce431e7e645d646302a24a5ef5a8bc8e3f5a032e319?s=96&d=mm&r=g","caption":"admin"},"sameAs":["https:\/\/develop.organisator.galledia.ch"],"url":"https:\/\/news.save.ch\/de\/author\/admin\/"}]}},"_links":{"self":[{"href":"https:\/\/news.save.ch\/de\/wp-json\/wp\/v2\/posts\/158","targetHints":{"allow":["GET"]}}],"collection":[{"href":"https:\/\/news.save.ch\/de\/wp-json\/wp\/v2\/posts"}],"about":[{"href":"https:\/\/news.save.ch\/de\/wp-json\/wp\/v2\/types\/post"}],"author":[{"embeddable":true,"href":"https:\/\/news.save.ch\/de\/wp-json\/wp\/v2\/users\/1"}],"replies":[{"embeddable":true,"href":"https:\/\/news.save.ch\/de\/wp-json\/wp\/v2\/comments?post=158"}],"version-history":[{"count":0,"href":"https:\/\/news.save.ch\/de\/wp-json\/wp\/v2\/posts\/158\/revisions"}],"wp:featuredmedia":[{"embeddable":true,"href":"https:\/\/news.save.ch\/de\/wp-json\/wp\/v2\/media\/159"}],"wp:attachment":[{"href":"https:\/\/news.save.ch\/de\/wp-json\/wp\/v2\/media?parent=158"}],"wp:term":[{"taxonomy":"category","embeddable":true,"href":"https:\/\/news.save.ch\/de\/wp-json\/wp\/v2\/categories?post=158"},{"taxonomy":"post_tag","embeddable":true,"href":"https:\/\/news.save.ch\/de\/wp-json\/wp\/v2\/tags?post=158"}],"curies":[{"name":"wp","href":"https:\/\/api.w.org\/{rel}","templated":true}]}}