{"id":1599,"date":"2015-08-10T11:41:32","date_gmt":"2015-08-10T09:41:32","guid":{"rendered":"https:\/\/dev.sicherheitsforum.ch\/?p=1599"},"modified":"2015-08-10T11:41:32","modified_gmt":"2015-08-10T09:41:32","slug":"aufgepasst-schulanfang","status":null,"type":"post","link":"https:\/\/news.save.ch\/de\/aufgepasst-schulanfang\/","title":{"rendered":"Aufgepasst Schulanfang!"},"content":{"rendered":"<p><img loading=\"lazy\" decoding=\"async\" class=\"alignnone size-medium wp-image-1603\" src=\"https:\/\/sicherheitsforum.ch\/wp-content\/uploads\/2016\/12\/Aufgepasst-Schulanfang-sicherheitsforum.jpg\" alt=\"\" width=\"680\" height=\"510\" \/><\/p>\n<p>Der <a title=\"Sicherheit auf dem Schulweg\" href=\"https:\/\/www.schulwege.ch\" target=\"_blank\" data-cke-saved-href=\"https:\/\/www.schulwege.ch\" rel=\"noopener\">Schulweg<\/a> ist f\u00fcr Kinder eine wichtige Etappe auf dem Weg zur Selbst\u00e4ndigkeit. Sie lernen sich zu orientieren, Gefahren einzusch\u00e4tzen, Verkehrsregeln zu beachten und erwerben so die Verkehrskompetenz, die sie in der Freizeit ben\u00f6tigen. Auf dem Weg zu Fuss zur Schule eignen sich die Kinder auch viele soziale F\u00e4higkeiten an.<\/p>\n<p><strong>Die <a title=\"Verkehrsclub der Schweiz\" href=\"https:\/\/www.verkehrsclub.ch\" target=\"_blank\" data-cke-saved-href=\"https:\/\/www.verkehrsclub.ch\" rel=\"noopener\">VCS<\/a>-Tipps f\u00fcr Eltern:<\/strong><\/p>\n<ul>\n<li>W\u00e4hlen Sie nicht den k\u00fcrzesten, sondern den sichersten Weg.<\/li>\n<li>Legen Sie den Schulweg mit Ihrem Kind schon vor dem ersten Schultag mehrmals zur\u00fcck.<\/li>\n<li>Besprechen Sie mit Ihrem Kind m\u00f6gliche gef\u00e4hrliche Situationen, damit es diese erkennt.<\/li>\n<li>Wenn es die Verkehrssituation nicht zul\u00e4sst, dass Ihr Kind alleine zur Schule geht, begleiten Sie es zu Fuss. So wird es mit der Zeit lernen, den Weg selbst\u00e4ndig zur\u00fcck zu legen.<\/li>\n<li>Kleiden Sie Ihr Kind so, dass es gut sichtbar ist: helle Kleider und reflektierende Materialien.<\/li>\n<li>Schicken Sie Ihr Kind fr\u00fchzeitig auf den Weg, damit es nicht zur Schule hetzen muss.<\/li>\n<li>Wenn m\u00f6glich sollte Ihr Kind mit Kolleginnen oder Kollegen zur Schule gehen.<\/li>\n<li>Sch\u00e4rfen Sie Ihrem Kind ein, nie mit fremden Leuten mitzugehen.<\/li>\n<li>Besprechen Sie mit Ihrem Kind, wo es in der N\u00e4he Hilfe holen kann, z.B. im Dorfladen.<\/li>\n<li>Kickboards oder Inlineskates eignen sich besser f\u00fcr die Freizeit als f\u00fcr den Schulweg.<\/li>\n<\/ul>\n<p><strong>Die <a title=\"Automobil Club der Schweiz\" href=\"https:\/\/www.acs.ch\" target=\"_blank\" data-cke-saved-href=\"https:\/\/www.acs.ch\" rel=\"noopener\">ACS<\/a>-Tipps f\u00fcr Automobilisten:<\/strong><\/p>\n<ul>\n<li>Seien Sie in der N\u00e4he von Schulen und bei den Haltestellen von Schulbussen und \u00f6ffentlichen Verkehrsmitteln besonders aufmerksam.<\/li>\n<li>Reduzieren Sie das Tempo, wenn Sie Kinder am Strassenrand erblicken. Seien Sie bremsbereit.<\/li>\n<li>Halten Sie vor einem Fussg\u00e4ngerstreifen vollst\u00e4ndig an. Kinder lernen, dass sie die Strasse nicht betreten sollen, bevor die R\u00e4der eines Fahrzeugs v\u00f6llig stillstehen.<\/li>\n<li>Geben Sie Kindern keine Handzeichen, denn sie k\u00f6nnten sich dadurch veranlasst sehen, unvermittelt \u00fcber die Strasse zu rennen, ohne auf weitere Gefahren zu achten.<\/li>\n<li>Vorsicht ist auch bei Kindern geboten, die mit dem Fahrrad unterwegs sind. Halten Sie gen\u00fcgend seitlichen Abstand und seien Sie auf inkorrektes Verhalten gefasst.<\/li>\n<li>Seien Sie stets ein gutes Vorbild, erst recht, wenn Sie zu Fuss unterwegs sind. Denn Kinder imitieren Ihr Verhalten.<\/li>\n<\/ul>\n","protected":false},"excerpt":{"rendered":"<p>Der Schulweg ist f\u00fcr Kinder eine wichtige Etappe auf dem Weg zur Selbst\u00e4ndigkeit. Sie lernen sich zu orientieren, Gefahren einzusch\u00e4tzen, Verkehrsregeln zu beachten und erwerben so die Verkehrskompetenz, die sie in der Freizeit ben\u00f6tigen. Auf dem Weg zu Fuss zur Schule eignen sich die Kinder auch viele soziale F\u00e4higkeiten an. Die VCS-Tipps f\u00fcr Eltern: W\u00e4hlen [&hellip;]<\/p>\n","protected":false},"author":1,"featured_media":1603,"comment_status":"open","ping_status":"open","sticky":false,"template":"","format":"standard","meta":{"_acf_changed":false,"pgc_sgb_lightbox_settings":"","footnotes":""},"categories":[1],"tags":[141],"class_list":["post-1599","post","type-post","status-publish","format-standard","has-post-thumbnail","hentry","category-allgemein","tag-praevention"],"acf":[],"hkrextid":null,"publication":null,"issue":null,"workflow":null,"startPage":null,"spitzmarke":null,"_posts_by_tag_page_fields":{"widget_title":"","widget_tags":""},"_at_widget":"1","_yoast_wpseo_primary_category":"1","_yoast_wpseo_focuskw_text_input":"Schulanfang","_yoast_wpseo_opengraph-image":"https:\/\/sicherheitsforum.ch\/wp-content\/uploads\/2016\/12\/Aufgepasst-Schulanfang-sicherheitsforum.jpg","_yoast_wpseo_opengraph-description":"In der Schweiz gibt es j\u00e4hrlich rund 2000 Strassenverkehrsunf\u00e4lle mit Kindern unter 16 Jahren. H\u00e4ufige Unfallursachen bei den unter 14-J\u00e4hrigen sind laut bfu mangelnde Aufmerksamkeit, leichte Ablenkbarkeit und fehlende Konzentrationsf\u00e4higkeit. Besonders gef\u00e4hrdet sind Erstkl\u00e4ssler, f\u00fcr die der erste Schultag nach dem Kindergarten meist mit der Angew\u00f6hnung an einen neuen Schulweg einhergeht. Die beiden Verkehrsclubs geben Tipps f\u00fcr Eltern und Automobilisten.","_yoast_wpseo_opengraph-title":"Aufgepasst Schulanfang!","enclosure":null,"_yoast_wpseo_twitter-title":null,"_yoast_wpseo_twitter-description":null,"_yoast_wpseo_twitter-image":null,"_wp_old_slug":null,"_yoast_wpseo_title":null,"_yoast_wpseo_canonical":null,"yoast_head":"<!-- This site is optimized with the Yoast SEO plugin v27.5 - https:\/\/yoast.com\/product\/yoast-seo-wordpress\/ -->\n<title>Aufgepasst Schulanfang! - Save<\/title>\n<meta name=\"description\" content=\"In der Schweiz gibt es j\u00e4hrlich rund 2000 Strassenverkehrsunf\u00e4lle mit Kindern. H\u00e4ufige Unfallursachen: mangelnde Aufmerksamkeit, fehlende Konzentration.\" \/>\n<meta name=\"robots\" content=\"index, follow, max-snippet:-1, max-image-preview:large, max-video-preview:-1\" \/>\n<link rel=\"canonical\" href=\"https:\/\/news.save.ch\/de\/aufgepasst-schulanfang\/\" \/>\n<meta property=\"og:locale\" content=\"de_DE\" \/>\n<meta property=\"og:type\" content=\"article\" \/>\n<meta property=\"og:title\" content=\"Aufgepasst Schulanfang!\" \/>\n<meta property=\"og:description\" content=\"In der Schweiz gibt es j\u00e4hrlich rund 2000 Strassenverkehrsunf\u00e4lle mit Kindern unter 16 Jahren. H\u00e4ufige Unfallursachen bei den unter 14-J\u00e4hrigen sind laut bfu mangelnde Aufmerksamkeit, leichte Ablenkbarkeit und fehlende Konzentrationsf\u00e4higkeit. Besonders gef\u00e4hrdet sind Erstkl\u00e4ssler, f\u00fcr die der erste Schultag nach dem Kindergarten meist mit der Angew\u00f6hnung an einen neuen Schulweg einhergeht. Die beiden Verkehrsclubs geben Tipps f\u00fcr Eltern und Automobilisten.\" \/>\n<meta property=\"og:url\" content=\"https:\/\/news.save.ch\/de\/aufgepasst-schulanfang\/\" \/>\n<meta property=\"og:site_name\" content=\"Save\" \/>\n<meta property=\"article:published_time\" content=\"2015-08-10T09:41:32+00:00\" \/>\n<meta property=\"og:image\" content=\"https:\/\/sicherheitsforum.ch\/wp-content\/uploads\/2016\/12\/Aufgepasst-Schulanfang-sicherheitsforum.jpg\" \/>\n<meta name=\"author\" content=\"admin\" \/>\n<meta name=\"twitter:card\" content=\"summary_large_image\" \/>\n<meta name=\"twitter:label1\" content=\"Geschrieben von\" \/>\n\t<meta name=\"twitter:data1\" content=\"admin\" \/>\n\t<meta name=\"twitter:label2\" content=\"Gesch\u00e4tzte Lesezeit\" \/>\n\t<meta name=\"twitter:data2\" content=\"2\u00a0Minuten\" \/>\n<script type=\"application\/ld+json\" class=\"yoast-schema-graph\">{\"@context\":\"https:\\\/\\\/schema.org\",\"@graph\":[{\"@type\":\"Article\",\"@id\":\"https:\\\/\\\/news.save.ch\\\/aufgepasst-schulanfang\\\/#article\",\"isPartOf\":{\"@id\":\"https:\\\/\\\/news.save.ch\\\/aufgepasst-schulanfang\\\/\"},\"author\":{\"name\":\"admin\",\"@id\":\"https:\\\/\\\/news.save.ch\\\/de\\\/#\\\/schema\\\/person\\\/d49e199490bad7c70d64b9ab51142f2b\"},\"headline\":\"Aufgepasst Schulanfang!\",\"datePublished\":\"2015-08-10T09:41:32+00:00\",\"mainEntityOfPage\":{\"@id\":\"https:\\\/\\\/news.save.ch\\\/aufgepasst-schulanfang\\\/\"},\"wordCount\":357,\"commentCount\":0,\"publisher\":{\"@id\":\"https:\\\/\\\/news.save.ch\\\/de\\\/#organization\"},\"image\":{\"@id\":\"https:\\\/\\\/news.save.ch\\\/aufgepasst-schulanfang\\\/#primaryimage\"},\"thumbnailUrl\":\"https:\\\/\\\/news.save.ch\\\/wp-content\\\/uploads\\\/2016\\\/12\\\/Aufgepasst-Schulanfang-sicherheitsforum-scaled.jpg\",\"keywords\":[\"Pr\u00e4vention\"],\"articleSection\":[\"ALLGEMEIN\"],\"inLanguage\":\"de\"},{\"@type\":\"WebPage\",\"@id\":\"https:\\\/\\\/news.save.ch\\\/aufgepasst-schulanfang\\\/\",\"url\":\"https:\\\/\\\/news.save.ch\\\/aufgepasst-schulanfang\\\/\",\"name\":\"Aufgepasst Schulanfang! - Save\",\"isPartOf\":{\"@id\":\"https:\\\/\\\/news.save.ch\\\/de\\\/#website\"},\"primaryImageOfPage\":{\"@id\":\"https:\\\/\\\/news.save.ch\\\/aufgepasst-schulanfang\\\/#primaryimage\"},\"image\":{\"@id\":\"https:\\\/\\\/news.save.ch\\\/aufgepasst-schulanfang\\\/#primaryimage\"},\"thumbnailUrl\":\"https:\\\/\\\/news.save.ch\\\/wp-content\\\/uploads\\\/2016\\\/12\\\/Aufgepasst-Schulanfang-sicherheitsforum-scaled.jpg\",\"datePublished\":\"2015-08-10T09:41:32+00:00\",\"description\":\"In der Schweiz gibt es j\u00e4hrlich rund 2000 Strassenverkehrsunf\u00e4lle mit Kindern. H\u00e4ufige Unfallursachen: mangelnde Aufmerksamkeit, fehlende Konzentration.\",\"breadcrumb\":{\"@id\":\"https:\\\/\\\/news.save.ch\\\/aufgepasst-schulanfang\\\/#breadcrumb\"},\"inLanguage\":\"de\",\"potentialAction\":[{\"@type\":\"ReadAction\",\"target\":[\"https:\\\/\\\/news.save.ch\\\/aufgepasst-schulanfang\\\/\"]}]},{\"@type\":\"ImageObject\",\"inLanguage\":\"de\",\"@id\":\"https:\\\/\\\/news.save.ch\\\/aufgepasst-schulanfang\\\/#primaryimage\",\"url\":\"https:\\\/\\\/news.save.ch\\\/wp-content\\\/uploads\\\/2016\\\/12\\\/Aufgepasst-Schulanfang-sicherheitsforum-scaled.jpg\",\"contentUrl\":\"https:\\\/\\\/news.save.ch\\\/wp-content\\\/uploads\\\/2016\\\/12\\\/Aufgepasst-Schulanfang-sicherheitsforum-scaled.jpg\",\"width\":1400,\"height\":1050},{\"@type\":\"BreadcrumbList\",\"@id\":\"https:\\\/\\\/news.save.ch\\\/aufgepasst-schulanfang\\\/#breadcrumb\",\"itemListElement\":[{\"@type\":\"ListItem\",\"position\":1,\"name\":\"Home\",\"item\":\"https:\\\/\\\/news.save.ch\\\/de\\\/\"},{\"@type\":\"ListItem\",\"position\":2,\"name\":\"Aufgepasst Schulanfang!\"}]},{\"@type\":\"WebSite\",\"@id\":\"https:\\\/\\\/news.save.ch\\\/de\\\/#website\",\"url\":\"https:\\\/\\\/news.save.ch\\\/de\\\/\",\"name\":\"Save\",\"description\":\"Schweizer Fachzeitschrift f\u00fcr Sicherheit\",\"publisher\":{\"@id\":\"https:\\\/\\\/news.save.ch\\\/de\\\/#organization\"},\"potentialAction\":[{\"@type\":\"SearchAction\",\"target\":{\"@type\":\"EntryPoint\",\"urlTemplate\":\"https:\\\/\\\/news.save.ch\\\/de\\\/?s={search_term_string}\"},\"query-input\":{\"@type\":\"PropertyValueSpecification\",\"valueRequired\":true,\"valueName\":\"search_term_string\"}}],\"inLanguage\":\"de\"},{\"@type\":\"Organization\",\"@id\":\"https:\\\/\\\/news.save.ch\\\/de\\\/#organization\",\"name\":\"Sicherheitsforum\",\"url\":\"https:\\\/\\\/news.save.ch\\\/de\\\/\",\"logo\":{\"@type\":\"ImageObject\",\"inLanguage\":\"de\",\"@id\":\"https:\\\/\\\/news.save.ch\\\/de\\\/#\\\/schema\\\/logo\\\/image\\\/\",\"url\":\"https:\\\/\\\/news.save.ch\\\/wp-content\\\/uploads\\\/2022\\\/06\\\/Logo_SF_2012.png\",\"contentUrl\":\"https:\\\/\\\/news.save.ch\\\/wp-content\\\/uploads\\\/2022\\\/06\\\/Logo_SF_2012.png\",\"width\":1100,\"height\":91,\"caption\":\"Sicherheitsforum\"},\"image\":{\"@id\":\"https:\\\/\\\/news.save.ch\\\/de\\\/#\\\/schema\\\/logo\\\/image\\\/\"}},{\"@type\":\"Person\",\"@id\":\"https:\\\/\\\/news.save.ch\\\/de\\\/#\\\/schema\\\/person\\\/d49e199490bad7c70d64b9ab51142f2b\",\"name\":\"admin\",\"image\":{\"@type\":\"ImageObject\",\"inLanguage\":\"de\",\"@id\":\"https:\\\/\\\/secure.gravatar.com\\\/avatar\\\/ae2f4d718e6c49043e314ce431e7e645d646302a24a5ef5a8bc8e3f5a032e319?s=96&d=mm&r=g\",\"url\":\"https:\\\/\\\/secure.gravatar.com\\\/avatar\\\/ae2f4d718e6c49043e314ce431e7e645d646302a24a5ef5a8bc8e3f5a032e319?s=96&d=mm&r=g\",\"contentUrl\":\"https:\\\/\\\/secure.gravatar.com\\\/avatar\\\/ae2f4d718e6c49043e314ce431e7e645d646302a24a5ef5a8bc8e3f5a032e319?s=96&d=mm&r=g\",\"caption\":\"admin\"},\"sameAs\":[\"https:\\\/\\\/develop.organisator.galledia.ch\"],\"url\":\"https:\\\/\\\/news.save.ch\\\/de\\\/author\\\/admin\\\/\"}]}<\/script>\n<!-- \/ Yoast SEO plugin. -->","yoast_head_json":{"title":"Aufgepasst Schulanfang! - Save","description":"In der Schweiz gibt es j\u00e4hrlich rund 2000 Strassenverkehrsunf\u00e4lle mit Kindern. H\u00e4ufige Unfallursachen: mangelnde Aufmerksamkeit, fehlende Konzentration.","robots":{"index":"index","follow":"follow","max-snippet":"max-snippet:-1","max-image-preview":"max-image-preview:large","max-video-preview":"max-video-preview:-1"},"canonical":"https:\/\/news.save.ch\/de\/aufgepasst-schulanfang\/","og_locale":"de_DE","og_type":"article","og_title":"Aufgepasst Schulanfang!","og_description":"In der Schweiz gibt es j\u00e4hrlich rund 2000 Strassenverkehrsunf\u00e4lle mit Kindern unter 16 Jahren. H\u00e4ufige Unfallursachen bei den unter 14-J\u00e4hrigen sind laut bfu mangelnde Aufmerksamkeit, leichte Ablenkbarkeit und fehlende Konzentrationsf\u00e4higkeit. Besonders gef\u00e4hrdet sind Erstkl\u00e4ssler, f\u00fcr die der erste Schultag nach dem Kindergarten meist mit der Angew\u00f6hnung an einen neuen Schulweg einhergeht. Die beiden Verkehrsclubs geben Tipps f\u00fcr Eltern und Automobilisten.","og_url":"https:\/\/news.save.ch\/de\/aufgepasst-schulanfang\/","og_site_name":"Save","article_published_time":"2015-08-10T09:41:32+00:00","og_image":[{"url":"https:\/\/sicherheitsforum.ch\/wp-content\/uploads\/2016\/12\/Aufgepasst-Schulanfang-sicherheitsforum.jpg","type":"","width":"","height":""}],"author":"admin","twitter_card":"summary_large_image","twitter_misc":{"Geschrieben von":"admin","Gesch\u00e4tzte Lesezeit":"2\u00a0Minuten"},"schema":{"@context":"https:\/\/schema.org","@graph":[{"@type":"Article","@id":"https:\/\/news.save.ch\/aufgepasst-schulanfang\/#article","isPartOf":{"@id":"https:\/\/news.save.ch\/aufgepasst-schulanfang\/"},"author":{"name":"admin","@id":"https:\/\/news.save.ch\/de\/#\/schema\/person\/d49e199490bad7c70d64b9ab51142f2b"},"headline":"Aufgepasst Schulanfang!","datePublished":"2015-08-10T09:41:32+00:00","mainEntityOfPage":{"@id":"https:\/\/news.save.ch\/aufgepasst-schulanfang\/"},"wordCount":357,"commentCount":0,"publisher":{"@id":"https:\/\/news.save.ch\/de\/#organization"},"image":{"@id":"https:\/\/news.save.ch\/aufgepasst-schulanfang\/#primaryimage"},"thumbnailUrl":"https:\/\/news.save.ch\/wp-content\/uploads\/2016\/12\/Aufgepasst-Schulanfang-sicherheitsforum-scaled.jpg","keywords":["Pr\u00e4vention"],"articleSection":["ALLGEMEIN"],"inLanguage":"de"},{"@type":"WebPage","@id":"https:\/\/news.save.ch\/aufgepasst-schulanfang\/","url":"https:\/\/news.save.ch\/aufgepasst-schulanfang\/","name":"Aufgepasst Schulanfang! - Save","isPartOf":{"@id":"https:\/\/news.save.ch\/de\/#website"},"primaryImageOfPage":{"@id":"https:\/\/news.save.ch\/aufgepasst-schulanfang\/#primaryimage"},"image":{"@id":"https:\/\/news.save.ch\/aufgepasst-schulanfang\/#primaryimage"},"thumbnailUrl":"https:\/\/news.save.ch\/wp-content\/uploads\/2016\/12\/Aufgepasst-Schulanfang-sicherheitsforum-scaled.jpg","datePublished":"2015-08-10T09:41:32+00:00","description":"In der Schweiz gibt es j\u00e4hrlich rund 2000 Strassenverkehrsunf\u00e4lle mit Kindern. H\u00e4ufige Unfallursachen: mangelnde Aufmerksamkeit, fehlende Konzentration.","breadcrumb":{"@id":"https:\/\/news.save.ch\/aufgepasst-schulanfang\/#breadcrumb"},"inLanguage":"de","potentialAction":[{"@type":"ReadAction","target":["https:\/\/news.save.ch\/aufgepasst-schulanfang\/"]}]},{"@type":"ImageObject","inLanguage":"de","@id":"https:\/\/news.save.ch\/aufgepasst-schulanfang\/#primaryimage","url":"https:\/\/news.save.ch\/wp-content\/uploads\/2016\/12\/Aufgepasst-Schulanfang-sicherheitsforum-scaled.jpg","contentUrl":"https:\/\/news.save.ch\/wp-content\/uploads\/2016\/12\/Aufgepasst-Schulanfang-sicherheitsforum-scaled.jpg","width":1400,"height":1050},{"@type":"BreadcrumbList","@id":"https:\/\/news.save.ch\/aufgepasst-schulanfang\/#breadcrumb","itemListElement":[{"@type":"ListItem","position":1,"name":"Home","item":"https:\/\/news.save.ch\/de\/"},{"@type":"ListItem","position":2,"name":"Aufgepasst Schulanfang!"}]},{"@type":"WebSite","@id":"https:\/\/news.save.ch\/de\/#website","url":"https:\/\/news.save.ch\/de\/","name":"Save","description":"Schweizer Fachzeitschrift f\u00fcr Sicherheit","publisher":{"@id":"https:\/\/news.save.ch\/de\/#organization"},"potentialAction":[{"@type":"SearchAction","target":{"@type":"EntryPoint","urlTemplate":"https:\/\/news.save.ch\/de\/?s={search_term_string}"},"query-input":{"@type":"PropertyValueSpecification","valueRequired":true,"valueName":"search_term_string"}}],"inLanguage":"de"},{"@type":"Organization","@id":"https:\/\/news.save.ch\/de\/#organization","name":"Sicherheitsforum","url":"https:\/\/news.save.ch\/de\/","logo":{"@type":"ImageObject","inLanguage":"de","@id":"https:\/\/news.save.ch\/de\/#\/schema\/logo\/image\/","url":"https:\/\/news.save.ch\/wp-content\/uploads\/2022\/06\/Logo_SF_2012.png","contentUrl":"https:\/\/news.save.ch\/wp-content\/uploads\/2022\/06\/Logo_SF_2012.png","width":1100,"height":91,"caption":"Sicherheitsforum"},"image":{"@id":"https:\/\/news.save.ch\/de\/#\/schema\/logo\/image\/"}},{"@type":"Person","@id":"https:\/\/news.save.ch\/de\/#\/schema\/person\/d49e199490bad7c70d64b9ab51142f2b","name":"admin","image":{"@type":"ImageObject","inLanguage":"de","@id":"https:\/\/secure.gravatar.com\/avatar\/ae2f4d718e6c49043e314ce431e7e645d646302a24a5ef5a8bc8e3f5a032e319?s=96&d=mm&r=g","url":"https:\/\/secure.gravatar.com\/avatar\/ae2f4d718e6c49043e314ce431e7e645d646302a24a5ef5a8bc8e3f5a032e319?s=96&d=mm&r=g","contentUrl":"https:\/\/secure.gravatar.com\/avatar\/ae2f4d718e6c49043e314ce431e7e645d646302a24a5ef5a8bc8e3f5a032e319?s=96&d=mm&r=g","caption":"admin"},"sameAs":["https:\/\/develop.organisator.galledia.ch"],"url":"https:\/\/news.save.ch\/de\/author\/admin\/"}]}},"_links":{"self":[{"href":"https:\/\/news.save.ch\/de\/wp-json\/wp\/v2\/posts\/1599","targetHints":{"allow":["GET"]}}],"collection":[{"href":"https:\/\/news.save.ch\/de\/wp-json\/wp\/v2\/posts"}],"about":[{"href":"https:\/\/news.save.ch\/de\/wp-json\/wp\/v2\/types\/post"}],"author":[{"embeddable":true,"href":"https:\/\/news.save.ch\/de\/wp-json\/wp\/v2\/users\/1"}],"replies":[{"embeddable":true,"href":"https:\/\/news.save.ch\/de\/wp-json\/wp\/v2\/comments?post=1599"}],"version-history":[{"count":0,"href":"https:\/\/news.save.ch\/de\/wp-json\/wp\/v2\/posts\/1599\/revisions"}],"wp:featuredmedia":[{"embeddable":true,"href":"https:\/\/news.save.ch\/de\/wp-json\/wp\/v2\/media\/1603"}],"wp:attachment":[{"href":"https:\/\/news.save.ch\/de\/wp-json\/wp\/v2\/media?parent=1599"}],"wp:term":[{"taxonomy":"category","embeddable":true,"href":"https:\/\/news.save.ch\/de\/wp-json\/wp\/v2\/categories?post=1599"},{"taxonomy":"post_tag","embeddable":true,"href":"https:\/\/news.save.ch\/de\/wp-json\/wp\/v2\/tags?post=1599"}],"curies":[{"name":"wp","href":"https:\/\/api.w.org\/{rel}","templated":true}]}}