{"id":1623,"date":"2015-08-24T11:50:30","date_gmt":"2015-08-24T09:50:30","guid":{"rendered":"https:\/\/dev.sicherheitsforum.ch\/?p=1623"},"modified":"2015-08-24T11:50:30","modified_gmt":"2015-08-24T09:50:30","slug":"neue-kampagne-gegen-taschendiebstahl","status":null,"type":"post","link":"https:\/\/news.save.ch\/de\/neue-kampagne-gegen-taschendiebstahl\/","title":{"rendered":"Neue Kampagne gegen Taschendiebstahl"},"content":{"rendered":"<figure id=\"attachment_1625\" aria-describedby=\"caption-attachment-1625\" style=\"width: 680px\" class=\"wp-caption alignnone\"><img loading=\"lazy\" decoding=\"async\" class=\"size-medium wp-image-1625\" src=\"https:\/\/sicherheitsforum.ch\/wp-content\/uploads\/2016\/12\/Neue-Kampagne-gegen-Taschendiebstahl-sicherheitsforum.jpg\" alt=\"\" width=\"680\" height=\"453\" srcset=\"https:\/\/news.save.ch\/wp-content\/uploads\/2016\/12\/Neue-Kampagne-gegen-Taschendiebstahl-sicherheitsforum.jpg 1299w, https:\/\/news.save.ch\/wp-content\/uploads\/2016\/12\/Neue-Kampagne-gegen-Taschendiebstahl-sicherheitsforum-375x250.jpg 375w\" sizes=\"auto, (max-width: 680px) 100vw, 680px\" \/><figcaption id=\"caption-attachment-1625\" class=\"wp-caption-text\">Die Pr\u00e4ventionskampagne \u201esei achtsam\u201c soll vor allem sensibilisieren die Eigenverantwortung f\u00f6rdern.<\/figcaption><\/figure>\n<p>Eine offene Handtasche, ein kurzer Moment der Unachtsamkeit und schon fehlt der Geldbeutel oder das Handy. Allein in der Stadt Z\u00fcrich werden t\u00e4glich 15 ahnungslose Passantinnen und Passanten bestohlen. Dank verschiedenen Pr\u00e4ventions- und Fahndungsmassnahmen der Polizei konnte die Anzahl Delikte im letzten Jahr bereits leicht gesenkt werden, wie die Stadtpolizei (Stapo) Z\u00fcrich schreibt. Mit der Kampagne \u201e<a href=\"https:\/\/www.sei-achtsam.ch\" target=\"_blank\" data-cke-saved-href=\"https:\/\/www.sei-achtsam.ch\" rel=\"noopener\">sei achtsam<\/a>\u201c will sie diese Diebst\u00e4hle weiter reduzieren. Die Bev\u00f6lkerung soll darauf sensibilisiert werden, dass eine kurze Ber\u00fchrung im Gedr\u00e4nge oder die ungebetene Hilfsbereitschaft eines Unbekannten gen\u00fcgen, um Opfer eines Diebstahls zu werden.<\/p>\n<p>Die Stapo will mit der Kampagne vor allem die Eigenverantwortung f\u00f6rdern. Sie ruft zu gesundem Misstrauen gegen\u00fcber aufdringlichen Personen auf und r\u00e4t, m\u00f6glichst wenig Bargeld und Wertsachen mitzuf\u00fchren und diese wenn m\u00f6glich verdeckt zu tragen. Gr\u00f6sste Aufmerksamkeit sei im Gedr\u00e4nge, an Haltestellen und in Fahrzeugen des \u00f6ffentlichen Verkehrs sowie in Warenh\u00e4usern und Restaurants n\u00f6tig. An diesen Orten seien Taschen- und Trickdiebe besonders aktiv \u2013 und leider auch oft erfolgreich.<\/p>\n<p>Als Kommunikationsmittel werden Plakate, Flyer, Aufkleber und Inserate sowie die zentrale Kampagnenwebseite \u201esei-achtsam.ch\u201c eingesetzt. Ein attraktiver Wettbewerb soll die Bev\u00f6lkerung animieren, die Website zu besuchen. Die Kampagne dauert bis Ende Dezember 2017.<\/p>\n","protected":false},"excerpt":{"rendered":"<p>Eine offene Handtasche, ein kurzer Moment der Unachtsamkeit und schon fehlt der Geldbeutel oder das Handy. Allein in der Stadt Z\u00fcrich werden t\u00e4glich 15 ahnungslose Passantinnen und Passanten bestohlen. Dank verschiedenen Pr\u00e4ventions- und Fahndungsmassnahmen der Polizei konnte die Anzahl Delikte im letzten Jahr bereits leicht gesenkt werden, wie die Stadtpolizei (Stapo) Z\u00fcrich schreibt. Mit der [&hellip;]<\/p>\n","protected":false},"author":1,"featured_media":1625,"comment_status":"open","ping_status":"open","sticky":false,"template":"","format":"standard","meta":{"_acf_changed":false,"pgc_sgb_lightbox_settings":"","footnotes":""},"categories":[1],"tags":[69,113,141],"class_list":["post-1623","post","type-post","status-publish","format-standard","has-post-thumbnail","hentry","category-allgemein","tag-justiz-polizei","tag-kriminalitaet","tag-praevention"],"acf":[],"hkrextid":null,"publication":null,"issue":null,"workflow":null,"startPage":null,"spitzmarke":null,"_posts_by_tag_page_fields":{"widget_title":"","widget_tags":""},"_at_widget":"1","_yoast_wpseo_primary_category":"1","_yoast_wpseo_focuskw_text_input":"Taschendiebstahl","_yoast_wpseo_opengraph-image":"https:\/\/sicherheitsforum.ch\/wp-content\/uploads\/2016\/12\/Neue-Kampagne-gegen-Taschendiebstahl-sicherheitsforum.jpg","_yoast_wpseo_opengraph-description":"Mehrmals t\u00e4glich kommt es in der Stadt Z\u00fcrich zu einem Taschen- oder Trickdiebstahl. Die Stadtpolizei Z\u00fcrich greift das Thema nun mit einer mehrj\u00e4hrigen und spezifisch ausgerichteten Kampagne auf.","_yoast_wpseo_opengraph-title":"Neue Kampagne gegen Taschendiebstahl","enclosure":null,"_yoast_wpseo_twitter-title":null,"_yoast_wpseo_twitter-description":null,"_yoast_wpseo_twitter-image":null,"_wp_old_slug":null,"_yoast_wpseo_title":null,"_yoast_wpseo_canonical":null,"yoast_head":"<!-- This site is optimized with the Yoast SEO plugin v27.5 - https:\/\/yoast.com\/product\/yoast-seo-wordpress\/ -->\n<title>Neue Kampagne gegen Taschendiebstahl - Save<\/title>\n<meta name=\"description\" content=\"Die Stadtpolizei Z\u00fcrich greift das Thema Taschen- oder Trickdiebstahl mit einer mehrj\u00e4hrigen und spezifisch ausgerichteten Kampagne auf.\" \/>\n<meta name=\"robots\" content=\"index, follow, max-snippet:-1, max-image-preview:large, max-video-preview:-1\" \/>\n<link rel=\"canonical\" href=\"https:\/\/news.save.ch\/de\/neue-kampagne-gegen-taschendiebstahl\/\" \/>\n<meta property=\"og:locale\" content=\"de_DE\" \/>\n<meta property=\"og:type\" content=\"article\" \/>\n<meta property=\"og:title\" content=\"Neue Kampagne gegen Taschendiebstahl\" \/>\n<meta property=\"og:description\" content=\"Mehrmals t\u00e4glich kommt es in der Stadt Z\u00fcrich zu einem Taschen- oder Trickdiebstahl. Die Stadtpolizei Z\u00fcrich greift das Thema nun mit einer mehrj\u00e4hrigen und spezifisch ausgerichteten Kampagne auf.\" \/>\n<meta property=\"og:url\" content=\"https:\/\/news.save.ch\/de\/neue-kampagne-gegen-taschendiebstahl\/\" \/>\n<meta property=\"og:site_name\" content=\"Save\" \/>\n<meta property=\"article:published_time\" content=\"2015-08-24T09:50:30+00:00\" \/>\n<meta property=\"og:image\" content=\"https:\/\/sicherheitsforum.ch\/wp-content\/uploads\/2016\/12\/Neue-Kampagne-gegen-Taschendiebstahl-sicherheitsforum.jpg\" \/>\n<meta name=\"author\" content=\"admin\" \/>\n<meta name=\"twitter:card\" content=\"summary_large_image\" \/>\n<meta name=\"twitter:label1\" content=\"Geschrieben von\" \/>\n\t<meta name=\"twitter:data1\" content=\"admin\" \/>\n\t<meta name=\"twitter:label2\" content=\"Gesch\u00e4tzte Lesezeit\" \/>\n\t<meta name=\"twitter:data2\" content=\"1\u00a0Minute\" \/>\n<script type=\"application\/ld+json\" class=\"yoast-schema-graph\">{\"@context\":\"https:\\\/\\\/schema.org\",\"@graph\":[{\"@type\":\"Article\",\"@id\":\"https:\\\/\\\/news.save.ch\\\/neue-kampagne-gegen-taschendiebstahl\\\/#article\",\"isPartOf\":{\"@id\":\"https:\\\/\\\/news.save.ch\\\/neue-kampagne-gegen-taschendiebstahl\\\/\"},\"author\":{\"name\":\"admin\",\"@id\":\"https:\\\/\\\/news.save.ch\\\/de\\\/#\\\/schema\\\/person\\\/d49e199490bad7c70d64b9ab51142f2b\"},\"headline\":\"Neue Kampagne gegen Taschendiebstahl\",\"datePublished\":\"2015-08-24T09:50:30+00:00\",\"mainEntityOfPage\":{\"@id\":\"https:\\\/\\\/news.save.ch\\\/neue-kampagne-gegen-taschendiebstahl\\\/\"},\"wordCount\":232,\"commentCount\":0,\"publisher\":{\"@id\":\"https:\\\/\\\/news.save.ch\\\/de\\\/#organization\"},\"image\":{\"@id\":\"https:\\\/\\\/news.save.ch\\\/neue-kampagne-gegen-taschendiebstahl\\\/#primaryimage\"},\"thumbnailUrl\":\"https:\\\/\\\/news.save.ch\\\/wp-content\\\/uploads\\\/2016\\\/12\\\/Neue-Kampagne-gegen-Taschendiebstahl-sicherheitsforum.jpg\",\"keywords\":[\"Justiz &amp; Polizei\",\"Kriminalit\u00e4t\",\"Pr\u00e4vention\"],\"articleSection\":[\"ALLGEMEIN\"],\"inLanguage\":\"de\"},{\"@type\":\"WebPage\",\"@id\":\"https:\\\/\\\/news.save.ch\\\/neue-kampagne-gegen-taschendiebstahl\\\/\",\"url\":\"https:\\\/\\\/news.save.ch\\\/neue-kampagne-gegen-taschendiebstahl\\\/\",\"name\":\"Neue Kampagne gegen Taschendiebstahl - Save\",\"isPartOf\":{\"@id\":\"https:\\\/\\\/news.save.ch\\\/de\\\/#website\"},\"primaryImageOfPage\":{\"@id\":\"https:\\\/\\\/news.save.ch\\\/neue-kampagne-gegen-taschendiebstahl\\\/#primaryimage\"},\"image\":{\"@id\":\"https:\\\/\\\/news.save.ch\\\/neue-kampagne-gegen-taschendiebstahl\\\/#primaryimage\"},\"thumbnailUrl\":\"https:\\\/\\\/news.save.ch\\\/wp-content\\\/uploads\\\/2016\\\/12\\\/Neue-Kampagne-gegen-Taschendiebstahl-sicherheitsforum.jpg\",\"datePublished\":\"2015-08-24T09:50:30+00:00\",\"description\":\"Die Stadtpolizei Z\u00fcrich greift das Thema Taschen- oder Trickdiebstahl mit einer mehrj\u00e4hrigen und spezifisch ausgerichteten Kampagne auf.\",\"breadcrumb\":{\"@id\":\"https:\\\/\\\/news.save.ch\\\/neue-kampagne-gegen-taschendiebstahl\\\/#breadcrumb\"},\"inLanguage\":\"de\",\"potentialAction\":[{\"@type\":\"ReadAction\",\"target\":[\"https:\\\/\\\/news.save.ch\\\/neue-kampagne-gegen-taschendiebstahl\\\/\"]}]},{\"@type\":\"ImageObject\",\"inLanguage\":\"de\",\"@id\":\"https:\\\/\\\/news.save.ch\\\/neue-kampagne-gegen-taschendiebstahl\\\/#primaryimage\",\"url\":\"https:\\\/\\\/news.save.ch\\\/wp-content\\\/uploads\\\/2016\\\/12\\\/Neue-Kampagne-gegen-Taschendiebstahl-sicherheitsforum.jpg\",\"contentUrl\":\"https:\\\/\\\/news.save.ch\\\/wp-content\\\/uploads\\\/2016\\\/12\\\/Neue-Kampagne-gegen-Taschendiebstahl-sicherheitsforum.jpg\",\"width\":1299,\"height\":866,\"caption\":\"Die Pr\u00e4ventionskampagne \u201esei achtsam\u201c soll vor allem sensibilisieren die Eigenverantwortung f\u00f6rdern.\"},{\"@type\":\"BreadcrumbList\",\"@id\":\"https:\\\/\\\/news.save.ch\\\/neue-kampagne-gegen-taschendiebstahl\\\/#breadcrumb\",\"itemListElement\":[{\"@type\":\"ListItem\",\"position\":1,\"name\":\"Home\",\"item\":\"https:\\\/\\\/news.save.ch\\\/de\\\/\"},{\"@type\":\"ListItem\",\"position\":2,\"name\":\"Neue Kampagne gegen Taschendiebstahl\"}]},{\"@type\":\"WebSite\",\"@id\":\"https:\\\/\\\/news.save.ch\\\/de\\\/#website\",\"url\":\"https:\\\/\\\/news.save.ch\\\/de\\\/\",\"name\":\"Save\",\"description\":\"Schweizer Fachzeitschrift f\u00fcr Sicherheit\",\"publisher\":{\"@id\":\"https:\\\/\\\/news.save.ch\\\/de\\\/#organization\"},\"potentialAction\":[{\"@type\":\"SearchAction\",\"target\":{\"@type\":\"EntryPoint\",\"urlTemplate\":\"https:\\\/\\\/news.save.ch\\\/de\\\/?s={search_term_string}\"},\"query-input\":{\"@type\":\"PropertyValueSpecification\",\"valueRequired\":true,\"valueName\":\"search_term_string\"}}],\"inLanguage\":\"de\"},{\"@type\":\"Organization\",\"@id\":\"https:\\\/\\\/news.save.ch\\\/de\\\/#organization\",\"name\":\"Sicherheitsforum\",\"url\":\"https:\\\/\\\/news.save.ch\\\/de\\\/\",\"logo\":{\"@type\":\"ImageObject\",\"inLanguage\":\"de\",\"@id\":\"https:\\\/\\\/news.save.ch\\\/de\\\/#\\\/schema\\\/logo\\\/image\\\/\",\"url\":\"https:\\\/\\\/news.save.ch\\\/wp-content\\\/uploads\\\/2022\\\/06\\\/Logo_SF_2012.png\",\"contentUrl\":\"https:\\\/\\\/news.save.ch\\\/wp-content\\\/uploads\\\/2022\\\/06\\\/Logo_SF_2012.png\",\"width\":1100,\"height\":91,\"caption\":\"Sicherheitsforum\"},\"image\":{\"@id\":\"https:\\\/\\\/news.save.ch\\\/de\\\/#\\\/schema\\\/logo\\\/image\\\/\"}},{\"@type\":\"Person\",\"@id\":\"https:\\\/\\\/news.save.ch\\\/de\\\/#\\\/schema\\\/person\\\/d49e199490bad7c70d64b9ab51142f2b\",\"name\":\"admin\",\"image\":{\"@type\":\"ImageObject\",\"inLanguage\":\"de\",\"@id\":\"https:\\\/\\\/secure.gravatar.com\\\/avatar\\\/ae2f4d718e6c49043e314ce431e7e645d646302a24a5ef5a8bc8e3f5a032e319?s=96&d=mm&r=g\",\"url\":\"https:\\\/\\\/secure.gravatar.com\\\/avatar\\\/ae2f4d718e6c49043e314ce431e7e645d646302a24a5ef5a8bc8e3f5a032e319?s=96&d=mm&r=g\",\"contentUrl\":\"https:\\\/\\\/secure.gravatar.com\\\/avatar\\\/ae2f4d718e6c49043e314ce431e7e645d646302a24a5ef5a8bc8e3f5a032e319?s=96&d=mm&r=g\",\"caption\":\"admin\"},\"sameAs\":[\"https:\\\/\\\/develop.organisator.galledia.ch\"],\"url\":\"https:\\\/\\\/news.save.ch\\\/de\\\/author\\\/admin\\\/\"}]}<\/script>\n<!-- \/ Yoast SEO plugin. -->","yoast_head_json":{"title":"Neue Kampagne gegen Taschendiebstahl - Save","description":"Die Stadtpolizei Z\u00fcrich greift das Thema Taschen- oder Trickdiebstahl mit einer mehrj\u00e4hrigen und spezifisch ausgerichteten Kampagne auf.","robots":{"index":"index","follow":"follow","max-snippet":"max-snippet:-1","max-image-preview":"max-image-preview:large","max-video-preview":"max-video-preview:-1"},"canonical":"https:\/\/news.save.ch\/de\/neue-kampagne-gegen-taschendiebstahl\/","og_locale":"de_DE","og_type":"article","og_title":"Neue Kampagne gegen Taschendiebstahl","og_description":"Mehrmals t\u00e4glich kommt es in der Stadt Z\u00fcrich zu einem Taschen- oder Trickdiebstahl. Die Stadtpolizei Z\u00fcrich greift das Thema nun mit einer mehrj\u00e4hrigen und spezifisch ausgerichteten Kampagne auf.","og_url":"https:\/\/news.save.ch\/de\/neue-kampagne-gegen-taschendiebstahl\/","og_site_name":"Save","article_published_time":"2015-08-24T09:50:30+00:00","og_image":[{"url":"https:\/\/sicherheitsforum.ch\/wp-content\/uploads\/2016\/12\/Neue-Kampagne-gegen-Taschendiebstahl-sicherheitsforum.jpg","type":"","width":"","height":""}],"author":"admin","twitter_card":"summary_large_image","twitter_misc":{"Geschrieben von":"admin","Gesch\u00e4tzte Lesezeit":"1\u00a0Minute"},"schema":{"@context":"https:\/\/schema.org","@graph":[{"@type":"Article","@id":"https:\/\/news.save.ch\/neue-kampagne-gegen-taschendiebstahl\/#article","isPartOf":{"@id":"https:\/\/news.save.ch\/neue-kampagne-gegen-taschendiebstahl\/"},"author":{"name":"admin","@id":"https:\/\/news.save.ch\/de\/#\/schema\/person\/d49e199490bad7c70d64b9ab51142f2b"},"headline":"Neue Kampagne gegen Taschendiebstahl","datePublished":"2015-08-24T09:50:30+00:00","mainEntityOfPage":{"@id":"https:\/\/news.save.ch\/neue-kampagne-gegen-taschendiebstahl\/"},"wordCount":232,"commentCount":0,"publisher":{"@id":"https:\/\/news.save.ch\/de\/#organization"},"image":{"@id":"https:\/\/news.save.ch\/neue-kampagne-gegen-taschendiebstahl\/#primaryimage"},"thumbnailUrl":"https:\/\/news.save.ch\/wp-content\/uploads\/2016\/12\/Neue-Kampagne-gegen-Taschendiebstahl-sicherheitsforum.jpg","keywords":["Justiz &amp; Polizei","Kriminalit\u00e4t","Pr\u00e4vention"],"articleSection":["ALLGEMEIN"],"inLanguage":"de"},{"@type":"WebPage","@id":"https:\/\/news.save.ch\/neue-kampagne-gegen-taschendiebstahl\/","url":"https:\/\/news.save.ch\/neue-kampagne-gegen-taschendiebstahl\/","name":"Neue Kampagne gegen Taschendiebstahl - Save","isPartOf":{"@id":"https:\/\/news.save.ch\/de\/#website"},"primaryImageOfPage":{"@id":"https:\/\/news.save.ch\/neue-kampagne-gegen-taschendiebstahl\/#primaryimage"},"image":{"@id":"https:\/\/news.save.ch\/neue-kampagne-gegen-taschendiebstahl\/#primaryimage"},"thumbnailUrl":"https:\/\/news.save.ch\/wp-content\/uploads\/2016\/12\/Neue-Kampagne-gegen-Taschendiebstahl-sicherheitsforum.jpg","datePublished":"2015-08-24T09:50:30+00:00","description":"Die Stadtpolizei Z\u00fcrich greift das Thema Taschen- oder Trickdiebstahl mit einer mehrj\u00e4hrigen und spezifisch ausgerichteten Kampagne auf.","breadcrumb":{"@id":"https:\/\/news.save.ch\/neue-kampagne-gegen-taschendiebstahl\/#breadcrumb"},"inLanguage":"de","potentialAction":[{"@type":"ReadAction","target":["https:\/\/news.save.ch\/neue-kampagne-gegen-taschendiebstahl\/"]}]},{"@type":"ImageObject","inLanguage":"de","@id":"https:\/\/news.save.ch\/neue-kampagne-gegen-taschendiebstahl\/#primaryimage","url":"https:\/\/news.save.ch\/wp-content\/uploads\/2016\/12\/Neue-Kampagne-gegen-Taschendiebstahl-sicherheitsforum.jpg","contentUrl":"https:\/\/news.save.ch\/wp-content\/uploads\/2016\/12\/Neue-Kampagne-gegen-Taschendiebstahl-sicherheitsforum.jpg","width":1299,"height":866,"caption":"Die Pr\u00e4ventionskampagne \u201esei achtsam\u201c soll vor allem sensibilisieren die Eigenverantwortung f\u00f6rdern."},{"@type":"BreadcrumbList","@id":"https:\/\/news.save.ch\/neue-kampagne-gegen-taschendiebstahl\/#breadcrumb","itemListElement":[{"@type":"ListItem","position":1,"name":"Home","item":"https:\/\/news.save.ch\/de\/"},{"@type":"ListItem","position":2,"name":"Neue Kampagne gegen Taschendiebstahl"}]},{"@type":"WebSite","@id":"https:\/\/news.save.ch\/de\/#website","url":"https:\/\/news.save.ch\/de\/","name":"Save","description":"Schweizer Fachzeitschrift f\u00fcr Sicherheit","publisher":{"@id":"https:\/\/news.save.ch\/de\/#organization"},"potentialAction":[{"@type":"SearchAction","target":{"@type":"EntryPoint","urlTemplate":"https:\/\/news.save.ch\/de\/?s={search_term_string}"},"query-input":{"@type":"PropertyValueSpecification","valueRequired":true,"valueName":"search_term_string"}}],"inLanguage":"de"},{"@type":"Organization","@id":"https:\/\/news.save.ch\/de\/#organization","name":"Sicherheitsforum","url":"https:\/\/news.save.ch\/de\/","logo":{"@type":"ImageObject","inLanguage":"de","@id":"https:\/\/news.save.ch\/de\/#\/schema\/logo\/image\/","url":"https:\/\/news.save.ch\/wp-content\/uploads\/2022\/06\/Logo_SF_2012.png","contentUrl":"https:\/\/news.save.ch\/wp-content\/uploads\/2022\/06\/Logo_SF_2012.png","width":1100,"height":91,"caption":"Sicherheitsforum"},"image":{"@id":"https:\/\/news.save.ch\/de\/#\/schema\/logo\/image\/"}},{"@type":"Person","@id":"https:\/\/news.save.ch\/de\/#\/schema\/person\/d49e199490bad7c70d64b9ab51142f2b","name":"admin","image":{"@type":"ImageObject","inLanguage":"de","@id":"https:\/\/secure.gravatar.com\/avatar\/ae2f4d718e6c49043e314ce431e7e645d646302a24a5ef5a8bc8e3f5a032e319?s=96&d=mm&r=g","url":"https:\/\/secure.gravatar.com\/avatar\/ae2f4d718e6c49043e314ce431e7e645d646302a24a5ef5a8bc8e3f5a032e319?s=96&d=mm&r=g","contentUrl":"https:\/\/secure.gravatar.com\/avatar\/ae2f4d718e6c49043e314ce431e7e645d646302a24a5ef5a8bc8e3f5a032e319?s=96&d=mm&r=g","caption":"admin"},"sameAs":["https:\/\/develop.organisator.galledia.ch"],"url":"https:\/\/news.save.ch\/de\/author\/admin\/"}]}},"_links":{"self":[{"href":"https:\/\/news.save.ch\/de\/wp-json\/wp\/v2\/posts\/1623","targetHints":{"allow":["GET"]}}],"collection":[{"href":"https:\/\/news.save.ch\/de\/wp-json\/wp\/v2\/posts"}],"about":[{"href":"https:\/\/news.save.ch\/de\/wp-json\/wp\/v2\/types\/post"}],"author":[{"embeddable":true,"href":"https:\/\/news.save.ch\/de\/wp-json\/wp\/v2\/users\/1"}],"replies":[{"embeddable":true,"href":"https:\/\/news.save.ch\/de\/wp-json\/wp\/v2\/comments?post=1623"}],"version-history":[{"count":0,"href":"https:\/\/news.save.ch\/de\/wp-json\/wp\/v2\/posts\/1623\/revisions"}],"wp:featuredmedia":[{"embeddable":true,"href":"https:\/\/news.save.ch\/de\/wp-json\/wp\/v2\/media\/1625"}],"wp:attachment":[{"href":"https:\/\/news.save.ch\/de\/wp-json\/wp\/v2\/media?parent=1623"}],"wp:term":[{"taxonomy":"category","embeddable":true,"href":"https:\/\/news.save.ch\/de\/wp-json\/wp\/v2\/categories?post=1623"},{"taxonomy":"post_tag","embeddable":true,"href":"https:\/\/news.save.ch\/de\/wp-json\/wp\/v2\/tags?post=1623"}],"curies":[{"name":"wp","href":"https:\/\/api.w.org\/{rel}","templated":true}]}}