{"id":1631,"date":"2015-09-02T11:53:37","date_gmt":"2015-09-02T09:53:37","guid":{"rendered":"https:\/\/dev.sicherheitsforum.ch\/?p=1631"},"modified":"2015-09-02T11:53:37","modified_gmt":"2015-09-02T09:53:37","slug":"neuer-distributor-fuer-axis","status":null,"type":"post","link":"https:\/\/news.save.ch\/de\/neuer-distributor-fuer-axis\/","title":{"rendered":"Neuer Distributor f\u00fcr Axis"},"content":{"rendered":"<p><img loading=\"lazy\" decoding=\"async\" class=\"alignnone wp-image-1635 size-medium\" src=\"https:\/\/news.save.ch\/wp-content\/uploads\/2016\/12\/Neuer-Distributor-f\u00fcr-Axis-sicherheitsforum.jpg\" width=\"680\" height=\"621\" \/><\/p>\n<p>\u201eWir freuen uns, dass wir nun gemeinsam mit der\u00a0<a href=\"https:\/\/www.alltron.ch\" target=\"_blank\" data-cke-saved-href=\"https:\/\/www.alltron.ch\" rel=\"noopener\">Alltron AG<\/a> unsere End-to-End-Sicherheitsl\u00f6sungen weiteren Unternehmen zur Verf\u00fcgung stellen k\u00f6nnen. Alltron verf\u00fcgt \u00fcber ein umfangreiches Partnernetzwerk und wir sch\u00e4tzen hier vor allem die Expertise im Bereich KMU und Elektrohandwerk,\u201c erkl\u00e4rt Tanja Hilpert von <a href=\"https:\/\/www.axis.com\" target=\"_blank\" data-cke-saved-href=\"https:\/\/www.axis.com\" rel=\"noopener\">Axis<\/a> Communications.<\/p>\n<p>\u201eMit der Aufnahme von Axis-Produkten in unser Portfolio sind nun s\u00e4mtliche von unseren Kunden nachgefragten Hersteller vertreten,\u201c so Philipp Maurer von Alltron. Die Alltron AG im aargauischen M\u00e4genwil geh\u00f6rt zur Competec-Firmengruppe und wurde 1985 gegr\u00fcndet.<\/p>\n<p><strong>Herausforderung: kleine und mittlere IP-Sicherheitssysteme<\/strong><\/p>\n<p>W\u00e4hrend fr\u00fcher die Meinung vorherrschte, dass IP-basierte Sicherheitssysteme zu komplex im Installationsaufwand und der Handhabung sind, zeigt sich in den letzten Jahren ein Umdenken.\u00a0Unternehmen jeder Gr\u00f6sse w\u00fcrden vom\u00a0Trend hin zu IP-L\u00f6sungen profitieren. Sicherheitskameras k\u00f6nnen einfach und kosteng\u00fcnstig installiert werden und bieten eine flexible und vor allem skalierbare L\u00f6sung.<\/p>\n<p>Axis biete bereits seit einiger Zeit speziell auf kleine und mittlere Systeme zugeschnittene L\u00f6sungen an. Neben eigens entwickelten Netzwerk-Kameras habe der schwedische Hersteller auch Storage- sowie Videomanagement-Software-L\u00f6sungen in seinem Portfolio.<\/p>\n","protected":false},"excerpt":{"rendered":"<p>\u201eWir freuen uns, dass wir nun gemeinsam mit der\u00a0Alltron AG unsere End-to-End-Sicherheitsl\u00f6sungen weiteren Unternehmen zur Verf\u00fcgung stellen k\u00f6nnen. Alltron verf\u00fcgt \u00fcber ein umfangreiches Partnernetzwerk und wir sch\u00e4tzen hier vor allem die Expertise im Bereich KMU und Elektrohandwerk,\u201c erkl\u00e4rt Tanja Hilpert von Axis Communications. \u201eMit der Aufnahme von Axis-Produkten in unser Portfolio sind nun s\u00e4mtliche von [&hellip;]<\/p>\n","protected":false},"author":1,"featured_media":1635,"comment_status":"open","ping_status":"open","sticky":false,"template":"","format":"standard","meta":{"_acf_changed":false,"pgc_sgb_lightbox_settings":"","footnotes":""},"categories":[1],"tags":[167,65,78],"class_list":["post-1631","post","type-post","status-publish","format-standard","has-post-thumbnail","hentry","category-allgemein","tag-suva","tag-unternehmen","tag-videoueberwachung"],"acf":[],"hkrextid":null,"publication":null,"issue":null,"workflow":null,"startPage":null,"spitzmarke":null,"_posts_by_tag_page_fields":{"widget_title":"","widget_tags":""},"_at_widget":"1","_yoast_wpseo_primary_category":"1","_yoast_wpseo_focuskw_text_input":"Axis","_yoast_wpseo_opengraph-image":"https:\/\/news.save.ch\/wp-content\/uploads\/2016\/12\/Neuer-Distributor-f\u00fcr-Axis-sicherheitsforum.jpg","_yoast_wpseo_opengraph-description":"Seit 1. September 2015 distribuiert die Alltron AG Sicherheitsl\u00f6sungen f\u00fcr Axis Communications in der Schweiz. Mit dieser Partnerschaft gehe Axis einen weiteren Schritt, um Sicherheitsl\u00f6sungen f\u00fcr KMU zu etablieren.","_yoast_wpseo_opengraph-title":"Neuer Distributor f\u00fcr Axis","enclosure":null,"_yoast_wpseo_twitter-title":null,"_yoast_wpseo_twitter-description":null,"_yoast_wpseo_twitter-image":null,"_wp_old_slug":null,"_yoast_wpseo_title":null,"_yoast_wpseo_canonical":null,"yoast_head":"<!-- This site is optimized with the Yoast SEO plugin v27.5 - https:\/\/yoast.com\/product\/yoast-seo-wordpress\/ -->\n<title>Neuer Distributor f\u00fcr Axis - Save<\/title>\n<meta name=\"description\" content=\"Seit 1. September 2015 distribuiert die Alltron AG Sicherheitsl\u00f6sungen f\u00fcr Axis Communications in der Schweiz.\" \/>\n<meta name=\"robots\" content=\"index, follow, max-snippet:-1, max-image-preview:large, max-video-preview:-1\" \/>\n<link rel=\"canonical\" href=\"https:\/\/news.save.ch\/de\/neuer-distributor-fuer-axis\/\" \/>\n<meta property=\"og:locale\" content=\"de_DE\" \/>\n<meta property=\"og:type\" content=\"article\" \/>\n<meta property=\"og:title\" content=\"Neuer Distributor f\u00fcr Axis\" \/>\n<meta property=\"og:description\" content=\"Seit 1. September 2015 distribuiert die Alltron AG Sicherheitsl\u00f6sungen f\u00fcr Axis Communications in der Schweiz. Mit dieser Partnerschaft gehe Axis einen weiteren Schritt, um Sicherheitsl\u00f6sungen f\u00fcr KMU zu etablieren.\" \/>\n<meta property=\"og:url\" content=\"https:\/\/news.save.ch\/de\/neuer-distributor-fuer-axis\/\" \/>\n<meta property=\"og:site_name\" content=\"Save\" \/>\n<meta property=\"article:published_time\" content=\"2015-09-02T09:53:37+00:00\" \/>\n<meta property=\"og:image\" content=\"https:\/\/news.save.ch\/wp-content\/uploads\/2016\/12\/Neuer-Distributor-f\u00fcr-Axis-sicherheitsforum.jpg\" \/>\n<meta name=\"author\" content=\"admin\" \/>\n<meta name=\"twitter:card\" content=\"summary_large_image\" \/>\n<meta name=\"twitter:label1\" content=\"Geschrieben von\" \/>\n\t<meta name=\"twitter:data1\" content=\"admin\" \/>\n\t<meta name=\"twitter:label2\" content=\"Gesch\u00e4tzte Lesezeit\" \/>\n\t<meta name=\"twitter:data2\" content=\"1\u00a0Minute\" \/>\n<script type=\"application\/ld+json\" class=\"yoast-schema-graph\">{\"@context\":\"https:\\\/\\\/schema.org\",\"@graph\":[{\"@type\":\"Article\",\"@id\":\"https:\\\/\\\/news.save.ch\\\/neuer-distributor-fuer-axis\\\/#article\",\"isPartOf\":{\"@id\":\"https:\\\/\\\/news.save.ch\\\/neuer-distributor-fuer-axis\\\/\"},\"author\":{\"name\":\"admin\",\"@id\":\"https:\\\/\\\/news.save.ch\\\/de\\\/#\\\/schema\\\/person\\\/d49e199490bad7c70d64b9ab51142f2b\"},\"headline\":\"Neuer Distributor f\u00fcr Axis\",\"datePublished\":\"2015-09-02T09:53:37+00:00\",\"mainEntityOfPage\":{\"@id\":\"https:\\\/\\\/news.save.ch\\\/neuer-distributor-fuer-axis\\\/\"},\"wordCount\":188,\"commentCount\":0,\"publisher\":{\"@id\":\"https:\\\/\\\/news.save.ch\\\/de\\\/#organization\"},\"image\":{\"@id\":\"https:\\\/\\\/news.save.ch\\\/neuer-distributor-fuer-axis\\\/#primaryimage\"},\"thumbnailUrl\":\"https:\\\/\\\/news.save.ch\\\/wp-content\\\/uploads\\\/2016\\\/12\\\/Neuer-Distributor-fuer-Axis-sicherheitsforum.jpg\",\"keywords\":[\"SUVA\",\"Unternehmen\",\"Video\u00fcberwachung\"],\"articleSection\":[\"ALLGEMEIN\"],\"inLanguage\":\"de\"},{\"@type\":\"WebPage\",\"@id\":\"https:\\\/\\\/news.save.ch\\\/neuer-distributor-fuer-axis\\\/\",\"url\":\"https:\\\/\\\/news.save.ch\\\/neuer-distributor-fuer-axis\\\/\",\"name\":\"Neuer Distributor f\u00fcr Axis - Save\",\"isPartOf\":{\"@id\":\"https:\\\/\\\/news.save.ch\\\/de\\\/#website\"},\"primaryImageOfPage\":{\"@id\":\"https:\\\/\\\/news.save.ch\\\/neuer-distributor-fuer-axis\\\/#primaryimage\"},\"image\":{\"@id\":\"https:\\\/\\\/news.save.ch\\\/neuer-distributor-fuer-axis\\\/#primaryimage\"},\"thumbnailUrl\":\"https:\\\/\\\/news.save.ch\\\/wp-content\\\/uploads\\\/2016\\\/12\\\/Neuer-Distributor-fuer-Axis-sicherheitsforum.jpg\",\"datePublished\":\"2015-09-02T09:53:37+00:00\",\"description\":\"Seit 1. September 2015 distribuiert die Alltron AG Sicherheitsl\u00f6sungen f\u00fcr Axis Communications in der Schweiz.\",\"breadcrumb\":{\"@id\":\"https:\\\/\\\/news.save.ch\\\/neuer-distributor-fuer-axis\\\/#breadcrumb\"},\"inLanguage\":\"de\",\"potentialAction\":[{\"@type\":\"ReadAction\",\"target\":[\"https:\\\/\\\/news.save.ch\\\/neuer-distributor-fuer-axis\\\/\"]}]},{\"@type\":\"ImageObject\",\"inLanguage\":\"de\",\"@id\":\"https:\\\/\\\/news.save.ch\\\/neuer-distributor-fuer-axis\\\/#primaryimage\",\"url\":\"https:\\\/\\\/news.save.ch\\\/wp-content\\\/uploads\\\/2016\\\/12\\\/Neuer-Distributor-fuer-Axis-sicherheitsforum.jpg\",\"contentUrl\":\"https:\\\/\\\/news.save.ch\\\/wp-content\\\/uploads\\\/2016\\\/12\\\/Neuer-Distributor-fuer-Axis-sicherheitsforum.jpg\",\"width\":699,\"height\":638},{\"@type\":\"BreadcrumbList\",\"@id\":\"https:\\\/\\\/news.save.ch\\\/neuer-distributor-fuer-axis\\\/#breadcrumb\",\"itemListElement\":[{\"@type\":\"ListItem\",\"position\":1,\"name\":\"Home\",\"item\":\"https:\\\/\\\/news.save.ch\\\/de\\\/\"},{\"@type\":\"ListItem\",\"position\":2,\"name\":\"Neuer Distributor f\u00fcr Axis\"}]},{\"@type\":\"WebSite\",\"@id\":\"https:\\\/\\\/news.save.ch\\\/de\\\/#website\",\"url\":\"https:\\\/\\\/news.save.ch\\\/de\\\/\",\"name\":\"Save\",\"description\":\"Schweizer Fachzeitschrift f\u00fcr Sicherheit\",\"publisher\":{\"@id\":\"https:\\\/\\\/news.save.ch\\\/de\\\/#organization\"},\"potentialAction\":[{\"@type\":\"SearchAction\",\"target\":{\"@type\":\"EntryPoint\",\"urlTemplate\":\"https:\\\/\\\/news.save.ch\\\/de\\\/?s={search_term_string}\"},\"query-input\":{\"@type\":\"PropertyValueSpecification\",\"valueRequired\":true,\"valueName\":\"search_term_string\"}}],\"inLanguage\":\"de\"},{\"@type\":\"Organization\",\"@id\":\"https:\\\/\\\/news.save.ch\\\/de\\\/#organization\",\"name\":\"Sicherheitsforum\",\"url\":\"https:\\\/\\\/news.save.ch\\\/de\\\/\",\"logo\":{\"@type\":\"ImageObject\",\"inLanguage\":\"de\",\"@id\":\"https:\\\/\\\/news.save.ch\\\/de\\\/#\\\/schema\\\/logo\\\/image\\\/\",\"url\":\"https:\\\/\\\/news.save.ch\\\/wp-content\\\/uploads\\\/2022\\\/06\\\/Logo_SF_2012.png\",\"contentUrl\":\"https:\\\/\\\/news.save.ch\\\/wp-content\\\/uploads\\\/2022\\\/06\\\/Logo_SF_2012.png\",\"width\":1100,\"height\":91,\"caption\":\"Sicherheitsforum\"},\"image\":{\"@id\":\"https:\\\/\\\/news.save.ch\\\/de\\\/#\\\/schema\\\/logo\\\/image\\\/\"}},{\"@type\":\"Person\",\"@id\":\"https:\\\/\\\/news.save.ch\\\/de\\\/#\\\/schema\\\/person\\\/d49e199490bad7c70d64b9ab51142f2b\",\"name\":\"admin\",\"image\":{\"@type\":\"ImageObject\",\"inLanguage\":\"de\",\"@id\":\"https:\\\/\\\/secure.gravatar.com\\\/avatar\\\/ae2f4d718e6c49043e314ce431e7e645d646302a24a5ef5a8bc8e3f5a032e319?s=96&d=mm&r=g\",\"url\":\"https:\\\/\\\/secure.gravatar.com\\\/avatar\\\/ae2f4d718e6c49043e314ce431e7e645d646302a24a5ef5a8bc8e3f5a032e319?s=96&d=mm&r=g\",\"contentUrl\":\"https:\\\/\\\/secure.gravatar.com\\\/avatar\\\/ae2f4d718e6c49043e314ce431e7e645d646302a24a5ef5a8bc8e3f5a032e319?s=96&d=mm&r=g\",\"caption\":\"admin\"},\"sameAs\":[\"https:\\\/\\\/develop.organisator.galledia.ch\"],\"url\":\"https:\\\/\\\/news.save.ch\\\/de\\\/author\\\/admin\\\/\"}]}<\/script>\n<!-- \/ Yoast SEO plugin. -->","yoast_head_json":{"title":"Neuer Distributor f\u00fcr Axis - Save","description":"Seit 1. September 2015 distribuiert die Alltron AG Sicherheitsl\u00f6sungen f\u00fcr Axis Communications in der Schweiz.","robots":{"index":"index","follow":"follow","max-snippet":"max-snippet:-1","max-image-preview":"max-image-preview:large","max-video-preview":"max-video-preview:-1"},"canonical":"https:\/\/news.save.ch\/de\/neuer-distributor-fuer-axis\/","og_locale":"de_DE","og_type":"article","og_title":"Neuer Distributor f\u00fcr Axis","og_description":"Seit 1. September 2015 distribuiert die Alltron AG Sicherheitsl\u00f6sungen f\u00fcr Axis Communications in der Schweiz. Mit dieser Partnerschaft gehe Axis einen weiteren Schritt, um Sicherheitsl\u00f6sungen f\u00fcr KMU zu etablieren.","og_url":"https:\/\/news.save.ch\/de\/neuer-distributor-fuer-axis\/","og_site_name":"Save","article_published_time":"2015-09-02T09:53:37+00:00","og_image":[{"url":"https:\/\/news.save.ch\/wp-content\/uploads\/2016\/12\/Neuer-Distributor-f\u00fcr-Axis-sicherheitsforum.jpg","type":"","width":"","height":""}],"author":"admin","twitter_card":"summary_large_image","twitter_misc":{"Geschrieben von":"admin","Gesch\u00e4tzte Lesezeit":"1\u00a0Minute"},"schema":{"@context":"https:\/\/schema.org","@graph":[{"@type":"Article","@id":"https:\/\/news.save.ch\/neuer-distributor-fuer-axis\/#article","isPartOf":{"@id":"https:\/\/news.save.ch\/neuer-distributor-fuer-axis\/"},"author":{"name":"admin","@id":"https:\/\/news.save.ch\/de\/#\/schema\/person\/d49e199490bad7c70d64b9ab51142f2b"},"headline":"Neuer Distributor f\u00fcr Axis","datePublished":"2015-09-02T09:53:37+00:00","mainEntityOfPage":{"@id":"https:\/\/news.save.ch\/neuer-distributor-fuer-axis\/"},"wordCount":188,"commentCount":0,"publisher":{"@id":"https:\/\/news.save.ch\/de\/#organization"},"image":{"@id":"https:\/\/news.save.ch\/neuer-distributor-fuer-axis\/#primaryimage"},"thumbnailUrl":"https:\/\/news.save.ch\/wp-content\/uploads\/2016\/12\/Neuer-Distributor-fuer-Axis-sicherheitsforum.jpg","keywords":["SUVA","Unternehmen","Video\u00fcberwachung"],"articleSection":["ALLGEMEIN"],"inLanguage":"de"},{"@type":"WebPage","@id":"https:\/\/news.save.ch\/neuer-distributor-fuer-axis\/","url":"https:\/\/news.save.ch\/neuer-distributor-fuer-axis\/","name":"Neuer Distributor f\u00fcr Axis - Save","isPartOf":{"@id":"https:\/\/news.save.ch\/de\/#website"},"primaryImageOfPage":{"@id":"https:\/\/news.save.ch\/neuer-distributor-fuer-axis\/#primaryimage"},"image":{"@id":"https:\/\/news.save.ch\/neuer-distributor-fuer-axis\/#primaryimage"},"thumbnailUrl":"https:\/\/news.save.ch\/wp-content\/uploads\/2016\/12\/Neuer-Distributor-fuer-Axis-sicherheitsforum.jpg","datePublished":"2015-09-02T09:53:37+00:00","description":"Seit 1. September 2015 distribuiert die Alltron AG Sicherheitsl\u00f6sungen f\u00fcr Axis Communications in der Schweiz.","breadcrumb":{"@id":"https:\/\/news.save.ch\/neuer-distributor-fuer-axis\/#breadcrumb"},"inLanguage":"de","potentialAction":[{"@type":"ReadAction","target":["https:\/\/news.save.ch\/neuer-distributor-fuer-axis\/"]}]},{"@type":"ImageObject","inLanguage":"de","@id":"https:\/\/news.save.ch\/neuer-distributor-fuer-axis\/#primaryimage","url":"https:\/\/news.save.ch\/wp-content\/uploads\/2016\/12\/Neuer-Distributor-fuer-Axis-sicherheitsforum.jpg","contentUrl":"https:\/\/news.save.ch\/wp-content\/uploads\/2016\/12\/Neuer-Distributor-fuer-Axis-sicherheitsforum.jpg","width":699,"height":638},{"@type":"BreadcrumbList","@id":"https:\/\/news.save.ch\/neuer-distributor-fuer-axis\/#breadcrumb","itemListElement":[{"@type":"ListItem","position":1,"name":"Home","item":"https:\/\/news.save.ch\/de\/"},{"@type":"ListItem","position":2,"name":"Neuer Distributor f\u00fcr Axis"}]},{"@type":"WebSite","@id":"https:\/\/news.save.ch\/de\/#website","url":"https:\/\/news.save.ch\/de\/","name":"Save","description":"Schweizer Fachzeitschrift f\u00fcr Sicherheit","publisher":{"@id":"https:\/\/news.save.ch\/de\/#organization"},"potentialAction":[{"@type":"SearchAction","target":{"@type":"EntryPoint","urlTemplate":"https:\/\/news.save.ch\/de\/?s={search_term_string}"},"query-input":{"@type":"PropertyValueSpecification","valueRequired":true,"valueName":"search_term_string"}}],"inLanguage":"de"},{"@type":"Organization","@id":"https:\/\/news.save.ch\/de\/#organization","name":"Sicherheitsforum","url":"https:\/\/news.save.ch\/de\/","logo":{"@type":"ImageObject","inLanguage":"de","@id":"https:\/\/news.save.ch\/de\/#\/schema\/logo\/image\/","url":"https:\/\/news.save.ch\/wp-content\/uploads\/2022\/06\/Logo_SF_2012.png","contentUrl":"https:\/\/news.save.ch\/wp-content\/uploads\/2022\/06\/Logo_SF_2012.png","width":1100,"height":91,"caption":"Sicherheitsforum"},"image":{"@id":"https:\/\/news.save.ch\/de\/#\/schema\/logo\/image\/"}},{"@type":"Person","@id":"https:\/\/news.save.ch\/de\/#\/schema\/person\/d49e199490bad7c70d64b9ab51142f2b","name":"admin","image":{"@type":"ImageObject","inLanguage":"de","@id":"https:\/\/secure.gravatar.com\/avatar\/ae2f4d718e6c49043e314ce431e7e645d646302a24a5ef5a8bc8e3f5a032e319?s=96&d=mm&r=g","url":"https:\/\/secure.gravatar.com\/avatar\/ae2f4d718e6c49043e314ce431e7e645d646302a24a5ef5a8bc8e3f5a032e319?s=96&d=mm&r=g","contentUrl":"https:\/\/secure.gravatar.com\/avatar\/ae2f4d718e6c49043e314ce431e7e645d646302a24a5ef5a8bc8e3f5a032e319?s=96&d=mm&r=g","caption":"admin"},"sameAs":["https:\/\/develop.organisator.galledia.ch"],"url":"https:\/\/news.save.ch\/de\/author\/admin\/"}]}},"_links":{"self":[{"href":"https:\/\/news.save.ch\/de\/wp-json\/wp\/v2\/posts\/1631","targetHints":{"allow":["GET"]}}],"collection":[{"href":"https:\/\/news.save.ch\/de\/wp-json\/wp\/v2\/posts"}],"about":[{"href":"https:\/\/news.save.ch\/de\/wp-json\/wp\/v2\/types\/post"}],"author":[{"embeddable":true,"href":"https:\/\/news.save.ch\/de\/wp-json\/wp\/v2\/users\/1"}],"replies":[{"embeddable":true,"href":"https:\/\/news.save.ch\/de\/wp-json\/wp\/v2\/comments?post=1631"}],"version-history":[{"count":0,"href":"https:\/\/news.save.ch\/de\/wp-json\/wp\/v2\/posts\/1631\/revisions"}],"wp:featuredmedia":[{"embeddable":true,"href":"https:\/\/news.save.ch\/de\/wp-json\/wp\/v2\/media\/1635"}],"wp:attachment":[{"href":"https:\/\/news.save.ch\/de\/wp-json\/wp\/v2\/media?parent=1631"}],"wp:term":[{"taxonomy":"category","embeddable":true,"href":"https:\/\/news.save.ch\/de\/wp-json\/wp\/v2\/categories?post=1631"},{"taxonomy":"post_tag","embeddable":true,"href":"https:\/\/news.save.ch\/de\/wp-json\/wp\/v2\/tags?post=1631"}],"curies":[{"name":"wp","href":"https:\/\/api.w.org\/{rel}","templated":true}]}}