{"id":1646,"date":"2016-08-28T12:01:04","date_gmt":"2016-08-28T10:01:04","guid":{"rendered":"https:\/\/dev.sicherheitsforum.ch\/?p=1646"},"modified":"2016-08-28T12:01:04","modified_gmt":"2016-08-28T10:01:04","slug":"helm-wechselt-farbe-bei-gewalteinwirkung","status":null,"type":"post","link":"https:\/\/news.save.ch\/de\/helm-wechselt-farbe-bei-gewalteinwirkung\/","title":{"rendered":"Helm wechselt Farbe bei Gewalteinwirkung"},"content":{"rendered":"<figure id=\"attachment_1648\" aria-describedby=\"caption-attachment-1648\" style=\"width: 680px\" class=\"wp-caption alignnone\"><img loading=\"lazy\" decoding=\"async\" class=\"size-medium wp-image-1648\" src=\"https:\/\/sicherheitsforum.ch\/wp-content\/uploads\/2016\/12\/Helm-wechselt-Farbe-bei-Gewalteinwirkung-sicherheitsforum.jpg\" alt=\"\" width=\"680\" height=\"457\" srcset=\"https:\/\/news.save.ch\/wp-content\/uploads\/2016\/12\/Helm-wechselt-Farbe-bei-Gewalteinwirkung-sicherheitsforum.jpg 1000w, https:\/\/news.save.ch\/wp-content\/uploads\/2016\/12\/Helm-wechselt-Farbe-bei-Gewalteinwirkung-sicherheitsforum-375x252.jpg 375w\" sizes=\"auto, (max-width: 680px) 100vw, 680px\" \/><figcaption id=\"caption-attachment-1648\" class=\"wp-caption-text\">Hockeyspieler verletzen sich trotz Helm oft am Kopf.<\/figcaption><\/figure>\n<p>Ein Helm, der durch eine spezielle Kristall-Beschichtung je nach Krafteinwirkung seine Farbe ver\u00e4ndert, k\u00f6nnte f\u00fcr Profisportler und Amateure in der Erstversorgung eine grosse Hilfe sein. Wissenschaftler der\u00a0University of Pennsylvania\u00a0haben ein erstes Modell, das optisch die Ausmasse einer Kopfverletzung anzeigen kann, entwickelt.<\/p>\n<p><strong>Vorteilhaftes Material<\/strong><\/p>\n<p>Der von den Forschern angefertigte Kunststoffhelm ver\u00e4ndert seine Farbe je nach Krafteinwirkung auf das Material. So kann optisch schnell erkannt werden, ob sich der Tr\u00e4ger des Helmes bei einem Zusammenstoss wom\u00f6glich eine Kopfverletzung zugezogen hat. Eine Schl\u00fcsselrolle spielt dabei die Verwendung von holografischer Lithografie, um tonische Kristalle zu erzeugen.<\/p>\n<p>Diese Kristalle ver\u00e4ndern ihre Farbe, sobald sie verformt werden. Die Umsetzung des erzeugten Effektes ben\u00f6tigt keinen Strom oder zus\u00e4tzlichen Energieaufwand. Besonders vorteilhaft f\u00fcr den Tr\u00e4ger ist zudem, dass die Beschichtung so leicht ist, dass der Helm kaum mehr wiegt. Laut den Wissenschaftlern ist es f\u00fcr gew\u00f6hnlich nicht ganz leicht, solche Kristalle herzustellen.<\/p>\n<p><strong>Spezielle Spritztechnik<\/strong><\/p>\n<p>Dem Team der University of Pennsylvania gelang es jedoch, eine spezielle Spritztechnik zu entwickeln, die f\u00fcr die Massenproduktion ihres Helmes hilfreich ist. Besonders im Bereich vieler Kontaktsportarten k\u00f6nnten Helme mit optischen Signalen einen Fortschritt bedeuten, denn Kopfverletzungen sind gerade bei Hockey- und Footballspielern keine Seltenheit.<\/p>\n<p>Medizinische Hilfskr\u00e4fte k\u00f6nnten verletzte Spieler sofort in ein Krankenhaus liefern lassen, ohne mit einer ersten Untersuchung am Spielfeldrand wertvolle Zeit zu verschwenden. Auch f\u00fcr den Alltag bietet sich der spezielle Helm an. Fahrradfahrer, die mit einem derart beschichteten Helm unterwegs sind, k\u00f6nnen von Sanit\u00e4tern ebenfalls effizienter versorgt werden.<\/p>\n<p>Quelle: Pressetext.com<\/p>\n<p>&nbsp;<\/p>\n<p><iframe loading=\"lazy\" title=\"Glass Paint That Can Keep Structures Cool\" width=\"768\" height=\"432\" src=\"https:\/\/www.youtube.com\/embed\/xaaRzCcaArU?feature=oembed\" frameborder=\"0\" allow=\"accelerometer; autoplay; clipboard-write; encrypted-media; gyroscope; picture-in-picture\" allowfullscreen><\/iframe><\/p>\n","protected":false},"excerpt":{"rendered":"<p>Ein Helm, der durch eine spezielle Kristall-Beschichtung je nach Krafteinwirkung seine Farbe ver\u00e4ndert, k\u00f6nnte f\u00fcr Profisportler und Amateure in der Erstversorgung eine grosse Hilfe sein. Wissenschaftler der\u00a0University of Pennsylvania\u00a0haben ein erstes Modell, das optisch die Ausmasse einer Kopfverletzung anzeigen kann, entwickelt. Vorteilhaftes Material Der von den Forschern angefertigte Kunststoffhelm ver\u00e4ndert seine Farbe je nach Krafteinwirkung [&hellip;]<\/p>\n","protected":false},"author":1,"featured_media":1648,"comment_status":"open","ping_status":"open","sticky":false,"template":"","format":"standard","meta":{"_acf_changed":false,"pgc_sgb_lightbox_settings":"","footnotes":""},"categories":[1],"tags":[174,175,176],"class_list":["post-1646","post","type-post","status-publish","format-standard","has-post-thumbnail","hentry","category-allgemein","tag-arbeitsunfaelle","tag-nichtberufsunfaelle","tag-sportunfaelle"],"acf":[],"hkrextid":null,"publication":null,"issue":null,"workflow":null,"startPage":null,"spitzmarke":null,"_posts_by_tag_page_fields":{"widget_title":"","widget_tags":""},"_at_widget":"1","_yoast_wpseo_primary_category":"1","_yoast_wpseo_focuskw_text_input":"Helm","_yoast_wpseo_opengraph-image":"https:\/\/news.save.ch\/wp-content\/uploads\/2016\/12\/Helm-wechselt-Farbe-bei-Gewalteinwirkung-sicherheitsforum.jpg","_yoast_wpseo_opengraph-description":"Forscher der University of Pennsylvania haben einen Helm entwickelt, der je nach Krafteinwirkung seine Farbe \u00e4ndert. Damit k\u00f6nnten nach Unf\u00e4llen schneller Diagnosen gestellt werden.","_yoast_wpseo_opengraph-title":"Helm wechselt Farbe bei Gewalteinwirkung","enclosure":null,"_yoast_wpseo_twitter-title":null,"_yoast_wpseo_twitter-description":null,"_yoast_wpseo_twitter-image":null,"_wp_old_slug":null,"_yoast_wpseo_title":null,"_yoast_wpseo_canonical":null,"yoast_head":"<!-- This site is optimized with the Yoast SEO plugin v27.5 - https:\/\/yoast.com\/product\/yoast-seo-wordpress\/ -->\n<title>Helm wechselt Farbe bei Gewalteinwirkung - Save<\/title>\n<meta name=\"description\" content=\"Forscher der University of Pennsylvania haben einen Helm entwickelt, der je nach Krafteinwirkung seine Farbe \u00e4ndert.\" \/>\n<meta name=\"robots\" content=\"index, follow, max-snippet:-1, max-image-preview:large, max-video-preview:-1\" \/>\n<link rel=\"canonical\" href=\"https:\/\/news.save.ch\/de\/helm-wechselt-farbe-bei-gewalteinwirkung\/\" \/>\n<meta property=\"og:locale\" content=\"de_DE\" \/>\n<meta property=\"og:type\" content=\"article\" \/>\n<meta property=\"og:title\" content=\"Helm wechselt Farbe bei Gewalteinwirkung\" \/>\n<meta property=\"og:description\" content=\"Forscher der University of Pennsylvania haben einen Helm entwickelt, der je nach Krafteinwirkung seine Farbe \u00e4ndert. Damit k\u00f6nnten nach Unf\u00e4llen schneller Diagnosen gestellt werden.\" \/>\n<meta property=\"og:url\" content=\"https:\/\/news.save.ch\/de\/helm-wechselt-farbe-bei-gewalteinwirkung\/\" \/>\n<meta property=\"og:site_name\" content=\"Save\" \/>\n<meta property=\"article:published_time\" content=\"2016-08-28T10:01:04+00:00\" \/>\n<meta property=\"og:image\" content=\"https:\/\/news.save.ch\/wp-content\/uploads\/2016\/12\/Helm-wechselt-Farbe-bei-Gewalteinwirkung-sicherheitsforum.jpg\" \/>\n<meta name=\"author\" content=\"admin\" \/>\n<meta name=\"twitter:card\" content=\"summary_large_image\" \/>\n<meta name=\"twitter:label1\" content=\"Geschrieben von\" \/>\n\t<meta name=\"twitter:data1\" content=\"admin\" \/>\n\t<meta name=\"twitter:label2\" content=\"Gesch\u00e4tzte Lesezeit\" \/>\n\t<meta name=\"twitter:data2\" content=\"1\u00a0Minute\" \/>\n<script type=\"application\/ld+json\" class=\"yoast-schema-graph\">{\"@context\":\"https:\\\/\\\/schema.org\",\"@graph\":[{\"@type\":\"Article\",\"@id\":\"https:\\\/\\\/news.save.ch\\\/helm-wechselt-farbe-bei-gewalteinwirkung\\\/#article\",\"isPartOf\":{\"@id\":\"https:\\\/\\\/news.save.ch\\\/helm-wechselt-farbe-bei-gewalteinwirkung\\\/\"},\"author\":{\"name\":\"admin\",\"@id\":\"https:\\\/\\\/news.save.ch\\\/de\\\/#\\\/schema\\\/person\\\/d49e199490bad7c70d64b9ab51142f2b\"},\"headline\":\"Helm wechselt Farbe bei Gewalteinwirkung\",\"datePublished\":\"2016-08-28T10:01:04+00:00\",\"mainEntityOfPage\":{\"@id\":\"https:\\\/\\\/news.save.ch\\\/helm-wechselt-farbe-bei-gewalteinwirkung\\\/\"},\"wordCount\":293,\"commentCount\":0,\"publisher\":{\"@id\":\"https:\\\/\\\/news.save.ch\\\/de\\\/#organization\"},\"image\":{\"@id\":\"https:\\\/\\\/news.save.ch\\\/helm-wechselt-farbe-bei-gewalteinwirkung\\\/#primaryimage\"},\"thumbnailUrl\":\"https:\\\/\\\/news.save.ch\\\/wp-content\\\/uploads\\\/2016\\\/12\\\/Helm-wechselt-Farbe-bei-Gewalteinwirkung-sicherheitsforum.jpg\",\"keywords\":[\"Arbeitsunf\u00e4lle\",\"Nichtberufsunf\u00e4lle\",\"Sportunf\u00e4lle\"],\"articleSection\":[\"ALLGEMEIN\"],\"inLanguage\":\"de\"},{\"@type\":\"WebPage\",\"@id\":\"https:\\\/\\\/news.save.ch\\\/helm-wechselt-farbe-bei-gewalteinwirkung\\\/\",\"url\":\"https:\\\/\\\/news.save.ch\\\/helm-wechselt-farbe-bei-gewalteinwirkung\\\/\",\"name\":\"Helm wechselt Farbe bei Gewalteinwirkung - Save\",\"isPartOf\":{\"@id\":\"https:\\\/\\\/news.save.ch\\\/de\\\/#website\"},\"primaryImageOfPage\":{\"@id\":\"https:\\\/\\\/news.save.ch\\\/helm-wechselt-farbe-bei-gewalteinwirkung\\\/#primaryimage\"},\"image\":{\"@id\":\"https:\\\/\\\/news.save.ch\\\/helm-wechselt-farbe-bei-gewalteinwirkung\\\/#primaryimage\"},\"thumbnailUrl\":\"https:\\\/\\\/news.save.ch\\\/wp-content\\\/uploads\\\/2016\\\/12\\\/Helm-wechselt-Farbe-bei-Gewalteinwirkung-sicherheitsforum.jpg\",\"datePublished\":\"2016-08-28T10:01:04+00:00\",\"description\":\"Forscher der University of Pennsylvania haben einen Helm entwickelt, der je nach Krafteinwirkung seine Farbe \u00e4ndert.\",\"breadcrumb\":{\"@id\":\"https:\\\/\\\/news.save.ch\\\/helm-wechselt-farbe-bei-gewalteinwirkung\\\/#breadcrumb\"},\"inLanguage\":\"de\",\"potentialAction\":[{\"@type\":\"ReadAction\",\"target\":[\"https:\\\/\\\/news.save.ch\\\/helm-wechselt-farbe-bei-gewalteinwirkung\\\/\"]}]},{\"@type\":\"ImageObject\",\"inLanguage\":\"de\",\"@id\":\"https:\\\/\\\/news.save.ch\\\/helm-wechselt-farbe-bei-gewalteinwirkung\\\/#primaryimage\",\"url\":\"https:\\\/\\\/news.save.ch\\\/wp-content\\\/uploads\\\/2016\\\/12\\\/Helm-wechselt-Farbe-bei-Gewalteinwirkung-sicherheitsforum.jpg\",\"contentUrl\":\"https:\\\/\\\/news.save.ch\\\/wp-content\\\/uploads\\\/2016\\\/12\\\/Helm-wechselt-Farbe-bei-Gewalteinwirkung-sicherheitsforum.jpg\",\"width\":1000,\"height\":672,\"caption\":\"Hockeyspieler verletzen sich trotz Helm oft am Kopf.\"},{\"@type\":\"BreadcrumbList\",\"@id\":\"https:\\\/\\\/news.save.ch\\\/helm-wechselt-farbe-bei-gewalteinwirkung\\\/#breadcrumb\",\"itemListElement\":[{\"@type\":\"ListItem\",\"position\":1,\"name\":\"Home\",\"item\":\"https:\\\/\\\/news.save.ch\\\/de\\\/\"},{\"@type\":\"ListItem\",\"position\":2,\"name\":\"Helm wechselt Farbe bei Gewalteinwirkung\"}]},{\"@type\":\"WebSite\",\"@id\":\"https:\\\/\\\/news.save.ch\\\/de\\\/#website\",\"url\":\"https:\\\/\\\/news.save.ch\\\/de\\\/\",\"name\":\"Save\",\"description\":\"Schweizer Fachzeitschrift f\u00fcr Sicherheit\",\"publisher\":{\"@id\":\"https:\\\/\\\/news.save.ch\\\/de\\\/#organization\"},\"potentialAction\":[{\"@type\":\"SearchAction\",\"target\":{\"@type\":\"EntryPoint\",\"urlTemplate\":\"https:\\\/\\\/news.save.ch\\\/de\\\/?s={search_term_string}\"},\"query-input\":{\"@type\":\"PropertyValueSpecification\",\"valueRequired\":true,\"valueName\":\"search_term_string\"}}],\"inLanguage\":\"de\"},{\"@type\":\"Organization\",\"@id\":\"https:\\\/\\\/news.save.ch\\\/de\\\/#organization\",\"name\":\"Sicherheitsforum\",\"url\":\"https:\\\/\\\/news.save.ch\\\/de\\\/\",\"logo\":{\"@type\":\"ImageObject\",\"inLanguage\":\"de\",\"@id\":\"https:\\\/\\\/news.save.ch\\\/de\\\/#\\\/schema\\\/logo\\\/image\\\/\",\"url\":\"https:\\\/\\\/news.save.ch\\\/wp-content\\\/uploads\\\/2022\\\/06\\\/Logo_SF_2012.png\",\"contentUrl\":\"https:\\\/\\\/news.save.ch\\\/wp-content\\\/uploads\\\/2022\\\/06\\\/Logo_SF_2012.png\",\"width\":1100,\"height\":91,\"caption\":\"Sicherheitsforum\"},\"image\":{\"@id\":\"https:\\\/\\\/news.save.ch\\\/de\\\/#\\\/schema\\\/logo\\\/image\\\/\"}},{\"@type\":\"Person\",\"@id\":\"https:\\\/\\\/news.save.ch\\\/de\\\/#\\\/schema\\\/person\\\/d49e199490bad7c70d64b9ab51142f2b\",\"name\":\"admin\",\"image\":{\"@type\":\"ImageObject\",\"inLanguage\":\"de\",\"@id\":\"https:\\\/\\\/secure.gravatar.com\\\/avatar\\\/ae2f4d718e6c49043e314ce431e7e645d646302a24a5ef5a8bc8e3f5a032e319?s=96&d=mm&r=g\",\"url\":\"https:\\\/\\\/secure.gravatar.com\\\/avatar\\\/ae2f4d718e6c49043e314ce431e7e645d646302a24a5ef5a8bc8e3f5a032e319?s=96&d=mm&r=g\",\"contentUrl\":\"https:\\\/\\\/secure.gravatar.com\\\/avatar\\\/ae2f4d718e6c49043e314ce431e7e645d646302a24a5ef5a8bc8e3f5a032e319?s=96&d=mm&r=g\",\"caption\":\"admin\"},\"sameAs\":[\"https:\\\/\\\/develop.organisator.galledia.ch\"],\"url\":\"https:\\\/\\\/news.save.ch\\\/de\\\/author\\\/admin\\\/\"}]}<\/script>\n<!-- \/ Yoast SEO plugin. -->","yoast_head_json":{"title":"Helm wechselt Farbe bei Gewalteinwirkung - Save","description":"Forscher der University of Pennsylvania haben einen Helm entwickelt, der je nach Krafteinwirkung seine Farbe \u00e4ndert.","robots":{"index":"index","follow":"follow","max-snippet":"max-snippet:-1","max-image-preview":"max-image-preview:large","max-video-preview":"max-video-preview:-1"},"canonical":"https:\/\/news.save.ch\/de\/helm-wechselt-farbe-bei-gewalteinwirkung\/","og_locale":"de_DE","og_type":"article","og_title":"Helm wechselt Farbe bei Gewalteinwirkung","og_description":"Forscher der University of Pennsylvania haben einen Helm entwickelt, der je nach Krafteinwirkung seine Farbe \u00e4ndert. Damit k\u00f6nnten nach Unf\u00e4llen schneller Diagnosen gestellt werden.","og_url":"https:\/\/news.save.ch\/de\/helm-wechselt-farbe-bei-gewalteinwirkung\/","og_site_name":"Save","article_published_time":"2016-08-28T10:01:04+00:00","og_image":[{"url":"https:\/\/news.save.ch\/wp-content\/uploads\/2016\/12\/Helm-wechselt-Farbe-bei-Gewalteinwirkung-sicherheitsforum.jpg","type":"","width":"","height":""}],"author":"admin","twitter_card":"summary_large_image","twitter_misc":{"Geschrieben von":"admin","Gesch\u00e4tzte Lesezeit":"1\u00a0Minute"},"schema":{"@context":"https:\/\/schema.org","@graph":[{"@type":"Article","@id":"https:\/\/news.save.ch\/helm-wechselt-farbe-bei-gewalteinwirkung\/#article","isPartOf":{"@id":"https:\/\/news.save.ch\/helm-wechselt-farbe-bei-gewalteinwirkung\/"},"author":{"name":"admin","@id":"https:\/\/news.save.ch\/de\/#\/schema\/person\/d49e199490bad7c70d64b9ab51142f2b"},"headline":"Helm wechselt Farbe bei Gewalteinwirkung","datePublished":"2016-08-28T10:01:04+00:00","mainEntityOfPage":{"@id":"https:\/\/news.save.ch\/helm-wechselt-farbe-bei-gewalteinwirkung\/"},"wordCount":293,"commentCount":0,"publisher":{"@id":"https:\/\/news.save.ch\/de\/#organization"},"image":{"@id":"https:\/\/news.save.ch\/helm-wechselt-farbe-bei-gewalteinwirkung\/#primaryimage"},"thumbnailUrl":"https:\/\/news.save.ch\/wp-content\/uploads\/2016\/12\/Helm-wechselt-Farbe-bei-Gewalteinwirkung-sicherheitsforum.jpg","keywords":["Arbeitsunf\u00e4lle","Nichtberufsunf\u00e4lle","Sportunf\u00e4lle"],"articleSection":["ALLGEMEIN"],"inLanguage":"de"},{"@type":"WebPage","@id":"https:\/\/news.save.ch\/helm-wechselt-farbe-bei-gewalteinwirkung\/","url":"https:\/\/news.save.ch\/helm-wechselt-farbe-bei-gewalteinwirkung\/","name":"Helm wechselt Farbe bei Gewalteinwirkung - Save","isPartOf":{"@id":"https:\/\/news.save.ch\/de\/#website"},"primaryImageOfPage":{"@id":"https:\/\/news.save.ch\/helm-wechselt-farbe-bei-gewalteinwirkung\/#primaryimage"},"image":{"@id":"https:\/\/news.save.ch\/helm-wechselt-farbe-bei-gewalteinwirkung\/#primaryimage"},"thumbnailUrl":"https:\/\/news.save.ch\/wp-content\/uploads\/2016\/12\/Helm-wechselt-Farbe-bei-Gewalteinwirkung-sicherheitsforum.jpg","datePublished":"2016-08-28T10:01:04+00:00","description":"Forscher der University of Pennsylvania haben einen Helm entwickelt, der je nach Krafteinwirkung seine Farbe \u00e4ndert.","breadcrumb":{"@id":"https:\/\/news.save.ch\/helm-wechselt-farbe-bei-gewalteinwirkung\/#breadcrumb"},"inLanguage":"de","potentialAction":[{"@type":"ReadAction","target":["https:\/\/news.save.ch\/helm-wechselt-farbe-bei-gewalteinwirkung\/"]}]},{"@type":"ImageObject","inLanguage":"de","@id":"https:\/\/news.save.ch\/helm-wechselt-farbe-bei-gewalteinwirkung\/#primaryimage","url":"https:\/\/news.save.ch\/wp-content\/uploads\/2016\/12\/Helm-wechselt-Farbe-bei-Gewalteinwirkung-sicherheitsforum.jpg","contentUrl":"https:\/\/news.save.ch\/wp-content\/uploads\/2016\/12\/Helm-wechselt-Farbe-bei-Gewalteinwirkung-sicherheitsforum.jpg","width":1000,"height":672,"caption":"Hockeyspieler verletzen sich trotz Helm oft am Kopf."},{"@type":"BreadcrumbList","@id":"https:\/\/news.save.ch\/helm-wechselt-farbe-bei-gewalteinwirkung\/#breadcrumb","itemListElement":[{"@type":"ListItem","position":1,"name":"Home","item":"https:\/\/news.save.ch\/de\/"},{"@type":"ListItem","position":2,"name":"Helm wechselt Farbe bei Gewalteinwirkung"}]},{"@type":"WebSite","@id":"https:\/\/news.save.ch\/de\/#website","url":"https:\/\/news.save.ch\/de\/","name":"Save","description":"Schweizer Fachzeitschrift f\u00fcr Sicherheit","publisher":{"@id":"https:\/\/news.save.ch\/de\/#organization"},"potentialAction":[{"@type":"SearchAction","target":{"@type":"EntryPoint","urlTemplate":"https:\/\/news.save.ch\/de\/?s={search_term_string}"},"query-input":{"@type":"PropertyValueSpecification","valueRequired":true,"valueName":"search_term_string"}}],"inLanguage":"de"},{"@type":"Organization","@id":"https:\/\/news.save.ch\/de\/#organization","name":"Sicherheitsforum","url":"https:\/\/news.save.ch\/de\/","logo":{"@type":"ImageObject","inLanguage":"de","@id":"https:\/\/news.save.ch\/de\/#\/schema\/logo\/image\/","url":"https:\/\/news.save.ch\/wp-content\/uploads\/2022\/06\/Logo_SF_2012.png","contentUrl":"https:\/\/news.save.ch\/wp-content\/uploads\/2022\/06\/Logo_SF_2012.png","width":1100,"height":91,"caption":"Sicherheitsforum"},"image":{"@id":"https:\/\/news.save.ch\/de\/#\/schema\/logo\/image\/"}},{"@type":"Person","@id":"https:\/\/news.save.ch\/de\/#\/schema\/person\/d49e199490bad7c70d64b9ab51142f2b","name":"admin","image":{"@type":"ImageObject","inLanguage":"de","@id":"https:\/\/secure.gravatar.com\/avatar\/ae2f4d718e6c49043e314ce431e7e645d646302a24a5ef5a8bc8e3f5a032e319?s=96&d=mm&r=g","url":"https:\/\/secure.gravatar.com\/avatar\/ae2f4d718e6c49043e314ce431e7e645d646302a24a5ef5a8bc8e3f5a032e319?s=96&d=mm&r=g","contentUrl":"https:\/\/secure.gravatar.com\/avatar\/ae2f4d718e6c49043e314ce431e7e645d646302a24a5ef5a8bc8e3f5a032e319?s=96&d=mm&r=g","caption":"admin"},"sameAs":["https:\/\/develop.organisator.galledia.ch"],"url":"https:\/\/news.save.ch\/de\/author\/admin\/"}]}},"_links":{"self":[{"href":"https:\/\/news.save.ch\/de\/wp-json\/wp\/v2\/posts\/1646","targetHints":{"allow":["GET"]}}],"collection":[{"href":"https:\/\/news.save.ch\/de\/wp-json\/wp\/v2\/posts"}],"about":[{"href":"https:\/\/news.save.ch\/de\/wp-json\/wp\/v2\/types\/post"}],"author":[{"embeddable":true,"href":"https:\/\/news.save.ch\/de\/wp-json\/wp\/v2\/users\/1"}],"replies":[{"embeddable":true,"href":"https:\/\/news.save.ch\/de\/wp-json\/wp\/v2\/comments?post=1646"}],"version-history":[{"count":0,"href":"https:\/\/news.save.ch\/de\/wp-json\/wp\/v2\/posts\/1646\/revisions"}],"wp:featuredmedia":[{"embeddable":true,"href":"https:\/\/news.save.ch\/de\/wp-json\/wp\/v2\/media\/1648"}],"wp:attachment":[{"href":"https:\/\/news.save.ch\/de\/wp-json\/wp\/v2\/media?parent=1646"}],"wp:term":[{"taxonomy":"category","embeddable":true,"href":"https:\/\/news.save.ch\/de\/wp-json\/wp\/v2\/categories?post=1646"},{"taxonomy":"post_tag","embeddable":true,"href":"https:\/\/news.save.ch\/de\/wp-json\/wp\/v2\/tags?post=1646"}],"curies":[{"name":"wp","href":"https:\/\/api.w.org\/{rel}","templated":true}]}}