{"id":16603,"date":"2015-03-09T14:47:06","date_gmt":"2015-03-09T13:47:06","guid":{"rendered":"http:\/\/dev.safety-plus.ch\/?p=107"},"modified":"2023-03-14T09:03:08","modified_gmt":"2023-03-14T08:03:08","slug":"nationale-strategie-zur-eindaemmung-der-antibiotikaresistenzen","status":null,"type":"post","link":"https:\/\/news.save.ch\/de\/nationale-strategie-zur-eindaemmung-der-antibiotikaresistenzen\/","title":{"rendered":"Nationale Strategie zur Eind\u00e4mmung der Antibiotikaresistenzen"},"content":{"rendered":"<figure id=\"attachment_108\" aria-describedby=\"caption-attachment-108\" style=\"width: 500px\" class=\"wp-caption alignnone\"><img loading=\"lazy\" decoding=\"async\" class=\"wp-image-108 size-full\" src=\"http:\/\/develop.safety-plus.ch\/wp-content\/uploads\/2016\/12\/articleSeedSicherheits2_90_safety-plus.jpeg\" alt=\"Der \u00fcberm\u00e4ssige und teils unsachgem\u00e4sse Einsatz f\u00fchrt dazu, dass immer mehr Bakterien gegen Antibiotika resistent geworden sind.\" width=\"500\" height=\"298\" \/><figcaption id=\"caption-attachment-108\" class=\"wp-caption-text\">Der \u00fcberm\u00e4ssige und teils unsachgem\u00e4sse Einsatz f\u00fchrt dazu, dass immer mehr Bakterien gegen Antibiotika resistent geworden sind.<\/figcaption><\/figure>\n<p>Die Entwicklung von Antibiotika z\u00e4hlt zu den bedeutendsten Fortschritten der Medizin. Dank dieser Medikamente ist es m\u00f6glich, gef\u00e4hrliche Krankheiten wie Lungenentz\u00fcndungen oder Blutvergiftungen zu heilen, die fr\u00fcher oft t\u00f6dlich verlaufen sind. Der \u00fcberm\u00e4ssige und teils unsachgem\u00e4sse Einsatz f\u00fchrt jedoch dazu, dass immer mehr Bakterien gegen Antibiotika resistent geworden sind. Beunruhigend sind vor allem die Zunahme von Resistenzen gegen\u00fcber wichtigen Antibiotikagruppen und die Zunahme an multiresistenten Keimen.<\/p>\n<p>Das Problem der zunehmenden Antibiotikaresistenzen betrifft die Humanmedizin ebenso wie die Tiermedizin und die Landwirtschaft und kann nur gemeinsam und bereichs\u00fcbergreifend gel\u00f6st werden. Der Bundesrat hat die Bek\u00e4mpfung von Resistenzen deshalb in die gesundheitspolitischen Priorit\u00e4ten der &#8222;<a title=\"Link zur gesundheitspolitischen Agenda\" href=\"http:\/\/www.bag.admin.ch\/gesundheit2020\/index.html?lang=de&amp;download=NHzLpZeg7t,lnp6I0NTU042l2Z6ln1acy4Zn4Z2qZpnO2Yuq2Z6gpJCLdIF4gWym162epYbg2c_JjKbNoKSn6A--\" data-cke-saved-href=\"http:\/\/www.bag.admin.ch\/gesundheit2020\/index.html?lang=de&amp;download=NHzLpZeg7t,lnp6I0NTU042l2Z6ln1acy4Zn4Z2qZpnO2Yuq2Z6gpJCLdIF4gWym162epYbg2c_JjKbNoKSn6A--\">Gesundheit 2020<\/a>&#8220; aufgenommen.<\/p>\n<p>Im Auftrag von Bundesrat Alain Berset und Bundesrat Johann Schneider-Ammann haben die drei Bundes\u00e4mter f\u00fcr Gesundheit BAG, Lebensmittelsicherheit und Veterin\u00e4rwesen BLV und Landwirtschaft BLW mit Beteiligung des Bundesamtes f\u00fcr Umwelt BAFU eine breit abgest\u00fctzte Nationale Strategie erarbeitet. Der Strategieentwurf zeigt detailliert auf, wo Handlungsbedarf besteht, welche Ziele erreicht werden sollen und welche Schl\u00fcsselmassnahmen n\u00f6tig sind.<\/p>\n<p>Eine zentrale Massnahme ist die bereichs\u00fcbergreifende \u00dcberwachung der Resistenz-situation und des Antibiotikaverbrauchs in der Humanmedizin, in der Veterin\u00e4rmedizin, in der Landwirtschaft und in der Umwelt. Dazu sollen bestehende L\u00fccken geschlossen und die \u00dcberwachungsresultate in einem gemeinsamen Bericht publiziert werden.<\/p>\n<p>Um die Wirksamkeit der Antibiotika l\u00e4ngerfristig zu erhalten, soll die Pr\u00e4vention verbessert werden. Je mehr Infektionserkrankungen verhindert werden, desto weniger Antibiotika m\u00fcssen zur Therapie eingesetzt werden. Vermeiden lassen sich Infektionen etwa durch die konsequente Umsetzung von Hygienemassnahmen im Spital und im Pflegebereich oder mit einer optimierten Tierhaltung im landwirtschaftlichen Bereich.<\/p>\n<p>Es soll auch vermieden werden, dass Antibiotika unsachgem\u00e4ss eingesetzt werden. Infektionen der Atemwege sind beispielsweise oft prim\u00e4r viraler Natur; trotzdem kommen Antibiotika ohne Notwendigkeit zum Einsatz. Um den unsachgem\u00e4ssen Einsatz dieser Medikamente zu drosseln, sollen als Hilfestellung neue diagnostische Methoden entwickelt werden, um bakterielle bzw. virale Erkrankungen rasch und klar unterscheiden zu k\u00f6nnen. Zus\u00e4tzlich sollen verbindliche Richtlinien zur Verschreibung, Abgabe und Anwendung von Antibiotika dazu beitragen, den Verbrauch von Antibiotika zu reduzieren.<\/p>\n<p>Ein weiteres zentrales Element der Strategie Antibiotikaresistenzen sind die verst\u00e4rkte Sensibilisierung und Weiterbildung der Fachleute und die Information der Bev\u00f6lkerung. Ziel ist es, verst\u00e4ndlich und transparent \u00fcber die Wirkung von Antibiotika und ihre korrekte Anwendung zu informieren.<\/p>\n<p>Die Eind\u00e4mmung von Antibiotikaresistenzen fordert den Einsatz aller betroffenen Kreise. Die wichtigsten Akteure und Interessensgruppen (Kantone, Fachgesellschaften, Expertengruppen, Industrie, Branchen und Verb\u00e4nde etc.) wurden deshalb von Beginn an in die Erarbeitung der Strategie einbezogen. Sie \u00fcbernehmen sp\u00e4ter bei der Strategieumsetzung eine wichtige Rolle.<\/p>\n<p>Das Departement des Innern EDI und das Departement f\u00fcr Wirtschaft, Bildung und Forschung WBF schicken den Strategieentwurf den Kantonen und interessierten Kreisen im Rahmen einer Anh\u00f6rung bis 15. M\u00e4rz 2015 zur Stellungnahme.<\/p>\n","protected":false},"excerpt":{"rendered":"<p>Die Entwicklung von Antibiotika z\u00e4hlt zu den bedeutendsten Fortschritten der Medizin. Dank dieser Medikamente ist es m\u00f6glich, gef\u00e4hrliche Krankheiten wie Lungenentz\u00fcndungen oder Blutvergiftungen zu heilen, die fr\u00fcher oft t\u00f6dlich verlaufen sind. Der \u00fcberm\u00e4ssige und teils unsachgem\u00e4sse Einsatz f\u00fchrt jedoch dazu, dass immer mehr Bakterien gegen Antibiotika resistent geworden sind. Beunruhigend sind vor allem die Zunahme [&hellip;]<\/p>\n","protected":false},"author":1,"featured_media":15968,"comment_status":"open","ping_status":"open","sticky":false,"template":"","format":"standard","meta":{"_acf_changed":false,"pgc_sgb_lightbox_settings":"","footnotes":""},"categories":[3314],"tags":[149,146],"class_list":["post-16603","post","type-post","status-publish","format-standard","has-post-thumbnail","hentry","category-health-safety","tag-gesundheitsschutz","tag-medikamente"],"acf":[],"hkrextid":null,"publication":null,"issue":null,"workflow":null,"startPage":null,"spitzmarke":null,"_posts_by_tag_page_fields":{"widget_title":"","widget_tags":""},"_at_widget":"1","_yoast_wpseo_primary_category":"4","_yoast_wpseo_focuskw_text_input":"Antibiotikaresistenzen","_yoast_wpseo_opengraph-image":null,"_yoast_wpseo_opengraph-description":null,"_yoast_wpseo_opengraph-title":null,"enclosure":null,"_yoast_wpseo_twitter-title":null,"_yoast_wpseo_twitter-description":null,"_yoast_wpseo_twitter-image":null,"_wp_old_slug":null,"_yoast_wpseo_title":null,"_yoast_wpseo_canonical":null,"yoast_head":"<!-- This site is optimized with the Yoast SEO plugin v27.4 - https:\/\/yoast.com\/product\/yoast-seo-wordpress\/ -->\n<title>Nationale Strategie zur Eind\u00e4mmung der Antibiotikaresistenzen - Save<\/title>\n<meta name=\"description\" content=\"Die Zunahme von Antibiotikaresistenzen stellt die \u00f6ffentliche Gesundheit vor grosse Herausforderungen.\" \/>\n<meta name=\"robots\" content=\"index, follow, max-snippet:-1, max-image-preview:large, max-video-preview:-1\" \/>\n<link rel=\"canonical\" href=\"https:\/\/news.save.ch\/de\/nationale-strategie-zur-eindaemmung-der-antibiotikaresistenzen\/\" \/>\n<meta property=\"og:locale\" content=\"de_DE\" \/>\n<meta property=\"og:type\" content=\"article\" \/>\n<meta property=\"og:title\" content=\"Nationale Strategie zur Eind\u00e4mmung der Antibiotikaresistenzen - Save\" \/>\n<meta property=\"og:description\" content=\"Die Zunahme von Antibiotikaresistenzen stellt die \u00f6ffentliche Gesundheit vor grosse Herausforderungen.\" \/>\n<meta property=\"og:url\" content=\"https:\/\/news.save.ch\/de\/nationale-strategie-zur-eindaemmung-der-antibiotikaresistenzen\/\" \/>\n<meta property=\"og:site_name\" content=\"Save\" \/>\n<meta property=\"article:published_time\" content=\"2015-03-09T13:47:06+00:00\" \/>\n<meta property=\"article:modified_time\" content=\"2023-03-14T08:03:08+00:00\" \/>\n<meta property=\"og:image\" content=\"https:\/\/news.save.ch\/wp-content\/uploads\/2016\/12\/articleSeedSicherheits2_90_safety-plus.jpeg\" \/>\n\t<meta property=\"og:image:width\" content=\"500\" \/>\n\t<meta property=\"og:image:height\" content=\"298\" \/>\n\t<meta property=\"og:image:type\" content=\"image\/jpeg\" \/>\n<meta name=\"author\" content=\"admin\" \/>\n<meta name=\"twitter:card\" content=\"summary_large_image\" \/>\n<meta name=\"twitter:label1\" content=\"Geschrieben von\" \/>\n\t<meta name=\"twitter:data1\" content=\"admin\" \/>\n\t<meta name=\"twitter:label2\" content=\"Gesch\u00e4tzte Lesezeit\" \/>\n\t<meta name=\"twitter:data2\" content=\"2\u00a0Minuten\" \/>\n<script type=\"application\/ld+json\" class=\"yoast-schema-graph\">{\"@context\":\"https:\\\/\\\/schema.org\",\"@graph\":[{\"@type\":\"Article\",\"@id\":\"https:\\\/\\\/news.save.ch\\\/nationale-strategie-zur-eindaemmung-der-antibiotikaresistenzen\\\/#article\",\"isPartOf\":{\"@id\":\"https:\\\/\\\/news.save.ch\\\/nationale-strategie-zur-eindaemmung-der-antibiotikaresistenzen\\\/\"},\"author\":{\"name\":\"admin\",\"@id\":\"https:\\\/\\\/news.save.ch\\\/de\\\/#\\\/schema\\\/person\\\/d49e199490bad7c70d64b9ab51142f2b\"},\"headline\":\"Nationale Strategie zur Eind\u00e4mmung der Antibiotikaresistenzen\",\"datePublished\":\"2015-03-09T13:47:06+00:00\",\"dateModified\":\"2023-03-14T08:03:08+00:00\",\"mainEntityOfPage\":{\"@id\":\"https:\\\/\\\/news.save.ch\\\/nationale-strategie-zur-eindaemmung-der-antibiotikaresistenzen\\\/\"},\"wordCount\":505,\"commentCount\":0,\"publisher\":{\"@id\":\"https:\\\/\\\/news.save.ch\\\/de\\\/#organization\"},\"image\":{\"@id\":\"https:\\\/\\\/news.save.ch\\\/nationale-strategie-zur-eindaemmung-der-antibiotikaresistenzen\\\/#primaryimage\"},\"thumbnailUrl\":\"https:\\\/\\\/news.save.ch\\\/wp-content\\\/uploads\\\/2016\\\/12\\\/articleSeedSicherheits2_90_safety-plus.jpeg\",\"keywords\":[\"Gesundheitsschutz\",\"Medikamente\"],\"articleSection\":[\"HEALTH &amp; SAFETY\"],\"inLanguage\":\"de\"},{\"@type\":\"WebPage\",\"@id\":\"https:\\\/\\\/news.save.ch\\\/nationale-strategie-zur-eindaemmung-der-antibiotikaresistenzen\\\/\",\"url\":\"https:\\\/\\\/news.save.ch\\\/nationale-strategie-zur-eindaemmung-der-antibiotikaresistenzen\\\/\",\"name\":\"Nationale Strategie zur Eind\u00e4mmung der Antibiotikaresistenzen - Save\",\"isPartOf\":{\"@id\":\"https:\\\/\\\/news.save.ch\\\/de\\\/#website\"},\"primaryImageOfPage\":{\"@id\":\"https:\\\/\\\/news.save.ch\\\/nationale-strategie-zur-eindaemmung-der-antibiotikaresistenzen\\\/#primaryimage\"},\"image\":{\"@id\":\"https:\\\/\\\/news.save.ch\\\/nationale-strategie-zur-eindaemmung-der-antibiotikaresistenzen\\\/#primaryimage\"},\"thumbnailUrl\":\"https:\\\/\\\/news.save.ch\\\/wp-content\\\/uploads\\\/2016\\\/12\\\/articleSeedSicherheits2_90_safety-plus.jpeg\",\"datePublished\":\"2015-03-09T13:47:06+00:00\",\"dateModified\":\"2023-03-14T08:03:08+00:00\",\"description\":\"Die Zunahme von Antibiotikaresistenzen stellt die \u00f6ffentliche Gesundheit vor grosse Herausforderungen.\",\"breadcrumb\":{\"@id\":\"https:\\\/\\\/news.save.ch\\\/nationale-strategie-zur-eindaemmung-der-antibiotikaresistenzen\\\/#breadcrumb\"},\"inLanguage\":\"de\",\"potentialAction\":[{\"@type\":\"ReadAction\",\"target\":[\"https:\\\/\\\/news.save.ch\\\/nationale-strategie-zur-eindaemmung-der-antibiotikaresistenzen\\\/\"]}]},{\"@type\":\"ImageObject\",\"inLanguage\":\"de\",\"@id\":\"https:\\\/\\\/news.save.ch\\\/nationale-strategie-zur-eindaemmung-der-antibiotikaresistenzen\\\/#primaryimage\",\"url\":\"https:\\\/\\\/news.save.ch\\\/wp-content\\\/uploads\\\/2016\\\/12\\\/articleSeedSicherheits2_90_safety-plus.jpeg\",\"contentUrl\":\"https:\\\/\\\/news.save.ch\\\/wp-content\\\/uploads\\\/2016\\\/12\\\/articleSeedSicherheits2_90_safety-plus.jpeg\",\"width\":500,\"height\":298,\"caption\":\"Der \u00fcberm\u00e4ssige und teils unsachgem\u00e4sse Einsatz f\u00fchrt dazu, dass immer mehr Bakterien gegen Antibiotika resistent geworden sind.\"},{\"@type\":\"BreadcrumbList\",\"@id\":\"https:\\\/\\\/news.save.ch\\\/nationale-strategie-zur-eindaemmung-der-antibiotikaresistenzen\\\/#breadcrumb\",\"itemListElement\":[{\"@type\":\"ListItem\",\"position\":1,\"name\":\"Home\",\"item\":\"https:\\\/\\\/news.save.ch\\\/de\\\/\"},{\"@type\":\"ListItem\",\"position\":2,\"name\":\"Nationale Strategie zur Eind\u00e4mmung der Antibiotikaresistenzen\"}]},{\"@type\":\"WebSite\",\"@id\":\"https:\\\/\\\/news.save.ch\\\/de\\\/#website\",\"url\":\"https:\\\/\\\/news.save.ch\\\/de\\\/\",\"name\":\"Save\",\"description\":\"Schweizer Fachzeitschrift f\u00fcr Sicherheit\",\"publisher\":{\"@id\":\"https:\\\/\\\/news.save.ch\\\/de\\\/#organization\"},\"potentialAction\":[{\"@type\":\"SearchAction\",\"target\":{\"@type\":\"EntryPoint\",\"urlTemplate\":\"https:\\\/\\\/news.save.ch\\\/de\\\/?s={search_term_string}\"},\"query-input\":{\"@type\":\"PropertyValueSpecification\",\"valueRequired\":true,\"valueName\":\"search_term_string\"}}],\"inLanguage\":\"de\"},{\"@type\":\"Organization\",\"@id\":\"https:\\\/\\\/news.save.ch\\\/de\\\/#organization\",\"name\":\"Sicherheitsforum\",\"url\":\"https:\\\/\\\/news.save.ch\\\/de\\\/\",\"logo\":{\"@type\":\"ImageObject\",\"inLanguage\":\"de\",\"@id\":\"https:\\\/\\\/news.save.ch\\\/de\\\/#\\\/schema\\\/logo\\\/image\\\/\",\"url\":\"https:\\\/\\\/news.save.ch\\\/wp-content\\\/uploads\\\/2022\\\/06\\\/Logo_SF_2012.png\",\"contentUrl\":\"https:\\\/\\\/news.save.ch\\\/wp-content\\\/uploads\\\/2022\\\/06\\\/Logo_SF_2012.png\",\"width\":1100,\"height\":91,\"caption\":\"Sicherheitsforum\"},\"image\":{\"@id\":\"https:\\\/\\\/news.save.ch\\\/de\\\/#\\\/schema\\\/logo\\\/image\\\/\"}},{\"@type\":\"Person\",\"@id\":\"https:\\\/\\\/news.save.ch\\\/de\\\/#\\\/schema\\\/person\\\/d49e199490bad7c70d64b9ab51142f2b\",\"name\":\"admin\",\"image\":{\"@type\":\"ImageObject\",\"inLanguage\":\"de\",\"@id\":\"https:\\\/\\\/secure.gravatar.com\\\/avatar\\\/ae2f4d718e6c49043e314ce431e7e645d646302a24a5ef5a8bc8e3f5a032e319?s=96&d=mm&r=g\",\"url\":\"https:\\\/\\\/secure.gravatar.com\\\/avatar\\\/ae2f4d718e6c49043e314ce431e7e645d646302a24a5ef5a8bc8e3f5a032e319?s=96&d=mm&r=g\",\"contentUrl\":\"https:\\\/\\\/secure.gravatar.com\\\/avatar\\\/ae2f4d718e6c49043e314ce431e7e645d646302a24a5ef5a8bc8e3f5a032e319?s=96&d=mm&r=g\",\"caption\":\"admin\"},\"sameAs\":[\"https:\\\/\\\/develop.organisator.galledia.ch\"],\"url\":\"https:\\\/\\\/news.save.ch\\\/de\\\/author\\\/admin\\\/\"}]}<\/script>\n<!-- \/ Yoast SEO plugin. -->","yoast_head_json":{"title":"Nationale Strategie zur Eind\u00e4mmung der Antibiotikaresistenzen - Save","description":"Die Zunahme von Antibiotikaresistenzen stellt die \u00f6ffentliche Gesundheit vor grosse Herausforderungen.","robots":{"index":"index","follow":"follow","max-snippet":"max-snippet:-1","max-image-preview":"max-image-preview:large","max-video-preview":"max-video-preview:-1"},"canonical":"https:\/\/news.save.ch\/de\/nationale-strategie-zur-eindaemmung-der-antibiotikaresistenzen\/","og_locale":"de_DE","og_type":"article","og_title":"Nationale Strategie zur Eind\u00e4mmung der Antibiotikaresistenzen - Save","og_description":"Die Zunahme von Antibiotikaresistenzen stellt die \u00f6ffentliche Gesundheit vor grosse Herausforderungen.","og_url":"https:\/\/news.save.ch\/de\/nationale-strategie-zur-eindaemmung-der-antibiotikaresistenzen\/","og_site_name":"Save","article_published_time":"2015-03-09T13:47:06+00:00","article_modified_time":"2023-03-14T08:03:08+00:00","og_image":[{"width":500,"height":298,"url":"https:\/\/news.save.ch\/wp-content\/uploads\/2016\/12\/articleSeedSicherheits2_90_safety-plus.jpeg","type":"image\/jpeg"}],"author":"admin","twitter_card":"summary_large_image","twitter_misc":{"Geschrieben von":"admin","Gesch\u00e4tzte Lesezeit":"2\u00a0Minuten"},"schema":{"@context":"https:\/\/schema.org","@graph":[{"@type":"Article","@id":"https:\/\/news.save.ch\/nationale-strategie-zur-eindaemmung-der-antibiotikaresistenzen\/#article","isPartOf":{"@id":"https:\/\/news.save.ch\/nationale-strategie-zur-eindaemmung-der-antibiotikaresistenzen\/"},"author":{"name":"admin","@id":"https:\/\/news.save.ch\/de\/#\/schema\/person\/d49e199490bad7c70d64b9ab51142f2b"},"headline":"Nationale Strategie zur Eind\u00e4mmung der Antibiotikaresistenzen","datePublished":"2015-03-09T13:47:06+00:00","dateModified":"2023-03-14T08:03:08+00:00","mainEntityOfPage":{"@id":"https:\/\/news.save.ch\/nationale-strategie-zur-eindaemmung-der-antibiotikaresistenzen\/"},"wordCount":505,"commentCount":0,"publisher":{"@id":"https:\/\/news.save.ch\/de\/#organization"},"image":{"@id":"https:\/\/news.save.ch\/nationale-strategie-zur-eindaemmung-der-antibiotikaresistenzen\/#primaryimage"},"thumbnailUrl":"https:\/\/news.save.ch\/wp-content\/uploads\/2016\/12\/articleSeedSicherheits2_90_safety-plus.jpeg","keywords":["Gesundheitsschutz","Medikamente"],"articleSection":["HEALTH &amp; SAFETY"],"inLanguage":"de"},{"@type":"WebPage","@id":"https:\/\/news.save.ch\/nationale-strategie-zur-eindaemmung-der-antibiotikaresistenzen\/","url":"https:\/\/news.save.ch\/nationale-strategie-zur-eindaemmung-der-antibiotikaresistenzen\/","name":"Nationale Strategie zur Eind\u00e4mmung der Antibiotikaresistenzen - Save","isPartOf":{"@id":"https:\/\/news.save.ch\/de\/#website"},"primaryImageOfPage":{"@id":"https:\/\/news.save.ch\/nationale-strategie-zur-eindaemmung-der-antibiotikaresistenzen\/#primaryimage"},"image":{"@id":"https:\/\/news.save.ch\/nationale-strategie-zur-eindaemmung-der-antibiotikaresistenzen\/#primaryimage"},"thumbnailUrl":"https:\/\/news.save.ch\/wp-content\/uploads\/2016\/12\/articleSeedSicherheits2_90_safety-plus.jpeg","datePublished":"2015-03-09T13:47:06+00:00","dateModified":"2023-03-14T08:03:08+00:00","description":"Die Zunahme von Antibiotikaresistenzen stellt die \u00f6ffentliche Gesundheit vor grosse Herausforderungen.","breadcrumb":{"@id":"https:\/\/news.save.ch\/nationale-strategie-zur-eindaemmung-der-antibiotikaresistenzen\/#breadcrumb"},"inLanguage":"de","potentialAction":[{"@type":"ReadAction","target":["https:\/\/news.save.ch\/nationale-strategie-zur-eindaemmung-der-antibiotikaresistenzen\/"]}]},{"@type":"ImageObject","inLanguage":"de","@id":"https:\/\/news.save.ch\/nationale-strategie-zur-eindaemmung-der-antibiotikaresistenzen\/#primaryimage","url":"https:\/\/news.save.ch\/wp-content\/uploads\/2016\/12\/articleSeedSicherheits2_90_safety-plus.jpeg","contentUrl":"https:\/\/news.save.ch\/wp-content\/uploads\/2016\/12\/articleSeedSicherheits2_90_safety-plus.jpeg","width":500,"height":298,"caption":"Der \u00fcberm\u00e4ssige und teils unsachgem\u00e4sse Einsatz f\u00fchrt dazu, dass immer mehr Bakterien gegen Antibiotika resistent geworden sind."},{"@type":"BreadcrumbList","@id":"https:\/\/news.save.ch\/nationale-strategie-zur-eindaemmung-der-antibiotikaresistenzen\/#breadcrumb","itemListElement":[{"@type":"ListItem","position":1,"name":"Home","item":"https:\/\/news.save.ch\/de\/"},{"@type":"ListItem","position":2,"name":"Nationale Strategie zur Eind\u00e4mmung der Antibiotikaresistenzen"}]},{"@type":"WebSite","@id":"https:\/\/news.save.ch\/de\/#website","url":"https:\/\/news.save.ch\/de\/","name":"Save","description":"Schweizer Fachzeitschrift f\u00fcr Sicherheit","publisher":{"@id":"https:\/\/news.save.ch\/de\/#organization"},"potentialAction":[{"@type":"SearchAction","target":{"@type":"EntryPoint","urlTemplate":"https:\/\/news.save.ch\/de\/?s={search_term_string}"},"query-input":{"@type":"PropertyValueSpecification","valueRequired":true,"valueName":"search_term_string"}}],"inLanguage":"de"},{"@type":"Organization","@id":"https:\/\/news.save.ch\/de\/#organization","name":"Sicherheitsforum","url":"https:\/\/news.save.ch\/de\/","logo":{"@type":"ImageObject","inLanguage":"de","@id":"https:\/\/news.save.ch\/de\/#\/schema\/logo\/image\/","url":"https:\/\/news.save.ch\/wp-content\/uploads\/2022\/06\/Logo_SF_2012.png","contentUrl":"https:\/\/news.save.ch\/wp-content\/uploads\/2022\/06\/Logo_SF_2012.png","width":1100,"height":91,"caption":"Sicherheitsforum"},"image":{"@id":"https:\/\/news.save.ch\/de\/#\/schema\/logo\/image\/"}},{"@type":"Person","@id":"https:\/\/news.save.ch\/de\/#\/schema\/person\/d49e199490bad7c70d64b9ab51142f2b","name":"admin","image":{"@type":"ImageObject","inLanguage":"de","@id":"https:\/\/secure.gravatar.com\/avatar\/ae2f4d718e6c49043e314ce431e7e645d646302a24a5ef5a8bc8e3f5a032e319?s=96&d=mm&r=g","url":"https:\/\/secure.gravatar.com\/avatar\/ae2f4d718e6c49043e314ce431e7e645d646302a24a5ef5a8bc8e3f5a032e319?s=96&d=mm&r=g","contentUrl":"https:\/\/secure.gravatar.com\/avatar\/ae2f4d718e6c49043e314ce431e7e645d646302a24a5ef5a8bc8e3f5a032e319?s=96&d=mm&r=g","caption":"admin"},"sameAs":["https:\/\/develop.organisator.galledia.ch"],"url":"https:\/\/news.save.ch\/de\/author\/admin\/"}]}},"_links":{"self":[{"href":"https:\/\/news.save.ch\/de\/wp-json\/wp\/v2\/posts\/16603","targetHints":{"allow":["GET"]}}],"collection":[{"href":"https:\/\/news.save.ch\/de\/wp-json\/wp\/v2\/posts"}],"about":[{"href":"https:\/\/news.save.ch\/de\/wp-json\/wp\/v2\/types\/post"}],"author":[{"embeddable":true,"href":"https:\/\/news.save.ch\/de\/wp-json\/wp\/v2\/users\/1"}],"replies":[{"embeddable":true,"href":"https:\/\/news.save.ch\/de\/wp-json\/wp\/v2\/comments?post=16603"}],"version-history":[{"count":1,"href":"https:\/\/news.save.ch\/de\/wp-json\/wp\/v2\/posts\/16603\/revisions"}],"predecessor-version":[{"id":18868,"href":"https:\/\/news.save.ch\/de\/wp-json\/wp\/v2\/posts\/16603\/revisions\/18868"}],"wp:featuredmedia":[{"embeddable":true,"href":"https:\/\/news.save.ch\/de\/wp-json\/wp\/v2\/media\/15968"}],"wp:attachment":[{"href":"https:\/\/news.save.ch\/de\/wp-json\/wp\/v2\/media?parent=16603"}],"wp:term":[{"taxonomy":"category","embeddable":true,"href":"https:\/\/news.save.ch\/de\/wp-json\/wp\/v2\/categories?post=16603"},{"taxonomy":"post_tag","embeddable":true,"href":"https:\/\/news.save.ch\/de\/wp-json\/wp\/v2\/tags?post=16603"}],"curies":[{"name":"wp","href":"https:\/\/api.w.org\/{rel}","templated":true}]}}