{"id":1661,"date":"2015-08-25T12:04:18","date_gmt":"2015-08-25T10:04:18","guid":{"rendered":"https:\/\/dev.sicherheitsforum.ch\/?p=1661"},"modified":"2015-08-25T12:04:18","modified_gmt":"2015-08-25T10:04:18","slug":"sonderschau-risikomanagement-von-naturgefahren","status":null,"type":"post","link":"https:\/\/news.save.ch\/de\/sonderschau-risikomanagement-von-naturgefahren\/","title":{"rendered":"Sonderschau \u201eRisikomanagement von Naturgefahren\u201c"},"content":{"rendered":"<p><img loading=\"lazy\" decoding=\"async\" class=\"alignnone size-medium wp-image-1663\" src=\"https:\/\/sicherheitsforum.ch\/wp-content\/uploads\/2016\/12\/Sonderschau-\u201eRisikomanagement-von-Naturgefahren\u201c-sicherheitsforum.jpg\" alt=\"\" width=\"680\" height=\"418\" \/><\/p>\n<p>Der Umgang mit Naturgefahren wird immer wichtiger. Daher wird die Sonderschau auch dieses Jahr wieder von hochkar\u00e4tigen Referenten geleitet, die sowohl die Gef\u00e4hrdung und Risiken als auch die Pr\u00e4vention und Intervention beleuchten. Aktuelle Themen wie Risikobasierter Umgang mit Hochwasser, Anpassung an den Klimawandel oder auch Schutz vor Naturgefahren werden mit Fallbeispielen aus der Praxis pr\u00e4sentiert. Ausserdem berichten Funktion\u00e4re aller Stufen in einer Podiumsdiskussion \u00fcber Erkenntnisse und Lehren aus dem Unwettereinsatz im Emmental 2014. Die Anwesenheit der Naturgefahren-Experten verspricht Wissenstransfer aus der Praxis und erm\u00f6glicht den Austausch auf h\u00f6chstem Niveau. Insbesondere Sicherheitsbeauftragte von Unternehmen finden in diesem Forum den idealen Einstieg, um sich sowohl f\u00fcr den Standortcheck als auch bez\u00fcglich m\u00f6glicher Massnahmen zur Begrenzung der Risiken mit Partnern aus Beh\u00f6rde, Forschung und Praxis zu unterhalten. Die beiden Verb\u00e4nde VKF (Vereinigung Kantonaler Feuerversicherungen) und SIA (Schweizerischer Ingenieur- und Architektenverein) unterst\u00fctzen das Forum und die Themenschwerpunkte \u201eSchutz von Geb\u00e4uden gegen Naturgefahren\u201c.<\/p>\n<p>Rund ums Forum sind im Ausstellungsbereich die Dienstleister und Produktehersteller vertreten. So k\u00f6nnen zu allen behandelten Themen L\u00f6sungsans\u00e4tze gefunden werden. Die Konzeption und Organisation der Sonderschau steht unter der Leitung von Egli Engineering AG und findet in der Halle 6 statt. Die Teilnahme an den Vortr\u00e4gen ist f\u00fcr alle Besucher der Messe kostenlos.<\/p>\n<p>Die Messe bietet ein umfassendes Bild der Sicherheitsbranche und ihren Entwicklungen. Alle Informationen zur SICHERHEIT, zum <a title=\"direkt zum Fachkongress\" href=\"https:\/\/www.save.ch\/notfall\/sicherheits-fachkongress-2015-11-10-bis-13\/\" target=\"_blank\" data-cke-saved-href=\"https:\/\/www.save.ch\/notfall\/sicherheits-fachkongress-2015-11-10-bis-13\/\" rel=\"noopener\">Fachkongress<\/a> und zur Sonderschau sowie die aktuellen Programme sind <a href=\"https:\/\/www.sicherheit-messe.ch\" target=\"_blank\" data-cke-saved-href=\"https:\/\/www.sicherheit-messe.ch\" rel=\"noopener\">hier<\/a> erh\u00e4ltlich.<\/p>\n","protected":false},"excerpt":{"rendered":"<p>Der Umgang mit Naturgefahren wird immer wichtiger. Daher wird die Sonderschau auch dieses Jahr wieder von hochkar\u00e4tigen Referenten geleitet, die sowohl die Gef\u00e4hrdung und Risiken als auch die Pr\u00e4vention und Intervention beleuchten. Aktuelle Themen wie Risikobasierter Umgang mit Hochwasser, Anpassung an den Klimawandel oder auch Schutz vor Naturgefahren werden mit Fallbeispielen aus der Praxis pr\u00e4sentiert. [&hellip;]<\/p>\n","protected":false},"author":1,"featured_media":1663,"comment_status":"open","ping_status":"open","sticky":false,"template":"","format":"standard","meta":{"_acf_changed":false,"pgc_sgb_lightbox_settings":"","footnotes":""},"categories":[1],"tags":[109,170],"class_list":["post-1661","post","type-post","status-publish","format-standard","has-post-thumbnail","hentry","category-allgemein","tag-aus-und-weiterbildung","tag-naturgefahren"],"acf":[],"hkrextid":null,"publication":null,"issue":null,"workflow":null,"startPage":null,"spitzmarke":null,"_posts_by_tag_page_fields":{"widget_title":"","widget_tags":""},"_at_widget":"1","_yoast_wpseo_primary_category":"1","_yoast_wpseo_focuskw_text_input":"Naturgefahren","_yoast_wpseo_opengraph-image":"https:\/\/sicherheitsforum.ch\/wp-content\/uploads\/2016\/12\/Sonderschau-\u201eRisikomanagement-von-Naturgefahren\u201c-sicherheitsforum.jpg","_yoast_wpseo_opengraph-description":"An der nationalen Fachmesse SICHERHEIT in Z\u00fcrich wird der Fokus der Sonderschau erneut auf \u201eRisikomanagement von Naturgefahren\u201c gelegt. Somit bietet der Anlass vom 10. bis 13. November 2015 eine ideale Plattform f\u00fcr den Austausch zwischen Gefahrenexperten und Sicherheitsbeauftragten, wie die Veranstalter schreiben.","_yoast_wpseo_opengraph-title":"Sonderschau \u201eRisikomanagement von Naturgefahren\u201c","enclosure":null,"_yoast_wpseo_twitter-title":null,"_yoast_wpseo_twitter-description":null,"_yoast_wpseo_twitter-image":null,"_wp_old_slug":null,"_yoast_wpseo_title":null,"_yoast_wpseo_canonical":null,"yoast_head":"<!-- This site is optimized with the Yoast SEO plugin v27.5 - https:\/\/yoast.com\/product\/yoast-seo-wordpress\/ -->\n<title>Sonderschau \u201eRisikomanagement von Naturgefahren\u201c - Save<\/title>\n<meta name=\"description\" content=\"An der nationalen Fachmesse SICHERHEIT in Z\u00fcrich wird der Fokus der Sonderschau auf \u201eRisikomanagement von Naturgefahren\u201c gelegt.\" \/>\n<meta name=\"robots\" content=\"index, follow, max-snippet:-1, max-image-preview:large, max-video-preview:-1\" \/>\n<link rel=\"canonical\" href=\"https:\/\/news.save.ch\/de\/sonderschau-risikomanagement-von-naturgefahren\/\" \/>\n<meta property=\"og:locale\" content=\"de_DE\" \/>\n<meta property=\"og:type\" content=\"article\" \/>\n<meta property=\"og:title\" content=\"Sonderschau \u201eRisikomanagement von Naturgefahren\u201c\" \/>\n<meta property=\"og:description\" content=\"An der nationalen Fachmesse SICHERHEIT in Z\u00fcrich wird der Fokus der Sonderschau erneut auf \u201eRisikomanagement von Naturgefahren\u201c gelegt. Somit bietet der Anlass vom 10. bis 13. November 2015 eine ideale Plattform f\u00fcr den Austausch zwischen Gefahrenexperten und Sicherheitsbeauftragten, wie die Veranstalter schreiben.\" \/>\n<meta property=\"og:url\" content=\"https:\/\/news.save.ch\/de\/sonderschau-risikomanagement-von-naturgefahren\/\" \/>\n<meta property=\"og:site_name\" content=\"Save\" \/>\n<meta property=\"article:published_time\" content=\"2015-08-25T10:04:18+00:00\" \/>\n<meta property=\"og:image\" content=\"https:\/\/sicherheitsforum.ch\/wp-content\/uploads\/2016\/12\/Sonderschau-\u201eRisikomanagement-von-Naturgefahren\u201c-sicherheitsforum.jpg\" \/>\n<meta name=\"author\" content=\"admin\" \/>\n<meta name=\"twitter:card\" content=\"summary_large_image\" \/>\n<meta name=\"twitter:label1\" content=\"Geschrieben von\" \/>\n\t<meta name=\"twitter:data1\" content=\"admin\" \/>\n\t<meta name=\"twitter:label2\" content=\"Gesch\u00e4tzte Lesezeit\" \/>\n\t<meta name=\"twitter:data2\" content=\"1\u00a0Minute\" \/>\n<script type=\"application\/ld+json\" class=\"yoast-schema-graph\">{\"@context\":\"https:\\\/\\\/schema.org\",\"@graph\":[{\"@type\":\"Article\",\"@id\":\"https:\\\/\\\/news.save.ch\\\/sonderschau-risikomanagement-von-naturgefahren\\\/#article\",\"isPartOf\":{\"@id\":\"https:\\\/\\\/news.save.ch\\\/sonderschau-risikomanagement-von-naturgefahren\\\/\"},\"author\":{\"name\":\"admin\",\"@id\":\"https:\\\/\\\/news.save.ch\\\/de\\\/#\\\/schema\\\/person\\\/d49e199490bad7c70d64b9ab51142f2b\"},\"headline\":\"Sonderschau \u201eRisikomanagement von Naturgefahren\u201c\",\"datePublished\":\"2015-08-25T10:04:18+00:00\",\"mainEntityOfPage\":{\"@id\":\"https:\\\/\\\/news.save.ch\\\/sonderschau-risikomanagement-von-naturgefahren\\\/\"},\"wordCount\":250,\"commentCount\":0,\"publisher\":{\"@id\":\"https:\\\/\\\/news.save.ch\\\/de\\\/#organization\"},\"image\":{\"@id\":\"https:\\\/\\\/news.save.ch\\\/sonderschau-risikomanagement-von-naturgefahren\\\/#primaryimage\"},\"thumbnailUrl\":\"https:\\\/\\\/news.save.ch\\\/wp-content\\\/uploads\\\/2016\\\/12\\\/Sonderschau-\u201eRisikomanagement-von-Naturgefahren-sicherheitsforum-scaled.jpg\",\"keywords\":[\"Aus- und Weiterbildung\",\"Naturgefahren\"],\"articleSection\":[\"ALLGEMEIN\"],\"inLanguage\":\"de\"},{\"@type\":\"WebPage\",\"@id\":\"https:\\\/\\\/news.save.ch\\\/sonderschau-risikomanagement-von-naturgefahren\\\/\",\"url\":\"https:\\\/\\\/news.save.ch\\\/sonderschau-risikomanagement-von-naturgefahren\\\/\",\"name\":\"Sonderschau \u201eRisikomanagement von Naturgefahren\u201c - Save\",\"isPartOf\":{\"@id\":\"https:\\\/\\\/news.save.ch\\\/de\\\/#website\"},\"primaryImageOfPage\":{\"@id\":\"https:\\\/\\\/news.save.ch\\\/sonderschau-risikomanagement-von-naturgefahren\\\/#primaryimage\"},\"image\":{\"@id\":\"https:\\\/\\\/news.save.ch\\\/sonderschau-risikomanagement-von-naturgefahren\\\/#primaryimage\"},\"thumbnailUrl\":\"https:\\\/\\\/news.save.ch\\\/wp-content\\\/uploads\\\/2016\\\/12\\\/Sonderschau-\u201eRisikomanagement-von-Naturgefahren-sicherheitsforum-scaled.jpg\",\"datePublished\":\"2015-08-25T10:04:18+00:00\",\"description\":\"An der nationalen Fachmesse SICHERHEIT in Z\u00fcrich wird der Fokus der Sonderschau auf \u201eRisikomanagement von Naturgefahren\u201c gelegt.\",\"breadcrumb\":{\"@id\":\"https:\\\/\\\/news.save.ch\\\/sonderschau-risikomanagement-von-naturgefahren\\\/#breadcrumb\"},\"inLanguage\":\"de\",\"potentialAction\":[{\"@type\":\"ReadAction\",\"target\":[\"https:\\\/\\\/news.save.ch\\\/sonderschau-risikomanagement-von-naturgefahren\\\/\"]}]},{\"@type\":\"ImageObject\",\"inLanguage\":\"de\",\"@id\":\"https:\\\/\\\/news.save.ch\\\/sonderschau-risikomanagement-von-naturgefahren\\\/#primaryimage\",\"url\":\"https:\\\/\\\/news.save.ch\\\/wp-content\\\/uploads\\\/2016\\\/12\\\/Sonderschau-\u201eRisikomanagement-von-Naturgefahren-sicherheitsforum-scaled.jpg\",\"contentUrl\":\"https:\\\/\\\/news.save.ch\\\/wp-content\\\/uploads\\\/2016\\\/12\\\/Sonderschau-\u201eRisikomanagement-von-Naturgefahren-sicherheitsforum-scaled.jpg\",\"width\":1400,\"height\":860},{\"@type\":\"BreadcrumbList\",\"@id\":\"https:\\\/\\\/news.save.ch\\\/sonderschau-risikomanagement-von-naturgefahren\\\/#breadcrumb\",\"itemListElement\":[{\"@type\":\"ListItem\",\"position\":1,\"name\":\"Home\",\"item\":\"https:\\\/\\\/news.save.ch\\\/de\\\/\"},{\"@type\":\"ListItem\",\"position\":2,\"name\":\"Sonderschau \u201eRisikomanagement von Naturgefahren\u201c\"}]},{\"@type\":\"WebSite\",\"@id\":\"https:\\\/\\\/news.save.ch\\\/de\\\/#website\",\"url\":\"https:\\\/\\\/news.save.ch\\\/de\\\/\",\"name\":\"Save\",\"description\":\"Schweizer Fachzeitschrift f\u00fcr Sicherheit\",\"publisher\":{\"@id\":\"https:\\\/\\\/news.save.ch\\\/de\\\/#organization\"},\"potentialAction\":[{\"@type\":\"SearchAction\",\"target\":{\"@type\":\"EntryPoint\",\"urlTemplate\":\"https:\\\/\\\/news.save.ch\\\/de\\\/?s={search_term_string}\"},\"query-input\":{\"@type\":\"PropertyValueSpecification\",\"valueRequired\":true,\"valueName\":\"search_term_string\"}}],\"inLanguage\":\"de\"},{\"@type\":\"Organization\",\"@id\":\"https:\\\/\\\/news.save.ch\\\/de\\\/#organization\",\"name\":\"Sicherheitsforum\",\"url\":\"https:\\\/\\\/news.save.ch\\\/de\\\/\",\"logo\":{\"@type\":\"ImageObject\",\"inLanguage\":\"de\",\"@id\":\"https:\\\/\\\/news.save.ch\\\/de\\\/#\\\/schema\\\/logo\\\/image\\\/\",\"url\":\"https:\\\/\\\/news.save.ch\\\/wp-content\\\/uploads\\\/2022\\\/06\\\/Logo_SF_2012.png\",\"contentUrl\":\"https:\\\/\\\/news.save.ch\\\/wp-content\\\/uploads\\\/2022\\\/06\\\/Logo_SF_2012.png\",\"width\":1100,\"height\":91,\"caption\":\"Sicherheitsforum\"},\"image\":{\"@id\":\"https:\\\/\\\/news.save.ch\\\/de\\\/#\\\/schema\\\/logo\\\/image\\\/\"}},{\"@type\":\"Person\",\"@id\":\"https:\\\/\\\/news.save.ch\\\/de\\\/#\\\/schema\\\/person\\\/d49e199490bad7c70d64b9ab51142f2b\",\"name\":\"admin\",\"image\":{\"@type\":\"ImageObject\",\"inLanguage\":\"de\",\"@id\":\"https:\\\/\\\/secure.gravatar.com\\\/avatar\\\/ae2f4d718e6c49043e314ce431e7e645d646302a24a5ef5a8bc8e3f5a032e319?s=96&d=mm&r=g\",\"url\":\"https:\\\/\\\/secure.gravatar.com\\\/avatar\\\/ae2f4d718e6c49043e314ce431e7e645d646302a24a5ef5a8bc8e3f5a032e319?s=96&d=mm&r=g\",\"contentUrl\":\"https:\\\/\\\/secure.gravatar.com\\\/avatar\\\/ae2f4d718e6c49043e314ce431e7e645d646302a24a5ef5a8bc8e3f5a032e319?s=96&d=mm&r=g\",\"caption\":\"admin\"},\"sameAs\":[\"https:\\\/\\\/develop.organisator.galledia.ch\"],\"url\":\"https:\\\/\\\/news.save.ch\\\/de\\\/author\\\/admin\\\/\"}]}<\/script>\n<!-- \/ Yoast SEO plugin. -->","yoast_head_json":{"title":"Sonderschau \u201eRisikomanagement von Naturgefahren\u201c - Save","description":"An der nationalen Fachmesse SICHERHEIT in Z\u00fcrich wird der Fokus der Sonderschau auf \u201eRisikomanagement von Naturgefahren\u201c gelegt.","robots":{"index":"index","follow":"follow","max-snippet":"max-snippet:-1","max-image-preview":"max-image-preview:large","max-video-preview":"max-video-preview:-1"},"canonical":"https:\/\/news.save.ch\/de\/sonderschau-risikomanagement-von-naturgefahren\/","og_locale":"de_DE","og_type":"article","og_title":"Sonderschau \u201eRisikomanagement von Naturgefahren\u201c","og_description":"An der nationalen Fachmesse SICHERHEIT in Z\u00fcrich wird der Fokus der Sonderschau erneut auf \u201eRisikomanagement von Naturgefahren\u201c gelegt. Somit bietet der Anlass vom 10. bis 13. November 2015 eine ideale Plattform f\u00fcr den Austausch zwischen Gefahrenexperten und Sicherheitsbeauftragten, wie die Veranstalter schreiben.","og_url":"https:\/\/news.save.ch\/de\/sonderschau-risikomanagement-von-naturgefahren\/","og_site_name":"Save","article_published_time":"2015-08-25T10:04:18+00:00","og_image":[{"url":"https:\/\/sicherheitsforum.ch\/wp-content\/uploads\/2016\/12\/Sonderschau-\u201eRisikomanagement-von-Naturgefahren\u201c-sicherheitsforum.jpg","type":"","width":"","height":""}],"author":"admin","twitter_card":"summary_large_image","twitter_misc":{"Geschrieben von":"admin","Gesch\u00e4tzte Lesezeit":"1\u00a0Minute"},"schema":{"@context":"https:\/\/schema.org","@graph":[{"@type":"Article","@id":"https:\/\/news.save.ch\/sonderschau-risikomanagement-von-naturgefahren\/#article","isPartOf":{"@id":"https:\/\/news.save.ch\/sonderschau-risikomanagement-von-naturgefahren\/"},"author":{"name":"admin","@id":"https:\/\/news.save.ch\/de\/#\/schema\/person\/d49e199490bad7c70d64b9ab51142f2b"},"headline":"Sonderschau \u201eRisikomanagement von Naturgefahren\u201c","datePublished":"2015-08-25T10:04:18+00:00","mainEntityOfPage":{"@id":"https:\/\/news.save.ch\/sonderschau-risikomanagement-von-naturgefahren\/"},"wordCount":250,"commentCount":0,"publisher":{"@id":"https:\/\/news.save.ch\/de\/#organization"},"image":{"@id":"https:\/\/news.save.ch\/sonderschau-risikomanagement-von-naturgefahren\/#primaryimage"},"thumbnailUrl":"https:\/\/news.save.ch\/wp-content\/uploads\/2016\/12\/Sonderschau-\u201eRisikomanagement-von-Naturgefahren-sicherheitsforum-scaled.jpg","keywords":["Aus- und Weiterbildung","Naturgefahren"],"articleSection":["ALLGEMEIN"],"inLanguage":"de"},{"@type":"WebPage","@id":"https:\/\/news.save.ch\/sonderschau-risikomanagement-von-naturgefahren\/","url":"https:\/\/news.save.ch\/sonderschau-risikomanagement-von-naturgefahren\/","name":"Sonderschau \u201eRisikomanagement von Naturgefahren\u201c - Save","isPartOf":{"@id":"https:\/\/news.save.ch\/de\/#website"},"primaryImageOfPage":{"@id":"https:\/\/news.save.ch\/sonderschau-risikomanagement-von-naturgefahren\/#primaryimage"},"image":{"@id":"https:\/\/news.save.ch\/sonderschau-risikomanagement-von-naturgefahren\/#primaryimage"},"thumbnailUrl":"https:\/\/news.save.ch\/wp-content\/uploads\/2016\/12\/Sonderschau-\u201eRisikomanagement-von-Naturgefahren-sicherheitsforum-scaled.jpg","datePublished":"2015-08-25T10:04:18+00:00","description":"An der nationalen Fachmesse SICHERHEIT in Z\u00fcrich wird der Fokus der Sonderschau auf \u201eRisikomanagement von Naturgefahren\u201c gelegt.","breadcrumb":{"@id":"https:\/\/news.save.ch\/sonderschau-risikomanagement-von-naturgefahren\/#breadcrumb"},"inLanguage":"de","potentialAction":[{"@type":"ReadAction","target":["https:\/\/news.save.ch\/sonderschau-risikomanagement-von-naturgefahren\/"]}]},{"@type":"ImageObject","inLanguage":"de","@id":"https:\/\/news.save.ch\/sonderschau-risikomanagement-von-naturgefahren\/#primaryimage","url":"https:\/\/news.save.ch\/wp-content\/uploads\/2016\/12\/Sonderschau-\u201eRisikomanagement-von-Naturgefahren-sicherheitsforum-scaled.jpg","contentUrl":"https:\/\/news.save.ch\/wp-content\/uploads\/2016\/12\/Sonderschau-\u201eRisikomanagement-von-Naturgefahren-sicherheitsforum-scaled.jpg","width":1400,"height":860},{"@type":"BreadcrumbList","@id":"https:\/\/news.save.ch\/sonderschau-risikomanagement-von-naturgefahren\/#breadcrumb","itemListElement":[{"@type":"ListItem","position":1,"name":"Home","item":"https:\/\/news.save.ch\/de\/"},{"@type":"ListItem","position":2,"name":"Sonderschau \u201eRisikomanagement von Naturgefahren\u201c"}]},{"@type":"WebSite","@id":"https:\/\/news.save.ch\/de\/#website","url":"https:\/\/news.save.ch\/de\/","name":"Save","description":"Schweizer Fachzeitschrift f\u00fcr Sicherheit","publisher":{"@id":"https:\/\/news.save.ch\/de\/#organization"},"potentialAction":[{"@type":"SearchAction","target":{"@type":"EntryPoint","urlTemplate":"https:\/\/news.save.ch\/de\/?s={search_term_string}"},"query-input":{"@type":"PropertyValueSpecification","valueRequired":true,"valueName":"search_term_string"}}],"inLanguage":"de"},{"@type":"Organization","@id":"https:\/\/news.save.ch\/de\/#organization","name":"Sicherheitsforum","url":"https:\/\/news.save.ch\/de\/","logo":{"@type":"ImageObject","inLanguage":"de","@id":"https:\/\/news.save.ch\/de\/#\/schema\/logo\/image\/","url":"https:\/\/news.save.ch\/wp-content\/uploads\/2022\/06\/Logo_SF_2012.png","contentUrl":"https:\/\/news.save.ch\/wp-content\/uploads\/2022\/06\/Logo_SF_2012.png","width":1100,"height":91,"caption":"Sicherheitsforum"},"image":{"@id":"https:\/\/news.save.ch\/de\/#\/schema\/logo\/image\/"}},{"@type":"Person","@id":"https:\/\/news.save.ch\/de\/#\/schema\/person\/d49e199490bad7c70d64b9ab51142f2b","name":"admin","image":{"@type":"ImageObject","inLanguage":"de","@id":"https:\/\/secure.gravatar.com\/avatar\/ae2f4d718e6c49043e314ce431e7e645d646302a24a5ef5a8bc8e3f5a032e319?s=96&d=mm&r=g","url":"https:\/\/secure.gravatar.com\/avatar\/ae2f4d718e6c49043e314ce431e7e645d646302a24a5ef5a8bc8e3f5a032e319?s=96&d=mm&r=g","contentUrl":"https:\/\/secure.gravatar.com\/avatar\/ae2f4d718e6c49043e314ce431e7e645d646302a24a5ef5a8bc8e3f5a032e319?s=96&d=mm&r=g","caption":"admin"},"sameAs":["https:\/\/develop.organisator.galledia.ch"],"url":"https:\/\/news.save.ch\/de\/author\/admin\/"}]}},"_links":{"self":[{"href":"https:\/\/news.save.ch\/de\/wp-json\/wp\/v2\/posts\/1661","targetHints":{"allow":["GET"]}}],"collection":[{"href":"https:\/\/news.save.ch\/de\/wp-json\/wp\/v2\/posts"}],"about":[{"href":"https:\/\/news.save.ch\/de\/wp-json\/wp\/v2\/types\/post"}],"author":[{"embeddable":true,"href":"https:\/\/news.save.ch\/de\/wp-json\/wp\/v2\/users\/1"}],"replies":[{"embeddable":true,"href":"https:\/\/news.save.ch\/de\/wp-json\/wp\/v2\/comments?post=1661"}],"version-history":[{"count":0,"href":"https:\/\/news.save.ch\/de\/wp-json\/wp\/v2\/posts\/1661\/revisions"}],"wp:featuredmedia":[{"embeddable":true,"href":"https:\/\/news.save.ch\/de\/wp-json\/wp\/v2\/media\/1663"}],"wp:attachment":[{"href":"https:\/\/news.save.ch\/de\/wp-json\/wp\/v2\/media?parent=1661"}],"wp:term":[{"taxonomy":"category","embeddable":true,"href":"https:\/\/news.save.ch\/de\/wp-json\/wp\/v2\/categories?post=1661"},{"taxonomy":"post_tag","embeddable":true,"href":"https:\/\/news.save.ch\/de\/wp-json\/wp\/v2\/tags?post=1661"}],"curies":[{"name":"wp","href":"https:\/\/api.w.org\/{rel}","templated":true}]}}