{"id":16649,"date":"2015-05-18T11:04:34","date_gmt":"2015-05-18T09:04:34","guid":{"rendered":"http:\/\/dev.safety-plus.ch\/?p=312"},"modified":"2023-03-14T09:04:31","modified_gmt":"2023-03-14T08:04:31","slug":"krippenarbeit-belastet","status":null,"type":"post","link":"https:\/\/news.save.ch\/de\/krippenarbeit-belastet\/","title":{"rendered":"Krippenarbeit belastet"},"content":{"rendered":"<figure id=\"attachment_314\" aria-describedby=\"caption-attachment-314\" style=\"width: 680px\" class=\"wp-caption alignnone\"><img loading=\"lazy\" decoding=\"async\" class=\"wp-image-314 size-medium\" src=\"http:\/\/develop.safety-plus.ch\/wp-content\/uploads\/2016\/12\/Krippenarbeit-belastet_safety-plus.jpeg\" alt=\"Mitarbeitende in Kindertagesst\u00e4tten leiden oft unter Muskel-Skelett-Erkrankungen - etwa wegen ergonomisch ungen\u00fcgenden M\u00f6beln.\" width=\"680\" height=\"453\" \/><figcaption id=\"caption-attachment-314\" class=\"wp-caption-text\">Mitarbeitende in Kindertagesst\u00e4tten leiden oft unter Muskel-Skelett-Erkrankungen &#8211; etwa wegen ergonomisch ungen\u00fcgenden M\u00f6beln.<\/figcaption><\/figure>\n<p>Wer eigene Kinder hat, den \u00fcberrascht es wohl nicht: Die Arbeit von Erzieherinnen und Erziehern in Kindertagesst\u00e4tten belastet deren Muskel-Skelett-System stark.<\/p>\n<p>Die Deutsche Gesetzliche Unfallversicherung DGUV hat in einer Studie erstmals die Belastungssituation des p\u00e4dagogischen Personals untersucht und Massnahmen entwickelt, um k\u00fcnftig Beschwerden und Erkrankungen vorzubeugen.<\/p>\n<p>Das Projekt,\u00a0<a href=\"http:\/\/www.dguv.de\/ifa\/Publikationen\/Reports-Download\/Reports-2015\/IFA-Report-2-2015\/index.jsp\" target=\"_blank\" data-cke-saved-href=\"http:\/\/www.dguv.de\/ifa\/Publikationen\/Reports-Download\/Reports-2015\/IFA-Report-2-2015\/index.jsp\" rel=\"noopener\">ErgoKita <\/a>genannt, zeichnete detailliert auf, wie stark das Muskel-Skelett-System der Erzieherinnen und Erzieher in Deutschland belastet ist, und welche Arbeitsbedingungen daf\u00fcr Ausschlag gebend sind.<\/p>\n<p>In der Folge wurden in sechs Einrichtungen exemplarisch Ver\u00e4nderungen implementiert und beobachtet, welche Effekte diese mit sich bringen. So wurden ergonomische M\u00f6bel aufgestellt, Verhaltensschulungen durchgef\u00fchrt und die R\u00e4ume so umgestaltet, dass Umr\u00e4umearbeiten m\u00f6glichst stark reduziert wurden.<\/p>\n<p>Das Ergebnis: Ung\u00fcnstige K\u00f6rperhatungen liessen sich durch die Massnahmen nachhaltig vermeiden.<\/p>\n<p>Zu den <a title=\"Link zur Studie\" href=\"http:\/\/www.dguv.de\/medien\/ifa\/de\/pub\/rep\/pdf\/reports2015\/rep0215text.pdf\" target=\"_blank\" data-cke-saved-href=\"http:\/\/www.dguv.de\/medien\/ifa\/de\/pub\/rep\/pdf\/reports2015\/rep0215text.pdf\" rel=\"noopener\">detaillierten Studienergebnissen<\/a>.<\/p>\n","protected":false},"excerpt":{"rendered":"<p>Wer eigene Kinder hat, den \u00fcberrascht es wohl nicht: Die Arbeit von Erzieherinnen und Erziehern in Kindertagesst\u00e4tten belastet deren Muskel-Skelett-System stark. Die Deutsche Gesetzliche Unfallversicherung DGUV hat in einer Studie erstmals die Belastungssituation des p\u00e4dagogischen Personals untersucht und Massnahmen entwickelt, um k\u00fcnftig Beschwerden und Erkrankungen vorzubeugen. Das Projekt,\u00a0ErgoKita genannt, zeichnete detailliert auf, wie stark das [&hellip;]<\/p>\n","protected":false},"author":1,"featured_media":314,"comment_status":"open","ping_status":"open","sticky":false,"template":"","format":"standard","meta":{"_acf_changed":false,"pgc_sgb_lightbox_settings":"","footnotes":""},"categories":[3314],"tags":[183,1775,141,2813],"class_list":["post-16649","post","type-post","status-publish","format-standard","has-post-thumbnail","hentry","category-health-safety","tag-arbeitsplatzgestaltung","tag-betriebliches-gesundheitsmanagement","tag-praevention","tag-ruecken-und-gelenkschmerzen"],"acf":[],"hkrextid":null,"publication":null,"issue":null,"workflow":null,"startPage":null,"spitzmarke":null,"_posts_by_tag_page_fields":{"widget_title":"","widget_tags":""},"_at_widget":"1","_yoast_wpseo_primary_category":"2","_yoast_wpseo_focuskw_text_input":"Krippenarbeit","_yoast_wpseo_opengraph-image":null,"_yoast_wpseo_opengraph-description":null,"_yoast_wpseo_opengraph-title":null,"enclosure":null,"_yoast_wpseo_twitter-title":null,"_yoast_wpseo_twitter-description":null,"_yoast_wpseo_twitter-image":null,"_wp_old_slug":null,"_yoast_wpseo_title":null,"_yoast_wpseo_canonical":null,"yoast_head":"<!-- This site is optimized with the Yoast SEO plugin v27.4 - https:\/\/yoast.com\/product\/yoast-seo-wordpress\/ -->\n<title>Krippenarbeit belastet - Save<\/title>\n<meta name=\"description\" content=\"Krippenarbeit: Erzieherinnen und Erzieher leiden oft unter R\u00fccken- oder Gelenkschmerzen, doch einfache Mittel k\u00f6nnen hier viel helfen.\" \/>\n<meta name=\"robots\" content=\"index, follow, max-snippet:-1, max-image-preview:large, max-video-preview:-1\" \/>\n<link rel=\"canonical\" href=\"https:\/\/news.save.ch\/de\/krippenarbeit-belastet\/\" \/>\n<meta property=\"og:locale\" content=\"de_DE\" \/>\n<meta property=\"og:type\" content=\"article\" \/>\n<meta property=\"og:title\" content=\"Krippenarbeit belastet - Save\" \/>\n<meta property=\"og:description\" content=\"Krippenarbeit: Erzieherinnen und Erzieher leiden oft unter R\u00fccken- oder Gelenkschmerzen, doch einfache Mittel k\u00f6nnen hier viel helfen.\" \/>\n<meta property=\"og:url\" content=\"https:\/\/news.save.ch\/de\/krippenarbeit-belastet\/\" \/>\n<meta property=\"og:site_name\" content=\"Save\" \/>\n<meta property=\"article:published_time\" content=\"2015-05-18T09:04:34+00:00\" \/>\n<meta property=\"article:modified_time\" content=\"2023-03-14T08:04:31+00:00\" \/>\n<meta property=\"og:image\" content=\"https:\/\/news.save.ch\/wp-content\/uploads\/2016\/12\/Krippenarbeit-belastet_safety-plus-scaled-1.jpeg\" \/>\n\t<meta property=\"og:image:width\" content=\"1200\" \/>\n\t<meta property=\"og:image:height\" content=\"801\" \/>\n\t<meta property=\"og:image:type\" content=\"image\/jpeg\" \/>\n<meta name=\"author\" content=\"admin\" \/>\n<meta name=\"twitter:card\" content=\"summary_large_image\" \/>\n<meta name=\"twitter:label1\" content=\"Geschrieben von\" \/>\n\t<meta name=\"twitter:data1\" content=\"admin\" \/>\n\t<meta name=\"twitter:label2\" content=\"Gesch\u00e4tzte Lesezeit\" \/>\n\t<meta name=\"twitter:data2\" content=\"1\u00a0Minute\" \/>\n<script type=\"application\/ld+json\" class=\"yoast-schema-graph\">{\"@context\":\"https:\\\/\\\/schema.org\",\"@graph\":[{\"@type\":\"Article\",\"@id\":\"https:\\\/\\\/news.save.ch\\\/krippenarbeit-belastet\\\/#article\",\"isPartOf\":{\"@id\":\"https:\\\/\\\/news.save.ch\\\/krippenarbeit-belastet\\\/\"},\"author\":{\"name\":\"admin\",\"@id\":\"https:\\\/\\\/news.save.ch\\\/de\\\/#\\\/schema\\\/person\\\/d49e199490bad7c70d64b9ab51142f2b\"},\"headline\":\"Krippenarbeit belastet\",\"datePublished\":\"2015-05-18T09:04:34+00:00\",\"dateModified\":\"2023-03-14T08:04:31+00:00\",\"mainEntityOfPage\":{\"@id\":\"https:\\\/\\\/news.save.ch\\\/krippenarbeit-belastet\\\/\"},\"wordCount\":160,\"commentCount\":0,\"publisher\":{\"@id\":\"https:\\\/\\\/news.save.ch\\\/de\\\/#organization\"},\"image\":{\"@id\":\"https:\\\/\\\/news.save.ch\\\/krippenarbeit-belastet\\\/#primaryimage\"},\"thumbnailUrl\":\"https:\\\/\\\/news.save.ch\\\/wp-content\\\/uploads\\\/2016\\\/12\\\/Krippenarbeit-belastet_safety-plus-scaled-1.jpeg\",\"keywords\":[\"Arbeitsplatzgestaltung\",\"Betriebliches Gesundheitsmanagement\",\"Pr\u00e4vention\",\"R\u00fccken- und Gelenkschmerzen\"],\"articleSection\":[\"HEALTH &amp; SAFETY\"],\"inLanguage\":\"de\"},{\"@type\":\"WebPage\",\"@id\":\"https:\\\/\\\/news.save.ch\\\/krippenarbeit-belastet\\\/\",\"url\":\"https:\\\/\\\/news.save.ch\\\/krippenarbeit-belastet\\\/\",\"name\":\"Krippenarbeit belastet - Save\",\"isPartOf\":{\"@id\":\"https:\\\/\\\/news.save.ch\\\/de\\\/#website\"},\"primaryImageOfPage\":{\"@id\":\"https:\\\/\\\/news.save.ch\\\/krippenarbeit-belastet\\\/#primaryimage\"},\"image\":{\"@id\":\"https:\\\/\\\/news.save.ch\\\/krippenarbeit-belastet\\\/#primaryimage\"},\"thumbnailUrl\":\"https:\\\/\\\/news.save.ch\\\/wp-content\\\/uploads\\\/2016\\\/12\\\/Krippenarbeit-belastet_safety-plus-scaled-1.jpeg\",\"datePublished\":\"2015-05-18T09:04:34+00:00\",\"dateModified\":\"2023-03-14T08:04:31+00:00\",\"description\":\"Krippenarbeit: Erzieherinnen und Erzieher leiden oft unter R\u00fccken- oder Gelenkschmerzen, doch einfache Mittel k\u00f6nnen hier viel helfen.\",\"breadcrumb\":{\"@id\":\"https:\\\/\\\/news.save.ch\\\/krippenarbeit-belastet\\\/#breadcrumb\"},\"inLanguage\":\"de\",\"potentialAction\":[{\"@type\":\"ReadAction\",\"target\":[\"https:\\\/\\\/news.save.ch\\\/krippenarbeit-belastet\\\/\"]}]},{\"@type\":\"ImageObject\",\"inLanguage\":\"de\",\"@id\":\"https:\\\/\\\/news.save.ch\\\/krippenarbeit-belastet\\\/#primaryimage\",\"url\":\"https:\\\/\\\/news.save.ch\\\/wp-content\\\/uploads\\\/2016\\\/12\\\/Krippenarbeit-belastet_safety-plus-scaled-1.jpeg\",\"contentUrl\":\"https:\\\/\\\/news.save.ch\\\/wp-content\\\/uploads\\\/2016\\\/12\\\/Krippenarbeit-belastet_safety-plus-scaled-1.jpeg\",\"width\":1200,\"height\":801,\"caption\":\"Mitarbeitende in Kindertagesst\u00e4tten leiden oft unter Muskel-Skelett-Erkrankungen - etwa wegen ergonomisch ungen\u00fcgenden M\u00f6beln.\"},{\"@type\":\"BreadcrumbList\",\"@id\":\"https:\\\/\\\/news.save.ch\\\/krippenarbeit-belastet\\\/#breadcrumb\",\"itemListElement\":[{\"@type\":\"ListItem\",\"position\":1,\"name\":\"Home\",\"item\":\"https:\\\/\\\/news.save.ch\\\/de\\\/\"},{\"@type\":\"ListItem\",\"position\":2,\"name\":\"Krippenarbeit belastet\"}]},{\"@type\":\"WebSite\",\"@id\":\"https:\\\/\\\/news.save.ch\\\/de\\\/#website\",\"url\":\"https:\\\/\\\/news.save.ch\\\/de\\\/\",\"name\":\"Save\",\"description\":\"Schweizer Fachzeitschrift f\u00fcr Sicherheit\",\"publisher\":{\"@id\":\"https:\\\/\\\/news.save.ch\\\/de\\\/#organization\"},\"potentialAction\":[{\"@type\":\"SearchAction\",\"target\":{\"@type\":\"EntryPoint\",\"urlTemplate\":\"https:\\\/\\\/news.save.ch\\\/de\\\/?s={search_term_string}\"},\"query-input\":{\"@type\":\"PropertyValueSpecification\",\"valueRequired\":true,\"valueName\":\"search_term_string\"}}],\"inLanguage\":\"de\"},{\"@type\":\"Organization\",\"@id\":\"https:\\\/\\\/news.save.ch\\\/de\\\/#organization\",\"name\":\"Sicherheitsforum\",\"url\":\"https:\\\/\\\/news.save.ch\\\/de\\\/\",\"logo\":{\"@type\":\"ImageObject\",\"inLanguage\":\"de\",\"@id\":\"https:\\\/\\\/news.save.ch\\\/de\\\/#\\\/schema\\\/logo\\\/image\\\/\",\"url\":\"https:\\\/\\\/news.save.ch\\\/wp-content\\\/uploads\\\/2022\\\/06\\\/Logo_SF_2012.png\",\"contentUrl\":\"https:\\\/\\\/news.save.ch\\\/wp-content\\\/uploads\\\/2022\\\/06\\\/Logo_SF_2012.png\",\"width\":1100,\"height\":91,\"caption\":\"Sicherheitsforum\"},\"image\":{\"@id\":\"https:\\\/\\\/news.save.ch\\\/de\\\/#\\\/schema\\\/logo\\\/image\\\/\"}},{\"@type\":\"Person\",\"@id\":\"https:\\\/\\\/news.save.ch\\\/de\\\/#\\\/schema\\\/person\\\/d49e199490bad7c70d64b9ab51142f2b\",\"name\":\"admin\",\"image\":{\"@type\":\"ImageObject\",\"inLanguage\":\"de\",\"@id\":\"https:\\\/\\\/secure.gravatar.com\\\/avatar\\\/ae2f4d718e6c49043e314ce431e7e645d646302a24a5ef5a8bc8e3f5a032e319?s=96&d=mm&r=g\",\"url\":\"https:\\\/\\\/secure.gravatar.com\\\/avatar\\\/ae2f4d718e6c49043e314ce431e7e645d646302a24a5ef5a8bc8e3f5a032e319?s=96&d=mm&r=g\",\"contentUrl\":\"https:\\\/\\\/secure.gravatar.com\\\/avatar\\\/ae2f4d718e6c49043e314ce431e7e645d646302a24a5ef5a8bc8e3f5a032e319?s=96&d=mm&r=g\",\"caption\":\"admin\"},\"sameAs\":[\"https:\\\/\\\/develop.organisator.galledia.ch\"],\"url\":\"https:\\\/\\\/news.save.ch\\\/de\\\/author\\\/admin\\\/\"}]}<\/script>\n<!-- \/ Yoast SEO plugin. -->","yoast_head_json":{"title":"Krippenarbeit belastet - Save","description":"Krippenarbeit: Erzieherinnen und Erzieher leiden oft unter R\u00fccken- oder Gelenkschmerzen, doch einfache Mittel k\u00f6nnen hier viel helfen.","robots":{"index":"index","follow":"follow","max-snippet":"max-snippet:-1","max-image-preview":"max-image-preview:large","max-video-preview":"max-video-preview:-1"},"canonical":"https:\/\/news.save.ch\/de\/krippenarbeit-belastet\/","og_locale":"de_DE","og_type":"article","og_title":"Krippenarbeit belastet - Save","og_description":"Krippenarbeit: Erzieherinnen und Erzieher leiden oft unter R\u00fccken- oder Gelenkschmerzen, doch einfache Mittel k\u00f6nnen hier viel helfen.","og_url":"https:\/\/news.save.ch\/de\/krippenarbeit-belastet\/","og_site_name":"Save","article_published_time":"2015-05-18T09:04:34+00:00","article_modified_time":"2023-03-14T08:04:31+00:00","og_image":[{"width":1200,"height":801,"url":"https:\/\/news.save.ch\/wp-content\/uploads\/2016\/12\/Krippenarbeit-belastet_safety-plus-scaled-1.jpeg","type":"image\/jpeg"}],"author":"admin","twitter_card":"summary_large_image","twitter_misc":{"Geschrieben von":"admin","Gesch\u00e4tzte Lesezeit":"1\u00a0Minute"},"schema":{"@context":"https:\/\/schema.org","@graph":[{"@type":"Article","@id":"https:\/\/news.save.ch\/krippenarbeit-belastet\/#article","isPartOf":{"@id":"https:\/\/news.save.ch\/krippenarbeit-belastet\/"},"author":{"name":"admin","@id":"https:\/\/news.save.ch\/de\/#\/schema\/person\/d49e199490bad7c70d64b9ab51142f2b"},"headline":"Krippenarbeit belastet","datePublished":"2015-05-18T09:04:34+00:00","dateModified":"2023-03-14T08:04:31+00:00","mainEntityOfPage":{"@id":"https:\/\/news.save.ch\/krippenarbeit-belastet\/"},"wordCount":160,"commentCount":0,"publisher":{"@id":"https:\/\/news.save.ch\/de\/#organization"},"image":{"@id":"https:\/\/news.save.ch\/krippenarbeit-belastet\/#primaryimage"},"thumbnailUrl":"https:\/\/news.save.ch\/wp-content\/uploads\/2016\/12\/Krippenarbeit-belastet_safety-plus-scaled-1.jpeg","keywords":["Arbeitsplatzgestaltung","Betriebliches Gesundheitsmanagement","Pr\u00e4vention","R\u00fccken- und Gelenkschmerzen"],"articleSection":["HEALTH &amp; SAFETY"],"inLanguage":"de"},{"@type":"WebPage","@id":"https:\/\/news.save.ch\/krippenarbeit-belastet\/","url":"https:\/\/news.save.ch\/krippenarbeit-belastet\/","name":"Krippenarbeit belastet - Save","isPartOf":{"@id":"https:\/\/news.save.ch\/de\/#website"},"primaryImageOfPage":{"@id":"https:\/\/news.save.ch\/krippenarbeit-belastet\/#primaryimage"},"image":{"@id":"https:\/\/news.save.ch\/krippenarbeit-belastet\/#primaryimage"},"thumbnailUrl":"https:\/\/news.save.ch\/wp-content\/uploads\/2016\/12\/Krippenarbeit-belastet_safety-plus-scaled-1.jpeg","datePublished":"2015-05-18T09:04:34+00:00","dateModified":"2023-03-14T08:04:31+00:00","description":"Krippenarbeit: Erzieherinnen und Erzieher leiden oft unter R\u00fccken- oder Gelenkschmerzen, doch einfache Mittel k\u00f6nnen hier viel helfen.","breadcrumb":{"@id":"https:\/\/news.save.ch\/krippenarbeit-belastet\/#breadcrumb"},"inLanguage":"de","potentialAction":[{"@type":"ReadAction","target":["https:\/\/news.save.ch\/krippenarbeit-belastet\/"]}]},{"@type":"ImageObject","inLanguage":"de","@id":"https:\/\/news.save.ch\/krippenarbeit-belastet\/#primaryimage","url":"https:\/\/news.save.ch\/wp-content\/uploads\/2016\/12\/Krippenarbeit-belastet_safety-plus-scaled-1.jpeg","contentUrl":"https:\/\/news.save.ch\/wp-content\/uploads\/2016\/12\/Krippenarbeit-belastet_safety-plus-scaled-1.jpeg","width":1200,"height":801,"caption":"Mitarbeitende in Kindertagesst\u00e4tten leiden oft unter Muskel-Skelett-Erkrankungen - etwa wegen ergonomisch ungen\u00fcgenden M\u00f6beln."},{"@type":"BreadcrumbList","@id":"https:\/\/news.save.ch\/krippenarbeit-belastet\/#breadcrumb","itemListElement":[{"@type":"ListItem","position":1,"name":"Home","item":"https:\/\/news.save.ch\/de\/"},{"@type":"ListItem","position":2,"name":"Krippenarbeit belastet"}]},{"@type":"WebSite","@id":"https:\/\/news.save.ch\/de\/#website","url":"https:\/\/news.save.ch\/de\/","name":"Save","description":"Schweizer Fachzeitschrift f\u00fcr Sicherheit","publisher":{"@id":"https:\/\/news.save.ch\/de\/#organization"},"potentialAction":[{"@type":"SearchAction","target":{"@type":"EntryPoint","urlTemplate":"https:\/\/news.save.ch\/de\/?s={search_term_string}"},"query-input":{"@type":"PropertyValueSpecification","valueRequired":true,"valueName":"search_term_string"}}],"inLanguage":"de"},{"@type":"Organization","@id":"https:\/\/news.save.ch\/de\/#organization","name":"Sicherheitsforum","url":"https:\/\/news.save.ch\/de\/","logo":{"@type":"ImageObject","inLanguage":"de","@id":"https:\/\/news.save.ch\/de\/#\/schema\/logo\/image\/","url":"https:\/\/news.save.ch\/wp-content\/uploads\/2022\/06\/Logo_SF_2012.png","contentUrl":"https:\/\/news.save.ch\/wp-content\/uploads\/2022\/06\/Logo_SF_2012.png","width":1100,"height":91,"caption":"Sicherheitsforum"},"image":{"@id":"https:\/\/news.save.ch\/de\/#\/schema\/logo\/image\/"}},{"@type":"Person","@id":"https:\/\/news.save.ch\/de\/#\/schema\/person\/d49e199490bad7c70d64b9ab51142f2b","name":"admin","image":{"@type":"ImageObject","inLanguage":"de","@id":"https:\/\/secure.gravatar.com\/avatar\/ae2f4d718e6c49043e314ce431e7e645d646302a24a5ef5a8bc8e3f5a032e319?s=96&d=mm&r=g","url":"https:\/\/secure.gravatar.com\/avatar\/ae2f4d718e6c49043e314ce431e7e645d646302a24a5ef5a8bc8e3f5a032e319?s=96&d=mm&r=g","contentUrl":"https:\/\/secure.gravatar.com\/avatar\/ae2f4d718e6c49043e314ce431e7e645d646302a24a5ef5a8bc8e3f5a032e319?s=96&d=mm&r=g","caption":"admin"},"sameAs":["https:\/\/develop.organisator.galledia.ch"],"url":"https:\/\/news.save.ch\/de\/author\/admin\/"}]}},"_links":{"self":[{"href":"https:\/\/news.save.ch\/de\/wp-json\/wp\/v2\/posts\/16649","targetHints":{"allow":["GET"]}}],"collection":[{"href":"https:\/\/news.save.ch\/de\/wp-json\/wp\/v2\/posts"}],"about":[{"href":"https:\/\/news.save.ch\/de\/wp-json\/wp\/v2\/types\/post"}],"author":[{"embeddable":true,"href":"https:\/\/news.save.ch\/de\/wp-json\/wp\/v2\/users\/1"}],"replies":[{"embeddable":true,"href":"https:\/\/news.save.ch\/de\/wp-json\/wp\/v2\/comments?post=16649"}],"version-history":[{"count":1,"href":"https:\/\/news.save.ch\/de\/wp-json\/wp\/v2\/posts\/16649\/revisions"}],"predecessor-version":[{"id":18992,"href":"https:\/\/news.save.ch\/de\/wp-json\/wp\/v2\/posts\/16649\/revisions\/18992"}],"wp:featuredmedia":[{"embeddable":true,"href":"https:\/\/news.save.ch\/de\/wp-json\/wp\/v2\/media\/314"}],"wp:attachment":[{"href":"https:\/\/news.save.ch\/de\/wp-json\/wp\/v2\/media?parent=16649"}],"wp:term":[{"taxonomy":"category","embeddable":true,"href":"https:\/\/news.save.ch\/de\/wp-json\/wp\/v2\/categories?post=16649"},{"taxonomy":"post_tag","embeddable":true,"href":"https:\/\/news.save.ch\/de\/wp-json\/wp\/v2\/tags?post=16649"}],"curies":[{"name":"wp","href":"https:\/\/api.w.org\/{rel}","templated":true}]}}