{"id":16654,"date":"2015-06-02T11:25:00","date_gmt":"2015-06-02T09:25:00","guid":{"rendered":"http:\/\/dev.safety-plus.ch\/?p=362"},"modified":"2023-03-14T09:01:12","modified_gmt":"2023-03-14T08:01:12","slug":"neue-zuercher-kontrollstelle-arbeitsmarkt","status":null,"type":"post","link":"https:\/\/news.save.ch\/de\/neue-zuercher-kontrollstelle-arbeitsmarkt\/","title":{"rendered":"Neue Z\u00fcrcher Kontrollstelle Arbeitsmarkt"},"content":{"rendered":"<figure id=\"attachment_363\" aria-describedby=\"caption-attachment-363\" style=\"width: 680px\" class=\"wp-caption alignnone\"><img loading=\"lazy\" decoding=\"async\" class=\"wp-image-363 size-medium\" src=\"http:\/\/develop.safety-plus.ch\/wp-content\/uploads\/2016\/12\/Neue-Zuercher-Kontrollstelle-Arbeitsmarkt_safety-plus.jpeg\" alt=\"Eine neue Kontrollstelle \u00fcberwacht Arbeitsbedingungen und bek\u00e4mpft Schwarzarbeit.\" width=\"680\" height=\"463\" \/><figcaption id=\"caption-attachment-363\" class=\"wp-caption-text\">Eine neue Kontrollstelle \u00fcberwacht Arbeitsbedingungen und bek\u00e4mpft Schwarzarbeit.<\/figcaption><\/figure>\n<p>Per 1. Juli 2015 werden Kontrollen bez\u00fcglich Einhaltung der Lohn- und Arbeitsbedingungen in Branchen ohne allgemein verbindlich erkl\u00e4rten Gesamtarbeitsvertrag (ave GAV) sowie Kontrollen im Bereich der Schwarzarbeitsbek\u00e4mpfung neu von einer verwaltungsinternen Kontrollstelle durchgef\u00fchrt. Bislang wurden diese Kontrollen vom Verein Arbeitskontrollstelle Kanton Z\u00fcrich (AKZ) vorgenommen.<\/p>\n<p>Mit der Einsetzung der Kontrollstelle Arbeitsmarkt zu Beginn des kommenden Monats werden die Tripartite Kommission des Kantons Z\u00fcrich (TPK) sowie der Kanton k\u00fcnftig \u00fcber eine eigene, verwaltungsinterne Kontrollorganisation verf\u00fcgen. Da TPK und Kanton von Gesetzes wegen f\u00fcr die \u00dcberwachung des Arbeitsmarktes in nicht regulierten Branchen und die Bek\u00e4mpfung der Schwarzarbeit zust\u00e4ndig sind und ihnen in diesen Bereichen die volle Verantwortung obliegt, ist diese Neuerung notwendig und konsequent. Angesiedelt in der Abteilung Arbeitsmarktaufsicht des Amtes f\u00fcr Wirtschaft und Arbeit (AWA) werden k\u00fcnftig vier Arbeitsmarktinspektoren mit der Unterst\u00fctzung von drei administrativen Mitarbeitenden j\u00e4hrlich rund 1\u2018300 Schwarzarbeitskontrollen und 2\u2018200 Kontrollen im Zust\u00e4ndigkeitsbereich der TPK durchf\u00fchren.<\/p>\n<p>Weiterhin bestehen bleibt die Zusammenarbeit des Kantons mit der Arbeitskontrollstelle Kanton Z\u00fcrich (AKZ) im Bereich der gesetzlichen Schnittstellenaufgaben in regulierten Branchen mit ave GAV. Zust\u00e4ndiges Kontrollorgan in diesen Branchen sind die Parit\u00e4tischen Berufskommissionen, f\u00fcr welche die AKZ nach wie vor Kontrollen bez\u00fcglich Einhaltung der Lohn- und Arbeitsbedingungen durchf\u00fchren wird.<\/p>\n","protected":false},"excerpt":{"rendered":"<p>Per 1. Juli 2015 werden Kontrollen bez\u00fcglich Einhaltung der Lohn- und Arbeitsbedingungen in Branchen ohne allgemein verbindlich erkl\u00e4rten Gesamtarbeitsvertrag (ave GAV) sowie Kontrollen im Bereich der Schwarzarbeitsbek\u00e4mpfung neu von einer verwaltungsinternen Kontrollstelle durchgef\u00fchrt. Bislang wurden diese Kontrollen vom Verein Arbeitskontrollstelle Kanton Z\u00fcrich (AKZ) vorgenommen. Mit der Einsetzung der Kontrollstelle Arbeitsmarkt zu Beginn des kommenden Monats [&hellip;]<\/p>\n","protected":false},"author":1,"featured_media":16000,"comment_status":"open","ping_status":"open","sticky":false,"template":"","format":"standard","meta":{"_acf_changed":false,"pgc_sgb_lightbox_settings":"","footnotes":""},"categories":[3314],"tags":[172,115],"class_list":["post-16654","post","type-post","status-publish","format-standard","has-post-thumbnail","hentry","category-health-safety","tag-arbeitssicherheit","tag-wirtschaftskriminalitaet"],"acf":[],"hkrextid":null,"publication":null,"issue":null,"workflow":null,"startPage":null,"spitzmarke":null,"_posts_by_tag_page_fields":{"widget_title":"","widget_tags":""},"_at_widget":"1","_yoast_wpseo_primary_category":"5","_yoast_wpseo_focuskw_text_input":"Arbeitsmarkt","_yoast_wpseo_opengraph-image":null,"_yoast_wpseo_opengraph-description":null,"_yoast_wpseo_opengraph-title":null,"enclosure":null,"_yoast_wpseo_twitter-title":null,"_yoast_wpseo_twitter-description":null,"_yoast_wpseo_twitter-image":null,"_wp_old_slug":null,"_yoast_wpseo_title":null,"_yoast_wpseo_canonical":null,"yoast_head":"<!-- This site is optimized with the Yoast SEO plugin v27.4 - https:\/\/yoast.com\/product\/yoast-seo-wordpress\/ -->\n<title>Neue Z\u00fcrcher Kontrollstelle Arbeitsmarkt - Save<\/title>\n<meta name=\"description\" content=\"Arbeitsmarkt: Der Kanton Z\u00fcrich hat eine neue Kontrollstelle geschaffen, um die Einhaltung von Lohn- und Arbeitsbedingungen zu \u00fcberpr\u00fcfen.\" \/>\n<meta name=\"robots\" content=\"index, follow, max-snippet:-1, max-image-preview:large, max-video-preview:-1\" \/>\n<link rel=\"canonical\" href=\"https:\/\/news.save.ch\/de\/neue-zuercher-kontrollstelle-arbeitsmarkt\/\" \/>\n<meta property=\"og:locale\" content=\"de_DE\" \/>\n<meta property=\"og:type\" content=\"article\" \/>\n<meta property=\"og:title\" content=\"Neue Z\u00fcrcher Kontrollstelle Arbeitsmarkt - Save\" \/>\n<meta property=\"og:description\" content=\"Arbeitsmarkt: Der Kanton Z\u00fcrich hat eine neue Kontrollstelle geschaffen, um die Einhaltung von Lohn- und Arbeitsbedingungen zu \u00fcberpr\u00fcfen.\" \/>\n<meta property=\"og:url\" content=\"https:\/\/news.save.ch\/de\/neue-zuercher-kontrollstelle-arbeitsmarkt\/\" \/>\n<meta property=\"og:site_name\" content=\"Save\" \/>\n<meta property=\"article:published_time\" content=\"2015-06-02T09:25:00+00:00\" \/>\n<meta property=\"article:modified_time\" content=\"2023-03-14T08:01:12+00:00\" \/>\n<meta property=\"og:image\" content=\"https:\/\/news.save.ch\/wp-content\/uploads\/2016\/12\/Neue-Zuercher-Kontrollstelle-Arbeitsmarkt_safety-plus-scaled-1.jpeg\" \/>\n\t<meta property=\"og:image:width\" content=\"1200\" \/>\n\t<meta property=\"og:image:height\" content=\"818\" \/>\n\t<meta property=\"og:image:type\" content=\"image\/jpeg\" \/>\n<meta name=\"author\" content=\"admin\" \/>\n<meta name=\"twitter:card\" content=\"summary_large_image\" \/>\n<meta name=\"twitter:label1\" content=\"Geschrieben von\" \/>\n\t<meta name=\"twitter:data1\" content=\"admin\" \/>\n\t<meta name=\"twitter:label2\" content=\"Gesch\u00e4tzte Lesezeit\" \/>\n\t<meta name=\"twitter:data2\" content=\"1\u00a0Minute\" \/>\n<script type=\"application\/ld+json\" class=\"yoast-schema-graph\">{\"@context\":\"https:\\\/\\\/schema.org\",\"@graph\":[{\"@type\":\"Article\",\"@id\":\"https:\\\/\\\/news.save.ch\\\/neue-zuercher-kontrollstelle-arbeitsmarkt\\\/#article\",\"isPartOf\":{\"@id\":\"https:\\\/\\\/news.save.ch\\\/neue-zuercher-kontrollstelle-arbeitsmarkt\\\/\"},\"author\":{\"name\":\"admin\",\"@id\":\"https:\\\/\\\/news.save.ch\\\/de\\\/#\\\/schema\\\/person\\\/d49e199490bad7c70d64b9ab51142f2b\"},\"headline\":\"Neue Z\u00fcrcher Kontrollstelle Arbeitsmarkt\",\"datePublished\":\"2015-06-02T09:25:00+00:00\",\"dateModified\":\"2023-03-14T08:01:12+00:00\",\"mainEntityOfPage\":{\"@id\":\"https:\\\/\\\/news.save.ch\\\/neue-zuercher-kontrollstelle-arbeitsmarkt\\\/\"},\"wordCount\":235,\"commentCount\":0,\"publisher\":{\"@id\":\"https:\\\/\\\/news.save.ch\\\/de\\\/#organization\"},\"image\":{\"@id\":\"https:\\\/\\\/news.save.ch\\\/neue-zuercher-kontrollstelle-arbeitsmarkt\\\/#primaryimage\"},\"thumbnailUrl\":\"https:\\\/\\\/news.save.ch\\\/wp-content\\\/uploads\\\/2016\\\/12\\\/Neue-Zuercher-Kontrollstelle-Arbeitsmarkt_safety-plus-scaled-1.jpeg\",\"keywords\":[\"Arbeitssicherheit\",\"Wirtschaftskriminalit\u00e4t\"],\"articleSection\":[\"HEALTH &amp; SAFETY\"],\"inLanguage\":\"de\"},{\"@type\":\"WebPage\",\"@id\":\"https:\\\/\\\/news.save.ch\\\/neue-zuercher-kontrollstelle-arbeitsmarkt\\\/\",\"url\":\"https:\\\/\\\/news.save.ch\\\/neue-zuercher-kontrollstelle-arbeitsmarkt\\\/\",\"name\":\"Neue Z\u00fcrcher Kontrollstelle Arbeitsmarkt - Save\",\"isPartOf\":{\"@id\":\"https:\\\/\\\/news.save.ch\\\/de\\\/#website\"},\"primaryImageOfPage\":{\"@id\":\"https:\\\/\\\/news.save.ch\\\/neue-zuercher-kontrollstelle-arbeitsmarkt\\\/#primaryimage\"},\"image\":{\"@id\":\"https:\\\/\\\/news.save.ch\\\/neue-zuercher-kontrollstelle-arbeitsmarkt\\\/#primaryimage\"},\"thumbnailUrl\":\"https:\\\/\\\/news.save.ch\\\/wp-content\\\/uploads\\\/2016\\\/12\\\/Neue-Zuercher-Kontrollstelle-Arbeitsmarkt_safety-plus-scaled-1.jpeg\",\"datePublished\":\"2015-06-02T09:25:00+00:00\",\"dateModified\":\"2023-03-14T08:01:12+00:00\",\"description\":\"Arbeitsmarkt: Der Kanton Z\u00fcrich hat eine neue Kontrollstelle geschaffen, um die Einhaltung von Lohn- und Arbeitsbedingungen zu \u00fcberpr\u00fcfen.\",\"breadcrumb\":{\"@id\":\"https:\\\/\\\/news.save.ch\\\/neue-zuercher-kontrollstelle-arbeitsmarkt\\\/#breadcrumb\"},\"inLanguage\":\"de\",\"potentialAction\":[{\"@type\":\"ReadAction\",\"target\":[\"https:\\\/\\\/news.save.ch\\\/neue-zuercher-kontrollstelle-arbeitsmarkt\\\/\"]}]},{\"@type\":\"ImageObject\",\"inLanguage\":\"de\",\"@id\":\"https:\\\/\\\/news.save.ch\\\/neue-zuercher-kontrollstelle-arbeitsmarkt\\\/#primaryimage\",\"url\":\"https:\\\/\\\/news.save.ch\\\/wp-content\\\/uploads\\\/2016\\\/12\\\/Neue-Zuercher-Kontrollstelle-Arbeitsmarkt_safety-plus-scaled-1.jpeg\",\"contentUrl\":\"https:\\\/\\\/news.save.ch\\\/wp-content\\\/uploads\\\/2016\\\/12\\\/Neue-Zuercher-Kontrollstelle-Arbeitsmarkt_safety-plus-scaled-1.jpeg\",\"width\":1200,\"height\":818,\"caption\":\"Eine neue Kontrollstelle \u00fcberwacht Arbeitsbedingungen und bek\u00e4mpft Schwarzarbeit.\"},{\"@type\":\"BreadcrumbList\",\"@id\":\"https:\\\/\\\/news.save.ch\\\/neue-zuercher-kontrollstelle-arbeitsmarkt\\\/#breadcrumb\",\"itemListElement\":[{\"@type\":\"ListItem\",\"position\":1,\"name\":\"Home\",\"item\":\"https:\\\/\\\/news.save.ch\\\/de\\\/\"},{\"@type\":\"ListItem\",\"position\":2,\"name\":\"Neue Z\u00fcrcher Kontrollstelle Arbeitsmarkt\"}]},{\"@type\":\"WebSite\",\"@id\":\"https:\\\/\\\/news.save.ch\\\/de\\\/#website\",\"url\":\"https:\\\/\\\/news.save.ch\\\/de\\\/\",\"name\":\"Save\",\"description\":\"Schweizer Fachzeitschrift f\u00fcr Sicherheit\",\"publisher\":{\"@id\":\"https:\\\/\\\/news.save.ch\\\/de\\\/#organization\"},\"potentialAction\":[{\"@type\":\"SearchAction\",\"target\":{\"@type\":\"EntryPoint\",\"urlTemplate\":\"https:\\\/\\\/news.save.ch\\\/de\\\/?s={search_term_string}\"},\"query-input\":{\"@type\":\"PropertyValueSpecification\",\"valueRequired\":true,\"valueName\":\"search_term_string\"}}],\"inLanguage\":\"de\"},{\"@type\":\"Organization\",\"@id\":\"https:\\\/\\\/news.save.ch\\\/de\\\/#organization\",\"name\":\"Sicherheitsforum\",\"url\":\"https:\\\/\\\/news.save.ch\\\/de\\\/\",\"logo\":{\"@type\":\"ImageObject\",\"inLanguage\":\"de\",\"@id\":\"https:\\\/\\\/news.save.ch\\\/de\\\/#\\\/schema\\\/logo\\\/image\\\/\",\"url\":\"https:\\\/\\\/news.save.ch\\\/wp-content\\\/uploads\\\/2022\\\/06\\\/Logo_SF_2012.png\",\"contentUrl\":\"https:\\\/\\\/news.save.ch\\\/wp-content\\\/uploads\\\/2022\\\/06\\\/Logo_SF_2012.png\",\"width\":1100,\"height\":91,\"caption\":\"Sicherheitsforum\"},\"image\":{\"@id\":\"https:\\\/\\\/news.save.ch\\\/de\\\/#\\\/schema\\\/logo\\\/image\\\/\"}},{\"@type\":\"Person\",\"@id\":\"https:\\\/\\\/news.save.ch\\\/de\\\/#\\\/schema\\\/person\\\/d49e199490bad7c70d64b9ab51142f2b\",\"name\":\"admin\",\"image\":{\"@type\":\"ImageObject\",\"inLanguage\":\"de\",\"@id\":\"https:\\\/\\\/secure.gravatar.com\\\/avatar\\\/ae2f4d718e6c49043e314ce431e7e645d646302a24a5ef5a8bc8e3f5a032e319?s=96&d=mm&r=g\",\"url\":\"https:\\\/\\\/secure.gravatar.com\\\/avatar\\\/ae2f4d718e6c49043e314ce431e7e645d646302a24a5ef5a8bc8e3f5a032e319?s=96&d=mm&r=g\",\"contentUrl\":\"https:\\\/\\\/secure.gravatar.com\\\/avatar\\\/ae2f4d718e6c49043e314ce431e7e645d646302a24a5ef5a8bc8e3f5a032e319?s=96&d=mm&r=g\",\"caption\":\"admin\"},\"sameAs\":[\"https:\\\/\\\/develop.organisator.galledia.ch\"],\"url\":\"https:\\\/\\\/news.save.ch\\\/de\\\/author\\\/admin\\\/\"}]}<\/script>\n<!-- \/ Yoast SEO plugin. -->","yoast_head_json":{"title":"Neue Z\u00fcrcher Kontrollstelle Arbeitsmarkt - Save","description":"Arbeitsmarkt: Der Kanton Z\u00fcrich hat eine neue Kontrollstelle geschaffen, um die Einhaltung von Lohn- und Arbeitsbedingungen zu \u00fcberpr\u00fcfen.","robots":{"index":"index","follow":"follow","max-snippet":"max-snippet:-1","max-image-preview":"max-image-preview:large","max-video-preview":"max-video-preview:-1"},"canonical":"https:\/\/news.save.ch\/de\/neue-zuercher-kontrollstelle-arbeitsmarkt\/","og_locale":"de_DE","og_type":"article","og_title":"Neue Z\u00fcrcher Kontrollstelle Arbeitsmarkt - Save","og_description":"Arbeitsmarkt: Der Kanton Z\u00fcrich hat eine neue Kontrollstelle geschaffen, um die Einhaltung von Lohn- und Arbeitsbedingungen zu \u00fcberpr\u00fcfen.","og_url":"https:\/\/news.save.ch\/de\/neue-zuercher-kontrollstelle-arbeitsmarkt\/","og_site_name":"Save","article_published_time":"2015-06-02T09:25:00+00:00","article_modified_time":"2023-03-14T08:01:12+00:00","og_image":[{"width":1200,"height":818,"url":"https:\/\/news.save.ch\/wp-content\/uploads\/2016\/12\/Neue-Zuercher-Kontrollstelle-Arbeitsmarkt_safety-plus-scaled-1.jpeg","type":"image\/jpeg"}],"author":"admin","twitter_card":"summary_large_image","twitter_misc":{"Geschrieben von":"admin","Gesch\u00e4tzte Lesezeit":"1\u00a0Minute"},"schema":{"@context":"https:\/\/schema.org","@graph":[{"@type":"Article","@id":"https:\/\/news.save.ch\/neue-zuercher-kontrollstelle-arbeitsmarkt\/#article","isPartOf":{"@id":"https:\/\/news.save.ch\/neue-zuercher-kontrollstelle-arbeitsmarkt\/"},"author":{"name":"admin","@id":"https:\/\/news.save.ch\/de\/#\/schema\/person\/d49e199490bad7c70d64b9ab51142f2b"},"headline":"Neue Z\u00fcrcher Kontrollstelle Arbeitsmarkt","datePublished":"2015-06-02T09:25:00+00:00","dateModified":"2023-03-14T08:01:12+00:00","mainEntityOfPage":{"@id":"https:\/\/news.save.ch\/neue-zuercher-kontrollstelle-arbeitsmarkt\/"},"wordCount":235,"commentCount":0,"publisher":{"@id":"https:\/\/news.save.ch\/de\/#organization"},"image":{"@id":"https:\/\/news.save.ch\/neue-zuercher-kontrollstelle-arbeitsmarkt\/#primaryimage"},"thumbnailUrl":"https:\/\/news.save.ch\/wp-content\/uploads\/2016\/12\/Neue-Zuercher-Kontrollstelle-Arbeitsmarkt_safety-plus-scaled-1.jpeg","keywords":["Arbeitssicherheit","Wirtschaftskriminalit\u00e4t"],"articleSection":["HEALTH &amp; SAFETY"],"inLanguage":"de"},{"@type":"WebPage","@id":"https:\/\/news.save.ch\/neue-zuercher-kontrollstelle-arbeitsmarkt\/","url":"https:\/\/news.save.ch\/neue-zuercher-kontrollstelle-arbeitsmarkt\/","name":"Neue Z\u00fcrcher Kontrollstelle Arbeitsmarkt - Save","isPartOf":{"@id":"https:\/\/news.save.ch\/de\/#website"},"primaryImageOfPage":{"@id":"https:\/\/news.save.ch\/neue-zuercher-kontrollstelle-arbeitsmarkt\/#primaryimage"},"image":{"@id":"https:\/\/news.save.ch\/neue-zuercher-kontrollstelle-arbeitsmarkt\/#primaryimage"},"thumbnailUrl":"https:\/\/news.save.ch\/wp-content\/uploads\/2016\/12\/Neue-Zuercher-Kontrollstelle-Arbeitsmarkt_safety-plus-scaled-1.jpeg","datePublished":"2015-06-02T09:25:00+00:00","dateModified":"2023-03-14T08:01:12+00:00","description":"Arbeitsmarkt: Der Kanton Z\u00fcrich hat eine neue Kontrollstelle geschaffen, um die Einhaltung von Lohn- und Arbeitsbedingungen zu \u00fcberpr\u00fcfen.","breadcrumb":{"@id":"https:\/\/news.save.ch\/neue-zuercher-kontrollstelle-arbeitsmarkt\/#breadcrumb"},"inLanguage":"de","potentialAction":[{"@type":"ReadAction","target":["https:\/\/news.save.ch\/neue-zuercher-kontrollstelle-arbeitsmarkt\/"]}]},{"@type":"ImageObject","inLanguage":"de","@id":"https:\/\/news.save.ch\/neue-zuercher-kontrollstelle-arbeitsmarkt\/#primaryimage","url":"https:\/\/news.save.ch\/wp-content\/uploads\/2016\/12\/Neue-Zuercher-Kontrollstelle-Arbeitsmarkt_safety-plus-scaled-1.jpeg","contentUrl":"https:\/\/news.save.ch\/wp-content\/uploads\/2016\/12\/Neue-Zuercher-Kontrollstelle-Arbeitsmarkt_safety-plus-scaled-1.jpeg","width":1200,"height":818,"caption":"Eine neue Kontrollstelle \u00fcberwacht Arbeitsbedingungen und bek\u00e4mpft Schwarzarbeit."},{"@type":"BreadcrumbList","@id":"https:\/\/news.save.ch\/neue-zuercher-kontrollstelle-arbeitsmarkt\/#breadcrumb","itemListElement":[{"@type":"ListItem","position":1,"name":"Home","item":"https:\/\/news.save.ch\/de\/"},{"@type":"ListItem","position":2,"name":"Neue Z\u00fcrcher Kontrollstelle Arbeitsmarkt"}]},{"@type":"WebSite","@id":"https:\/\/news.save.ch\/de\/#website","url":"https:\/\/news.save.ch\/de\/","name":"Save","description":"Schweizer Fachzeitschrift f\u00fcr Sicherheit","publisher":{"@id":"https:\/\/news.save.ch\/de\/#organization"},"potentialAction":[{"@type":"SearchAction","target":{"@type":"EntryPoint","urlTemplate":"https:\/\/news.save.ch\/de\/?s={search_term_string}"},"query-input":{"@type":"PropertyValueSpecification","valueRequired":true,"valueName":"search_term_string"}}],"inLanguage":"de"},{"@type":"Organization","@id":"https:\/\/news.save.ch\/de\/#organization","name":"Sicherheitsforum","url":"https:\/\/news.save.ch\/de\/","logo":{"@type":"ImageObject","inLanguage":"de","@id":"https:\/\/news.save.ch\/de\/#\/schema\/logo\/image\/","url":"https:\/\/news.save.ch\/wp-content\/uploads\/2022\/06\/Logo_SF_2012.png","contentUrl":"https:\/\/news.save.ch\/wp-content\/uploads\/2022\/06\/Logo_SF_2012.png","width":1100,"height":91,"caption":"Sicherheitsforum"},"image":{"@id":"https:\/\/news.save.ch\/de\/#\/schema\/logo\/image\/"}},{"@type":"Person","@id":"https:\/\/news.save.ch\/de\/#\/schema\/person\/d49e199490bad7c70d64b9ab51142f2b","name":"admin","image":{"@type":"ImageObject","inLanguage":"de","@id":"https:\/\/secure.gravatar.com\/avatar\/ae2f4d718e6c49043e314ce431e7e645d646302a24a5ef5a8bc8e3f5a032e319?s=96&d=mm&r=g","url":"https:\/\/secure.gravatar.com\/avatar\/ae2f4d718e6c49043e314ce431e7e645d646302a24a5ef5a8bc8e3f5a032e319?s=96&d=mm&r=g","contentUrl":"https:\/\/secure.gravatar.com\/avatar\/ae2f4d718e6c49043e314ce431e7e645d646302a24a5ef5a8bc8e3f5a032e319?s=96&d=mm&r=g","caption":"admin"},"sameAs":["https:\/\/develop.organisator.galledia.ch"],"url":"https:\/\/news.save.ch\/de\/author\/admin\/"}]}},"_links":{"self":[{"href":"https:\/\/news.save.ch\/de\/wp-json\/wp\/v2\/posts\/16654","targetHints":{"allow":["GET"]}}],"collection":[{"href":"https:\/\/news.save.ch\/de\/wp-json\/wp\/v2\/posts"}],"about":[{"href":"https:\/\/news.save.ch\/de\/wp-json\/wp\/v2\/types\/post"}],"author":[{"embeddable":true,"href":"https:\/\/news.save.ch\/de\/wp-json\/wp\/v2\/users\/1"}],"replies":[{"embeddable":true,"href":"https:\/\/news.save.ch\/de\/wp-json\/wp\/v2\/comments?post=16654"}],"version-history":[{"count":1,"href":"https:\/\/news.save.ch\/de\/wp-json\/wp\/v2\/posts\/16654\/revisions"}],"predecessor-version":[{"id":18396,"href":"https:\/\/news.save.ch\/de\/wp-json\/wp\/v2\/posts\/16654\/revisions\/18396"}],"wp:featuredmedia":[{"embeddable":true,"href":"https:\/\/news.save.ch\/de\/wp-json\/wp\/v2\/media\/16000"}],"wp:attachment":[{"href":"https:\/\/news.save.ch\/de\/wp-json\/wp\/v2\/media?parent=16654"}],"wp:term":[{"taxonomy":"category","embeddable":true,"href":"https:\/\/news.save.ch\/de\/wp-json\/wp\/v2\/categories?post=16654"},{"taxonomy":"post_tag","embeddable":true,"href":"https:\/\/news.save.ch\/de\/wp-json\/wp\/v2\/tags?post=16654"}],"curies":[{"name":"wp","href":"https:\/\/api.w.org\/{rel}","templated":true}]}}