{"id":16658,"date":"2015-06-30T11:28:40","date_gmt":"2015-06-30T09:28:40","guid":{"rendered":"http:\/\/dev.safety-plus.ch\/?p=370"},"modified":"2023-03-14T09:03:06","modified_gmt":"2023-03-14T08:03:06","slug":"arbeitsunfaelle-junge-und-maenner-besonders-gefaehrdet","status":null,"type":"post","link":"https:\/\/news.save.ch\/de\/arbeitsunfaelle-junge-und-maenner-besonders-gefaehrdet\/","title":{"rendered":"Arbeitsunf\u00e4lle: Junge und M\u00e4nner besonders gef\u00e4hrdet"},"content":{"rendered":"<figure id=\"attachment_374\" aria-describedby=\"caption-attachment-374\" style=\"width: 680px\" class=\"wp-caption alignnone\"><img loading=\"lazy\" decoding=\"async\" class=\"wp-image-374 size-medium\" src=\"http:\/\/develop.safety-plus.ch\/wp-content\/uploads\/2016\/12\/Arbeitsunfaelle-Junge-und-Maenner-besonders-gefaehrdet_safety-plus.jpg\" alt=\"Mitarbeiter in der Landwirtschaft erleiden von allen Sektoren die meisten Arbeitsunf\u00e4lle.\" width=\"680\" height=\"453\" \/><figcaption id=\"caption-attachment-374\" class=\"wp-caption-text\">Mitarbeiter in der Landwirtschaft erleiden von allen Sektoren die meisten Arbeitsunf\u00e4lle.<\/figcaption><\/figure>\n<p>Wie das <a href=\"http:\/\/www.bfs.admin.ch\/\" target=\"_blank\" data-cke-saved-href=\"http:\/\/www.bfs.admin.ch\/\" rel=\"noopener\">Bundesamt f\u00fcr Statistik<\/a> meldet, wurden im Jahr 2013 rund 316&#8217;000 Personen in der Schweiz Opfer eines Arbeitsunfalls. Das entspricht 6% der Erwerbst\u00e4tigen.<\/p>\n<p>Besonders gef\u00e4hrted sind dabei nach wie vor die Lehrlinge, von denen rund 17% einen Arbeitsunfall erlitten. Auch unter 30-j\u00e4hrige Arbeitnehmer verunfallen h\u00e4ufiger als der Durchschnitt (11%). M\u00e4nner sind mit 8% h\u00e4ufiger betroffen als Frauen (5%); die Sektoren Landwirtschaft und Baugewerbe f\u00fcnfmal st\u00e4rker betroffen als Bank- und Versicherungswesen. (12% und 11% verglichen mit 2%).<\/p>\n<p>Die Befragung hat zudem untersucht, wie viele Personen von arbeitsbedingten Gesundheitsproblem betroffen sind. Rund 11% der Befragten gaben zu Protokoll, an solchen zu leiden &#8211; Unf\u00e4lle nicht mit eingeschlossen. In 6 von 10 F\u00e4llen handelte es sich um Knochen-, Gelenk- oder Muskelbeschwerden, bei rund 20% um psychosoziale Beschwerden wie Stress, Depression oder Angstzust\u00e4nde.<\/p>\n<p>Hier waren die \u00e4lteren Arbeitnehmer wenig \u00fcberraschend deutlich h\u00e4ufiger betroffen: Von den 50- bis 64-j\u00e4hrigen sind es 15%.<\/p>\n<p>Die gesamte Publikation kann <a href=\"http:\/\/www.bfs.admin.ch\/bfs\/portal\/de\/index\/news\/publikationen.html?publicationID=6636\" target=\"_blank\" data-cke-saved-href=\"http:\/\/www.bfs.admin.ch\/bfs\/portal\/de\/index\/news\/publikationen.html?publicationID=6636\" rel=\"noopener\">hier<\/a>\u00a0kostenlos\u00a0heruntergeladen werden.<\/p>\n","protected":false},"excerpt":{"rendered":"<p>Wie das Bundesamt f\u00fcr Statistik meldet, wurden im Jahr 2013 rund 316&#8217;000 Personen in der Schweiz Opfer eines Arbeitsunfalls. Das entspricht 6% der Erwerbst\u00e4tigen. Besonders gef\u00e4hrted sind dabei nach wie vor die Lehrlinge, von denen rund 17% einen Arbeitsunfall erlitten. Auch unter 30-j\u00e4hrige Arbeitnehmer verunfallen h\u00e4ufiger als der Durchschnitt (11%). M\u00e4nner sind mit 8% h\u00e4ufiger [&hellip;]<\/p>\n","protected":false},"author":1,"featured_media":16002,"comment_status":"open","ping_status":"open","sticky":false,"template":"","format":"standard","meta":{"_acf_changed":false,"pgc_sgb_lightbox_settings":"","footnotes":""},"categories":[3314],"tags":[172,149],"class_list":["post-16658","post","type-post","status-publish","format-standard","has-post-thumbnail","hentry","category-health-safety","tag-arbeitssicherheit","tag-gesundheitsschutz"],"acf":[],"hkrextid":null,"publication":null,"issue":null,"workflow":null,"startPage":null,"spitzmarke":null,"_posts_by_tag_page_fields":{"widget_title":"","widget_tags":""},"_at_widget":"1","_yoast_wpseo_primary_category":"5","_yoast_wpseo_focuskw_text_input":"Arbeitsunfall","_yoast_wpseo_opengraph-image":null,"_yoast_wpseo_opengraph-description":null,"_yoast_wpseo_opengraph-title":null,"enclosure":null,"_yoast_wpseo_twitter-title":null,"_yoast_wpseo_twitter-description":null,"_yoast_wpseo_twitter-image":null,"_wp_old_slug":null,"_yoast_wpseo_title":null,"_yoast_wpseo_canonical":null,"yoast_head":"<!-- This site is optimized with the Yoast SEO plugin v27.4 - https:\/\/yoast.com\/product\/yoast-seo-wordpress\/ -->\n<title>Arbeitsunf\u00e4lle: Junge und M\u00e4nner besonders gef\u00e4hrdet - Save<\/title>\n<meta name=\"description\" content=\"2013 erlitten 6% der Erwerbst\u00e4tigen einen Arbeitsunfall. Rund 750&#039;000 Menschen gaben ausserdem an, an einem arbeitsbedingten Gesundheitsproblems zu leiden.\" \/>\n<meta name=\"robots\" content=\"index, follow, max-snippet:-1, max-image-preview:large, max-video-preview:-1\" \/>\n<link rel=\"canonical\" href=\"https:\/\/news.save.ch\/de\/arbeitsunfaelle-junge-und-maenner-besonders-gefaehrdet\/\" \/>\n<meta property=\"og:locale\" content=\"de_DE\" \/>\n<meta property=\"og:type\" content=\"article\" \/>\n<meta property=\"og:title\" content=\"Arbeitsunf\u00e4lle: Junge und M\u00e4nner besonders gef\u00e4hrdet - Save\" \/>\n<meta property=\"og:description\" content=\"2013 erlitten 6% der Erwerbst\u00e4tigen einen Arbeitsunfall. Rund 750&#039;000 Menschen gaben ausserdem an, an einem arbeitsbedingten Gesundheitsproblems zu leiden.\" \/>\n<meta property=\"og:url\" content=\"https:\/\/news.save.ch\/de\/arbeitsunfaelle-junge-und-maenner-besonders-gefaehrdet\/\" \/>\n<meta property=\"og:site_name\" content=\"Save\" \/>\n<meta property=\"article:published_time\" content=\"2015-06-30T09:28:40+00:00\" \/>\n<meta property=\"article:modified_time\" content=\"2023-03-14T08:03:06+00:00\" \/>\n<meta property=\"og:image\" content=\"https:\/\/news.save.ch\/wp-content\/uploads\/2016\/12\/Arbeitsunfaelle-Junge-und-Maenner-besonders-gefaehrdet_safety-plus-scaled-1.jpg\" \/>\n\t<meta property=\"og:image:width\" content=\"1200\" \/>\n\t<meta property=\"og:image:height\" content=\"801\" \/>\n\t<meta property=\"og:image:type\" content=\"image\/jpeg\" \/>\n<meta name=\"author\" content=\"admin\" \/>\n<meta name=\"twitter:card\" content=\"summary_large_image\" \/>\n<meta name=\"twitter:label1\" content=\"Geschrieben von\" \/>\n\t<meta name=\"twitter:data1\" content=\"admin\" \/>\n\t<meta name=\"twitter:label2\" content=\"Gesch\u00e4tzte Lesezeit\" \/>\n\t<meta name=\"twitter:data2\" content=\"1\u00a0Minute\" \/>\n<script type=\"application\/ld+json\" class=\"yoast-schema-graph\">{\"@context\":\"https:\\\/\\\/schema.org\",\"@graph\":[{\"@type\":\"Article\",\"@id\":\"https:\\\/\\\/news.save.ch\\\/arbeitsunfaelle-junge-und-maenner-besonders-gefaehrdet\\\/#article\",\"isPartOf\":{\"@id\":\"https:\\\/\\\/news.save.ch\\\/arbeitsunfaelle-junge-und-maenner-besonders-gefaehrdet\\\/\"},\"author\":{\"name\":\"admin\",\"@id\":\"https:\\\/\\\/news.save.ch\\\/de\\\/#\\\/schema\\\/person\\\/d49e199490bad7c70d64b9ab51142f2b\"},\"headline\":\"Arbeitsunf\u00e4lle: Junge und M\u00e4nner besonders gef\u00e4hrdet\",\"datePublished\":\"2015-06-30T09:28:40+00:00\",\"dateModified\":\"2023-03-14T08:03:06+00:00\",\"mainEntityOfPage\":{\"@id\":\"https:\\\/\\\/news.save.ch\\\/arbeitsunfaelle-junge-und-maenner-besonders-gefaehrdet\\\/\"},\"wordCount\":183,\"commentCount\":0,\"publisher\":{\"@id\":\"https:\\\/\\\/news.save.ch\\\/de\\\/#organization\"},\"image\":{\"@id\":\"https:\\\/\\\/news.save.ch\\\/arbeitsunfaelle-junge-und-maenner-besonders-gefaehrdet\\\/#primaryimage\"},\"thumbnailUrl\":\"https:\\\/\\\/news.save.ch\\\/wp-content\\\/uploads\\\/2016\\\/12\\\/Arbeitsunfaelle-Junge-und-Maenner-besonders-gefaehrdet_safety-plus-scaled-1.jpg\",\"keywords\":[\"Arbeitssicherheit\",\"Gesundheitsschutz\"],\"articleSection\":[\"HEALTH &amp; SAFETY\"],\"inLanguage\":\"de\"},{\"@type\":\"WebPage\",\"@id\":\"https:\\\/\\\/news.save.ch\\\/arbeitsunfaelle-junge-und-maenner-besonders-gefaehrdet\\\/\",\"url\":\"https:\\\/\\\/news.save.ch\\\/arbeitsunfaelle-junge-und-maenner-besonders-gefaehrdet\\\/\",\"name\":\"Arbeitsunf\u00e4lle: Junge und M\u00e4nner besonders gef\u00e4hrdet - Save\",\"isPartOf\":{\"@id\":\"https:\\\/\\\/news.save.ch\\\/de\\\/#website\"},\"primaryImageOfPage\":{\"@id\":\"https:\\\/\\\/news.save.ch\\\/arbeitsunfaelle-junge-und-maenner-besonders-gefaehrdet\\\/#primaryimage\"},\"image\":{\"@id\":\"https:\\\/\\\/news.save.ch\\\/arbeitsunfaelle-junge-und-maenner-besonders-gefaehrdet\\\/#primaryimage\"},\"thumbnailUrl\":\"https:\\\/\\\/news.save.ch\\\/wp-content\\\/uploads\\\/2016\\\/12\\\/Arbeitsunfaelle-Junge-und-Maenner-besonders-gefaehrdet_safety-plus-scaled-1.jpg\",\"datePublished\":\"2015-06-30T09:28:40+00:00\",\"dateModified\":\"2023-03-14T08:03:06+00:00\",\"description\":\"2013 erlitten 6% der Erwerbst\u00e4tigen einen Arbeitsunfall. Rund 750'000 Menschen gaben ausserdem an, an einem arbeitsbedingten Gesundheitsproblems zu leiden.\",\"breadcrumb\":{\"@id\":\"https:\\\/\\\/news.save.ch\\\/arbeitsunfaelle-junge-und-maenner-besonders-gefaehrdet\\\/#breadcrumb\"},\"inLanguage\":\"de\",\"potentialAction\":[{\"@type\":\"ReadAction\",\"target\":[\"https:\\\/\\\/news.save.ch\\\/arbeitsunfaelle-junge-und-maenner-besonders-gefaehrdet\\\/\"]}]},{\"@type\":\"ImageObject\",\"inLanguage\":\"de\",\"@id\":\"https:\\\/\\\/news.save.ch\\\/arbeitsunfaelle-junge-und-maenner-besonders-gefaehrdet\\\/#primaryimage\",\"url\":\"https:\\\/\\\/news.save.ch\\\/wp-content\\\/uploads\\\/2016\\\/12\\\/Arbeitsunfaelle-Junge-und-Maenner-besonders-gefaehrdet_safety-plus-scaled-1.jpg\",\"contentUrl\":\"https:\\\/\\\/news.save.ch\\\/wp-content\\\/uploads\\\/2016\\\/12\\\/Arbeitsunfaelle-Junge-und-Maenner-besonders-gefaehrdet_safety-plus-scaled-1.jpg\",\"width\":1200,\"height\":801,\"caption\":\"Mitarbeiter in der Landwirtschaft erleiden von allen Sektoren die meisten Arbeitsunf\u00e4lle.\"},{\"@type\":\"BreadcrumbList\",\"@id\":\"https:\\\/\\\/news.save.ch\\\/arbeitsunfaelle-junge-und-maenner-besonders-gefaehrdet\\\/#breadcrumb\",\"itemListElement\":[{\"@type\":\"ListItem\",\"position\":1,\"name\":\"Home\",\"item\":\"https:\\\/\\\/news.save.ch\\\/de\\\/\"},{\"@type\":\"ListItem\",\"position\":2,\"name\":\"Arbeitsunf\u00e4lle: Junge und M\u00e4nner besonders gef\u00e4hrdet\"}]},{\"@type\":\"WebSite\",\"@id\":\"https:\\\/\\\/news.save.ch\\\/de\\\/#website\",\"url\":\"https:\\\/\\\/news.save.ch\\\/de\\\/\",\"name\":\"Save\",\"description\":\"Schweizer Fachzeitschrift f\u00fcr Sicherheit\",\"publisher\":{\"@id\":\"https:\\\/\\\/news.save.ch\\\/de\\\/#organization\"},\"potentialAction\":[{\"@type\":\"SearchAction\",\"target\":{\"@type\":\"EntryPoint\",\"urlTemplate\":\"https:\\\/\\\/news.save.ch\\\/de\\\/?s={search_term_string}\"},\"query-input\":{\"@type\":\"PropertyValueSpecification\",\"valueRequired\":true,\"valueName\":\"search_term_string\"}}],\"inLanguage\":\"de\"},{\"@type\":\"Organization\",\"@id\":\"https:\\\/\\\/news.save.ch\\\/de\\\/#organization\",\"name\":\"Sicherheitsforum\",\"url\":\"https:\\\/\\\/news.save.ch\\\/de\\\/\",\"logo\":{\"@type\":\"ImageObject\",\"inLanguage\":\"de\",\"@id\":\"https:\\\/\\\/news.save.ch\\\/de\\\/#\\\/schema\\\/logo\\\/image\\\/\",\"url\":\"https:\\\/\\\/news.save.ch\\\/wp-content\\\/uploads\\\/2022\\\/06\\\/Logo_SF_2012.png\",\"contentUrl\":\"https:\\\/\\\/news.save.ch\\\/wp-content\\\/uploads\\\/2022\\\/06\\\/Logo_SF_2012.png\",\"width\":1100,\"height\":91,\"caption\":\"Sicherheitsforum\"},\"image\":{\"@id\":\"https:\\\/\\\/news.save.ch\\\/de\\\/#\\\/schema\\\/logo\\\/image\\\/\"}},{\"@type\":\"Person\",\"@id\":\"https:\\\/\\\/news.save.ch\\\/de\\\/#\\\/schema\\\/person\\\/d49e199490bad7c70d64b9ab51142f2b\",\"name\":\"admin\",\"image\":{\"@type\":\"ImageObject\",\"inLanguage\":\"de\",\"@id\":\"https:\\\/\\\/secure.gravatar.com\\\/avatar\\\/ae2f4d718e6c49043e314ce431e7e645d646302a24a5ef5a8bc8e3f5a032e319?s=96&d=mm&r=g\",\"url\":\"https:\\\/\\\/secure.gravatar.com\\\/avatar\\\/ae2f4d718e6c49043e314ce431e7e645d646302a24a5ef5a8bc8e3f5a032e319?s=96&d=mm&r=g\",\"contentUrl\":\"https:\\\/\\\/secure.gravatar.com\\\/avatar\\\/ae2f4d718e6c49043e314ce431e7e645d646302a24a5ef5a8bc8e3f5a032e319?s=96&d=mm&r=g\",\"caption\":\"admin\"},\"sameAs\":[\"https:\\\/\\\/develop.organisator.galledia.ch\"],\"url\":\"https:\\\/\\\/news.save.ch\\\/de\\\/author\\\/admin\\\/\"}]}<\/script>\n<!-- \/ Yoast SEO plugin. -->","yoast_head_json":{"title":"Arbeitsunf\u00e4lle: Junge und M\u00e4nner besonders gef\u00e4hrdet - Save","description":"2013 erlitten 6% der Erwerbst\u00e4tigen einen Arbeitsunfall. Rund 750'000 Menschen gaben ausserdem an, an einem arbeitsbedingten Gesundheitsproblems zu leiden.","robots":{"index":"index","follow":"follow","max-snippet":"max-snippet:-1","max-image-preview":"max-image-preview:large","max-video-preview":"max-video-preview:-1"},"canonical":"https:\/\/news.save.ch\/de\/arbeitsunfaelle-junge-und-maenner-besonders-gefaehrdet\/","og_locale":"de_DE","og_type":"article","og_title":"Arbeitsunf\u00e4lle: Junge und M\u00e4nner besonders gef\u00e4hrdet - Save","og_description":"2013 erlitten 6% der Erwerbst\u00e4tigen einen Arbeitsunfall. Rund 750'000 Menschen gaben ausserdem an, an einem arbeitsbedingten Gesundheitsproblems zu leiden.","og_url":"https:\/\/news.save.ch\/de\/arbeitsunfaelle-junge-und-maenner-besonders-gefaehrdet\/","og_site_name":"Save","article_published_time":"2015-06-30T09:28:40+00:00","article_modified_time":"2023-03-14T08:03:06+00:00","og_image":[{"width":1200,"height":801,"url":"https:\/\/news.save.ch\/wp-content\/uploads\/2016\/12\/Arbeitsunfaelle-Junge-und-Maenner-besonders-gefaehrdet_safety-plus-scaled-1.jpg","type":"image\/jpeg"}],"author":"admin","twitter_card":"summary_large_image","twitter_misc":{"Geschrieben von":"admin","Gesch\u00e4tzte Lesezeit":"1\u00a0Minute"},"schema":{"@context":"https:\/\/schema.org","@graph":[{"@type":"Article","@id":"https:\/\/news.save.ch\/arbeitsunfaelle-junge-und-maenner-besonders-gefaehrdet\/#article","isPartOf":{"@id":"https:\/\/news.save.ch\/arbeitsunfaelle-junge-und-maenner-besonders-gefaehrdet\/"},"author":{"name":"admin","@id":"https:\/\/news.save.ch\/de\/#\/schema\/person\/d49e199490bad7c70d64b9ab51142f2b"},"headline":"Arbeitsunf\u00e4lle: Junge und M\u00e4nner besonders gef\u00e4hrdet","datePublished":"2015-06-30T09:28:40+00:00","dateModified":"2023-03-14T08:03:06+00:00","mainEntityOfPage":{"@id":"https:\/\/news.save.ch\/arbeitsunfaelle-junge-und-maenner-besonders-gefaehrdet\/"},"wordCount":183,"commentCount":0,"publisher":{"@id":"https:\/\/news.save.ch\/de\/#organization"},"image":{"@id":"https:\/\/news.save.ch\/arbeitsunfaelle-junge-und-maenner-besonders-gefaehrdet\/#primaryimage"},"thumbnailUrl":"https:\/\/news.save.ch\/wp-content\/uploads\/2016\/12\/Arbeitsunfaelle-Junge-und-Maenner-besonders-gefaehrdet_safety-plus-scaled-1.jpg","keywords":["Arbeitssicherheit","Gesundheitsschutz"],"articleSection":["HEALTH &amp; SAFETY"],"inLanguage":"de"},{"@type":"WebPage","@id":"https:\/\/news.save.ch\/arbeitsunfaelle-junge-und-maenner-besonders-gefaehrdet\/","url":"https:\/\/news.save.ch\/arbeitsunfaelle-junge-und-maenner-besonders-gefaehrdet\/","name":"Arbeitsunf\u00e4lle: Junge und M\u00e4nner besonders gef\u00e4hrdet - Save","isPartOf":{"@id":"https:\/\/news.save.ch\/de\/#website"},"primaryImageOfPage":{"@id":"https:\/\/news.save.ch\/arbeitsunfaelle-junge-und-maenner-besonders-gefaehrdet\/#primaryimage"},"image":{"@id":"https:\/\/news.save.ch\/arbeitsunfaelle-junge-und-maenner-besonders-gefaehrdet\/#primaryimage"},"thumbnailUrl":"https:\/\/news.save.ch\/wp-content\/uploads\/2016\/12\/Arbeitsunfaelle-Junge-und-Maenner-besonders-gefaehrdet_safety-plus-scaled-1.jpg","datePublished":"2015-06-30T09:28:40+00:00","dateModified":"2023-03-14T08:03:06+00:00","description":"2013 erlitten 6% der Erwerbst\u00e4tigen einen Arbeitsunfall. Rund 750'000 Menschen gaben ausserdem an, an einem arbeitsbedingten Gesundheitsproblems zu leiden.","breadcrumb":{"@id":"https:\/\/news.save.ch\/arbeitsunfaelle-junge-und-maenner-besonders-gefaehrdet\/#breadcrumb"},"inLanguage":"de","potentialAction":[{"@type":"ReadAction","target":["https:\/\/news.save.ch\/arbeitsunfaelle-junge-und-maenner-besonders-gefaehrdet\/"]}]},{"@type":"ImageObject","inLanguage":"de","@id":"https:\/\/news.save.ch\/arbeitsunfaelle-junge-und-maenner-besonders-gefaehrdet\/#primaryimage","url":"https:\/\/news.save.ch\/wp-content\/uploads\/2016\/12\/Arbeitsunfaelle-Junge-und-Maenner-besonders-gefaehrdet_safety-plus-scaled-1.jpg","contentUrl":"https:\/\/news.save.ch\/wp-content\/uploads\/2016\/12\/Arbeitsunfaelle-Junge-und-Maenner-besonders-gefaehrdet_safety-plus-scaled-1.jpg","width":1200,"height":801,"caption":"Mitarbeiter in der Landwirtschaft erleiden von allen Sektoren die meisten Arbeitsunf\u00e4lle."},{"@type":"BreadcrumbList","@id":"https:\/\/news.save.ch\/arbeitsunfaelle-junge-und-maenner-besonders-gefaehrdet\/#breadcrumb","itemListElement":[{"@type":"ListItem","position":1,"name":"Home","item":"https:\/\/news.save.ch\/de\/"},{"@type":"ListItem","position":2,"name":"Arbeitsunf\u00e4lle: Junge und M\u00e4nner besonders gef\u00e4hrdet"}]},{"@type":"WebSite","@id":"https:\/\/news.save.ch\/de\/#website","url":"https:\/\/news.save.ch\/de\/","name":"Save","description":"Schweizer Fachzeitschrift f\u00fcr Sicherheit","publisher":{"@id":"https:\/\/news.save.ch\/de\/#organization"},"potentialAction":[{"@type":"SearchAction","target":{"@type":"EntryPoint","urlTemplate":"https:\/\/news.save.ch\/de\/?s={search_term_string}"},"query-input":{"@type":"PropertyValueSpecification","valueRequired":true,"valueName":"search_term_string"}}],"inLanguage":"de"},{"@type":"Organization","@id":"https:\/\/news.save.ch\/de\/#organization","name":"Sicherheitsforum","url":"https:\/\/news.save.ch\/de\/","logo":{"@type":"ImageObject","inLanguage":"de","@id":"https:\/\/news.save.ch\/de\/#\/schema\/logo\/image\/","url":"https:\/\/news.save.ch\/wp-content\/uploads\/2022\/06\/Logo_SF_2012.png","contentUrl":"https:\/\/news.save.ch\/wp-content\/uploads\/2022\/06\/Logo_SF_2012.png","width":1100,"height":91,"caption":"Sicherheitsforum"},"image":{"@id":"https:\/\/news.save.ch\/de\/#\/schema\/logo\/image\/"}},{"@type":"Person","@id":"https:\/\/news.save.ch\/de\/#\/schema\/person\/d49e199490bad7c70d64b9ab51142f2b","name":"admin","image":{"@type":"ImageObject","inLanguage":"de","@id":"https:\/\/secure.gravatar.com\/avatar\/ae2f4d718e6c49043e314ce431e7e645d646302a24a5ef5a8bc8e3f5a032e319?s=96&d=mm&r=g","url":"https:\/\/secure.gravatar.com\/avatar\/ae2f4d718e6c49043e314ce431e7e645d646302a24a5ef5a8bc8e3f5a032e319?s=96&d=mm&r=g","contentUrl":"https:\/\/secure.gravatar.com\/avatar\/ae2f4d718e6c49043e314ce431e7e645d646302a24a5ef5a8bc8e3f5a032e319?s=96&d=mm&r=g","caption":"admin"},"sameAs":["https:\/\/develop.organisator.galledia.ch"],"url":"https:\/\/news.save.ch\/de\/author\/admin\/"}]}},"_links":{"self":[{"href":"https:\/\/news.save.ch\/de\/wp-json\/wp\/v2\/posts\/16658","targetHints":{"allow":["GET"]}}],"collection":[{"href":"https:\/\/news.save.ch\/de\/wp-json\/wp\/v2\/posts"}],"about":[{"href":"https:\/\/news.save.ch\/de\/wp-json\/wp\/v2\/types\/post"}],"author":[{"embeddable":true,"href":"https:\/\/news.save.ch\/de\/wp-json\/wp\/v2\/users\/1"}],"replies":[{"embeddable":true,"href":"https:\/\/news.save.ch\/de\/wp-json\/wp\/v2\/comments?post=16658"}],"version-history":[{"count":1,"href":"https:\/\/news.save.ch\/de\/wp-json\/wp\/v2\/posts\/16658\/revisions"}],"predecessor-version":[{"id":18390,"href":"https:\/\/news.save.ch\/de\/wp-json\/wp\/v2\/posts\/16658\/revisions\/18390"}],"wp:featuredmedia":[{"embeddable":true,"href":"https:\/\/news.save.ch\/de\/wp-json\/wp\/v2\/media\/16002"}],"wp:attachment":[{"href":"https:\/\/news.save.ch\/de\/wp-json\/wp\/v2\/media?parent=16658"}],"wp:term":[{"taxonomy":"category","embeddable":true,"href":"https:\/\/news.save.ch\/de\/wp-json\/wp\/v2\/categories?post=16658"},{"taxonomy":"post_tag","embeddable":true,"href":"https:\/\/news.save.ch\/de\/wp-json\/wp\/v2\/tags?post=16658"}],"curies":[{"name":"wp","href":"https:\/\/api.w.org\/{rel}","templated":true}]}}