{"id":16662,"date":"2015-07-14T12:55:23","date_gmt":"2015-07-14T10:55:23","guid":{"rendered":"http:\/\/dev.safety-plus.ch\/?p=419"},"modified":"2023-03-14T09:04:30","modified_gmt":"2023-03-14T08:04:30","slug":"herz-kreislauf-auch-juengere-sind-gefaehrdet","status":null,"type":"post","link":"https:\/\/news.save.ch\/de\/herz-kreislauf-auch-juengere-sind-gefaehrdet\/","title":{"rendered":"Herz-Kreislauf: Auch J\u00fcngere sind gef\u00e4hrdet"},"content":{"rendered":"<figure id=\"attachment_440\" aria-describedby=\"caption-attachment-440\" style=\"width: 680px\" class=\"wp-caption alignnone\"><img loading=\"lazy\" decoding=\"async\" class=\"wp-image-440 size-medium\" src=\"http:\/\/develop.safety-plus.ch\/wp-content\/uploads\/2016\/12\/Herz-Kreislauf-Auch-Juengere-sind-gefaehrdet_safety-plus.jpg\" alt=\"Ein hoher Bauchumfang und schlechte Cholesterinwerte bedeuten ein hohes Risiko f\u00fcr sp\u00e4tere Herz-Kreislauf-Erkrankungen.\" width=\"680\" height=\"454\" \/><figcaption id=\"caption-attachment-440\" class=\"wp-caption-text\">Ein hoher Bauchumfang und schlechte Cholesterinwerte bedeuten ein hohes Risiko f\u00fcr sp\u00e4tere Herz-Kreislauf-Erkrankungen.<\/figcaption><\/figure>\n<p>Die Auswertungen des <a href=\"http:\/\/www.schweizer-gesundheitstag.ch\/\" target=\"_blank\" data-cke-saved-href=\"http:\/\/www.schweizer-gesundheitstag.ch\/\" rel=\"noopener\">Schweizerischen Gesundheitstags 2015<\/a> zeigen, dass sich vor allem die \u00fcber 45-j\u00e4hrigen Gedanken um ihr Herz-Kreislauf-Risiko machen. J\u00fcngere Semester profitierten kaum vom Gratis-Angebot &#8211; obwohl auch bei Ihnen oft wichtige Risikofaktoren nicht im gr\u00fcnen Bereich liegen.<\/p>\n<p>Insbesondere der Wert des &#8222;guten&#8220; HDL-Cholesterins ist bei unter 40-J\u00e4hrigen oft zu tief. Ist gleichzeitig der Wert des &#8222;schlechten&#8220; LDL-Cholesterins zu hoch, bedeutet dies bereits ein Risiko f\u00fcr sp\u00e4tere Erkrankungen.\u00a0Auch der Bauchumfang ist bei einigen bereits in diesem Alter zu hoch: Bei 20% der Frauen und 10% der M\u00e4nner. Diese Faktoren sind laut Organisatoren des Gesundheitstags insofern problematisch, da der HDL-Wert im h\u00f6heren Alter tendenziell eher ab- und der Bauchumfang zunimmt.<\/p>\n<p>Schlechte Werte sind aber nicht irreversibel: Reichlich Bewegung, auch im Alltag, eine ausgewogene Ern\u00e4hrung und der Verzicht aufs Rauchen erh\u00f6hen die HDL-Werte und verringern das \u00dcbergewicht.<\/p>\n<p>Wer den Gratis-Check verpasst hat, kann dies kostenpflichtig bei teilnehmenden Apotheken nachholen. Weitere Infos dazu <a href=\"http:\/\/www.schweizer-gesundheitstag.ch\/index.php\/durchfuehrung-2015\/herz-check-in-ihrer-amavita-apotheke\" target=\"_blank\" data-cke-saved-href=\"http:\/\/www.schweizer-gesundheitstag.ch\/index.php\/durchfuehrung-2015\/herz-check-in-ihrer-amavita-apotheke\" rel=\"noopener\">hier<\/a>.<\/p>\n","protected":false},"excerpt":{"rendered":"<p>Die Auswertungen des Schweizerischen Gesundheitstags 2015 zeigen, dass sich vor allem die \u00fcber 45-j\u00e4hrigen Gedanken um ihr Herz-Kreislauf-Risiko machen. J\u00fcngere Semester profitierten kaum vom Gratis-Angebot &#8211; obwohl auch bei Ihnen oft wichtige Risikofaktoren nicht im gr\u00fcnen Bereich liegen. Insbesondere der Wert des &#8222;guten&#8220; HDL-Cholesterins ist bei unter 40-J\u00e4hrigen oft zu tief. Ist gleichzeitig der Wert [&hellip;]<\/p>\n","protected":false},"author":1,"featured_media":16009,"comment_status":"open","ping_status":"open","sticky":false,"template":"","format":"standard","meta":{"_acf_changed":false,"pgc_sgb_lightbox_settings":"","footnotes":""},"categories":[3314],"tags":[149,141],"class_list":["post-16662","post","type-post","status-publish","format-standard","has-post-thumbnail","hentry","category-health-safety","tag-gesundheitsschutz","tag-praevention"],"acf":[],"hkrextid":null,"publication":null,"issue":null,"workflow":null,"startPage":null,"spitzmarke":null,"_posts_by_tag_page_fields":{"widget_title":"","widget_tags":""},"_at_widget":"1","_yoast_wpseo_primary_category":"2","_yoast_wpseo_focuskw_text_input":"Herz-Kreislauf","_yoast_wpseo_opengraph-image":null,"_yoast_wpseo_opengraph-description":null,"_yoast_wpseo_opengraph-title":null,"enclosure":null,"_yoast_wpseo_twitter-title":null,"_yoast_wpseo_twitter-description":null,"_yoast_wpseo_twitter-image":null,"_wp_old_slug":null,"_yoast_wpseo_title":null,"_yoast_wpseo_canonical":null,"yoast_head":"<!-- This site is optimized with the Yoast SEO plugin v27.4 - https:\/\/yoast.com\/product\/yoast-seo-wordpress\/ -->\n<title>Herz-Kreislauf: Auch J\u00fcngere sind gef\u00e4hrdet - Save<\/title>\n<meta name=\"description\" content=\"Risikofaktoren f\u00fcr sp\u00e4tere Herz-Kreislauf-Erkrankungen zeigen sich oft schon in jungen Jahren.\" \/>\n<meta name=\"robots\" content=\"index, follow, max-snippet:-1, max-image-preview:large, max-video-preview:-1\" \/>\n<link rel=\"canonical\" href=\"https:\/\/news.save.ch\/de\/herz-kreislauf-auch-juengere-sind-gefaehrdet\/\" \/>\n<meta property=\"og:locale\" content=\"de_DE\" \/>\n<meta property=\"og:type\" content=\"article\" \/>\n<meta property=\"og:title\" content=\"Herz-Kreislauf: Auch J\u00fcngere sind gef\u00e4hrdet - Save\" \/>\n<meta property=\"og:description\" content=\"Risikofaktoren f\u00fcr sp\u00e4tere Herz-Kreislauf-Erkrankungen zeigen sich oft schon in jungen Jahren.\" \/>\n<meta property=\"og:url\" content=\"https:\/\/news.save.ch\/de\/herz-kreislauf-auch-juengere-sind-gefaehrdet\/\" \/>\n<meta property=\"og:site_name\" content=\"Save\" \/>\n<meta property=\"article:published_time\" content=\"2015-07-14T10:55:23+00:00\" \/>\n<meta property=\"article:modified_time\" content=\"2023-03-14T08:04:30+00:00\" \/>\n<meta property=\"og:image\" content=\"https:\/\/news.save.ch\/wp-content\/uploads\/2016\/12\/Herz-Kreislauf-Auch-Juengere-sind-gefaehrdet_safety-plus.jpg\" \/>\n\t<meta property=\"og:image:width\" content=\"1000\" \/>\n\t<meta property=\"og:image:height\" content=\"667\" \/>\n\t<meta property=\"og:image:type\" content=\"image\/jpeg\" \/>\n<meta name=\"author\" content=\"admin\" \/>\n<meta name=\"twitter:card\" content=\"summary_large_image\" \/>\n<meta name=\"twitter:label1\" content=\"Geschrieben von\" \/>\n\t<meta name=\"twitter:data1\" content=\"admin\" \/>\n\t<meta name=\"twitter:label2\" content=\"Gesch\u00e4tzte Lesezeit\" \/>\n\t<meta name=\"twitter:data2\" content=\"1\u00a0Minute\" \/>\n<script type=\"application\/ld+json\" class=\"yoast-schema-graph\">{\"@context\":\"https:\\\/\\\/schema.org\",\"@graph\":[{\"@type\":\"Article\",\"@id\":\"https:\\\/\\\/news.save.ch\\\/herz-kreislauf-auch-juengere-sind-gefaehrdet\\\/#article\",\"isPartOf\":{\"@id\":\"https:\\\/\\\/news.save.ch\\\/herz-kreislauf-auch-juengere-sind-gefaehrdet\\\/\"},\"author\":{\"name\":\"admin\",\"@id\":\"https:\\\/\\\/news.save.ch\\\/de\\\/#\\\/schema\\\/person\\\/d49e199490bad7c70d64b9ab51142f2b\"},\"headline\":\"Herz-Kreislauf: Auch J\u00fcngere sind gef\u00e4hrdet\",\"datePublished\":\"2015-07-14T10:55:23+00:00\",\"dateModified\":\"2023-03-14T08:04:30+00:00\",\"mainEntityOfPage\":{\"@id\":\"https:\\\/\\\/news.save.ch\\\/herz-kreislauf-auch-juengere-sind-gefaehrdet\\\/\"},\"wordCount\":188,\"commentCount\":0,\"publisher\":{\"@id\":\"https:\\\/\\\/news.save.ch\\\/de\\\/#organization\"},\"image\":{\"@id\":\"https:\\\/\\\/news.save.ch\\\/herz-kreislauf-auch-juengere-sind-gefaehrdet\\\/#primaryimage\"},\"thumbnailUrl\":\"https:\\\/\\\/news.save.ch\\\/wp-content\\\/uploads\\\/2016\\\/12\\\/Herz-Kreislauf-Auch-Juengere-sind-gefaehrdet_safety-plus.jpg\",\"keywords\":[\"Gesundheitsschutz\",\"Pr\u00e4vention\"],\"articleSection\":[\"HEALTH &amp; SAFETY\"],\"inLanguage\":\"de\"},{\"@type\":\"WebPage\",\"@id\":\"https:\\\/\\\/news.save.ch\\\/herz-kreislauf-auch-juengere-sind-gefaehrdet\\\/\",\"url\":\"https:\\\/\\\/news.save.ch\\\/herz-kreislauf-auch-juengere-sind-gefaehrdet\\\/\",\"name\":\"Herz-Kreislauf: Auch J\u00fcngere sind gef\u00e4hrdet - Save\",\"isPartOf\":{\"@id\":\"https:\\\/\\\/news.save.ch\\\/de\\\/#website\"},\"primaryImageOfPage\":{\"@id\":\"https:\\\/\\\/news.save.ch\\\/herz-kreislauf-auch-juengere-sind-gefaehrdet\\\/#primaryimage\"},\"image\":{\"@id\":\"https:\\\/\\\/news.save.ch\\\/herz-kreislauf-auch-juengere-sind-gefaehrdet\\\/#primaryimage\"},\"thumbnailUrl\":\"https:\\\/\\\/news.save.ch\\\/wp-content\\\/uploads\\\/2016\\\/12\\\/Herz-Kreislauf-Auch-Juengere-sind-gefaehrdet_safety-plus.jpg\",\"datePublished\":\"2015-07-14T10:55:23+00:00\",\"dateModified\":\"2023-03-14T08:04:30+00:00\",\"description\":\"Risikofaktoren f\u00fcr sp\u00e4tere Herz-Kreislauf-Erkrankungen zeigen sich oft schon in jungen Jahren.\",\"breadcrumb\":{\"@id\":\"https:\\\/\\\/news.save.ch\\\/herz-kreislauf-auch-juengere-sind-gefaehrdet\\\/#breadcrumb\"},\"inLanguage\":\"de\",\"potentialAction\":[{\"@type\":\"ReadAction\",\"target\":[\"https:\\\/\\\/news.save.ch\\\/herz-kreislauf-auch-juengere-sind-gefaehrdet\\\/\"]}]},{\"@type\":\"ImageObject\",\"inLanguage\":\"de\",\"@id\":\"https:\\\/\\\/news.save.ch\\\/herz-kreislauf-auch-juengere-sind-gefaehrdet\\\/#primaryimage\",\"url\":\"https:\\\/\\\/news.save.ch\\\/wp-content\\\/uploads\\\/2016\\\/12\\\/Herz-Kreislauf-Auch-Juengere-sind-gefaehrdet_safety-plus.jpg\",\"contentUrl\":\"https:\\\/\\\/news.save.ch\\\/wp-content\\\/uploads\\\/2016\\\/12\\\/Herz-Kreislauf-Auch-Juengere-sind-gefaehrdet_safety-plus.jpg\",\"width\":1000,\"height\":667,\"caption\":\"Ein hoher Bauchumfang und schlechte Cholesterinwerte bedeuten ein hohes Risiko f\u00fcr sp\u00e4tere Herz-Kreislauf-Erkrankungen.\"},{\"@type\":\"BreadcrumbList\",\"@id\":\"https:\\\/\\\/news.save.ch\\\/herz-kreislauf-auch-juengere-sind-gefaehrdet\\\/#breadcrumb\",\"itemListElement\":[{\"@type\":\"ListItem\",\"position\":1,\"name\":\"Home\",\"item\":\"https:\\\/\\\/news.save.ch\\\/de\\\/\"},{\"@type\":\"ListItem\",\"position\":2,\"name\":\"Herz-Kreislauf: Auch J\u00fcngere sind gef\u00e4hrdet\"}]},{\"@type\":\"WebSite\",\"@id\":\"https:\\\/\\\/news.save.ch\\\/de\\\/#website\",\"url\":\"https:\\\/\\\/news.save.ch\\\/de\\\/\",\"name\":\"Save\",\"description\":\"Schweizer Fachzeitschrift f\u00fcr Sicherheit\",\"publisher\":{\"@id\":\"https:\\\/\\\/news.save.ch\\\/de\\\/#organization\"},\"potentialAction\":[{\"@type\":\"SearchAction\",\"target\":{\"@type\":\"EntryPoint\",\"urlTemplate\":\"https:\\\/\\\/news.save.ch\\\/de\\\/?s={search_term_string}\"},\"query-input\":{\"@type\":\"PropertyValueSpecification\",\"valueRequired\":true,\"valueName\":\"search_term_string\"}}],\"inLanguage\":\"de\"},{\"@type\":\"Organization\",\"@id\":\"https:\\\/\\\/news.save.ch\\\/de\\\/#organization\",\"name\":\"Sicherheitsforum\",\"url\":\"https:\\\/\\\/news.save.ch\\\/de\\\/\",\"logo\":{\"@type\":\"ImageObject\",\"inLanguage\":\"de\",\"@id\":\"https:\\\/\\\/news.save.ch\\\/de\\\/#\\\/schema\\\/logo\\\/image\\\/\",\"url\":\"https:\\\/\\\/news.save.ch\\\/wp-content\\\/uploads\\\/2022\\\/06\\\/Logo_SF_2012.png\",\"contentUrl\":\"https:\\\/\\\/news.save.ch\\\/wp-content\\\/uploads\\\/2022\\\/06\\\/Logo_SF_2012.png\",\"width\":1100,\"height\":91,\"caption\":\"Sicherheitsforum\"},\"image\":{\"@id\":\"https:\\\/\\\/news.save.ch\\\/de\\\/#\\\/schema\\\/logo\\\/image\\\/\"}},{\"@type\":\"Person\",\"@id\":\"https:\\\/\\\/news.save.ch\\\/de\\\/#\\\/schema\\\/person\\\/d49e199490bad7c70d64b9ab51142f2b\",\"name\":\"admin\",\"image\":{\"@type\":\"ImageObject\",\"inLanguage\":\"de\",\"@id\":\"https:\\\/\\\/secure.gravatar.com\\\/avatar\\\/ae2f4d718e6c49043e314ce431e7e645d646302a24a5ef5a8bc8e3f5a032e319?s=96&d=mm&r=g\",\"url\":\"https:\\\/\\\/secure.gravatar.com\\\/avatar\\\/ae2f4d718e6c49043e314ce431e7e645d646302a24a5ef5a8bc8e3f5a032e319?s=96&d=mm&r=g\",\"contentUrl\":\"https:\\\/\\\/secure.gravatar.com\\\/avatar\\\/ae2f4d718e6c49043e314ce431e7e645d646302a24a5ef5a8bc8e3f5a032e319?s=96&d=mm&r=g\",\"caption\":\"admin\"},\"sameAs\":[\"https:\\\/\\\/develop.organisator.galledia.ch\"],\"url\":\"https:\\\/\\\/news.save.ch\\\/de\\\/author\\\/admin\\\/\"}]}<\/script>\n<!-- \/ Yoast SEO plugin. -->","yoast_head_json":{"title":"Herz-Kreislauf: Auch J\u00fcngere sind gef\u00e4hrdet - Save","description":"Risikofaktoren f\u00fcr sp\u00e4tere Herz-Kreislauf-Erkrankungen zeigen sich oft schon in jungen Jahren.","robots":{"index":"index","follow":"follow","max-snippet":"max-snippet:-1","max-image-preview":"max-image-preview:large","max-video-preview":"max-video-preview:-1"},"canonical":"https:\/\/news.save.ch\/de\/herz-kreislauf-auch-juengere-sind-gefaehrdet\/","og_locale":"de_DE","og_type":"article","og_title":"Herz-Kreislauf: Auch J\u00fcngere sind gef\u00e4hrdet - Save","og_description":"Risikofaktoren f\u00fcr sp\u00e4tere Herz-Kreislauf-Erkrankungen zeigen sich oft schon in jungen Jahren.","og_url":"https:\/\/news.save.ch\/de\/herz-kreislauf-auch-juengere-sind-gefaehrdet\/","og_site_name":"Save","article_published_time":"2015-07-14T10:55:23+00:00","article_modified_time":"2023-03-14T08:04:30+00:00","og_image":[{"width":1000,"height":667,"url":"https:\/\/news.save.ch\/wp-content\/uploads\/2016\/12\/Herz-Kreislauf-Auch-Juengere-sind-gefaehrdet_safety-plus.jpg","type":"image\/jpeg"}],"author":"admin","twitter_card":"summary_large_image","twitter_misc":{"Geschrieben von":"admin","Gesch\u00e4tzte Lesezeit":"1\u00a0Minute"},"schema":{"@context":"https:\/\/schema.org","@graph":[{"@type":"Article","@id":"https:\/\/news.save.ch\/herz-kreislauf-auch-juengere-sind-gefaehrdet\/#article","isPartOf":{"@id":"https:\/\/news.save.ch\/herz-kreislauf-auch-juengere-sind-gefaehrdet\/"},"author":{"name":"admin","@id":"https:\/\/news.save.ch\/de\/#\/schema\/person\/d49e199490bad7c70d64b9ab51142f2b"},"headline":"Herz-Kreislauf: Auch J\u00fcngere sind gef\u00e4hrdet","datePublished":"2015-07-14T10:55:23+00:00","dateModified":"2023-03-14T08:04:30+00:00","mainEntityOfPage":{"@id":"https:\/\/news.save.ch\/herz-kreislauf-auch-juengere-sind-gefaehrdet\/"},"wordCount":188,"commentCount":0,"publisher":{"@id":"https:\/\/news.save.ch\/de\/#organization"},"image":{"@id":"https:\/\/news.save.ch\/herz-kreislauf-auch-juengere-sind-gefaehrdet\/#primaryimage"},"thumbnailUrl":"https:\/\/news.save.ch\/wp-content\/uploads\/2016\/12\/Herz-Kreislauf-Auch-Juengere-sind-gefaehrdet_safety-plus.jpg","keywords":["Gesundheitsschutz","Pr\u00e4vention"],"articleSection":["HEALTH &amp; SAFETY"],"inLanguage":"de"},{"@type":"WebPage","@id":"https:\/\/news.save.ch\/herz-kreislauf-auch-juengere-sind-gefaehrdet\/","url":"https:\/\/news.save.ch\/herz-kreislauf-auch-juengere-sind-gefaehrdet\/","name":"Herz-Kreislauf: Auch J\u00fcngere sind gef\u00e4hrdet - Save","isPartOf":{"@id":"https:\/\/news.save.ch\/de\/#website"},"primaryImageOfPage":{"@id":"https:\/\/news.save.ch\/herz-kreislauf-auch-juengere-sind-gefaehrdet\/#primaryimage"},"image":{"@id":"https:\/\/news.save.ch\/herz-kreislauf-auch-juengere-sind-gefaehrdet\/#primaryimage"},"thumbnailUrl":"https:\/\/news.save.ch\/wp-content\/uploads\/2016\/12\/Herz-Kreislauf-Auch-Juengere-sind-gefaehrdet_safety-plus.jpg","datePublished":"2015-07-14T10:55:23+00:00","dateModified":"2023-03-14T08:04:30+00:00","description":"Risikofaktoren f\u00fcr sp\u00e4tere Herz-Kreislauf-Erkrankungen zeigen sich oft schon in jungen Jahren.","breadcrumb":{"@id":"https:\/\/news.save.ch\/herz-kreislauf-auch-juengere-sind-gefaehrdet\/#breadcrumb"},"inLanguage":"de","potentialAction":[{"@type":"ReadAction","target":["https:\/\/news.save.ch\/herz-kreislauf-auch-juengere-sind-gefaehrdet\/"]}]},{"@type":"ImageObject","inLanguage":"de","@id":"https:\/\/news.save.ch\/herz-kreislauf-auch-juengere-sind-gefaehrdet\/#primaryimage","url":"https:\/\/news.save.ch\/wp-content\/uploads\/2016\/12\/Herz-Kreislauf-Auch-Juengere-sind-gefaehrdet_safety-plus.jpg","contentUrl":"https:\/\/news.save.ch\/wp-content\/uploads\/2016\/12\/Herz-Kreislauf-Auch-Juengere-sind-gefaehrdet_safety-plus.jpg","width":1000,"height":667,"caption":"Ein hoher Bauchumfang und schlechte Cholesterinwerte bedeuten ein hohes Risiko f\u00fcr sp\u00e4tere Herz-Kreislauf-Erkrankungen."},{"@type":"BreadcrumbList","@id":"https:\/\/news.save.ch\/herz-kreislauf-auch-juengere-sind-gefaehrdet\/#breadcrumb","itemListElement":[{"@type":"ListItem","position":1,"name":"Home","item":"https:\/\/news.save.ch\/de\/"},{"@type":"ListItem","position":2,"name":"Herz-Kreislauf: Auch J\u00fcngere sind gef\u00e4hrdet"}]},{"@type":"WebSite","@id":"https:\/\/news.save.ch\/de\/#website","url":"https:\/\/news.save.ch\/de\/","name":"Save","description":"Schweizer Fachzeitschrift f\u00fcr Sicherheit","publisher":{"@id":"https:\/\/news.save.ch\/de\/#organization"},"potentialAction":[{"@type":"SearchAction","target":{"@type":"EntryPoint","urlTemplate":"https:\/\/news.save.ch\/de\/?s={search_term_string}"},"query-input":{"@type":"PropertyValueSpecification","valueRequired":true,"valueName":"search_term_string"}}],"inLanguage":"de"},{"@type":"Organization","@id":"https:\/\/news.save.ch\/de\/#organization","name":"Sicherheitsforum","url":"https:\/\/news.save.ch\/de\/","logo":{"@type":"ImageObject","inLanguage":"de","@id":"https:\/\/news.save.ch\/de\/#\/schema\/logo\/image\/","url":"https:\/\/news.save.ch\/wp-content\/uploads\/2022\/06\/Logo_SF_2012.png","contentUrl":"https:\/\/news.save.ch\/wp-content\/uploads\/2022\/06\/Logo_SF_2012.png","width":1100,"height":91,"caption":"Sicherheitsforum"},"image":{"@id":"https:\/\/news.save.ch\/de\/#\/schema\/logo\/image\/"}},{"@type":"Person","@id":"https:\/\/news.save.ch\/de\/#\/schema\/person\/d49e199490bad7c70d64b9ab51142f2b","name":"admin","image":{"@type":"ImageObject","inLanguage":"de","@id":"https:\/\/secure.gravatar.com\/avatar\/ae2f4d718e6c49043e314ce431e7e645d646302a24a5ef5a8bc8e3f5a032e319?s=96&d=mm&r=g","url":"https:\/\/secure.gravatar.com\/avatar\/ae2f4d718e6c49043e314ce431e7e645d646302a24a5ef5a8bc8e3f5a032e319?s=96&d=mm&r=g","contentUrl":"https:\/\/secure.gravatar.com\/avatar\/ae2f4d718e6c49043e314ce431e7e645d646302a24a5ef5a8bc8e3f5a032e319?s=96&d=mm&r=g","caption":"admin"},"sameAs":["https:\/\/develop.organisator.galledia.ch"],"url":"https:\/\/news.save.ch\/de\/author\/admin\/"}]}},"_links":{"self":[{"href":"https:\/\/news.save.ch\/de\/wp-json\/wp\/v2\/posts\/16662","targetHints":{"allow":["GET"]}}],"collection":[{"href":"https:\/\/news.save.ch\/de\/wp-json\/wp\/v2\/posts"}],"about":[{"href":"https:\/\/news.save.ch\/de\/wp-json\/wp\/v2\/types\/post"}],"author":[{"embeddable":true,"href":"https:\/\/news.save.ch\/de\/wp-json\/wp\/v2\/users\/1"}],"replies":[{"embeddable":true,"href":"https:\/\/news.save.ch\/de\/wp-json\/wp\/v2\/comments?post=16662"}],"version-history":[{"count":1,"href":"https:\/\/news.save.ch\/de\/wp-json\/wp\/v2\/posts\/16662\/revisions"}],"predecessor-version":[{"id":18858,"href":"https:\/\/news.save.ch\/de\/wp-json\/wp\/v2\/posts\/16662\/revisions\/18858"}],"wp:featuredmedia":[{"embeddable":true,"href":"https:\/\/news.save.ch\/de\/wp-json\/wp\/v2\/media\/16009"}],"wp:attachment":[{"href":"https:\/\/news.save.ch\/de\/wp-json\/wp\/v2\/media?parent=16662"}],"wp:term":[{"taxonomy":"category","embeddable":true,"href":"https:\/\/news.save.ch\/de\/wp-json\/wp\/v2\/categories?post=16662"},{"taxonomy":"post_tag","embeddable":true,"href":"https:\/\/news.save.ch\/de\/wp-json\/wp\/v2\/tags?post=16662"}],"curies":[{"name":"wp","href":"https:\/\/api.w.org\/{rel}","templated":true}]}}