{"id":16669,"date":"2015-08-19T13:17:03","date_gmt":"2015-08-19T11:17:03","guid":{"rendered":"http:\/\/dev.safety-plus.ch\/?p=482"},"modified":"2023-03-14T09:04:30","modified_gmt":"2023-03-14T08:04:30","slug":"vision-250-leben-suva-verdoppelt-anstrengungen","status":null,"type":"post","link":"https:\/\/news.save.ch\/de\/vision-250-leben-suva-verdoppelt-anstrengungen\/","title":{"rendered":"Vision 250 Leben: Suva verdoppelt Anstrengungen"},"content":{"rendered":"<figure id=\"attachment_484\" aria-describedby=\"caption-attachment-484\" style=\"width: 680px\" class=\"wp-caption alignnone\"><img loading=\"lazy\" decoding=\"async\" class=\"wp-image-484 size-medium\" src=\"http:\/\/develop.safety-plus.ch\/wp-content\/uploads\/2016\/12\/Vision-250-Leben-Suva-verdoppelt-Anstrengungen_safety-plus.jpeg\" alt=\"Einfache Regeln einhalten auf der Baustelle kann Leben retten.\" width=\"680\" height=\"453\" \/><figcaption id=\"caption-attachment-484\" class=\"wp-caption-text\">Einfache Regeln einhalten auf der Baustelle kann Leben retten.<\/figcaption><\/figure>\n<p>Die 2010 von der Suva lancierte Kampagne \u201eVision 250 Leben\u201c hat zum Ziel, bis zum Jahr 2020 in der Schweiz 250 Todesf\u00e4lle durch Berufsunf\u00e4lle zu verhindern. Die H\u00e4lfte der Kampagnenzeit ist nun um \u2013 Zeit f\u00fcr ein erstes Fazit.<\/p>\n<p>Dies f\u00e4llt etwas weniger positiv aus als erhofft: Zwar geht die Zahl der Berufsunf\u00e4lle insgesamt Jahr f\u00fcr Jahr zur\u00fcck, doch die Anzahl t\u00f6dlicher Unf\u00e4lle stagniert nach wie vor. Die Suva f\u00fchrt dies aber nicht auf die Art der Kampagne selber, sondern der mangelhaften Instruktion der <a href=\"http:\/\/www.suva.ch\/startseite-suva\/praevention-suva\/arbeit-suva\/lebenswichtige-regeln-suva.htm\" target=\"_blank\" data-cke-saved-href=\"http:\/\/www.suva.ch\/startseite-suva\/praevention-suva\/arbeit-suva\/lebenswichtige-regeln-suva.htm\" rel=\"noopener\">Lebenswichtigen Regeln<\/a> in den Betrieben.<\/p>\n<p>Diese Regeln, mittlerweile f\u00fcr 19 verschiedene Berufszweige erh\u00e4ltlich, zeigen einfache Verhaltensgrunds\u00e4tze auf, die Leben retten k\u00f6nnen \u2013 etwa, dass Absturzkanten ab einer Absturzh\u00f6he von 2 Metern gesichert werden m\u00fcssen. Untersuchungen der Suva zeigen, dass \u00a0die konsequente Einhaltung der Regeln 60% der t\u00f6dlichen Berufsunf\u00e4lle verhindern k\u00f6nnte. Warum geschieht dies aber nicht?<\/p>\n<p>Die Suva nennt Zeitdruck, andere Priorit\u00e4ten und mangelnde Instruktionen als Hauptgrund. Die Regeln einmal zu erkl\u00e4ren, reicht nicht aus, sie m\u00fcssen bei den Mitarbeitern und auch bei den Vorgesetzten fest verankert sein.<\/p>\n<p>Aber auch das allein ist nicht genug: Wird eine der Regeln verletzt, so muss der Mitarbeiter Stopp sagen, die Arbeit muss unterbrochen werden und es darf erst weitergearbeitet werden, wenn die Gefahr behoben ist. Daf\u00fcr braucht es aber oft viel Mut von den Angestellten \u2013 speziell, wenn ein hoher Zeitdurck herrscht und die Sicherheitskultur bei den Vorgesetzten nicht den h\u00f6chsten Stellenwert hat.<\/p>\n<p><strong>Sicherheitskultur st\u00e4rken<\/strong><\/p>\n<p>Wie eine positive Sicherheitskultur in der Realit\u00e4t aussehen kann, zeigt die SR Technics. Sie ist eines von 1250 Unternehmen, welche die zu der Kampagne geh\u00f6rende <a href=\"http:\/\/www.sicherheits-charta.ch\/\" target=\"_blank\" data-cke-saved-href=\"http:\/\/www.sicherheits-charta.ch\/\" rel=\"noopener\">Sicherheits-Charta<\/a> unterschrieben hat. Die Charta ist verpflichtend f\u00fcr das gesamte Unternehmen \u2013 also auch f\u00fcr die Niederlassungen in anderen L\u00e4ndern.<\/p>\n<p>Die Mitarbeitenden werden vom ersten Tag an instruiert sowie ermutigt und erm\u00e4chtigt, einen Arbeitsprozess jederzeit zu stoppen, wenn er zu einer unsicheren Situation f\u00fchren k\u00f6nnte. Und das mit Erfolg: Nicht nur hat sich die Einstellung der Mitarbeitenden zur Sicherheit verbessert, sondern auch die Unfallzahlen sind um 14% zur\u00fcckgegangen.<\/p>\n","protected":false},"excerpt":{"rendered":"<p>Die 2010 von der Suva lancierte Kampagne \u201eVision 250 Leben\u201c hat zum Ziel, bis zum Jahr 2020 in der Schweiz 250 Todesf\u00e4lle durch Berufsunf\u00e4lle zu verhindern. Die H\u00e4lfte der Kampagnenzeit ist nun um \u2013 Zeit f\u00fcr ein erstes Fazit. Dies f\u00e4llt etwas weniger positiv aus als erhofft: Zwar geht die Zahl der Berufsunf\u00e4lle insgesamt Jahr [&hellip;]<\/p>\n","protected":false},"author":1,"featured_media":16017,"comment_status":"open","ping_status":"open","sticky":false,"template":"","format":"standard","meta":{"_acf_changed":false,"pgc_sgb_lightbox_settings":"","footnotes":""},"categories":[3314],"tags":[172,141,167],"class_list":["post-16669","post","type-post","status-publish","format-standard","has-post-thumbnail","hentry","category-health-safety","tag-arbeitssicherheit","tag-praevention","tag-suva"],"acf":[],"hkrextid":null,"publication":null,"issue":null,"workflow":null,"startPage":null,"spitzmarke":null,"_posts_by_tag_page_fields":{"widget_title":"","widget_tags":""},"_at_widget":"1","_yoast_wpseo_primary_category":"5","_yoast_wpseo_focuskw_text_input":"Vision 250 Leben","_yoast_wpseo_opengraph-image":null,"_yoast_wpseo_opengraph-description":null,"_yoast_wpseo_opengraph-title":null,"enclosure":null,"_yoast_wpseo_twitter-title":null,"_yoast_wpseo_twitter-description":null,"_yoast_wpseo_twitter-image":null,"_wp_old_slug":null,"_yoast_wpseo_title":null,"_yoast_wpseo_canonical":null,"yoast_head":"<!-- This site is optimized with the Yoast SEO plugin v27.5 - https:\/\/yoast.com\/product\/yoast-seo-wordpress\/ -->\n<title>Vision 250 Leben: Suva verdoppelt Anstrengungen - Save<\/title>\n<meta name=\"description\" content=\"Die Kampagne &quot;Vision 250 Leben&quot; der Suva ist bereits in der Halbzeit. Doch bisher hat sich die Zahl t\u00f6dlicher Berufsunf\u00e4lle noch nicht deutlich verringert.\" \/>\n<meta name=\"robots\" content=\"index, follow, max-snippet:-1, max-image-preview:large, max-video-preview:-1\" \/>\n<link rel=\"canonical\" href=\"https:\/\/news.save.ch\/de\/vision-250-leben-suva-verdoppelt-anstrengungen\/\" \/>\n<meta property=\"og:locale\" content=\"de_DE\" \/>\n<meta property=\"og:type\" content=\"article\" \/>\n<meta property=\"og:title\" content=\"Vision 250 Leben: Suva verdoppelt Anstrengungen - Save\" \/>\n<meta property=\"og:description\" content=\"Die Kampagne &quot;Vision 250 Leben&quot; der Suva ist bereits in der Halbzeit. Doch bisher hat sich die Zahl t\u00f6dlicher Berufsunf\u00e4lle noch nicht deutlich verringert.\" \/>\n<meta property=\"og:url\" content=\"https:\/\/news.save.ch\/de\/vision-250-leben-suva-verdoppelt-anstrengungen\/\" \/>\n<meta property=\"og:site_name\" content=\"Save\" \/>\n<meta property=\"article:published_time\" content=\"2015-08-19T11:17:03+00:00\" \/>\n<meta property=\"article:modified_time\" content=\"2023-03-14T08:04:30+00:00\" \/>\n<meta property=\"og:image\" content=\"https:\/\/news.save.ch\/wp-content\/uploads\/2016\/12\/Vision-250-Leben-Suva-verdoppelt-Anstrengungen_safety-plus-scaled-1.jpeg\" \/>\n\t<meta property=\"og:image:width\" content=\"1200\" \/>\n\t<meta property=\"og:image:height\" content=\"799\" \/>\n\t<meta property=\"og:image:type\" content=\"image\/jpeg\" \/>\n<meta name=\"author\" content=\"admin\" \/>\n<meta name=\"twitter:card\" content=\"summary_large_image\" \/>\n<meta name=\"twitter:label1\" content=\"Geschrieben von\" \/>\n\t<meta name=\"twitter:data1\" content=\"admin\" \/>\n\t<meta name=\"twitter:label2\" content=\"Gesch\u00e4tzte Lesezeit\" \/>\n\t<meta name=\"twitter:data2\" content=\"2\u00a0Minuten\" \/>\n<script type=\"application\/ld+json\" class=\"yoast-schema-graph\">{\"@context\":\"https:\\\/\\\/schema.org\",\"@graph\":[{\"@type\":\"Article\",\"@id\":\"https:\\\/\\\/news.save.ch\\\/vision-250-leben-suva-verdoppelt-anstrengungen\\\/#article\",\"isPartOf\":{\"@id\":\"https:\\\/\\\/news.save.ch\\\/vision-250-leben-suva-verdoppelt-anstrengungen\\\/\"},\"author\":{\"name\":\"admin\",\"@id\":\"https:\\\/\\\/news.save.ch\\\/de\\\/#\\\/schema\\\/person\\\/d49e199490bad7c70d64b9ab51142f2b\"},\"headline\":\"Vision 250 Leben: Suva verdoppelt Anstrengungen\",\"datePublished\":\"2015-08-19T11:17:03+00:00\",\"dateModified\":\"2023-03-14T08:04:30+00:00\",\"mainEntityOfPage\":{\"@id\":\"https:\\\/\\\/news.save.ch\\\/vision-250-leben-suva-verdoppelt-anstrengungen\\\/\"},\"wordCount\":371,\"commentCount\":1,\"publisher\":{\"@id\":\"https:\\\/\\\/news.save.ch\\\/de\\\/#organization\"},\"image\":{\"@id\":\"https:\\\/\\\/news.save.ch\\\/vision-250-leben-suva-verdoppelt-anstrengungen\\\/#primaryimage\"},\"thumbnailUrl\":\"https:\\\/\\\/news.save.ch\\\/wp-content\\\/uploads\\\/2016\\\/12\\\/Vision-250-Leben-Suva-verdoppelt-Anstrengungen_safety-plus-scaled-1.jpeg\",\"keywords\":[\"Arbeitssicherheit\",\"Pr\u00e4vention\",\"SUVA\"],\"articleSection\":[\"HEALTH &amp; SAFETY\"],\"inLanguage\":\"de\"},{\"@type\":\"WebPage\",\"@id\":\"https:\\\/\\\/news.save.ch\\\/vision-250-leben-suva-verdoppelt-anstrengungen\\\/\",\"url\":\"https:\\\/\\\/news.save.ch\\\/vision-250-leben-suva-verdoppelt-anstrengungen\\\/\",\"name\":\"Vision 250 Leben: Suva verdoppelt Anstrengungen - Save\",\"isPartOf\":{\"@id\":\"https:\\\/\\\/news.save.ch\\\/de\\\/#website\"},\"primaryImageOfPage\":{\"@id\":\"https:\\\/\\\/news.save.ch\\\/vision-250-leben-suva-verdoppelt-anstrengungen\\\/#primaryimage\"},\"image\":{\"@id\":\"https:\\\/\\\/news.save.ch\\\/vision-250-leben-suva-verdoppelt-anstrengungen\\\/#primaryimage\"},\"thumbnailUrl\":\"https:\\\/\\\/news.save.ch\\\/wp-content\\\/uploads\\\/2016\\\/12\\\/Vision-250-Leben-Suva-verdoppelt-Anstrengungen_safety-plus-scaled-1.jpeg\",\"datePublished\":\"2015-08-19T11:17:03+00:00\",\"dateModified\":\"2023-03-14T08:04:30+00:00\",\"description\":\"Die Kampagne \\\"Vision 250 Leben\\\" der Suva ist bereits in der Halbzeit. Doch bisher hat sich die Zahl t\u00f6dlicher Berufsunf\u00e4lle noch nicht deutlich verringert.\",\"breadcrumb\":{\"@id\":\"https:\\\/\\\/news.save.ch\\\/vision-250-leben-suva-verdoppelt-anstrengungen\\\/#breadcrumb\"},\"inLanguage\":\"de\",\"potentialAction\":[{\"@type\":\"ReadAction\",\"target\":[\"https:\\\/\\\/news.save.ch\\\/vision-250-leben-suva-verdoppelt-anstrengungen\\\/\"]}]},{\"@type\":\"ImageObject\",\"inLanguage\":\"de\",\"@id\":\"https:\\\/\\\/news.save.ch\\\/vision-250-leben-suva-verdoppelt-anstrengungen\\\/#primaryimage\",\"url\":\"https:\\\/\\\/news.save.ch\\\/wp-content\\\/uploads\\\/2016\\\/12\\\/Vision-250-Leben-Suva-verdoppelt-Anstrengungen_safety-plus-scaled-1.jpeg\",\"contentUrl\":\"https:\\\/\\\/news.save.ch\\\/wp-content\\\/uploads\\\/2016\\\/12\\\/Vision-250-Leben-Suva-verdoppelt-Anstrengungen_safety-plus-scaled-1.jpeg\",\"width\":1200,\"height\":799,\"caption\":\"Einfache Regeln einhalten auf der Baustelle kann Leben retten.\"},{\"@type\":\"BreadcrumbList\",\"@id\":\"https:\\\/\\\/news.save.ch\\\/vision-250-leben-suva-verdoppelt-anstrengungen\\\/#breadcrumb\",\"itemListElement\":[{\"@type\":\"ListItem\",\"position\":1,\"name\":\"Home\",\"item\":\"https:\\\/\\\/news.save.ch\\\/de\\\/\"},{\"@type\":\"ListItem\",\"position\":2,\"name\":\"Vision 250 Leben: Suva verdoppelt Anstrengungen\"}]},{\"@type\":\"WebSite\",\"@id\":\"https:\\\/\\\/news.save.ch\\\/de\\\/#website\",\"url\":\"https:\\\/\\\/news.save.ch\\\/de\\\/\",\"name\":\"Save\",\"description\":\"Schweizer Fachzeitschrift f\u00fcr Sicherheit\",\"publisher\":{\"@id\":\"https:\\\/\\\/news.save.ch\\\/de\\\/#organization\"},\"potentialAction\":[{\"@type\":\"SearchAction\",\"target\":{\"@type\":\"EntryPoint\",\"urlTemplate\":\"https:\\\/\\\/news.save.ch\\\/de\\\/?s={search_term_string}\"},\"query-input\":{\"@type\":\"PropertyValueSpecification\",\"valueRequired\":true,\"valueName\":\"search_term_string\"}}],\"inLanguage\":\"de\"},{\"@type\":\"Organization\",\"@id\":\"https:\\\/\\\/news.save.ch\\\/de\\\/#organization\",\"name\":\"Sicherheitsforum\",\"url\":\"https:\\\/\\\/news.save.ch\\\/de\\\/\",\"logo\":{\"@type\":\"ImageObject\",\"inLanguage\":\"de\",\"@id\":\"https:\\\/\\\/news.save.ch\\\/de\\\/#\\\/schema\\\/logo\\\/image\\\/\",\"url\":\"https:\\\/\\\/news.save.ch\\\/wp-content\\\/uploads\\\/2022\\\/06\\\/Logo_SF_2012.png\",\"contentUrl\":\"https:\\\/\\\/news.save.ch\\\/wp-content\\\/uploads\\\/2022\\\/06\\\/Logo_SF_2012.png\",\"width\":1100,\"height\":91,\"caption\":\"Sicherheitsforum\"},\"image\":{\"@id\":\"https:\\\/\\\/news.save.ch\\\/de\\\/#\\\/schema\\\/logo\\\/image\\\/\"}},{\"@type\":\"Person\",\"@id\":\"https:\\\/\\\/news.save.ch\\\/de\\\/#\\\/schema\\\/person\\\/d49e199490bad7c70d64b9ab51142f2b\",\"name\":\"admin\",\"image\":{\"@type\":\"ImageObject\",\"inLanguage\":\"de\",\"@id\":\"https:\\\/\\\/secure.gravatar.com\\\/avatar\\\/ae2f4d718e6c49043e314ce431e7e645d646302a24a5ef5a8bc8e3f5a032e319?s=96&d=mm&r=g\",\"url\":\"https:\\\/\\\/secure.gravatar.com\\\/avatar\\\/ae2f4d718e6c49043e314ce431e7e645d646302a24a5ef5a8bc8e3f5a032e319?s=96&d=mm&r=g\",\"contentUrl\":\"https:\\\/\\\/secure.gravatar.com\\\/avatar\\\/ae2f4d718e6c49043e314ce431e7e645d646302a24a5ef5a8bc8e3f5a032e319?s=96&d=mm&r=g\",\"caption\":\"admin\"},\"sameAs\":[\"https:\\\/\\\/develop.organisator.galledia.ch\"],\"url\":\"https:\\\/\\\/news.save.ch\\\/de\\\/author\\\/admin\\\/\"}]}<\/script>\n<!-- \/ Yoast SEO plugin. -->","yoast_head_json":{"title":"Vision 250 Leben: Suva verdoppelt Anstrengungen - Save","description":"Die Kampagne \"Vision 250 Leben\" der Suva ist bereits in der Halbzeit. Doch bisher hat sich die Zahl t\u00f6dlicher Berufsunf\u00e4lle noch nicht deutlich verringert.","robots":{"index":"index","follow":"follow","max-snippet":"max-snippet:-1","max-image-preview":"max-image-preview:large","max-video-preview":"max-video-preview:-1"},"canonical":"https:\/\/news.save.ch\/de\/vision-250-leben-suva-verdoppelt-anstrengungen\/","og_locale":"de_DE","og_type":"article","og_title":"Vision 250 Leben: Suva verdoppelt Anstrengungen - Save","og_description":"Die Kampagne \"Vision 250 Leben\" der Suva ist bereits in der Halbzeit. Doch bisher hat sich die Zahl t\u00f6dlicher Berufsunf\u00e4lle noch nicht deutlich verringert.","og_url":"https:\/\/news.save.ch\/de\/vision-250-leben-suva-verdoppelt-anstrengungen\/","og_site_name":"Save","article_published_time":"2015-08-19T11:17:03+00:00","article_modified_time":"2023-03-14T08:04:30+00:00","og_image":[{"width":1200,"height":799,"url":"https:\/\/news.save.ch\/wp-content\/uploads\/2016\/12\/Vision-250-Leben-Suva-verdoppelt-Anstrengungen_safety-plus-scaled-1.jpeg","type":"image\/jpeg"}],"author":"admin","twitter_card":"summary_large_image","twitter_misc":{"Geschrieben von":"admin","Gesch\u00e4tzte Lesezeit":"2\u00a0Minuten"},"schema":{"@context":"https:\/\/schema.org","@graph":[{"@type":"Article","@id":"https:\/\/news.save.ch\/vision-250-leben-suva-verdoppelt-anstrengungen\/#article","isPartOf":{"@id":"https:\/\/news.save.ch\/vision-250-leben-suva-verdoppelt-anstrengungen\/"},"author":{"name":"admin","@id":"https:\/\/news.save.ch\/de\/#\/schema\/person\/d49e199490bad7c70d64b9ab51142f2b"},"headline":"Vision 250 Leben: Suva verdoppelt Anstrengungen","datePublished":"2015-08-19T11:17:03+00:00","dateModified":"2023-03-14T08:04:30+00:00","mainEntityOfPage":{"@id":"https:\/\/news.save.ch\/vision-250-leben-suva-verdoppelt-anstrengungen\/"},"wordCount":371,"commentCount":1,"publisher":{"@id":"https:\/\/news.save.ch\/de\/#organization"},"image":{"@id":"https:\/\/news.save.ch\/vision-250-leben-suva-verdoppelt-anstrengungen\/#primaryimage"},"thumbnailUrl":"https:\/\/news.save.ch\/wp-content\/uploads\/2016\/12\/Vision-250-Leben-Suva-verdoppelt-Anstrengungen_safety-plus-scaled-1.jpeg","keywords":["Arbeitssicherheit","Pr\u00e4vention","SUVA"],"articleSection":["HEALTH &amp; SAFETY"],"inLanguage":"de"},{"@type":"WebPage","@id":"https:\/\/news.save.ch\/vision-250-leben-suva-verdoppelt-anstrengungen\/","url":"https:\/\/news.save.ch\/vision-250-leben-suva-verdoppelt-anstrengungen\/","name":"Vision 250 Leben: Suva verdoppelt Anstrengungen - Save","isPartOf":{"@id":"https:\/\/news.save.ch\/de\/#website"},"primaryImageOfPage":{"@id":"https:\/\/news.save.ch\/vision-250-leben-suva-verdoppelt-anstrengungen\/#primaryimage"},"image":{"@id":"https:\/\/news.save.ch\/vision-250-leben-suva-verdoppelt-anstrengungen\/#primaryimage"},"thumbnailUrl":"https:\/\/news.save.ch\/wp-content\/uploads\/2016\/12\/Vision-250-Leben-Suva-verdoppelt-Anstrengungen_safety-plus-scaled-1.jpeg","datePublished":"2015-08-19T11:17:03+00:00","dateModified":"2023-03-14T08:04:30+00:00","description":"Die Kampagne \"Vision 250 Leben\" der Suva ist bereits in der Halbzeit. Doch bisher hat sich die Zahl t\u00f6dlicher Berufsunf\u00e4lle noch nicht deutlich verringert.","breadcrumb":{"@id":"https:\/\/news.save.ch\/vision-250-leben-suva-verdoppelt-anstrengungen\/#breadcrumb"},"inLanguage":"de","potentialAction":[{"@type":"ReadAction","target":["https:\/\/news.save.ch\/vision-250-leben-suva-verdoppelt-anstrengungen\/"]}]},{"@type":"ImageObject","inLanguage":"de","@id":"https:\/\/news.save.ch\/vision-250-leben-suva-verdoppelt-anstrengungen\/#primaryimage","url":"https:\/\/news.save.ch\/wp-content\/uploads\/2016\/12\/Vision-250-Leben-Suva-verdoppelt-Anstrengungen_safety-plus-scaled-1.jpeg","contentUrl":"https:\/\/news.save.ch\/wp-content\/uploads\/2016\/12\/Vision-250-Leben-Suva-verdoppelt-Anstrengungen_safety-plus-scaled-1.jpeg","width":1200,"height":799,"caption":"Einfache Regeln einhalten auf der Baustelle kann Leben retten."},{"@type":"BreadcrumbList","@id":"https:\/\/news.save.ch\/vision-250-leben-suva-verdoppelt-anstrengungen\/#breadcrumb","itemListElement":[{"@type":"ListItem","position":1,"name":"Home","item":"https:\/\/news.save.ch\/de\/"},{"@type":"ListItem","position":2,"name":"Vision 250 Leben: Suva verdoppelt Anstrengungen"}]},{"@type":"WebSite","@id":"https:\/\/news.save.ch\/de\/#website","url":"https:\/\/news.save.ch\/de\/","name":"Save","description":"Schweizer Fachzeitschrift f\u00fcr Sicherheit","publisher":{"@id":"https:\/\/news.save.ch\/de\/#organization"},"potentialAction":[{"@type":"SearchAction","target":{"@type":"EntryPoint","urlTemplate":"https:\/\/news.save.ch\/de\/?s={search_term_string}"},"query-input":{"@type":"PropertyValueSpecification","valueRequired":true,"valueName":"search_term_string"}}],"inLanguage":"de"},{"@type":"Organization","@id":"https:\/\/news.save.ch\/de\/#organization","name":"Sicherheitsforum","url":"https:\/\/news.save.ch\/de\/","logo":{"@type":"ImageObject","inLanguage":"de","@id":"https:\/\/news.save.ch\/de\/#\/schema\/logo\/image\/","url":"https:\/\/news.save.ch\/wp-content\/uploads\/2022\/06\/Logo_SF_2012.png","contentUrl":"https:\/\/news.save.ch\/wp-content\/uploads\/2022\/06\/Logo_SF_2012.png","width":1100,"height":91,"caption":"Sicherheitsforum"},"image":{"@id":"https:\/\/news.save.ch\/de\/#\/schema\/logo\/image\/"}},{"@type":"Person","@id":"https:\/\/news.save.ch\/de\/#\/schema\/person\/d49e199490bad7c70d64b9ab51142f2b","name":"admin","image":{"@type":"ImageObject","inLanguage":"de","@id":"https:\/\/secure.gravatar.com\/avatar\/ae2f4d718e6c49043e314ce431e7e645d646302a24a5ef5a8bc8e3f5a032e319?s=96&d=mm&r=g","url":"https:\/\/secure.gravatar.com\/avatar\/ae2f4d718e6c49043e314ce431e7e645d646302a24a5ef5a8bc8e3f5a032e319?s=96&d=mm&r=g","contentUrl":"https:\/\/secure.gravatar.com\/avatar\/ae2f4d718e6c49043e314ce431e7e645d646302a24a5ef5a8bc8e3f5a032e319?s=96&d=mm&r=g","caption":"admin"},"sameAs":["https:\/\/develop.organisator.galledia.ch"],"url":"https:\/\/news.save.ch\/de\/author\/admin\/"}]}},"_links":{"self":[{"href":"https:\/\/news.save.ch\/de\/wp-json\/wp\/v2\/posts\/16669","targetHints":{"allow":["GET"]}}],"collection":[{"href":"https:\/\/news.save.ch\/de\/wp-json\/wp\/v2\/posts"}],"about":[{"href":"https:\/\/news.save.ch\/de\/wp-json\/wp\/v2\/types\/post"}],"author":[{"embeddable":true,"href":"https:\/\/news.save.ch\/de\/wp-json\/wp\/v2\/users\/1"}],"replies":[{"embeddable":true,"href":"https:\/\/news.save.ch\/de\/wp-json\/wp\/v2\/comments?post=16669"}],"version-history":[{"count":1,"href":"https:\/\/news.save.ch\/de\/wp-json\/wp\/v2\/posts\/16669\/revisions"}],"predecessor-version":[{"id":18388,"href":"https:\/\/news.save.ch\/de\/wp-json\/wp\/v2\/posts\/16669\/revisions\/18388"}],"wp:featuredmedia":[{"embeddable":true,"href":"https:\/\/news.save.ch\/de\/wp-json\/wp\/v2\/media\/16017"}],"wp:attachment":[{"href":"https:\/\/news.save.ch\/de\/wp-json\/wp\/v2\/media?parent=16669"}],"wp:term":[{"taxonomy":"category","embeddable":true,"href":"https:\/\/news.save.ch\/de\/wp-json\/wp\/v2\/categories?post=16669"},{"taxonomy":"post_tag","embeddable":true,"href":"https:\/\/news.save.ch\/de\/wp-json\/wp\/v2\/tags?post=16669"}],"curies":[{"name":"wp","href":"https:\/\/api.w.org\/{rel}","templated":true}]}}