{"id":16671,"date":"2015-09-02T13:27:19","date_gmt":"2015-09-02T11:27:19","guid":{"rendered":"http:\/\/dev.safety-plus.ch\/?p=505"},"modified":"2023-03-14T09:01:11","modified_gmt":"2023-03-14T08:01:11","slug":"weniger-unfaelle-im-bauwesen","status":null,"type":"post","link":"https:\/\/news.save.ch\/de\/weniger-unfaelle-im-bauwesen\/","title":{"rendered":"Weniger Unf\u00e4lle im Bauwesen"},"content":{"rendered":"<figure id=\"attachment_508\" aria-describedby=\"caption-attachment-508\" style=\"width: 680px\" class=\"wp-caption alignnone\"><img loading=\"lazy\" decoding=\"async\" class=\"wp-image-508 size-medium\" src=\"http:\/\/develop.safety-plus.ch\/wp-content\/uploads\/2016\/12\/Weniger-Unfaelle-im-Bauwesen_safety-plus.jpeg\" alt=\"Die Unfallzahlen im Baugewerbe sind r\u00fcckl\u00e4ufig.\" width=\"680\" height=\"433\" \/><figcaption id=\"caption-attachment-508\" class=\"wp-caption-text\">Die Unfallzahlen im Baugewerbe sind r\u00fcckl\u00e4ufig.<\/figcaption><\/figure>\n<p>Die Pr\u00e4ventionsmassnahmen scheinen zu wirken: Die Anzahl Berufsunf\u00e4lle im Baugewerbe nimmt Jahr f\u00fcr Jahr ab und erreicht in diesem Jahr einen neuen Tiefstwert von rund 190 Betroffenen pro 1000 Mitarbeitern.<\/p>\n<p>Der Baumeisterverband beklagt allerdings die Zunahme der Freizeitunf\u00e4lle ihrer Mitarbeiter: J\u00e4hrlich verunfallen von 1000 Besch\u00e4ftigten 118 Personen in ihrer Freizeit.\u00a0Damit hat sich immerhin jeder dritte Bauarbeiter, der im Laufe eines Jahres unfallbedingt ausf\u00e4llt, seine Verletzungen nicht w\u00e4hrend der Arbeitszeit, sondern in seiner Freizeit zugezogen. Der Verband fordert deshalb seine Mitarbeiter dazu auf, auf bei den Freizeitaktivit\u00e4ten die Sicherheitsregeln zu beachten.<\/p>\n<p>Eine Zunahme musste auch bei der Anzahl t\u00f6dlicher Berufsunf\u00e4lle verzeichnet werden. 2014 verloren 23 Arbeiter ihr Leben auf dem Bau. Die Gewerkschaft Unia fordert deshalb, dass Mitarbeiter auf Baustellen bei Schlechtwetterbedingungen wie Starkregen, Schnee, Eis und Hitze besser gesch\u00fctzt werden.<\/p>\n<figure id=\"attachment_509\" aria-describedby=\"caption-attachment-509\" style=\"width: 680px\" class=\"wp-caption alignnone\"><img loading=\"lazy\" decoding=\"async\" class=\"wp-image-509 size-medium\" src=\"http:\/\/develop.safety-plus.ch\/wp-content\/uploads\/2016\/12\/Weniger-Unfaelle-im-Bauwesen_2_safety-plus.jpeg\" alt=\"Unfallstatistik: die Berufsunf\u00e4lle haben in den letzten Jahren stetig abgenommen.\" width=\"680\" height=\"683\" \/><figcaption id=\"caption-attachment-509\" class=\"wp-caption-text\">Unfallstatistik: die Berufsunf\u00e4lle haben in den letzten Jahren stetig abgenommen.<\/figcaption><\/figure>\n","protected":false},"excerpt":{"rendered":"<p>Die Pr\u00e4ventionsmassnahmen scheinen zu wirken: Die Anzahl Berufsunf\u00e4lle im Baugewerbe nimmt Jahr f\u00fcr Jahr ab und erreicht in diesem Jahr einen neuen Tiefstwert von rund 190 Betroffenen pro 1000 Mitarbeitern. Der Baumeisterverband beklagt allerdings die Zunahme der Freizeitunf\u00e4lle ihrer Mitarbeiter: J\u00e4hrlich verunfallen von 1000 Besch\u00e4ftigten 118 Personen in ihrer Freizeit.\u00a0Damit hat sich immerhin jeder dritte [&hellip;]<\/p>\n","protected":false},"author":1,"featured_media":16020,"comment_status":"open","ping_status":"open","sticky":false,"template":"","format":"standard","meta":{"_acf_changed":false,"pgc_sgb_lightbox_settings":"","footnotes":""},"categories":[3314],"tags":[172],"class_list":["post-16671","post","type-post","status-publish","format-standard","has-post-thumbnail","hentry","category-health-safety","tag-arbeitssicherheit"],"acf":[],"hkrextid":null,"publication":null,"issue":null,"workflow":null,"startPage":null,"spitzmarke":null,"_posts_by_tag_page_fields":{"widget_title":"","widget_tags":""},"_at_widget":"1","_yoast_wpseo_primary_category":"5","_yoast_wpseo_focuskw_text_input":"Weniger Unf\u00e4lle im Bauwesen","_yoast_wpseo_opengraph-image":null,"_yoast_wpseo_opengraph-description":null,"_yoast_wpseo_opengraph-title":null,"enclosure":null,"_yoast_wpseo_twitter-title":null,"_yoast_wpseo_twitter-description":null,"_yoast_wpseo_twitter-image":null,"_wp_old_slug":null,"_yoast_wpseo_title":null,"_yoast_wpseo_canonical":null,"yoast_head":"<!-- This site is optimized with the Yoast SEO plugin v27.4 - https:\/\/yoast.com\/product\/yoast-seo-wordpress\/ -->\n<title>Weniger Unf\u00e4lle im Bauwesen - Save<\/title>\n<meta name=\"description\" content=\"Weniger Unf\u00e4lle im Bauwesen: Die Unfallzahlen im Bauhauptgewerbe nehmen Jahr f\u00fcr Jahr ab. Nicht so rosig sieht es hingegen bei den Todesf\u00e4llen aus.\" \/>\n<meta name=\"robots\" content=\"index, follow, max-snippet:-1, max-image-preview:large, max-video-preview:-1\" \/>\n<link rel=\"canonical\" href=\"https:\/\/news.save.ch\/de\/weniger-unfaelle-im-bauwesen\/\" \/>\n<meta property=\"og:locale\" content=\"de_DE\" \/>\n<meta property=\"og:type\" content=\"article\" \/>\n<meta property=\"og:title\" content=\"Weniger Unf\u00e4lle im Bauwesen - Save\" \/>\n<meta property=\"og:description\" content=\"Weniger Unf\u00e4lle im Bauwesen: Die Unfallzahlen im Bauhauptgewerbe nehmen Jahr f\u00fcr Jahr ab. Nicht so rosig sieht es hingegen bei den Todesf\u00e4llen aus.\" \/>\n<meta property=\"og:url\" content=\"https:\/\/news.save.ch\/de\/weniger-unfaelle-im-bauwesen\/\" \/>\n<meta property=\"og:site_name\" content=\"Save\" \/>\n<meta property=\"article:published_time\" content=\"2015-09-02T11:27:19+00:00\" \/>\n<meta property=\"article:modified_time\" content=\"2023-03-14T08:01:11+00:00\" \/>\n<meta property=\"og:image\" content=\"https:\/\/news.save.ch\/wp-content\/uploads\/2016\/12\/Weniger-Unfaelle-im-Bauwesen_safety-plus.jpeg\" \/>\n\t<meta property=\"og:image:width\" content=\"1000\" \/>\n\t<meta property=\"og:image:height\" content=\"637\" \/>\n\t<meta property=\"og:image:type\" content=\"image\/jpeg\" \/>\n<meta name=\"author\" content=\"admin\" \/>\n<meta name=\"twitter:card\" content=\"summary_large_image\" \/>\n<meta name=\"twitter:label1\" content=\"Geschrieben von\" \/>\n\t<meta name=\"twitter:data1\" content=\"admin\" \/>\n\t<meta name=\"twitter:label2\" content=\"Gesch\u00e4tzte Lesezeit\" \/>\n\t<meta name=\"twitter:data2\" content=\"1\u00a0Minute\" \/>\n<script type=\"application\/ld+json\" class=\"yoast-schema-graph\">{\"@context\":\"https:\\\/\\\/schema.org\",\"@graph\":[{\"@type\":\"Article\",\"@id\":\"https:\\\/\\\/news.save.ch\\\/weniger-unfaelle-im-bauwesen\\\/#article\",\"isPartOf\":{\"@id\":\"https:\\\/\\\/news.save.ch\\\/weniger-unfaelle-im-bauwesen\\\/\"},\"author\":{\"name\":\"admin\",\"@id\":\"https:\\\/\\\/news.save.ch\\\/de\\\/#\\\/schema\\\/person\\\/d49e199490bad7c70d64b9ab51142f2b\"},\"headline\":\"Weniger Unf\u00e4lle im Bauwesen\",\"datePublished\":\"2015-09-02T11:27:19+00:00\",\"dateModified\":\"2023-03-14T08:01:11+00:00\",\"mainEntityOfPage\":{\"@id\":\"https:\\\/\\\/news.save.ch\\\/weniger-unfaelle-im-bauwesen\\\/\"},\"wordCount\":175,\"commentCount\":1,\"publisher\":{\"@id\":\"https:\\\/\\\/news.save.ch\\\/de\\\/#organization\"},\"image\":{\"@id\":\"https:\\\/\\\/news.save.ch\\\/weniger-unfaelle-im-bauwesen\\\/#primaryimage\"},\"thumbnailUrl\":\"https:\\\/\\\/news.save.ch\\\/wp-content\\\/uploads\\\/2016\\\/12\\\/Weniger-Unfaelle-im-Bauwesen_safety-plus.jpeg\",\"keywords\":[\"Arbeitssicherheit\"],\"articleSection\":[\"HEALTH &amp; SAFETY\"],\"inLanguage\":\"de\"},{\"@type\":\"WebPage\",\"@id\":\"https:\\\/\\\/news.save.ch\\\/weniger-unfaelle-im-bauwesen\\\/\",\"url\":\"https:\\\/\\\/news.save.ch\\\/weniger-unfaelle-im-bauwesen\\\/\",\"name\":\"Weniger Unf\u00e4lle im Bauwesen - Save\",\"isPartOf\":{\"@id\":\"https:\\\/\\\/news.save.ch\\\/de\\\/#website\"},\"primaryImageOfPage\":{\"@id\":\"https:\\\/\\\/news.save.ch\\\/weniger-unfaelle-im-bauwesen\\\/#primaryimage\"},\"image\":{\"@id\":\"https:\\\/\\\/news.save.ch\\\/weniger-unfaelle-im-bauwesen\\\/#primaryimage\"},\"thumbnailUrl\":\"https:\\\/\\\/news.save.ch\\\/wp-content\\\/uploads\\\/2016\\\/12\\\/Weniger-Unfaelle-im-Bauwesen_safety-plus.jpeg\",\"datePublished\":\"2015-09-02T11:27:19+00:00\",\"dateModified\":\"2023-03-14T08:01:11+00:00\",\"description\":\"Weniger Unf\u00e4lle im Bauwesen: Die Unfallzahlen im Bauhauptgewerbe nehmen Jahr f\u00fcr Jahr ab. Nicht so rosig sieht es hingegen bei den Todesf\u00e4llen aus.\",\"breadcrumb\":{\"@id\":\"https:\\\/\\\/news.save.ch\\\/weniger-unfaelle-im-bauwesen\\\/#breadcrumb\"},\"inLanguage\":\"de\",\"potentialAction\":[{\"@type\":\"ReadAction\",\"target\":[\"https:\\\/\\\/news.save.ch\\\/weniger-unfaelle-im-bauwesen\\\/\"]}]},{\"@type\":\"ImageObject\",\"inLanguage\":\"de\",\"@id\":\"https:\\\/\\\/news.save.ch\\\/weniger-unfaelle-im-bauwesen\\\/#primaryimage\",\"url\":\"https:\\\/\\\/news.save.ch\\\/wp-content\\\/uploads\\\/2016\\\/12\\\/Weniger-Unfaelle-im-Bauwesen_safety-plus.jpeg\",\"contentUrl\":\"https:\\\/\\\/news.save.ch\\\/wp-content\\\/uploads\\\/2016\\\/12\\\/Weniger-Unfaelle-im-Bauwesen_safety-plus.jpeg\",\"width\":1000,\"height\":637,\"caption\":\"Die Unfallzahlen im Baugewerbe sind r\u00fcckl\u00e4ufig.\"},{\"@type\":\"BreadcrumbList\",\"@id\":\"https:\\\/\\\/news.save.ch\\\/weniger-unfaelle-im-bauwesen\\\/#breadcrumb\",\"itemListElement\":[{\"@type\":\"ListItem\",\"position\":1,\"name\":\"Home\",\"item\":\"https:\\\/\\\/news.save.ch\\\/de\\\/\"},{\"@type\":\"ListItem\",\"position\":2,\"name\":\"Weniger Unf\u00e4lle im Bauwesen\"}]},{\"@type\":\"WebSite\",\"@id\":\"https:\\\/\\\/news.save.ch\\\/de\\\/#website\",\"url\":\"https:\\\/\\\/news.save.ch\\\/de\\\/\",\"name\":\"Save\",\"description\":\"Schweizer Fachzeitschrift f\u00fcr Sicherheit\",\"publisher\":{\"@id\":\"https:\\\/\\\/news.save.ch\\\/de\\\/#organization\"},\"potentialAction\":[{\"@type\":\"SearchAction\",\"target\":{\"@type\":\"EntryPoint\",\"urlTemplate\":\"https:\\\/\\\/news.save.ch\\\/de\\\/?s={search_term_string}\"},\"query-input\":{\"@type\":\"PropertyValueSpecification\",\"valueRequired\":true,\"valueName\":\"search_term_string\"}}],\"inLanguage\":\"de\"},{\"@type\":\"Organization\",\"@id\":\"https:\\\/\\\/news.save.ch\\\/de\\\/#organization\",\"name\":\"Sicherheitsforum\",\"url\":\"https:\\\/\\\/news.save.ch\\\/de\\\/\",\"logo\":{\"@type\":\"ImageObject\",\"inLanguage\":\"de\",\"@id\":\"https:\\\/\\\/news.save.ch\\\/de\\\/#\\\/schema\\\/logo\\\/image\\\/\",\"url\":\"https:\\\/\\\/news.save.ch\\\/wp-content\\\/uploads\\\/2022\\\/06\\\/Logo_SF_2012.png\",\"contentUrl\":\"https:\\\/\\\/news.save.ch\\\/wp-content\\\/uploads\\\/2022\\\/06\\\/Logo_SF_2012.png\",\"width\":1100,\"height\":91,\"caption\":\"Sicherheitsforum\"},\"image\":{\"@id\":\"https:\\\/\\\/news.save.ch\\\/de\\\/#\\\/schema\\\/logo\\\/image\\\/\"}},{\"@type\":\"Person\",\"@id\":\"https:\\\/\\\/news.save.ch\\\/de\\\/#\\\/schema\\\/person\\\/d49e199490bad7c70d64b9ab51142f2b\",\"name\":\"admin\",\"image\":{\"@type\":\"ImageObject\",\"inLanguage\":\"de\",\"@id\":\"https:\\\/\\\/secure.gravatar.com\\\/avatar\\\/ae2f4d718e6c49043e314ce431e7e645d646302a24a5ef5a8bc8e3f5a032e319?s=96&d=mm&r=g\",\"url\":\"https:\\\/\\\/secure.gravatar.com\\\/avatar\\\/ae2f4d718e6c49043e314ce431e7e645d646302a24a5ef5a8bc8e3f5a032e319?s=96&d=mm&r=g\",\"contentUrl\":\"https:\\\/\\\/secure.gravatar.com\\\/avatar\\\/ae2f4d718e6c49043e314ce431e7e645d646302a24a5ef5a8bc8e3f5a032e319?s=96&d=mm&r=g\",\"caption\":\"admin\"},\"sameAs\":[\"https:\\\/\\\/develop.organisator.galledia.ch\"],\"url\":\"https:\\\/\\\/news.save.ch\\\/de\\\/author\\\/admin\\\/\"}]}<\/script>\n<!-- \/ Yoast SEO plugin. -->","yoast_head_json":{"title":"Weniger Unf\u00e4lle im Bauwesen - Save","description":"Weniger Unf\u00e4lle im Bauwesen: Die Unfallzahlen im Bauhauptgewerbe nehmen Jahr f\u00fcr Jahr ab. Nicht so rosig sieht es hingegen bei den Todesf\u00e4llen aus.","robots":{"index":"index","follow":"follow","max-snippet":"max-snippet:-1","max-image-preview":"max-image-preview:large","max-video-preview":"max-video-preview:-1"},"canonical":"https:\/\/news.save.ch\/de\/weniger-unfaelle-im-bauwesen\/","og_locale":"de_DE","og_type":"article","og_title":"Weniger Unf\u00e4lle im Bauwesen - Save","og_description":"Weniger Unf\u00e4lle im Bauwesen: Die Unfallzahlen im Bauhauptgewerbe nehmen Jahr f\u00fcr Jahr ab. Nicht so rosig sieht es hingegen bei den Todesf\u00e4llen aus.","og_url":"https:\/\/news.save.ch\/de\/weniger-unfaelle-im-bauwesen\/","og_site_name":"Save","article_published_time":"2015-09-02T11:27:19+00:00","article_modified_time":"2023-03-14T08:01:11+00:00","og_image":[{"width":1000,"height":637,"url":"https:\/\/news.save.ch\/wp-content\/uploads\/2016\/12\/Weniger-Unfaelle-im-Bauwesen_safety-plus.jpeg","type":"image\/jpeg"}],"author":"admin","twitter_card":"summary_large_image","twitter_misc":{"Geschrieben von":"admin","Gesch\u00e4tzte Lesezeit":"1\u00a0Minute"},"schema":{"@context":"https:\/\/schema.org","@graph":[{"@type":"Article","@id":"https:\/\/news.save.ch\/weniger-unfaelle-im-bauwesen\/#article","isPartOf":{"@id":"https:\/\/news.save.ch\/weniger-unfaelle-im-bauwesen\/"},"author":{"name":"admin","@id":"https:\/\/news.save.ch\/de\/#\/schema\/person\/d49e199490bad7c70d64b9ab51142f2b"},"headline":"Weniger Unf\u00e4lle im Bauwesen","datePublished":"2015-09-02T11:27:19+00:00","dateModified":"2023-03-14T08:01:11+00:00","mainEntityOfPage":{"@id":"https:\/\/news.save.ch\/weniger-unfaelle-im-bauwesen\/"},"wordCount":175,"commentCount":1,"publisher":{"@id":"https:\/\/news.save.ch\/de\/#organization"},"image":{"@id":"https:\/\/news.save.ch\/weniger-unfaelle-im-bauwesen\/#primaryimage"},"thumbnailUrl":"https:\/\/news.save.ch\/wp-content\/uploads\/2016\/12\/Weniger-Unfaelle-im-Bauwesen_safety-plus.jpeg","keywords":["Arbeitssicherheit"],"articleSection":["HEALTH &amp; SAFETY"],"inLanguage":"de"},{"@type":"WebPage","@id":"https:\/\/news.save.ch\/weniger-unfaelle-im-bauwesen\/","url":"https:\/\/news.save.ch\/weniger-unfaelle-im-bauwesen\/","name":"Weniger Unf\u00e4lle im Bauwesen - Save","isPartOf":{"@id":"https:\/\/news.save.ch\/de\/#website"},"primaryImageOfPage":{"@id":"https:\/\/news.save.ch\/weniger-unfaelle-im-bauwesen\/#primaryimage"},"image":{"@id":"https:\/\/news.save.ch\/weniger-unfaelle-im-bauwesen\/#primaryimage"},"thumbnailUrl":"https:\/\/news.save.ch\/wp-content\/uploads\/2016\/12\/Weniger-Unfaelle-im-Bauwesen_safety-plus.jpeg","datePublished":"2015-09-02T11:27:19+00:00","dateModified":"2023-03-14T08:01:11+00:00","description":"Weniger Unf\u00e4lle im Bauwesen: Die Unfallzahlen im Bauhauptgewerbe nehmen Jahr f\u00fcr Jahr ab. Nicht so rosig sieht es hingegen bei den Todesf\u00e4llen aus.","breadcrumb":{"@id":"https:\/\/news.save.ch\/weniger-unfaelle-im-bauwesen\/#breadcrumb"},"inLanguage":"de","potentialAction":[{"@type":"ReadAction","target":["https:\/\/news.save.ch\/weniger-unfaelle-im-bauwesen\/"]}]},{"@type":"ImageObject","inLanguage":"de","@id":"https:\/\/news.save.ch\/weniger-unfaelle-im-bauwesen\/#primaryimage","url":"https:\/\/news.save.ch\/wp-content\/uploads\/2016\/12\/Weniger-Unfaelle-im-Bauwesen_safety-plus.jpeg","contentUrl":"https:\/\/news.save.ch\/wp-content\/uploads\/2016\/12\/Weniger-Unfaelle-im-Bauwesen_safety-plus.jpeg","width":1000,"height":637,"caption":"Die Unfallzahlen im Baugewerbe sind r\u00fcckl\u00e4ufig."},{"@type":"BreadcrumbList","@id":"https:\/\/news.save.ch\/weniger-unfaelle-im-bauwesen\/#breadcrumb","itemListElement":[{"@type":"ListItem","position":1,"name":"Home","item":"https:\/\/news.save.ch\/de\/"},{"@type":"ListItem","position":2,"name":"Weniger Unf\u00e4lle im Bauwesen"}]},{"@type":"WebSite","@id":"https:\/\/news.save.ch\/de\/#website","url":"https:\/\/news.save.ch\/de\/","name":"Save","description":"Schweizer Fachzeitschrift f\u00fcr Sicherheit","publisher":{"@id":"https:\/\/news.save.ch\/de\/#organization"},"potentialAction":[{"@type":"SearchAction","target":{"@type":"EntryPoint","urlTemplate":"https:\/\/news.save.ch\/de\/?s={search_term_string}"},"query-input":{"@type":"PropertyValueSpecification","valueRequired":true,"valueName":"search_term_string"}}],"inLanguage":"de"},{"@type":"Organization","@id":"https:\/\/news.save.ch\/de\/#organization","name":"Sicherheitsforum","url":"https:\/\/news.save.ch\/de\/","logo":{"@type":"ImageObject","inLanguage":"de","@id":"https:\/\/news.save.ch\/de\/#\/schema\/logo\/image\/","url":"https:\/\/news.save.ch\/wp-content\/uploads\/2022\/06\/Logo_SF_2012.png","contentUrl":"https:\/\/news.save.ch\/wp-content\/uploads\/2022\/06\/Logo_SF_2012.png","width":1100,"height":91,"caption":"Sicherheitsforum"},"image":{"@id":"https:\/\/news.save.ch\/de\/#\/schema\/logo\/image\/"}},{"@type":"Person","@id":"https:\/\/news.save.ch\/de\/#\/schema\/person\/d49e199490bad7c70d64b9ab51142f2b","name":"admin","image":{"@type":"ImageObject","inLanguage":"de","@id":"https:\/\/secure.gravatar.com\/avatar\/ae2f4d718e6c49043e314ce431e7e645d646302a24a5ef5a8bc8e3f5a032e319?s=96&d=mm&r=g","url":"https:\/\/secure.gravatar.com\/avatar\/ae2f4d718e6c49043e314ce431e7e645d646302a24a5ef5a8bc8e3f5a032e319?s=96&d=mm&r=g","contentUrl":"https:\/\/secure.gravatar.com\/avatar\/ae2f4d718e6c49043e314ce431e7e645d646302a24a5ef5a8bc8e3f5a032e319?s=96&d=mm&r=g","caption":"admin"},"sameAs":["https:\/\/develop.organisator.galledia.ch"],"url":"https:\/\/news.save.ch\/de\/author\/admin\/"}]}},"_links":{"self":[{"href":"https:\/\/news.save.ch\/de\/wp-json\/wp\/v2\/posts\/16671","targetHints":{"allow":["GET"]}}],"collection":[{"href":"https:\/\/news.save.ch\/de\/wp-json\/wp\/v2\/posts"}],"about":[{"href":"https:\/\/news.save.ch\/de\/wp-json\/wp\/v2\/types\/post"}],"author":[{"embeddable":true,"href":"https:\/\/news.save.ch\/de\/wp-json\/wp\/v2\/users\/1"}],"replies":[{"embeddable":true,"href":"https:\/\/news.save.ch\/de\/wp-json\/wp\/v2\/comments?post=16671"}],"version-history":[{"count":1,"href":"https:\/\/news.save.ch\/de\/wp-json\/wp\/v2\/posts\/16671\/revisions"}],"predecessor-version":[{"id":18387,"href":"https:\/\/news.save.ch\/de\/wp-json\/wp\/v2\/posts\/16671\/revisions\/18387"}],"wp:featuredmedia":[{"embeddable":true,"href":"https:\/\/news.save.ch\/de\/wp-json\/wp\/v2\/media\/16020"}],"wp:attachment":[{"href":"https:\/\/news.save.ch\/de\/wp-json\/wp\/v2\/media?parent=16671"}],"wp:term":[{"taxonomy":"category","embeddable":true,"href":"https:\/\/news.save.ch\/de\/wp-json\/wp\/v2\/categories?post=16671"},{"taxonomy":"post_tag","embeddable":true,"href":"https:\/\/news.save.ch\/de\/wp-json\/wp\/v2\/tags?post=16671"}],"curies":[{"name":"wp","href":"https:\/\/api.w.org\/{rel}","templated":true}]}}