{"id":16676,"date":"2015-10-02T13:42:26","date_gmt":"2015-10-02T11:42:26","guid":{"rendered":"http:\/\/dev.safety-plus.ch\/?p=547"},"modified":"2015-10-02T13:42:26","modified_gmt":"2015-10-02T11:42:26","slug":"nothilfekurs-im-ferienlager-neuer-teilnahmerekord","status":null,"type":"post","link":"https:\/\/news.save.ch\/de\/nothilfekurs-im-ferienlager-neuer-teilnahmerekord\/","title":{"rendered":"Nothilfekurs im Ferienlager: neuer Teilnahmerekord"},"content":{"rendered":"<figure id=\"attachment_551\" aria-describedby=\"caption-attachment-551\" style=\"width: 680px\" class=\"wp-caption alignnone\"><img loading=\"lazy\" decoding=\"async\" class=\"wp-image-551 size-medium\" src=\"http:\/\/develop.safety-plus.ch\/wp-content\/uploads\/2016\/12\/Nothilfekurs-im-Ferienlager-neuer-Teilnahmerekord_safety-plus.jpg\" alt=\"Unterst\u00fctzt von 80 Helfern lernen Jugendliche im Ferienlager alles \u00fcber die Erstversorgung von Verletzten.\" width=\"680\" height=\"453\" \/><figcaption id=\"caption-attachment-551\" class=\"wp-caption-text\">Unterst\u00fctzt von 80 Helfern lernen Jugendliche im Ferienlager alles \u00fcber die Erstversorgung von Verletzten.<\/figcaption><\/figure>\n<p>Das diesj\u00e4hrige Ausbildungs- und Ferienlager (AULA) des Schweizerischen Milit\u00e4r-Sanit\u00e4t-Verbandes (SMSV) startet mit einem neuen Teilnehmerrekord. 215 Jugendliche im Alter zwischen 13 und 22 Jahren lernen die Grundregeln der Ersten Hilfe. Unterst\u00fctzt wird das Ferienlager, welches vom 3. bis 10. Oktober in S-chanf (GR) durchgef\u00fchrt wird, durch Fachpersonal des Schweizerischen Roten Kreuzes (SRK) und der Schweizer Armee.<\/p>\n<p>Zum 32. Mal und mit einem neuen Teilnehmerrekord von 215 Jugendlichen wird das Ausbildungs- und Ferienlager AULA zum ersten Mal in der Truppenunterkunft S-chanf durchgef\u00fchrt. W\u00e4hrend einer Woche k\u00f6nnen die Jugendlichen unter Anleitung von Rettungssanit\u00e4tern, Pflegefachpersonen und zertifizierten Ausbildnern die Grundlagen der Ersten Hilfe erlernen. Zudem kann im Ferienlager der Nothilfekurs absolviert werden, welcher Voraussetzung f\u00fcr die Erlangung des Lernfahrausweises f\u00fcr Motorr\u00e4der, Personen- und Lastwagen ist.<\/p>\n<p>In der Truppenunterkunft in S-chanf sorgen rund 80 freiwillige Helfer aus dem SMSV unterst\u00fctzt vom Fachpersonal aus dem SRK und der Logistikbasis der Armee, f\u00fcr eine lehrreiche, vielseitige und spannende Ausbildung rund um die Erstversorgung von Verletzten. Die Teilnehmer lernen dabei im privaten wie im beruflichen Umfeld eine korrekte Erstversorgung zu leisten.<\/p>\n<p>Auch in den kommenden Jahren findet das AULA in der Truppenunterkunft in S-chanf (GR) statt. F\u00fcr 2016 wurde der Termin 8. bis 15. Oktober festgelegt. Interessierte finden unter <a href=\"http:\/\/www.aula-jugendlager.ch\" target=\"_blank\" data-cke-saved-href=\"http:\/\/www.aula-jugendlager.ch\" rel=\"noopener\">www.aula-jugendlager.ch<\/a> weitere Informationen.<\/p>\n","protected":false},"excerpt":{"rendered":"<p>Das diesj\u00e4hrige Ausbildungs- und Ferienlager (AULA) des Schweizerischen Milit\u00e4r-Sanit\u00e4t-Verbandes (SMSV) startet mit einem neuen Teilnehmerrekord. 215 Jugendliche im Alter zwischen 13 und 22 Jahren lernen die Grundregeln der Ersten Hilfe. Unterst\u00fctzt wird das Ferienlager, welches vom 3. bis 10. Oktober in S-chanf (GR) durchgef\u00fchrt wird, durch Fachpersonal des Schweizerischen Roten Kreuzes (SRK) und der Schweizer [&hellip;]<\/p>\n","protected":false},"author":1,"featured_media":16026,"comment_status":"open","ping_status":"open","sticky":false,"template":"","format":"standard","meta":{"_acf_changed":false,"pgc_sgb_lightbox_settings":"","footnotes":""},"categories":[1],"tags":[294,295],"class_list":["post-16676","post","type-post","status-publish","format-standard","has-post-thumbnail","hentry","category-allgemein","tag-betriebssanitaet","tag-erste-hilfe"],"acf":[],"hkrextid":null,"publication":null,"issue":null,"workflow":null,"startPage":null,"spitzmarke":null,"_posts_by_tag_page_fields":{"widget_title":"","widget_tags":""},"_at_widget":"1","_yoast_wpseo_primary_category":"1","_yoast_wpseo_focuskw_text_input":"Nothilfekurs","_yoast_wpseo_opengraph-image":null,"_yoast_wpseo_opengraph-description":null,"_yoast_wpseo_opengraph-title":null,"enclosure":null,"_yoast_wpseo_twitter-title":null,"_yoast_wpseo_twitter-description":null,"_yoast_wpseo_twitter-image":null,"_wp_old_slug":null,"_yoast_wpseo_title":null,"_yoast_wpseo_canonical":null,"yoast_head":"<!-- This site is optimized with the Yoast SEO plugin v27.5 - https:\/\/yoast.com\/product\/yoast-seo-wordpress\/ -->\n<title>Nothilfekurs im Ferienlager: neuer Teilnahmerekord - Save<\/title>\n<meta name=\"description\" content=\"Nothilfekurs: Im Ausbildungs- und Ferienlager des Schweizerischen Milit\u00e4r-Sanit\u00e4ts-Verbandes lernen 215 Jugendliche die Grundregeln der ersten Hilfe.\" \/>\n<meta name=\"robots\" content=\"index, follow, max-snippet:-1, max-image-preview:large, max-video-preview:-1\" \/>\n<link rel=\"canonical\" href=\"https:\/\/news.save.ch\/de\/nothilfekurs-im-ferienlager-neuer-teilnahmerekord\/\" \/>\n<meta property=\"og:locale\" content=\"de_DE\" \/>\n<meta property=\"og:type\" content=\"article\" \/>\n<meta property=\"og:title\" content=\"Nothilfekurs im Ferienlager: neuer Teilnahmerekord - Save\" \/>\n<meta property=\"og:description\" content=\"Nothilfekurs: Im Ausbildungs- und Ferienlager des Schweizerischen Milit\u00e4r-Sanit\u00e4ts-Verbandes lernen 215 Jugendliche die Grundregeln der ersten Hilfe.\" \/>\n<meta property=\"og:url\" content=\"https:\/\/news.save.ch\/de\/nothilfekurs-im-ferienlager-neuer-teilnahmerekord\/\" \/>\n<meta property=\"og:site_name\" content=\"Save\" \/>\n<meta property=\"article:published_time\" content=\"2015-10-02T11:42:26+00:00\" \/>\n<meta property=\"og:image\" content=\"https:\/\/news.save.ch\/wp-content\/uploads\/2016\/12\/Nothilfekurs-im-Ferienlager-neuer-Teilnahmerekord_safety-plus.jpg\" \/>\n\t<meta property=\"og:image:width\" content=\"720\" \/>\n\t<meta property=\"og:image:height\" content=\"480\" \/>\n\t<meta property=\"og:image:type\" content=\"image\/jpeg\" \/>\n<meta name=\"author\" content=\"admin\" \/>\n<meta name=\"twitter:card\" content=\"summary_large_image\" \/>\n<meta name=\"twitter:label1\" content=\"Geschrieben von\" \/>\n\t<meta name=\"twitter:data1\" content=\"admin\" \/>\n\t<meta name=\"twitter:label2\" content=\"Gesch\u00e4tzte Lesezeit\" \/>\n\t<meta name=\"twitter:data2\" content=\"1\u00a0Minute\" \/>\n<script type=\"application\/ld+json\" class=\"yoast-schema-graph\">{\"@context\":\"https:\\\/\\\/schema.org\",\"@graph\":[{\"@type\":\"Article\",\"@id\":\"https:\\\/\\\/news.save.ch\\\/nothilfekurs-im-ferienlager-neuer-teilnahmerekord\\\/#article\",\"isPartOf\":{\"@id\":\"https:\\\/\\\/news.save.ch\\\/nothilfekurs-im-ferienlager-neuer-teilnahmerekord\\\/\"},\"author\":{\"name\":\"admin\",\"@id\":\"https:\\\/\\\/news.save.ch\\\/de\\\/#\\\/schema\\\/person\\\/d49e199490bad7c70d64b9ab51142f2b\"},\"headline\":\"Nothilfekurs im Ferienlager: neuer Teilnahmerekord\",\"datePublished\":\"2015-10-02T11:42:26+00:00\",\"mainEntityOfPage\":{\"@id\":\"https:\\\/\\\/news.save.ch\\\/nothilfekurs-im-ferienlager-neuer-teilnahmerekord\\\/\"},\"wordCount\":237,\"commentCount\":0,\"publisher\":{\"@id\":\"https:\\\/\\\/news.save.ch\\\/de\\\/#organization\"},\"image\":{\"@id\":\"https:\\\/\\\/news.save.ch\\\/nothilfekurs-im-ferienlager-neuer-teilnahmerekord\\\/#primaryimage\"},\"thumbnailUrl\":\"https:\\\/\\\/news.save.ch\\\/wp-content\\\/uploads\\\/2016\\\/12\\\/Nothilfekurs-im-Ferienlager-neuer-Teilnahmerekord_safety-plus.jpg\",\"keywords\":[\"Betriebssanit\u00e4t\",\"Erste Hilfe\"],\"articleSection\":[\"ALLGEMEIN\"],\"inLanguage\":\"de\"},{\"@type\":\"WebPage\",\"@id\":\"https:\\\/\\\/news.save.ch\\\/nothilfekurs-im-ferienlager-neuer-teilnahmerekord\\\/\",\"url\":\"https:\\\/\\\/news.save.ch\\\/nothilfekurs-im-ferienlager-neuer-teilnahmerekord\\\/\",\"name\":\"Nothilfekurs im Ferienlager: neuer Teilnahmerekord - Save\",\"isPartOf\":{\"@id\":\"https:\\\/\\\/news.save.ch\\\/de\\\/#website\"},\"primaryImageOfPage\":{\"@id\":\"https:\\\/\\\/news.save.ch\\\/nothilfekurs-im-ferienlager-neuer-teilnahmerekord\\\/#primaryimage\"},\"image\":{\"@id\":\"https:\\\/\\\/news.save.ch\\\/nothilfekurs-im-ferienlager-neuer-teilnahmerekord\\\/#primaryimage\"},\"thumbnailUrl\":\"https:\\\/\\\/news.save.ch\\\/wp-content\\\/uploads\\\/2016\\\/12\\\/Nothilfekurs-im-Ferienlager-neuer-Teilnahmerekord_safety-plus.jpg\",\"datePublished\":\"2015-10-02T11:42:26+00:00\",\"description\":\"Nothilfekurs: Im Ausbildungs- und Ferienlager des Schweizerischen Milit\u00e4r-Sanit\u00e4ts-Verbandes lernen 215 Jugendliche die Grundregeln der ersten Hilfe.\",\"breadcrumb\":{\"@id\":\"https:\\\/\\\/news.save.ch\\\/nothilfekurs-im-ferienlager-neuer-teilnahmerekord\\\/#breadcrumb\"},\"inLanguage\":\"de\",\"potentialAction\":[{\"@type\":\"ReadAction\",\"target\":[\"https:\\\/\\\/news.save.ch\\\/nothilfekurs-im-ferienlager-neuer-teilnahmerekord\\\/\"]}]},{\"@type\":\"ImageObject\",\"inLanguage\":\"de\",\"@id\":\"https:\\\/\\\/news.save.ch\\\/nothilfekurs-im-ferienlager-neuer-teilnahmerekord\\\/#primaryimage\",\"url\":\"https:\\\/\\\/news.save.ch\\\/wp-content\\\/uploads\\\/2016\\\/12\\\/Nothilfekurs-im-Ferienlager-neuer-Teilnahmerekord_safety-plus.jpg\",\"contentUrl\":\"https:\\\/\\\/news.save.ch\\\/wp-content\\\/uploads\\\/2016\\\/12\\\/Nothilfekurs-im-Ferienlager-neuer-Teilnahmerekord_safety-plus.jpg\",\"width\":720,\"height\":480,\"caption\":\"Unterst\u00fctzt von 80 Helfern lernen Jugendliche im Ferienlager alles \u00fcber die Erstversorgung von Verletzten.\"},{\"@type\":\"BreadcrumbList\",\"@id\":\"https:\\\/\\\/news.save.ch\\\/nothilfekurs-im-ferienlager-neuer-teilnahmerekord\\\/#breadcrumb\",\"itemListElement\":[{\"@type\":\"ListItem\",\"position\":1,\"name\":\"Home\",\"item\":\"https:\\\/\\\/news.save.ch\\\/de\\\/\"},{\"@type\":\"ListItem\",\"position\":2,\"name\":\"Nothilfekurs im Ferienlager: neuer Teilnahmerekord\"}]},{\"@type\":\"WebSite\",\"@id\":\"https:\\\/\\\/news.save.ch\\\/de\\\/#website\",\"url\":\"https:\\\/\\\/news.save.ch\\\/de\\\/\",\"name\":\"Save\",\"description\":\"Schweizer Fachzeitschrift f\u00fcr Sicherheit\",\"publisher\":{\"@id\":\"https:\\\/\\\/news.save.ch\\\/de\\\/#organization\"},\"potentialAction\":[{\"@type\":\"SearchAction\",\"target\":{\"@type\":\"EntryPoint\",\"urlTemplate\":\"https:\\\/\\\/news.save.ch\\\/de\\\/?s={search_term_string}\"},\"query-input\":{\"@type\":\"PropertyValueSpecification\",\"valueRequired\":true,\"valueName\":\"search_term_string\"}}],\"inLanguage\":\"de\"},{\"@type\":\"Organization\",\"@id\":\"https:\\\/\\\/news.save.ch\\\/de\\\/#organization\",\"name\":\"Sicherheitsforum\",\"url\":\"https:\\\/\\\/news.save.ch\\\/de\\\/\",\"logo\":{\"@type\":\"ImageObject\",\"inLanguage\":\"de\",\"@id\":\"https:\\\/\\\/news.save.ch\\\/de\\\/#\\\/schema\\\/logo\\\/image\\\/\",\"url\":\"https:\\\/\\\/news.save.ch\\\/wp-content\\\/uploads\\\/2022\\\/06\\\/Logo_SF_2012.png\",\"contentUrl\":\"https:\\\/\\\/news.save.ch\\\/wp-content\\\/uploads\\\/2022\\\/06\\\/Logo_SF_2012.png\",\"width\":1100,\"height\":91,\"caption\":\"Sicherheitsforum\"},\"image\":{\"@id\":\"https:\\\/\\\/news.save.ch\\\/de\\\/#\\\/schema\\\/logo\\\/image\\\/\"}},{\"@type\":\"Person\",\"@id\":\"https:\\\/\\\/news.save.ch\\\/de\\\/#\\\/schema\\\/person\\\/d49e199490bad7c70d64b9ab51142f2b\",\"name\":\"admin\",\"image\":{\"@type\":\"ImageObject\",\"inLanguage\":\"de\",\"@id\":\"https:\\\/\\\/secure.gravatar.com\\\/avatar\\\/ae2f4d718e6c49043e314ce431e7e645d646302a24a5ef5a8bc8e3f5a032e319?s=96&d=mm&r=g\",\"url\":\"https:\\\/\\\/secure.gravatar.com\\\/avatar\\\/ae2f4d718e6c49043e314ce431e7e645d646302a24a5ef5a8bc8e3f5a032e319?s=96&d=mm&r=g\",\"contentUrl\":\"https:\\\/\\\/secure.gravatar.com\\\/avatar\\\/ae2f4d718e6c49043e314ce431e7e645d646302a24a5ef5a8bc8e3f5a032e319?s=96&d=mm&r=g\",\"caption\":\"admin\"},\"sameAs\":[\"https:\\\/\\\/develop.organisator.galledia.ch\"],\"url\":\"https:\\\/\\\/news.save.ch\\\/de\\\/author\\\/admin\\\/\"}]}<\/script>\n<!-- \/ Yoast SEO plugin. -->","yoast_head_json":{"title":"Nothilfekurs im Ferienlager: neuer Teilnahmerekord - Save","description":"Nothilfekurs: Im Ausbildungs- und Ferienlager des Schweizerischen Milit\u00e4r-Sanit\u00e4ts-Verbandes lernen 215 Jugendliche die Grundregeln der ersten Hilfe.","robots":{"index":"index","follow":"follow","max-snippet":"max-snippet:-1","max-image-preview":"max-image-preview:large","max-video-preview":"max-video-preview:-1"},"canonical":"https:\/\/news.save.ch\/de\/nothilfekurs-im-ferienlager-neuer-teilnahmerekord\/","og_locale":"de_DE","og_type":"article","og_title":"Nothilfekurs im Ferienlager: neuer Teilnahmerekord - Save","og_description":"Nothilfekurs: Im Ausbildungs- und Ferienlager des Schweizerischen Milit\u00e4r-Sanit\u00e4ts-Verbandes lernen 215 Jugendliche die Grundregeln der ersten Hilfe.","og_url":"https:\/\/news.save.ch\/de\/nothilfekurs-im-ferienlager-neuer-teilnahmerekord\/","og_site_name":"Save","article_published_time":"2015-10-02T11:42:26+00:00","og_image":[{"width":720,"height":480,"url":"https:\/\/news.save.ch\/wp-content\/uploads\/2016\/12\/Nothilfekurs-im-Ferienlager-neuer-Teilnahmerekord_safety-plus.jpg","type":"image\/jpeg"}],"author":"admin","twitter_card":"summary_large_image","twitter_misc":{"Geschrieben von":"admin","Gesch\u00e4tzte Lesezeit":"1\u00a0Minute"},"schema":{"@context":"https:\/\/schema.org","@graph":[{"@type":"Article","@id":"https:\/\/news.save.ch\/nothilfekurs-im-ferienlager-neuer-teilnahmerekord\/#article","isPartOf":{"@id":"https:\/\/news.save.ch\/nothilfekurs-im-ferienlager-neuer-teilnahmerekord\/"},"author":{"name":"admin","@id":"https:\/\/news.save.ch\/de\/#\/schema\/person\/d49e199490bad7c70d64b9ab51142f2b"},"headline":"Nothilfekurs im Ferienlager: neuer Teilnahmerekord","datePublished":"2015-10-02T11:42:26+00:00","mainEntityOfPage":{"@id":"https:\/\/news.save.ch\/nothilfekurs-im-ferienlager-neuer-teilnahmerekord\/"},"wordCount":237,"commentCount":0,"publisher":{"@id":"https:\/\/news.save.ch\/de\/#organization"},"image":{"@id":"https:\/\/news.save.ch\/nothilfekurs-im-ferienlager-neuer-teilnahmerekord\/#primaryimage"},"thumbnailUrl":"https:\/\/news.save.ch\/wp-content\/uploads\/2016\/12\/Nothilfekurs-im-Ferienlager-neuer-Teilnahmerekord_safety-plus.jpg","keywords":["Betriebssanit\u00e4t","Erste Hilfe"],"articleSection":["ALLGEMEIN"],"inLanguage":"de"},{"@type":"WebPage","@id":"https:\/\/news.save.ch\/nothilfekurs-im-ferienlager-neuer-teilnahmerekord\/","url":"https:\/\/news.save.ch\/nothilfekurs-im-ferienlager-neuer-teilnahmerekord\/","name":"Nothilfekurs im Ferienlager: neuer Teilnahmerekord - Save","isPartOf":{"@id":"https:\/\/news.save.ch\/de\/#website"},"primaryImageOfPage":{"@id":"https:\/\/news.save.ch\/nothilfekurs-im-ferienlager-neuer-teilnahmerekord\/#primaryimage"},"image":{"@id":"https:\/\/news.save.ch\/nothilfekurs-im-ferienlager-neuer-teilnahmerekord\/#primaryimage"},"thumbnailUrl":"https:\/\/news.save.ch\/wp-content\/uploads\/2016\/12\/Nothilfekurs-im-Ferienlager-neuer-Teilnahmerekord_safety-plus.jpg","datePublished":"2015-10-02T11:42:26+00:00","description":"Nothilfekurs: Im Ausbildungs- und Ferienlager des Schweizerischen Milit\u00e4r-Sanit\u00e4ts-Verbandes lernen 215 Jugendliche die Grundregeln der ersten Hilfe.","breadcrumb":{"@id":"https:\/\/news.save.ch\/nothilfekurs-im-ferienlager-neuer-teilnahmerekord\/#breadcrumb"},"inLanguage":"de","potentialAction":[{"@type":"ReadAction","target":["https:\/\/news.save.ch\/nothilfekurs-im-ferienlager-neuer-teilnahmerekord\/"]}]},{"@type":"ImageObject","inLanguage":"de","@id":"https:\/\/news.save.ch\/nothilfekurs-im-ferienlager-neuer-teilnahmerekord\/#primaryimage","url":"https:\/\/news.save.ch\/wp-content\/uploads\/2016\/12\/Nothilfekurs-im-Ferienlager-neuer-Teilnahmerekord_safety-plus.jpg","contentUrl":"https:\/\/news.save.ch\/wp-content\/uploads\/2016\/12\/Nothilfekurs-im-Ferienlager-neuer-Teilnahmerekord_safety-plus.jpg","width":720,"height":480,"caption":"Unterst\u00fctzt von 80 Helfern lernen Jugendliche im Ferienlager alles \u00fcber die Erstversorgung von Verletzten."},{"@type":"BreadcrumbList","@id":"https:\/\/news.save.ch\/nothilfekurs-im-ferienlager-neuer-teilnahmerekord\/#breadcrumb","itemListElement":[{"@type":"ListItem","position":1,"name":"Home","item":"https:\/\/news.save.ch\/de\/"},{"@type":"ListItem","position":2,"name":"Nothilfekurs im Ferienlager: neuer Teilnahmerekord"}]},{"@type":"WebSite","@id":"https:\/\/news.save.ch\/de\/#website","url":"https:\/\/news.save.ch\/de\/","name":"Save","description":"Schweizer Fachzeitschrift f\u00fcr Sicherheit","publisher":{"@id":"https:\/\/news.save.ch\/de\/#organization"},"potentialAction":[{"@type":"SearchAction","target":{"@type":"EntryPoint","urlTemplate":"https:\/\/news.save.ch\/de\/?s={search_term_string}"},"query-input":{"@type":"PropertyValueSpecification","valueRequired":true,"valueName":"search_term_string"}}],"inLanguage":"de"},{"@type":"Organization","@id":"https:\/\/news.save.ch\/de\/#organization","name":"Sicherheitsforum","url":"https:\/\/news.save.ch\/de\/","logo":{"@type":"ImageObject","inLanguage":"de","@id":"https:\/\/news.save.ch\/de\/#\/schema\/logo\/image\/","url":"https:\/\/news.save.ch\/wp-content\/uploads\/2022\/06\/Logo_SF_2012.png","contentUrl":"https:\/\/news.save.ch\/wp-content\/uploads\/2022\/06\/Logo_SF_2012.png","width":1100,"height":91,"caption":"Sicherheitsforum"},"image":{"@id":"https:\/\/news.save.ch\/de\/#\/schema\/logo\/image\/"}},{"@type":"Person","@id":"https:\/\/news.save.ch\/de\/#\/schema\/person\/d49e199490bad7c70d64b9ab51142f2b","name":"admin","image":{"@type":"ImageObject","inLanguage":"de","@id":"https:\/\/secure.gravatar.com\/avatar\/ae2f4d718e6c49043e314ce431e7e645d646302a24a5ef5a8bc8e3f5a032e319?s=96&d=mm&r=g","url":"https:\/\/secure.gravatar.com\/avatar\/ae2f4d718e6c49043e314ce431e7e645d646302a24a5ef5a8bc8e3f5a032e319?s=96&d=mm&r=g","contentUrl":"https:\/\/secure.gravatar.com\/avatar\/ae2f4d718e6c49043e314ce431e7e645d646302a24a5ef5a8bc8e3f5a032e319?s=96&d=mm&r=g","caption":"admin"},"sameAs":["https:\/\/develop.organisator.galledia.ch"],"url":"https:\/\/news.save.ch\/de\/author\/admin\/"}]}},"_links":{"self":[{"href":"https:\/\/news.save.ch\/de\/wp-json\/wp\/v2\/posts\/16676","targetHints":{"allow":["GET"]}}],"collection":[{"href":"https:\/\/news.save.ch\/de\/wp-json\/wp\/v2\/posts"}],"about":[{"href":"https:\/\/news.save.ch\/de\/wp-json\/wp\/v2\/types\/post"}],"author":[{"embeddable":true,"href":"https:\/\/news.save.ch\/de\/wp-json\/wp\/v2\/users\/1"}],"replies":[{"embeddable":true,"href":"https:\/\/news.save.ch\/de\/wp-json\/wp\/v2\/comments?post=16676"}],"version-history":[{"count":0,"href":"https:\/\/news.save.ch\/de\/wp-json\/wp\/v2\/posts\/16676\/revisions"}],"wp:featuredmedia":[{"embeddable":true,"href":"https:\/\/news.save.ch\/de\/wp-json\/wp\/v2\/media\/16026"}],"wp:attachment":[{"href":"https:\/\/news.save.ch\/de\/wp-json\/wp\/v2\/media?parent=16676"}],"wp:term":[{"taxonomy":"category","embeddable":true,"href":"https:\/\/news.save.ch\/de\/wp-json\/wp\/v2\/categories?post=16676"},{"taxonomy":"post_tag","embeddable":true,"href":"https:\/\/news.save.ch\/de\/wp-json\/wp\/v2\/tags?post=16676"}],"curies":[{"name":"wp","href":"https:\/\/api.w.org\/{rel}","templated":true}]}}