{"id":16696,"date":"2015-11-06T14:40:11","date_gmt":"2015-11-06T13:40:11","guid":{"rendered":"http:\/\/dev.safety-plus.ch\/?p=683"},"modified":"2023-03-14T09:01:10","modified_gmt":"2023-03-14T08:01:10","slug":"ganzkoerper-airbag-schuetzt-vor-sturzverletzungen","status":null,"type":"post","link":"https:\/\/news.save.ch\/de\/ganzkoerper-airbag-schuetzt-vor-sturzverletzungen\/","title":{"rendered":"Ganzk\u00f6rper-Airbag sch\u00fctzt vor Sturzverletzungen"},"content":{"rendered":"<figure id=\"attachment_684\" aria-describedby=\"caption-attachment-684\" style=\"width: 600px\" class=\"wp-caption alignnone\"><img loading=\"lazy\" decoding=\"async\" class=\"wp-image-684 size-full\" src=\"http:\/\/develop.safety-plus.ch\/wp-content\/uploads\/2016\/12\/Ganzkoerper-Airbag-schuetzt-vor-Sturzverletzungen_safety-plus.jpg\" alt=\"Bei Gefahr blasen sich die Airbags am ganzen K\u00f6rper auf und sch\u00fctzen den Tr\u00e4ger vor Verletzungen. (Foto: ISP Schutzanzug)\" width=\"600\" height=\"373\" \/><figcaption id=\"caption-attachment-684\" class=\"wp-caption-text\">Bei Gefahr blasen sich die Airbags am ganzen K\u00f6rper auf und sch\u00fctzen den Tr\u00e4ger vor Verletzungen. (Foto: ISP Schutzanzug)<\/figcaption><\/figure>\n<p>St\u00fcrze geh\u00f6ren zu den h\u00e4ufigsten Arbeits- und Freizeitunf\u00e4llen mit fatalen Folgen. Ein weiches Kissen zur Landung w\u00fcrde die schlimmsten Folgen verhindern &#8211; doch Baustellen damit zuzudecken, kann ja wohl keine L\u00f6sung sein. Doch was, wenn der Arbeiter oder Motorradfahrer sein Sturzkissen immer bei sich hat?<\/p>\n<p>Genau dies hat der Deutsche Unfallchirurg Wolfgang M\u00fcller-Adam mit seiner ISP-Schutzkleidung realisiert. Das Prinzip ist dem Igel abgeschaut, der sich bei Gefahr zusammenrollt: Smarte Sensoren registrieren den Sturz und aktivieren innert weniger Millisekunden eine Vielzahl an Airbags am ganzen K\u00f6rper, die sich wie ein Schutzschild um den K\u00f6rper legen und diesen in einer gesch\u00fctzten Igel-Position fixieren.<\/p>\n<p>Laut M\u00fcller-Adam soll der Tr\u00e4ger dank dem\u00a0System gar ein Aufprall \u00fcber mehrere Hindernisse gesch\u00fctzt \u00fcberstehen.<\/p>\n<p><a href=\"http:\/\/www.igel-systems-protect.de\/index.php\/de\/isp-die-erfindung\/sturzverletzungen-video\" target=\"_blank\" data-cke-saved-href=\"http:\/\/www.igel-systems-protect.de\/index.php\/de\/isp-die-erfindung\/sturzverletzungen-video\" rel=\"noopener\">Zwei Videos<\/a> zeigen, wie das System konkret funktionieren soll.<\/p>\n","protected":false},"excerpt":{"rendered":"<p>St\u00fcrze geh\u00f6ren zu den h\u00e4ufigsten Arbeits- und Freizeitunf\u00e4llen mit fatalen Folgen. Ein weiches Kissen zur Landung w\u00fcrde die schlimmsten Folgen verhindern &#8211; doch Baustellen damit zuzudecken, kann ja wohl keine L\u00f6sung sein. Doch was, wenn der Arbeiter oder Motorradfahrer sein Sturzkissen immer bei sich hat? Genau dies hat der Deutsche Unfallchirurg Wolfgang M\u00fcller-Adam mit seiner [&hellip;]<\/p>\n","protected":false},"author":1,"featured_media":16049,"comment_status":"open","ping_status":"open","sticky":false,"template":"","format":"standard","meta":{"_acf_changed":false,"pgc_sgb_lightbox_settings":"","footnotes":""},"categories":[1,3314],"tags":[172,2669],"class_list":["post-16696","post","type-post","status-publish","format-standard","has-post-thumbnail","hentry","category-allgemein","category-health-safety","tag-arbeitssicherheit","tag-persoenliche-schutzausruestung-psa"],"acf":[],"hkrextid":null,"publication":null,"issue":null,"workflow":null,"startPage":null,"spitzmarke":null,"_posts_by_tag_page_fields":{"widget_title":"","widget_tags":""},"_at_widget":"1","_yoast_wpseo_primary_category":"5","_yoast_wpseo_focuskw_text_input":"Ganzk\u00f6rper-Airbag","_yoast_wpseo_opengraph-image":null,"_yoast_wpseo_opengraph-description":null,"_yoast_wpseo_opengraph-title":null,"enclosure":null,"_yoast_wpseo_twitter-title":null,"_yoast_wpseo_twitter-description":null,"_yoast_wpseo_twitter-image":null,"_wp_old_slug":null,"_yoast_wpseo_title":null,"_yoast_wpseo_canonical":null,"yoast_head":"<!-- This site is optimized with the Yoast SEO plugin v27.5 - https:\/\/yoast.com\/product\/yoast-seo-wordpress\/ -->\n<title>Ganzk\u00f6rper-Airbag sch\u00fctzt vor Sturzverletzungen - Save<\/title>\n<meta name=\"description\" content=\"Ganzk\u00f6rper-Airbag: Ein Sturz von einem hohen Ger\u00fcst endet fast immer t\u00f6dlich. Schutzkleidung, die einen Igel imitiert, soll dies k\u00fcnftig \u00e4ndern.\" \/>\n<meta name=\"robots\" content=\"index, follow, max-snippet:-1, max-image-preview:large, max-video-preview:-1\" \/>\n<link rel=\"canonical\" href=\"https:\/\/news.save.ch\/de\/ganzkoerper-airbag-schuetzt-vor-sturzverletzungen\/\" \/>\n<meta property=\"og:locale\" content=\"de_DE\" \/>\n<meta property=\"og:type\" content=\"article\" \/>\n<meta property=\"og:title\" content=\"Ganzk\u00f6rper-Airbag sch\u00fctzt vor Sturzverletzungen - Save\" \/>\n<meta property=\"og:description\" content=\"Ganzk\u00f6rper-Airbag: Ein Sturz von einem hohen Ger\u00fcst endet fast immer t\u00f6dlich. Schutzkleidung, die einen Igel imitiert, soll dies k\u00fcnftig \u00e4ndern.\" \/>\n<meta property=\"og:url\" content=\"https:\/\/news.save.ch\/de\/ganzkoerper-airbag-schuetzt-vor-sturzverletzungen\/\" \/>\n<meta property=\"og:site_name\" content=\"Save\" \/>\n<meta property=\"article:published_time\" content=\"2015-11-06T13:40:11+00:00\" \/>\n<meta property=\"article:modified_time\" content=\"2023-03-14T08:01:10+00:00\" \/>\n<meta property=\"og:image\" content=\"https:\/\/news.save.ch\/wp-content\/uploads\/2016\/12\/Ganzkoerper-Airbag-schuetzt-vor-Sturzverletzungen_safety-plus.jpg\" \/>\n\t<meta property=\"og:image:width\" content=\"600\" \/>\n\t<meta property=\"og:image:height\" content=\"373\" \/>\n\t<meta property=\"og:image:type\" content=\"image\/jpeg\" \/>\n<meta name=\"author\" content=\"admin\" \/>\n<meta name=\"twitter:card\" content=\"summary_large_image\" \/>\n<meta name=\"twitter:label1\" content=\"Geschrieben von\" \/>\n\t<meta name=\"twitter:data1\" content=\"admin\" \/>\n\t<meta name=\"twitter:label2\" content=\"Gesch\u00e4tzte Lesezeit\" \/>\n\t<meta name=\"twitter:data2\" content=\"1\u00a0Minute\" \/>\n<script type=\"application\/ld+json\" class=\"yoast-schema-graph\">{\"@context\":\"https:\\\/\\\/schema.org\",\"@graph\":[{\"@type\":\"Article\",\"@id\":\"https:\\\/\\\/news.save.ch\\\/ganzkoerper-airbag-schuetzt-vor-sturzverletzungen\\\/#article\",\"isPartOf\":{\"@id\":\"https:\\\/\\\/news.save.ch\\\/ganzkoerper-airbag-schuetzt-vor-sturzverletzungen\\\/\"},\"author\":{\"name\":\"admin\",\"@id\":\"https:\\\/\\\/news.save.ch\\\/de\\\/#\\\/schema\\\/person\\\/d49e199490bad7c70d64b9ab51142f2b\"},\"headline\":\"Ganzk\u00f6rper-Airbag sch\u00fctzt vor Sturzverletzungen\",\"datePublished\":\"2015-11-06T13:40:11+00:00\",\"dateModified\":\"2023-03-14T08:01:10+00:00\",\"mainEntityOfPage\":{\"@id\":\"https:\\\/\\\/news.save.ch\\\/ganzkoerper-airbag-schuetzt-vor-sturzverletzungen\\\/\"},\"wordCount\":174,\"commentCount\":0,\"publisher\":{\"@id\":\"https:\\\/\\\/news.save.ch\\\/de\\\/#organization\"},\"image\":{\"@id\":\"https:\\\/\\\/news.save.ch\\\/ganzkoerper-airbag-schuetzt-vor-sturzverletzungen\\\/#primaryimage\"},\"thumbnailUrl\":\"https:\\\/\\\/news.save.ch\\\/wp-content\\\/uploads\\\/2016\\\/12\\\/Ganzkoerper-Airbag-schuetzt-vor-Sturzverletzungen_safety-plus.jpg\",\"keywords\":[\"Arbeitssicherheit\",\"Pers\u00f6nliche Schutzausr\u00fcstung (PSA)\"],\"articleSection\":[\"ALLGEMEIN\",\"HEALTH &amp; SAFETY\"],\"inLanguage\":\"de\"},{\"@type\":\"WebPage\",\"@id\":\"https:\\\/\\\/news.save.ch\\\/ganzkoerper-airbag-schuetzt-vor-sturzverletzungen\\\/\",\"url\":\"https:\\\/\\\/news.save.ch\\\/ganzkoerper-airbag-schuetzt-vor-sturzverletzungen\\\/\",\"name\":\"Ganzk\u00f6rper-Airbag sch\u00fctzt vor Sturzverletzungen - Save\",\"isPartOf\":{\"@id\":\"https:\\\/\\\/news.save.ch\\\/de\\\/#website\"},\"primaryImageOfPage\":{\"@id\":\"https:\\\/\\\/news.save.ch\\\/ganzkoerper-airbag-schuetzt-vor-sturzverletzungen\\\/#primaryimage\"},\"image\":{\"@id\":\"https:\\\/\\\/news.save.ch\\\/ganzkoerper-airbag-schuetzt-vor-sturzverletzungen\\\/#primaryimage\"},\"thumbnailUrl\":\"https:\\\/\\\/news.save.ch\\\/wp-content\\\/uploads\\\/2016\\\/12\\\/Ganzkoerper-Airbag-schuetzt-vor-Sturzverletzungen_safety-plus.jpg\",\"datePublished\":\"2015-11-06T13:40:11+00:00\",\"dateModified\":\"2023-03-14T08:01:10+00:00\",\"description\":\"Ganzk\u00f6rper-Airbag: Ein Sturz von einem hohen Ger\u00fcst endet fast immer t\u00f6dlich. Schutzkleidung, die einen Igel imitiert, soll dies k\u00fcnftig \u00e4ndern.\",\"breadcrumb\":{\"@id\":\"https:\\\/\\\/news.save.ch\\\/ganzkoerper-airbag-schuetzt-vor-sturzverletzungen\\\/#breadcrumb\"},\"inLanguage\":\"de\",\"potentialAction\":[{\"@type\":\"ReadAction\",\"target\":[\"https:\\\/\\\/news.save.ch\\\/ganzkoerper-airbag-schuetzt-vor-sturzverletzungen\\\/\"]}]},{\"@type\":\"ImageObject\",\"inLanguage\":\"de\",\"@id\":\"https:\\\/\\\/news.save.ch\\\/ganzkoerper-airbag-schuetzt-vor-sturzverletzungen\\\/#primaryimage\",\"url\":\"https:\\\/\\\/news.save.ch\\\/wp-content\\\/uploads\\\/2016\\\/12\\\/Ganzkoerper-Airbag-schuetzt-vor-Sturzverletzungen_safety-plus.jpg\",\"contentUrl\":\"https:\\\/\\\/news.save.ch\\\/wp-content\\\/uploads\\\/2016\\\/12\\\/Ganzkoerper-Airbag-schuetzt-vor-Sturzverletzungen_safety-plus.jpg\",\"width\":600,\"height\":373,\"caption\":\"Bei Gefahr blasen sich die Airbags am ganzen K\u00f6rper auf und sch\u00fctzen den Tr\u00e4ger vor Verletzungen. (Foto: ISP Schutzanzug)\"},{\"@type\":\"BreadcrumbList\",\"@id\":\"https:\\\/\\\/news.save.ch\\\/ganzkoerper-airbag-schuetzt-vor-sturzverletzungen\\\/#breadcrumb\",\"itemListElement\":[{\"@type\":\"ListItem\",\"position\":1,\"name\":\"Home\",\"item\":\"https:\\\/\\\/news.save.ch\\\/de\\\/\"},{\"@type\":\"ListItem\",\"position\":2,\"name\":\"Ganzk\u00f6rper-Airbag sch\u00fctzt vor Sturzverletzungen\"}]},{\"@type\":\"WebSite\",\"@id\":\"https:\\\/\\\/news.save.ch\\\/de\\\/#website\",\"url\":\"https:\\\/\\\/news.save.ch\\\/de\\\/\",\"name\":\"Save\",\"description\":\"Schweizer Fachzeitschrift f\u00fcr Sicherheit\",\"publisher\":{\"@id\":\"https:\\\/\\\/news.save.ch\\\/de\\\/#organization\"},\"potentialAction\":[{\"@type\":\"SearchAction\",\"target\":{\"@type\":\"EntryPoint\",\"urlTemplate\":\"https:\\\/\\\/news.save.ch\\\/de\\\/?s={search_term_string}\"},\"query-input\":{\"@type\":\"PropertyValueSpecification\",\"valueRequired\":true,\"valueName\":\"search_term_string\"}}],\"inLanguage\":\"de\"},{\"@type\":\"Organization\",\"@id\":\"https:\\\/\\\/news.save.ch\\\/de\\\/#organization\",\"name\":\"Sicherheitsforum\",\"url\":\"https:\\\/\\\/news.save.ch\\\/de\\\/\",\"logo\":{\"@type\":\"ImageObject\",\"inLanguage\":\"de\",\"@id\":\"https:\\\/\\\/news.save.ch\\\/de\\\/#\\\/schema\\\/logo\\\/image\\\/\",\"url\":\"https:\\\/\\\/news.save.ch\\\/wp-content\\\/uploads\\\/2022\\\/06\\\/Logo_SF_2012.png\",\"contentUrl\":\"https:\\\/\\\/news.save.ch\\\/wp-content\\\/uploads\\\/2022\\\/06\\\/Logo_SF_2012.png\",\"width\":1100,\"height\":91,\"caption\":\"Sicherheitsforum\"},\"image\":{\"@id\":\"https:\\\/\\\/news.save.ch\\\/de\\\/#\\\/schema\\\/logo\\\/image\\\/\"}},{\"@type\":\"Person\",\"@id\":\"https:\\\/\\\/news.save.ch\\\/de\\\/#\\\/schema\\\/person\\\/d49e199490bad7c70d64b9ab51142f2b\",\"name\":\"admin\",\"image\":{\"@type\":\"ImageObject\",\"inLanguage\":\"de\",\"@id\":\"https:\\\/\\\/secure.gravatar.com\\\/avatar\\\/ae2f4d718e6c49043e314ce431e7e645d646302a24a5ef5a8bc8e3f5a032e319?s=96&d=mm&r=g\",\"url\":\"https:\\\/\\\/secure.gravatar.com\\\/avatar\\\/ae2f4d718e6c49043e314ce431e7e645d646302a24a5ef5a8bc8e3f5a032e319?s=96&d=mm&r=g\",\"contentUrl\":\"https:\\\/\\\/secure.gravatar.com\\\/avatar\\\/ae2f4d718e6c49043e314ce431e7e645d646302a24a5ef5a8bc8e3f5a032e319?s=96&d=mm&r=g\",\"caption\":\"admin\"},\"sameAs\":[\"https:\\\/\\\/develop.organisator.galledia.ch\"],\"url\":\"https:\\\/\\\/news.save.ch\\\/de\\\/author\\\/admin\\\/\"}]}<\/script>\n<!-- \/ Yoast SEO plugin. -->","yoast_head_json":{"title":"Ganzk\u00f6rper-Airbag sch\u00fctzt vor Sturzverletzungen - Save","description":"Ganzk\u00f6rper-Airbag: Ein Sturz von einem hohen Ger\u00fcst endet fast immer t\u00f6dlich. Schutzkleidung, die einen Igel imitiert, soll dies k\u00fcnftig \u00e4ndern.","robots":{"index":"index","follow":"follow","max-snippet":"max-snippet:-1","max-image-preview":"max-image-preview:large","max-video-preview":"max-video-preview:-1"},"canonical":"https:\/\/news.save.ch\/de\/ganzkoerper-airbag-schuetzt-vor-sturzverletzungen\/","og_locale":"de_DE","og_type":"article","og_title":"Ganzk\u00f6rper-Airbag sch\u00fctzt vor Sturzverletzungen - Save","og_description":"Ganzk\u00f6rper-Airbag: Ein Sturz von einem hohen Ger\u00fcst endet fast immer t\u00f6dlich. Schutzkleidung, die einen Igel imitiert, soll dies k\u00fcnftig \u00e4ndern.","og_url":"https:\/\/news.save.ch\/de\/ganzkoerper-airbag-schuetzt-vor-sturzverletzungen\/","og_site_name":"Save","article_published_time":"2015-11-06T13:40:11+00:00","article_modified_time":"2023-03-14T08:01:10+00:00","og_image":[{"width":600,"height":373,"url":"https:\/\/news.save.ch\/wp-content\/uploads\/2016\/12\/Ganzkoerper-Airbag-schuetzt-vor-Sturzverletzungen_safety-plus.jpg","type":"image\/jpeg"}],"author":"admin","twitter_card":"summary_large_image","twitter_misc":{"Geschrieben von":"admin","Gesch\u00e4tzte Lesezeit":"1\u00a0Minute"},"schema":{"@context":"https:\/\/schema.org","@graph":[{"@type":"Article","@id":"https:\/\/news.save.ch\/ganzkoerper-airbag-schuetzt-vor-sturzverletzungen\/#article","isPartOf":{"@id":"https:\/\/news.save.ch\/ganzkoerper-airbag-schuetzt-vor-sturzverletzungen\/"},"author":{"name":"admin","@id":"https:\/\/news.save.ch\/de\/#\/schema\/person\/d49e199490bad7c70d64b9ab51142f2b"},"headline":"Ganzk\u00f6rper-Airbag sch\u00fctzt vor Sturzverletzungen","datePublished":"2015-11-06T13:40:11+00:00","dateModified":"2023-03-14T08:01:10+00:00","mainEntityOfPage":{"@id":"https:\/\/news.save.ch\/ganzkoerper-airbag-schuetzt-vor-sturzverletzungen\/"},"wordCount":174,"commentCount":0,"publisher":{"@id":"https:\/\/news.save.ch\/de\/#organization"},"image":{"@id":"https:\/\/news.save.ch\/ganzkoerper-airbag-schuetzt-vor-sturzverletzungen\/#primaryimage"},"thumbnailUrl":"https:\/\/news.save.ch\/wp-content\/uploads\/2016\/12\/Ganzkoerper-Airbag-schuetzt-vor-Sturzverletzungen_safety-plus.jpg","keywords":["Arbeitssicherheit","Pers\u00f6nliche Schutzausr\u00fcstung (PSA)"],"articleSection":["ALLGEMEIN","HEALTH &amp; SAFETY"],"inLanguage":"de"},{"@type":"WebPage","@id":"https:\/\/news.save.ch\/ganzkoerper-airbag-schuetzt-vor-sturzverletzungen\/","url":"https:\/\/news.save.ch\/ganzkoerper-airbag-schuetzt-vor-sturzverletzungen\/","name":"Ganzk\u00f6rper-Airbag sch\u00fctzt vor Sturzverletzungen - Save","isPartOf":{"@id":"https:\/\/news.save.ch\/de\/#website"},"primaryImageOfPage":{"@id":"https:\/\/news.save.ch\/ganzkoerper-airbag-schuetzt-vor-sturzverletzungen\/#primaryimage"},"image":{"@id":"https:\/\/news.save.ch\/ganzkoerper-airbag-schuetzt-vor-sturzverletzungen\/#primaryimage"},"thumbnailUrl":"https:\/\/news.save.ch\/wp-content\/uploads\/2016\/12\/Ganzkoerper-Airbag-schuetzt-vor-Sturzverletzungen_safety-plus.jpg","datePublished":"2015-11-06T13:40:11+00:00","dateModified":"2023-03-14T08:01:10+00:00","description":"Ganzk\u00f6rper-Airbag: Ein Sturz von einem hohen Ger\u00fcst endet fast immer t\u00f6dlich. Schutzkleidung, die einen Igel imitiert, soll dies k\u00fcnftig \u00e4ndern.","breadcrumb":{"@id":"https:\/\/news.save.ch\/ganzkoerper-airbag-schuetzt-vor-sturzverletzungen\/#breadcrumb"},"inLanguage":"de","potentialAction":[{"@type":"ReadAction","target":["https:\/\/news.save.ch\/ganzkoerper-airbag-schuetzt-vor-sturzverletzungen\/"]}]},{"@type":"ImageObject","inLanguage":"de","@id":"https:\/\/news.save.ch\/ganzkoerper-airbag-schuetzt-vor-sturzverletzungen\/#primaryimage","url":"https:\/\/news.save.ch\/wp-content\/uploads\/2016\/12\/Ganzkoerper-Airbag-schuetzt-vor-Sturzverletzungen_safety-plus.jpg","contentUrl":"https:\/\/news.save.ch\/wp-content\/uploads\/2016\/12\/Ganzkoerper-Airbag-schuetzt-vor-Sturzverletzungen_safety-plus.jpg","width":600,"height":373,"caption":"Bei Gefahr blasen sich die Airbags am ganzen K\u00f6rper auf und sch\u00fctzen den Tr\u00e4ger vor Verletzungen. (Foto: ISP Schutzanzug)"},{"@type":"BreadcrumbList","@id":"https:\/\/news.save.ch\/ganzkoerper-airbag-schuetzt-vor-sturzverletzungen\/#breadcrumb","itemListElement":[{"@type":"ListItem","position":1,"name":"Home","item":"https:\/\/news.save.ch\/de\/"},{"@type":"ListItem","position":2,"name":"Ganzk\u00f6rper-Airbag sch\u00fctzt vor Sturzverletzungen"}]},{"@type":"WebSite","@id":"https:\/\/news.save.ch\/de\/#website","url":"https:\/\/news.save.ch\/de\/","name":"Save","description":"Schweizer Fachzeitschrift f\u00fcr Sicherheit","publisher":{"@id":"https:\/\/news.save.ch\/de\/#organization"},"potentialAction":[{"@type":"SearchAction","target":{"@type":"EntryPoint","urlTemplate":"https:\/\/news.save.ch\/de\/?s={search_term_string}"},"query-input":{"@type":"PropertyValueSpecification","valueRequired":true,"valueName":"search_term_string"}}],"inLanguage":"de"},{"@type":"Organization","@id":"https:\/\/news.save.ch\/de\/#organization","name":"Sicherheitsforum","url":"https:\/\/news.save.ch\/de\/","logo":{"@type":"ImageObject","inLanguage":"de","@id":"https:\/\/news.save.ch\/de\/#\/schema\/logo\/image\/","url":"https:\/\/news.save.ch\/wp-content\/uploads\/2022\/06\/Logo_SF_2012.png","contentUrl":"https:\/\/news.save.ch\/wp-content\/uploads\/2022\/06\/Logo_SF_2012.png","width":1100,"height":91,"caption":"Sicherheitsforum"},"image":{"@id":"https:\/\/news.save.ch\/de\/#\/schema\/logo\/image\/"}},{"@type":"Person","@id":"https:\/\/news.save.ch\/de\/#\/schema\/person\/d49e199490bad7c70d64b9ab51142f2b","name":"admin","image":{"@type":"ImageObject","inLanguage":"de","@id":"https:\/\/secure.gravatar.com\/avatar\/ae2f4d718e6c49043e314ce431e7e645d646302a24a5ef5a8bc8e3f5a032e319?s=96&d=mm&r=g","url":"https:\/\/secure.gravatar.com\/avatar\/ae2f4d718e6c49043e314ce431e7e645d646302a24a5ef5a8bc8e3f5a032e319?s=96&d=mm&r=g","contentUrl":"https:\/\/secure.gravatar.com\/avatar\/ae2f4d718e6c49043e314ce431e7e645d646302a24a5ef5a8bc8e3f5a032e319?s=96&d=mm&r=g","caption":"admin"},"sameAs":["https:\/\/develop.organisator.galledia.ch"],"url":"https:\/\/news.save.ch\/de\/author\/admin\/"}]}},"_links":{"self":[{"href":"https:\/\/news.save.ch\/de\/wp-json\/wp\/v2\/posts\/16696","targetHints":{"allow":["GET"]}}],"collection":[{"href":"https:\/\/news.save.ch\/de\/wp-json\/wp\/v2\/posts"}],"about":[{"href":"https:\/\/news.save.ch\/de\/wp-json\/wp\/v2\/types\/post"}],"author":[{"embeddable":true,"href":"https:\/\/news.save.ch\/de\/wp-json\/wp\/v2\/users\/1"}],"replies":[{"embeddable":true,"href":"https:\/\/news.save.ch\/de\/wp-json\/wp\/v2\/comments?post=16696"}],"version-history":[{"count":1,"href":"https:\/\/news.save.ch\/de\/wp-json\/wp\/v2\/posts\/16696\/revisions"}],"predecessor-version":[{"id":18383,"href":"https:\/\/news.save.ch\/de\/wp-json\/wp\/v2\/posts\/16696\/revisions\/18383"}],"wp:featuredmedia":[{"embeddable":true,"href":"https:\/\/news.save.ch\/de\/wp-json\/wp\/v2\/media\/16049"}],"wp:attachment":[{"href":"https:\/\/news.save.ch\/de\/wp-json\/wp\/v2\/media?parent=16696"}],"wp:term":[{"taxonomy":"category","embeddable":true,"href":"https:\/\/news.save.ch\/de\/wp-json\/wp\/v2\/categories?post=16696"},{"taxonomy":"post_tag","embeddable":true,"href":"https:\/\/news.save.ch\/de\/wp-json\/wp\/v2\/tags?post=16696"}],"curies":[{"name":"wp","href":"https:\/\/api.w.org\/{rel}","templated":true}]}}