{"id":16707,"date":"2015-12-14T15:43:50","date_gmt":"2015-12-14T14:43:50","guid":{"rendered":"http:\/\/dev.safety-plus.ch\/?p=737"},"modified":"2015-12-14T15:43:50","modified_gmt":"2015-12-14T14:43:50","slug":"grosser-branchenevent-in-bern","status":null,"type":"post","link":"https:\/\/news.save.ch\/de\/grosser-branchenevent-in-bern\/","title":{"rendered":"Grosser Branchenevent in Bern"},"content":{"rendered":"<figure id=\"attachment_738\" aria-describedby=\"caption-attachment-738\" style=\"width: 680px\" class=\"wp-caption alignnone\"><img loading=\"lazy\" decoding=\"async\" class=\"wp-image-738 size-medium\" src=\"http:\/\/develop.safety-plus.ch\/wp-content\/uploads\/2016\/12\/Grosser-Branchenevent-in-Bern_safety-plus.jpeg\" alt=\"Foto: Arbeitssicherheit Schweiz\" width=\"680\" height=\"453\" \/><figcaption id=\"caption-attachment-738\" class=\"wp-caption-text\">Foto: Arbeitssicherheit Schweiz<\/figcaption><\/figure>\n<p>Arbeitssicherheit und Gesundheitsschutz d\u00fcrfen nicht nur auf dem\u00a0Papier existieren: An der <a href=\"http:\/\/www.arbeits-sicherheit-schweiz.ch\" target=\"_blank\" data-cke-saved-href=\"http:\/\/www.arbeits-sicherheit-schweiz.ch\" rel=\"noopener\">6. Fachmesse f\u00fcr Arbeitssicherheit<\/a>, Gesundheitsschutz und Gesundheitsf\u00f6rderung am Arbeitsplatz werden die neusten Produkte und Dienstleistungen pr\u00e4sentiert und gezeigt, wie Arbeitssicherheit umgesetzt wird. Die Veranstaltung findet vom 22. bis zum 24. Juni 2016 in Bern statt.<\/p>\n<p>Der sogenannte\u00a0<a href=\"http:\/\/www.arbeits-sicherheit-schweiz.ch\/content\/programm\/sicherheitsparcours\/index_ger.html\" target=\"_blank\" data-cke-saved-href=\"http:\/\/www.arbeits-sicherheit-schweiz.ch\/content\/programm\/sicherheitsparcours\/index_ger.html\" rel=\"noopener\">Sicherheitsparcour<\/a>\u00a0feierte an der Arbeitssicherheit Schweiz 2014 Premiere. Er sei auf grosses Interesse gestossen und werde deshalb auch am kommenden Event durchgef\u00fchrt, wie die Organisatoren schreiben. Sichere Berufskleider d\u00fcrfen auch Spass machen. Deshalb wird die Arbeitssicherheit 2016 erneut nicht ohne die <a href=\"http:\/\/www.arbeits-sicherheit-schweiz.ch\/content\/programm\/corporate_fashion\/index_ger.html\" target=\"_blank\" data-cke-saved-href=\"http:\/\/www.arbeits-sicherheit-schweiz.ch\/content\/programm\/corporate_fashion\/index_ger.html\" rel=\"noopener\">Swiss Corporate Fashion<\/a> \u00fcber die B\u00fchne gehen.<\/p>\n<p>Die Austellungsschwerpunkte der Messe 2016:<\/p>\n<ul>\n<li>Arbeitssicherheit und Arbeitsschutz<\/li>\n<li>Pers\u00f6nliche Schutzausr\u00fcstung<\/li>\n<li>Pr\u00e4vention bei besonderer Gef\u00e4hrdung<\/li>\n<li>Unfallverh\u00fctung<\/li>\n<li>Umgang mit Gefahrenstoffen<\/li>\n<li>Brandschutz<\/li>\n<li>Arbeitshygiene<\/li>\n<li>Gesundheitsschutz<\/li>\n<li>Umweltsicherheit<\/li>\n<li>Messtechnik zur Vermeidung von St\u00f6r- und Unf\u00e4llen<\/li>\n<\/ul>\n<p>Auch diesmal wird ein Vortragsprogramm die Standpr\u00e4sentationen der Aussteller erg\u00e4nzen. In 30- bis 45-min\u00fctigen Vortragseinheiten referieren Experten und Berufspraktiker dort \u00fcber verschiedene Themen aus dem Bereich der Arbeitssicherheit und der Gesundheitsschutz. Die Praxisforen sind als offene Kommunikations- und Vortragsr\u00e4ume in die Ausstellung integriert.<\/p>\n<p>Und schliesslich: Die Teilnahme an der Fachmesse Arbeitssicherheit Schweiz gilt als anerkannte Weiterbildungsmassnahme durch die <a href=\"http:\/\/www.sgas.ch\" target=\"_blank\" data-cke-saved-href=\"http:\/\/www.sgas.ch\" rel=\"noopener\">SGAS<\/a> &#8211; Schweizerische Gesellschaft f\u00fcr Arbeitssicherheit.<\/p>\n","protected":false},"excerpt":{"rendered":"<p>Arbeitssicherheit und Gesundheitsschutz d\u00fcrfen nicht nur auf dem\u00a0Papier existieren: An der 6. Fachmesse f\u00fcr Arbeitssicherheit, Gesundheitsschutz und Gesundheitsf\u00f6rderung am Arbeitsplatz werden die neusten Produkte und Dienstleistungen pr\u00e4sentiert und gezeigt, wie Arbeitssicherheit umgesetzt wird. Die Veranstaltung findet vom 22. bis zum 24. Juni 2016 in Bern statt. Der sogenannte\u00a0Sicherheitsparcour\u00a0feierte an der Arbeitssicherheit Schweiz 2014 Premiere. Er [&hellip;]<\/p>\n","protected":false},"author":1,"featured_media":16063,"comment_status":"open","ping_status":"open","sticky":false,"template":"","format":"standard","meta":{"_acf_changed":false,"pgc_sgb_lightbox_settings":"","footnotes":""},"categories":[1],"tags":[540,662],"class_list":["post-16707","post","type-post","status-publish","format-standard","has-post-thumbnail","hentry","category-allgemein","tag-ausbildung","tag-weiterbildung"],"acf":[],"hkrextid":null,"publication":null,"issue":null,"workflow":null,"startPage":null,"spitzmarke":null,"_posts_by_tag_page_fields":{"widget_title":"","widget_tags":""},"_at_widget":"1","_yoast_wpseo_primary_category":"1","_yoast_wpseo_focuskw_text_input":"grosser Branchenevent","_yoast_wpseo_opengraph-image":null,"_yoast_wpseo_opengraph-description":null,"_yoast_wpseo_opengraph-title":null,"enclosure":null,"_yoast_wpseo_twitter-title":null,"_yoast_wpseo_twitter-description":null,"_yoast_wpseo_twitter-image":null,"_wp_old_slug":null,"_yoast_wpseo_title":null,"_yoast_wpseo_canonical":null,"yoast_head":"<!-- This site is optimized with the Yoast SEO plugin v27.4 - https:\/\/yoast.com\/product\/yoast-seo-wordpress\/ -->\n<title>Grosser Branchenevent in Bern - Save<\/title>\n<meta name=\"description\" content=\"Im n\u00e4chsten Jahr findet ein grosser Branchenevent statt: Die Messe Arbeitssicherheit Schweiz in Bern.\" \/>\n<meta name=\"robots\" content=\"index, follow, max-snippet:-1, max-image-preview:large, max-video-preview:-1\" \/>\n<link rel=\"canonical\" href=\"https:\/\/news.save.ch\/de\/grosser-branchenevent-in-bern\/\" \/>\n<meta property=\"og:locale\" content=\"de_DE\" \/>\n<meta property=\"og:type\" content=\"article\" \/>\n<meta property=\"og:title\" content=\"Grosser Branchenevent in Bern - Save\" \/>\n<meta property=\"og:description\" content=\"Im n\u00e4chsten Jahr findet ein grosser Branchenevent statt: Die Messe Arbeitssicherheit Schweiz in Bern.\" \/>\n<meta property=\"og:url\" content=\"https:\/\/news.save.ch\/de\/grosser-branchenevent-in-bern\/\" \/>\n<meta property=\"og:site_name\" content=\"Save\" \/>\n<meta property=\"article:published_time\" content=\"2015-12-14T14:43:50+00:00\" \/>\n<meta property=\"og:image\" content=\"https:\/\/news.save.ch\/wp-content\/uploads\/2016\/12\/Grosser-Branchenevent-in-Bern_safety-plus-scaled-1.jpeg\" \/>\n\t<meta property=\"og:image:width\" content=\"1200\" \/>\n\t<meta property=\"og:image:height\" content=\"800\" \/>\n\t<meta property=\"og:image:type\" content=\"image\/jpeg\" \/>\n<meta name=\"author\" content=\"admin\" \/>\n<meta name=\"twitter:card\" content=\"summary_large_image\" \/>\n<meta name=\"twitter:label1\" content=\"Geschrieben von\" \/>\n\t<meta name=\"twitter:data1\" content=\"admin\" \/>\n\t<meta name=\"twitter:label2\" content=\"Gesch\u00e4tzte Lesezeit\" \/>\n\t<meta name=\"twitter:data2\" content=\"1\u00a0Minute\" \/>\n<script type=\"application\/ld+json\" class=\"yoast-schema-graph\">{\"@context\":\"https:\\\/\\\/schema.org\",\"@graph\":[{\"@type\":\"Article\",\"@id\":\"https:\\\/\\\/news.save.ch\\\/grosser-branchenevent-in-bern\\\/#article\",\"isPartOf\":{\"@id\":\"https:\\\/\\\/news.save.ch\\\/grosser-branchenevent-in-bern\\\/\"},\"author\":{\"name\":\"admin\",\"@id\":\"https:\\\/\\\/news.save.ch\\\/de\\\/#\\\/schema\\\/person\\\/d49e199490bad7c70d64b9ab51142f2b\"},\"headline\":\"Grosser Branchenevent in Bern\",\"datePublished\":\"2015-12-14T14:43:50+00:00\",\"mainEntityOfPage\":{\"@id\":\"https:\\\/\\\/news.save.ch\\\/grosser-branchenevent-in-bern\\\/\"},\"wordCount\":216,\"commentCount\":0,\"publisher\":{\"@id\":\"https:\\\/\\\/news.save.ch\\\/de\\\/#organization\"},\"image\":{\"@id\":\"https:\\\/\\\/news.save.ch\\\/grosser-branchenevent-in-bern\\\/#primaryimage\"},\"thumbnailUrl\":\"https:\\\/\\\/news.save.ch\\\/wp-content\\\/uploads\\\/2016\\\/12\\\/Grosser-Branchenevent-in-Bern_safety-plus-scaled-1.jpeg\",\"keywords\":[\"Ausbildung\",\"Weiterbildung\"],\"articleSection\":[\"ALLGEMEIN\"],\"inLanguage\":\"de\"},{\"@type\":\"WebPage\",\"@id\":\"https:\\\/\\\/news.save.ch\\\/grosser-branchenevent-in-bern\\\/\",\"url\":\"https:\\\/\\\/news.save.ch\\\/grosser-branchenevent-in-bern\\\/\",\"name\":\"Grosser Branchenevent in Bern - Save\",\"isPartOf\":{\"@id\":\"https:\\\/\\\/news.save.ch\\\/de\\\/#website\"},\"primaryImageOfPage\":{\"@id\":\"https:\\\/\\\/news.save.ch\\\/grosser-branchenevent-in-bern\\\/#primaryimage\"},\"image\":{\"@id\":\"https:\\\/\\\/news.save.ch\\\/grosser-branchenevent-in-bern\\\/#primaryimage\"},\"thumbnailUrl\":\"https:\\\/\\\/news.save.ch\\\/wp-content\\\/uploads\\\/2016\\\/12\\\/Grosser-Branchenevent-in-Bern_safety-plus-scaled-1.jpeg\",\"datePublished\":\"2015-12-14T14:43:50+00:00\",\"description\":\"Im n\u00e4chsten Jahr findet ein grosser Branchenevent statt: Die Messe Arbeitssicherheit Schweiz in Bern.\",\"breadcrumb\":{\"@id\":\"https:\\\/\\\/news.save.ch\\\/grosser-branchenevent-in-bern\\\/#breadcrumb\"},\"inLanguage\":\"de\",\"potentialAction\":[{\"@type\":\"ReadAction\",\"target\":[\"https:\\\/\\\/news.save.ch\\\/grosser-branchenevent-in-bern\\\/\"]}]},{\"@type\":\"ImageObject\",\"inLanguage\":\"de\",\"@id\":\"https:\\\/\\\/news.save.ch\\\/grosser-branchenevent-in-bern\\\/#primaryimage\",\"url\":\"https:\\\/\\\/news.save.ch\\\/wp-content\\\/uploads\\\/2016\\\/12\\\/Grosser-Branchenevent-in-Bern_safety-plus-scaled-1.jpeg\",\"contentUrl\":\"https:\\\/\\\/news.save.ch\\\/wp-content\\\/uploads\\\/2016\\\/12\\\/Grosser-Branchenevent-in-Bern_safety-plus-scaled-1.jpeg\",\"width\":1200,\"height\":800,\"caption\":\"Foto: Arbeitssicherheit Schweiz\"},{\"@type\":\"BreadcrumbList\",\"@id\":\"https:\\\/\\\/news.save.ch\\\/grosser-branchenevent-in-bern\\\/#breadcrumb\",\"itemListElement\":[{\"@type\":\"ListItem\",\"position\":1,\"name\":\"Home\",\"item\":\"https:\\\/\\\/news.save.ch\\\/de\\\/\"},{\"@type\":\"ListItem\",\"position\":2,\"name\":\"Grosser Branchenevent in Bern\"}]},{\"@type\":\"WebSite\",\"@id\":\"https:\\\/\\\/news.save.ch\\\/de\\\/#website\",\"url\":\"https:\\\/\\\/news.save.ch\\\/de\\\/\",\"name\":\"Save\",\"description\":\"Schweizer Fachzeitschrift f\u00fcr Sicherheit\",\"publisher\":{\"@id\":\"https:\\\/\\\/news.save.ch\\\/de\\\/#organization\"},\"potentialAction\":[{\"@type\":\"SearchAction\",\"target\":{\"@type\":\"EntryPoint\",\"urlTemplate\":\"https:\\\/\\\/news.save.ch\\\/de\\\/?s={search_term_string}\"},\"query-input\":{\"@type\":\"PropertyValueSpecification\",\"valueRequired\":true,\"valueName\":\"search_term_string\"}}],\"inLanguage\":\"de\"},{\"@type\":\"Organization\",\"@id\":\"https:\\\/\\\/news.save.ch\\\/de\\\/#organization\",\"name\":\"Sicherheitsforum\",\"url\":\"https:\\\/\\\/news.save.ch\\\/de\\\/\",\"logo\":{\"@type\":\"ImageObject\",\"inLanguage\":\"de\",\"@id\":\"https:\\\/\\\/news.save.ch\\\/de\\\/#\\\/schema\\\/logo\\\/image\\\/\",\"url\":\"https:\\\/\\\/news.save.ch\\\/wp-content\\\/uploads\\\/2022\\\/06\\\/Logo_SF_2012.png\",\"contentUrl\":\"https:\\\/\\\/news.save.ch\\\/wp-content\\\/uploads\\\/2022\\\/06\\\/Logo_SF_2012.png\",\"width\":1100,\"height\":91,\"caption\":\"Sicherheitsforum\"},\"image\":{\"@id\":\"https:\\\/\\\/news.save.ch\\\/de\\\/#\\\/schema\\\/logo\\\/image\\\/\"}},{\"@type\":\"Person\",\"@id\":\"https:\\\/\\\/news.save.ch\\\/de\\\/#\\\/schema\\\/person\\\/d49e199490bad7c70d64b9ab51142f2b\",\"name\":\"admin\",\"image\":{\"@type\":\"ImageObject\",\"inLanguage\":\"de\",\"@id\":\"https:\\\/\\\/secure.gravatar.com\\\/avatar\\\/ae2f4d718e6c49043e314ce431e7e645d646302a24a5ef5a8bc8e3f5a032e319?s=96&d=mm&r=g\",\"url\":\"https:\\\/\\\/secure.gravatar.com\\\/avatar\\\/ae2f4d718e6c49043e314ce431e7e645d646302a24a5ef5a8bc8e3f5a032e319?s=96&d=mm&r=g\",\"contentUrl\":\"https:\\\/\\\/secure.gravatar.com\\\/avatar\\\/ae2f4d718e6c49043e314ce431e7e645d646302a24a5ef5a8bc8e3f5a032e319?s=96&d=mm&r=g\",\"caption\":\"admin\"},\"sameAs\":[\"https:\\\/\\\/develop.organisator.galledia.ch\"],\"url\":\"https:\\\/\\\/news.save.ch\\\/de\\\/author\\\/admin\\\/\"}]}<\/script>\n<!-- \/ Yoast SEO plugin. -->","yoast_head_json":{"title":"Grosser Branchenevent in Bern - Save","description":"Im n\u00e4chsten Jahr findet ein grosser Branchenevent statt: Die Messe Arbeitssicherheit Schweiz in Bern.","robots":{"index":"index","follow":"follow","max-snippet":"max-snippet:-1","max-image-preview":"max-image-preview:large","max-video-preview":"max-video-preview:-1"},"canonical":"https:\/\/news.save.ch\/de\/grosser-branchenevent-in-bern\/","og_locale":"de_DE","og_type":"article","og_title":"Grosser Branchenevent in Bern - Save","og_description":"Im n\u00e4chsten Jahr findet ein grosser Branchenevent statt: Die Messe Arbeitssicherheit Schweiz in Bern.","og_url":"https:\/\/news.save.ch\/de\/grosser-branchenevent-in-bern\/","og_site_name":"Save","article_published_time":"2015-12-14T14:43:50+00:00","og_image":[{"width":1200,"height":800,"url":"https:\/\/news.save.ch\/wp-content\/uploads\/2016\/12\/Grosser-Branchenevent-in-Bern_safety-plus-scaled-1.jpeg","type":"image\/jpeg"}],"author":"admin","twitter_card":"summary_large_image","twitter_misc":{"Geschrieben von":"admin","Gesch\u00e4tzte Lesezeit":"1\u00a0Minute"},"schema":{"@context":"https:\/\/schema.org","@graph":[{"@type":"Article","@id":"https:\/\/news.save.ch\/grosser-branchenevent-in-bern\/#article","isPartOf":{"@id":"https:\/\/news.save.ch\/grosser-branchenevent-in-bern\/"},"author":{"name":"admin","@id":"https:\/\/news.save.ch\/de\/#\/schema\/person\/d49e199490bad7c70d64b9ab51142f2b"},"headline":"Grosser Branchenevent in Bern","datePublished":"2015-12-14T14:43:50+00:00","mainEntityOfPage":{"@id":"https:\/\/news.save.ch\/grosser-branchenevent-in-bern\/"},"wordCount":216,"commentCount":0,"publisher":{"@id":"https:\/\/news.save.ch\/de\/#organization"},"image":{"@id":"https:\/\/news.save.ch\/grosser-branchenevent-in-bern\/#primaryimage"},"thumbnailUrl":"https:\/\/news.save.ch\/wp-content\/uploads\/2016\/12\/Grosser-Branchenevent-in-Bern_safety-plus-scaled-1.jpeg","keywords":["Ausbildung","Weiterbildung"],"articleSection":["ALLGEMEIN"],"inLanguage":"de"},{"@type":"WebPage","@id":"https:\/\/news.save.ch\/grosser-branchenevent-in-bern\/","url":"https:\/\/news.save.ch\/grosser-branchenevent-in-bern\/","name":"Grosser Branchenevent in Bern - Save","isPartOf":{"@id":"https:\/\/news.save.ch\/de\/#website"},"primaryImageOfPage":{"@id":"https:\/\/news.save.ch\/grosser-branchenevent-in-bern\/#primaryimage"},"image":{"@id":"https:\/\/news.save.ch\/grosser-branchenevent-in-bern\/#primaryimage"},"thumbnailUrl":"https:\/\/news.save.ch\/wp-content\/uploads\/2016\/12\/Grosser-Branchenevent-in-Bern_safety-plus-scaled-1.jpeg","datePublished":"2015-12-14T14:43:50+00:00","description":"Im n\u00e4chsten Jahr findet ein grosser Branchenevent statt: Die Messe Arbeitssicherheit Schweiz in Bern.","breadcrumb":{"@id":"https:\/\/news.save.ch\/grosser-branchenevent-in-bern\/#breadcrumb"},"inLanguage":"de","potentialAction":[{"@type":"ReadAction","target":["https:\/\/news.save.ch\/grosser-branchenevent-in-bern\/"]}]},{"@type":"ImageObject","inLanguage":"de","@id":"https:\/\/news.save.ch\/grosser-branchenevent-in-bern\/#primaryimage","url":"https:\/\/news.save.ch\/wp-content\/uploads\/2016\/12\/Grosser-Branchenevent-in-Bern_safety-plus-scaled-1.jpeg","contentUrl":"https:\/\/news.save.ch\/wp-content\/uploads\/2016\/12\/Grosser-Branchenevent-in-Bern_safety-plus-scaled-1.jpeg","width":1200,"height":800,"caption":"Foto: Arbeitssicherheit Schweiz"},{"@type":"BreadcrumbList","@id":"https:\/\/news.save.ch\/grosser-branchenevent-in-bern\/#breadcrumb","itemListElement":[{"@type":"ListItem","position":1,"name":"Home","item":"https:\/\/news.save.ch\/de\/"},{"@type":"ListItem","position":2,"name":"Grosser Branchenevent in Bern"}]},{"@type":"WebSite","@id":"https:\/\/news.save.ch\/de\/#website","url":"https:\/\/news.save.ch\/de\/","name":"Save","description":"Schweizer Fachzeitschrift f\u00fcr Sicherheit","publisher":{"@id":"https:\/\/news.save.ch\/de\/#organization"},"potentialAction":[{"@type":"SearchAction","target":{"@type":"EntryPoint","urlTemplate":"https:\/\/news.save.ch\/de\/?s={search_term_string}"},"query-input":{"@type":"PropertyValueSpecification","valueRequired":true,"valueName":"search_term_string"}}],"inLanguage":"de"},{"@type":"Organization","@id":"https:\/\/news.save.ch\/de\/#organization","name":"Sicherheitsforum","url":"https:\/\/news.save.ch\/de\/","logo":{"@type":"ImageObject","inLanguage":"de","@id":"https:\/\/news.save.ch\/de\/#\/schema\/logo\/image\/","url":"https:\/\/news.save.ch\/wp-content\/uploads\/2022\/06\/Logo_SF_2012.png","contentUrl":"https:\/\/news.save.ch\/wp-content\/uploads\/2022\/06\/Logo_SF_2012.png","width":1100,"height":91,"caption":"Sicherheitsforum"},"image":{"@id":"https:\/\/news.save.ch\/de\/#\/schema\/logo\/image\/"}},{"@type":"Person","@id":"https:\/\/news.save.ch\/de\/#\/schema\/person\/d49e199490bad7c70d64b9ab51142f2b","name":"admin","image":{"@type":"ImageObject","inLanguage":"de","@id":"https:\/\/secure.gravatar.com\/avatar\/ae2f4d718e6c49043e314ce431e7e645d646302a24a5ef5a8bc8e3f5a032e319?s=96&d=mm&r=g","url":"https:\/\/secure.gravatar.com\/avatar\/ae2f4d718e6c49043e314ce431e7e645d646302a24a5ef5a8bc8e3f5a032e319?s=96&d=mm&r=g","contentUrl":"https:\/\/secure.gravatar.com\/avatar\/ae2f4d718e6c49043e314ce431e7e645d646302a24a5ef5a8bc8e3f5a032e319?s=96&d=mm&r=g","caption":"admin"},"sameAs":["https:\/\/develop.organisator.galledia.ch"],"url":"https:\/\/news.save.ch\/de\/author\/admin\/"}]}},"_links":{"self":[{"href":"https:\/\/news.save.ch\/de\/wp-json\/wp\/v2\/posts\/16707","targetHints":{"allow":["GET"]}}],"collection":[{"href":"https:\/\/news.save.ch\/de\/wp-json\/wp\/v2\/posts"}],"about":[{"href":"https:\/\/news.save.ch\/de\/wp-json\/wp\/v2\/types\/post"}],"author":[{"embeddable":true,"href":"https:\/\/news.save.ch\/de\/wp-json\/wp\/v2\/users\/1"}],"replies":[{"embeddable":true,"href":"https:\/\/news.save.ch\/de\/wp-json\/wp\/v2\/comments?post=16707"}],"version-history":[{"count":0,"href":"https:\/\/news.save.ch\/de\/wp-json\/wp\/v2\/posts\/16707\/revisions"}],"wp:featuredmedia":[{"embeddable":true,"href":"https:\/\/news.save.ch\/de\/wp-json\/wp\/v2\/media\/16063"}],"wp:attachment":[{"href":"https:\/\/news.save.ch\/de\/wp-json\/wp\/v2\/media?parent=16707"}],"wp:term":[{"taxonomy":"category","embeddable":true,"href":"https:\/\/news.save.ch\/de\/wp-json\/wp\/v2\/categories?post=16707"},{"taxonomy":"post_tag","embeddable":true,"href":"https:\/\/news.save.ch\/de\/wp-json\/wp\/v2\/tags?post=16707"}],"curies":[{"name":"wp","href":"https:\/\/api.w.org\/{rel}","templated":true}]}}