{"id":16716,"date":"2016-01-15T15:59:37","date_gmt":"2016-01-15T14:59:37","guid":{"rendered":"http:\/\/dev.safety-plus.ch\/?p=786"},"modified":"2023-03-14T09:05:37","modified_gmt":"2023-03-14T08:05:37","slug":"trauma-ist-keine-berufskrankheit","status":null,"type":"post","link":"https:\/\/news.save.ch\/de\/trauma-ist-keine-berufskrankheit\/","title":{"rendered":"Trauma ist keine Berufskrankheit"},"content":{"rendered":"<figure id=\"attachment_788\" aria-describedby=\"caption-attachment-788\" style=\"width: 680px\" class=\"wp-caption alignnone\"><img loading=\"lazy\" decoding=\"async\" class=\"wp-image-788 size-medium\" src=\"http:\/\/develop.safety-plus.ch\/wp-content\/uploads\/2016\/12\/Trauma-ist-keine-Berufskrankheit_safety-plus.jpeg\" alt=\"Wer im Beruf belastendes Material anschauen muss und dadurch psychisch erkrankt, hat keine Berufskrankheit.\" width=\"680\" height=\"454\" \/><figcaption id=\"caption-attachment-788\" class=\"wp-caption-text\">Wer im Beruf belastendes Material anschauen muss und dadurch psychisch erkrankt, hat keine Berufskrankheit.<\/figcaption><\/figure>\n<p>Ein Z\u00fcrcher Stadtpolizist erlitt als Folge st\u00e4ndiger Visionierungen von Kinderpornographie und Gewaltdarstellungen eine posttraumatische Belastungsst\u00f6rung. Doch die Unfallversicherung der Stadt Z\u00fcrich lehnte eine Leistungspflicht ab.<\/p>\n<p>Wie die Nachrichtenagentur SDA berichtet, urteilte nun das Bundesgericht, dass dies nicht als Berufskrankheit zu werten sei. Es k\u00f6nne\u00a0kein \u00fcberwiegender Zusammenhang zwischen Krankheit und Beruf belegt werden.<\/p>\n<p>Die Anforderungen an den Beweis einer Berufskrankheit sind hoch, wie das Bundesgericht in seinem am Freitag publizierten Urteil festh\u00e4lt. Grund sei die Absicht des Gesetzgebers, die versicherungsrechtliche Grenze zwischen Krankheit und Berufskrankheit nicht zu verwischen.<\/p>\n<p>Deshalb wird verlangt, dass eine versicherte Person f\u00fcr eine gewisse Dauer einem typischen Berufsrisiko ausgesetzt war. In jedem Einzelfall ist zu belegen, ob die berufliche T\u00e4tigkeit die Krankheit stark \u00fcberwiegend bis ausschliesslich verursacht hat.<\/p>\n<p>Im Fall des Z\u00fcrcher Stadtpolizisten, der bei der Unfallversicherung Stadt Z\u00fcrich versichert war, kam die kantonale Vorinstanz noch zum Schluss, dass die psychischen Beschwerden eine Folge der Erlebnisse aus seinem Berufsalltag seien. Sie ging deshalb von einer Berufskrankheit aus.<\/p>\n<p>Das Bundesgericht hat diesen Entscheid nun aufgehoben. Es st\u00fctzt sich dabei auf ein SUVA-Gutachten. Beim betroffenen Polizisten best\u00fcnden diverse Vorbelastungen, die unter anderem bis in die Kindheit zur\u00fcckreichten.<\/p>\n<p>Es k\u00f6nne somit nicht davon ausgegangen werden, dass die Belastungsst\u00f6rung zu mindestens 75 Prozent durch die berufliche T\u00e4tigkeit verursacht worden sei.\u00a0(Urteil 8C_507\/2015 vom 06.01.2016)<\/p>\n","protected":false},"excerpt":{"rendered":"<p>Ein Z\u00fcrcher Stadtpolizist erlitt als Folge st\u00e4ndiger Visionierungen von Kinderpornographie und Gewaltdarstellungen eine posttraumatische Belastungsst\u00f6rung. Doch die Unfallversicherung der Stadt Z\u00fcrich lehnte eine Leistungspflicht ab. Wie die Nachrichtenagentur SDA berichtet, urteilte nun das Bundesgericht, dass dies nicht als Berufskrankheit zu werten sei. Es k\u00f6nne\u00a0kein \u00fcberwiegender Zusammenhang zwischen Krankheit und Beruf belegt werden. Die Anforderungen an [&hellip;]<\/p>\n","protected":false},"author":1,"featured_media":16077,"comment_status":"open","ping_status":"open","sticky":false,"template":"","format":"standard","meta":{"_acf_changed":false,"pgc_sgb_lightbox_settings":"","footnotes":""},"categories":[3314],"tags":[134,366,2729,167],"class_list":["post-16716","post","type-post","status-publish","format-standard","has-post-thumbnail","hentry","category-health-safety","tag-justiz","tag-polizei","tag-psychische-gesundheit","tag-suva"],"acf":[],"hkrextid":null,"publication":null,"issue":null,"workflow":null,"startPage":null,"spitzmarke":null,"_posts_by_tag_page_fields":{"widget_title":"","widget_tags":""},"_at_widget":"1","_yoast_wpseo_primary_category":"3303","_yoast_wpseo_focuskw_text_input":"Trauma","_yoast_wpseo_opengraph-image":null,"_yoast_wpseo_opengraph-description":null,"_yoast_wpseo_opengraph-title":null,"enclosure":null,"_yoast_wpseo_twitter-title":null,"_yoast_wpseo_twitter-description":null,"_yoast_wpseo_twitter-image":null,"_wp_old_slug":null,"_yoast_wpseo_title":null,"_yoast_wpseo_canonical":null,"yoast_head":"<!-- This site is optimized with the Yoast SEO plugin v27.5 - https:\/\/yoast.com\/product\/yoast-seo-wordpress\/ -->\n<title>Trauma ist keine Berufskrankheit - Save<\/title>\n<meta name=\"description\" content=\"Trauma: Wird ein Polizist durch die Sichtung von Kinderpornographie und Gewalt traumatisiert, so gilt das nicht als Berufskrankheit.\" \/>\n<meta name=\"robots\" content=\"index, follow, max-snippet:-1, max-image-preview:large, max-video-preview:-1\" \/>\n<link rel=\"canonical\" href=\"https:\/\/news.save.ch\/de\/trauma-ist-keine-berufskrankheit\/\" \/>\n<meta property=\"og:locale\" content=\"de_DE\" \/>\n<meta property=\"og:type\" content=\"article\" \/>\n<meta property=\"og:title\" content=\"Trauma ist keine Berufskrankheit - Save\" \/>\n<meta property=\"og:description\" content=\"Trauma: Wird ein Polizist durch die Sichtung von Kinderpornographie und Gewalt traumatisiert, so gilt das nicht als Berufskrankheit.\" \/>\n<meta property=\"og:url\" content=\"https:\/\/news.save.ch\/de\/trauma-ist-keine-berufskrankheit\/\" \/>\n<meta property=\"og:site_name\" content=\"Save\" \/>\n<meta property=\"article:published_time\" content=\"2016-01-15T14:59:37+00:00\" \/>\n<meta property=\"article:modified_time\" content=\"2023-03-14T08:05:37+00:00\" \/>\n<meta property=\"og:image\" content=\"https:\/\/news.save.ch\/wp-content\/uploads\/2016\/12\/Trauma-ist-keine-Berufskrankheit_safety-plus.jpeg\" \/>\n\t<meta property=\"og:image:width\" content=\"999\" \/>\n\t<meta property=\"og:image:height\" content=\"667\" \/>\n\t<meta property=\"og:image:type\" content=\"image\/jpeg\" \/>\n<meta name=\"author\" content=\"admin\" \/>\n<meta name=\"twitter:card\" content=\"summary_large_image\" \/>\n<meta name=\"twitter:label1\" content=\"Geschrieben von\" \/>\n\t<meta name=\"twitter:data1\" content=\"admin\" \/>\n\t<meta name=\"twitter:label2\" content=\"Gesch\u00e4tzte Lesezeit\" \/>\n\t<meta name=\"twitter:data2\" content=\"1\u00a0Minute\" \/>\n<script type=\"application\/ld+json\" class=\"yoast-schema-graph\">{\"@context\":\"https:\\\/\\\/schema.org\",\"@graph\":[{\"@type\":\"Article\",\"@id\":\"https:\\\/\\\/news.save.ch\\\/trauma-ist-keine-berufskrankheit\\\/#article\",\"isPartOf\":{\"@id\":\"https:\\\/\\\/news.save.ch\\\/trauma-ist-keine-berufskrankheit\\\/\"},\"author\":{\"name\":\"admin\",\"@id\":\"https:\\\/\\\/news.save.ch\\\/de\\\/#\\\/schema\\\/person\\\/d49e199490bad7c70d64b9ab51142f2b\"},\"headline\":\"Trauma ist keine Berufskrankheit\",\"datePublished\":\"2016-01-15T14:59:37+00:00\",\"dateModified\":\"2023-03-14T08:05:37+00:00\",\"mainEntityOfPage\":{\"@id\":\"https:\\\/\\\/news.save.ch\\\/trauma-ist-keine-berufskrankheit\\\/\"},\"wordCount\":253,\"commentCount\":0,\"publisher\":{\"@id\":\"https:\\\/\\\/news.save.ch\\\/de\\\/#organization\"},\"image\":{\"@id\":\"https:\\\/\\\/news.save.ch\\\/trauma-ist-keine-berufskrankheit\\\/#primaryimage\"},\"thumbnailUrl\":\"https:\\\/\\\/news.save.ch\\\/wp-content\\\/uploads\\\/2016\\\/12\\\/Trauma-ist-keine-Berufskrankheit_safety-plus.jpeg\",\"keywords\":[\"Justiz\",\"Polizei\",\"Psychische Gesundheit\",\"SUVA\"],\"articleSection\":[\"HEALTH &amp; SAFETY\"],\"inLanguage\":\"de\"},{\"@type\":\"WebPage\",\"@id\":\"https:\\\/\\\/news.save.ch\\\/trauma-ist-keine-berufskrankheit\\\/\",\"url\":\"https:\\\/\\\/news.save.ch\\\/trauma-ist-keine-berufskrankheit\\\/\",\"name\":\"Trauma ist keine Berufskrankheit - Save\",\"isPartOf\":{\"@id\":\"https:\\\/\\\/news.save.ch\\\/de\\\/#website\"},\"primaryImageOfPage\":{\"@id\":\"https:\\\/\\\/news.save.ch\\\/trauma-ist-keine-berufskrankheit\\\/#primaryimage\"},\"image\":{\"@id\":\"https:\\\/\\\/news.save.ch\\\/trauma-ist-keine-berufskrankheit\\\/#primaryimage\"},\"thumbnailUrl\":\"https:\\\/\\\/news.save.ch\\\/wp-content\\\/uploads\\\/2016\\\/12\\\/Trauma-ist-keine-Berufskrankheit_safety-plus.jpeg\",\"datePublished\":\"2016-01-15T14:59:37+00:00\",\"dateModified\":\"2023-03-14T08:05:37+00:00\",\"description\":\"Trauma: Wird ein Polizist durch die Sichtung von Kinderpornographie und Gewalt traumatisiert, so gilt das nicht als Berufskrankheit.\",\"breadcrumb\":{\"@id\":\"https:\\\/\\\/news.save.ch\\\/trauma-ist-keine-berufskrankheit\\\/#breadcrumb\"},\"inLanguage\":\"de\",\"potentialAction\":[{\"@type\":\"ReadAction\",\"target\":[\"https:\\\/\\\/news.save.ch\\\/trauma-ist-keine-berufskrankheit\\\/\"]}]},{\"@type\":\"ImageObject\",\"inLanguage\":\"de\",\"@id\":\"https:\\\/\\\/news.save.ch\\\/trauma-ist-keine-berufskrankheit\\\/#primaryimage\",\"url\":\"https:\\\/\\\/news.save.ch\\\/wp-content\\\/uploads\\\/2016\\\/12\\\/Trauma-ist-keine-Berufskrankheit_safety-plus.jpeg\",\"contentUrl\":\"https:\\\/\\\/news.save.ch\\\/wp-content\\\/uploads\\\/2016\\\/12\\\/Trauma-ist-keine-Berufskrankheit_safety-plus.jpeg\",\"width\":999,\"height\":667,\"caption\":\"Wer im Beruf belastendes Material anschauen muss und dadurch psychisch erkrankt, hat keine Berufskrankheit.\"},{\"@type\":\"BreadcrumbList\",\"@id\":\"https:\\\/\\\/news.save.ch\\\/trauma-ist-keine-berufskrankheit\\\/#breadcrumb\",\"itemListElement\":[{\"@type\":\"ListItem\",\"position\":1,\"name\":\"Home\",\"item\":\"https:\\\/\\\/news.save.ch\\\/de\\\/\"},{\"@type\":\"ListItem\",\"position\":2,\"name\":\"Trauma ist keine Berufskrankheit\"}]},{\"@type\":\"WebSite\",\"@id\":\"https:\\\/\\\/news.save.ch\\\/de\\\/#website\",\"url\":\"https:\\\/\\\/news.save.ch\\\/de\\\/\",\"name\":\"Save\",\"description\":\"Schweizer Fachzeitschrift f\u00fcr Sicherheit\",\"publisher\":{\"@id\":\"https:\\\/\\\/news.save.ch\\\/de\\\/#organization\"},\"potentialAction\":[{\"@type\":\"SearchAction\",\"target\":{\"@type\":\"EntryPoint\",\"urlTemplate\":\"https:\\\/\\\/news.save.ch\\\/de\\\/?s={search_term_string}\"},\"query-input\":{\"@type\":\"PropertyValueSpecification\",\"valueRequired\":true,\"valueName\":\"search_term_string\"}}],\"inLanguage\":\"de\"},{\"@type\":\"Organization\",\"@id\":\"https:\\\/\\\/news.save.ch\\\/de\\\/#organization\",\"name\":\"Sicherheitsforum\",\"url\":\"https:\\\/\\\/news.save.ch\\\/de\\\/\",\"logo\":{\"@type\":\"ImageObject\",\"inLanguage\":\"de\",\"@id\":\"https:\\\/\\\/news.save.ch\\\/de\\\/#\\\/schema\\\/logo\\\/image\\\/\",\"url\":\"https:\\\/\\\/news.save.ch\\\/wp-content\\\/uploads\\\/2022\\\/06\\\/Logo_SF_2012.png\",\"contentUrl\":\"https:\\\/\\\/news.save.ch\\\/wp-content\\\/uploads\\\/2022\\\/06\\\/Logo_SF_2012.png\",\"width\":1100,\"height\":91,\"caption\":\"Sicherheitsforum\"},\"image\":{\"@id\":\"https:\\\/\\\/news.save.ch\\\/de\\\/#\\\/schema\\\/logo\\\/image\\\/\"}},{\"@type\":\"Person\",\"@id\":\"https:\\\/\\\/news.save.ch\\\/de\\\/#\\\/schema\\\/person\\\/d49e199490bad7c70d64b9ab51142f2b\",\"name\":\"admin\",\"image\":{\"@type\":\"ImageObject\",\"inLanguage\":\"de\",\"@id\":\"https:\\\/\\\/secure.gravatar.com\\\/avatar\\\/ae2f4d718e6c49043e314ce431e7e645d646302a24a5ef5a8bc8e3f5a032e319?s=96&d=mm&r=g\",\"url\":\"https:\\\/\\\/secure.gravatar.com\\\/avatar\\\/ae2f4d718e6c49043e314ce431e7e645d646302a24a5ef5a8bc8e3f5a032e319?s=96&d=mm&r=g\",\"contentUrl\":\"https:\\\/\\\/secure.gravatar.com\\\/avatar\\\/ae2f4d718e6c49043e314ce431e7e645d646302a24a5ef5a8bc8e3f5a032e319?s=96&d=mm&r=g\",\"caption\":\"admin\"},\"sameAs\":[\"https:\\\/\\\/develop.organisator.galledia.ch\"],\"url\":\"https:\\\/\\\/news.save.ch\\\/de\\\/author\\\/admin\\\/\"}]}<\/script>\n<!-- \/ Yoast SEO plugin. -->","yoast_head_json":{"title":"Trauma ist keine Berufskrankheit - Save","description":"Trauma: Wird ein Polizist durch die Sichtung von Kinderpornographie und Gewalt traumatisiert, so gilt das nicht als Berufskrankheit.","robots":{"index":"index","follow":"follow","max-snippet":"max-snippet:-1","max-image-preview":"max-image-preview:large","max-video-preview":"max-video-preview:-1"},"canonical":"https:\/\/news.save.ch\/de\/trauma-ist-keine-berufskrankheit\/","og_locale":"de_DE","og_type":"article","og_title":"Trauma ist keine Berufskrankheit - Save","og_description":"Trauma: Wird ein Polizist durch die Sichtung von Kinderpornographie und Gewalt traumatisiert, so gilt das nicht als Berufskrankheit.","og_url":"https:\/\/news.save.ch\/de\/trauma-ist-keine-berufskrankheit\/","og_site_name":"Save","article_published_time":"2016-01-15T14:59:37+00:00","article_modified_time":"2023-03-14T08:05:37+00:00","og_image":[{"width":999,"height":667,"url":"https:\/\/news.save.ch\/wp-content\/uploads\/2016\/12\/Trauma-ist-keine-Berufskrankheit_safety-plus.jpeg","type":"image\/jpeg"}],"author":"admin","twitter_card":"summary_large_image","twitter_misc":{"Geschrieben von":"admin","Gesch\u00e4tzte Lesezeit":"1\u00a0Minute"},"schema":{"@context":"https:\/\/schema.org","@graph":[{"@type":"Article","@id":"https:\/\/news.save.ch\/trauma-ist-keine-berufskrankheit\/#article","isPartOf":{"@id":"https:\/\/news.save.ch\/trauma-ist-keine-berufskrankheit\/"},"author":{"name":"admin","@id":"https:\/\/news.save.ch\/de\/#\/schema\/person\/d49e199490bad7c70d64b9ab51142f2b"},"headline":"Trauma ist keine Berufskrankheit","datePublished":"2016-01-15T14:59:37+00:00","dateModified":"2023-03-14T08:05:37+00:00","mainEntityOfPage":{"@id":"https:\/\/news.save.ch\/trauma-ist-keine-berufskrankheit\/"},"wordCount":253,"commentCount":0,"publisher":{"@id":"https:\/\/news.save.ch\/de\/#organization"},"image":{"@id":"https:\/\/news.save.ch\/trauma-ist-keine-berufskrankheit\/#primaryimage"},"thumbnailUrl":"https:\/\/news.save.ch\/wp-content\/uploads\/2016\/12\/Trauma-ist-keine-Berufskrankheit_safety-plus.jpeg","keywords":["Justiz","Polizei","Psychische Gesundheit","SUVA"],"articleSection":["HEALTH &amp; SAFETY"],"inLanguage":"de"},{"@type":"WebPage","@id":"https:\/\/news.save.ch\/trauma-ist-keine-berufskrankheit\/","url":"https:\/\/news.save.ch\/trauma-ist-keine-berufskrankheit\/","name":"Trauma ist keine Berufskrankheit - Save","isPartOf":{"@id":"https:\/\/news.save.ch\/de\/#website"},"primaryImageOfPage":{"@id":"https:\/\/news.save.ch\/trauma-ist-keine-berufskrankheit\/#primaryimage"},"image":{"@id":"https:\/\/news.save.ch\/trauma-ist-keine-berufskrankheit\/#primaryimage"},"thumbnailUrl":"https:\/\/news.save.ch\/wp-content\/uploads\/2016\/12\/Trauma-ist-keine-Berufskrankheit_safety-plus.jpeg","datePublished":"2016-01-15T14:59:37+00:00","dateModified":"2023-03-14T08:05:37+00:00","description":"Trauma: Wird ein Polizist durch die Sichtung von Kinderpornographie und Gewalt traumatisiert, so gilt das nicht als Berufskrankheit.","breadcrumb":{"@id":"https:\/\/news.save.ch\/trauma-ist-keine-berufskrankheit\/#breadcrumb"},"inLanguage":"de","potentialAction":[{"@type":"ReadAction","target":["https:\/\/news.save.ch\/trauma-ist-keine-berufskrankheit\/"]}]},{"@type":"ImageObject","inLanguage":"de","@id":"https:\/\/news.save.ch\/trauma-ist-keine-berufskrankheit\/#primaryimage","url":"https:\/\/news.save.ch\/wp-content\/uploads\/2016\/12\/Trauma-ist-keine-Berufskrankheit_safety-plus.jpeg","contentUrl":"https:\/\/news.save.ch\/wp-content\/uploads\/2016\/12\/Trauma-ist-keine-Berufskrankheit_safety-plus.jpeg","width":999,"height":667,"caption":"Wer im Beruf belastendes Material anschauen muss und dadurch psychisch erkrankt, hat keine Berufskrankheit."},{"@type":"BreadcrumbList","@id":"https:\/\/news.save.ch\/trauma-ist-keine-berufskrankheit\/#breadcrumb","itemListElement":[{"@type":"ListItem","position":1,"name":"Home","item":"https:\/\/news.save.ch\/de\/"},{"@type":"ListItem","position":2,"name":"Trauma ist keine Berufskrankheit"}]},{"@type":"WebSite","@id":"https:\/\/news.save.ch\/de\/#website","url":"https:\/\/news.save.ch\/de\/","name":"Save","description":"Schweizer Fachzeitschrift f\u00fcr Sicherheit","publisher":{"@id":"https:\/\/news.save.ch\/de\/#organization"},"potentialAction":[{"@type":"SearchAction","target":{"@type":"EntryPoint","urlTemplate":"https:\/\/news.save.ch\/de\/?s={search_term_string}"},"query-input":{"@type":"PropertyValueSpecification","valueRequired":true,"valueName":"search_term_string"}}],"inLanguage":"de"},{"@type":"Organization","@id":"https:\/\/news.save.ch\/de\/#organization","name":"Sicherheitsforum","url":"https:\/\/news.save.ch\/de\/","logo":{"@type":"ImageObject","inLanguage":"de","@id":"https:\/\/news.save.ch\/de\/#\/schema\/logo\/image\/","url":"https:\/\/news.save.ch\/wp-content\/uploads\/2022\/06\/Logo_SF_2012.png","contentUrl":"https:\/\/news.save.ch\/wp-content\/uploads\/2022\/06\/Logo_SF_2012.png","width":1100,"height":91,"caption":"Sicherheitsforum"},"image":{"@id":"https:\/\/news.save.ch\/de\/#\/schema\/logo\/image\/"}},{"@type":"Person","@id":"https:\/\/news.save.ch\/de\/#\/schema\/person\/d49e199490bad7c70d64b9ab51142f2b","name":"admin","image":{"@type":"ImageObject","inLanguage":"de","@id":"https:\/\/secure.gravatar.com\/avatar\/ae2f4d718e6c49043e314ce431e7e645d646302a24a5ef5a8bc8e3f5a032e319?s=96&d=mm&r=g","url":"https:\/\/secure.gravatar.com\/avatar\/ae2f4d718e6c49043e314ce431e7e645d646302a24a5ef5a8bc8e3f5a032e319?s=96&d=mm&r=g","contentUrl":"https:\/\/secure.gravatar.com\/avatar\/ae2f4d718e6c49043e314ce431e7e645d646302a24a5ef5a8bc8e3f5a032e319?s=96&d=mm&r=g","caption":"admin"},"sameAs":["https:\/\/develop.organisator.galledia.ch"],"url":"https:\/\/news.save.ch\/de\/author\/admin\/"}]}},"_links":{"self":[{"href":"https:\/\/news.save.ch\/de\/wp-json\/wp\/v2\/posts\/16716","targetHints":{"allow":["GET"]}}],"collection":[{"href":"https:\/\/news.save.ch\/de\/wp-json\/wp\/v2\/posts"}],"about":[{"href":"https:\/\/news.save.ch\/de\/wp-json\/wp\/v2\/types\/post"}],"author":[{"embeddable":true,"href":"https:\/\/news.save.ch\/de\/wp-json\/wp\/v2\/users\/1"}],"replies":[{"embeddable":true,"href":"https:\/\/news.save.ch\/de\/wp-json\/wp\/v2\/comments?post=16716"}],"version-history":[{"count":1,"href":"https:\/\/news.save.ch\/de\/wp-json\/wp\/v2\/posts\/16716\/revisions"}],"predecessor-version":[{"id":19024,"href":"https:\/\/news.save.ch\/de\/wp-json\/wp\/v2\/posts\/16716\/revisions\/19024"}],"wp:featuredmedia":[{"embeddable":true,"href":"https:\/\/news.save.ch\/de\/wp-json\/wp\/v2\/media\/16077"}],"wp:attachment":[{"href":"https:\/\/news.save.ch\/de\/wp-json\/wp\/v2\/media?parent=16716"}],"wp:term":[{"taxonomy":"category","embeddable":true,"href":"https:\/\/news.save.ch\/de\/wp-json\/wp\/v2\/categories?post=16716"},{"taxonomy":"post_tag","embeddable":true,"href":"https:\/\/news.save.ch\/de\/wp-json\/wp\/v2\/tags?post=16716"}],"curies":[{"name":"wp","href":"https:\/\/api.w.org\/{rel}","templated":true}]}}