{"id":16735,"date":"2016-03-30T16:39:43","date_gmt":"2016-03-30T14:39:43","guid":{"rendered":"http:\/\/dev.safety-plus.ch\/?p=827"},"modified":"2023-03-14T09:04:28","modified_gmt":"2023-03-14T08:04:28","slug":"buchtipp-kolumnen-zur-work-life-balance","status":null,"type":"post","link":"https:\/\/news.save.ch\/de\/buchtipp-kolumnen-zur-work-life-balance\/","title":{"rendered":"Buchtipp: Kolumnen zur Work-Life-Balance"},"content":{"rendered":"<figure id=\"attachment_828\" aria-describedby=\"caption-attachment-828\" style=\"width: 680px\" class=\"wp-caption alignnone\"><img loading=\"lazy\" decoding=\"async\" class=\"wp-image-828 size-medium\" src=\"http:\/\/develop.safety-plus.ch\/wp-content\/uploads\/2016\/12\/Buchtipp-Kolumnen-zur-Work-Life-Balance_safety-plus.jpg\" alt=\"Die 33 Kolumnen unterhalten - regen aber auch zum Nachdenken an.\" width=\"680\" height=\"708\" \/><figcaption id=\"caption-attachment-828\" class=\"wp-caption-text\">Die 33 Kolumnen unterhalten &#8211; regen aber auch zum Nachdenken an.<\/figcaption><\/figure>\n<p>Im Rahmen der Pr\u00e4ventionskampagne &#8222;Ausschalten &#8211; Auftanken&#8220; des Schweizerischen Versicherungsverbands SVV verfassen verschiedene Autoren wie Mich\u00e8le Roten, B\u00e4nz Friedli und Milena Moser Kolumnen, die regelm\u00e4ssig\u00a0auf der Website ausschalten-auftanken.ch erscheinen. Sie drehen sich um die zunehmende Vermischung zwischen Arbeit und Freizeit und zeigen in zum Teil witzigen, zum Teil fiesen Geschichten und Beobachtungen aus dem Alltag\u00a0auf, wohin es f\u00fchren kann, wenn wir\u00a0gar nicht mehr abstellen k\u00f6nnen und die Arbeit in alle Lebensbereiche dringt.<\/p>\n<p>33 dieser Kolumnen aus dem ersten Kampagnenjahr 2015 gibt es nun auch in gedruckter Form. Das Buch kann auf der <a href=\"http:\/\/ausschalten-auftanken.ch\/produkt\/work-in-progress-das-kolumnen-buch-2015\/\" target=\"_blank\" data-cke-saved-href=\"http:\/\/ausschalten-auftanken.ch\/produkt\/work-in-progress-das-kolumnen-buch-2015\/\" rel=\"noopener\">Website der Kampagne<\/a> bestellt werden.<\/p>\n","protected":false},"excerpt":{"rendered":"<p>Im Rahmen der Pr\u00e4ventionskampagne &#8222;Ausschalten &#8211; Auftanken&#8220; des Schweizerischen Versicherungsverbands SVV verfassen verschiedene Autoren wie Mich\u00e8le Roten, B\u00e4nz Friedli und Milena Moser Kolumnen, die regelm\u00e4ssig\u00a0auf der Website ausschalten-auftanken.ch erscheinen. Sie drehen sich um die zunehmende Vermischung zwischen Arbeit und Freizeit und zeigen in zum Teil witzigen, zum Teil fiesen Geschichten und Beobachtungen aus dem Alltag\u00a0auf, [&hellip;]<\/p>\n","protected":false},"author":1,"featured_media":16088,"comment_status":"open","ping_status":"open","sticky":false,"template":"","format":"standard","meta":{"_acf_changed":false,"pgc_sgb_lightbox_settings":"","footnotes":""},"categories":[1,3314],"tags":[1820,141],"class_list":["post-16735","post","type-post","status-publish","format-standard","has-post-thumbnail","hentry","category-allgemein","category-health-safety","tag-buch","tag-praevention"],"acf":[],"hkrextid":null,"publication":null,"issue":null,"workflow":null,"startPage":null,"spitzmarke":null,"_posts_by_tag_page_fields":{"widget_title":"","widget_tags":""},"_at_widget":"1","_yoast_wpseo_primary_category":"2","_yoast_wpseo_focuskw_text_input":"Work-Life-Balance","_yoast_wpseo_opengraph-image":null,"_yoast_wpseo_opengraph-description":null,"_yoast_wpseo_opengraph-title":null,"enclosure":null,"_yoast_wpseo_twitter-title":null,"_yoast_wpseo_twitter-description":null,"_yoast_wpseo_twitter-image":null,"_wp_old_slug":null,"_yoast_wpseo_title":null,"_yoast_wpseo_canonical":null,"yoast_head":"<!-- This site is optimized with the Yoast SEO plugin v27.5 - https:\/\/yoast.com\/product\/yoast-seo-wordpress\/ -->\n<title>Buchtipp: Kolumnen zur Work-Life-Balance - Save<\/title>\n<meta name=\"description\" content=\"Work-Life-Balance: 33 pointierte Kolumnen der Kampagne &quot;Ausschalten - Auftanken&quot;, geschrieben von Schweizer Autoren, gibt es nun auch in Buchform.\" \/>\n<meta name=\"robots\" content=\"index, follow, max-snippet:-1, max-image-preview:large, max-video-preview:-1\" \/>\n<link rel=\"canonical\" href=\"https:\/\/news.save.ch\/de\/buchtipp-kolumnen-zur-work-life-balance\/\" \/>\n<meta property=\"og:locale\" content=\"de_DE\" \/>\n<meta property=\"og:type\" content=\"article\" \/>\n<meta property=\"og:title\" content=\"Buchtipp: Kolumnen zur Work-Life-Balance - Save\" \/>\n<meta property=\"og:description\" content=\"Work-Life-Balance: 33 pointierte Kolumnen der Kampagne &quot;Ausschalten - Auftanken&quot;, geschrieben von Schweizer Autoren, gibt es nun auch in Buchform.\" \/>\n<meta property=\"og:url\" content=\"https:\/\/news.save.ch\/de\/buchtipp-kolumnen-zur-work-life-balance\/\" \/>\n<meta property=\"og:site_name\" content=\"Save\" \/>\n<meta property=\"article:published_time\" content=\"2016-03-30T14:39:43+00:00\" \/>\n<meta property=\"article:modified_time\" content=\"2023-03-14T08:04:28+00:00\" \/>\n<meta property=\"og:image\" content=\"https:\/\/news.save.ch\/wp-content\/uploads\/2016\/12\/Buchtipp-Kolumnen-zur-Work-Life-Balance_safety-plus.jpg\" \/>\n\t<meta property=\"og:image:width\" content=\"764\" \/>\n\t<meta property=\"og:image:height\" content=\"795\" \/>\n\t<meta property=\"og:image:type\" content=\"image\/jpeg\" \/>\n<meta name=\"author\" content=\"admin\" \/>\n<meta name=\"twitter:card\" content=\"summary_large_image\" \/>\n<meta name=\"twitter:label1\" content=\"Geschrieben von\" \/>\n\t<meta name=\"twitter:data1\" content=\"admin\" \/>\n\t<meta name=\"twitter:label2\" content=\"Gesch\u00e4tzte Lesezeit\" \/>\n\t<meta name=\"twitter:data2\" content=\"1\u00a0Minute\" \/>\n<script type=\"application\/ld+json\" class=\"yoast-schema-graph\">{\"@context\":\"https:\\\/\\\/schema.org\",\"@graph\":[{\"@type\":\"Article\",\"@id\":\"https:\\\/\\\/news.save.ch\\\/buchtipp-kolumnen-zur-work-life-balance\\\/#article\",\"isPartOf\":{\"@id\":\"https:\\\/\\\/news.save.ch\\\/buchtipp-kolumnen-zur-work-life-balance\\\/\"},\"author\":{\"name\":\"admin\",\"@id\":\"https:\\\/\\\/news.save.ch\\\/de\\\/#\\\/schema\\\/person\\\/d49e199490bad7c70d64b9ab51142f2b\"},\"headline\":\"Buchtipp: Kolumnen zur Work-Life-Balance\",\"datePublished\":\"2016-03-30T14:39:43+00:00\",\"dateModified\":\"2023-03-14T08:04:28+00:00\",\"mainEntityOfPage\":{\"@id\":\"https:\\\/\\\/news.save.ch\\\/buchtipp-kolumnen-zur-work-life-balance\\\/\"},\"wordCount\":126,\"commentCount\":0,\"publisher\":{\"@id\":\"https:\\\/\\\/news.save.ch\\\/de\\\/#organization\"},\"image\":{\"@id\":\"https:\\\/\\\/news.save.ch\\\/buchtipp-kolumnen-zur-work-life-balance\\\/#primaryimage\"},\"thumbnailUrl\":\"https:\\\/\\\/news.save.ch\\\/wp-content\\\/uploads\\\/2016\\\/12\\\/Buchtipp-Kolumnen-zur-Work-Life-Balance_safety-plus.jpg\",\"keywords\":[\"Buch\",\"Pr\u00e4vention\"],\"articleSection\":[\"ALLGEMEIN\",\"HEALTH &amp; SAFETY\"],\"inLanguage\":\"de\"},{\"@type\":\"WebPage\",\"@id\":\"https:\\\/\\\/news.save.ch\\\/buchtipp-kolumnen-zur-work-life-balance\\\/\",\"url\":\"https:\\\/\\\/news.save.ch\\\/buchtipp-kolumnen-zur-work-life-balance\\\/\",\"name\":\"Buchtipp: Kolumnen zur Work-Life-Balance - Save\",\"isPartOf\":{\"@id\":\"https:\\\/\\\/news.save.ch\\\/de\\\/#website\"},\"primaryImageOfPage\":{\"@id\":\"https:\\\/\\\/news.save.ch\\\/buchtipp-kolumnen-zur-work-life-balance\\\/#primaryimage\"},\"image\":{\"@id\":\"https:\\\/\\\/news.save.ch\\\/buchtipp-kolumnen-zur-work-life-balance\\\/#primaryimage\"},\"thumbnailUrl\":\"https:\\\/\\\/news.save.ch\\\/wp-content\\\/uploads\\\/2016\\\/12\\\/Buchtipp-Kolumnen-zur-Work-Life-Balance_safety-plus.jpg\",\"datePublished\":\"2016-03-30T14:39:43+00:00\",\"dateModified\":\"2023-03-14T08:04:28+00:00\",\"description\":\"Work-Life-Balance: 33 pointierte Kolumnen der Kampagne \\\"Ausschalten - Auftanken\\\", geschrieben von Schweizer Autoren, gibt es nun auch in Buchform.\",\"breadcrumb\":{\"@id\":\"https:\\\/\\\/news.save.ch\\\/buchtipp-kolumnen-zur-work-life-balance\\\/#breadcrumb\"},\"inLanguage\":\"de\",\"potentialAction\":[{\"@type\":\"ReadAction\",\"target\":[\"https:\\\/\\\/news.save.ch\\\/buchtipp-kolumnen-zur-work-life-balance\\\/\"]}]},{\"@type\":\"ImageObject\",\"inLanguage\":\"de\",\"@id\":\"https:\\\/\\\/news.save.ch\\\/buchtipp-kolumnen-zur-work-life-balance\\\/#primaryimage\",\"url\":\"https:\\\/\\\/news.save.ch\\\/wp-content\\\/uploads\\\/2016\\\/12\\\/Buchtipp-Kolumnen-zur-Work-Life-Balance_safety-plus.jpg\",\"contentUrl\":\"https:\\\/\\\/news.save.ch\\\/wp-content\\\/uploads\\\/2016\\\/12\\\/Buchtipp-Kolumnen-zur-Work-Life-Balance_safety-plus.jpg\",\"width\":764,\"height\":795,\"caption\":\"Die 33 Kolumnen unterhalten - regen aber auch zum Nachdenken an.\"},{\"@type\":\"BreadcrumbList\",\"@id\":\"https:\\\/\\\/news.save.ch\\\/buchtipp-kolumnen-zur-work-life-balance\\\/#breadcrumb\",\"itemListElement\":[{\"@type\":\"ListItem\",\"position\":1,\"name\":\"Home\",\"item\":\"https:\\\/\\\/news.save.ch\\\/de\\\/\"},{\"@type\":\"ListItem\",\"position\":2,\"name\":\"Buchtipp: Kolumnen zur Work-Life-Balance\"}]},{\"@type\":\"WebSite\",\"@id\":\"https:\\\/\\\/news.save.ch\\\/de\\\/#website\",\"url\":\"https:\\\/\\\/news.save.ch\\\/de\\\/\",\"name\":\"Save\",\"description\":\"Schweizer Fachzeitschrift f\u00fcr Sicherheit\",\"publisher\":{\"@id\":\"https:\\\/\\\/news.save.ch\\\/de\\\/#organization\"},\"potentialAction\":[{\"@type\":\"SearchAction\",\"target\":{\"@type\":\"EntryPoint\",\"urlTemplate\":\"https:\\\/\\\/news.save.ch\\\/de\\\/?s={search_term_string}\"},\"query-input\":{\"@type\":\"PropertyValueSpecification\",\"valueRequired\":true,\"valueName\":\"search_term_string\"}}],\"inLanguage\":\"de\"},{\"@type\":\"Organization\",\"@id\":\"https:\\\/\\\/news.save.ch\\\/de\\\/#organization\",\"name\":\"Sicherheitsforum\",\"url\":\"https:\\\/\\\/news.save.ch\\\/de\\\/\",\"logo\":{\"@type\":\"ImageObject\",\"inLanguage\":\"de\",\"@id\":\"https:\\\/\\\/news.save.ch\\\/de\\\/#\\\/schema\\\/logo\\\/image\\\/\",\"url\":\"https:\\\/\\\/news.save.ch\\\/wp-content\\\/uploads\\\/2022\\\/06\\\/Logo_SF_2012.png\",\"contentUrl\":\"https:\\\/\\\/news.save.ch\\\/wp-content\\\/uploads\\\/2022\\\/06\\\/Logo_SF_2012.png\",\"width\":1100,\"height\":91,\"caption\":\"Sicherheitsforum\"},\"image\":{\"@id\":\"https:\\\/\\\/news.save.ch\\\/de\\\/#\\\/schema\\\/logo\\\/image\\\/\"}},{\"@type\":\"Person\",\"@id\":\"https:\\\/\\\/news.save.ch\\\/de\\\/#\\\/schema\\\/person\\\/d49e199490bad7c70d64b9ab51142f2b\",\"name\":\"admin\",\"image\":{\"@type\":\"ImageObject\",\"inLanguage\":\"de\",\"@id\":\"https:\\\/\\\/secure.gravatar.com\\\/avatar\\\/ae2f4d718e6c49043e314ce431e7e645d646302a24a5ef5a8bc8e3f5a032e319?s=96&d=mm&r=g\",\"url\":\"https:\\\/\\\/secure.gravatar.com\\\/avatar\\\/ae2f4d718e6c49043e314ce431e7e645d646302a24a5ef5a8bc8e3f5a032e319?s=96&d=mm&r=g\",\"contentUrl\":\"https:\\\/\\\/secure.gravatar.com\\\/avatar\\\/ae2f4d718e6c49043e314ce431e7e645d646302a24a5ef5a8bc8e3f5a032e319?s=96&d=mm&r=g\",\"caption\":\"admin\"},\"sameAs\":[\"https:\\\/\\\/develop.organisator.galledia.ch\"],\"url\":\"https:\\\/\\\/news.save.ch\\\/de\\\/author\\\/admin\\\/\"}]}<\/script>\n<!-- \/ Yoast SEO plugin. -->","yoast_head_json":{"title":"Buchtipp: Kolumnen zur Work-Life-Balance - Save","description":"Work-Life-Balance: 33 pointierte Kolumnen der Kampagne \"Ausschalten - Auftanken\", geschrieben von Schweizer Autoren, gibt es nun auch in Buchform.","robots":{"index":"index","follow":"follow","max-snippet":"max-snippet:-1","max-image-preview":"max-image-preview:large","max-video-preview":"max-video-preview:-1"},"canonical":"https:\/\/news.save.ch\/de\/buchtipp-kolumnen-zur-work-life-balance\/","og_locale":"de_DE","og_type":"article","og_title":"Buchtipp: Kolumnen zur Work-Life-Balance - Save","og_description":"Work-Life-Balance: 33 pointierte Kolumnen der Kampagne \"Ausschalten - Auftanken\", geschrieben von Schweizer Autoren, gibt es nun auch in Buchform.","og_url":"https:\/\/news.save.ch\/de\/buchtipp-kolumnen-zur-work-life-balance\/","og_site_name":"Save","article_published_time":"2016-03-30T14:39:43+00:00","article_modified_time":"2023-03-14T08:04:28+00:00","og_image":[{"width":764,"height":795,"url":"https:\/\/news.save.ch\/wp-content\/uploads\/2016\/12\/Buchtipp-Kolumnen-zur-Work-Life-Balance_safety-plus.jpg","type":"image\/jpeg"}],"author":"admin","twitter_card":"summary_large_image","twitter_misc":{"Geschrieben von":"admin","Gesch\u00e4tzte Lesezeit":"1\u00a0Minute"},"schema":{"@context":"https:\/\/schema.org","@graph":[{"@type":"Article","@id":"https:\/\/news.save.ch\/buchtipp-kolumnen-zur-work-life-balance\/#article","isPartOf":{"@id":"https:\/\/news.save.ch\/buchtipp-kolumnen-zur-work-life-balance\/"},"author":{"name":"admin","@id":"https:\/\/news.save.ch\/de\/#\/schema\/person\/d49e199490bad7c70d64b9ab51142f2b"},"headline":"Buchtipp: Kolumnen zur Work-Life-Balance","datePublished":"2016-03-30T14:39:43+00:00","dateModified":"2023-03-14T08:04:28+00:00","mainEntityOfPage":{"@id":"https:\/\/news.save.ch\/buchtipp-kolumnen-zur-work-life-balance\/"},"wordCount":126,"commentCount":0,"publisher":{"@id":"https:\/\/news.save.ch\/de\/#organization"},"image":{"@id":"https:\/\/news.save.ch\/buchtipp-kolumnen-zur-work-life-balance\/#primaryimage"},"thumbnailUrl":"https:\/\/news.save.ch\/wp-content\/uploads\/2016\/12\/Buchtipp-Kolumnen-zur-Work-Life-Balance_safety-plus.jpg","keywords":["Buch","Pr\u00e4vention"],"articleSection":["ALLGEMEIN","HEALTH &amp; SAFETY"],"inLanguage":"de"},{"@type":"WebPage","@id":"https:\/\/news.save.ch\/buchtipp-kolumnen-zur-work-life-balance\/","url":"https:\/\/news.save.ch\/buchtipp-kolumnen-zur-work-life-balance\/","name":"Buchtipp: Kolumnen zur Work-Life-Balance - Save","isPartOf":{"@id":"https:\/\/news.save.ch\/de\/#website"},"primaryImageOfPage":{"@id":"https:\/\/news.save.ch\/buchtipp-kolumnen-zur-work-life-balance\/#primaryimage"},"image":{"@id":"https:\/\/news.save.ch\/buchtipp-kolumnen-zur-work-life-balance\/#primaryimage"},"thumbnailUrl":"https:\/\/news.save.ch\/wp-content\/uploads\/2016\/12\/Buchtipp-Kolumnen-zur-Work-Life-Balance_safety-plus.jpg","datePublished":"2016-03-30T14:39:43+00:00","dateModified":"2023-03-14T08:04:28+00:00","description":"Work-Life-Balance: 33 pointierte Kolumnen der Kampagne \"Ausschalten - Auftanken\", geschrieben von Schweizer Autoren, gibt es nun auch in Buchform.","breadcrumb":{"@id":"https:\/\/news.save.ch\/buchtipp-kolumnen-zur-work-life-balance\/#breadcrumb"},"inLanguage":"de","potentialAction":[{"@type":"ReadAction","target":["https:\/\/news.save.ch\/buchtipp-kolumnen-zur-work-life-balance\/"]}]},{"@type":"ImageObject","inLanguage":"de","@id":"https:\/\/news.save.ch\/buchtipp-kolumnen-zur-work-life-balance\/#primaryimage","url":"https:\/\/news.save.ch\/wp-content\/uploads\/2016\/12\/Buchtipp-Kolumnen-zur-Work-Life-Balance_safety-plus.jpg","contentUrl":"https:\/\/news.save.ch\/wp-content\/uploads\/2016\/12\/Buchtipp-Kolumnen-zur-Work-Life-Balance_safety-plus.jpg","width":764,"height":795,"caption":"Die 33 Kolumnen unterhalten - regen aber auch zum Nachdenken an."},{"@type":"BreadcrumbList","@id":"https:\/\/news.save.ch\/buchtipp-kolumnen-zur-work-life-balance\/#breadcrumb","itemListElement":[{"@type":"ListItem","position":1,"name":"Home","item":"https:\/\/news.save.ch\/de\/"},{"@type":"ListItem","position":2,"name":"Buchtipp: Kolumnen zur Work-Life-Balance"}]},{"@type":"WebSite","@id":"https:\/\/news.save.ch\/de\/#website","url":"https:\/\/news.save.ch\/de\/","name":"Save","description":"Schweizer Fachzeitschrift f\u00fcr Sicherheit","publisher":{"@id":"https:\/\/news.save.ch\/de\/#organization"},"potentialAction":[{"@type":"SearchAction","target":{"@type":"EntryPoint","urlTemplate":"https:\/\/news.save.ch\/de\/?s={search_term_string}"},"query-input":{"@type":"PropertyValueSpecification","valueRequired":true,"valueName":"search_term_string"}}],"inLanguage":"de"},{"@type":"Organization","@id":"https:\/\/news.save.ch\/de\/#organization","name":"Sicherheitsforum","url":"https:\/\/news.save.ch\/de\/","logo":{"@type":"ImageObject","inLanguage":"de","@id":"https:\/\/news.save.ch\/de\/#\/schema\/logo\/image\/","url":"https:\/\/news.save.ch\/wp-content\/uploads\/2022\/06\/Logo_SF_2012.png","contentUrl":"https:\/\/news.save.ch\/wp-content\/uploads\/2022\/06\/Logo_SF_2012.png","width":1100,"height":91,"caption":"Sicherheitsforum"},"image":{"@id":"https:\/\/news.save.ch\/de\/#\/schema\/logo\/image\/"}},{"@type":"Person","@id":"https:\/\/news.save.ch\/de\/#\/schema\/person\/d49e199490bad7c70d64b9ab51142f2b","name":"admin","image":{"@type":"ImageObject","inLanguage":"de","@id":"https:\/\/secure.gravatar.com\/avatar\/ae2f4d718e6c49043e314ce431e7e645d646302a24a5ef5a8bc8e3f5a032e319?s=96&d=mm&r=g","url":"https:\/\/secure.gravatar.com\/avatar\/ae2f4d718e6c49043e314ce431e7e645d646302a24a5ef5a8bc8e3f5a032e319?s=96&d=mm&r=g","contentUrl":"https:\/\/secure.gravatar.com\/avatar\/ae2f4d718e6c49043e314ce431e7e645d646302a24a5ef5a8bc8e3f5a032e319?s=96&d=mm&r=g","caption":"admin"},"sameAs":["https:\/\/develop.organisator.galledia.ch"],"url":"https:\/\/news.save.ch\/de\/author\/admin\/"}]}},"_links":{"self":[{"href":"https:\/\/news.save.ch\/de\/wp-json\/wp\/v2\/posts\/16735","targetHints":{"allow":["GET"]}}],"collection":[{"href":"https:\/\/news.save.ch\/de\/wp-json\/wp\/v2\/posts"}],"about":[{"href":"https:\/\/news.save.ch\/de\/wp-json\/wp\/v2\/types\/post"}],"author":[{"embeddable":true,"href":"https:\/\/news.save.ch\/de\/wp-json\/wp\/v2\/users\/1"}],"replies":[{"embeddable":true,"href":"https:\/\/news.save.ch\/de\/wp-json\/wp\/v2\/comments?post=16735"}],"version-history":[{"count":1,"href":"https:\/\/news.save.ch\/de\/wp-json\/wp\/v2\/posts\/16735\/revisions"}],"predecessor-version":[{"id":18977,"href":"https:\/\/news.save.ch\/de\/wp-json\/wp\/v2\/posts\/16735\/revisions\/18977"}],"wp:featuredmedia":[{"embeddable":true,"href":"https:\/\/news.save.ch\/de\/wp-json\/wp\/v2\/media\/16088"}],"wp:attachment":[{"href":"https:\/\/news.save.ch\/de\/wp-json\/wp\/v2\/media?parent=16735"}],"wp:term":[{"taxonomy":"category","embeddable":true,"href":"https:\/\/news.save.ch\/de\/wp-json\/wp\/v2\/categories?post=16735"},{"taxonomy":"post_tag","embeddable":true,"href":"https:\/\/news.save.ch\/de\/wp-json\/wp\/v2\/tags?post=16735"}],"curies":[{"name":"wp","href":"https:\/\/api.w.org\/{rel}","templated":true}]}}