{"id":16736,"date":"2016-03-31T16:41:18","date_gmt":"2016-03-31T14:41:18","guid":{"rendered":"http:\/\/dev.safety-plus.ch\/?p=830"},"modified":"2016-03-31T16:41:18","modified_gmt":"2016-03-31T14:41:18","slug":"zahl-der-strassenverkehrsopfer-steigt-leicht-an","status":null,"type":"post","link":"https:\/\/news.save.ch\/de\/zahl-der-strassenverkehrsopfer-steigt-leicht-an\/","title":{"rendered":"Zahl der Strassenverkehrsopfer steigt leicht an"},"content":{"rendered":"<figure id=\"attachment_831\" aria-describedby=\"caption-attachment-831\" style=\"width: 680px\" class=\"wp-caption alignnone\"><img loading=\"lazy\" decoding=\"async\" class=\"wp-image-831 size-medium\" src=\"http:\/\/develop.safety-plus.ch\/wp-content\/uploads\/2016\/12\/Zahl-der-Strassenverkehrsopfer-steigt-leicht-an_safety-plus.jpg\" alt=\"Die Karte zeigt, wo im letzten Jahr Personen t\u00f6dlich verunfallt sind.\" width=\"680\" height=\"509\" \/><figcaption id=\"caption-attachment-831\" class=\"wp-caption-text\">Die Karte zeigt, wo im letzten Jahr Personen t\u00f6dlich verunfallt sind.<\/figcaption><\/figure>\n<p>Auf den Schweizer Strassen starben im vergangenen Jahr 253 Menschen. Damit stieg\u00a0die Anzahl t\u00f6dlich Verunfallten gegen\u00fcber 2014 um 4% oder 10 Personen. Das Bundesamt f\u00fcr Strassen ASTRA will allerdings nicht von einer Trendumkehr sprechen: Die Zahl der Verkehrstoten liegt immer noch 16% unter dem Durchschnitt der vergangenen vier Jahre. 2012 waren es zum Beispiel noch 339 Verkehrsopfer.<\/p>\n<p>Abgenommen hat hingegen die Zahl der Schwerverletzten, von 4043 auf 3830 Personen. Das ist ein Minus von 5%.<\/p>\n<p><strong>Zweiradfahrzeuge besonders oft betroffen<\/strong><br \/>\nZwar ist die Zahl der t\u00f6dlich verunfallten Fahrradfahrenden ist im Vergleich zu 2014 um 14 % zur\u00fcckgegangen. Dagegen nahm die Zahl der get\u00f6teten E-Bike-Nutzenden zu. 14 Personen kamen hier ums Leben (gegen\u00fcber 5 im Vorjahr). Mehr als zwei Drittel der Todesopfer waren 65-j\u00e4hrig oder \u00e4lter.<\/p>\n<p>Im vergangenen Jahr starben 66 Motorradfahrende bei Unf\u00e4llen, was einer Zunahme von 25% gegen\u00fcber 2014 entspricht. Die aussergew\u00f6hnlich milde Witterung im Sommer 2015 trug wahrscheinlich zu diesem Anstieg bei. So geschahen fast zwei Drittel der t\u00f6dlichen Motorradunf\u00e4lle im Zeitraum Juni bis September; 2014 waren es weniger als die H\u00e4lfte.<\/p>\n<p><strong>Massnahmen f\u00fcr Zweiradfahrzeuge<\/strong><br \/>\nDas ASTRA betond, dass ihm die Erh\u00f6hung der Sicherheit der Zweiradfahrzeuge ein permanentes Anliegen ist:\u00a0So wurde zur Behebung der Infrastrukturdefizite f\u00fcr den Motorradverkehr eine Vollzugshilfe erarbeitet. Zudem erschien 2015 eine Brosch\u00fcre , welche die Unf\u00e4lle mit Beteiligung von Fahrradfahrerinnen und Fahrradfahrern analysiert. Dazu kommen die Verkehrssicherheitskampagnen und Schulungen der in der Pr\u00e4vention t\u00e4tigen Akteure (z. B. Fonds f\u00fcr Verkehrssicherheit FVS).<\/p>\n<p><strong>Mehr t\u00f6dlich verunfallte Fussg\u00e4ngerinnen und Fussg\u00e4nger<\/strong><br \/>\nAuch Fussg\u00e4nger sind st\u00e4rker betroffen als im letzten Jahr:\u00a02015 kamen 58 Fussg\u00e4ngerinnen und Fussg\u00e4nger bei Verkehrsunf\u00e4llen ums Leben, 35 %mehr als 204. Fast zwei Drittel der Get\u00f6teten waren 65-j\u00e4hrig oder \u00e4lter und etwa ein Drittel starb auf Fussg\u00e4ngerstreifen. \u00dcber mehrere Jahre hinweg betrachtet ist die Zahl jedoch r\u00fcckl\u00e4ufig.<\/p>\n<p><strong>Grossunf\u00e4lle schlagen auf Statistik<\/strong><br \/>\nIm vergangenen Jahr wurde im Vergleich zu 2014 ein leichter Anstieg (+4 Personen) der auf Autobahnen und Autostrassen t\u00f6dlich Verunfallten verzeichnet. Grund f\u00fcr diese Zunahme waren drei besonders schwere Unf\u00e4lle mit jeweils mehreren Toten. Mit Ausnahme von 2012 (Car-Unfall von Siders) verharrt die Zahl der Todesopfer auf Autobahnen und -strassen auf niedrigem Niveau mit generell sinkender Tendenz.<\/p>\n<p>Zu den <a href=\"http:\/\/www.news.admin.ch\/NSBSubscriber\/message\/attachments\/43502.pdf\" target=\"_blank\" data-cke-saved-href=\"http:\/\/www.news.admin.ch\/NSBSubscriber\/message\/attachments\/43502.pdf\" rel=\"noopener\">Detailzahlen <\/a>(PDF)<\/p>\n","protected":false},"excerpt":{"rendered":"<p>Auf den Schweizer Strassen starben im vergangenen Jahr 253 Menschen. Damit stieg\u00a0die Anzahl t\u00f6dlich Verunfallten gegen\u00fcber 2014 um 4% oder 10 Personen. Das Bundesamt f\u00fcr Strassen ASTRA will allerdings nicht von einer Trendumkehr sprechen: Die Zahl der Verkehrstoten liegt immer noch 16% unter dem Durchschnitt der vergangenen vier Jahre. 2012 waren es zum Beispiel noch [&hellip;]<\/p>\n","protected":false},"author":1,"featured_media":16089,"comment_status":"open","ping_status":"open","sticky":false,"template":"","format":"standard","meta":{"_acf_changed":false,"pgc_sgb_lightbox_settings":"","footnotes":""},"categories":[1],"tags":[175],"class_list":["post-16736","post","type-post","status-publish","format-standard","has-post-thumbnail","hentry","category-allgemein","tag-nichtberufsunfaelle"],"acf":[],"hkrextid":null,"publication":null,"issue":null,"workflow":null,"startPage":null,"spitzmarke":null,"_posts_by_tag_page_fields":{"widget_title":"","widget_tags":""},"_at_widget":"1","_yoast_wpseo_primary_category":"1","_yoast_wpseo_focuskw_text_input":"Strassenverkehrsopfer","_yoast_wpseo_opengraph-image":null,"_yoast_wpseo_opengraph-description":null,"_yoast_wpseo_opengraph-title":null,"enclosure":null,"_yoast_wpseo_twitter-title":null,"_yoast_wpseo_twitter-description":null,"_yoast_wpseo_twitter-image":null,"_wp_old_slug":null,"_yoast_wpseo_title":null,"_yoast_wpseo_canonical":null,"yoast_head":"<!-- This site is optimized with the Yoast SEO plugin v27.5 - https:\/\/yoast.com\/product\/yoast-seo-wordpress\/ -->\n<title>Zahl der Strassenverkehrsopfer steigt leicht an - Save<\/title>\n<meta name=\"description\" content=\"Strassenverkehrsopfer: W\u00e4hrend Personenwagen immer sicherer werden, nehmen die Opfer bei Fussg\u00e4ngern und Zweiradfahrern \u00fcberproportional zu.\" \/>\n<meta name=\"robots\" content=\"index, follow, max-snippet:-1, max-image-preview:large, max-video-preview:-1\" \/>\n<link rel=\"canonical\" href=\"https:\/\/news.save.ch\/de\/zahl-der-strassenverkehrsopfer-steigt-leicht-an\/\" \/>\n<meta property=\"og:locale\" content=\"de_DE\" \/>\n<meta property=\"og:type\" content=\"article\" \/>\n<meta property=\"og:title\" content=\"Zahl der Strassenverkehrsopfer steigt leicht an - Save\" \/>\n<meta property=\"og:description\" content=\"Strassenverkehrsopfer: W\u00e4hrend Personenwagen immer sicherer werden, nehmen die Opfer bei Fussg\u00e4ngern und Zweiradfahrern \u00fcberproportional zu.\" \/>\n<meta property=\"og:url\" content=\"https:\/\/news.save.ch\/de\/zahl-der-strassenverkehrsopfer-steigt-leicht-an\/\" \/>\n<meta property=\"og:site_name\" content=\"Save\" \/>\n<meta property=\"article:published_time\" content=\"2016-03-31T14:41:18+00:00\" \/>\n<meta property=\"og:image\" content=\"https:\/\/news.save.ch\/wp-content\/uploads\/2016\/12\/Zahl-der-Strassenverkehrsopfer-steigt-leicht-an_safety-plus.jpg\" \/>\n\t<meta property=\"og:image:width\" content=\"1025\" \/>\n\t<meta property=\"og:image:height\" content=\"767\" \/>\n\t<meta property=\"og:image:type\" content=\"image\/jpeg\" \/>\n<meta name=\"author\" content=\"admin\" \/>\n<meta name=\"twitter:card\" content=\"summary_large_image\" \/>\n<meta name=\"twitter:label1\" content=\"Geschrieben von\" \/>\n\t<meta name=\"twitter:data1\" content=\"admin\" \/>\n\t<meta name=\"twitter:label2\" content=\"Gesch\u00e4tzte Lesezeit\" \/>\n\t<meta name=\"twitter:data2\" content=\"2\u00a0Minuten\" \/>\n<script type=\"application\/ld+json\" class=\"yoast-schema-graph\">{\"@context\":\"https:\\\/\\\/schema.org\",\"@graph\":[{\"@type\":\"Article\",\"@id\":\"https:\\\/\\\/news.save.ch\\\/zahl-der-strassenverkehrsopfer-steigt-leicht-an\\\/#article\",\"isPartOf\":{\"@id\":\"https:\\\/\\\/news.save.ch\\\/zahl-der-strassenverkehrsopfer-steigt-leicht-an\\\/\"},\"author\":{\"name\":\"admin\",\"@id\":\"https:\\\/\\\/news.save.ch\\\/de\\\/#\\\/schema\\\/person\\\/d49e199490bad7c70d64b9ab51142f2b\"},\"headline\":\"Zahl der Strassenverkehrsopfer steigt leicht an\",\"datePublished\":\"2016-03-31T14:41:18+00:00\",\"mainEntityOfPage\":{\"@id\":\"https:\\\/\\\/news.save.ch\\\/zahl-der-strassenverkehrsopfer-steigt-leicht-an\\\/\"},\"wordCount\":393,\"commentCount\":1,\"publisher\":{\"@id\":\"https:\\\/\\\/news.save.ch\\\/de\\\/#organization\"},\"image\":{\"@id\":\"https:\\\/\\\/news.save.ch\\\/zahl-der-strassenverkehrsopfer-steigt-leicht-an\\\/#primaryimage\"},\"thumbnailUrl\":\"https:\\\/\\\/news.save.ch\\\/wp-content\\\/uploads\\\/2016\\\/12\\\/Zahl-der-Strassenverkehrsopfer-steigt-leicht-an_safety-plus.jpg\",\"keywords\":[\"Nichtberufsunf\u00e4lle\"],\"articleSection\":[\"ALLGEMEIN\"],\"inLanguage\":\"de\"},{\"@type\":\"WebPage\",\"@id\":\"https:\\\/\\\/news.save.ch\\\/zahl-der-strassenverkehrsopfer-steigt-leicht-an\\\/\",\"url\":\"https:\\\/\\\/news.save.ch\\\/zahl-der-strassenverkehrsopfer-steigt-leicht-an\\\/\",\"name\":\"Zahl der Strassenverkehrsopfer steigt leicht an - Save\",\"isPartOf\":{\"@id\":\"https:\\\/\\\/news.save.ch\\\/de\\\/#website\"},\"primaryImageOfPage\":{\"@id\":\"https:\\\/\\\/news.save.ch\\\/zahl-der-strassenverkehrsopfer-steigt-leicht-an\\\/#primaryimage\"},\"image\":{\"@id\":\"https:\\\/\\\/news.save.ch\\\/zahl-der-strassenverkehrsopfer-steigt-leicht-an\\\/#primaryimage\"},\"thumbnailUrl\":\"https:\\\/\\\/news.save.ch\\\/wp-content\\\/uploads\\\/2016\\\/12\\\/Zahl-der-Strassenverkehrsopfer-steigt-leicht-an_safety-plus.jpg\",\"datePublished\":\"2016-03-31T14:41:18+00:00\",\"description\":\"Strassenverkehrsopfer: W\u00e4hrend Personenwagen immer sicherer werden, nehmen die Opfer bei Fussg\u00e4ngern und Zweiradfahrern \u00fcberproportional zu.\",\"breadcrumb\":{\"@id\":\"https:\\\/\\\/news.save.ch\\\/zahl-der-strassenverkehrsopfer-steigt-leicht-an\\\/#breadcrumb\"},\"inLanguage\":\"de\",\"potentialAction\":[{\"@type\":\"ReadAction\",\"target\":[\"https:\\\/\\\/news.save.ch\\\/zahl-der-strassenverkehrsopfer-steigt-leicht-an\\\/\"]}]},{\"@type\":\"ImageObject\",\"inLanguage\":\"de\",\"@id\":\"https:\\\/\\\/news.save.ch\\\/zahl-der-strassenverkehrsopfer-steigt-leicht-an\\\/#primaryimage\",\"url\":\"https:\\\/\\\/news.save.ch\\\/wp-content\\\/uploads\\\/2016\\\/12\\\/Zahl-der-Strassenverkehrsopfer-steigt-leicht-an_safety-plus.jpg\",\"contentUrl\":\"https:\\\/\\\/news.save.ch\\\/wp-content\\\/uploads\\\/2016\\\/12\\\/Zahl-der-Strassenverkehrsopfer-steigt-leicht-an_safety-plus.jpg\",\"width\":1025,\"height\":767,\"caption\":\"Die Karte zeigt, wo im letzten Jahr Personen t\u00f6dlich verunfallt sind.\"},{\"@type\":\"BreadcrumbList\",\"@id\":\"https:\\\/\\\/news.save.ch\\\/zahl-der-strassenverkehrsopfer-steigt-leicht-an\\\/#breadcrumb\",\"itemListElement\":[{\"@type\":\"ListItem\",\"position\":1,\"name\":\"Home\",\"item\":\"https:\\\/\\\/news.save.ch\\\/de\\\/\"},{\"@type\":\"ListItem\",\"position\":2,\"name\":\"Zahl der Strassenverkehrsopfer steigt leicht an\"}]},{\"@type\":\"WebSite\",\"@id\":\"https:\\\/\\\/news.save.ch\\\/de\\\/#website\",\"url\":\"https:\\\/\\\/news.save.ch\\\/de\\\/\",\"name\":\"Save\",\"description\":\"Schweizer Fachzeitschrift f\u00fcr Sicherheit\",\"publisher\":{\"@id\":\"https:\\\/\\\/news.save.ch\\\/de\\\/#organization\"},\"potentialAction\":[{\"@type\":\"SearchAction\",\"target\":{\"@type\":\"EntryPoint\",\"urlTemplate\":\"https:\\\/\\\/news.save.ch\\\/de\\\/?s={search_term_string}\"},\"query-input\":{\"@type\":\"PropertyValueSpecification\",\"valueRequired\":true,\"valueName\":\"search_term_string\"}}],\"inLanguage\":\"de\"},{\"@type\":\"Organization\",\"@id\":\"https:\\\/\\\/news.save.ch\\\/de\\\/#organization\",\"name\":\"Sicherheitsforum\",\"url\":\"https:\\\/\\\/news.save.ch\\\/de\\\/\",\"logo\":{\"@type\":\"ImageObject\",\"inLanguage\":\"de\",\"@id\":\"https:\\\/\\\/news.save.ch\\\/de\\\/#\\\/schema\\\/logo\\\/image\\\/\",\"url\":\"https:\\\/\\\/news.save.ch\\\/wp-content\\\/uploads\\\/2022\\\/06\\\/Logo_SF_2012.png\",\"contentUrl\":\"https:\\\/\\\/news.save.ch\\\/wp-content\\\/uploads\\\/2022\\\/06\\\/Logo_SF_2012.png\",\"width\":1100,\"height\":91,\"caption\":\"Sicherheitsforum\"},\"image\":{\"@id\":\"https:\\\/\\\/news.save.ch\\\/de\\\/#\\\/schema\\\/logo\\\/image\\\/\"}},{\"@type\":\"Person\",\"@id\":\"https:\\\/\\\/news.save.ch\\\/de\\\/#\\\/schema\\\/person\\\/d49e199490bad7c70d64b9ab51142f2b\",\"name\":\"admin\",\"image\":{\"@type\":\"ImageObject\",\"inLanguage\":\"de\",\"@id\":\"https:\\\/\\\/secure.gravatar.com\\\/avatar\\\/ae2f4d718e6c49043e314ce431e7e645d646302a24a5ef5a8bc8e3f5a032e319?s=96&d=mm&r=g\",\"url\":\"https:\\\/\\\/secure.gravatar.com\\\/avatar\\\/ae2f4d718e6c49043e314ce431e7e645d646302a24a5ef5a8bc8e3f5a032e319?s=96&d=mm&r=g\",\"contentUrl\":\"https:\\\/\\\/secure.gravatar.com\\\/avatar\\\/ae2f4d718e6c49043e314ce431e7e645d646302a24a5ef5a8bc8e3f5a032e319?s=96&d=mm&r=g\",\"caption\":\"admin\"},\"sameAs\":[\"https:\\\/\\\/develop.organisator.galledia.ch\"],\"url\":\"https:\\\/\\\/news.save.ch\\\/de\\\/author\\\/admin\\\/\"}]}<\/script>\n<!-- \/ Yoast SEO plugin. -->","yoast_head_json":{"title":"Zahl der Strassenverkehrsopfer steigt leicht an - Save","description":"Strassenverkehrsopfer: W\u00e4hrend Personenwagen immer sicherer werden, nehmen die Opfer bei Fussg\u00e4ngern und Zweiradfahrern \u00fcberproportional zu.","robots":{"index":"index","follow":"follow","max-snippet":"max-snippet:-1","max-image-preview":"max-image-preview:large","max-video-preview":"max-video-preview:-1"},"canonical":"https:\/\/news.save.ch\/de\/zahl-der-strassenverkehrsopfer-steigt-leicht-an\/","og_locale":"de_DE","og_type":"article","og_title":"Zahl der Strassenverkehrsopfer steigt leicht an - Save","og_description":"Strassenverkehrsopfer: W\u00e4hrend Personenwagen immer sicherer werden, nehmen die Opfer bei Fussg\u00e4ngern und Zweiradfahrern \u00fcberproportional zu.","og_url":"https:\/\/news.save.ch\/de\/zahl-der-strassenverkehrsopfer-steigt-leicht-an\/","og_site_name":"Save","article_published_time":"2016-03-31T14:41:18+00:00","og_image":[{"width":1025,"height":767,"url":"https:\/\/news.save.ch\/wp-content\/uploads\/2016\/12\/Zahl-der-Strassenverkehrsopfer-steigt-leicht-an_safety-plus.jpg","type":"image\/jpeg"}],"author":"admin","twitter_card":"summary_large_image","twitter_misc":{"Geschrieben von":"admin","Gesch\u00e4tzte Lesezeit":"2\u00a0Minuten"},"schema":{"@context":"https:\/\/schema.org","@graph":[{"@type":"Article","@id":"https:\/\/news.save.ch\/zahl-der-strassenverkehrsopfer-steigt-leicht-an\/#article","isPartOf":{"@id":"https:\/\/news.save.ch\/zahl-der-strassenverkehrsopfer-steigt-leicht-an\/"},"author":{"name":"admin","@id":"https:\/\/news.save.ch\/de\/#\/schema\/person\/d49e199490bad7c70d64b9ab51142f2b"},"headline":"Zahl der Strassenverkehrsopfer steigt leicht an","datePublished":"2016-03-31T14:41:18+00:00","mainEntityOfPage":{"@id":"https:\/\/news.save.ch\/zahl-der-strassenverkehrsopfer-steigt-leicht-an\/"},"wordCount":393,"commentCount":1,"publisher":{"@id":"https:\/\/news.save.ch\/de\/#organization"},"image":{"@id":"https:\/\/news.save.ch\/zahl-der-strassenverkehrsopfer-steigt-leicht-an\/#primaryimage"},"thumbnailUrl":"https:\/\/news.save.ch\/wp-content\/uploads\/2016\/12\/Zahl-der-Strassenverkehrsopfer-steigt-leicht-an_safety-plus.jpg","keywords":["Nichtberufsunf\u00e4lle"],"articleSection":["ALLGEMEIN"],"inLanguage":"de"},{"@type":"WebPage","@id":"https:\/\/news.save.ch\/zahl-der-strassenverkehrsopfer-steigt-leicht-an\/","url":"https:\/\/news.save.ch\/zahl-der-strassenverkehrsopfer-steigt-leicht-an\/","name":"Zahl der Strassenverkehrsopfer steigt leicht an - Save","isPartOf":{"@id":"https:\/\/news.save.ch\/de\/#website"},"primaryImageOfPage":{"@id":"https:\/\/news.save.ch\/zahl-der-strassenverkehrsopfer-steigt-leicht-an\/#primaryimage"},"image":{"@id":"https:\/\/news.save.ch\/zahl-der-strassenverkehrsopfer-steigt-leicht-an\/#primaryimage"},"thumbnailUrl":"https:\/\/news.save.ch\/wp-content\/uploads\/2016\/12\/Zahl-der-Strassenverkehrsopfer-steigt-leicht-an_safety-plus.jpg","datePublished":"2016-03-31T14:41:18+00:00","description":"Strassenverkehrsopfer: W\u00e4hrend Personenwagen immer sicherer werden, nehmen die Opfer bei Fussg\u00e4ngern und Zweiradfahrern \u00fcberproportional zu.","breadcrumb":{"@id":"https:\/\/news.save.ch\/zahl-der-strassenverkehrsopfer-steigt-leicht-an\/#breadcrumb"},"inLanguage":"de","potentialAction":[{"@type":"ReadAction","target":["https:\/\/news.save.ch\/zahl-der-strassenverkehrsopfer-steigt-leicht-an\/"]}]},{"@type":"ImageObject","inLanguage":"de","@id":"https:\/\/news.save.ch\/zahl-der-strassenverkehrsopfer-steigt-leicht-an\/#primaryimage","url":"https:\/\/news.save.ch\/wp-content\/uploads\/2016\/12\/Zahl-der-Strassenverkehrsopfer-steigt-leicht-an_safety-plus.jpg","contentUrl":"https:\/\/news.save.ch\/wp-content\/uploads\/2016\/12\/Zahl-der-Strassenverkehrsopfer-steigt-leicht-an_safety-plus.jpg","width":1025,"height":767,"caption":"Die Karte zeigt, wo im letzten Jahr Personen t\u00f6dlich verunfallt sind."},{"@type":"BreadcrumbList","@id":"https:\/\/news.save.ch\/zahl-der-strassenverkehrsopfer-steigt-leicht-an\/#breadcrumb","itemListElement":[{"@type":"ListItem","position":1,"name":"Home","item":"https:\/\/news.save.ch\/de\/"},{"@type":"ListItem","position":2,"name":"Zahl der Strassenverkehrsopfer steigt leicht an"}]},{"@type":"WebSite","@id":"https:\/\/news.save.ch\/de\/#website","url":"https:\/\/news.save.ch\/de\/","name":"Save","description":"Schweizer Fachzeitschrift f\u00fcr Sicherheit","publisher":{"@id":"https:\/\/news.save.ch\/de\/#organization"},"potentialAction":[{"@type":"SearchAction","target":{"@type":"EntryPoint","urlTemplate":"https:\/\/news.save.ch\/de\/?s={search_term_string}"},"query-input":{"@type":"PropertyValueSpecification","valueRequired":true,"valueName":"search_term_string"}}],"inLanguage":"de"},{"@type":"Organization","@id":"https:\/\/news.save.ch\/de\/#organization","name":"Sicherheitsforum","url":"https:\/\/news.save.ch\/de\/","logo":{"@type":"ImageObject","inLanguage":"de","@id":"https:\/\/news.save.ch\/de\/#\/schema\/logo\/image\/","url":"https:\/\/news.save.ch\/wp-content\/uploads\/2022\/06\/Logo_SF_2012.png","contentUrl":"https:\/\/news.save.ch\/wp-content\/uploads\/2022\/06\/Logo_SF_2012.png","width":1100,"height":91,"caption":"Sicherheitsforum"},"image":{"@id":"https:\/\/news.save.ch\/de\/#\/schema\/logo\/image\/"}},{"@type":"Person","@id":"https:\/\/news.save.ch\/de\/#\/schema\/person\/d49e199490bad7c70d64b9ab51142f2b","name":"admin","image":{"@type":"ImageObject","inLanguage":"de","@id":"https:\/\/secure.gravatar.com\/avatar\/ae2f4d718e6c49043e314ce431e7e645d646302a24a5ef5a8bc8e3f5a032e319?s=96&d=mm&r=g","url":"https:\/\/secure.gravatar.com\/avatar\/ae2f4d718e6c49043e314ce431e7e645d646302a24a5ef5a8bc8e3f5a032e319?s=96&d=mm&r=g","contentUrl":"https:\/\/secure.gravatar.com\/avatar\/ae2f4d718e6c49043e314ce431e7e645d646302a24a5ef5a8bc8e3f5a032e319?s=96&d=mm&r=g","caption":"admin"},"sameAs":["https:\/\/develop.organisator.galledia.ch"],"url":"https:\/\/news.save.ch\/de\/author\/admin\/"}]}},"_links":{"self":[{"href":"https:\/\/news.save.ch\/de\/wp-json\/wp\/v2\/posts\/16736","targetHints":{"allow":["GET"]}}],"collection":[{"href":"https:\/\/news.save.ch\/de\/wp-json\/wp\/v2\/posts"}],"about":[{"href":"https:\/\/news.save.ch\/de\/wp-json\/wp\/v2\/types\/post"}],"author":[{"embeddable":true,"href":"https:\/\/news.save.ch\/de\/wp-json\/wp\/v2\/users\/1"}],"replies":[{"embeddable":true,"href":"https:\/\/news.save.ch\/de\/wp-json\/wp\/v2\/comments?post=16736"}],"version-history":[{"count":0,"href":"https:\/\/news.save.ch\/de\/wp-json\/wp\/v2\/posts\/16736\/revisions"}],"wp:featuredmedia":[{"embeddable":true,"href":"https:\/\/news.save.ch\/de\/wp-json\/wp\/v2\/media\/16089"}],"wp:attachment":[{"href":"https:\/\/news.save.ch\/de\/wp-json\/wp\/v2\/media?parent=16736"}],"wp:term":[{"taxonomy":"category","embeddable":true,"href":"https:\/\/news.save.ch\/de\/wp-json\/wp\/v2\/categories?post=16736"},{"taxonomy":"post_tag","embeddable":true,"href":"https:\/\/news.save.ch\/de\/wp-json\/wp\/v2\/tags?post=16736"}],"curies":[{"name":"wp","href":"https:\/\/api.w.org\/{rel}","templated":true}]}}