{"id":16747,"date":"2016-05-17T10:47:08","date_gmt":"2016-05-17T08:47:08","guid":{"rendered":"http:\/\/dev.safety-plus.ch\/?p=883"},"modified":"2023-03-14T09:04:28","modified_gmt":"2023-03-14T08:04:28","slug":"neue-kampagne-gegen-e-bike-unfaelle","status":null,"type":"post","link":"https:\/\/news.save.ch\/de\/neue-kampagne-gegen-e-bike-unfaelle\/","title":{"rendered":"Neue Kampagne gegen E-Bike-Unf\u00e4lle"},"content":{"rendered":"<figure id=\"attachment_884\" aria-describedby=\"caption-attachment-884\" style=\"width: 680px\" class=\"wp-caption alignnone\"><img loading=\"lazy\" decoding=\"async\" class=\"wp-image-884 size-medium\" src=\"http:\/\/develop.safety-plus.ch\/wp-content\/uploads\/2016\/12\/Neue-Kampagne-gegen-E-Bike-Unfaelle_safety-plus.jpg\" width=\"680\" height=\"381\" \/><figcaption id=\"caption-attachment-884\" class=\"wp-caption-text\">Kurse und Plakate sollen die Unfallquote von Senioren auf E-Bikes verkleinern.<\/figcaption><\/figure>\n<p>Die unl\u00e4ngst ver\u00f6ffentlichte Verkehrsunfallstatistik 2015 hat gezeigt, dass die Anzahl der E-Bike Unf\u00e4lle erneut stark zugenommen hat. \u00dcberdurchschnittlich h\u00e4ufig verletzen sich bei diesen Unf\u00e4llen Personen \u00fcber 65 Jahre schwer.<\/p>\n<p>Die Verk\u00e4ufe von E-Bikes haben in den letzten Jahren gerade im Vergleich zu Fahrr\u00e4dern stark zugenommen. Parallel zu diesem Trend haben auch Unf\u00e4lle mit E-Bikes stark zugenommen. Von den schwer verunfallten E-Bike-Lenkenden sind 55 Prozent \u00fcber 65 Jahre alt.<\/p>\n<p>Die Kantonspolizei Z\u00fcrich ergreift nun verschiedene Massnahmen im Rahmen ihrer Kampagne &#8222;Weniger-Seniorenunf\u00e4lle&#8220;. Insbesondere sollen mit Kursen E-Bike-Lenkende auf die Besonderheiten der Elektro-Velos aufmerksam gemacht sowie in ihrer Fahrtechnik geschult werden. Zudem soll mittels Plakaten das Gefahrenbewusstsein bei allen Verkehrsteilnehmern gesch\u00e4rft werden. Ziel der mehrj\u00e4hrigen Kampagne ist die Reduktion der E-Bike-Unf\u00e4lle mit beteiligten Senioren.<\/p>\n<p><a href=\"\/e-bike\/\" target=\"_blank\" data-cke-saved-href=\"\/e-bike\/\" rel=\"noopener\">Zur Kampagnenwebsite<\/a><\/p>\n","protected":false},"excerpt":{"rendered":"<p>Die unl\u00e4ngst ver\u00f6ffentlichte Verkehrsunfallstatistik 2015 hat gezeigt, dass die Anzahl der E-Bike Unf\u00e4lle erneut stark zugenommen hat. \u00dcberdurchschnittlich h\u00e4ufig verletzen sich bei diesen Unf\u00e4llen Personen \u00fcber 65 Jahre schwer. Die Verk\u00e4ufe von E-Bikes haben in den letzten Jahren gerade im Vergleich zu Fahrr\u00e4dern stark zugenommen. Parallel zu diesem Trend haben auch Unf\u00e4lle mit E-Bikes stark [&hellip;]<\/p>\n","protected":false},"author":1,"featured_media":16103,"comment_status":"open","ping_status":"open","sticky":false,"template":"","format":"standard","meta":{"_acf_changed":false,"pgc_sgb_lightbox_settings":"","footnotes":""},"categories":[1,3314],"tags":[69,175,141],"class_list":["post-16747","post","type-post","status-publish","format-standard","has-post-thumbnail","hentry","category-allgemein","category-health-safety","tag-justiz-polizei","tag-nichtberufsunfaelle","tag-praevention"],"acf":[],"hkrextid":null,"publication":null,"issue":null,"workflow":null,"startPage":null,"spitzmarke":null,"_posts_by_tag_page_fields":{"widget_title":"","widget_tags":""},"_at_widget":"1","_yoast_wpseo_primary_category":"2","_yoast_wpseo_focuskw_text_input":"E-Bike-Unf\u00e4lle","_yoast_wpseo_opengraph-image":null,"_yoast_wpseo_opengraph-description":null,"_yoast_wpseo_opengraph-title":null,"enclosure":null,"_yoast_wpseo_twitter-title":null,"_yoast_wpseo_twitter-description":null,"_yoast_wpseo_twitter-image":null,"_wp_old_slug":null,"_yoast_wpseo_title":null,"_yoast_wpseo_canonical":null,"yoast_head":"<!-- This site is optimized with the Yoast SEO plugin v27.5 - https:\/\/yoast.com\/product\/yoast-seo-wordpress\/ -->\n<title>Neue Kampagne gegen E-Bike-Unf\u00e4lle - Save<\/title>\n<meta name=\"description\" content=\"E-Bike-Unf\u00e4lle: Immer mehr \u00e4ltere Personen verunfallen mit dem E-Bike. Eine neue Kampagne der Kantonspolizei Z\u00fcrich will diesem Trend entgegenwirken.\" \/>\n<meta name=\"robots\" content=\"index, follow, max-snippet:-1, max-image-preview:large, max-video-preview:-1\" \/>\n<link rel=\"canonical\" href=\"https:\/\/news.save.ch\/de\/neue-kampagne-gegen-e-bike-unfaelle\/\" \/>\n<meta property=\"og:locale\" content=\"de_DE\" \/>\n<meta property=\"og:type\" content=\"article\" \/>\n<meta property=\"og:title\" content=\"Neue Kampagne gegen E-Bike-Unf\u00e4lle - Save\" \/>\n<meta property=\"og:description\" content=\"E-Bike-Unf\u00e4lle: Immer mehr \u00e4ltere Personen verunfallen mit dem E-Bike. Eine neue Kampagne der Kantonspolizei Z\u00fcrich will diesem Trend entgegenwirken.\" \/>\n<meta property=\"og:url\" content=\"https:\/\/news.save.ch\/de\/neue-kampagne-gegen-e-bike-unfaelle\/\" \/>\n<meta property=\"og:site_name\" content=\"Save\" \/>\n<meta property=\"article:published_time\" content=\"2016-05-17T08:47:08+00:00\" \/>\n<meta property=\"article:modified_time\" content=\"2023-03-14T08:04:28+00:00\" \/>\n<meta property=\"og:image\" content=\"https:\/\/news.save.ch\/wp-content\/uploads\/2016\/12\/Neue-Kampagne-gegen-E-Bike-Unfaelle_safety-plus-scaled-1.jpg\" \/>\n\t<meta property=\"og:image:width\" content=\"1200\" \/>\n\t<meta property=\"og:image:height\" content=\"672\" \/>\n\t<meta property=\"og:image:type\" content=\"image\/jpeg\" \/>\n<meta name=\"author\" content=\"admin\" \/>\n<meta name=\"twitter:card\" content=\"summary_large_image\" \/>\n<meta name=\"twitter:label1\" content=\"Geschrieben von\" \/>\n\t<meta name=\"twitter:data1\" content=\"admin\" \/>\n\t<meta name=\"twitter:label2\" content=\"Gesch\u00e4tzte Lesezeit\" \/>\n\t<meta name=\"twitter:data2\" content=\"1\u00a0Minute\" \/>\n<script type=\"application\/ld+json\" class=\"yoast-schema-graph\">{\"@context\":\"https:\\\/\\\/schema.org\",\"@graph\":[{\"@type\":\"Article\",\"@id\":\"https:\\\/\\\/news.save.ch\\\/neue-kampagne-gegen-e-bike-unfaelle\\\/#article\",\"isPartOf\":{\"@id\":\"https:\\\/\\\/news.save.ch\\\/neue-kampagne-gegen-e-bike-unfaelle\\\/\"},\"author\":{\"name\":\"admin\",\"@id\":\"https:\\\/\\\/news.save.ch\\\/de\\\/#\\\/schema\\\/person\\\/d49e199490bad7c70d64b9ab51142f2b\"},\"headline\":\"Neue Kampagne gegen E-Bike-Unf\u00e4lle\",\"datePublished\":\"2016-05-17T08:47:08+00:00\",\"dateModified\":\"2023-03-14T08:04:28+00:00\",\"mainEntityOfPage\":{\"@id\":\"https:\\\/\\\/news.save.ch\\\/neue-kampagne-gegen-e-bike-unfaelle\\\/\"},\"wordCount\":155,\"commentCount\":0,\"publisher\":{\"@id\":\"https:\\\/\\\/news.save.ch\\\/de\\\/#organization\"},\"image\":{\"@id\":\"https:\\\/\\\/news.save.ch\\\/neue-kampagne-gegen-e-bike-unfaelle\\\/#primaryimage\"},\"thumbnailUrl\":\"https:\\\/\\\/news.save.ch\\\/wp-content\\\/uploads\\\/2016\\\/12\\\/Neue-Kampagne-gegen-E-Bike-Unfaelle_safety-plus-scaled-1.jpg\",\"keywords\":[\"Justiz &amp; Polizei\",\"Nichtberufsunf\u00e4lle\",\"Pr\u00e4vention\"],\"articleSection\":[\"ALLGEMEIN\",\"HEALTH &amp; SAFETY\"],\"inLanguage\":\"de\"},{\"@type\":\"WebPage\",\"@id\":\"https:\\\/\\\/news.save.ch\\\/neue-kampagne-gegen-e-bike-unfaelle\\\/\",\"url\":\"https:\\\/\\\/news.save.ch\\\/neue-kampagne-gegen-e-bike-unfaelle\\\/\",\"name\":\"Neue Kampagne gegen E-Bike-Unf\u00e4lle - Save\",\"isPartOf\":{\"@id\":\"https:\\\/\\\/news.save.ch\\\/de\\\/#website\"},\"primaryImageOfPage\":{\"@id\":\"https:\\\/\\\/news.save.ch\\\/neue-kampagne-gegen-e-bike-unfaelle\\\/#primaryimage\"},\"image\":{\"@id\":\"https:\\\/\\\/news.save.ch\\\/neue-kampagne-gegen-e-bike-unfaelle\\\/#primaryimage\"},\"thumbnailUrl\":\"https:\\\/\\\/news.save.ch\\\/wp-content\\\/uploads\\\/2016\\\/12\\\/Neue-Kampagne-gegen-E-Bike-Unfaelle_safety-plus-scaled-1.jpg\",\"datePublished\":\"2016-05-17T08:47:08+00:00\",\"dateModified\":\"2023-03-14T08:04:28+00:00\",\"description\":\"E-Bike-Unf\u00e4lle: Immer mehr \u00e4ltere Personen verunfallen mit dem E-Bike. Eine neue Kampagne der Kantonspolizei Z\u00fcrich will diesem Trend entgegenwirken.\",\"breadcrumb\":{\"@id\":\"https:\\\/\\\/news.save.ch\\\/neue-kampagne-gegen-e-bike-unfaelle\\\/#breadcrumb\"},\"inLanguage\":\"de\",\"potentialAction\":[{\"@type\":\"ReadAction\",\"target\":[\"https:\\\/\\\/news.save.ch\\\/neue-kampagne-gegen-e-bike-unfaelle\\\/\"]}]},{\"@type\":\"ImageObject\",\"inLanguage\":\"de\",\"@id\":\"https:\\\/\\\/news.save.ch\\\/neue-kampagne-gegen-e-bike-unfaelle\\\/#primaryimage\",\"url\":\"https:\\\/\\\/news.save.ch\\\/wp-content\\\/uploads\\\/2016\\\/12\\\/Neue-Kampagne-gegen-E-Bike-Unfaelle_safety-plus-scaled-1.jpg\",\"contentUrl\":\"https:\\\/\\\/news.save.ch\\\/wp-content\\\/uploads\\\/2016\\\/12\\\/Neue-Kampagne-gegen-E-Bike-Unfaelle_safety-plus-scaled-1.jpg\",\"width\":1200,\"height\":672,\"caption\":\"Kurse und Plakate sollen die Unfallquote von Senioren auf E-Bikes verkleinern.\"},{\"@type\":\"BreadcrumbList\",\"@id\":\"https:\\\/\\\/news.save.ch\\\/neue-kampagne-gegen-e-bike-unfaelle\\\/#breadcrumb\",\"itemListElement\":[{\"@type\":\"ListItem\",\"position\":1,\"name\":\"Home\",\"item\":\"https:\\\/\\\/news.save.ch\\\/de\\\/\"},{\"@type\":\"ListItem\",\"position\":2,\"name\":\"Neue Kampagne gegen E-Bike-Unf\u00e4lle\"}]},{\"@type\":\"WebSite\",\"@id\":\"https:\\\/\\\/news.save.ch\\\/de\\\/#website\",\"url\":\"https:\\\/\\\/news.save.ch\\\/de\\\/\",\"name\":\"Save\",\"description\":\"Schweizer Fachzeitschrift f\u00fcr Sicherheit\",\"publisher\":{\"@id\":\"https:\\\/\\\/news.save.ch\\\/de\\\/#organization\"},\"potentialAction\":[{\"@type\":\"SearchAction\",\"target\":{\"@type\":\"EntryPoint\",\"urlTemplate\":\"https:\\\/\\\/news.save.ch\\\/de\\\/?s={search_term_string}\"},\"query-input\":{\"@type\":\"PropertyValueSpecification\",\"valueRequired\":true,\"valueName\":\"search_term_string\"}}],\"inLanguage\":\"de\"},{\"@type\":\"Organization\",\"@id\":\"https:\\\/\\\/news.save.ch\\\/de\\\/#organization\",\"name\":\"Sicherheitsforum\",\"url\":\"https:\\\/\\\/news.save.ch\\\/de\\\/\",\"logo\":{\"@type\":\"ImageObject\",\"inLanguage\":\"de\",\"@id\":\"https:\\\/\\\/news.save.ch\\\/de\\\/#\\\/schema\\\/logo\\\/image\\\/\",\"url\":\"https:\\\/\\\/news.save.ch\\\/wp-content\\\/uploads\\\/2022\\\/06\\\/Logo_SF_2012.png\",\"contentUrl\":\"https:\\\/\\\/news.save.ch\\\/wp-content\\\/uploads\\\/2022\\\/06\\\/Logo_SF_2012.png\",\"width\":1100,\"height\":91,\"caption\":\"Sicherheitsforum\"},\"image\":{\"@id\":\"https:\\\/\\\/news.save.ch\\\/de\\\/#\\\/schema\\\/logo\\\/image\\\/\"}},{\"@type\":\"Person\",\"@id\":\"https:\\\/\\\/news.save.ch\\\/de\\\/#\\\/schema\\\/person\\\/d49e199490bad7c70d64b9ab51142f2b\",\"name\":\"admin\",\"image\":{\"@type\":\"ImageObject\",\"inLanguage\":\"de\",\"@id\":\"https:\\\/\\\/secure.gravatar.com\\\/avatar\\\/ae2f4d718e6c49043e314ce431e7e645d646302a24a5ef5a8bc8e3f5a032e319?s=96&d=mm&r=g\",\"url\":\"https:\\\/\\\/secure.gravatar.com\\\/avatar\\\/ae2f4d718e6c49043e314ce431e7e645d646302a24a5ef5a8bc8e3f5a032e319?s=96&d=mm&r=g\",\"contentUrl\":\"https:\\\/\\\/secure.gravatar.com\\\/avatar\\\/ae2f4d718e6c49043e314ce431e7e645d646302a24a5ef5a8bc8e3f5a032e319?s=96&d=mm&r=g\",\"caption\":\"admin\"},\"sameAs\":[\"https:\\\/\\\/develop.organisator.galledia.ch\"],\"url\":\"https:\\\/\\\/news.save.ch\\\/de\\\/author\\\/admin\\\/\"}]}<\/script>\n<!-- \/ Yoast SEO plugin. -->","yoast_head_json":{"title":"Neue Kampagne gegen E-Bike-Unf\u00e4lle - Save","description":"E-Bike-Unf\u00e4lle: Immer mehr \u00e4ltere Personen verunfallen mit dem E-Bike. Eine neue Kampagne der Kantonspolizei Z\u00fcrich will diesem Trend entgegenwirken.","robots":{"index":"index","follow":"follow","max-snippet":"max-snippet:-1","max-image-preview":"max-image-preview:large","max-video-preview":"max-video-preview:-1"},"canonical":"https:\/\/news.save.ch\/de\/neue-kampagne-gegen-e-bike-unfaelle\/","og_locale":"de_DE","og_type":"article","og_title":"Neue Kampagne gegen E-Bike-Unf\u00e4lle - Save","og_description":"E-Bike-Unf\u00e4lle: Immer mehr \u00e4ltere Personen verunfallen mit dem E-Bike. Eine neue Kampagne der Kantonspolizei Z\u00fcrich will diesem Trend entgegenwirken.","og_url":"https:\/\/news.save.ch\/de\/neue-kampagne-gegen-e-bike-unfaelle\/","og_site_name":"Save","article_published_time":"2016-05-17T08:47:08+00:00","article_modified_time":"2023-03-14T08:04:28+00:00","og_image":[{"width":1200,"height":672,"url":"https:\/\/news.save.ch\/wp-content\/uploads\/2016\/12\/Neue-Kampagne-gegen-E-Bike-Unfaelle_safety-plus-scaled-1.jpg","type":"image\/jpeg"}],"author":"admin","twitter_card":"summary_large_image","twitter_misc":{"Geschrieben von":"admin","Gesch\u00e4tzte Lesezeit":"1\u00a0Minute"},"schema":{"@context":"https:\/\/schema.org","@graph":[{"@type":"Article","@id":"https:\/\/news.save.ch\/neue-kampagne-gegen-e-bike-unfaelle\/#article","isPartOf":{"@id":"https:\/\/news.save.ch\/neue-kampagne-gegen-e-bike-unfaelle\/"},"author":{"name":"admin","@id":"https:\/\/news.save.ch\/de\/#\/schema\/person\/d49e199490bad7c70d64b9ab51142f2b"},"headline":"Neue Kampagne gegen E-Bike-Unf\u00e4lle","datePublished":"2016-05-17T08:47:08+00:00","dateModified":"2023-03-14T08:04:28+00:00","mainEntityOfPage":{"@id":"https:\/\/news.save.ch\/neue-kampagne-gegen-e-bike-unfaelle\/"},"wordCount":155,"commentCount":0,"publisher":{"@id":"https:\/\/news.save.ch\/de\/#organization"},"image":{"@id":"https:\/\/news.save.ch\/neue-kampagne-gegen-e-bike-unfaelle\/#primaryimage"},"thumbnailUrl":"https:\/\/news.save.ch\/wp-content\/uploads\/2016\/12\/Neue-Kampagne-gegen-E-Bike-Unfaelle_safety-plus-scaled-1.jpg","keywords":["Justiz &amp; Polizei","Nichtberufsunf\u00e4lle","Pr\u00e4vention"],"articleSection":["ALLGEMEIN","HEALTH &amp; SAFETY"],"inLanguage":"de"},{"@type":"WebPage","@id":"https:\/\/news.save.ch\/neue-kampagne-gegen-e-bike-unfaelle\/","url":"https:\/\/news.save.ch\/neue-kampagne-gegen-e-bike-unfaelle\/","name":"Neue Kampagne gegen E-Bike-Unf\u00e4lle - Save","isPartOf":{"@id":"https:\/\/news.save.ch\/de\/#website"},"primaryImageOfPage":{"@id":"https:\/\/news.save.ch\/neue-kampagne-gegen-e-bike-unfaelle\/#primaryimage"},"image":{"@id":"https:\/\/news.save.ch\/neue-kampagne-gegen-e-bike-unfaelle\/#primaryimage"},"thumbnailUrl":"https:\/\/news.save.ch\/wp-content\/uploads\/2016\/12\/Neue-Kampagne-gegen-E-Bike-Unfaelle_safety-plus-scaled-1.jpg","datePublished":"2016-05-17T08:47:08+00:00","dateModified":"2023-03-14T08:04:28+00:00","description":"E-Bike-Unf\u00e4lle: Immer mehr \u00e4ltere Personen verunfallen mit dem E-Bike. Eine neue Kampagne der Kantonspolizei Z\u00fcrich will diesem Trend entgegenwirken.","breadcrumb":{"@id":"https:\/\/news.save.ch\/neue-kampagne-gegen-e-bike-unfaelle\/#breadcrumb"},"inLanguage":"de","potentialAction":[{"@type":"ReadAction","target":["https:\/\/news.save.ch\/neue-kampagne-gegen-e-bike-unfaelle\/"]}]},{"@type":"ImageObject","inLanguage":"de","@id":"https:\/\/news.save.ch\/neue-kampagne-gegen-e-bike-unfaelle\/#primaryimage","url":"https:\/\/news.save.ch\/wp-content\/uploads\/2016\/12\/Neue-Kampagne-gegen-E-Bike-Unfaelle_safety-plus-scaled-1.jpg","contentUrl":"https:\/\/news.save.ch\/wp-content\/uploads\/2016\/12\/Neue-Kampagne-gegen-E-Bike-Unfaelle_safety-plus-scaled-1.jpg","width":1200,"height":672,"caption":"Kurse und Plakate sollen die Unfallquote von Senioren auf E-Bikes verkleinern."},{"@type":"BreadcrumbList","@id":"https:\/\/news.save.ch\/neue-kampagne-gegen-e-bike-unfaelle\/#breadcrumb","itemListElement":[{"@type":"ListItem","position":1,"name":"Home","item":"https:\/\/news.save.ch\/de\/"},{"@type":"ListItem","position":2,"name":"Neue Kampagne gegen E-Bike-Unf\u00e4lle"}]},{"@type":"WebSite","@id":"https:\/\/news.save.ch\/de\/#website","url":"https:\/\/news.save.ch\/de\/","name":"Save","description":"Schweizer Fachzeitschrift f\u00fcr Sicherheit","publisher":{"@id":"https:\/\/news.save.ch\/de\/#organization"},"potentialAction":[{"@type":"SearchAction","target":{"@type":"EntryPoint","urlTemplate":"https:\/\/news.save.ch\/de\/?s={search_term_string}"},"query-input":{"@type":"PropertyValueSpecification","valueRequired":true,"valueName":"search_term_string"}}],"inLanguage":"de"},{"@type":"Organization","@id":"https:\/\/news.save.ch\/de\/#organization","name":"Sicherheitsforum","url":"https:\/\/news.save.ch\/de\/","logo":{"@type":"ImageObject","inLanguage":"de","@id":"https:\/\/news.save.ch\/de\/#\/schema\/logo\/image\/","url":"https:\/\/news.save.ch\/wp-content\/uploads\/2022\/06\/Logo_SF_2012.png","contentUrl":"https:\/\/news.save.ch\/wp-content\/uploads\/2022\/06\/Logo_SF_2012.png","width":1100,"height":91,"caption":"Sicherheitsforum"},"image":{"@id":"https:\/\/news.save.ch\/de\/#\/schema\/logo\/image\/"}},{"@type":"Person","@id":"https:\/\/news.save.ch\/de\/#\/schema\/person\/d49e199490bad7c70d64b9ab51142f2b","name":"admin","image":{"@type":"ImageObject","inLanguage":"de","@id":"https:\/\/secure.gravatar.com\/avatar\/ae2f4d718e6c49043e314ce431e7e645d646302a24a5ef5a8bc8e3f5a032e319?s=96&d=mm&r=g","url":"https:\/\/secure.gravatar.com\/avatar\/ae2f4d718e6c49043e314ce431e7e645d646302a24a5ef5a8bc8e3f5a032e319?s=96&d=mm&r=g","contentUrl":"https:\/\/secure.gravatar.com\/avatar\/ae2f4d718e6c49043e314ce431e7e645d646302a24a5ef5a8bc8e3f5a032e319?s=96&d=mm&r=g","caption":"admin"},"sameAs":["https:\/\/develop.organisator.galledia.ch"],"url":"https:\/\/news.save.ch\/de\/author\/admin\/"}]}},"_links":{"self":[{"href":"https:\/\/news.save.ch\/de\/wp-json\/wp\/v2\/posts\/16747","targetHints":{"allow":["GET"]}}],"collection":[{"href":"https:\/\/news.save.ch\/de\/wp-json\/wp\/v2\/posts"}],"about":[{"href":"https:\/\/news.save.ch\/de\/wp-json\/wp\/v2\/types\/post"}],"author":[{"embeddable":true,"href":"https:\/\/news.save.ch\/de\/wp-json\/wp\/v2\/users\/1"}],"replies":[{"embeddable":true,"href":"https:\/\/news.save.ch\/de\/wp-json\/wp\/v2\/comments?post=16747"}],"version-history":[{"count":1,"href":"https:\/\/news.save.ch\/de\/wp-json\/wp\/v2\/posts\/16747\/revisions"}],"predecessor-version":[{"id":18974,"href":"https:\/\/news.save.ch\/de\/wp-json\/wp\/v2\/posts\/16747\/revisions\/18974"}],"wp:featuredmedia":[{"embeddable":true,"href":"https:\/\/news.save.ch\/de\/wp-json\/wp\/v2\/media\/16103"}],"wp:attachment":[{"href":"https:\/\/news.save.ch\/de\/wp-json\/wp\/v2\/media?parent=16747"}],"wp:term":[{"taxonomy":"category","embeddable":true,"href":"https:\/\/news.save.ch\/de\/wp-json\/wp\/v2\/categories?post=16747"},{"taxonomy":"post_tag","embeddable":true,"href":"https:\/\/news.save.ch\/de\/wp-json\/wp\/v2\/tags?post=16747"}],"curies":[{"name":"wp","href":"https:\/\/api.w.org\/{rel}","templated":true}]}}