{"id":16748,"date":"2016-07-08T15:51:47","date_gmt":"2016-07-08T13:51:47","guid":{"rendered":"http:\/\/dev.safety-plus.ch\/?p=947"},"modified":"2023-03-14T09:04:27","modified_gmt":"2023-03-14T08:04:27","slug":"kampagne-sicher-bergwandern","status":null,"type":"post","link":"https:\/\/news.save.ch\/de\/kampagne-sicher-bergwandern\/","title":{"rendered":"Kampagne: Sicher Bergwandern"},"content":{"rendered":"<figure id=\"attachment_949\" aria-describedby=\"caption-attachment-949\" style=\"width: 680px\" class=\"wp-caption alignnone\"><img loading=\"lazy\" decoding=\"async\" class=\"wp-image-949 size-medium\" src=\"http:\/\/develop.safety-plus.ch\/wp-content\/uploads\/2016\/12\/Kampagne-Sicher-Bergwandern_safety-plus.jpg\" width=\"680\" height=\"454\" \/><figcaption id=\"caption-attachment-949\" class=\"wp-caption-text\">Eigenverantwortung geh\u00f6rt zu jeder Wanderung.<\/figcaption><\/figure>\n<p>Wandern ist nach wie vor im Trend. Gem\u00e4ss der Erhebung von Sport Schweiz hat die Anzahl Personen, die Wandern und\/oder Bergwandern als von ihnen ausge\u00fcbte Sportarten angeben, zwischen 2008 und 2014 von 37 auf 44 Prozent der Bev\u00f6lkerung zugenommen. Wanderer sind zusammen genommen \u00fcber 160 Millionen Stunden unterwegs.<\/p>\n<p>Die Beliebtheit dieser Sportart hat allerdings auch ihre Kehrseite: Gem\u00e4ss Statistiken der bfu \u2013 Beratungsstelle f\u00fcr Unfallverh\u00fctung verletzen sich jedes Jahr rund 20\u00a0000 Personen mit Wohnsitz in der Schweiz beim Wandern und Bergwandern, fast 40 davon t\u00f6dlich. Die h\u00e4ufigsten Verletzungen ereignen sich, weil Wanderer stolpern oder ausrutschen und in die Tiefe st\u00fcrzen. Besonders gross ist das Absturzrisiko an exponierten und an rutschigen Stellen \u2013 etwa bei N\u00e4sse, auf Altschneefeldern und Eis \u2013 sowie beim Abstieg.<\/p>\n<p>Jede Wanderung erfordert ein hohes Mass an Eigenverantwortung und ein Bewusstsein f\u00fcr Gefahren. Wanderer k\u00f6nnen mit gezielten Verhaltensweisen das Absturzrisiko verringern. Die Kampagne \u00abBergwandern \u2013 aber sicher\u00bb vermittelt das n\u00f6tige Wissen bez\u00fcglich m\u00f6glicher Risiken und zeigt das richtige Verhalten beim Wandern in den Bergen auf. Bergwanderern wird empfohlen, sich bei exponierten Stellen zu konzentrieren, auf den Weg zu achten und die F\u00fcsse sicher und bewusst zu setzen. Ebenso wenig sollte man sich an solchen Stellen ablenken lassen. Wenn Gel\u00e4nder, Seile, Ketten oder \u00e4hnliches vorhanden ist, sollte man sich daran festhalten.<\/p>\n<p>Die Kampagne \u00abBergwandern \u2013 aber sicher\u00bb wurde 2013 lanciert und war urspr\u00fcnglich auf drei Jahre angelegt. Sie wird nun um drei weitere Jahre verl\u00e4ngert und setzt neu den Schwerpunkt auf das Verhalten bei m\u00f6glichen Absturzstellen. Kampagnentr\u00e4ger sind die bfu, die Schweizer Wanderwege und Seilbahnen Schweiz. Ab 2016 unterst\u00fctzt die Gesundheitsorganisation SWICA die Kampagne als Hauptsponsorin. Die Wanderer werden mit Plakaten, Flyern und Energieriegeln direkt im Bergwandergebiet angesprochen; die Webseite <a href=\"http:\/\/www.sicher-bergwandern.ch\" data-cke-saved-href=\"http:\/\/www.sicher-bergwandern.ch\">www.sicher-bergwandern.ch<\/a> bietet vertiefende Informationen sowie ein Safety Quiz, um das eigene Risikoverhalten zu analysieren.<\/p>\n<p>(Quelle: BFU)<\/p>\n","protected":false},"excerpt":{"rendered":"<p>Wandern ist nach wie vor im Trend. Gem\u00e4ss der Erhebung von Sport Schweiz hat die Anzahl Personen, die Wandern und\/oder Bergwandern als von ihnen ausge\u00fcbte Sportarten angeben, zwischen 2008 und 2014 von 37 auf 44 Prozent der Bev\u00f6lkerung zugenommen. Wanderer sind zusammen genommen \u00fcber 160 Millionen Stunden unterwegs. Die Beliebtheit dieser Sportart hat allerdings auch [&hellip;]<\/p>\n","protected":false},"author":1,"featured_media":1446,"comment_status":"open","ping_status":"open","sticky":false,"template":"","format":"standard","meta":{"_acf_changed":false,"pgc_sgb_lightbox_settings":"","footnotes":""},"categories":[1,3314],"tags":[141,176],"class_list":["post-16748","post","type-post","status-publish","format-standard","has-post-thumbnail","hentry","category-allgemein","category-health-safety","tag-praevention","tag-sportunfaelle"],"acf":[],"hkrextid":null,"publication":null,"issue":null,"workflow":null,"startPage":null,"spitzmarke":null,"_posts_by_tag_page_fields":{"widget_title":"","widget_tags":""},"_at_widget":"1","_yoast_wpseo_primary_category":"2","_yoast_wpseo_focuskw_text_input":"Bergwandern","_yoast_wpseo_opengraph-image":null,"_yoast_wpseo_opengraph-description":null,"_yoast_wpseo_opengraph-title":null,"enclosure":null,"_yoast_wpseo_twitter-title":null,"_yoast_wpseo_twitter-description":null,"_yoast_wpseo_twitter-image":null,"_wp_old_slug":null,"_yoast_wpseo_title":null,"_yoast_wpseo_canonical":null,"yoast_head":"<!-- This site is optimized with the Yoast SEO plugin v27.5 - https:\/\/yoast.com\/product\/yoast-seo-wordpress\/ -->\n<title>Kampagne: Sicher Bergwandern - Save<\/title>\n<meta name=\"description\" content=\"Bergwandern: Verletzungen und Unf\u00e4lle beim Wandern sind leider keine Seltenheit. Eine neue Kampagne will dies \u00e4ndern.\" \/>\n<meta name=\"robots\" content=\"index, follow, max-snippet:-1, max-image-preview:large, max-video-preview:-1\" \/>\n<link rel=\"canonical\" href=\"https:\/\/news.save.ch\/de\/kampagne-sicher-bergwandern\/\" \/>\n<meta property=\"og:locale\" content=\"de_DE\" \/>\n<meta property=\"og:type\" content=\"article\" \/>\n<meta property=\"og:title\" content=\"Kampagne: Sicher Bergwandern - Save\" \/>\n<meta property=\"og:description\" content=\"Bergwandern: Verletzungen und Unf\u00e4lle beim Wandern sind leider keine Seltenheit. Eine neue Kampagne will dies \u00e4ndern.\" \/>\n<meta property=\"og:url\" content=\"https:\/\/news.save.ch\/de\/kampagne-sicher-bergwandern\/\" \/>\n<meta property=\"og:site_name\" content=\"Save\" \/>\n<meta property=\"article:published_time\" content=\"2016-07-08T13:51:47+00:00\" \/>\n<meta property=\"article:modified_time\" content=\"2023-03-14T08:04:27+00:00\" \/>\n<meta property=\"og:image\" content=\"https:\/\/news.save.ch\/wp-content\/uploads\/2016\/12\/Kampagne-Sicher-Bergwandern_safety-plus.jpg\" \/>\n\t<meta property=\"og:image:width\" content=\"1000\" \/>\n\t<meta property=\"og:image:height\" content=\"667\" \/>\n\t<meta property=\"og:image:type\" content=\"image\/jpeg\" \/>\n<meta name=\"author\" content=\"admin\" \/>\n<meta name=\"twitter:card\" content=\"summary_large_image\" \/>\n<meta name=\"twitter:label1\" content=\"Geschrieben von\" \/>\n\t<meta name=\"twitter:data1\" content=\"admin\" \/>\n\t<meta name=\"twitter:label2\" content=\"Gesch\u00e4tzte Lesezeit\" \/>\n\t<meta name=\"twitter:data2\" content=\"2\u00a0Minuten\" \/>\n<script type=\"application\/ld+json\" class=\"yoast-schema-graph\">{\"@context\":\"https:\\\/\\\/schema.org\",\"@graph\":[{\"@type\":\"Article\",\"@id\":\"https:\\\/\\\/news.save.ch\\\/kampagne-sicher-bergwandern\\\/#article\",\"isPartOf\":{\"@id\":\"https:\\\/\\\/news.save.ch\\\/kampagne-sicher-bergwandern\\\/\"},\"author\":{\"name\":\"admin\",\"@id\":\"https:\\\/\\\/news.save.ch\\\/de\\\/#\\\/schema\\\/person\\\/d49e199490bad7c70d64b9ab51142f2b\"},\"headline\":\"Kampagne: Sicher Bergwandern\",\"datePublished\":\"2016-07-08T13:51:47+00:00\",\"dateModified\":\"2023-03-14T08:04:27+00:00\",\"mainEntityOfPage\":{\"@id\":\"https:\\\/\\\/news.save.ch\\\/kampagne-sicher-bergwandern\\\/\"},\"wordCount\":325,\"commentCount\":0,\"publisher\":{\"@id\":\"https:\\\/\\\/news.save.ch\\\/de\\\/#organization\"},\"image\":{\"@id\":\"https:\\\/\\\/news.save.ch\\\/kampagne-sicher-bergwandern\\\/#primaryimage\"},\"thumbnailUrl\":\"https:\\\/\\\/news.save.ch\\\/wp-content\\\/uploads\\\/2016\\\/12\\\/Kampagne-Sicher-Bergwandern_safety-plus.jpg\",\"keywords\":[\"Pr\u00e4vention\",\"Sportunf\u00e4lle\"],\"articleSection\":[\"ALLGEMEIN\",\"HEALTH &amp; SAFETY\"],\"inLanguage\":\"de\"},{\"@type\":\"WebPage\",\"@id\":\"https:\\\/\\\/news.save.ch\\\/kampagne-sicher-bergwandern\\\/\",\"url\":\"https:\\\/\\\/news.save.ch\\\/kampagne-sicher-bergwandern\\\/\",\"name\":\"Kampagne: Sicher Bergwandern - Save\",\"isPartOf\":{\"@id\":\"https:\\\/\\\/news.save.ch\\\/de\\\/#website\"},\"primaryImageOfPage\":{\"@id\":\"https:\\\/\\\/news.save.ch\\\/kampagne-sicher-bergwandern\\\/#primaryimage\"},\"image\":{\"@id\":\"https:\\\/\\\/news.save.ch\\\/kampagne-sicher-bergwandern\\\/#primaryimage\"},\"thumbnailUrl\":\"https:\\\/\\\/news.save.ch\\\/wp-content\\\/uploads\\\/2016\\\/12\\\/Kampagne-Sicher-Bergwandern_safety-plus.jpg\",\"datePublished\":\"2016-07-08T13:51:47+00:00\",\"dateModified\":\"2023-03-14T08:04:27+00:00\",\"description\":\"Bergwandern: Verletzungen und Unf\u00e4lle beim Wandern sind leider keine Seltenheit. Eine neue Kampagne will dies \u00e4ndern.\",\"breadcrumb\":{\"@id\":\"https:\\\/\\\/news.save.ch\\\/kampagne-sicher-bergwandern\\\/#breadcrumb\"},\"inLanguage\":\"de\",\"potentialAction\":[{\"@type\":\"ReadAction\",\"target\":[\"https:\\\/\\\/news.save.ch\\\/kampagne-sicher-bergwandern\\\/\"]}]},{\"@type\":\"ImageObject\",\"inLanguage\":\"de\",\"@id\":\"https:\\\/\\\/news.save.ch\\\/kampagne-sicher-bergwandern\\\/#primaryimage\",\"url\":\"https:\\\/\\\/news.save.ch\\\/wp-content\\\/uploads\\\/2016\\\/12\\\/Kampagne-Sicher-Bergwandern_safety-plus.jpg\",\"contentUrl\":\"https:\\\/\\\/news.save.ch\\\/wp-content\\\/uploads\\\/2016\\\/12\\\/Kampagne-Sicher-Bergwandern_safety-plus.jpg\",\"width\":1000,\"height\":667,\"caption\":\"Eigenverantwortung geh\u00f6rt zu jeder Wanderung.\"},{\"@type\":\"BreadcrumbList\",\"@id\":\"https:\\\/\\\/news.save.ch\\\/kampagne-sicher-bergwandern\\\/#breadcrumb\",\"itemListElement\":[{\"@type\":\"ListItem\",\"position\":1,\"name\":\"Home\",\"item\":\"https:\\\/\\\/news.save.ch\\\/de\\\/\"},{\"@type\":\"ListItem\",\"position\":2,\"name\":\"Kampagne: Sicher Bergwandern\"}]},{\"@type\":\"WebSite\",\"@id\":\"https:\\\/\\\/news.save.ch\\\/de\\\/#website\",\"url\":\"https:\\\/\\\/news.save.ch\\\/de\\\/\",\"name\":\"Save\",\"description\":\"Schweizer Fachzeitschrift f\u00fcr Sicherheit\",\"publisher\":{\"@id\":\"https:\\\/\\\/news.save.ch\\\/de\\\/#organization\"},\"potentialAction\":[{\"@type\":\"SearchAction\",\"target\":{\"@type\":\"EntryPoint\",\"urlTemplate\":\"https:\\\/\\\/news.save.ch\\\/de\\\/?s={search_term_string}\"},\"query-input\":{\"@type\":\"PropertyValueSpecification\",\"valueRequired\":true,\"valueName\":\"search_term_string\"}}],\"inLanguage\":\"de\"},{\"@type\":\"Organization\",\"@id\":\"https:\\\/\\\/news.save.ch\\\/de\\\/#organization\",\"name\":\"Sicherheitsforum\",\"url\":\"https:\\\/\\\/news.save.ch\\\/de\\\/\",\"logo\":{\"@type\":\"ImageObject\",\"inLanguage\":\"de\",\"@id\":\"https:\\\/\\\/news.save.ch\\\/de\\\/#\\\/schema\\\/logo\\\/image\\\/\",\"url\":\"https:\\\/\\\/news.save.ch\\\/wp-content\\\/uploads\\\/2022\\\/06\\\/Logo_SF_2012.png\",\"contentUrl\":\"https:\\\/\\\/news.save.ch\\\/wp-content\\\/uploads\\\/2022\\\/06\\\/Logo_SF_2012.png\",\"width\":1100,\"height\":91,\"caption\":\"Sicherheitsforum\"},\"image\":{\"@id\":\"https:\\\/\\\/news.save.ch\\\/de\\\/#\\\/schema\\\/logo\\\/image\\\/\"}},{\"@type\":\"Person\",\"@id\":\"https:\\\/\\\/news.save.ch\\\/de\\\/#\\\/schema\\\/person\\\/d49e199490bad7c70d64b9ab51142f2b\",\"name\":\"admin\",\"image\":{\"@type\":\"ImageObject\",\"inLanguage\":\"de\",\"@id\":\"https:\\\/\\\/secure.gravatar.com\\\/avatar\\\/ae2f4d718e6c49043e314ce431e7e645d646302a24a5ef5a8bc8e3f5a032e319?s=96&d=mm&r=g\",\"url\":\"https:\\\/\\\/secure.gravatar.com\\\/avatar\\\/ae2f4d718e6c49043e314ce431e7e645d646302a24a5ef5a8bc8e3f5a032e319?s=96&d=mm&r=g\",\"contentUrl\":\"https:\\\/\\\/secure.gravatar.com\\\/avatar\\\/ae2f4d718e6c49043e314ce431e7e645d646302a24a5ef5a8bc8e3f5a032e319?s=96&d=mm&r=g\",\"caption\":\"admin\"},\"sameAs\":[\"https:\\\/\\\/develop.organisator.galledia.ch\"],\"url\":\"https:\\\/\\\/news.save.ch\\\/de\\\/author\\\/admin\\\/\"}]}<\/script>\n<!-- \/ Yoast SEO plugin. -->","yoast_head_json":{"title":"Kampagne: Sicher Bergwandern - Save","description":"Bergwandern: Verletzungen und Unf\u00e4lle beim Wandern sind leider keine Seltenheit. Eine neue Kampagne will dies \u00e4ndern.","robots":{"index":"index","follow":"follow","max-snippet":"max-snippet:-1","max-image-preview":"max-image-preview:large","max-video-preview":"max-video-preview:-1"},"canonical":"https:\/\/news.save.ch\/de\/kampagne-sicher-bergwandern\/","og_locale":"de_DE","og_type":"article","og_title":"Kampagne: Sicher Bergwandern - Save","og_description":"Bergwandern: Verletzungen und Unf\u00e4lle beim Wandern sind leider keine Seltenheit. Eine neue Kampagne will dies \u00e4ndern.","og_url":"https:\/\/news.save.ch\/de\/kampagne-sicher-bergwandern\/","og_site_name":"Save","article_published_time":"2016-07-08T13:51:47+00:00","article_modified_time":"2023-03-14T08:04:27+00:00","og_image":[{"width":1000,"height":667,"url":"https:\/\/news.save.ch\/wp-content\/uploads\/2016\/12\/Kampagne-Sicher-Bergwandern_safety-plus.jpg","type":"image\/jpeg"}],"author":"admin","twitter_card":"summary_large_image","twitter_misc":{"Geschrieben von":"admin","Gesch\u00e4tzte Lesezeit":"2\u00a0Minuten"},"schema":{"@context":"https:\/\/schema.org","@graph":[{"@type":"Article","@id":"https:\/\/news.save.ch\/kampagne-sicher-bergwandern\/#article","isPartOf":{"@id":"https:\/\/news.save.ch\/kampagne-sicher-bergwandern\/"},"author":{"name":"admin","@id":"https:\/\/news.save.ch\/de\/#\/schema\/person\/d49e199490bad7c70d64b9ab51142f2b"},"headline":"Kampagne: Sicher Bergwandern","datePublished":"2016-07-08T13:51:47+00:00","dateModified":"2023-03-14T08:04:27+00:00","mainEntityOfPage":{"@id":"https:\/\/news.save.ch\/kampagne-sicher-bergwandern\/"},"wordCount":325,"commentCount":0,"publisher":{"@id":"https:\/\/news.save.ch\/de\/#organization"},"image":{"@id":"https:\/\/news.save.ch\/kampagne-sicher-bergwandern\/#primaryimage"},"thumbnailUrl":"https:\/\/news.save.ch\/wp-content\/uploads\/2016\/12\/Kampagne-Sicher-Bergwandern_safety-plus.jpg","keywords":["Pr\u00e4vention","Sportunf\u00e4lle"],"articleSection":["ALLGEMEIN","HEALTH &amp; SAFETY"],"inLanguage":"de"},{"@type":"WebPage","@id":"https:\/\/news.save.ch\/kampagne-sicher-bergwandern\/","url":"https:\/\/news.save.ch\/kampagne-sicher-bergwandern\/","name":"Kampagne: Sicher Bergwandern - Save","isPartOf":{"@id":"https:\/\/news.save.ch\/de\/#website"},"primaryImageOfPage":{"@id":"https:\/\/news.save.ch\/kampagne-sicher-bergwandern\/#primaryimage"},"image":{"@id":"https:\/\/news.save.ch\/kampagne-sicher-bergwandern\/#primaryimage"},"thumbnailUrl":"https:\/\/news.save.ch\/wp-content\/uploads\/2016\/12\/Kampagne-Sicher-Bergwandern_safety-plus.jpg","datePublished":"2016-07-08T13:51:47+00:00","dateModified":"2023-03-14T08:04:27+00:00","description":"Bergwandern: Verletzungen und Unf\u00e4lle beim Wandern sind leider keine Seltenheit. Eine neue Kampagne will dies \u00e4ndern.","breadcrumb":{"@id":"https:\/\/news.save.ch\/kampagne-sicher-bergwandern\/#breadcrumb"},"inLanguage":"de","potentialAction":[{"@type":"ReadAction","target":["https:\/\/news.save.ch\/kampagne-sicher-bergwandern\/"]}]},{"@type":"ImageObject","inLanguage":"de","@id":"https:\/\/news.save.ch\/kampagne-sicher-bergwandern\/#primaryimage","url":"https:\/\/news.save.ch\/wp-content\/uploads\/2016\/12\/Kampagne-Sicher-Bergwandern_safety-plus.jpg","contentUrl":"https:\/\/news.save.ch\/wp-content\/uploads\/2016\/12\/Kampagne-Sicher-Bergwandern_safety-plus.jpg","width":1000,"height":667,"caption":"Eigenverantwortung geh\u00f6rt zu jeder Wanderung."},{"@type":"BreadcrumbList","@id":"https:\/\/news.save.ch\/kampagne-sicher-bergwandern\/#breadcrumb","itemListElement":[{"@type":"ListItem","position":1,"name":"Home","item":"https:\/\/news.save.ch\/de\/"},{"@type":"ListItem","position":2,"name":"Kampagne: Sicher Bergwandern"}]},{"@type":"WebSite","@id":"https:\/\/news.save.ch\/de\/#website","url":"https:\/\/news.save.ch\/de\/","name":"Save","description":"Schweizer Fachzeitschrift f\u00fcr Sicherheit","publisher":{"@id":"https:\/\/news.save.ch\/de\/#organization"},"potentialAction":[{"@type":"SearchAction","target":{"@type":"EntryPoint","urlTemplate":"https:\/\/news.save.ch\/de\/?s={search_term_string}"},"query-input":{"@type":"PropertyValueSpecification","valueRequired":true,"valueName":"search_term_string"}}],"inLanguage":"de"},{"@type":"Organization","@id":"https:\/\/news.save.ch\/de\/#organization","name":"Sicherheitsforum","url":"https:\/\/news.save.ch\/de\/","logo":{"@type":"ImageObject","inLanguage":"de","@id":"https:\/\/news.save.ch\/de\/#\/schema\/logo\/image\/","url":"https:\/\/news.save.ch\/wp-content\/uploads\/2022\/06\/Logo_SF_2012.png","contentUrl":"https:\/\/news.save.ch\/wp-content\/uploads\/2022\/06\/Logo_SF_2012.png","width":1100,"height":91,"caption":"Sicherheitsforum"},"image":{"@id":"https:\/\/news.save.ch\/de\/#\/schema\/logo\/image\/"}},{"@type":"Person","@id":"https:\/\/news.save.ch\/de\/#\/schema\/person\/d49e199490bad7c70d64b9ab51142f2b","name":"admin","image":{"@type":"ImageObject","inLanguage":"de","@id":"https:\/\/secure.gravatar.com\/avatar\/ae2f4d718e6c49043e314ce431e7e645d646302a24a5ef5a8bc8e3f5a032e319?s=96&d=mm&r=g","url":"https:\/\/secure.gravatar.com\/avatar\/ae2f4d718e6c49043e314ce431e7e645d646302a24a5ef5a8bc8e3f5a032e319?s=96&d=mm&r=g","contentUrl":"https:\/\/secure.gravatar.com\/avatar\/ae2f4d718e6c49043e314ce431e7e645d646302a24a5ef5a8bc8e3f5a032e319?s=96&d=mm&r=g","caption":"admin"},"sameAs":["https:\/\/develop.organisator.galledia.ch"],"url":"https:\/\/news.save.ch\/de\/author\/admin\/"}]}},"_links":{"self":[{"href":"https:\/\/news.save.ch\/de\/wp-json\/wp\/v2\/posts\/16748","targetHints":{"allow":["GET"]}}],"collection":[{"href":"https:\/\/news.save.ch\/de\/wp-json\/wp\/v2\/posts"}],"about":[{"href":"https:\/\/news.save.ch\/de\/wp-json\/wp\/v2\/types\/post"}],"author":[{"embeddable":true,"href":"https:\/\/news.save.ch\/de\/wp-json\/wp\/v2\/users\/1"}],"replies":[{"embeddable":true,"href":"https:\/\/news.save.ch\/de\/wp-json\/wp\/v2\/comments?post=16748"}],"version-history":[{"count":1,"href":"https:\/\/news.save.ch\/de\/wp-json\/wp\/v2\/posts\/16748\/revisions"}],"predecessor-version":[{"id":18972,"href":"https:\/\/news.save.ch\/de\/wp-json\/wp\/v2\/posts\/16748\/revisions\/18972"}],"wp:featuredmedia":[{"embeddable":true,"href":"https:\/\/news.save.ch\/de\/wp-json\/wp\/v2\/media\/1446"}],"wp:attachment":[{"href":"https:\/\/news.save.ch\/de\/wp-json\/wp\/v2\/media?parent=16748"}],"wp:term":[{"taxonomy":"category","embeddable":true,"href":"https:\/\/news.save.ch\/de\/wp-json\/wp\/v2\/categories?post=16748"},{"taxonomy":"post_tag","embeddable":true,"href":"https:\/\/news.save.ch\/de\/wp-json\/wp\/v2\/tags?post=16748"}],"curies":[{"name":"wp","href":"https:\/\/api.w.org\/{rel}","templated":true}]}}