{"id":16750,"date":"2016-05-31T10:58:52","date_gmt":"2016-05-31T08:58:52","guid":{"rendered":"http:\/\/dev.safety-plus.ch\/?p=898"},"modified":"2023-03-14T09:05:37","modified_gmt":"2023-03-14T08:05:37","slug":"ostschweiz-will-psychische-gesundheit-bei-der-arbeit-foerdern","status":null,"type":"post","link":"https:\/\/news.save.ch\/de\/ostschweiz-will-psychische-gesundheit-bei-der-arbeit-foerdern\/","title":{"rendered":"Ostschweiz will psychische Gesundheit bei der Arbeit f\u00f6rdern"},"content":{"rendered":"<figure id=\"attachment_899\" aria-describedby=\"caption-attachment-899\" style=\"width: 680px\" class=\"wp-caption alignnone\"><img loading=\"lazy\" decoding=\"async\" class=\"wp-image-899 size-medium\" src=\"http:\/\/develop.safety-plus.ch\/wp-content\/uploads\/2016\/12\/Ostschweiz-will-psychische-Gesundheit-bei-der-Arbeit-foerdern_safety-plus.jpg\" width=\"680\" height=\"931\" \/><figcaption id=\"caption-attachment-899\" class=\"wp-caption-text\">Die Kampagne &#8222;Alles im gr\u00fcnen Bereich&#8220; bietet Ostschweizer Unternehmen Materialien, um die psychische Gesundheit ihrer Mitarbeitenden zu f\u00f6rdern.<\/figcaption><\/figure>\n<p>Psychische Erkrankungen belasten die Betroffenen und ihr Umfeld, die Unternehmen und die Volkswirtschaft. Das Forum BGM Ostschweiz und das Ostschweizer Forum f\u00fcr Psychische Gesundheit haben sich gemeinsam zum Ziel gesetzt, Unternehmen und Organisationen bei der F\u00f6rderung von psychischer Gesundheit und bei der Fr\u00fcherkennung von psychischen Krankheiten mit <a href=\"http:\/\/www.psyche-und-arbeit.ch\/\" target=\"_blank\" data-cke-saved-href=\"http:\/\/www.psyche-und-arbeit.ch\/\" rel=\"noopener\">einer Kampagne<\/a> zu unterst\u00fctzen.<\/p>\n<p>Die Kampagne m\u00f6chte die Besch\u00e4ftigten darin best\u00e4rken, selbstbestimmt f\u00fcr ihre psychische Gesundheit zu sorgen. F\u00fchrungspersonen erhalten Informationen, wie sie die psychische Gesundheit ihrer Mitarbeitenden erhalten und f\u00f6rdern k\u00f6nnen, welche Verantwortung der Betrieb tr\u00e4gt und wie sie angemessen reagieren k\u00f6nnen.<\/p>\n<p>Informationsbl\u00e4tter und Vorlagen unterst\u00fctzen\u00a0F\u00fchrungskr\u00e4fte in der Umsetzung, bei der Fr\u00fcherkennung von psychischen Erkrankungen von Mitarbeitenden und bei einer wirksamen Intervention. Dabei\u00a0 wird auch aufgezeigt, wie die betrieblichen Bedingungen in Bezug auf psychische Gesundheit optimiert werden k\u00f6nnen, z.B. durch die Einf\u00fchrung eines Betrieblichen Gesundheitsmanagements.<\/p>\n<p>Begleitend stehen \u00f6ffentliche Schulungen im Angebot. Auf Wunsch sind auch betriebsintern Schulungen und Referate m\u00f6glich.<\/p>\n<p>Die Unternehmen im Einzugsgebiet der beiden Foren (Kantone AI, AR, SG sowie F\u00fcrstentum Liechtenstein) k\u00f6nnen maximal 500 Brosch\u00fcren und Giveaways f\u00fcr Mitarbeitende <a href=\"http:\/\/www.zepra.info\/material-psychische-gesundheit-beim-arbeiten.html\" target=\"_blank\" data-cke-saved-href=\"http:\/\/www.zepra.info\/material-psychische-gesundheit-beim-arbeiten.html\" rel=\"noopener\">kostenlos beziehen<\/a> (solange Vorrat). Weitere Exemplare werden zum Selbstkostenpreis abgegeben. Pro F\u00fchrungsperson ist eine Sammelmappe in der Regel kostenlos.<\/p>\n","protected":false},"excerpt":{"rendered":"<p>Psychische Erkrankungen belasten die Betroffenen und ihr Umfeld, die Unternehmen und die Volkswirtschaft. Das Forum BGM Ostschweiz und das Ostschweizer Forum f\u00fcr Psychische Gesundheit haben sich gemeinsam zum Ziel gesetzt, Unternehmen und Organisationen bei der F\u00f6rderung von psychischer Gesundheit und bei der Fr\u00fcherkennung von psychischen Krankheiten mit einer Kampagne zu unterst\u00fctzen. Die Kampagne m\u00f6chte die [&hellip;]<\/p>\n","protected":false},"author":1,"featured_media":16107,"comment_status":"open","ping_status":"open","sticky":false,"template":"","format":"standard","meta":{"_acf_changed":false,"pgc_sgb_lightbox_settings":"","footnotes":""},"categories":[3314],"tags":[1775,141,2729],"class_list":["post-16750","post","type-post","status-publish","format-standard","has-post-thumbnail","hentry","category-health-safety","tag-betriebliches-gesundheitsmanagement","tag-praevention","tag-psychische-gesundheit"],"acf":[],"hkrextid":null,"publication":null,"issue":null,"workflow":null,"startPage":null,"spitzmarke":null,"_posts_by_tag_page_fields":{"widget_title":"","widget_tags":""},"_at_widget":"1","_yoast_wpseo_primary_category":"2","_yoast_wpseo_focuskw_text_input":"psychische Gesundheit","_yoast_wpseo_opengraph-image":null,"_yoast_wpseo_opengraph-description":null,"_yoast_wpseo_opengraph-title":null,"enclosure":null,"_yoast_wpseo_twitter-title":null,"_yoast_wpseo_twitter-description":null,"_yoast_wpseo_twitter-image":null,"_wp_old_slug":null,"_yoast_wpseo_title":null,"_yoast_wpseo_canonical":null,"yoast_head":"<!-- This site is optimized with the Yoast SEO plugin v27.5 - https:\/\/yoast.com\/product\/yoast-seo-wordpress\/ -->\n<title>Ostschweiz will psychische Gesundheit bei der Arbeit f\u00f6rdern - Save<\/title>\n<meta name=\"description\" content=\"Eine neue Kampagne unterst\u00fctzt Unternehmen dabei, sich in Bezug auf psychische Gesundheit ihrer Mitarbeitenden zu optimieren.\" \/>\n<meta name=\"robots\" content=\"index, follow, max-snippet:-1, max-image-preview:large, max-video-preview:-1\" \/>\n<link rel=\"canonical\" href=\"https:\/\/news.save.ch\/de\/ostschweiz-will-psychische-gesundheit-bei-der-arbeit-foerdern\/\" \/>\n<meta property=\"og:locale\" content=\"de_DE\" \/>\n<meta property=\"og:type\" content=\"article\" \/>\n<meta property=\"og:title\" content=\"Ostschweiz will psychische Gesundheit bei der Arbeit f\u00f6rdern - Save\" \/>\n<meta property=\"og:description\" content=\"Eine neue Kampagne unterst\u00fctzt Unternehmen dabei, sich in Bezug auf psychische Gesundheit ihrer Mitarbeitenden zu optimieren.\" \/>\n<meta property=\"og:url\" content=\"https:\/\/news.save.ch\/de\/ostschweiz-will-psychische-gesundheit-bei-der-arbeit-foerdern\/\" \/>\n<meta property=\"og:site_name\" content=\"Save\" \/>\n<meta property=\"article:published_time\" content=\"2016-05-31T08:58:52+00:00\" \/>\n<meta property=\"article:modified_time\" content=\"2023-03-14T08:05:37+00:00\" \/>\n<meta property=\"og:image\" content=\"https:\/\/news.save.ch\/wp-content\/uploads\/2016\/12\/Ostschweiz-will-psychische-Gesundheit-bei-der-Arbeit-foerdern_safety-plus.jpg\" \/>\n\t<meta property=\"og:image:width\" content=\"876\" \/>\n\t<meta property=\"og:image:height\" content=\"1200\" \/>\n\t<meta property=\"og:image:type\" content=\"image\/jpeg\" \/>\n<meta name=\"author\" content=\"admin\" \/>\n<meta name=\"twitter:card\" content=\"summary_large_image\" \/>\n<meta name=\"twitter:label1\" content=\"Geschrieben von\" \/>\n\t<meta name=\"twitter:data1\" content=\"admin\" \/>\n\t<meta name=\"twitter:label2\" content=\"Gesch\u00e4tzte Lesezeit\" \/>\n\t<meta name=\"twitter:data2\" content=\"1\u00a0Minute\" \/>\n<script type=\"application\/ld+json\" class=\"yoast-schema-graph\">{\"@context\":\"https:\\\/\\\/schema.org\",\"@graph\":[{\"@type\":\"Article\",\"@id\":\"https:\\\/\\\/news.save.ch\\\/ostschweiz-will-psychische-gesundheit-bei-der-arbeit-foerdern\\\/#article\",\"isPartOf\":{\"@id\":\"https:\\\/\\\/news.save.ch\\\/ostschweiz-will-psychische-gesundheit-bei-der-arbeit-foerdern\\\/\"},\"author\":{\"name\":\"admin\",\"@id\":\"https:\\\/\\\/news.save.ch\\\/de\\\/#\\\/schema\\\/person\\\/d49e199490bad7c70d64b9ab51142f2b\"},\"headline\":\"Ostschweiz will psychische Gesundheit bei der Arbeit f\u00f6rdern\",\"datePublished\":\"2016-05-31T08:58:52+00:00\",\"dateModified\":\"2023-03-14T08:05:37+00:00\",\"mainEntityOfPage\":{\"@id\":\"https:\\\/\\\/news.save.ch\\\/ostschweiz-will-psychische-gesundheit-bei-der-arbeit-foerdern\\\/\"},\"wordCount\":252,\"commentCount\":0,\"publisher\":{\"@id\":\"https:\\\/\\\/news.save.ch\\\/de\\\/#organization\"},\"image\":{\"@id\":\"https:\\\/\\\/news.save.ch\\\/ostschweiz-will-psychische-gesundheit-bei-der-arbeit-foerdern\\\/#primaryimage\"},\"thumbnailUrl\":\"https:\\\/\\\/news.save.ch\\\/wp-content\\\/uploads\\\/2016\\\/12\\\/Ostschweiz-will-psychische-Gesundheit-bei-der-Arbeit-foerdern_safety-plus.jpg\",\"keywords\":[\"Betriebliches Gesundheitsmanagement\",\"Pr\u00e4vention\",\"Psychische Gesundheit\"],\"articleSection\":[\"HEALTH &amp; SAFETY\"],\"inLanguage\":\"de\"},{\"@type\":\"WebPage\",\"@id\":\"https:\\\/\\\/news.save.ch\\\/ostschweiz-will-psychische-gesundheit-bei-der-arbeit-foerdern\\\/\",\"url\":\"https:\\\/\\\/news.save.ch\\\/ostschweiz-will-psychische-gesundheit-bei-der-arbeit-foerdern\\\/\",\"name\":\"Ostschweiz will psychische Gesundheit bei der Arbeit f\u00f6rdern - Save\",\"isPartOf\":{\"@id\":\"https:\\\/\\\/news.save.ch\\\/de\\\/#website\"},\"primaryImageOfPage\":{\"@id\":\"https:\\\/\\\/news.save.ch\\\/ostschweiz-will-psychische-gesundheit-bei-der-arbeit-foerdern\\\/#primaryimage\"},\"image\":{\"@id\":\"https:\\\/\\\/news.save.ch\\\/ostschweiz-will-psychische-gesundheit-bei-der-arbeit-foerdern\\\/#primaryimage\"},\"thumbnailUrl\":\"https:\\\/\\\/news.save.ch\\\/wp-content\\\/uploads\\\/2016\\\/12\\\/Ostschweiz-will-psychische-Gesundheit-bei-der-Arbeit-foerdern_safety-plus.jpg\",\"datePublished\":\"2016-05-31T08:58:52+00:00\",\"dateModified\":\"2023-03-14T08:05:37+00:00\",\"description\":\"Eine neue Kampagne unterst\u00fctzt Unternehmen dabei, sich in Bezug auf psychische Gesundheit ihrer Mitarbeitenden zu optimieren.\",\"breadcrumb\":{\"@id\":\"https:\\\/\\\/news.save.ch\\\/ostschweiz-will-psychische-gesundheit-bei-der-arbeit-foerdern\\\/#breadcrumb\"},\"inLanguage\":\"de\",\"potentialAction\":[{\"@type\":\"ReadAction\",\"target\":[\"https:\\\/\\\/news.save.ch\\\/ostschweiz-will-psychische-gesundheit-bei-der-arbeit-foerdern\\\/\"]}]},{\"@type\":\"ImageObject\",\"inLanguage\":\"de\",\"@id\":\"https:\\\/\\\/news.save.ch\\\/ostschweiz-will-psychische-gesundheit-bei-der-arbeit-foerdern\\\/#primaryimage\",\"url\":\"https:\\\/\\\/news.save.ch\\\/wp-content\\\/uploads\\\/2016\\\/12\\\/Ostschweiz-will-psychische-Gesundheit-bei-der-Arbeit-foerdern_safety-plus.jpg\",\"contentUrl\":\"https:\\\/\\\/news.save.ch\\\/wp-content\\\/uploads\\\/2016\\\/12\\\/Ostschweiz-will-psychische-Gesundheit-bei-der-Arbeit-foerdern_safety-plus.jpg\",\"width\":876,\"height\":1200,\"caption\":\"Die Kampagne \\\"Alles im gr\u00fcnen Bereich\\\" bietet Ostschweizer Unternehmen Materialien, um die psychische Gesundheit ihrer Mitarbeitenden zu f\u00f6rdern.\"},{\"@type\":\"BreadcrumbList\",\"@id\":\"https:\\\/\\\/news.save.ch\\\/ostschweiz-will-psychische-gesundheit-bei-der-arbeit-foerdern\\\/#breadcrumb\",\"itemListElement\":[{\"@type\":\"ListItem\",\"position\":1,\"name\":\"Home\",\"item\":\"https:\\\/\\\/news.save.ch\\\/de\\\/\"},{\"@type\":\"ListItem\",\"position\":2,\"name\":\"Ostschweiz will psychische Gesundheit bei der Arbeit f\u00f6rdern\"}]},{\"@type\":\"WebSite\",\"@id\":\"https:\\\/\\\/news.save.ch\\\/de\\\/#website\",\"url\":\"https:\\\/\\\/news.save.ch\\\/de\\\/\",\"name\":\"Save\",\"description\":\"Schweizer Fachzeitschrift f\u00fcr Sicherheit\",\"publisher\":{\"@id\":\"https:\\\/\\\/news.save.ch\\\/de\\\/#organization\"},\"potentialAction\":[{\"@type\":\"SearchAction\",\"target\":{\"@type\":\"EntryPoint\",\"urlTemplate\":\"https:\\\/\\\/news.save.ch\\\/de\\\/?s={search_term_string}\"},\"query-input\":{\"@type\":\"PropertyValueSpecification\",\"valueRequired\":true,\"valueName\":\"search_term_string\"}}],\"inLanguage\":\"de\"},{\"@type\":\"Organization\",\"@id\":\"https:\\\/\\\/news.save.ch\\\/de\\\/#organization\",\"name\":\"Sicherheitsforum\",\"url\":\"https:\\\/\\\/news.save.ch\\\/de\\\/\",\"logo\":{\"@type\":\"ImageObject\",\"inLanguage\":\"de\",\"@id\":\"https:\\\/\\\/news.save.ch\\\/de\\\/#\\\/schema\\\/logo\\\/image\\\/\",\"url\":\"https:\\\/\\\/news.save.ch\\\/wp-content\\\/uploads\\\/2022\\\/06\\\/Logo_SF_2012.png\",\"contentUrl\":\"https:\\\/\\\/news.save.ch\\\/wp-content\\\/uploads\\\/2022\\\/06\\\/Logo_SF_2012.png\",\"width\":1100,\"height\":91,\"caption\":\"Sicherheitsforum\"},\"image\":{\"@id\":\"https:\\\/\\\/news.save.ch\\\/de\\\/#\\\/schema\\\/logo\\\/image\\\/\"}},{\"@type\":\"Person\",\"@id\":\"https:\\\/\\\/news.save.ch\\\/de\\\/#\\\/schema\\\/person\\\/d49e199490bad7c70d64b9ab51142f2b\",\"name\":\"admin\",\"image\":{\"@type\":\"ImageObject\",\"inLanguage\":\"de\",\"@id\":\"https:\\\/\\\/secure.gravatar.com\\\/avatar\\\/ae2f4d718e6c49043e314ce431e7e645d646302a24a5ef5a8bc8e3f5a032e319?s=96&d=mm&r=g\",\"url\":\"https:\\\/\\\/secure.gravatar.com\\\/avatar\\\/ae2f4d718e6c49043e314ce431e7e645d646302a24a5ef5a8bc8e3f5a032e319?s=96&d=mm&r=g\",\"contentUrl\":\"https:\\\/\\\/secure.gravatar.com\\\/avatar\\\/ae2f4d718e6c49043e314ce431e7e645d646302a24a5ef5a8bc8e3f5a032e319?s=96&d=mm&r=g\",\"caption\":\"admin\"},\"sameAs\":[\"https:\\\/\\\/develop.organisator.galledia.ch\"],\"url\":\"https:\\\/\\\/news.save.ch\\\/de\\\/author\\\/admin\\\/\"}]}<\/script>\n<!-- \/ Yoast SEO plugin. -->","yoast_head_json":{"title":"Ostschweiz will psychische Gesundheit bei der Arbeit f\u00f6rdern - Save","description":"Eine neue Kampagne unterst\u00fctzt Unternehmen dabei, sich in Bezug auf psychische Gesundheit ihrer Mitarbeitenden zu optimieren.","robots":{"index":"index","follow":"follow","max-snippet":"max-snippet:-1","max-image-preview":"max-image-preview:large","max-video-preview":"max-video-preview:-1"},"canonical":"https:\/\/news.save.ch\/de\/ostschweiz-will-psychische-gesundheit-bei-der-arbeit-foerdern\/","og_locale":"de_DE","og_type":"article","og_title":"Ostschweiz will psychische Gesundheit bei der Arbeit f\u00f6rdern - Save","og_description":"Eine neue Kampagne unterst\u00fctzt Unternehmen dabei, sich in Bezug auf psychische Gesundheit ihrer Mitarbeitenden zu optimieren.","og_url":"https:\/\/news.save.ch\/de\/ostschweiz-will-psychische-gesundheit-bei-der-arbeit-foerdern\/","og_site_name":"Save","article_published_time":"2016-05-31T08:58:52+00:00","article_modified_time":"2023-03-14T08:05:37+00:00","og_image":[{"width":876,"height":1200,"url":"https:\/\/news.save.ch\/wp-content\/uploads\/2016\/12\/Ostschweiz-will-psychische-Gesundheit-bei-der-Arbeit-foerdern_safety-plus.jpg","type":"image\/jpeg"}],"author":"admin","twitter_card":"summary_large_image","twitter_misc":{"Geschrieben von":"admin","Gesch\u00e4tzte Lesezeit":"1\u00a0Minute"},"schema":{"@context":"https:\/\/schema.org","@graph":[{"@type":"Article","@id":"https:\/\/news.save.ch\/ostschweiz-will-psychische-gesundheit-bei-der-arbeit-foerdern\/#article","isPartOf":{"@id":"https:\/\/news.save.ch\/ostschweiz-will-psychische-gesundheit-bei-der-arbeit-foerdern\/"},"author":{"name":"admin","@id":"https:\/\/news.save.ch\/de\/#\/schema\/person\/d49e199490bad7c70d64b9ab51142f2b"},"headline":"Ostschweiz will psychische Gesundheit bei der Arbeit f\u00f6rdern","datePublished":"2016-05-31T08:58:52+00:00","dateModified":"2023-03-14T08:05:37+00:00","mainEntityOfPage":{"@id":"https:\/\/news.save.ch\/ostschweiz-will-psychische-gesundheit-bei-der-arbeit-foerdern\/"},"wordCount":252,"commentCount":0,"publisher":{"@id":"https:\/\/news.save.ch\/de\/#organization"},"image":{"@id":"https:\/\/news.save.ch\/ostschweiz-will-psychische-gesundheit-bei-der-arbeit-foerdern\/#primaryimage"},"thumbnailUrl":"https:\/\/news.save.ch\/wp-content\/uploads\/2016\/12\/Ostschweiz-will-psychische-Gesundheit-bei-der-Arbeit-foerdern_safety-plus.jpg","keywords":["Betriebliches Gesundheitsmanagement","Pr\u00e4vention","Psychische Gesundheit"],"articleSection":["HEALTH &amp; SAFETY"],"inLanguage":"de"},{"@type":"WebPage","@id":"https:\/\/news.save.ch\/ostschweiz-will-psychische-gesundheit-bei-der-arbeit-foerdern\/","url":"https:\/\/news.save.ch\/ostschweiz-will-psychische-gesundheit-bei-der-arbeit-foerdern\/","name":"Ostschweiz will psychische Gesundheit bei der Arbeit f\u00f6rdern - Save","isPartOf":{"@id":"https:\/\/news.save.ch\/de\/#website"},"primaryImageOfPage":{"@id":"https:\/\/news.save.ch\/ostschweiz-will-psychische-gesundheit-bei-der-arbeit-foerdern\/#primaryimage"},"image":{"@id":"https:\/\/news.save.ch\/ostschweiz-will-psychische-gesundheit-bei-der-arbeit-foerdern\/#primaryimage"},"thumbnailUrl":"https:\/\/news.save.ch\/wp-content\/uploads\/2016\/12\/Ostschweiz-will-psychische-Gesundheit-bei-der-Arbeit-foerdern_safety-plus.jpg","datePublished":"2016-05-31T08:58:52+00:00","dateModified":"2023-03-14T08:05:37+00:00","description":"Eine neue Kampagne unterst\u00fctzt Unternehmen dabei, sich in Bezug auf psychische Gesundheit ihrer Mitarbeitenden zu optimieren.","breadcrumb":{"@id":"https:\/\/news.save.ch\/ostschweiz-will-psychische-gesundheit-bei-der-arbeit-foerdern\/#breadcrumb"},"inLanguage":"de","potentialAction":[{"@type":"ReadAction","target":["https:\/\/news.save.ch\/ostschweiz-will-psychische-gesundheit-bei-der-arbeit-foerdern\/"]}]},{"@type":"ImageObject","inLanguage":"de","@id":"https:\/\/news.save.ch\/ostschweiz-will-psychische-gesundheit-bei-der-arbeit-foerdern\/#primaryimage","url":"https:\/\/news.save.ch\/wp-content\/uploads\/2016\/12\/Ostschweiz-will-psychische-Gesundheit-bei-der-Arbeit-foerdern_safety-plus.jpg","contentUrl":"https:\/\/news.save.ch\/wp-content\/uploads\/2016\/12\/Ostschweiz-will-psychische-Gesundheit-bei-der-Arbeit-foerdern_safety-plus.jpg","width":876,"height":1200,"caption":"Die Kampagne \"Alles im gr\u00fcnen Bereich\" bietet Ostschweizer Unternehmen Materialien, um die psychische Gesundheit ihrer Mitarbeitenden zu f\u00f6rdern."},{"@type":"BreadcrumbList","@id":"https:\/\/news.save.ch\/ostschweiz-will-psychische-gesundheit-bei-der-arbeit-foerdern\/#breadcrumb","itemListElement":[{"@type":"ListItem","position":1,"name":"Home","item":"https:\/\/news.save.ch\/de\/"},{"@type":"ListItem","position":2,"name":"Ostschweiz will psychische Gesundheit bei der Arbeit f\u00f6rdern"}]},{"@type":"WebSite","@id":"https:\/\/news.save.ch\/de\/#website","url":"https:\/\/news.save.ch\/de\/","name":"Save","description":"Schweizer Fachzeitschrift f\u00fcr Sicherheit","publisher":{"@id":"https:\/\/news.save.ch\/de\/#organization"},"potentialAction":[{"@type":"SearchAction","target":{"@type":"EntryPoint","urlTemplate":"https:\/\/news.save.ch\/de\/?s={search_term_string}"},"query-input":{"@type":"PropertyValueSpecification","valueRequired":true,"valueName":"search_term_string"}}],"inLanguage":"de"},{"@type":"Organization","@id":"https:\/\/news.save.ch\/de\/#organization","name":"Sicherheitsforum","url":"https:\/\/news.save.ch\/de\/","logo":{"@type":"ImageObject","inLanguage":"de","@id":"https:\/\/news.save.ch\/de\/#\/schema\/logo\/image\/","url":"https:\/\/news.save.ch\/wp-content\/uploads\/2022\/06\/Logo_SF_2012.png","contentUrl":"https:\/\/news.save.ch\/wp-content\/uploads\/2022\/06\/Logo_SF_2012.png","width":1100,"height":91,"caption":"Sicherheitsforum"},"image":{"@id":"https:\/\/news.save.ch\/de\/#\/schema\/logo\/image\/"}},{"@type":"Person","@id":"https:\/\/news.save.ch\/de\/#\/schema\/person\/d49e199490bad7c70d64b9ab51142f2b","name":"admin","image":{"@type":"ImageObject","inLanguage":"de","@id":"https:\/\/secure.gravatar.com\/avatar\/ae2f4d718e6c49043e314ce431e7e645d646302a24a5ef5a8bc8e3f5a032e319?s=96&d=mm&r=g","url":"https:\/\/secure.gravatar.com\/avatar\/ae2f4d718e6c49043e314ce431e7e645d646302a24a5ef5a8bc8e3f5a032e319?s=96&d=mm&r=g","contentUrl":"https:\/\/secure.gravatar.com\/avatar\/ae2f4d718e6c49043e314ce431e7e645d646302a24a5ef5a8bc8e3f5a032e319?s=96&d=mm&r=g","caption":"admin"},"sameAs":["https:\/\/develop.organisator.galledia.ch"],"url":"https:\/\/news.save.ch\/de\/author\/admin\/"}]}},"_links":{"self":[{"href":"https:\/\/news.save.ch\/de\/wp-json\/wp\/v2\/posts\/16750","targetHints":{"allow":["GET"]}}],"collection":[{"href":"https:\/\/news.save.ch\/de\/wp-json\/wp\/v2\/posts"}],"about":[{"href":"https:\/\/news.save.ch\/de\/wp-json\/wp\/v2\/types\/post"}],"author":[{"embeddable":true,"href":"https:\/\/news.save.ch\/de\/wp-json\/wp\/v2\/users\/1"}],"replies":[{"embeddable":true,"href":"https:\/\/news.save.ch\/de\/wp-json\/wp\/v2\/comments?post=16750"}],"version-history":[{"count":1,"href":"https:\/\/news.save.ch\/de\/wp-json\/wp\/v2\/posts\/16750\/revisions"}],"predecessor-version":[{"id":18973,"href":"https:\/\/news.save.ch\/de\/wp-json\/wp\/v2\/posts\/16750\/revisions\/18973"}],"wp:featuredmedia":[{"embeddable":true,"href":"https:\/\/news.save.ch\/de\/wp-json\/wp\/v2\/media\/16107"}],"wp:attachment":[{"href":"https:\/\/news.save.ch\/de\/wp-json\/wp\/v2\/media?parent=16750"}],"wp:term":[{"taxonomy":"category","embeddable":true,"href":"https:\/\/news.save.ch\/de\/wp-json\/wp\/v2\/categories?post=16750"},{"taxonomy":"post_tag","embeddable":true,"href":"https:\/\/news.save.ch\/de\/wp-json\/wp\/v2\/tags?post=16750"}],"curies":[{"name":"wp","href":"https:\/\/api.w.org\/{rel}","templated":true}]}}