{"id":16752,"date":"2016-06-12T11:08:16","date_gmt":"2016-06-12T09:08:16","guid":{"rendered":"http:\/\/dev.safety-plus.ch\/?p=910"},"modified":"2016-06-12T11:08:16","modified_gmt":"2016-06-12T09:08:16","slug":"suva-praemien-bleiben-2017-stabil","status":null,"type":"post","link":"https:\/\/news.save.ch\/de\/suva-praemien-bleiben-2017-stabil\/","title":{"rendered":"Suva: Pr\u00e4mien bleiben 2017 stabil"},"content":{"rendered":"<figure id=\"attachment_911\" aria-describedby=\"caption-attachment-911\" style=\"width: 680px\" class=\"wp-caption alignnone\"><img loading=\"lazy\" decoding=\"async\" class=\"wp-image-911 size-medium\" src=\"http:\/\/develop.safety-plus.ch\/wp-content\/uploads\/2016\/12\/Suva-Praemien-bleiben-2017-stabil_safety-plus.jpg\" width=\"680\" height=\"453\" \/><figcaption id=\"caption-attachment-911\" class=\"wp-caption-text\">Felix Weber, Vorsitzender der Gesch\u00e4ftsleitung der Suva, pr\u00e4sentiert die aktuellen Zahlen. (Foto: Dominik Baur, Photopress)<\/figcaption><\/figure>\n<p>Es ist ein erfreuliches Ergebnis f\u00fcr den Werkplatz Schweiz, das Felix Weber an seiner ersten Bilanzmedienkonferenz als Vorsitzender der Gesch\u00e4ftsleitung pr\u00e4sentieren konnte. Das Jahr 2015 schloss die Suva mit einem Ertrags\u00fcberschuss von 27 Millionen Franken ab. Der gr\u00f6sste Unfallversicherer der Schweiz baute zudem erneut Ausgleichsreserven ab. 48 Millionen Franken flossen an die Versicherten zur\u00fcck, was letztlich zu einem negativen Betriebsergebnis von 21 Millionen Franken f\u00fchrte. \u00abDieses Ergebnis ist Ausdruck des Gleichgewichts von Pr\u00e4mien und Risiko\u00bb, wie Felix Weber an der Bilanzmedienkonferenz ausf\u00fchrte. \u00abDamit ist es gelungen, dem Werkplatz Schweiz nicht unn\u00f6tig Kapital zu entziehen.\u00bb Zudem setzt die Suva ab dem laufenden Jahr den Pr\u00e4mienzuschlag zur Finanzierung des Teuerungsausgleichs aus. Dies entlastet die Versicherten \u2013 und damit den Werkplatz Schweiz \u2013 j\u00e4hrlich um rund 200 Millionen Franken. Das Pr\u00e4mienniveau bleibt auch f\u00fcr 2017 stabil. \u00abIn den kommenden Jahren wird sich die Suva weiterhin f\u00fcr m\u00f6glichst tiefe Pr\u00e4mien einsetzen\u00bb, wie Felix Weber anf\u00fcgte.<\/p>\n<p><strong>Beachtliche Performance in schwierigem Umfeld<\/strong><\/p>\n<p>Dank W\u00e4hrungsabsicherungen hat der Unfallversicherer den Wegfall des Euro-Mindestkurses gut \u00fcberstanden. Insgesamt pr\u00e4sentierte sich das Umfeld im vergangenen Jahr herausfordernd. Dennoch erzielte die Suva auf ihrem Anlagekapital eine beachtliche Performance von 1,2 Prozent. Positiv zum Ergebnis beigetragen haben insbesondere das Immobiliengesch\u00e4ft, Obligationen, Aktien, Hedge-Funds und Private Equity. Das Anlageverm\u00f6gen ist leicht angestiegen, von 46,3 auf 46,4 Milliarden Franken. Diese Gelder sind zweckgebunden. Sie dienen dem gesetzlichen Auftrag, die Renten, aber auch Heilkosten und Taggelder f\u00fcr Unf\u00e4lle, die bereits passiert sind, langfristig zu sichern. Der finanzielle Deckungsgrad \u2013 das Verh\u00e4ltnis des Verm\u00f6gens zu den Verpflichtungen \u2013 lag per Ende 2015 bei 133,6 Prozent (Vorjahr 134,2 Prozent).<\/p>\n<p>Als schwierig beurteilte Finanzchef Ernst M\u00e4der die Aussichten f\u00fcr die kommenden Jahre. Die Negativzinsen im Schweizer Geld- und Kapitalmarkt w\u00fcrden die Aussichten belasten. Insbesondere bei den W\u00e4hrungsabsicherungen f\u00fchrten sie zu gestiegenen Kosten. Per Mai 2016 pr\u00e4sentierte Ernst M\u00e4der folgende Zahlen: \u00abDie Anlageperformance lag bei 1,1 Prozent und der Deckungsgrad bei gesch\u00e4tzten 134 Prozent.\u00bb<\/p>\n<p><strong>Stabile Unfallzahlen und weniger neue Rentenf\u00e4lle<\/strong><\/p>\n<p>Im vergangenen Jahr sank die Zahl der neuen Invalidenrenten von 1714 auf 1605. Felix Weber geht dennoch nicht von einer Trendwende aus. Vielmehr sieht er ein stabiles Niveau erreicht mit leichten Abweichungen. Wenig zugenommen haben die Unf\u00e4lle und Berufskrankheiten. Ihre Zahl stieg auf 463186 (Vorjahr 459 921) F\u00e4lle. W\u00e4hrend die Berufsunf\u00e4lle und -krankheiten von 182 141 auf 180 376 zur\u00fcckgingen, stieg die Anzahl Nichtberufsunf\u00e4lle von 261 360 auf 265 297 an. Um 1,8 Prozent h\u00f6her als im Vorjahr fielen die Heilkosten aus. Sie betrugen 1,2 Milliarden Franken. Diese Entwicklung setzt sich 2016 fort.<\/p>\n<p>Um die Kosten \u2013 und damit die Pr\u00e4mien \u2013 nicht durch ungerechtfertigte Forderungen weiter steigen zu lassen, nutzt die Suva neue Technologien. \u00dcber 200 Millionen Franken sparte das Unternehmen dank seiner Rechnungskontrolle 2015. 290 000 Rechnungen wurden zur\u00fcckgewiesen. Und seit Anfang Jahr analysiert eine Software das Abrechnungsverhalten von Leistungserbringern wie Spit\u00e4lern oder \u00c4rzten und vergleicht diese: So erkennt das System beispielsweise, wenn ein Arzt bei jedem Patienten Vitamintabletten verrechnet, unabh\u00e4ngig von der Zweckm\u00e4ssigkeit. Diese F\u00e4lle kl\u00e4rt die Suva anschliessend ab.<\/p>\n<p><strong>Eine klare Grundlage<\/strong><\/p>\n<p>Erfreut wies Verwaltungsratspr\u00e4sident Markus D\u00fcrr auf den Abschluss der UVG-Revision hin. Im vergangenen Jahr hatte das Parlament den Kompromissvorschlag der Sozialpartner ohne wesentliche \u00c4nderungen verabschiedet. \u00abDas revidierte Gesetz best\u00e4tigt das Modell Suva\u00bb, sagte Markus D\u00fcrr. Er betonte, dass das Modell aus Pr\u00e4vention, Versicherung und Rehabilitation ein wesentlicher Erfolgsfaktor sei. Nun gelte es, dass auch die Revision der Verordnung gut \u00fcber die B\u00fchne gehe. \u00abMit Blick auf die kommenden Herausforderungen ist es wichtig, dass die Suva auf einer klaren gesetzlichen Grundlage die Zukunft angehen kann\u00bb, betonte D\u00fcrr. Das schwierige wirtschaftliche Umfeld fordert nicht nur die Suva, sondern vor allem auch ihre Kunden. Das revidierte Gesetz tritt voraussichtlich auf Anfang 2017 in Kraft.<\/p>\n<p>Quelle: Suva<\/p>\n","protected":false},"excerpt":{"rendered":"<p>Es ist ein erfreuliches Ergebnis f\u00fcr den Werkplatz Schweiz, das Felix Weber an seiner ersten Bilanzmedienkonferenz als Vorsitzender der Gesch\u00e4ftsleitung pr\u00e4sentieren konnte. Das Jahr 2015 schloss die Suva mit einem Ertrags\u00fcberschuss von 27 Millionen Franken ab. Der gr\u00f6sste Unfallversicherer der Schweiz baute zudem erneut Ausgleichsreserven ab. 48 Millionen Franken flossen an die Versicherten zur\u00fcck, was [&hellip;]<\/p>\n","protected":false},"author":1,"featured_media":16109,"comment_status":"open","ping_status":"open","sticky":false,"template":"","format":"standard","meta":{"_acf_changed":false,"pgc_sgb_lightbox_settings":"","footnotes":""},"categories":[1],"tags":[167,181],"class_list":["post-16752","post","type-post","status-publish","format-standard","has-post-thumbnail","hentry","category-allgemein","tag-suva","tag-versicherung"],"acf":[],"hkrextid":null,"publication":null,"issue":null,"workflow":null,"startPage":null,"spitzmarke":null,"_posts_by_tag_page_fields":{"widget_title":"","widget_tags":""},"_at_widget":"1","_yoast_wpseo_primary_category":"1","_yoast_wpseo_focuskw_text_input":"Suva","_yoast_wpseo_opengraph-image":null,"_yoast_wpseo_opengraph-description":null,"_yoast_wpseo_opengraph-title":null,"enclosure":null,"_yoast_wpseo_twitter-title":null,"_yoast_wpseo_twitter-description":null,"_yoast_wpseo_twitter-image":null,"_wp_old_slug":null,"_yoast_wpseo_title":null,"_yoast_wpseo_canonical":null,"yoast_head":"<!-- This site is optimized with the Yoast SEO plugin v27.5 - https:\/\/yoast.com\/product\/yoast-seo-wordpress\/ -->\n<title>Suva: Pr\u00e4mien bleiben 2017 stabil - Save<\/title>\n<meta name=\"description\" content=\"Die Suva hat das Gesch\u00e4ftsjahr 2015 mit einem \u00dcberschuss von 27 Millionen Franken abgeschlossen.\" \/>\n<meta name=\"robots\" content=\"index, follow, max-snippet:-1, max-image-preview:large, max-video-preview:-1\" \/>\n<link rel=\"canonical\" href=\"https:\/\/news.save.ch\/de\/suva-praemien-bleiben-2017-stabil\/\" \/>\n<meta property=\"og:locale\" content=\"de_DE\" \/>\n<meta property=\"og:type\" content=\"article\" \/>\n<meta property=\"og:title\" content=\"Suva: Pr\u00e4mien bleiben 2017 stabil - Save\" \/>\n<meta property=\"og:description\" content=\"Die Suva hat das Gesch\u00e4ftsjahr 2015 mit einem \u00dcberschuss von 27 Millionen Franken abgeschlossen.\" \/>\n<meta property=\"og:url\" content=\"https:\/\/news.save.ch\/de\/suva-praemien-bleiben-2017-stabil\/\" \/>\n<meta property=\"og:site_name\" content=\"Save\" \/>\n<meta property=\"article:published_time\" content=\"2016-06-12T09:08:16+00:00\" \/>\n<meta property=\"og:image\" content=\"https:\/\/news.save.ch\/wp-content\/uploads\/2016\/12\/Suva-Praemien-bleiben-2017-stabil_safety-plus-scaled-1.jpg\" \/>\n\t<meta property=\"og:image:width\" content=\"1200\" \/>\n\t<meta property=\"og:image:height\" content=\"800\" \/>\n\t<meta property=\"og:image:type\" content=\"image\/jpeg\" \/>\n<meta name=\"author\" content=\"admin\" \/>\n<meta name=\"twitter:card\" content=\"summary_large_image\" \/>\n<meta name=\"twitter:label1\" content=\"Geschrieben von\" \/>\n\t<meta name=\"twitter:data1\" content=\"admin\" \/>\n\t<meta name=\"twitter:label2\" content=\"Gesch\u00e4tzte Lesezeit\" \/>\n\t<meta name=\"twitter:data2\" content=\"3\u00a0Minuten\" \/>\n<script type=\"application\/ld+json\" class=\"yoast-schema-graph\">{\"@context\":\"https:\\\/\\\/schema.org\",\"@graph\":[{\"@type\":\"Article\",\"@id\":\"https:\\\/\\\/news.save.ch\\\/suva-praemien-bleiben-2017-stabil\\\/#article\",\"isPartOf\":{\"@id\":\"https:\\\/\\\/news.save.ch\\\/suva-praemien-bleiben-2017-stabil\\\/\"},\"author\":{\"name\":\"admin\",\"@id\":\"https:\\\/\\\/news.save.ch\\\/de\\\/#\\\/schema\\\/person\\\/d49e199490bad7c70d64b9ab51142f2b\"},\"headline\":\"Suva: Pr\u00e4mien bleiben 2017 stabil\",\"datePublished\":\"2016-06-12T09:08:16+00:00\",\"mainEntityOfPage\":{\"@id\":\"https:\\\/\\\/news.save.ch\\\/suva-praemien-bleiben-2017-stabil\\\/\"},\"wordCount\":652,\"commentCount\":0,\"publisher\":{\"@id\":\"https:\\\/\\\/news.save.ch\\\/de\\\/#organization\"},\"image\":{\"@id\":\"https:\\\/\\\/news.save.ch\\\/suva-praemien-bleiben-2017-stabil\\\/#primaryimage\"},\"thumbnailUrl\":\"https:\\\/\\\/news.save.ch\\\/wp-content\\\/uploads\\\/2016\\\/12\\\/Suva-Praemien-bleiben-2017-stabil_safety-plus-scaled-1.jpg\",\"keywords\":[\"SUVA\",\"Versicherung\"],\"articleSection\":[\"ALLGEMEIN\"],\"inLanguage\":\"de\"},{\"@type\":\"WebPage\",\"@id\":\"https:\\\/\\\/news.save.ch\\\/suva-praemien-bleiben-2017-stabil\\\/\",\"url\":\"https:\\\/\\\/news.save.ch\\\/suva-praemien-bleiben-2017-stabil\\\/\",\"name\":\"Suva: Pr\u00e4mien bleiben 2017 stabil - Save\",\"isPartOf\":{\"@id\":\"https:\\\/\\\/news.save.ch\\\/de\\\/#website\"},\"primaryImageOfPage\":{\"@id\":\"https:\\\/\\\/news.save.ch\\\/suva-praemien-bleiben-2017-stabil\\\/#primaryimage\"},\"image\":{\"@id\":\"https:\\\/\\\/news.save.ch\\\/suva-praemien-bleiben-2017-stabil\\\/#primaryimage\"},\"thumbnailUrl\":\"https:\\\/\\\/news.save.ch\\\/wp-content\\\/uploads\\\/2016\\\/12\\\/Suva-Praemien-bleiben-2017-stabil_safety-plus-scaled-1.jpg\",\"datePublished\":\"2016-06-12T09:08:16+00:00\",\"description\":\"Die Suva hat das Gesch\u00e4ftsjahr 2015 mit einem \u00dcberschuss von 27 Millionen Franken abgeschlossen.\",\"breadcrumb\":{\"@id\":\"https:\\\/\\\/news.save.ch\\\/suva-praemien-bleiben-2017-stabil\\\/#breadcrumb\"},\"inLanguage\":\"de\",\"potentialAction\":[{\"@type\":\"ReadAction\",\"target\":[\"https:\\\/\\\/news.save.ch\\\/suva-praemien-bleiben-2017-stabil\\\/\"]}]},{\"@type\":\"ImageObject\",\"inLanguage\":\"de\",\"@id\":\"https:\\\/\\\/news.save.ch\\\/suva-praemien-bleiben-2017-stabil\\\/#primaryimage\",\"url\":\"https:\\\/\\\/news.save.ch\\\/wp-content\\\/uploads\\\/2016\\\/12\\\/Suva-Praemien-bleiben-2017-stabil_safety-plus-scaled-1.jpg\",\"contentUrl\":\"https:\\\/\\\/news.save.ch\\\/wp-content\\\/uploads\\\/2016\\\/12\\\/Suva-Praemien-bleiben-2017-stabil_safety-plus-scaled-1.jpg\",\"width\":1200,\"height\":800,\"caption\":\"Felix Weber, Vorsitzender der Gesch\u00e4ftsleitung der Suva, pr\u00e4sentiert die aktuellen Zahlen. (Foto: Dominik Baur, Photopress)\"},{\"@type\":\"BreadcrumbList\",\"@id\":\"https:\\\/\\\/news.save.ch\\\/suva-praemien-bleiben-2017-stabil\\\/#breadcrumb\",\"itemListElement\":[{\"@type\":\"ListItem\",\"position\":1,\"name\":\"Home\",\"item\":\"https:\\\/\\\/news.save.ch\\\/de\\\/\"},{\"@type\":\"ListItem\",\"position\":2,\"name\":\"Suva: Pr\u00e4mien bleiben 2017 stabil\"}]},{\"@type\":\"WebSite\",\"@id\":\"https:\\\/\\\/news.save.ch\\\/de\\\/#website\",\"url\":\"https:\\\/\\\/news.save.ch\\\/de\\\/\",\"name\":\"Save\",\"description\":\"Schweizer Fachzeitschrift f\u00fcr Sicherheit\",\"publisher\":{\"@id\":\"https:\\\/\\\/news.save.ch\\\/de\\\/#organization\"},\"potentialAction\":[{\"@type\":\"SearchAction\",\"target\":{\"@type\":\"EntryPoint\",\"urlTemplate\":\"https:\\\/\\\/news.save.ch\\\/de\\\/?s={search_term_string}\"},\"query-input\":{\"@type\":\"PropertyValueSpecification\",\"valueRequired\":true,\"valueName\":\"search_term_string\"}}],\"inLanguage\":\"de\"},{\"@type\":\"Organization\",\"@id\":\"https:\\\/\\\/news.save.ch\\\/de\\\/#organization\",\"name\":\"Sicherheitsforum\",\"url\":\"https:\\\/\\\/news.save.ch\\\/de\\\/\",\"logo\":{\"@type\":\"ImageObject\",\"inLanguage\":\"de\",\"@id\":\"https:\\\/\\\/news.save.ch\\\/de\\\/#\\\/schema\\\/logo\\\/image\\\/\",\"url\":\"https:\\\/\\\/news.save.ch\\\/wp-content\\\/uploads\\\/2022\\\/06\\\/Logo_SF_2012.png\",\"contentUrl\":\"https:\\\/\\\/news.save.ch\\\/wp-content\\\/uploads\\\/2022\\\/06\\\/Logo_SF_2012.png\",\"width\":1100,\"height\":91,\"caption\":\"Sicherheitsforum\"},\"image\":{\"@id\":\"https:\\\/\\\/news.save.ch\\\/de\\\/#\\\/schema\\\/logo\\\/image\\\/\"}},{\"@type\":\"Person\",\"@id\":\"https:\\\/\\\/news.save.ch\\\/de\\\/#\\\/schema\\\/person\\\/d49e199490bad7c70d64b9ab51142f2b\",\"name\":\"admin\",\"image\":{\"@type\":\"ImageObject\",\"inLanguage\":\"de\",\"@id\":\"https:\\\/\\\/secure.gravatar.com\\\/avatar\\\/ae2f4d718e6c49043e314ce431e7e645d646302a24a5ef5a8bc8e3f5a032e319?s=96&d=mm&r=g\",\"url\":\"https:\\\/\\\/secure.gravatar.com\\\/avatar\\\/ae2f4d718e6c49043e314ce431e7e645d646302a24a5ef5a8bc8e3f5a032e319?s=96&d=mm&r=g\",\"contentUrl\":\"https:\\\/\\\/secure.gravatar.com\\\/avatar\\\/ae2f4d718e6c49043e314ce431e7e645d646302a24a5ef5a8bc8e3f5a032e319?s=96&d=mm&r=g\",\"caption\":\"admin\"},\"sameAs\":[\"https:\\\/\\\/develop.organisator.galledia.ch\"],\"url\":\"https:\\\/\\\/news.save.ch\\\/de\\\/author\\\/admin\\\/\"}]}<\/script>\n<!-- \/ Yoast SEO plugin. -->","yoast_head_json":{"title":"Suva: Pr\u00e4mien bleiben 2017 stabil - Save","description":"Die Suva hat das Gesch\u00e4ftsjahr 2015 mit einem \u00dcberschuss von 27 Millionen Franken abgeschlossen.","robots":{"index":"index","follow":"follow","max-snippet":"max-snippet:-1","max-image-preview":"max-image-preview:large","max-video-preview":"max-video-preview:-1"},"canonical":"https:\/\/news.save.ch\/de\/suva-praemien-bleiben-2017-stabil\/","og_locale":"de_DE","og_type":"article","og_title":"Suva: Pr\u00e4mien bleiben 2017 stabil - Save","og_description":"Die Suva hat das Gesch\u00e4ftsjahr 2015 mit einem \u00dcberschuss von 27 Millionen Franken abgeschlossen.","og_url":"https:\/\/news.save.ch\/de\/suva-praemien-bleiben-2017-stabil\/","og_site_name":"Save","article_published_time":"2016-06-12T09:08:16+00:00","og_image":[{"width":1200,"height":800,"url":"https:\/\/news.save.ch\/wp-content\/uploads\/2016\/12\/Suva-Praemien-bleiben-2017-stabil_safety-plus-scaled-1.jpg","type":"image\/jpeg"}],"author":"admin","twitter_card":"summary_large_image","twitter_misc":{"Geschrieben von":"admin","Gesch\u00e4tzte Lesezeit":"3\u00a0Minuten"},"schema":{"@context":"https:\/\/schema.org","@graph":[{"@type":"Article","@id":"https:\/\/news.save.ch\/suva-praemien-bleiben-2017-stabil\/#article","isPartOf":{"@id":"https:\/\/news.save.ch\/suva-praemien-bleiben-2017-stabil\/"},"author":{"name":"admin","@id":"https:\/\/news.save.ch\/de\/#\/schema\/person\/d49e199490bad7c70d64b9ab51142f2b"},"headline":"Suva: Pr\u00e4mien bleiben 2017 stabil","datePublished":"2016-06-12T09:08:16+00:00","mainEntityOfPage":{"@id":"https:\/\/news.save.ch\/suva-praemien-bleiben-2017-stabil\/"},"wordCount":652,"commentCount":0,"publisher":{"@id":"https:\/\/news.save.ch\/de\/#organization"},"image":{"@id":"https:\/\/news.save.ch\/suva-praemien-bleiben-2017-stabil\/#primaryimage"},"thumbnailUrl":"https:\/\/news.save.ch\/wp-content\/uploads\/2016\/12\/Suva-Praemien-bleiben-2017-stabil_safety-plus-scaled-1.jpg","keywords":["SUVA","Versicherung"],"articleSection":["ALLGEMEIN"],"inLanguage":"de"},{"@type":"WebPage","@id":"https:\/\/news.save.ch\/suva-praemien-bleiben-2017-stabil\/","url":"https:\/\/news.save.ch\/suva-praemien-bleiben-2017-stabil\/","name":"Suva: Pr\u00e4mien bleiben 2017 stabil - Save","isPartOf":{"@id":"https:\/\/news.save.ch\/de\/#website"},"primaryImageOfPage":{"@id":"https:\/\/news.save.ch\/suva-praemien-bleiben-2017-stabil\/#primaryimage"},"image":{"@id":"https:\/\/news.save.ch\/suva-praemien-bleiben-2017-stabil\/#primaryimage"},"thumbnailUrl":"https:\/\/news.save.ch\/wp-content\/uploads\/2016\/12\/Suva-Praemien-bleiben-2017-stabil_safety-plus-scaled-1.jpg","datePublished":"2016-06-12T09:08:16+00:00","description":"Die Suva hat das Gesch\u00e4ftsjahr 2015 mit einem \u00dcberschuss von 27 Millionen Franken abgeschlossen.","breadcrumb":{"@id":"https:\/\/news.save.ch\/suva-praemien-bleiben-2017-stabil\/#breadcrumb"},"inLanguage":"de","potentialAction":[{"@type":"ReadAction","target":["https:\/\/news.save.ch\/suva-praemien-bleiben-2017-stabil\/"]}]},{"@type":"ImageObject","inLanguage":"de","@id":"https:\/\/news.save.ch\/suva-praemien-bleiben-2017-stabil\/#primaryimage","url":"https:\/\/news.save.ch\/wp-content\/uploads\/2016\/12\/Suva-Praemien-bleiben-2017-stabil_safety-plus-scaled-1.jpg","contentUrl":"https:\/\/news.save.ch\/wp-content\/uploads\/2016\/12\/Suva-Praemien-bleiben-2017-stabil_safety-plus-scaled-1.jpg","width":1200,"height":800,"caption":"Felix Weber, Vorsitzender der Gesch\u00e4ftsleitung der Suva, pr\u00e4sentiert die aktuellen Zahlen. (Foto: Dominik Baur, Photopress)"},{"@type":"BreadcrumbList","@id":"https:\/\/news.save.ch\/suva-praemien-bleiben-2017-stabil\/#breadcrumb","itemListElement":[{"@type":"ListItem","position":1,"name":"Home","item":"https:\/\/news.save.ch\/de\/"},{"@type":"ListItem","position":2,"name":"Suva: Pr\u00e4mien bleiben 2017 stabil"}]},{"@type":"WebSite","@id":"https:\/\/news.save.ch\/de\/#website","url":"https:\/\/news.save.ch\/de\/","name":"Save","description":"Schweizer Fachzeitschrift f\u00fcr Sicherheit","publisher":{"@id":"https:\/\/news.save.ch\/de\/#organization"},"potentialAction":[{"@type":"SearchAction","target":{"@type":"EntryPoint","urlTemplate":"https:\/\/news.save.ch\/de\/?s={search_term_string}"},"query-input":{"@type":"PropertyValueSpecification","valueRequired":true,"valueName":"search_term_string"}}],"inLanguage":"de"},{"@type":"Organization","@id":"https:\/\/news.save.ch\/de\/#organization","name":"Sicherheitsforum","url":"https:\/\/news.save.ch\/de\/","logo":{"@type":"ImageObject","inLanguage":"de","@id":"https:\/\/news.save.ch\/de\/#\/schema\/logo\/image\/","url":"https:\/\/news.save.ch\/wp-content\/uploads\/2022\/06\/Logo_SF_2012.png","contentUrl":"https:\/\/news.save.ch\/wp-content\/uploads\/2022\/06\/Logo_SF_2012.png","width":1100,"height":91,"caption":"Sicherheitsforum"},"image":{"@id":"https:\/\/news.save.ch\/de\/#\/schema\/logo\/image\/"}},{"@type":"Person","@id":"https:\/\/news.save.ch\/de\/#\/schema\/person\/d49e199490bad7c70d64b9ab51142f2b","name":"admin","image":{"@type":"ImageObject","inLanguage":"de","@id":"https:\/\/secure.gravatar.com\/avatar\/ae2f4d718e6c49043e314ce431e7e645d646302a24a5ef5a8bc8e3f5a032e319?s=96&d=mm&r=g","url":"https:\/\/secure.gravatar.com\/avatar\/ae2f4d718e6c49043e314ce431e7e645d646302a24a5ef5a8bc8e3f5a032e319?s=96&d=mm&r=g","contentUrl":"https:\/\/secure.gravatar.com\/avatar\/ae2f4d718e6c49043e314ce431e7e645d646302a24a5ef5a8bc8e3f5a032e319?s=96&d=mm&r=g","caption":"admin"},"sameAs":["https:\/\/develop.organisator.galledia.ch"],"url":"https:\/\/news.save.ch\/de\/author\/admin\/"}]}},"_links":{"self":[{"href":"https:\/\/news.save.ch\/de\/wp-json\/wp\/v2\/posts\/16752","targetHints":{"allow":["GET"]}}],"collection":[{"href":"https:\/\/news.save.ch\/de\/wp-json\/wp\/v2\/posts"}],"about":[{"href":"https:\/\/news.save.ch\/de\/wp-json\/wp\/v2\/types\/post"}],"author":[{"embeddable":true,"href":"https:\/\/news.save.ch\/de\/wp-json\/wp\/v2\/users\/1"}],"replies":[{"embeddable":true,"href":"https:\/\/news.save.ch\/de\/wp-json\/wp\/v2\/comments?post=16752"}],"version-history":[{"count":0,"href":"https:\/\/news.save.ch\/de\/wp-json\/wp\/v2\/posts\/16752\/revisions"}],"wp:featuredmedia":[{"embeddable":true,"href":"https:\/\/news.save.ch\/de\/wp-json\/wp\/v2\/media\/16109"}],"wp:attachment":[{"href":"https:\/\/news.save.ch\/de\/wp-json\/wp\/v2\/media?parent=16752"}],"wp:term":[{"taxonomy":"category","embeddable":true,"href":"https:\/\/news.save.ch\/de\/wp-json\/wp\/v2\/categories?post=16752"},{"taxonomy":"post_tag","embeddable":true,"href":"https:\/\/news.save.ch\/de\/wp-json\/wp\/v2\/tags?post=16752"}],"curies":[{"name":"wp","href":"https:\/\/api.w.org\/{rel}","templated":true}]}}