{"id":16758,"date":"2016-07-14T16:06:21","date_gmt":"2016-07-14T14:06:21","guid":{"rendered":"http:\/\/dev.safety-plus.ch\/?p=968"},"modified":"2023-03-14T09:03:02","modified_gmt":"2023-03-14T08:03:02","slug":"sommerferien-erholen-richtig","status":null,"type":"post","link":"https:\/\/news.save.ch\/de\/sommerferien-erholen-richtig\/","title":{"rendered":"Sommerferien: Erholen &#8211; aber richtig!"},"content":{"rendered":"<figure id=\"attachment_969\" aria-describedby=\"caption-attachment-969\" style=\"width: 680px\" class=\"wp-caption alignnone\"><img loading=\"lazy\" decoding=\"async\" class=\"wp-image-969 size-medium\" src=\"http:\/\/develop.safety-plus.ch\/wp-content\/uploads\/2016\/12\/Sommerferien-Erholen-aber-richtig_safety-plus.jpg\" width=\"680\" height=\"452\" \/><figcaption id=\"caption-attachment-969\" class=\"wp-caption-text\">Pl\u00f6tzlich von 180 auf Null runterfahren ist meist keine gute Idee.<\/figcaption><\/figure>\n<p>Sommerferien &#8211; endlich entspannen! Doch auch Erholung will geplant sein. Mit unseren sechs Tipps gelingt es Ihnen, von der Arbeit abzuschalten.<\/p>\n<p><strong>1. Vorbereitung ist die halbe Miete<\/strong><\/p>\n<p>Arbeiten Sie vor der Abreise alle wichtigen und dringenden Arbeiten ab, die Sie nicht delegieren k\u00f6nnen. Definieren Sie eine Vertretung, instruieren Sie diese \u2013 und dann vertrauen Sie der Person, dass Sie die Arbeit im Griff haben. Informieren Sie Ihre Kunden und delegieren Sie Aufgaben f\u00fcr laufende Projekte.<\/p>\n<p><strong>2. Bleiben Sie offline<\/strong><\/p>\n<p>Wer das Smartphone oder das Tablet mit in die Ferien nimmt, ist schnell einmal versucht, die Arbeitsmails zu checken, schnell eine Kundenanfrage zu beantworten. Lassen Sie es zuhause \u2013 oder schalten Sie zumindest die Push-Meldungen des Mailprogramms ab und widerstehen Sie der Versuchung, Ihre Mails anzuschauen. Eine klare Abwesenheitsmeldung informiert Ihre Kontakte, dass Sie nicht da sind, Ihre Mails unterwegs nicht gelesen werden \u2013 und ab wann Sie wieder erreichbar sind.<\/p>\n<p>Wenn Sie unbedingt erreichbar sein m\u00fcssen, treffen Sie vor der Abreise klare Vereinbarungen mit den Kollegen: Die Mailbox wird h\u00f6chstens einmal in der Woche angeschaut und telefonisch sind Sie nur f\u00fcr absolute Notf\u00e4lle erreichbar \u2013 und nur einmal am Tag zu vorher bestimmten Zeiten.<\/p>\n<p><strong>3.\u00a0Keine Arbeit mitnehmen<\/strong><\/p>\n<p>Arbeitsunterlagen, Akten und Fachliteratur haben im Reisegep\u00e4ck nichts verloren!<\/p>\n<p><strong>4. Ablenkung suchen&#8230;<\/strong><\/p>\n<p>Von Vollgas bei der Arbeit zum Nichtstun auf dem Liegestuhl \u2013 oftmals f\u00e4llt diese pl\u00f6tzliche Umstellung schwer und statt der vorher ertr\u00e4umten Entspannung beim Meeresrauschen schweifen die Gedanken doch nur immer wieder zur Arbeit. Wer zu schnell runterf\u00e4hrt, kann gar krank werden: Wenn die Stresshormone im K\u00f6rper pl\u00f6tzlich von 100 auf Null absacken, f\u00e4hrt auch das Immunsystem hinunter. Da hilft nur Ablenkung: Etwa eine Wanderung, einen neuen Wassersport ausprobieren,\u00a0ein Museum besuchen, einen Stadtbummel oder ein kulturelles Ereignis geniessen.<\/p>\n<p><strong>5. &#8230; aber nicht \u00fcbertreiben!<\/strong><\/p>\n<p>Wer seine Ferien so vollplant, dass ihm gar keine Zeit f\u00fcr Musse bleibt, erholt sich ebenfalls nicht richtig. Der Leistungsgedanke sollte im Urlaub nicht zuvorderst stehen \u2013 planen Sie keine sportliche H\u00f6chstleistungen oder ein kulturelles Dauerprogramm. Experten raten, die Ferien sorgf\u00e4ltig zu planen \u2013 in der ersten Woche etwa mehr k\u00f6rperliche Aktivit\u00e4t zu planen und die Aktivit\u00e4t langsam herunterzufahren. In der zweiten Woche darf dann gefaulenzt werden.<\/p>\n<p><strong>6. Erinnerungen pflegen<\/strong><\/p>\n<p>Die Erholungsforschung zeigt, dass sich der positive Effekt von Urlaub durch bewusste Erinnerung ein St\u00fcck weit konservieren l\u00e4sst: Etwa durch ein Urlaubsfoto als Bildschirmhintergrund, Musik vom Ferienort oder ein Souvenir auf dem B\u00fcrotisch.<\/p>\n","protected":false},"excerpt":{"rendered":"<p>Sommerferien &#8211; endlich entspannen! Doch auch Erholung will geplant sein. Mit unseren sechs Tipps gelingt es Ihnen, von der Arbeit abzuschalten. 1. Vorbereitung ist die halbe Miete Arbeiten Sie vor der Abreise alle wichtigen und dringenden Arbeiten ab, die Sie nicht delegieren k\u00f6nnen. Definieren Sie eine Vertretung, instruieren Sie diese \u2013 und dann vertrauen Sie [&hellip;]<\/p>\n","protected":false},"author":1,"featured_media":1454,"comment_status":"open","ping_status":"open","sticky":false,"template":"","format":"standard","meta":{"_acf_changed":false,"pgc_sgb_lightbox_settings":"","footnotes":""},"categories":[3314],"tags":[149],"class_list":["post-16758","post","type-post","status-publish","format-standard","has-post-thumbnail","hentry","category-health-safety","tag-gesundheitsschutz"],"acf":[],"hkrextid":null,"publication":null,"issue":null,"workflow":null,"startPage":null,"spitzmarke":null,"_posts_by_tag_page_fields":{"widget_title":"","widget_tags":""},"_at_widget":"1","_yoast_wpseo_primary_category":"4","_yoast_wpseo_focuskw_text_input":"Sommerferien","_yoast_wpseo_opengraph-image":null,"_yoast_wpseo_opengraph-description":null,"_yoast_wpseo_opengraph-title":null,"enclosure":null,"_yoast_wpseo_twitter-title":null,"_yoast_wpseo_twitter-description":null,"_yoast_wpseo_twitter-image":null,"_wp_old_slug":null,"_yoast_wpseo_title":null,"_yoast_wpseo_canonical":null,"yoast_head":"<!-- This site is optimized with the Yoast SEO plugin v27.5 - https:\/\/yoast.com\/product\/yoast-seo-wordpress\/ -->\n<title>Sommerferien: Erholen - aber richtig! - Save<\/title>\n<meta name=\"description\" content=\"Sommerferien: Wirklich von der Arbeit abzuschalten f\u00e4llt auch in den Ferien vielen schwer. Sechs Tipps f\u00fcr einen stressfreien und erholsamen Urlaub.\" \/>\n<meta name=\"robots\" content=\"index, follow, max-snippet:-1, max-image-preview:large, max-video-preview:-1\" \/>\n<link rel=\"canonical\" href=\"https:\/\/news.save.ch\/de\/sommerferien-erholen-richtig\/\" \/>\n<meta property=\"og:locale\" content=\"de_DE\" \/>\n<meta property=\"og:type\" content=\"article\" \/>\n<meta property=\"og:title\" content=\"Sommerferien: Erholen - aber richtig! - Save\" \/>\n<meta property=\"og:description\" content=\"Sommerferien: Wirklich von der Arbeit abzuschalten f\u00e4llt auch in den Ferien vielen schwer. Sechs Tipps f\u00fcr einen stressfreien und erholsamen Urlaub.\" \/>\n<meta property=\"og:url\" content=\"https:\/\/news.save.ch\/de\/sommerferien-erholen-richtig\/\" \/>\n<meta property=\"og:site_name\" content=\"Save\" \/>\n<meta property=\"article:published_time\" content=\"2016-07-14T14:06:21+00:00\" \/>\n<meta property=\"article:modified_time\" content=\"2023-03-14T08:03:02+00:00\" \/>\n<meta property=\"og:image\" content=\"https:\/\/news.save.ch\/wp-content\/uploads\/2016\/12\/Sommerferien-Erholen-aber-richtig_safety-plus.jpg\" \/>\n\t<meta property=\"og:image:width\" content=\"1000\" \/>\n\t<meta property=\"og:image:height\" content=\"664\" \/>\n\t<meta property=\"og:image:type\" content=\"image\/jpeg\" \/>\n<meta name=\"author\" content=\"admin\" \/>\n<meta name=\"twitter:card\" content=\"summary_large_image\" \/>\n<meta name=\"twitter:label1\" content=\"Geschrieben von\" \/>\n\t<meta name=\"twitter:data1\" content=\"admin\" \/>\n\t<meta name=\"twitter:label2\" content=\"Gesch\u00e4tzte Lesezeit\" \/>\n\t<meta name=\"twitter:data2\" content=\"2\u00a0Minuten\" \/>\n<script type=\"application\/ld+json\" class=\"yoast-schema-graph\">{\"@context\":\"https:\\\/\\\/schema.org\",\"@graph\":[{\"@type\":\"Article\",\"@id\":\"https:\\\/\\\/news.save.ch\\\/sommerferien-erholen-richtig\\\/#article\",\"isPartOf\":{\"@id\":\"https:\\\/\\\/news.save.ch\\\/sommerferien-erholen-richtig\\\/\"},\"author\":{\"name\":\"admin\",\"@id\":\"https:\\\/\\\/news.save.ch\\\/de\\\/#\\\/schema\\\/person\\\/d49e199490bad7c70d64b9ab51142f2b\"},\"headline\":\"Sommerferien: Erholen &#8211; aber richtig!\",\"datePublished\":\"2016-07-14T14:06:21+00:00\",\"dateModified\":\"2023-03-14T08:03:02+00:00\",\"mainEntityOfPage\":{\"@id\":\"https:\\\/\\\/news.save.ch\\\/sommerferien-erholen-richtig\\\/\"},\"wordCount\":428,\"commentCount\":0,\"publisher\":{\"@id\":\"https:\\\/\\\/news.save.ch\\\/de\\\/#organization\"},\"image\":{\"@id\":\"https:\\\/\\\/news.save.ch\\\/sommerferien-erholen-richtig\\\/#primaryimage\"},\"thumbnailUrl\":\"https:\\\/\\\/news.save.ch\\\/wp-content\\\/uploads\\\/2016\\\/12\\\/Sommerferien-Erholen-aber-richtig_safety-plus.jpg\",\"keywords\":[\"Gesundheitsschutz\"],\"articleSection\":[\"HEALTH &amp; SAFETY\"],\"inLanguage\":\"de\"},{\"@type\":\"WebPage\",\"@id\":\"https:\\\/\\\/news.save.ch\\\/sommerferien-erholen-richtig\\\/\",\"url\":\"https:\\\/\\\/news.save.ch\\\/sommerferien-erholen-richtig\\\/\",\"name\":\"Sommerferien: Erholen - aber richtig! - Save\",\"isPartOf\":{\"@id\":\"https:\\\/\\\/news.save.ch\\\/de\\\/#website\"},\"primaryImageOfPage\":{\"@id\":\"https:\\\/\\\/news.save.ch\\\/sommerferien-erholen-richtig\\\/#primaryimage\"},\"image\":{\"@id\":\"https:\\\/\\\/news.save.ch\\\/sommerferien-erholen-richtig\\\/#primaryimage\"},\"thumbnailUrl\":\"https:\\\/\\\/news.save.ch\\\/wp-content\\\/uploads\\\/2016\\\/12\\\/Sommerferien-Erholen-aber-richtig_safety-plus.jpg\",\"datePublished\":\"2016-07-14T14:06:21+00:00\",\"dateModified\":\"2023-03-14T08:03:02+00:00\",\"description\":\"Sommerferien: Wirklich von der Arbeit abzuschalten f\u00e4llt auch in den Ferien vielen schwer. Sechs Tipps f\u00fcr einen stressfreien und erholsamen Urlaub.\",\"breadcrumb\":{\"@id\":\"https:\\\/\\\/news.save.ch\\\/sommerferien-erholen-richtig\\\/#breadcrumb\"},\"inLanguage\":\"de\",\"potentialAction\":[{\"@type\":\"ReadAction\",\"target\":[\"https:\\\/\\\/news.save.ch\\\/sommerferien-erholen-richtig\\\/\"]}]},{\"@type\":\"ImageObject\",\"inLanguage\":\"de\",\"@id\":\"https:\\\/\\\/news.save.ch\\\/sommerferien-erholen-richtig\\\/#primaryimage\",\"url\":\"https:\\\/\\\/news.save.ch\\\/wp-content\\\/uploads\\\/2016\\\/12\\\/Sommerferien-Erholen-aber-richtig_safety-plus.jpg\",\"contentUrl\":\"https:\\\/\\\/news.save.ch\\\/wp-content\\\/uploads\\\/2016\\\/12\\\/Sommerferien-Erholen-aber-richtig_safety-plus.jpg\",\"width\":1000,\"height\":664,\"caption\":\"Pl\u00f6tzlich von 180 auf Null runterfahren ist meist keine gute Idee.\"},{\"@type\":\"BreadcrumbList\",\"@id\":\"https:\\\/\\\/news.save.ch\\\/sommerferien-erholen-richtig\\\/#breadcrumb\",\"itemListElement\":[{\"@type\":\"ListItem\",\"position\":1,\"name\":\"Home\",\"item\":\"https:\\\/\\\/news.save.ch\\\/de\\\/\"},{\"@type\":\"ListItem\",\"position\":2,\"name\":\"Sommerferien: Erholen &#8211; aber richtig!\"}]},{\"@type\":\"WebSite\",\"@id\":\"https:\\\/\\\/news.save.ch\\\/de\\\/#website\",\"url\":\"https:\\\/\\\/news.save.ch\\\/de\\\/\",\"name\":\"Save\",\"description\":\"Schweizer Fachzeitschrift f\u00fcr Sicherheit\",\"publisher\":{\"@id\":\"https:\\\/\\\/news.save.ch\\\/de\\\/#organization\"},\"potentialAction\":[{\"@type\":\"SearchAction\",\"target\":{\"@type\":\"EntryPoint\",\"urlTemplate\":\"https:\\\/\\\/news.save.ch\\\/de\\\/?s={search_term_string}\"},\"query-input\":{\"@type\":\"PropertyValueSpecification\",\"valueRequired\":true,\"valueName\":\"search_term_string\"}}],\"inLanguage\":\"de\"},{\"@type\":\"Organization\",\"@id\":\"https:\\\/\\\/news.save.ch\\\/de\\\/#organization\",\"name\":\"Sicherheitsforum\",\"url\":\"https:\\\/\\\/news.save.ch\\\/de\\\/\",\"logo\":{\"@type\":\"ImageObject\",\"inLanguage\":\"de\",\"@id\":\"https:\\\/\\\/news.save.ch\\\/de\\\/#\\\/schema\\\/logo\\\/image\\\/\",\"url\":\"https:\\\/\\\/news.save.ch\\\/wp-content\\\/uploads\\\/2022\\\/06\\\/Logo_SF_2012.png\",\"contentUrl\":\"https:\\\/\\\/news.save.ch\\\/wp-content\\\/uploads\\\/2022\\\/06\\\/Logo_SF_2012.png\",\"width\":1100,\"height\":91,\"caption\":\"Sicherheitsforum\"},\"image\":{\"@id\":\"https:\\\/\\\/news.save.ch\\\/de\\\/#\\\/schema\\\/logo\\\/image\\\/\"}},{\"@type\":\"Person\",\"@id\":\"https:\\\/\\\/news.save.ch\\\/de\\\/#\\\/schema\\\/person\\\/d49e199490bad7c70d64b9ab51142f2b\",\"name\":\"admin\",\"image\":{\"@type\":\"ImageObject\",\"inLanguage\":\"de\",\"@id\":\"https:\\\/\\\/secure.gravatar.com\\\/avatar\\\/ae2f4d718e6c49043e314ce431e7e645d646302a24a5ef5a8bc8e3f5a032e319?s=96&d=mm&r=g\",\"url\":\"https:\\\/\\\/secure.gravatar.com\\\/avatar\\\/ae2f4d718e6c49043e314ce431e7e645d646302a24a5ef5a8bc8e3f5a032e319?s=96&d=mm&r=g\",\"contentUrl\":\"https:\\\/\\\/secure.gravatar.com\\\/avatar\\\/ae2f4d718e6c49043e314ce431e7e645d646302a24a5ef5a8bc8e3f5a032e319?s=96&d=mm&r=g\",\"caption\":\"admin\"},\"sameAs\":[\"https:\\\/\\\/develop.organisator.galledia.ch\"],\"url\":\"https:\\\/\\\/news.save.ch\\\/de\\\/author\\\/admin\\\/\"}]}<\/script>\n<!-- \/ Yoast SEO plugin. -->","yoast_head_json":{"title":"Sommerferien: Erholen - aber richtig! - Save","description":"Sommerferien: Wirklich von der Arbeit abzuschalten f\u00e4llt auch in den Ferien vielen schwer. Sechs Tipps f\u00fcr einen stressfreien und erholsamen Urlaub.","robots":{"index":"index","follow":"follow","max-snippet":"max-snippet:-1","max-image-preview":"max-image-preview:large","max-video-preview":"max-video-preview:-1"},"canonical":"https:\/\/news.save.ch\/de\/sommerferien-erholen-richtig\/","og_locale":"de_DE","og_type":"article","og_title":"Sommerferien: Erholen - aber richtig! - Save","og_description":"Sommerferien: Wirklich von der Arbeit abzuschalten f\u00e4llt auch in den Ferien vielen schwer. Sechs Tipps f\u00fcr einen stressfreien und erholsamen Urlaub.","og_url":"https:\/\/news.save.ch\/de\/sommerferien-erholen-richtig\/","og_site_name":"Save","article_published_time":"2016-07-14T14:06:21+00:00","article_modified_time":"2023-03-14T08:03:02+00:00","og_image":[{"width":1000,"height":664,"url":"https:\/\/news.save.ch\/wp-content\/uploads\/2016\/12\/Sommerferien-Erholen-aber-richtig_safety-plus.jpg","type":"image\/jpeg"}],"author":"admin","twitter_card":"summary_large_image","twitter_misc":{"Geschrieben von":"admin","Gesch\u00e4tzte Lesezeit":"2\u00a0Minuten"},"schema":{"@context":"https:\/\/schema.org","@graph":[{"@type":"Article","@id":"https:\/\/news.save.ch\/sommerferien-erholen-richtig\/#article","isPartOf":{"@id":"https:\/\/news.save.ch\/sommerferien-erholen-richtig\/"},"author":{"name":"admin","@id":"https:\/\/news.save.ch\/de\/#\/schema\/person\/d49e199490bad7c70d64b9ab51142f2b"},"headline":"Sommerferien: Erholen &#8211; aber richtig!","datePublished":"2016-07-14T14:06:21+00:00","dateModified":"2023-03-14T08:03:02+00:00","mainEntityOfPage":{"@id":"https:\/\/news.save.ch\/sommerferien-erholen-richtig\/"},"wordCount":428,"commentCount":0,"publisher":{"@id":"https:\/\/news.save.ch\/de\/#organization"},"image":{"@id":"https:\/\/news.save.ch\/sommerferien-erholen-richtig\/#primaryimage"},"thumbnailUrl":"https:\/\/news.save.ch\/wp-content\/uploads\/2016\/12\/Sommerferien-Erholen-aber-richtig_safety-plus.jpg","keywords":["Gesundheitsschutz"],"articleSection":["HEALTH &amp; SAFETY"],"inLanguage":"de"},{"@type":"WebPage","@id":"https:\/\/news.save.ch\/sommerferien-erholen-richtig\/","url":"https:\/\/news.save.ch\/sommerferien-erholen-richtig\/","name":"Sommerferien: Erholen - aber richtig! - Save","isPartOf":{"@id":"https:\/\/news.save.ch\/de\/#website"},"primaryImageOfPage":{"@id":"https:\/\/news.save.ch\/sommerferien-erholen-richtig\/#primaryimage"},"image":{"@id":"https:\/\/news.save.ch\/sommerferien-erholen-richtig\/#primaryimage"},"thumbnailUrl":"https:\/\/news.save.ch\/wp-content\/uploads\/2016\/12\/Sommerferien-Erholen-aber-richtig_safety-plus.jpg","datePublished":"2016-07-14T14:06:21+00:00","dateModified":"2023-03-14T08:03:02+00:00","description":"Sommerferien: Wirklich von der Arbeit abzuschalten f\u00e4llt auch in den Ferien vielen schwer. Sechs Tipps f\u00fcr einen stressfreien und erholsamen Urlaub.","breadcrumb":{"@id":"https:\/\/news.save.ch\/sommerferien-erholen-richtig\/#breadcrumb"},"inLanguage":"de","potentialAction":[{"@type":"ReadAction","target":["https:\/\/news.save.ch\/sommerferien-erholen-richtig\/"]}]},{"@type":"ImageObject","inLanguage":"de","@id":"https:\/\/news.save.ch\/sommerferien-erholen-richtig\/#primaryimage","url":"https:\/\/news.save.ch\/wp-content\/uploads\/2016\/12\/Sommerferien-Erholen-aber-richtig_safety-plus.jpg","contentUrl":"https:\/\/news.save.ch\/wp-content\/uploads\/2016\/12\/Sommerferien-Erholen-aber-richtig_safety-plus.jpg","width":1000,"height":664,"caption":"Pl\u00f6tzlich von 180 auf Null runterfahren ist meist keine gute Idee."},{"@type":"BreadcrumbList","@id":"https:\/\/news.save.ch\/sommerferien-erholen-richtig\/#breadcrumb","itemListElement":[{"@type":"ListItem","position":1,"name":"Home","item":"https:\/\/news.save.ch\/de\/"},{"@type":"ListItem","position":2,"name":"Sommerferien: Erholen &#8211; aber richtig!"}]},{"@type":"WebSite","@id":"https:\/\/news.save.ch\/de\/#website","url":"https:\/\/news.save.ch\/de\/","name":"Save","description":"Schweizer Fachzeitschrift f\u00fcr Sicherheit","publisher":{"@id":"https:\/\/news.save.ch\/de\/#organization"},"potentialAction":[{"@type":"SearchAction","target":{"@type":"EntryPoint","urlTemplate":"https:\/\/news.save.ch\/de\/?s={search_term_string}"},"query-input":{"@type":"PropertyValueSpecification","valueRequired":true,"valueName":"search_term_string"}}],"inLanguage":"de"},{"@type":"Organization","@id":"https:\/\/news.save.ch\/de\/#organization","name":"Sicherheitsforum","url":"https:\/\/news.save.ch\/de\/","logo":{"@type":"ImageObject","inLanguage":"de","@id":"https:\/\/news.save.ch\/de\/#\/schema\/logo\/image\/","url":"https:\/\/news.save.ch\/wp-content\/uploads\/2022\/06\/Logo_SF_2012.png","contentUrl":"https:\/\/news.save.ch\/wp-content\/uploads\/2022\/06\/Logo_SF_2012.png","width":1100,"height":91,"caption":"Sicherheitsforum"},"image":{"@id":"https:\/\/news.save.ch\/de\/#\/schema\/logo\/image\/"}},{"@type":"Person","@id":"https:\/\/news.save.ch\/de\/#\/schema\/person\/d49e199490bad7c70d64b9ab51142f2b","name":"admin","image":{"@type":"ImageObject","inLanguage":"de","@id":"https:\/\/secure.gravatar.com\/avatar\/ae2f4d718e6c49043e314ce431e7e645d646302a24a5ef5a8bc8e3f5a032e319?s=96&d=mm&r=g","url":"https:\/\/secure.gravatar.com\/avatar\/ae2f4d718e6c49043e314ce431e7e645d646302a24a5ef5a8bc8e3f5a032e319?s=96&d=mm&r=g","contentUrl":"https:\/\/secure.gravatar.com\/avatar\/ae2f4d718e6c49043e314ce431e7e645d646302a24a5ef5a8bc8e3f5a032e319?s=96&d=mm&r=g","caption":"admin"},"sameAs":["https:\/\/develop.organisator.galledia.ch"],"url":"https:\/\/news.save.ch\/de\/author\/admin\/"}]}},"_links":{"self":[{"href":"https:\/\/news.save.ch\/de\/wp-json\/wp\/v2\/posts\/16758","targetHints":{"allow":["GET"]}}],"collection":[{"href":"https:\/\/news.save.ch\/de\/wp-json\/wp\/v2\/posts"}],"about":[{"href":"https:\/\/news.save.ch\/de\/wp-json\/wp\/v2\/types\/post"}],"author":[{"embeddable":true,"href":"https:\/\/news.save.ch\/de\/wp-json\/wp\/v2\/users\/1"}],"replies":[{"embeddable":true,"href":"https:\/\/news.save.ch\/de\/wp-json\/wp\/v2\/comments?post=16758"}],"version-history":[{"count":1,"href":"https:\/\/news.save.ch\/de\/wp-json\/wp\/v2\/posts\/16758\/revisions"}],"predecessor-version":[{"id":18826,"href":"https:\/\/news.save.ch\/de\/wp-json\/wp\/v2\/posts\/16758\/revisions\/18826"}],"wp:featuredmedia":[{"embeddable":true,"href":"https:\/\/news.save.ch\/de\/wp-json\/wp\/v2\/media\/1454"}],"wp:attachment":[{"href":"https:\/\/news.save.ch\/de\/wp-json\/wp\/v2\/media?parent=16758"}],"wp:term":[{"taxonomy":"category","embeddable":true,"href":"https:\/\/news.save.ch\/de\/wp-json\/wp\/v2\/categories?post=16758"},{"taxonomy":"post_tag","embeddable":true,"href":"https:\/\/news.save.ch\/de\/wp-json\/wp\/v2\/tags?post=16758"}],"curies":[{"name":"wp","href":"https:\/\/api.w.org\/{rel}","templated":true}]}}