{"id":16770,"date":"2016-09-13T09:36:03","date_gmt":"2016-09-13T07:36:03","guid":{"rendered":"http:\/\/dev.safety-plus.ch\/?p=1178"},"modified":"2016-09-13T09:36:03","modified_gmt":"2016-09-13T07:36:03","slug":"unfaelle-in-den-ferien-koennen-teuer-werden","status":null,"type":"post","link":"https:\/\/news.save.ch\/de\/unfaelle-in-den-ferien-koennen-teuer-werden\/","title":{"rendered":"Unf\u00e4lle in den Ferien k\u00f6nnen teuer werden"},"content":{"rendered":"<figure id=\"attachment_1179\" aria-describedby=\"caption-attachment-1179\" style=\"width: 680px\" class=\"wp-caption alignnone\"><img loading=\"lazy\" decoding=\"async\" class=\"wp-image-1179 size-medium\" src=\"http:\/\/develop.safety-plus.ch\/wp-content\/uploads\/2016\/12\/Unfaelle-in-den-Ferien-koennen-teuer-werden_safety-plus.jpg\" width=\"680\" height=\"453\" \/><figcaption id=\"caption-attachment-1179\" class=\"wp-caption-text\">Bei einem Unfall im Ausland drohen unter Umst\u00e4nden hohe Kosten.<\/figcaption><\/figure>\n<p>Verunfallen Schweizer Touristinnen und Touristen im Ausland, landen sie oft unwissentlich bei einem Privatarzt oder in einem Privatspital. Dort werden sie medizinisch gut versorgt, so wie sie dies von \u00f6ffentlichen Spit\u00e4lern der Schweiz gewohnt sind \u2013 allerdings teilweise zu wesentlich h\u00f6heren Preisen als hierzulande.<\/p>\n<p>Wer in einer solchen Situation keine entsprechende Zusatzversicherung in Form einer Ferien- und Reiseversicherung hat, muss oft einen grossen Teil der Behandlungskosten selber berappen. J\u00e4hrlich verunfallen durchschnittlich rund 50 000 Schweizerinnen und Schweizer im Ausland. F\u00fcr einige hat dies verheerende finanzielle Konsequenzen.<\/p>\n<p><strong>H\u00f6here Kosten im Ausland<\/strong><\/p>\n<p>Zwar sind alle Arbeitnehmerinnen und Arbeitnehmer, die mindestens acht Stunden pro Woche arbeiten, \u00fcber den Arbeitgeber f\u00fcr die Grundversicherung obligatorisch auch gegen Nichtberufsunf\u00e4lle versichert. Diese Unfallversicherung \u00fcbernimmt in EU- und EFTA-L\u00e4ndern dieselben Leistungen, wie wenn man im entsprechenden Land sozialversichert w\u00e4re.<\/p>\n<p>Im \u00fcbrigen Ausland zahlt sie h\u00f6chstens den doppelten Betrag der Kosten, die bei einer Behandlung in der Schweiz entstanden w\u00e4ren. Vor allem in L\u00e4ndern mit ausserordentlich hohen Medizinalkosten wie die USA, Kanada, die Vereinigten Arabischen Emirate und Japan reicht dieser Betrag bei Weitem nicht aus.<\/p>\n<p><strong>Teure Privat\u00e4rzte f\u00fcr Touristen<\/strong><\/p>\n<p>\u00abVor den Ferien mag zwar niemand daran denken, dass er w\u00e4hrenddessen verunfallen k\u00f6nnte\u00bb, sagt Roger Stalder, Teamleiter Ausland bei der Suva. Trotzdem empfiehlt er, sich f\u00fcr diesen Fall zu wappnen und eine Ferien- und Reiseversicherung abzuschliessen. Denn wer ohne diese ausserhalb der Schweiz verunfallt, muss in ein \u00f6ffentliches Spital bzw. zu einem Arzt, der zum Grundtarif des entsprechenden Landes abrechnet.<\/p>\n<p>Doch das ist gar nicht immer so einfach, denn in Touristengebieten sind solche \u00c4rzte und Spit\u00e4ler teilweise rar. Ausserdem: \u00abWer zum Beispiel am Meer auf einen Seeigel getreten ist und starke Schmerzen hat, will verst\u00e4ndlicherweise m\u00f6glichst schnell medizinische Hilfe\u00bb, sagt Roger Stalder. In einer solchen Situation w\u00fcrden die wenigsten abkl\u00e4ren, ob der n\u00e4chste Arzt ein Privatarzt sei oder nicht. Wichtiger sei f\u00fcr die meisten dann, dass der Arzt die eigene Sprache spreche.<\/p>\n<p>Was die meisten zudem nicht wissen: Viele Hotels auf den Baleareninseln (zum Beispiel Mallorca), in der T\u00fcrkei und auch in anderen L\u00e4ndern sprechen sich mit Privatkliniken und Privat\u00e4rzten ab, dass sie ihre G\u00e4ste bei einem Unfall zu ihnen bringen. \u00abDa kann es schnell passieren, dass ein ungen\u00fcgend versicherter Verunfallter Leistungen in der H\u00f6he von mehreren 10 000 Franken selber berappen muss.\u00bb<\/p>\n<p><strong>Im Spital festgehalten<\/strong><\/p>\n<p>In der T\u00fcrkei etwa kann es im Einzelfall vorkommen, dass eine schwer verunfallte Person das Spital nicht verlassen darf, selbst wenn ein Rega-Helikopter f\u00fcr den R\u00fccktransport bereitsteht. Das Spital will zuerst einen Privattarifbetrag erstattet haben. Oder die auf Skiunf\u00e4lle spezialisierten Privatkliniken in \u00d6sterreich bringen Verletzte mit eigenen Helikoptern direkt von der Skipiste in die Klinik und empfehlen eine sofortige Operation.<\/p>\n<p>Dies auch, wenn ein Heimtransport in die Schweiz m\u00f6glich w\u00e4re. Die Verunfallten m\u00fcssen meistens schriftlich der vollen Kosten\u00fcbernahme zustimmen. \u00abDoch wer w\u00fcrde dies nicht tun, wenn der Arzt r\u00e4t, das Knie umgehend zu operieren\u00bb, sagt Stalder. Eine solche Knie-Arthroskopie kostet in einem \u00f6sterreichischen Privatspital bis zu 12 000 Franken \u2013 in einem \u00f6ffentlichen Schweizer Spital w\u00fcrde sie 1000 Franken kosten.<\/p>\n<p><strong>Rettung und R\u00fccktransport<\/strong><\/p>\n<p>Ferien- und Reiseversicherungen \u00fcbernehmen in der Regel alle Kosten f\u00fcr notfallm\u00e4ssige \u00e4rztliche Leistungen, Medikamente und Spitalaufenthalte, die durch die eigene Kranken- und Unfallversicherung nicht verg\u00fctet werden. Zudem decken sie weltweit Rettungsaktionen und R\u00fccktransporte in die Schweiz. \u00abDie Leistungen k\u00f6nnen je nach Anbieter stark variieren\u00bb, so Stalder. Er empfiehlt vor Reisen, genau abzukl\u00e4ren, wie man versichert ist, und im Ausland stets die Notfallnummer seiner Unfallversicherung bereitzuhalten.<\/p>\n<p><em>Quelle: Suva<\/em><\/p>\n","protected":false},"excerpt":{"rendered":"<p>Verunfallen Schweizer Touristinnen und Touristen im Ausland, landen sie oft unwissentlich bei einem Privatarzt oder in einem Privatspital. Dort werden sie medizinisch gut versorgt, so wie sie dies von \u00f6ffentlichen Spit\u00e4lern der Schweiz gewohnt sind \u2013 allerdings teilweise zu wesentlich h\u00f6heren Preisen als hierzulande. Wer in einer solchen Situation keine entsprechende Zusatzversicherung in Form einer [&hellip;]<\/p>\n","protected":false},"author":1,"featured_media":16137,"comment_status":"open","ping_status":"open","sticky":false,"template":"","format":"standard","meta":{"_acf_changed":false,"pgc_sgb_lightbox_settings":"","footnotes":""},"categories":[1],"tags":[175,167,181],"class_list":["post-16770","post","type-post","status-publish","format-standard","has-post-thumbnail","hentry","category-allgemein","tag-nichtberufsunfaelle","tag-suva","tag-versicherung"],"acf":[],"hkrextid":null,"publication":null,"issue":null,"workflow":null,"startPage":null,"spitzmarke":null,"_posts_by_tag_page_fields":{"widget_title":"","widget_tags":""},"_at_widget":"1","_yoast_wpseo_primary_category":"1","_yoast_wpseo_focuskw_text_input":"Unfall in den Ferien","_yoast_wpseo_opengraph-image":null,"_yoast_wpseo_opengraph-description":null,"_yoast_wpseo_opengraph-title":null,"enclosure":null,"_yoast_wpseo_twitter-title":null,"_yoast_wpseo_twitter-description":null,"_yoast_wpseo_twitter-image":null,"_wp_old_slug":null,"_yoast_wpseo_title":null,"_yoast_wpseo_canonical":null,"yoast_head":"<!-- This site is optimized with the Yoast SEO plugin v27.5 - https:\/\/yoast.com\/product\/yoast-seo-wordpress\/ -->\n<title>Unf\u00e4lle in den Ferien k\u00f6nnen teuer werden - Save<\/title>\n<meta name=\"description\" content=\"Wer ungen\u00fcgend versichert ist, kann nach einem Unfall in den Ferien auf einem Teil der Behandlungskosten sitzenbleiben.\" \/>\n<meta name=\"robots\" content=\"index, follow, max-snippet:-1, max-image-preview:large, max-video-preview:-1\" \/>\n<link rel=\"canonical\" href=\"https:\/\/news.save.ch\/de\/unfaelle-in-den-ferien-koennen-teuer-werden\/\" \/>\n<meta property=\"og:locale\" content=\"de_DE\" \/>\n<meta property=\"og:type\" content=\"article\" \/>\n<meta property=\"og:title\" content=\"Unf\u00e4lle in den Ferien k\u00f6nnen teuer werden - Save\" \/>\n<meta property=\"og:description\" content=\"Wer ungen\u00fcgend versichert ist, kann nach einem Unfall in den Ferien auf einem Teil der Behandlungskosten sitzenbleiben.\" \/>\n<meta property=\"og:url\" content=\"https:\/\/news.save.ch\/de\/unfaelle-in-den-ferien-koennen-teuer-werden\/\" \/>\n<meta property=\"og:site_name\" content=\"Save\" \/>\n<meta property=\"article:published_time\" content=\"2016-09-13T07:36:03+00:00\" \/>\n<meta property=\"og:image\" content=\"https:\/\/news.save.ch\/wp-content\/uploads\/2016\/12\/Unfaelle-in-den-Ferien-koennen-teuer-werden_safety-plus-scaled-1.jpg\" \/>\n\t<meta property=\"og:image:width\" content=\"1200\" \/>\n\t<meta property=\"og:image:height\" content=\"799\" \/>\n\t<meta property=\"og:image:type\" content=\"image\/jpeg\" \/>\n<meta name=\"author\" content=\"admin\" \/>\n<meta name=\"twitter:card\" content=\"summary_large_image\" \/>\n<meta name=\"twitter:label1\" content=\"Geschrieben von\" \/>\n\t<meta name=\"twitter:data1\" content=\"admin\" \/>\n\t<meta name=\"twitter:label2\" content=\"Gesch\u00e4tzte Lesezeit\" \/>\n\t<meta name=\"twitter:data2\" content=\"3\u00a0Minuten\" \/>\n<script type=\"application\/ld+json\" class=\"yoast-schema-graph\">{\"@context\":\"https:\\\/\\\/schema.org\",\"@graph\":[{\"@type\":\"Article\",\"@id\":\"https:\\\/\\\/news.save.ch\\\/unfaelle-in-den-ferien-koennen-teuer-werden\\\/#article\",\"isPartOf\":{\"@id\":\"https:\\\/\\\/news.save.ch\\\/unfaelle-in-den-ferien-koennen-teuer-werden\\\/\"},\"author\":{\"name\":\"admin\",\"@id\":\"https:\\\/\\\/news.save.ch\\\/de\\\/#\\\/schema\\\/person\\\/d49e199490bad7c70d64b9ab51142f2b\"},\"headline\":\"Unf\u00e4lle in den Ferien k\u00f6nnen teuer werden\",\"datePublished\":\"2016-09-13T07:36:03+00:00\",\"mainEntityOfPage\":{\"@id\":\"https:\\\/\\\/news.save.ch\\\/unfaelle-in-den-ferien-koennen-teuer-werden\\\/\"},\"wordCount\":632,\"commentCount\":0,\"publisher\":{\"@id\":\"https:\\\/\\\/news.save.ch\\\/de\\\/#organization\"},\"image\":{\"@id\":\"https:\\\/\\\/news.save.ch\\\/unfaelle-in-den-ferien-koennen-teuer-werden\\\/#primaryimage\"},\"thumbnailUrl\":\"https:\\\/\\\/news.save.ch\\\/wp-content\\\/uploads\\\/2016\\\/12\\\/Unfaelle-in-den-Ferien-koennen-teuer-werden_safety-plus-scaled-1.jpg\",\"keywords\":[\"Nichtberufsunf\u00e4lle\",\"SUVA\",\"Versicherung\"],\"articleSection\":[\"ALLGEMEIN\"],\"inLanguage\":\"de\"},{\"@type\":\"WebPage\",\"@id\":\"https:\\\/\\\/news.save.ch\\\/unfaelle-in-den-ferien-koennen-teuer-werden\\\/\",\"url\":\"https:\\\/\\\/news.save.ch\\\/unfaelle-in-den-ferien-koennen-teuer-werden\\\/\",\"name\":\"Unf\u00e4lle in den Ferien k\u00f6nnen teuer werden - Save\",\"isPartOf\":{\"@id\":\"https:\\\/\\\/news.save.ch\\\/de\\\/#website\"},\"primaryImageOfPage\":{\"@id\":\"https:\\\/\\\/news.save.ch\\\/unfaelle-in-den-ferien-koennen-teuer-werden\\\/#primaryimage\"},\"image\":{\"@id\":\"https:\\\/\\\/news.save.ch\\\/unfaelle-in-den-ferien-koennen-teuer-werden\\\/#primaryimage\"},\"thumbnailUrl\":\"https:\\\/\\\/news.save.ch\\\/wp-content\\\/uploads\\\/2016\\\/12\\\/Unfaelle-in-den-Ferien-koennen-teuer-werden_safety-plus-scaled-1.jpg\",\"datePublished\":\"2016-09-13T07:36:03+00:00\",\"description\":\"Wer ungen\u00fcgend versichert ist, kann nach einem Unfall in den Ferien auf einem Teil der Behandlungskosten sitzenbleiben.\",\"breadcrumb\":{\"@id\":\"https:\\\/\\\/news.save.ch\\\/unfaelle-in-den-ferien-koennen-teuer-werden\\\/#breadcrumb\"},\"inLanguage\":\"de\",\"potentialAction\":[{\"@type\":\"ReadAction\",\"target\":[\"https:\\\/\\\/news.save.ch\\\/unfaelle-in-den-ferien-koennen-teuer-werden\\\/\"]}]},{\"@type\":\"ImageObject\",\"inLanguage\":\"de\",\"@id\":\"https:\\\/\\\/news.save.ch\\\/unfaelle-in-den-ferien-koennen-teuer-werden\\\/#primaryimage\",\"url\":\"https:\\\/\\\/news.save.ch\\\/wp-content\\\/uploads\\\/2016\\\/12\\\/Unfaelle-in-den-Ferien-koennen-teuer-werden_safety-plus-scaled-1.jpg\",\"contentUrl\":\"https:\\\/\\\/news.save.ch\\\/wp-content\\\/uploads\\\/2016\\\/12\\\/Unfaelle-in-den-Ferien-koennen-teuer-werden_safety-plus-scaled-1.jpg\",\"width\":1200,\"height\":799,\"caption\":\"Bei einem Unfall im Ausland drohen unter Umst\u00e4nden hohe Kosten.\"},{\"@type\":\"BreadcrumbList\",\"@id\":\"https:\\\/\\\/news.save.ch\\\/unfaelle-in-den-ferien-koennen-teuer-werden\\\/#breadcrumb\",\"itemListElement\":[{\"@type\":\"ListItem\",\"position\":1,\"name\":\"Home\",\"item\":\"https:\\\/\\\/news.save.ch\\\/de\\\/\"},{\"@type\":\"ListItem\",\"position\":2,\"name\":\"Unf\u00e4lle in den Ferien k\u00f6nnen teuer werden\"}]},{\"@type\":\"WebSite\",\"@id\":\"https:\\\/\\\/news.save.ch\\\/de\\\/#website\",\"url\":\"https:\\\/\\\/news.save.ch\\\/de\\\/\",\"name\":\"Save\",\"description\":\"Schweizer Fachzeitschrift f\u00fcr Sicherheit\",\"publisher\":{\"@id\":\"https:\\\/\\\/news.save.ch\\\/de\\\/#organization\"},\"potentialAction\":[{\"@type\":\"SearchAction\",\"target\":{\"@type\":\"EntryPoint\",\"urlTemplate\":\"https:\\\/\\\/news.save.ch\\\/de\\\/?s={search_term_string}\"},\"query-input\":{\"@type\":\"PropertyValueSpecification\",\"valueRequired\":true,\"valueName\":\"search_term_string\"}}],\"inLanguage\":\"de\"},{\"@type\":\"Organization\",\"@id\":\"https:\\\/\\\/news.save.ch\\\/de\\\/#organization\",\"name\":\"Sicherheitsforum\",\"url\":\"https:\\\/\\\/news.save.ch\\\/de\\\/\",\"logo\":{\"@type\":\"ImageObject\",\"inLanguage\":\"de\",\"@id\":\"https:\\\/\\\/news.save.ch\\\/de\\\/#\\\/schema\\\/logo\\\/image\\\/\",\"url\":\"https:\\\/\\\/news.save.ch\\\/wp-content\\\/uploads\\\/2022\\\/06\\\/Logo_SF_2012.png\",\"contentUrl\":\"https:\\\/\\\/news.save.ch\\\/wp-content\\\/uploads\\\/2022\\\/06\\\/Logo_SF_2012.png\",\"width\":1100,\"height\":91,\"caption\":\"Sicherheitsforum\"},\"image\":{\"@id\":\"https:\\\/\\\/news.save.ch\\\/de\\\/#\\\/schema\\\/logo\\\/image\\\/\"}},{\"@type\":\"Person\",\"@id\":\"https:\\\/\\\/news.save.ch\\\/de\\\/#\\\/schema\\\/person\\\/d49e199490bad7c70d64b9ab51142f2b\",\"name\":\"admin\",\"image\":{\"@type\":\"ImageObject\",\"inLanguage\":\"de\",\"@id\":\"https:\\\/\\\/secure.gravatar.com\\\/avatar\\\/ae2f4d718e6c49043e314ce431e7e645d646302a24a5ef5a8bc8e3f5a032e319?s=96&d=mm&r=g\",\"url\":\"https:\\\/\\\/secure.gravatar.com\\\/avatar\\\/ae2f4d718e6c49043e314ce431e7e645d646302a24a5ef5a8bc8e3f5a032e319?s=96&d=mm&r=g\",\"contentUrl\":\"https:\\\/\\\/secure.gravatar.com\\\/avatar\\\/ae2f4d718e6c49043e314ce431e7e645d646302a24a5ef5a8bc8e3f5a032e319?s=96&d=mm&r=g\",\"caption\":\"admin\"},\"sameAs\":[\"https:\\\/\\\/develop.organisator.galledia.ch\"],\"url\":\"https:\\\/\\\/news.save.ch\\\/de\\\/author\\\/admin\\\/\"}]}<\/script>\n<!-- \/ Yoast SEO plugin. -->","yoast_head_json":{"title":"Unf\u00e4lle in den Ferien k\u00f6nnen teuer werden - Save","description":"Wer ungen\u00fcgend versichert ist, kann nach einem Unfall in den Ferien auf einem Teil der Behandlungskosten sitzenbleiben.","robots":{"index":"index","follow":"follow","max-snippet":"max-snippet:-1","max-image-preview":"max-image-preview:large","max-video-preview":"max-video-preview:-1"},"canonical":"https:\/\/news.save.ch\/de\/unfaelle-in-den-ferien-koennen-teuer-werden\/","og_locale":"de_DE","og_type":"article","og_title":"Unf\u00e4lle in den Ferien k\u00f6nnen teuer werden - Save","og_description":"Wer ungen\u00fcgend versichert ist, kann nach einem Unfall in den Ferien auf einem Teil der Behandlungskosten sitzenbleiben.","og_url":"https:\/\/news.save.ch\/de\/unfaelle-in-den-ferien-koennen-teuer-werden\/","og_site_name":"Save","article_published_time":"2016-09-13T07:36:03+00:00","og_image":[{"width":1200,"height":799,"url":"https:\/\/news.save.ch\/wp-content\/uploads\/2016\/12\/Unfaelle-in-den-Ferien-koennen-teuer-werden_safety-plus-scaled-1.jpg","type":"image\/jpeg"}],"author":"admin","twitter_card":"summary_large_image","twitter_misc":{"Geschrieben von":"admin","Gesch\u00e4tzte Lesezeit":"3\u00a0Minuten"},"schema":{"@context":"https:\/\/schema.org","@graph":[{"@type":"Article","@id":"https:\/\/news.save.ch\/unfaelle-in-den-ferien-koennen-teuer-werden\/#article","isPartOf":{"@id":"https:\/\/news.save.ch\/unfaelle-in-den-ferien-koennen-teuer-werden\/"},"author":{"name":"admin","@id":"https:\/\/news.save.ch\/de\/#\/schema\/person\/d49e199490bad7c70d64b9ab51142f2b"},"headline":"Unf\u00e4lle in den Ferien k\u00f6nnen teuer werden","datePublished":"2016-09-13T07:36:03+00:00","mainEntityOfPage":{"@id":"https:\/\/news.save.ch\/unfaelle-in-den-ferien-koennen-teuer-werden\/"},"wordCount":632,"commentCount":0,"publisher":{"@id":"https:\/\/news.save.ch\/de\/#organization"},"image":{"@id":"https:\/\/news.save.ch\/unfaelle-in-den-ferien-koennen-teuer-werden\/#primaryimage"},"thumbnailUrl":"https:\/\/news.save.ch\/wp-content\/uploads\/2016\/12\/Unfaelle-in-den-Ferien-koennen-teuer-werden_safety-plus-scaled-1.jpg","keywords":["Nichtberufsunf\u00e4lle","SUVA","Versicherung"],"articleSection":["ALLGEMEIN"],"inLanguage":"de"},{"@type":"WebPage","@id":"https:\/\/news.save.ch\/unfaelle-in-den-ferien-koennen-teuer-werden\/","url":"https:\/\/news.save.ch\/unfaelle-in-den-ferien-koennen-teuer-werden\/","name":"Unf\u00e4lle in den Ferien k\u00f6nnen teuer werden - Save","isPartOf":{"@id":"https:\/\/news.save.ch\/de\/#website"},"primaryImageOfPage":{"@id":"https:\/\/news.save.ch\/unfaelle-in-den-ferien-koennen-teuer-werden\/#primaryimage"},"image":{"@id":"https:\/\/news.save.ch\/unfaelle-in-den-ferien-koennen-teuer-werden\/#primaryimage"},"thumbnailUrl":"https:\/\/news.save.ch\/wp-content\/uploads\/2016\/12\/Unfaelle-in-den-Ferien-koennen-teuer-werden_safety-plus-scaled-1.jpg","datePublished":"2016-09-13T07:36:03+00:00","description":"Wer ungen\u00fcgend versichert ist, kann nach einem Unfall in den Ferien auf einem Teil der Behandlungskosten sitzenbleiben.","breadcrumb":{"@id":"https:\/\/news.save.ch\/unfaelle-in-den-ferien-koennen-teuer-werden\/#breadcrumb"},"inLanguage":"de","potentialAction":[{"@type":"ReadAction","target":["https:\/\/news.save.ch\/unfaelle-in-den-ferien-koennen-teuer-werden\/"]}]},{"@type":"ImageObject","inLanguage":"de","@id":"https:\/\/news.save.ch\/unfaelle-in-den-ferien-koennen-teuer-werden\/#primaryimage","url":"https:\/\/news.save.ch\/wp-content\/uploads\/2016\/12\/Unfaelle-in-den-Ferien-koennen-teuer-werden_safety-plus-scaled-1.jpg","contentUrl":"https:\/\/news.save.ch\/wp-content\/uploads\/2016\/12\/Unfaelle-in-den-Ferien-koennen-teuer-werden_safety-plus-scaled-1.jpg","width":1200,"height":799,"caption":"Bei einem Unfall im Ausland drohen unter Umst\u00e4nden hohe Kosten."},{"@type":"BreadcrumbList","@id":"https:\/\/news.save.ch\/unfaelle-in-den-ferien-koennen-teuer-werden\/#breadcrumb","itemListElement":[{"@type":"ListItem","position":1,"name":"Home","item":"https:\/\/news.save.ch\/de\/"},{"@type":"ListItem","position":2,"name":"Unf\u00e4lle in den Ferien k\u00f6nnen teuer werden"}]},{"@type":"WebSite","@id":"https:\/\/news.save.ch\/de\/#website","url":"https:\/\/news.save.ch\/de\/","name":"Save","description":"Schweizer Fachzeitschrift f\u00fcr Sicherheit","publisher":{"@id":"https:\/\/news.save.ch\/de\/#organization"},"potentialAction":[{"@type":"SearchAction","target":{"@type":"EntryPoint","urlTemplate":"https:\/\/news.save.ch\/de\/?s={search_term_string}"},"query-input":{"@type":"PropertyValueSpecification","valueRequired":true,"valueName":"search_term_string"}}],"inLanguage":"de"},{"@type":"Organization","@id":"https:\/\/news.save.ch\/de\/#organization","name":"Sicherheitsforum","url":"https:\/\/news.save.ch\/de\/","logo":{"@type":"ImageObject","inLanguage":"de","@id":"https:\/\/news.save.ch\/de\/#\/schema\/logo\/image\/","url":"https:\/\/news.save.ch\/wp-content\/uploads\/2022\/06\/Logo_SF_2012.png","contentUrl":"https:\/\/news.save.ch\/wp-content\/uploads\/2022\/06\/Logo_SF_2012.png","width":1100,"height":91,"caption":"Sicherheitsforum"},"image":{"@id":"https:\/\/news.save.ch\/de\/#\/schema\/logo\/image\/"}},{"@type":"Person","@id":"https:\/\/news.save.ch\/de\/#\/schema\/person\/d49e199490bad7c70d64b9ab51142f2b","name":"admin","image":{"@type":"ImageObject","inLanguage":"de","@id":"https:\/\/secure.gravatar.com\/avatar\/ae2f4d718e6c49043e314ce431e7e645d646302a24a5ef5a8bc8e3f5a032e319?s=96&d=mm&r=g","url":"https:\/\/secure.gravatar.com\/avatar\/ae2f4d718e6c49043e314ce431e7e645d646302a24a5ef5a8bc8e3f5a032e319?s=96&d=mm&r=g","contentUrl":"https:\/\/secure.gravatar.com\/avatar\/ae2f4d718e6c49043e314ce431e7e645d646302a24a5ef5a8bc8e3f5a032e319?s=96&d=mm&r=g","caption":"admin"},"sameAs":["https:\/\/develop.organisator.galledia.ch"],"url":"https:\/\/news.save.ch\/de\/author\/admin\/"}]}},"_links":{"self":[{"href":"https:\/\/news.save.ch\/de\/wp-json\/wp\/v2\/posts\/16770","targetHints":{"allow":["GET"]}}],"collection":[{"href":"https:\/\/news.save.ch\/de\/wp-json\/wp\/v2\/posts"}],"about":[{"href":"https:\/\/news.save.ch\/de\/wp-json\/wp\/v2\/types\/post"}],"author":[{"embeddable":true,"href":"https:\/\/news.save.ch\/de\/wp-json\/wp\/v2\/users\/1"}],"replies":[{"embeddable":true,"href":"https:\/\/news.save.ch\/de\/wp-json\/wp\/v2\/comments?post=16770"}],"version-history":[{"count":0,"href":"https:\/\/news.save.ch\/de\/wp-json\/wp\/v2\/posts\/16770\/revisions"}],"wp:featuredmedia":[{"embeddable":true,"href":"https:\/\/news.save.ch\/de\/wp-json\/wp\/v2\/media\/16137"}],"wp:attachment":[{"href":"https:\/\/news.save.ch\/de\/wp-json\/wp\/v2\/media?parent=16770"}],"wp:term":[{"taxonomy":"category","embeddable":true,"href":"https:\/\/news.save.ch\/de\/wp-json\/wp\/v2\/categories?post=16770"},{"taxonomy":"post_tag","embeddable":true,"href":"https:\/\/news.save.ch\/de\/wp-json\/wp\/v2\/tags?post=16770"}],"curies":[{"name":"wp","href":"https:\/\/api.w.org\/{rel}","templated":true}]}}