{"id":16779,"date":"2016-10-14T10:29:56","date_gmt":"2016-10-14T08:29:56","guid":{"rendered":"http:\/\/dev.safety-plus.ch\/?p=1244"},"modified":"2023-03-14T09:01:07","modified_gmt":"2023-03-14T08:01:07","slug":"mehr-anreize-fuer-reintegration","status":null,"type":"post","link":"https:\/\/news.save.ch\/de\/mehr-anreize-fuer-reintegration\/","title":{"rendered":"Mehr Anreize f\u00fcr Reintegration"},"content":{"rendered":"<figure id=\"attachment_1245\" aria-describedby=\"caption-attachment-1245\" style=\"width: 680px\" class=\"wp-caption alignnone\"><img loading=\"lazy\" decoding=\"async\" class=\"wp-image-1245 size-medium\" src=\"http:\/\/develop.safety-plus.ch\/wp-content\/uploads\/2016\/12\/Mehr-Anreize-fuer-Reintegration_safety-plus.jpg\" width=\"680\" height=\"453\" \/><figcaption id=\"caption-attachment-1245\" class=\"wp-caption-text\">Um Unternehmen zu unterst\u00fctzen, die f\u00fcr verunfallte Mitarbeitende geeignete Arbeitspl\u00e4tze bereitstellen<\/figcaption><\/figure>\n<p>Die aktuelle Wirtschaftslage und die voranschreitende Digitalisierung machen es zunehmend schwierig, verunfallte Arbeitnehmerinnen und Arbeitnehmer in den Arbeitsmarkt zur\u00fcckzuf\u00fchren \u2013 vor allem, wenn diese gar nicht oder nur schlecht ausgebildet sind. Um Unternehmen zu unterst\u00fctzen, die f\u00fcr diese Menschen geeignete Arbeitspl\u00e4tze bereitstellen, lanciert die Suva jetzt das Programm \u00abAnreize f\u00fcr die betriebliche Wiedereingliederung\u00bb.<\/p>\n<p>Im Fokus stehen Menschen, die nach einem Unfall nicht mehr ihrer urspr\u00fcnglichen T\u00e4tigkeit nachgehen oder nur mit grossem Engagement ihres Arbeitgebers wieder ihren Beruf aus\u00fcben k\u00f6nnen. Ein Kriterium ist zudem, dass kein Anspruch auf eine berufliche Massnahme der Invalidenversicherung (IV) besteht \u2013 sei es, weil die Betroffenen ohne Ausbildung keinen Umschulungsanspruch haben oder weil die IV aus einem anderen Grund nicht aktiv wird. Die Umsetzung des Programms erfolgt jedoch in enger Zusammenarbeit zwischen Suva und IV.<\/p>\n<p><strong>20 000 Franken Erfolgshonorar<\/strong><\/p>\n<p>Neu sollen deutlich mehr Versicherte bzw. Unternehmen vom optimierten Anreizsystem profitieren. Daf\u00fcr baut die Suva ihre Leistungen aus. In Zukunft soll das Angebot auch f\u00fcr Unternehmen infrage kommen, die eigene verunfallte Mitarbeitende wiedereingliedern. Bis anhin galt das Anreizsystem f\u00fcr Betriebe, die f\u00fcr einen verunfallten Arbeitnehmer eine Stelle geschaffen haben. Denn: \u00abWir geben unseren Versicherten lieber eine Perspektive statt eine Rente\u00bb, sagt Peter Diermann, Bereichsleiter Versicherungsleistungen bei der Suva.<\/p>\n<p>Mit dem neuen Anreizsystem hat die Suva die M\u00f6glichkeit, Wiedereingliederungskosten bis zu 20 000 Franken zu \u00fcbernehmen. \u00abDarunter fallen etwa Arbeitsplatzanpassungen, Kosten f\u00fcr die Einarbeitung an einen neuen Arbeitsplatz oder Ausbildungskurse im Hinblick auf eine Umplatzierung oder Neuanstellung\u00bb, sagt Diermann. Zudem k\u00f6nne bei einem erfolgreichen Abschluss der Massnahme ein Erfolgshonorar von 20 000 Franken ausbezahlt werden. Diese Kosten haben keine Pr\u00e4mienbelastung f\u00fcr die Unternehmen zur Folge. Ziel der Suva ist es, dass sie durch diese Massnahmen eine finanzielle Einsparung erreicht.<\/p>\n<p>Das Programm \u00abAnreize f\u00fcr die betriebliche Wiedereingliederung\u00bb l\u00f6st das Pilotprojekt \u00abInitiative Berufliche Reintegration\u00bb ab, mit dem die Suva in den letzten f\u00fcnf Jahren 180 Versicherte wiedereingegliedert und 30 Mio. Franken an Rentenzahlungen eingespart hat.<\/p>\n<p><em>Quelle: Suva<\/em><\/p>\n","protected":false},"excerpt":{"rendered":"<p>Die aktuelle Wirtschaftslage und die voranschreitende Digitalisierung machen es zunehmend schwierig, verunfallte Arbeitnehmerinnen und Arbeitnehmer in den Arbeitsmarkt zur\u00fcckzuf\u00fchren \u2013 vor allem, wenn diese gar nicht oder nur schlecht ausgebildet sind. Um Unternehmen zu unterst\u00fctzen, die f\u00fcr diese Menschen geeignete Arbeitspl\u00e4tze bereitstellen, lanciert die Suva jetzt das Programm \u00abAnreize f\u00fcr die betriebliche Wiedereingliederung\u00bb. Im Fokus [&hellip;]<\/p>\n","protected":false},"author":1,"featured_media":1245,"comment_status":"open","ping_status":"open","sticky":false,"template":"","format":"standard","meta":{"_acf_changed":false,"pgc_sgb_lightbox_settings":"","footnotes":""},"categories":[1,3314],"tags":[172,167],"class_list":["post-16779","post","type-post","status-publish","format-standard","has-post-thumbnail","hentry","category-allgemein","category-health-safety","tag-arbeitssicherheit","tag-suva"],"acf":[],"hkrextid":null,"publication":null,"issue":null,"workflow":null,"startPage":null,"spitzmarke":null,"_posts_by_tag_page_fields":{"widget_title":"","widget_tags":""},"_at_widget":"1","_yoast_wpseo_primary_category":"5","_yoast_wpseo_focuskw_text_input":"Reintegration","_yoast_wpseo_opengraph-image":null,"_yoast_wpseo_opengraph-description":null,"_yoast_wpseo_opengraph-title":null,"enclosure":null,"_yoast_wpseo_twitter-title":null,"_yoast_wpseo_twitter-description":null,"_yoast_wpseo_twitter-image":null,"_wp_old_slug":null,"_yoast_wpseo_title":null,"_yoast_wpseo_canonical":null,"yoast_head":"<!-- This site is optimized with the Yoast SEO plugin v27.5 - https:\/\/yoast.com\/product\/yoast-seo-wordpress\/ -->\n<title>Mehr Anreize f\u00fcr Reintegration - Save<\/title>\n<meta name=\"description\" content=\"Reintegration: Nach erfolgreichem Pilotversuch baut die Suva ihr Reintegrationsprogramm aus. Damit will sie Arbeitgebern mehr finanzielle Anreize bieten.\" \/>\n<meta name=\"robots\" content=\"index, follow, max-snippet:-1, max-image-preview:large, max-video-preview:-1\" \/>\n<link rel=\"canonical\" href=\"https:\/\/news.save.ch\/de\/mehr-anreize-fuer-reintegration\/\" \/>\n<meta property=\"og:locale\" content=\"de_DE\" \/>\n<meta property=\"og:type\" content=\"article\" \/>\n<meta property=\"og:title\" content=\"Mehr Anreize f\u00fcr Reintegration - Save\" \/>\n<meta property=\"og:description\" content=\"Reintegration: Nach erfolgreichem Pilotversuch baut die Suva ihr Reintegrationsprogramm aus. Damit will sie Arbeitgebern mehr finanzielle Anreize bieten.\" \/>\n<meta property=\"og:url\" content=\"https:\/\/news.save.ch\/de\/mehr-anreize-fuer-reintegration\/\" \/>\n<meta property=\"og:site_name\" content=\"Save\" \/>\n<meta property=\"article:published_time\" content=\"2016-10-14T08:29:56+00:00\" \/>\n<meta property=\"article:modified_time\" content=\"2023-03-14T08:01:07+00:00\" \/>\n<meta property=\"og:image\" content=\"https:\/\/news.save.ch\/wp-content\/uploads\/2016\/12\/Mehr-Anreize-fuer-Reintegration_safety-plus-scaled-1.jpg\" \/>\n\t<meta property=\"og:image:width\" content=\"1200\" \/>\n\t<meta property=\"og:image:height\" content=\"800\" \/>\n\t<meta property=\"og:image:type\" content=\"image\/jpeg\" \/>\n<meta name=\"author\" content=\"admin\" \/>\n<meta name=\"twitter:card\" content=\"summary_large_image\" \/>\n<meta name=\"twitter:label1\" content=\"Geschrieben von\" \/>\n\t<meta name=\"twitter:data1\" content=\"admin\" \/>\n\t<meta name=\"twitter:label2\" content=\"Gesch\u00e4tzte Lesezeit\" \/>\n\t<meta name=\"twitter:data2\" content=\"2\u00a0Minuten\" \/>\n<script type=\"application\/ld+json\" class=\"yoast-schema-graph\">{\"@context\":\"https:\\\/\\\/schema.org\",\"@graph\":[{\"@type\":\"Article\",\"@id\":\"https:\\\/\\\/news.save.ch\\\/mehr-anreize-fuer-reintegration\\\/#article\",\"isPartOf\":{\"@id\":\"https:\\\/\\\/news.save.ch\\\/mehr-anreize-fuer-reintegration\\\/\"},\"author\":{\"name\":\"admin\",\"@id\":\"https:\\\/\\\/news.save.ch\\\/de\\\/#\\\/schema\\\/person\\\/d49e199490bad7c70d64b9ab51142f2b\"},\"headline\":\"Mehr Anreize f\u00fcr Reintegration\",\"datePublished\":\"2016-10-14T08:29:56+00:00\",\"dateModified\":\"2023-03-14T08:01:07+00:00\",\"mainEntityOfPage\":{\"@id\":\"https:\\\/\\\/news.save.ch\\\/mehr-anreize-fuer-reintegration\\\/\"},\"wordCount\":355,\"commentCount\":0,\"publisher\":{\"@id\":\"https:\\\/\\\/news.save.ch\\\/de\\\/#organization\"},\"image\":{\"@id\":\"https:\\\/\\\/news.save.ch\\\/mehr-anreize-fuer-reintegration\\\/#primaryimage\"},\"thumbnailUrl\":\"https:\\\/\\\/news.save.ch\\\/wp-content\\\/uploads\\\/2016\\\/12\\\/Mehr-Anreize-fuer-Reintegration_safety-plus-scaled-1.jpg\",\"keywords\":[\"Arbeitssicherheit\",\"SUVA\"],\"articleSection\":[\"ALLGEMEIN\",\"HEALTH &amp; SAFETY\"],\"inLanguage\":\"de\"},{\"@type\":\"WebPage\",\"@id\":\"https:\\\/\\\/news.save.ch\\\/mehr-anreize-fuer-reintegration\\\/\",\"url\":\"https:\\\/\\\/news.save.ch\\\/mehr-anreize-fuer-reintegration\\\/\",\"name\":\"Mehr Anreize f\u00fcr Reintegration - Save\",\"isPartOf\":{\"@id\":\"https:\\\/\\\/news.save.ch\\\/de\\\/#website\"},\"primaryImageOfPage\":{\"@id\":\"https:\\\/\\\/news.save.ch\\\/mehr-anreize-fuer-reintegration\\\/#primaryimage\"},\"image\":{\"@id\":\"https:\\\/\\\/news.save.ch\\\/mehr-anreize-fuer-reintegration\\\/#primaryimage\"},\"thumbnailUrl\":\"https:\\\/\\\/news.save.ch\\\/wp-content\\\/uploads\\\/2016\\\/12\\\/Mehr-Anreize-fuer-Reintegration_safety-plus-scaled-1.jpg\",\"datePublished\":\"2016-10-14T08:29:56+00:00\",\"dateModified\":\"2023-03-14T08:01:07+00:00\",\"description\":\"Reintegration: Nach erfolgreichem Pilotversuch baut die Suva ihr Reintegrationsprogramm aus. Damit will sie Arbeitgebern mehr finanzielle Anreize bieten.\",\"breadcrumb\":{\"@id\":\"https:\\\/\\\/news.save.ch\\\/mehr-anreize-fuer-reintegration\\\/#breadcrumb\"},\"inLanguage\":\"de\",\"potentialAction\":[{\"@type\":\"ReadAction\",\"target\":[\"https:\\\/\\\/news.save.ch\\\/mehr-anreize-fuer-reintegration\\\/\"]}]},{\"@type\":\"ImageObject\",\"inLanguage\":\"de\",\"@id\":\"https:\\\/\\\/news.save.ch\\\/mehr-anreize-fuer-reintegration\\\/#primaryimage\",\"url\":\"https:\\\/\\\/news.save.ch\\\/wp-content\\\/uploads\\\/2016\\\/12\\\/Mehr-Anreize-fuer-Reintegration_safety-plus-scaled-1.jpg\",\"contentUrl\":\"https:\\\/\\\/news.save.ch\\\/wp-content\\\/uploads\\\/2016\\\/12\\\/Mehr-Anreize-fuer-Reintegration_safety-plus-scaled-1.jpg\",\"width\":1200,\"height\":800,\"caption\":\"Um Unternehmen zu unterst\u00fctzen, die f\u00fcr verunfallte Mitarbeitende geeignete Arbeitspl\u00e4tze bereitstellen\"},{\"@type\":\"BreadcrumbList\",\"@id\":\"https:\\\/\\\/news.save.ch\\\/mehr-anreize-fuer-reintegration\\\/#breadcrumb\",\"itemListElement\":[{\"@type\":\"ListItem\",\"position\":1,\"name\":\"Home\",\"item\":\"https:\\\/\\\/news.save.ch\\\/de\\\/\"},{\"@type\":\"ListItem\",\"position\":2,\"name\":\"Mehr Anreize f\u00fcr Reintegration\"}]},{\"@type\":\"WebSite\",\"@id\":\"https:\\\/\\\/news.save.ch\\\/de\\\/#website\",\"url\":\"https:\\\/\\\/news.save.ch\\\/de\\\/\",\"name\":\"Save\",\"description\":\"Schweizer Fachzeitschrift f\u00fcr Sicherheit\",\"publisher\":{\"@id\":\"https:\\\/\\\/news.save.ch\\\/de\\\/#organization\"},\"potentialAction\":[{\"@type\":\"SearchAction\",\"target\":{\"@type\":\"EntryPoint\",\"urlTemplate\":\"https:\\\/\\\/news.save.ch\\\/de\\\/?s={search_term_string}\"},\"query-input\":{\"@type\":\"PropertyValueSpecification\",\"valueRequired\":true,\"valueName\":\"search_term_string\"}}],\"inLanguage\":\"de\"},{\"@type\":\"Organization\",\"@id\":\"https:\\\/\\\/news.save.ch\\\/de\\\/#organization\",\"name\":\"Sicherheitsforum\",\"url\":\"https:\\\/\\\/news.save.ch\\\/de\\\/\",\"logo\":{\"@type\":\"ImageObject\",\"inLanguage\":\"de\",\"@id\":\"https:\\\/\\\/news.save.ch\\\/de\\\/#\\\/schema\\\/logo\\\/image\\\/\",\"url\":\"https:\\\/\\\/news.save.ch\\\/wp-content\\\/uploads\\\/2022\\\/06\\\/Logo_SF_2012.png\",\"contentUrl\":\"https:\\\/\\\/news.save.ch\\\/wp-content\\\/uploads\\\/2022\\\/06\\\/Logo_SF_2012.png\",\"width\":1100,\"height\":91,\"caption\":\"Sicherheitsforum\"},\"image\":{\"@id\":\"https:\\\/\\\/news.save.ch\\\/de\\\/#\\\/schema\\\/logo\\\/image\\\/\"}},{\"@type\":\"Person\",\"@id\":\"https:\\\/\\\/news.save.ch\\\/de\\\/#\\\/schema\\\/person\\\/d49e199490bad7c70d64b9ab51142f2b\",\"name\":\"admin\",\"image\":{\"@type\":\"ImageObject\",\"inLanguage\":\"de\",\"@id\":\"https:\\\/\\\/secure.gravatar.com\\\/avatar\\\/ae2f4d718e6c49043e314ce431e7e645d646302a24a5ef5a8bc8e3f5a032e319?s=96&d=mm&r=g\",\"url\":\"https:\\\/\\\/secure.gravatar.com\\\/avatar\\\/ae2f4d718e6c49043e314ce431e7e645d646302a24a5ef5a8bc8e3f5a032e319?s=96&d=mm&r=g\",\"contentUrl\":\"https:\\\/\\\/secure.gravatar.com\\\/avatar\\\/ae2f4d718e6c49043e314ce431e7e645d646302a24a5ef5a8bc8e3f5a032e319?s=96&d=mm&r=g\",\"caption\":\"admin\"},\"sameAs\":[\"https:\\\/\\\/develop.organisator.galledia.ch\"],\"url\":\"https:\\\/\\\/news.save.ch\\\/de\\\/author\\\/admin\\\/\"}]}<\/script>\n<!-- \/ Yoast SEO plugin. -->","yoast_head_json":{"title":"Mehr Anreize f\u00fcr Reintegration - Save","description":"Reintegration: Nach erfolgreichem Pilotversuch baut die Suva ihr Reintegrationsprogramm aus. Damit will sie Arbeitgebern mehr finanzielle Anreize bieten.","robots":{"index":"index","follow":"follow","max-snippet":"max-snippet:-1","max-image-preview":"max-image-preview:large","max-video-preview":"max-video-preview:-1"},"canonical":"https:\/\/news.save.ch\/de\/mehr-anreize-fuer-reintegration\/","og_locale":"de_DE","og_type":"article","og_title":"Mehr Anreize f\u00fcr Reintegration - Save","og_description":"Reintegration: Nach erfolgreichem Pilotversuch baut die Suva ihr Reintegrationsprogramm aus. Damit will sie Arbeitgebern mehr finanzielle Anreize bieten.","og_url":"https:\/\/news.save.ch\/de\/mehr-anreize-fuer-reintegration\/","og_site_name":"Save","article_published_time":"2016-10-14T08:29:56+00:00","article_modified_time":"2023-03-14T08:01:07+00:00","og_image":[{"width":1200,"height":800,"url":"https:\/\/news.save.ch\/wp-content\/uploads\/2016\/12\/Mehr-Anreize-fuer-Reintegration_safety-plus-scaled-1.jpg","type":"image\/jpeg"}],"author":"admin","twitter_card":"summary_large_image","twitter_misc":{"Geschrieben von":"admin","Gesch\u00e4tzte Lesezeit":"2\u00a0Minuten"},"schema":{"@context":"https:\/\/schema.org","@graph":[{"@type":"Article","@id":"https:\/\/news.save.ch\/mehr-anreize-fuer-reintegration\/#article","isPartOf":{"@id":"https:\/\/news.save.ch\/mehr-anreize-fuer-reintegration\/"},"author":{"name":"admin","@id":"https:\/\/news.save.ch\/de\/#\/schema\/person\/d49e199490bad7c70d64b9ab51142f2b"},"headline":"Mehr Anreize f\u00fcr Reintegration","datePublished":"2016-10-14T08:29:56+00:00","dateModified":"2023-03-14T08:01:07+00:00","mainEntityOfPage":{"@id":"https:\/\/news.save.ch\/mehr-anreize-fuer-reintegration\/"},"wordCount":355,"commentCount":0,"publisher":{"@id":"https:\/\/news.save.ch\/de\/#organization"},"image":{"@id":"https:\/\/news.save.ch\/mehr-anreize-fuer-reintegration\/#primaryimage"},"thumbnailUrl":"https:\/\/news.save.ch\/wp-content\/uploads\/2016\/12\/Mehr-Anreize-fuer-Reintegration_safety-plus-scaled-1.jpg","keywords":["Arbeitssicherheit","SUVA"],"articleSection":["ALLGEMEIN","HEALTH &amp; SAFETY"],"inLanguage":"de"},{"@type":"WebPage","@id":"https:\/\/news.save.ch\/mehr-anreize-fuer-reintegration\/","url":"https:\/\/news.save.ch\/mehr-anreize-fuer-reintegration\/","name":"Mehr Anreize f\u00fcr Reintegration - Save","isPartOf":{"@id":"https:\/\/news.save.ch\/de\/#website"},"primaryImageOfPage":{"@id":"https:\/\/news.save.ch\/mehr-anreize-fuer-reintegration\/#primaryimage"},"image":{"@id":"https:\/\/news.save.ch\/mehr-anreize-fuer-reintegration\/#primaryimage"},"thumbnailUrl":"https:\/\/news.save.ch\/wp-content\/uploads\/2016\/12\/Mehr-Anreize-fuer-Reintegration_safety-plus-scaled-1.jpg","datePublished":"2016-10-14T08:29:56+00:00","dateModified":"2023-03-14T08:01:07+00:00","description":"Reintegration: Nach erfolgreichem Pilotversuch baut die Suva ihr Reintegrationsprogramm aus. Damit will sie Arbeitgebern mehr finanzielle Anreize bieten.","breadcrumb":{"@id":"https:\/\/news.save.ch\/mehr-anreize-fuer-reintegration\/#breadcrumb"},"inLanguage":"de","potentialAction":[{"@type":"ReadAction","target":["https:\/\/news.save.ch\/mehr-anreize-fuer-reintegration\/"]}]},{"@type":"ImageObject","inLanguage":"de","@id":"https:\/\/news.save.ch\/mehr-anreize-fuer-reintegration\/#primaryimage","url":"https:\/\/news.save.ch\/wp-content\/uploads\/2016\/12\/Mehr-Anreize-fuer-Reintegration_safety-plus-scaled-1.jpg","contentUrl":"https:\/\/news.save.ch\/wp-content\/uploads\/2016\/12\/Mehr-Anreize-fuer-Reintegration_safety-plus-scaled-1.jpg","width":1200,"height":800,"caption":"Um Unternehmen zu unterst\u00fctzen, die f\u00fcr verunfallte Mitarbeitende geeignete Arbeitspl\u00e4tze bereitstellen"},{"@type":"BreadcrumbList","@id":"https:\/\/news.save.ch\/mehr-anreize-fuer-reintegration\/#breadcrumb","itemListElement":[{"@type":"ListItem","position":1,"name":"Home","item":"https:\/\/news.save.ch\/de\/"},{"@type":"ListItem","position":2,"name":"Mehr Anreize f\u00fcr Reintegration"}]},{"@type":"WebSite","@id":"https:\/\/news.save.ch\/de\/#website","url":"https:\/\/news.save.ch\/de\/","name":"Save","description":"Schweizer Fachzeitschrift f\u00fcr Sicherheit","publisher":{"@id":"https:\/\/news.save.ch\/de\/#organization"},"potentialAction":[{"@type":"SearchAction","target":{"@type":"EntryPoint","urlTemplate":"https:\/\/news.save.ch\/de\/?s={search_term_string}"},"query-input":{"@type":"PropertyValueSpecification","valueRequired":true,"valueName":"search_term_string"}}],"inLanguage":"de"},{"@type":"Organization","@id":"https:\/\/news.save.ch\/de\/#organization","name":"Sicherheitsforum","url":"https:\/\/news.save.ch\/de\/","logo":{"@type":"ImageObject","inLanguage":"de","@id":"https:\/\/news.save.ch\/de\/#\/schema\/logo\/image\/","url":"https:\/\/news.save.ch\/wp-content\/uploads\/2022\/06\/Logo_SF_2012.png","contentUrl":"https:\/\/news.save.ch\/wp-content\/uploads\/2022\/06\/Logo_SF_2012.png","width":1100,"height":91,"caption":"Sicherheitsforum"},"image":{"@id":"https:\/\/news.save.ch\/de\/#\/schema\/logo\/image\/"}},{"@type":"Person","@id":"https:\/\/news.save.ch\/de\/#\/schema\/person\/d49e199490bad7c70d64b9ab51142f2b","name":"admin","image":{"@type":"ImageObject","inLanguage":"de","@id":"https:\/\/secure.gravatar.com\/avatar\/ae2f4d718e6c49043e314ce431e7e645d646302a24a5ef5a8bc8e3f5a032e319?s=96&d=mm&r=g","url":"https:\/\/secure.gravatar.com\/avatar\/ae2f4d718e6c49043e314ce431e7e645d646302a24a5ef5a8bc8e3f5a032e319?s=96&d=mm&r=g","contentUrl":"https:\/\/secure.gravatar.com\/avatar\/ae2f4d718e6c49043e314ce431e7e645d646302a24a5ef5a8bc8e3f5a032e319?s=96&d=mm&r=g","caption":"admin"},"sameAs":["https:\/\/develop.organisator.galledia.ch"],"url":"https:\/\/news.save.ch\/de\/author\/admin\/"}]}},"_links":{"self":[{"href":"https:\/\/news.save.ch\/de\/wp-json\/wp\/v2\/posts\/16779","targetHints":{"allow":["GET"]}}],"collection":[{"href":"https:\/\/news.save.ch\/de\/wp-json\/wp\/v2\/posts"}],"about":[{"href":"https:\/\/news.save.ch\/de\/wp-json\/wp\/v2\/types\/post"}],"author":[{"embeddable":true,"href":"https:\/\/news.save.ch\/de\/wp-json\/wp\/v2\/users\/1"}],"replies":[{"embeddable":true,"href":"https:\/\/news.save.ch\/de\/wp-json\/wp\/v2\/comments?post=16779"}],"version-history":[{"count":1,"href":"https:\/\/news.save.ch\/de\/wp-json\/wp\/v2\/posts\/16779\/revisions"}],"predecessor-version":[{"id":18352,"href":"https:\/\/news.save.ch\/de\/wp-json\/wp\/v2\/posts\/16779\/revisions\/18352"}],"wp:featuredmedia":[{"embeddable":true,"href":"https:\/\/news.save.ch\/de\/wp-json\/wp\/v2\/media\/1245"}],"wp:attachment":[{"href":"https:\/\/news.save.ch\/de\/wp-json\/wp\/v2\/media?parent=16779"}],"wp:term":[{"taxonomy":"category","embeddable":true,"href":"https:\/\/news.save.ch\/de\/wp-json\/wp\/v2\/categories?post=16779"},{"taxonomy":"post_tag","embeddable":true,"href":"https:\/\/news.save.ch\/de\/wp-json\/wp\/v2\/tags?post=16779"}],"curies":[{"name":"wp","href":"https:\/\/api.w.org\/{rel}","templated":true}]}}