{"id":16784,"date":"2016-11-08T10:59:49","date_gmt":"2016-11-08T09:59:49","guid":{"rendered":"http:\/\/dev.safety-plus.ch\/?p=1274"},"modified":"2023-03-14T09:05:36","modified_gmt":"2023-03-14T08:05:36","slug":"fach-und-fuehrungskraefte-sind-oft-ueberfordert","status":null,"type":"post","link":"https:\/\/news.save.ch\/de\/fach-und-fuehrungskraefte-sind-oft-ueberfordert\/","title":{"rendered":"Fach- und F\u00fchrungskr\u00e4fte sind oft \u00fcberfordert"},"content":{"rendered":"<p><img loading=\"lazy\" decoding=\"async\" class=\"alignnone wp-image-1275 size-medium\" src=\"http:\/\/develop.safety-plus.ch\/wp-content\/uploads\/2016\/12\/Fach-und-Fuehrungskraefte-sind-oft-ueberfordert_safety-plus.jpg\" width=\"680\" height=\"454\" \/><\/p>\n<p>Viele Fach- und F\u00fchrungskr\u00e4fte sind mit ihrem Aufgabenbereich und dem herrschenden Arbeitsdruck \u00fcberfordert. Dieses Ergebnis hat eine Umfrage der Deutschen\u00a0<a href=\"http:\/\/www.bwabonn.de\/\" target=\"_blank\" rel=\"noreferrer noopener\" data-cke-saved-href=\"http:\/\/www.bwabonn.de\/\">BWA Akademie<\/a>\u00a0unter 100 vorwiegend mittelst\u00e4ndischen Unternehmen an den Tag gebracht. So gehen \u00fcber zwei Drittel (68 Prozent) der befragten Firmen von einer \u00dcberlastung weiter Teile ihrer Belegschaft aus. Ein Viertel bekennt sich sogar zu einer \u201estarken \u00dcberforderung\u201c. Mit \u201estimmt nicht\u201c widersprechen lediglich 11 Prozent der Unternehmen. In beinahe drei Viertel (74 Prozent) der Firmen mangelt es an motivierenden Massnahmen f\u00fcr Fach- und F\u00fchrungskr\u00e4fte.<\/p>\n<p>Als wesentliche Gr\u00fcnde f\u00fcr Unzufriedenheit in der Mitarbeiterschaft hat die BWA-Umfrage ermittelt (Mehrfachantworten waren erw\u00fcnscht): keine Unterst\u00fctzung bei der Aus- und Weiterbildung (79 Prozent), unflexible Arbeitszeiten (78 Prozent), unzureichende Bezahlung (67 Prozent) und fortw\u00e4hrende Umstrukturierungen im Betrieb (64 Prozent).<\/p>\n<p><strong>\u00dcberforderung versch\u00e4rft den Mangel an Fach- und F\u00fchrungskr\u00e4ften<\/strong><\/p>\n<p>\u201eAlle diese Faktoren versch\u00e4rfen den Fach- und F\u00fchrungskr\u00e4ftemangel, unter dem mehr als 90 Prozent aller Unternehmen ohnehin schon leiden\u201c, betont BWA-Gesch\u00e4ftsf\u00fchrer Harald M\u00fcller. Er erkl\u00e4rt: \u201eDen Firmen ist dringend zu raten, die Weiterbildung ihrer Belegschaft zu professionalisieren, \u00e4ltere Arbeitnehmer besser einzubinden, der Frauenf\u00f6rderung im Betrieb eine gr\u00f6ssere Beachtung zu schenken, der Work-Life-Balance mehr Bedeutung beizumessen und die Mitarbeitermotivation und berufliche Anerkennung st\u00e4rker herauszustellen.\u201c<\/p>\n<p><strong>Betriebsklima f\u00e4llt eine Schl\u00fcsselrolle zu<\/strong><\/p>\n<p>Dabei f\u00e4llt dem Umgang der F\u00fchrungskr\u00e4fte mit der Belegschaft eine Schl\u00fcsselrolle zu, hat die Umfrage ermittelt. 98 Prozent der Unternehmen erwarten von ihren Managern, dass sie den Mitarbeitern gegen\u00fcber eine deutliche Wertsch\u00e4tzung zum Ausdruck bringen. 87 Prozent legen Wert auf ein verantwortungsvolles Miteinander, das f\u00fcr 84 Prozent zur Selbstst\u00e4ndigkeit ermuntern soll. Weiterhin gefragt ist ein kooperativer (75 Prozent), hilfsbereiter (73 Prozent), anspruchsvoller (71 Prozent) und freundlicher (67 Prozent) Umgang. Immer \u201elocker\u201c und \u201eentspannt\u201c halten 64 Prozent bzw. 51 Prozent der Befragten f\u00fcr die richtige Grundstimmung.<\/p>\n<p>Allerdings ist den Firmen \u201enur nett\u201c nicht genug f\u00fcr das Betriebsklima. 57 Prozent der befragten Unternehmen erwarten von ihren F\u00fchrungskr\u00e4ften auch Strenge und 41 Prozent Autorit\u00e4t bei der Kommunikation mit der Belegschaft.<\/p>\n<p><strong>F\u00fchrungskr\u00e4fte werden vernachl\u00e4ssigt<\/strong><\/p>\n<p>Wie gut werden die Manager bei ihren F\u00fchrungsaufgaben unterst\u00fctzt, wollte die BWA-Akademie im Rahmen der Umfrage herausfinden. Viel zu wenig, bekennen 78 Prozent der kontaktierten Unternehmen. Lediglich 18 Prozent der Firmen lassen ihren F\u00fchrungskr\u00e4ften eine ausreichende F\u00f6rderung zuteil werden.<\/p>\n<p>\u201eUnternehmen, die ihre F\u00fchrungsebenen vernachl\u00e4ssigen, d\u00fcrfen sich nicht wundern, wenn sich diese Vernachl\u00e4ssigung im ganzen Betrieb breit macht. Wer selbst keine F\u00f6rderung erf\u00e4hrt, zeigt in der Regel wenig Bereitschaft, andere zu f\u00f6rdern\u201c, stellt BWA-Chef Harald M\u00fcller klar. Er erkl\u00e4rt: \u201eZwar haben sich 89 Prozent der Firmen das Coaching ihrer F\u00fchrungskr\u00e4fte auf die Fahnen geschrieben, aber nicht einmal die H\u00e4lfte aller Unternehmen investiert ausreichend ins Coaching. 91 Prozent der Firmen sind sich \u00fcber die Bedeutung der Work-Life-Balance in der Belegschaft bewusst. Aber bei den wenigsten Unternehmen dr\u00fcckt sich dieses Bewusstsein in konkreten Massnahmen zur Verbesserung der Situation aus. Probleme zu erkennen, ist ein wichtiger Schritt. Aber ebenso wichtig ist es, diese Probleme dann auch anzugehen und zu l\u00f6sen.\u201c<\/p>\n<p><em>Quelle: BWA-Akademie<\/em><\/p>\n","protected":false},"excerpt":{"rendered":"<p>Viele Fach- und F\u00fchrungskr\u00e4fte sind mit ihrem Aufgabenbereich und dem herrschenden Arbeitsdruck \u00fcberfordert. Dieses Ergebnis hat eine Umfrage der Deutschen\u00a0BWA Akademie\u00a0unter 100 vorwiegend mittelst\u00e4ndischen Unternehmen an den Tag gebracht. So gehen \u00fcber zwei Drittel (68 Prozent) der befragten Firmen von einer \u00dcberlastung weiter Teile ihrer Belegschaft aus. Ein Viertel bekennt sich sogar zu einer \u201estarken [&hellip;]<\/p>\n","protected":false},"author":1,"featured_media":16151,"comment_status":"open","ping_status":"open","sticky":false,"template":"","format":"standard","meta":{"_acf_changed":false,"pgc_sgb_lightbox_settings":"","footnotes":""},"categories":[1,3314],"tags":[2729,64],"class_list":["post-16784","post","type-post","status-publish","format-standard","has-post-thumbnail","hentry","category-allgemein","category-health-safety","tag-psychische-gesundheit","tag-studie"],"acf":[],"hkrextid":null,"publication":null,"issue":null,"workflow":null,"startPage":null,"spitzmarke":null,"_posts_by_tag_page_fields":{"widget_title":"","widget_tags":""},"_at_widget":"1","_yoast_wpseo_primary_category":"3303","_yoast_wpseo_focuskw_text_input":"F\u00fchrungskr\u00e4fte","_yoast_wpseo_opengraph-image":null,"_yoast_wpseo_opengraph-description":null,"_yoast_wpseo_opengraph-title":null,"enclosure":null,"_yoast_wpseo_twitter-title":null,"_yoast_wpseo_twitter-description":null,"_yoast_wpseo_twitter-image":null,"_wp_old_slug":null,"_yoast_wpseo_title":null,"_yoast_wpseo_canonical":null,"yoast_head":"<!-- This site is optimized with the Yoast SEO plugin v27.4 - https:\/\/yoast.com\/product\/yoast-seo-wordpress\/ -->\n<title>Fach- und F\u00fchrungskr\u00e4fte sind oft \u00fcberfordert - Save<\/title>\n<meta name=\"description\" content=\"Laut einer Umfrage der BWA-Akademie sind viele Fach- und F\u00fchrungskr\u00e4fte mit ihrem Aufgabenbereich und dem herrschenden Arbeitsdruck \u00fcberfordert.\" \/>\n<meta name=\"robots\" content=\"index, follow, max-snippet:-1, max-image-preview:large, max-video-preview:-1\" \/>\n<link rel=\"canonical\" href=\"https:\/\/news.save.ch\/de\/fach-und-fuehrungskraefte-sind-oft-ueberfordert\/\" \/>\n<meta property=\"og:locale\" content=\"de_DE\" \/>\n<meta property=\"og:type\" content=\"article\" \/>\n<meta property=\"og:title\" content=\"Fach- und F\u00fchrungskr\u00e4fte sind oft \u00fcberfordert - Save\" \/>\n<meta property=\"og:description\" content=\"Laut einer Umfrage der BWA-Akademie sind viele Fach- und F\u00fchrungskr\u00e4fte mit ihrem Aufgabenbereich und dem herrschenden Arbeitsdruck \u00fcberfordert.\" \/>\n<meta property=\"og:url\" content=\"https:\/\/news.save.ch\/de\/fach-und-fuehrungskraefte-sind-oft-ueberfordert\/\" \/>\n<meta property=\"og:site_name\" content=\"Save\" \/>\n<meta property=\"article:published_time\" content=\"2016-11-08T09:59:49+00:00\" \/>\n<meta property=\"article:modified_time\" content=\"2023-03-14T08:05:36+00:00\" \/>\n<meta property=\"og:image\" content=\"https:\/\/news.save.ch\/wp-content\/uploads\/2016\/12\/Fach-und-Fuehrungskraefte-sind-oft-ueberfordert_safety-plus.jpg\" \/>\n\t<meta property=\"og:image:width\" content=\"1000\" \/>\n\t<meta property=\"og:image:height\" content=\"667\" \/>\n\t<meta property=\"og:image:type\" content=\"image\/jpeg\" \/>\n<meta name=\"author\" content=\"admin\" \/>\n<meta name=\"twitter:card\" content=\"summary_large_image\" \/>\n<meta name=\"twitter:label1\" content=\"Geschrieben von\" \/>\n\t<meta name=\"twitter:data1\" content=\"admin\" \/>\n\t<meta name=\"twitter:label2\" content=\"Gesch\u00e4tzte Lesezeit\" \/>\n\t<meta name=\"twitter:data2\" content=\"3\u00a0Minuten\" \/>\n<script type=\"application\/ld+json\" class=\"yoast-schema-graph\">{\"@context\":\"https:\\\/\\\/schema.org\",\"@graph\":[{\"@type\":\"Article\",\"@id\":\"https:\\\/\\\/news.save.ch\\\/fach-und-fuehrungskraefte-sind-oft-ueberfordert\\\/#article\",\"isPartOf\":{\"@id\":\"https:\\\/\\\/news.save.ch\\\/fach-und-fuehrungskraefte-sind-oft-ueberfordert\\\/\"},\"author\":{\"name\":\"admin\",\"@id\":\"https:\\\/\\\/news.save.ch\\\/de\\\/#\\\/schema\\\/person\\\/d49e199490bad7c70d64b9ab51142f2b\"},\"headline\":\"Fach- und F\u00fchrungskr\u00e4fte sind oft \u00fcberfordert\",\"datePublished\":\"2016-11-08T09:59:49+00:00\",\"dateModified\":\"2023-03-14T08:05:36+00:00\",\"mainEntityOfPage\":{\"@id\":\"https:\\\/\\\/news.save.ch\\\/fach-und-fuehrungskraefte-sind-oft-ueberfordert\\\/\"},\"wordCount\":522,\"commentCount\":1,\"publisher\":{\"@id\":\"https:\\\/\\\/news.save.ch\\\/de\\\/#organization\"},\"image\":{\"@id\":\"https:\\\/\\\/news.save.ch\\\/fach-und-fuehrungskraefte-sind-oft-ueberfordert\\\/#primaryimage\"},\"thumbnailUrl\":\"https:\\\/\\\/news.save.ch\\\/wp-content\\\/uploads\\\/2016\\\/12\\\/Fach-und-Fuehrungskraefte-sind-oft-ueberfordert_safety-plus.jpg\",\"keywords\":[\"Psychische Gesundheit\",\"Studie\"],\"articleSection\":[\"ALLGEMEIN\",\"HEALTH &amp; SAFETY\"],\"inLanguage\":\"de\"},{\"@type\":\"WebPage\",\"@id\":\"https:\\\/\\\/news.save.ch\\\/fach-und-fuehrungskraefte-sind-oft-ueberfordert\\\/\",\"url\":\"https:\\\/\\\/news.save.ch\\\/fach-und-fuehrungskraefte-sind-oft-ueberfordert\\\/\",\"name\":\"Fach- und F\u00fchrungskr\u00e4fte sind oft \u00fcberfordert - Save\",\"isPartOf\":{\"@id\":\"https:\\\/\\\/news.save.ch\\\/de\\\/#website\"},\"primaryImageOfPage\":{\"@id\":\"https:\\\/\\\/news.save.ch\\\/fach-und-fuehrungskraefte-sind-oft-ueberfordert\\\/#primaryimage\"},\"image\":{\"@id\":\"https:\\\/\\\/news.save.ch\\\/fach-und-fuehrungskraefte-sind-oft-ueberfordert\\\/#primaryimage\"},\"thumbnailUrl\":\"https:\\\/\\\/news.save.ch\\\/wp-content\\\/uploads\\\/2016\\\/12\\\/Fach-und-Fuehrungskraefte-sind-oft-ueberfordert_safety-plus.jpg\",\"datePublished\":\"2016-11-08T09:59:49+00:00\",\"dateModified\":\"2023-03-14T08:05:36+00:00\",\"description\":\"Laut einer Umfrage der BWA-Akademie sind viele Fach- und F\u00fchrungskr\u00e4fte mit ihrem Aufgabenbereich und dem herrschenden Arbeitsdruck \u00fcberfordert.\",\"breadcrumb\":{\"@id\":\"https:\\\/\\\/news.save.ch\\\/fach-und-fuehrungskraefte-sind-oft-ueberfordert\\\/#breadcrumb\"},\"inLanguage\":\"de\",\"potentialAction\":[{\"@type\":\"ReadAction\",\"target\":[\"https:\\\/\\\/news.save.ch\\\/fach-und-fuehrungskraefte-sind-oft-ueberfordert\\\/\"]}]},{\"@type\":\"ImageObject\",\"inLanguage\":\"de\",\"@id\":\"https:\\\/\\\/news.save.ch\\\/fach-und-fuehrungskraefte-sind-oft-ueberfordert\\\/#primaryimage\",\"url\":\"https:\\\/\\\/news.save.ch\\\/wp-content\\\/uploads\\\/2016\\\/12\\\/Fach-und-Fuehrungskraefte-sind-oft-ueberfordert_safety-plus.jpg\",\"contentUrl\":\"https:\\\/\\\/news.save.ch\\\/wp-content\\\/uploads\\\/2016\\\/12\\\/Fach-und-Fuehrungskraefte-sind-oft-ueberfordert_safety-plus.jpg\",\"width\":1000,\"height\":667},{\"@type\":\"BreadcrumbList\",\"@id\":\"https:\\\/\\\/news.save.ch\\\/fach-und-fuehrungskraefte-sind-oft-ueberfordert\\\/#breadcrumb\",\"itemListElement\":[{\"@type\":\"ListItem\",\"position\":1,\"name\":\"Home\",\"item\":\"https:\\\/\\\/news.save.ch\\\/de\\\/\"},{\"@type\":\"ListItem\",\"position\":2,\"name\":\"Fach- und F\u00fchrungskr\u00e4fte sind oft \u00fcberfordert\"}]},{\"@type\":\"WebSite\",\"@id\":\"https:\\\/\\\/news.save.ch\\\/de\\\/#website\",\"url\":\"https:\\\/\\\/news.save.ch\\\/de\\\/\",\"name\":\"Save\",\"description\":\"Schweizer Fachzeitschrift f\u00fcr Sicherheit\",\"publisher\":{\"@id\":\"https:\\\/\\\/news.save.ch\\\/de\\\/#organization\"},\"potentialAction\":[{\"@type\":\"SearchAction\",\"target\":{\"@type\":\"EntryPoint\",\"urlTemplate\":\"https:\\\/\\\/news.save.ch\\\/de\\\/?s={search_term_string}\"},\"query-input\":{\"@type\":\"PropertyValueSpecification\",\"valueRequired\":true,\"valueName\":\"search_term_string\"}}],\"inLanguage\":\"de\"},{\"@type\":\"Organization\",\"@id\":\"https:\\\/\\\/news.save.ch\\\/de\\\/#organization\",\"name\":\"Sicherheitsforum\",\"url\":\"https:\\\/\\\/news.save.ch\\\/de\\\/\",\"logo\":{\"@type\":\"ImageObject\",\"inLanguage\":\"de\",\"@id\":\"https:\\\/\\\/news.save.ch\\\/de\\\/#\\\/schema\\\/logo\\\/image\\\/\",\"url\":\"https:\\\/\\\/news.save.ch\\\/wp-content\\\/uploads\\\/2022\\\/06\\\/Logo_SF_2012.png\",\"contentUrl\":\"https:\\\/\\\/news.save.ch\\\/wp-content\\\/uploads\\\/2022\\\/06\\\/Logo_SF_2012.png\",\"width\":1100,\"height\":91,\"caption\":\"Sicherheitsforum\"},\"image\":{\"@id\":\"https:\\\/\\\/news.save.ch\\\/de\\\/#\\\/schema\\\/logo\\\/image\\\/\"}},{\"@type\":\"Person\",\"@id\":\"https:\\\/\\\/news.save.ch\\\/de\\\/#\\\/schema\\\/person\\\/d49e199490bad7c70d64b9ab51142f2b\",\"name\":\"admin\",\"image\":{\"@type\":\"ImageObject\",\"inLanguage\":\"de\",\"@id\":\"https:\\\/\\\/secure.gravatar.com\\\/avatar\\\/ae2f4d718e6c49043e314ce431e7e645d646302a24a5ef5a8bc8e3f5a032e319?s=96&d=mm&r=g\",\"url\":\"https:\\\/\\\/secure.gravatar.com\\\/avatar\\\/ae2f4d718e6c49043e314ce431e7e645d646302a24a5ef5a8bc8e3f5a032e319?s=96&d=mm&r=g\",\"contentUrl\":\"https:\\\/\\\/secure.gravatar.com\\\/avatar\\\/ae2f4d718e6c49043e314ce431e7e645d646302a24a5ef5a8bc8e3f5a032e319?s=96&d=mm&r=g\",\"caption\":\"admin\"},\"sameAs\":[\"https:\\\/\\\/develop.organisator.galledia.ch\"],\"url\":\"https:\\\/\\\/news.save.ch\\\/de\\\/author\\\/admin\\\/\"}]}<\/script>\n<!-- \/ Yoast SEO plugin. -->","yoast_head_json":{"title":"Fach- und F\u00fchrungskr\u00e4fte sind oft \u00fcberfordert - Save","description":"Laut einer Umfrage der BWA-Akademie sind viele Fach- und F\u00fchrungskr\u00e4fte mit ihrem Aufgabenbereich und dem herrschenden Arbeitsdruck \u00fcberfordert.","robots":{"index":"index","follow":"follow","max-snippet":"max-snippet:-1","max-image-preview":"max-image-preview:large","max-video-preview":"max-video-preview:-1"},"canonical":"https:\/\/news.save.ch\/de\/fach-und-fuehrungskraefte-sind-oft-ueberfordert\/","og_locale":"de_DE","og_type":"article","og_title":"Fach- und F\u00fchrungskr\u00e4fte sind oft \u00fcberfordert - Save","og_description":"Laut einer Umfrage der BWA-Akademie sind viele Fach- und F\u00fchrungskr\u00e4fte mit ihrem Aufgabenbereich und dem herrschenden Arbeitsdruck \u00fcberfordert.","og_url":"https:\/\/news.save.ch\/de\/fach-und-fuehrungskraefte-sind-oft-ueberfordert\/","og_site_name":"Save","article_published_time":"2016-11-08T09:59:49+00:00","article_modified_time":"2023-03-14T08:05:36+00:00","og_image":[{"width":1000,"height":667,"url":"https:\/\/news.save.ch\/wp-content\/uploads\/2016\/12\/Fach-und-Fuehrungskraefte-sind-oft-ueberfordert_safety-plus.jpg","type":"image\/jpeg"}],"author":"admin","twitter_card":"summary_large_image","twitter_misc":{"Geschrieben von":"admin","Gesch\u00e4tzte Lesezeit":"3\u00a0Minuten"},"schema":{"@context":"https:\/\/schema.org","@graph":[{"@type":"Article","@id":"https:\/\/news.save.ch\/fach-und-fuehrungskraefte-sind-oft-ueberfordert\/#article","isPartOf":{"@id":"https:\/\/news.save.ch\/fach-und-fuehrungskraefte-sind-oft-ueberfordert\/"},"author":{"name":"admin","@id":"https:\/\/news.save.ch\/de\/#\/schema\/person\/d49e199490bad7c70d64b9ab51142f2b"},"headline":"Fach- und F\u00fchrungskr\u00e4fte sind oft \u00fcberfordert","datePublished":"2016-11-08T09:59:49+00:00","dateModified":"2023-03-14T08:05:36+00:00","mainEntityOfPage":{"@id":"https:\/\/news.save.ch\/fach-und-fuehrungskraefte-sind-oft-ueberfordert\/"},"wordCount":522,"commentCount":1,"publisher":{"@id":"https:\/\/news.save.ch\/de\/#organization"},"image":{"@id":"https:\/\/news.save.ch\/fach-und-fuehrungskraefte-sind-oft-ueberfordert\/#primaryimage"},"thumbnailUrl":"https:\/\/news.save.ch\/wp-content\/uploads\/2016\/12\/Fach-und-Fuehrungskraefte-sind-oft-ueberfordert_safety-plus.jpg","keywords":["Psychische Gesundheit","Studie"],"articleSection":["ALLGEMEIN","HEALTH &amp; SAFETY"],"inLanguage":"de"},{"@type":"WebPage","@id":"https:\/\/news.save.ch\/fach-und-fuehrungskraefte-sind-oft-ueberfordert\/","url":"https:\/\/news.save.ch\/fach-und-fuehrungskraefte-sind-oft-ueberfordert\/","name":"Fach- und F\u00fchrungskr\u00e4fte sind oft \u00fcberfordert - Save","isPartOf":{"@id":"https:\/\/news.save.ch\/de\/#website"},"primaryImageOfPage":{"@id":"https:\/\/news.save.ch\/fach-und-fuehrungskraefte-sind-oft-ueberfordert\/#primaryimage"},"image":{"@id":"https:\/\/news.save.ch\/fach-und-fuehrungskraefte-sind-oft-ueberfordert\/#primaryimage"},"thumbnailUrl":"https:\/\/news.save.ch\/wp-content\/uploads\/2016\/12\/Fach-und-Fuehrungskraefte-sind-oft-ueberfordert_safety-plus.jpg","datePublished":"2016-11-08T09:59:49+00:00","dateModified":"2023-03-14T08:05:36+00:00","description":"Laut einer Umfrage der BWA-Akademie sind viele Fach- und F\u00fchrungskr\u00e4fte mit ihrem Aufgabenbereich und dem herrschenden Arbeitsdruck \u00fcberfordert.","breadcrumb":{"@id":"https:\/\/news.save.ch\/fach-und-fuehrungskraefte-sind-oft-ueberfordert\/#breadcrumb"},"inLanguage":"de","potentialAction":[{"@type":"ReadAction","target":["https:\/\/news.save.ch\/fach-und-fuehrungskraefte-sind-oft-ueberfordert\/"]}]},{"@type":"ImageObject","inLanguage":"de","@id":"https:\/\/news.save.ch\/fach-und-fuehrungskraefte-sind-oft-ueberfordert\/#primaryimage","url":"https:\/\/news.save.ch\/wp-content\/uploads\/2016\/12\/Fach-und-Fuehrungskraefte-sind-oft-ueberfordert_safety-plus.jpg","contentUrl":"https:\/\/news.save.ch\/wp-content\/uploads\/2016\/12\/Fach-und-Fuehrungskraefte-sind-oft-ueberfordert_safety-plus.jpg","width":1000,"height":667},{"@type":"BreadcrumbList","@id":"https:\/\/news.save.ch\/fach-und-fuehrungskraefte-sind-oft-ueberfordert\/#breadcrumb","itemListElement":[{"@type":"ListItem","position":1,"name":"Home","item":"https:\/\/news.save.ch\/de\/"},{"@type":"ListItem","position":2,"name":"Fach- und F\u00fchrungskr\u00e4fte sind oft \u00fcberfordert"}]},{"@type":"WebSite","@id":"https:\/\/news.save.ch\/de\/#website","url":"https:\/\/news.save.ch\/de\/","name":"Save","description":"Schweizer Fachzeitschrift f\u00fcr Sicherheit","publisher":{"@id":"https:\/\/news.save.ch\/de\/#organization"},"potentialAction":[{"@type":"SearchAction","target":{"@type":"EntryPoint","urlTemplate":"https:\/\/news.save.ch\/de\/?s={search_term_string}"},"query-input":{"@type":"PropertyValueSpecification","valueRequired":true,"valueName":"search_term_string"}}],"inLanguage":"de"},{"@type":"Organization","@id":"https:\/\/news.save.ch\/de\/#organization","name":"Sicherheitsforum","url":"https:\/\/news.save.ch\/de\/","logo":{"@type":"ImageObject","inLanguage":"de","@id":"https:\/\/news.save.ch\/de\/#\/schema\/logo\/image\/","url":"https:\/\/news.save.ch\/wp-content\/uploads\/2022\/06\/Logo_SF_2012.png","contentUrl":"https:\/\/news.save.ch\/wp-content\/uploads\/2022\/06\/Logo_SF_2012.png","width":1100,"height":91,"caption":"Sicherheitsforum"},"image":{"@id":"https:\/\/news.save.ch\/de\/#\/schema\/logo\/image\/"}},{"@type":"Person","@id":"https:\/\/news.save.ch\/de\/#\/schema\/person\/d49e199490bad7c70d64b9ab51142f2b","name":"admin","image":{"@type":"ImageObject","inLanguage":"de","@id":"https:\/\/secure.gravatar.com\/avatar\/ae2f4d718e6c49043e314ce431e7e645d646302a24a5ef5a8bc8e3f5a032e319?s=96&d=mm&r=g","url":"https:\/\/secure.gravatar.com\/avatar\/ae2f4d718e6c49043e314ce431e7e645d646302a24a5ef5a8bc8e3f5a032e319?s=96&d=mm&r=g","contentUrl":"https:\/\/secure.gravatar.com\/avatar\/ae2f4d718e6c49043e314ce431e7e645d646302a24a5ef5a8bc8e3f5a032e319?s=96&d=mm&r=g","caption":"admin"},"sameAs":["https:\/\/develop.organisator.galledia.ch"],"url":"https:\/\/news.save.ch\/de\/author\/admin\/"}]}},"_links":{"self":[{"href":"https:\/\/news.save.ch\/de\/wp-json\/wp\/v2\/posts\/16784","targetHints":{"allow":["GET"]}}],"collection":[{"href":"https:\/\/news.save.ch\/de\/wp-json\/wp\/v2\/posts"}],"about":[{"href":"https:\/\/news.save.ch\/de\/wp-json\/wp\/v2\/types\/post"}],"author":[{"embeddable":true,"href":"https:\/\/news.save.ch\/de\/wp-json\/wp\/v2\/users\/1"}],"replies":[{"embeddable":true,"href":"https:\/\/news.save.ch\/de\/wp-json\/wp\/v2\/comments?post=16784"}],"version-history":[{"count":1,"href":"https:\/\/news.save.ch\/de\/wp-json\/wp\/v2\/posts\/16784\/revisions"}],"predecessor-version":[{"id":19019,"href":"https:\/\/news.save.ch\/de\/wp-json\/wp\/v2\/posts\/16784\/revisions\/19019"}],"wp:featuredmedia":[{"embeddable":true,"href":"https:\/\/news.save.ch\/de\/wp-json\/wp\/v2\/media\/16151"}],"wp:attachment":[{"href":"https:\/\/news.save.ch\/de\/wp-json\/wp\/v2\/media?parent=16784"}],"wp:term":[{"taxonomy":"category","embeddable":true,"href":"https:\/\/news.save.ch\/de\/wp-json\/wp\/v2\/categories?post=16784"},{"taxonomy":"post_tag","embeddable":true,"href":"https:\/\/news.save.ch\/de\/wp-json\/wp\/v2\/tags?post=16784"}],"curies":[{"name":"wp","href":"https:\/\/api.w.org\/{rel}","templated":true}]}}