{"id":16788,"date":"2016-11-20T11:19:50","date_gmt":"2016-11-20T10:19:50","guid":{"rendered":"http:\/\/dev.safety-plus.ch\/?p=1301"},"modified":"2016-11-20T11:19:50","modified_gmt":"2016-11-20T10:19:50","slug":"selbstfahrende-autos-sorgen-um-unfallrisiko","status":null,"type":"post","link":"https:\/\/news.save.ch\/de\/selbstfahrende-autos-sorgen-um-unfallrisiko\/","title":{"rendered":"Selbstfahrende Autos: Sorgen um Unfallrisiko"},"content":{"rendered":"<figure id=\"attachment_1302\" aria-describedby=\"caption-attachment-1302\" style=\"width: 680px\" class=\"wp-caption alignnone\"><img loading=\"lazy\" decoding=\"async\" class=\"wp-image-1302 size-medium\" src=\"http:\/\/develop.safety-plus.ch\/wp-content\/uploads\/2016\/12\/Selbstfahrende-Autos-Sorgen-um-Unfallrisiko_safety-plus.jpg\" width=\"680\" height=\"544\" srcset=\"https:\/\/news.save.ch\/wp-content\/uploads\/2016\/12\/Selbstfahrende-Autos-Sorgen-um-Unfallrisiko_safety-plus.jpg 1000w, https:\/\/news.save.ch\/wp-content\/uploads\/2016\/12\/Selbstfahrende-Autos-Sorgen-um-Unfallrisiko_safety-plus-680x544.jpg 680w, https:\/\/news.save.ch\/wp-content\/uploads\/2016\/12\/Selbstfahrende-Autos-Sorgen-um-Unfallrisiko_safety-plus-768x614.jpg 768w, https:\/\/news.save.ch\/wp-content\/uploads\/2016\/12\/Selbstfahrende-Autos-Sorgen-um-Unfallrisiko_safety-plus-15x12.jpg 15w, https:\/\/news.save.ch\/wp-content\/uploads\/2016\/12\/Selbstfahrende-Autos-Sorgen-um-Unfallrisiko_safety-plus-375x300.jpg 375w, https:\/\/news.save.ch\/wp-content\/uploads\/2016\/12\/Selbstfahrende-Autos-Sorgen-um-Unfallrisiko_safety-plus-438x350.jpg 438w\" sizes=\"auto, (max-width: 680px) 100vw, 680px\" \/><figcaption id=\"caption-attachment-1302\" class=\"wp-caption-text\">Der Verkehr der Zukunft: Fahren in f\u00fcnf Jahren bereits die ersten autonomen Fahrzeuge auf den Schweizer Autobahnen?<\/figcaption><\/figure>\n<p>An die Automatisierung der Fahrzeuge werden hohe Erwartungen gekn\u00fcpft: Der Strassenverkehr soll leistungsf\u00e4higer, wirtschaftlicher, umweltvertr\u00e4glicher und nicht zuletzt sicherer werden. Und tats\u00e4chlich: Mit den aktuell verf\u00fcgbaren Fahrassistenzsystemen k\u00f6nnte die H\u00e4lfe aller Unf\u00e4lle verhindert werden.<\/p>\n<p>\u00abWenn wir aber von selbstfahrenden Automobilen sprechen, sieht die Realit\u00e4t heute anders aus\u00bb, ist sich Stefan Siegrist, stellvertretender Direktor der Beratungsstelle f\u00fcr Unfallverh\u00fctung bfu sicher: \u00abWir befinden uns am Beginn einer \u00dcbergangsphase, in der wir zwischen sicherheitsf\u00f6rderlicher Technik wie automatisches Abbremsen in Notsituationen und Komfortsystemen unterscheiden m\u00fcssen.\u00bb<\/p>\n<p>Zu letzteren z\u00e4hlt die bfu das teilautonome Fahren. Weil das Auto noch nicht zu allem f\u00e4hig ist, m\u00fcssen Autofahrende jederzeit innert Sekunden \u00fcbernehmen k\u00f6nnen und d\u00fcrfen sich nicht blind auf die Technik verlassen. Der Mensch wird vorerst vom Autofahrer zum Auto\u00fcberwacher. Dies birgt auch Gefahren, da nun technische M\u00f6glichkeiten entwickelt werden, ohne vorg\u00e4ngig zu gew\u00e4hrleisten, ob der Mensch damit umgehen kann und ob sie wirklich sicher sind<\/p>\n<p>F\u00fcr die sichere Gestaltung der technischen Revolution r\u00e4t Stefan Siegrist: \u00abDie Beh\u00f6rden sollen bei Sicherheitsbedenken Fahrzeugen die Zulassung verweigern. Weiter m\u00fcssen die Hersteller korrekt \u00fcber die Grenzen der verkauften Systeme informieren. Und wichtig ist auch, dass die Autolenker in der \u00dcbergangszeit weiterhin den Blick immer auf die Strasse richten sowie die H\u00e4nde am Lenkrad halten.\u00bb<\/p>\n<p><strong>Test mit TCS zeigt noch M\u00e4ngel der Fahrassistenzsysteme auf<\/strong><\/p>\n<p>Gemeinsam mit dem TCS <a href=\"https:\/\/safety-plus.hamster.ch\/elektronische-fahrhelfer-ueberzeugen-noch-nicht-ganz\" target=\"_blank\" rel=\"noreferrer noopener\" data-cke-saved-href=\"https:\/\/safety-plus.hamster.ch\/elektronische-fahrhelfer-ueberzeugen-noch-nicht-ganz\">testete die bfu aktuelle Fahrassistenzsysteme<\/a> der Modelle Mercedes E-Klasse, Tesla Model S und Volvo S90. Es zeigt sich, dass die getesteten Systeme noch nicht ausgereift sind. Einerseits tragen technischen Neuerungen zur Verbesserung des Fahrkomforts bei \u2013 so \u00fcberzeugten bei allen Fahrzeugen der Abstandstempomat und die Verkehrszeichenerkennung, andererseits arbeiteten die elektronischen Helfer nicht immer zuverl\u00e4ssig. Negativ aufgefallen sind die teilweise schlecht wahrnehmbaren Warnhinweise, welche den Fahrer auf eine Situation aufmerksam machen sollen.<\/p>\n<p><strong>Die 5 Thesen der bfu zu selbstfahrenden Autos<\/strong><\/p>\n<ul>\n<li>Die bfu begr\u00fcsst die sicherheitstechnische Entwicklung bei Fahrzeugen. Mit den aktuell verf\u00fcgbaren Fahrassistenzsystemen k\u00f6nnte die H\u00e4lfe aller Unf\u00e4lle verhindert werden.<\/li>\n<li>Die heutigen Fahrassistenzsysteme sind der Grundstein f\u00fcr selbstfahrende Autos. Vollautomatisierte Fahrzeuge bringen viele Vorteile, zum Beispiel weniger Tote und Verletzte, weniger Stau und eine bessere \u00d6kobilanz.<\/li>\n<li>Von autonomem Fahren sind wir noch weit entfernt. Selbst die modernsten Fahrzeuge haben Grenzen, der Mensch bleibt gefragt und sollte rasch wieder das Steuer \u00fcbernehmen k\u00f6nnen \u2013 kann es aber nicht in jedem Fall.<\/li>\n<li>Die bfu bef\u00fcrchtet, dass die Unf\u00e4lle in der \u00dcbergangsphase zunehmen k\u00f6nnten. Die Technik ist komplexen Situationen noch nicht gewachsen, die Kommunikation mit den \u00fcbrigen Verkehrsteilnehmenden fehlt, rechtliche Fragen m\u00fcssen gekl\u00e4rt werden.<\/li>\n<li>Die bfu sch\u00e4tzt, dass erste vollst\u00e4ndig selbstfahrende Autos in f\u00fcnf Jahren auf Autobahnen und in rund zehn Jahren auch in anspruchsvollen Situationen sicher unterwegs sein werden. Erst nach dem kompletten Ersatz des bestehenden Fahrzeugparks wird der Nutzen f\u00fcr die Verkehrssicherheit maximal sein.<\/li>\n<\/ul>\n<p><strong>Quelle: bfu<\/strong><\/p>\n","protected":false},"excerpt":{"rendered":"<p>An die Automatisierung der Fahrzeuge werden hohe Erwartungen gekn\u00fcpft: Der Strassenverkehr soll leistungsf\u00e4higer, wirtschaftlicher, umweltvertr\u00e4glicher und nicht zuletzt sicherer werden. Und tats\u00e4chlich: Mit den aktuell verf\u00fcgbaren Fahrassistenzsystemen k\u00f6nnte die H\u00e4lfe aller Unf\u00e4lle verhindert werden. \u00abWenn wir aber von selbstfahrenden Automobilen sprechen, sieht die Realit\u00e4t heute anders aus\u00bb, ist sich Stefan Siegrist, stellvertretender Direktor der Beratungsstelle [&hellip;]<\/p>\n","protected":false},"author":1,"featured_media":1302,"comment_status":"open","ping_status":"open","sticky":false,"template":"","format":"standard","meta":{"_acf_changed":false,"pgc_sgb_lightbox_settings":"","footnotes":""},"categories":[1],"tags":[2553,352],"class_list":["post-16788","post","type-post","status-publish","format-standard","has-post-thumbnail","hentry","category-allgemein","tag-mobilitaetsmanagement","tag-verkehrssicherheit"],"acf":[],"hkrextid":null,"publication":null,"issue":null,"workflow":null,"startPage":null,"spitzmarke":null,"_posts_by_tag_page_fields":{"widget_title":"","widget_tags":""},"_at_widget":"1","_yoast_wpseo_primary_category":"1","_yoast_wpseo_focuskw_text_input":"Selbstfahrende Autos","_yoast_wpseo_opengraph-image":null,"_yoast_wpseo_opengraph-description":null,"_yoast_wpseo_opengraph-title":null,"enclosure":null,"_yoast_wpseo_twitter-title":null,"_yoast_wpseo_twitter-description":null,"_yoast_wpseo_twitter-image":null,"_wp_old_slug":null,"_yoast_wpseo_title":null,"_yoast_wpseo_canonical":null,"yoast_head":"<!-- This site is optimized with the Yoast SEO plugin v27.5 - https:\/\/yoast.com\/product\/yoast-seo-wordpress\/ -->\n<title>Selbstfahrende Autos: Sorgen um Unfallrisiko - Save<\/title>\n<meta name=\"description\" content=\"Selbstfahrende Autos sollen die Unfallursache Mensch eliminieren und so den Verkehr sicherer machen.\" \/>\n<meta name=\"robots\" content=\"index, follow, max-snippet:-1, max-image-preview:large, max-video-preview:-1\" \/>\n<link rel=\"canonical\" href=\"https:\/\/news.save.ch\/de\/selbstfahrende-autos-sorgen-um-unfallrisiko\/\" \/>\n<meta property=\"og:locale\" content=\"de_DE\" \/>\n<meta property=\"og:type\" content=\"article\" \/>\n<meta property=\"og:title\" content=\"Selbstfahrende Autos: Sorgen um Unfallrisiko - Save\" \/>\n<meta property=\"og:description\" content=\"Selbstfahrende Autos sollen die Unfallursache Mensch eliminieren und so den Verkehr sicherer machen.\" \/>\n<meta property=\"og:url\" content=\"https:\/\/news.save.ch\/de\/selbstfahrende-autos-sorgen-um-unfallrisiko\/\" \/>\n<meta property=\"og:site_name\" content=\"Save\" \/>\n<meta property=\"article:published_time\" content=\"2016-11-20T10:19:50+00:00\" \/>\n<meta property=\"og:image\" content=\"https:\/\/news.save.ch\/wp-content\/uploads\/2016\/12\/Selbstfahrende-Autos-Sorgen-um-Unfallrisiko_safety-plus.jpg\" \/>\n\t<meta property=\"og:image:width\" content=\"1000\" \/>\n\t<meta property=\"og:image:height\" content=\"800\" \/>\n\t<meta property=\"og:image:type\" content=\"image\/jpeg\" \/>\n<meta name=\"author\" content=\"admin\" \/>\n<meta name=\"twitter:card\" content=\"summary_large_image\" \/>\n<meta name=\"twitter:label1\" content=\"Geschrieben von\" \/>\n\t<meta name=\"twitter:data1\" content=\"admin\" \/>\n\t<meta name=\"twitter:label2\" content=\"Gesch\u00e4tzte Lesezeit\" \/>\n\t<meta name=\"twitter:data2\" content=\"3\u00a0Minuten\" \/>\n<script type=\"application\/ld+json\" class=\"yoast-schema-graph\">{\"@context\":\"https:\\\/\\\/schema.org\",\"@graph\":[{\"@type\":\"Article\",\"@id\":\"https:\\\/\\\/news.save.ch\\\/selbstfahrende-autos-sorgen-um-unfallrisiko\\\/#article\",\"isPartOf\":{\"@id\":\"https:\\\/\\\/news.save.ch\\\/selbstfahrende-autos-sorgen-um-unfallrisiko\\\/\"},\"author\":{\"name\":\"admin\",\"@id\":\"https:\\\/\\\/news.save.ch\\\/de\\\/#\\\/schema\\\/person\\\/d49e199490bad7c70d64b9ab51142f2b\"},\"headline\":\"Selbstfahrende Autos: Sorgen um Unfallrisiko\",\"datePublished\":\"2016-11-20T10:19:50+00:00\",\"mainEntityOfPage\":{\"@id\":\"https:\\\/\\\/news.save.ch\\\/selbstfahrende-autos-sorgen-um-unfallrisiko\\\/\"},\"wordCount\":522,\"commentCount\":0,\"publisher\":{\"@id\":\"https:\\\/\\\/news.save.ch\\\/de\\\/#organization\"},\"image\":{\"@id\":\"https:\\\/\\\/news.save.ch\\\/selbstfahrende-autos-sorgen-um-unfallrisiko\\\/#primaryimage\"},\"thumbnailUrl\":\"https:\\\/\\\/news.save.ch\\\/wp-content\\\/uploads\\\/2016\\\/12\\\/Selbstfahrende-Autos-Sorgen-um-Unfallrisiko_safety-plus.jpg\",\"keywords\":[\"Mobilit\u00e4tsmanagement\",\"Verkehrssicherheit\"],\"articleSection\":[\"ALLGEMEIN\"],\"inLanguage\":\"de\"},{\"@type\":\"WebPage\",\"@id\":\"https:\\\/\\\/news.save.ch\\\/selbstfahrende-autos-sorgen-um-unfallrisiko\\\/\",\"url\":\"https:\\\/\\\/news.save.ch\\\/selbstfahrende-autos-sorgen-um-unfallrisiko\\\/\",\"name\":\"Selbstfahrende Autos: Sorgen um Unfallrisiko - Save\",\"isPartOf\":{\"@id\":\"https:\\\/\\\/news.save.ch\\\/de\\\/#website\"},\"primaryImageOfPage\":{\"@id\":\"https:\\\/\\\/news.save.ch\\\/selbstfahrende-autos-sorgen-um-unfallrisiko\\\/#primaryimage\"},\"image\":{\"@id\":\"https:\\\/\\\/news.save.ch\\\/selbstfahrende-autos-sorgen-um-unfallrisiko\\\/#primaryimage\"},\"thumbnailUrl\":\"https:\\\/\\\/news.save.ch\\\/wp-content\\\/uploads\\\/2016\\\/12\\\/Selbstfahrende-Autos-Sorgen-um-Unfallrisiko_safety-plus.jpg\",\"datePublished\":\"2016-11-20T10:19:50+00:00\",\"description\":\"Selbstfahrende Autos sollen die Unfallursache Mensch eliminieren und so den Verkehr sicherer machen.\",\"breadcrumb\":{\"@id\":\"https:\\\/\\\/news.save.ch\\\/selbstfahrende-autos-sorgen-um-unfallrisiko\\\/#breadcrumb\"},\"inLanguage\":\"de\",\"potentialAction\":[{\"@type\":\"ReadAction\",\"target\":[\"https:\\\/\\\/news.save.ch\\\/selbstfahrende-autos-sorgen-um-unfallrisiko\\\/\"]}]},{\"@type\":\"ImageObject\",\"inLanguage\":\"de\",\"@id\":\"https:\\\/\\\/news.save.ch\\\/selbstfahrende-autos-sorgen-um-unfallrisiko\\\/#primaryimage\",\"url\":\"https:\\\/\\\/news.save.ch\\\/wp-content\\\/uploads\\\/2016\\\/12\\\/Selbstfahrende-Autos-Sorgen-um-Unfallrisiko_safety-plus.jpg\",\"contentUrl\":\"https:\\\/\\\/news.save.ch\\\/wp-content\\\/uploads\\\/2016\\\/12\\\/Selbstfahrende-Autos-Sorgen-um-Unfallrisiko_safety-plus.jpg\",\"width\":1000,\"height\":800,\"caption\":\"Der Verkehr der Zukunft: Fahren in f\u00fcnf Jahren bereits die ersten autonomen Fahrzeuge auf den Schweizer Autobahnen?\"},{\"@type\":\"BreadcrumbList\",\"@id\":\"https:\\\/\\\/news.save.ch\\\/selbstfahrende-autos-sorgen-um-unfallrisiko\\\/#breadcrumb\",\"itemListElement\":[{\"@type\":\"ListItem\",\"position\":1,\"name\":\"Home\",\"item\":\"https:\\\/\\\/news.save.ch\\\/de\\\/\"},{\"@type\":\"ListItem\",\"position\":2,\"name\":\"Selbstfahrende Autos: Sorgen um Unfallrisiko\"}]},{\"@type\":\"WebSite\",\"@id\":\"https:\\\/\\\/news.save.ch\\\/de\\\/#website\",\"url\":\"https:\\\/\\\/news.save.ch\\\/de\\\/\",\"name\":\"Save\",\"description\":\"Schweizer Fachzeitschrift f\u00fcr Sicherheit\",\"publisher\":{\"@id\":\"https:\\\/\\\/news.save.ch\\\/de\\\/#organization\"},\"potentialAction\":[{\"@type\":\"SearchAction\",\"target\":{\"@type\":\"EntryPoint\",\"urlTemplate\":\"https:\\\/\\\/news.save.ch\\\/de\\\/?s={search_term_string}\"},\"query-input\":{\"@type\":\"PropertyValueSpecification\",\"valueRequired\":true,\"valueName\":\"search_term_string\"}}],\"inLanguage\":\"de\"},{\"@type\":\"Organization\",\"@id\":\"https:\\\/\\\/news.save.ch\\\/de\\\/#organization\",\"name\":\"Sicherheitsforum\",\"url\":\"https:\\\/\\\/news.save.ch\\\/de\\\/\",\"logo\":{\"@type\":\"ImageObject\",\"inLanguage\":\"de\",\"@id\":\"https:\\\/\\\/news.save.ch\\\/de\\\/#\\\/schema\\\/logo\\\/image\\\/\",\"url\":\"https:\\\/\\\/news.save.ch\\\/wp-content\\\/uploads\\\/2022\\\/06\\\/Logo_SF_2012.png\",\"contentUrl\":\"https:\\\/\\\/news.save.ch\\\/wp-content\\\/uploads\\\/2022\\\/06\\\/Logo_SF_2012.png\",\"width\":1100,\"height\":91,\"caption\":\"Sicherheitsforum\"},\"image\":{\"@id\":\"https:\\\/\\\/news.save.ch\\\/de\\\/#\\\/schema\\\/logo\\\/image\\\/\"}},{\"@type\":\"Person\",\"@id\":\"https:\\\/\\\/news.save.ch\\\/de\\\/#\\\/schema\\\/person\\\/d49e199490bad7c70d64b9ab51142f2b\",\"name\":\"admin\",\"image\":{\"@type\":\"ImageObject\",\"inLanguage\":\"de\",\"@id\":\"https:\\\/\\\/secure.gravatar.com\\\/avatar\\\/ae2f4d718e6c49043e314ce431e7e645d646302a24a5ef5a8bc8e3f5a032e319?s=96&d=mm&r=g\",\"url\":\"https:\\\/\\\/secure.gravatar.com\\\/avatar\\\/ae2f4d718e6c49043e314ce431e7e645d646302a24a5ef5a8bc8e3f5a032e319?s=96&d=mm&r=g\",\"contentUrl\":\"https:\\\/\\\/secure.gravatar.com\\\/avatar\\\/ae2f4d718e6c49043e314ce431e7e645d646302a24a5ef5a8bc8e3f5a032e319?s=96&d=mm&r=g\",\"caption\":\"admin\"},\"sameAs\":[\"https:\\\/\\\/develop.organisator.galledia.ch\"],\"url\":\"https:\\\/\\\/news.save.ch\\\/de\\\/author\\\/admin\\\/\"}]}<\/script>\n<!-- \/ Yoast SEO plugin. -->","yoast_head_json":{"title":"Selbstfahrende Autos: Sorgen um Unfallrisiko - Save","description":"Selbstfahrende Autos sollen die Unfallursache Mensch eliminieren und so den Verkehr sicherer machen.","robots":{"index":"index","follow":"follow","max-snippet":"max-snippet:-1","max-image-preview":"max-image-preview:large","max-video-preview":"max-video-preview:-1"},"canonical":"https:\/\/news.save.ch\/de\/selbstfahrende-autos-sorgen-um-unfallrisiko\/","og_locale":"de_DE","og_type":"article","og_title":"Selbstfahrende Autos: Sorgen um Unfallrisiko - Save","og_description":"Selbstfahrende Autos sollen die Unfallursache Mensch eliminieren und so den Verkehr sicherer machen.","og_url":"https:\/\/news.save.ch\/de\/selbstfahrende-autos-sorgen-um-unfallrisiko\/","og_site_name":"Save","article_published_time":"2016-11-20T10:19:50+00:00","og_image":[{"width":1000,"height":800,"url":"https:\/\/news.save.ch\/wp-content\/uploads\/2016\/12\/Selbstfahrende-Autos-Sorgen-um-Unfallrisiko_safety-plus.jpg","type":"image\/jpeg"}],"author":"admin","twitter_card":"summary_large_image","twitter_misc":{"Geschrieben von":"admin","Gesch\u00e4tzte Lesezeit":"3\u00a0Minuten"},"schema":{"@context":"https:\/\/schema.org","@graph":[{"@type":"Article","@id":"https:\/\/news.save.ch\/selbstfahrende-autos-sorgen-um-unfallrisiko\/#article","isPartOf":{"@id":"https:\/\/news.save.ch\/selbstfahrende-autos-sorgen-um-unfallrisiko\/"},"author":{"name":"admin","@id":"https:\/\/news.save.ch\/de\/#\/schema\/person\/d49e199490bad7c70d64b9ab51142f2b"},"headline":"Selbstfahrende Autos: Sorgen um Unfallrisiko","datePublished":"2016-11-20T10:19:50+00:00","mainEntityOfPage":{"@id":"https:\/\/news.save.ch\/selbstfahrende-autos-sorgen-um-unfallrisiko\/"},"wordCount":522,"commentCount":0,"publisher":{"@id":"https:\/\/news.save.ch\/de\/#organization"},"image":{"@id":"https:\/\/news.save.ch\/selbstfahrende-autos-sorgen-um-unfallrisiko\/#primaryimage"},"thumbnailUrl":"https:\/\/news.save.ch\/wp-content\/uploads\/2016\/12\/Selbstfahrende-Autos-Sorgen-um-Unfallrisiko_safety-plus.jpg","keywords":["Mobilit\u00e4tsmanagement","Verkehrssicherheit"],"articleSection":["ALLGEMEIN"],"inLanguage":"de"},{"@type":"WebPage","@id":"https:\/\/news.save.ch\/selbstfahrende-autos-sorgen-um-unfallrisiko\/","url":"https:\/\/news.save.ch\/selbstfahrende-autos-sorgen-um-unfallrisiko\/","name":"Selbstfahrende Autos: Sorgen um Unfallrisiko - Save","isPartOf":{"@id":"https:\/\/news.save.ch\/de\/#website"},"primaryImageOfPage":{"@id":"https:\/\/news.save.ch\/selbstfahrende-autos-sorgen-um-unfallrisiko\/#primaryimage"},"image":{"@id":"https:\/\/news.save.ch\/selbstfahrende-autos-sorgen-um-unfallrisiko\/#primaryimage"},"thumbnailUrl":"https:\/\/news.save.ch\/wp-content\/uploads\/2016\/12\/Selbstfahrende-Autos-Sorgen-um-Unfallrisiko_safety-plus.jpg","datePublished":"2016-11-20T10:19:50+00:00","description":"Selbstfahrende Autos sollen die Unfallursache Mensch eliminieren und so den Verkehr sicherer machen.","breadcrumb":{"@id":"https:\/\/news.save.ch\/selbstfahrende-autos-sorgen-um-unfallrisiko\/#breadcrumb"},"inLanguage":"de","potentialAction":[{"@type":"ReadAction","target":["https:\/\/news.save.ch\/selbstfahrende-autos-sorgen-um-unfallrisiko\/"]}]},{"@type":"ImageObject","inLanguage":"de","@id":"https:\/\/news.save.ch\/selbstfahrende-autos-sorgen-um-unfallrisiko\/#primaryimage","url":"https:\/\/news.save.ch\/wp-content\/uploads\/2016\/12\/Selbstfahrende-Autos-Sorgen-um-Unfallrisiko_safety-plus.jpg","contentUrl":"https:\/\/news.save.ch\/wp-content\/uploads\/2016\/12\/Selbstfahrende-Autos-Sorgen-um-Unfallrisiko_safety-plus.jpg","width":1000,"height":800,"caption":"Der Verkehr der Zukunft: Fahren in f\u00fcnf Jahren bereits die ersten autonomen Fahrzeuge auf den Schweizer Autobahnen?"},{"@type":"BreadcrumbList","@id":"https:\/\/news.save.ch\/selbstfahrende-autos-sorgen-um-unfallrisiko\/#breadcrumb","itemListElement":[{"@type":"ListItem","position":1,"name":"Home","item":"https:\/\/news.save.ch\/de\/"},{"@type":"ListItem","position":2,"name":"Selbstfahrende Autos: Sorgen um Unfallrisiko"}]},{"@type":"WebSite","@id":"https:\/\/news.save.ch\/de\/#website","url":"https:\/\/news.save.ch\/de\/","name":"Save","description":"Schweizer Fachzeitschrift f\u00fcr Sicherheit","publisher":{"@id":"https:\/\/news.save.ch\/de\/#organization"},"potentialAction":[{"@type":"SearchAction","target":{"@type":"EntryPoint","urlTemplate":"https:\/\/news.save.ch\/de\/?s={search_term_string}"},"query-input":{"@type":"PropertyValueSpecification","valueRequired":true,"valueName":"search_term_string"}}],"inLanguage":"de"},{"@type":"Organization","@id":"https:\/\/news.save.ch\/de\/#organization","name":"Sicherheitsforum","url":"https:\/\/news.save.ch\/de\/","logo":{"@type":"ImageObject","inLanguage":"de","@id":"https:\/\/news.save.ch\/de\/#\/schema\/logo\/image\/","url":"https:\/\/news.save.ch\/wp-content\/uploads\/2022\/06\/Logo_SF_2012.png","contentUrl":"https:\/\/news.save.ch\/wp-content\/uploads\/2022\/06\/Logo_SF_2012.png","width":1100,"height":91,"caption":"Sicherheitsforum"},"image":{"@id":"https:\/\/news.save.ch\/de\/#\/schema\/logo\/image\/"}},{"@type":"Person","@id":"https:\/\/news.save.ch\/de\/#\/schema\/person\/d49e199490bad7c70d64b9ab51142f2b","name":"admin","image":{"@type":"ImageObject","inLanguage":"de","@id":"https:\/\/secure.gravatar.com\/avatar\/ae2f4d718e6c49043e314ce431e7e645d646302a24a5ef5a8bc8e3f5a032e319?s=96&d=mm&r=g","url":"https:\/\/secure.gravatar.com\/avatar\/ae2f4d718e6c49043e314ce431e7e645d646302a24a5ef5a8bc8e3f5a032e319?s=96&d=mm&r=g","contentUrl":"https:\/\/secure.gravatar.com\/avatar\/ae2f4d718e6c49043e314ce431e7e645d646302a24a5ef5a8bc8e3f5a032e319?s=96&d=mm&r=g","caption":"admin"},"sameAs":["https:\/\/develop.organisator.galledia.ch"],"url":"https:\/\/news.save.ch\/de\/author\/admin\/"}]}},"_links":{"self":[{"href":"https:\/\/news.save.ch\/de\/wp-json\/wp\/v2\/posts\/16788","targetHints":{"allow":["GET"]}}],"collection":[{"href":"https:\/\/news.save.ch\/de\/wp-json\/wp\/v2\/posts"}],"about":[{"href":"https:\/\/news.save.ch\/de\/wp-json\/wp\/v2\/types\/post"}],"author":[{"embeddable":true,"href":"https:\/\/news.save.ch\/de\/wp-json\/wp\/v2\/users\/1"}],"replies":[{"embeddable":true,"href":"https:\/\/news.save.ch\/de\/wp-json\/wp\/v2\/comments?post=16788"}],"version-history":[{"count":0,"href":"https:\/\/news.save.ch\/de\/wp-json\/wp\/v2\/posts\/16788\/revisions"}],"wp:featuredmedia":[{"embeddable":true,"href":"https:\/\/news.save.ch\/de\/wp-json\/wp\/v2\/media\/1302"}],"wp:attachment":[{"href":"https:\/\/news.save.ch\/de\/wp-json\/wp\/v2\/media?parent=16788"}],"wp:term":[{"taxonomy":"category","embeddable":true,"href":"https:\/\/news.save.ch\/de\/wp-json\/wp\/v2\/categories?post=16788"},{"taxonomy":"post_tag","embeddable":true,"href":"https:\/\/news.save.ch\/de\/wp-json\/wp\/v2\/tags?post=16788"}],"curies":[{"name":"wp","href":"https:\/\/api.w.org\/{rel}","templated":true}]}}