{"id":1679,"date":"2015-10-01T13:36:08","date_gmt":"2015-10-01T11:36:08","guid":{"rendered":"https:\/\/dev.sicherheitsforum.ch\/?p=1679"},"modified":"2023-03-14T08:59:01","modified_gmt":"2023-03-14T07:59:01","slug":"erdbeben-neues-versicherungs-tool","status":null,"type":"post","link":"https:\/\/news.save.ch\/de\/erdbeben-neues-versicherungs-tool\/","title":{"rendered":"Erdbeben: Neues Versicherungs-Tool"},"content":{"rendered":"<figure id=\"attachment_1738\" aria-describedby=\"caption-attachment-1738\" style=\"width: 507px\" class=\"wp-caption alignnone\"><img loading=\"lazy\" decoding=\"async\" class=\"wp-image-1738 size-full\" src=\"https:\/\/news.save.ch\/wp-content\/uploads\/2016\/12\/Erdbeben-Neues-Versicherungs-Tool-sicherheitsforum.jpg\" width=\"507\" height=\"362\" srcset=\"https:\/\/news.save.ch\/wp-content\/uploads\/2016\/12\/Erdbeben-Neues-Versicherungs-Tool-sicherheitsforum.jpg 507w, https:\/\/news.save.ch\/wp-content\/uploads\/2016\/12\/Erdbeben-Neues-Versicherungs-Tool-sicherheitsforum-375x268.jpg 375w\" sizes=\"auto, (max-width: 507px) 100vw, 507px\" \/><figcaption id=\"caption-attachment-1738\" class=\"wp-caption-text\">Eine Gefahr &#8211; Erdbeben in der Schweiz.<\/figcaption><\/figure>\n<p>Die meisten der j\u00e4hrlich 500 bis 800 Beben sind nicht\u00a0sp\u00fcrbar. Doch gem\u00e4ss Flavio Anselmetti, Professor f\u00fcr Geologie an der Universit\u00e4t Bern, gibt es Ausnahmen: \u00abEtwa alle hundert Jahre ereignet sich in der Schweiz ein Erdbeben, das Geb\u00e4udesch\u00e4den anrichtet.\u00bb<\/p>\n<p>Erdbebensch\u00e4den seien\u00a0in der obligatorischen Feuer- und Elementarschadenversicherung, mit Ausnahme einer limitierten Deckung im Kanton Z\u00fcrich, grunds\u00e4tzlich nicht versichert, schreibt die<a href=\"https:\/\/www.gvb.ch\" target=\"_blank\" data-cke-saved-href=\"https:\/\/www.gvb.ch\" rel=\"noopener\"> GVB <\/a>Privatversicherungen AG. Das Gefahrenbewusstsein und\u00a0der Wunsch nach einer entsprechenden Erdbebenversicherung wachse bei\u00a0Hauseigent\u00fcmern aber stetig, sei doch das Eigenheim zumeist der gr\u00f6sste Verm\u00f6gensbestandteil. Die\u00a0GVB hat deshalb\u00a0das neue Versicherungs-Tool lanciert.<\/p>\n<p><strong>Bed\u00fcrfnis nach Zusatzversicherung<\/strong><\/p>\n<p>Dem Bed\u00fcrfnis nach einer Zusatzversicherung f\u00fcr Erdbebensch\u00e4den w\u00fcrden die GVB jetzt Rechnung tr\u00e4gen. Sie baue ihre Leistungen aus und biete die &#8222;Erdbebenversicherung GVB Terra&#8220; neu schweizweit an. Via das neue\u00a0Online-Tool k\u00f6nnen sich Interessierte mit zwei Mausklicks unter <a href=\"https:\/\/www.erdbebenversichern.ch\" target=\"_blank\" data-cke-saved-href=\"https:\/\/www.erdbebenversichern.ch\" rel=\"noopener\">www.erdbebenversichern.ch<\/a> \u00fcber das Erdbebenrisiko an ihrem Wohnort informieren und ihr Eigenheim auf einfache Art versichern, wie der Anbieter weiter schreibt. Erh\u00e4ltlich sei das Online-Angebot f\u00fcr Hauseigent\u00fcmer in einem Grossteil der Schweiz.<\/p>\n","protected":false},"excerpt":{"rendered":"<p>Die meisten der j\u00e4hrlich 500 bis 800 Beben sind nicht\u00a0sp\u00fcrbar. Doch gem\u00e4ss Flavio Anselmetti, Professor f\u00fcr Geologie an der Universit\u00e4t Bern, gibt es Ausnahmen: \u00abEtwa alle hundert Jahre ereignet sich in der Schweiz ein Erdbeben, das Geb\u00e4udesch\u00e4den anrichtet.\u00bb Erdbebensch\u00e4den seien\u00a0in der obligatorischen Feuer- und Elementarschadenversicherung, mit Ausnahme einer limitierten Deckung im Kanton Z\u00fcrich, grunds\u00e4tzlich nicht [&hellip;]<\/p>\n","protected":false},"author":1,"featured_media":1738,"comment_status":"open","ping_status":"open","sticky":false,"template":"","format":"standard","meta":{"_acf_changed":false,"pgc_sgb_lightbox_settings":"","footnotes":""},"categories":[3312],"tags":[170,65,181],"class_list":["post-1679","post","type-post","status-publish","format-standard","has-post-thumbnail","hentry","category-sicherheit","tag-naturgefahren","tag-unternehmen","tag-versicherung"],"acf":[],"hkrextid":null,"publication":null,"issue":null,"workflow":null,"startPage":null,"spitzmarke":null,"_posts_by_tag_page_fields":{"widget_title":"","widget_tags":""},"_at_widget":"1","_yoast_wpseo_primary_category":"5","_yoast_wpseo_focuskw_text_input":"Erdbeben","_yoast_wpseo_opengraph-image":"https:\/\/news.save.ch\/wp-content\/uploads\/2016\/12\/Erdbeben-Neues-Versicherungs-Tool-sicherheitsforum.jpg","_yoast_wpseo_opengraph-description":"Das k\u00fcrzlich aktualisierte Erdbebengef\u00e4hrdungsmodell des Schweizerischen Erdbebendienstes (SED) best\u00e4tigt es einmal mehr: Erdbeben z\u00e4hlen neben Hochwassern zu den gr\u00f6ssten Naturgefahren der Schweiz. Jetzt lanciert eine Versicherung ein Onlinetool, um das Haus gegen Erdbeben zu versichern.","_yoast_wpseo_opengraph-title":"Erdbeben: Neues Versicherungs-Tool","enclosure":null,"_yoast_wpseo_twitter-title":null,"_yoast_wpseo_twitter-description":null,"_yoast_wpseo_twitter-image":null,"_wp_old_slug":null,"_yoast_wpseo_title":null,"_yoast_wpseo_canonical":null,"yoast_head":"<!-- This site is optimized with the Yoast SEO plugin v27.5 - https:\/\/yoast.com\/product\/yoast-seo-wordpress\/ -->\n<title>Erdbeben: Neues Versicherungs-Tool - Save<\/title>\n<meta name=\"description\" content=\"Erdbeben z\u00e4hlen zu den gr\u00f6ssten Naturgefahren der Schweiz. Jetzt lanciert eine Versicherung ein Onlinetool, um das Haus gegen Erdbeben zu versichern.\" \/>\n<meta name=\"robots\" content=\"index, follow, max-snippet:-1, max-image-preview:large, max-video-preview:-1\" \/>\n<link rel=\"canonical\" href=\"https:\/\/news.save.ch\/de\/erdbeben-neues-versicherungs-tool\/\" \/>\n<meta property=\"og:locale\" content=\"de_DE\" \/>\n<meta property=\"og:type\" content=\"article\" \/>\n<meta property=\"og:title\" content=\"Erdbeben: Neues Versicherungs-Tool\" \/>\n<meta property=\"og:description\" content=\"Das k\u00fcrzlich aktualisierte Erdbebengef\u00e4hrdungsmodell des Schweizerischen Erdbebendienstes (SED) best\u00e4tigt es einmal mehr: Erdbeben z\u00e4hlen neben Hochwassern zu den gr\u00f6ssten Naturgefahren der Schweiz. Jetzt lanciert eine Versicherung ein Onlinetool, um das Haus gegen Erdbeben zu versichern.\" \/>\n<meta property=\"og:url\" content=\"https:\/\/news.save.ch\/de\/erdbeben-neues-versicherungs-tool\/\" \/>\n<meta property=\"og:site_name\" content=\"Save\" \/>\n<meta property=\"article:published_time\" content=\"2015-10-01T11:36:08+00:00\" \/>\n<meta property=\"article:modified_time\" content=\"2023-03-14T07:59:01+00:00\" \/>\n<meta property=\"og:image\" content=\"https:\/\/news.save.ch\/wp-content\/uploads\/2016\/12\/Erdbeben-Neues-Versicherungs-Tool-sicherheitsforum.jpg\" \/>\n<meta name=\"author\" content=\"admin\" \/>\n<meta name=\"twitter:card\" content=\"summary_large_image\" \/>\n<meta name=\"twitter:label1\" content=\"Geschrieben von\" \/>\n\t<meta name=\"twitter:data1\" content=\"admin\" \/>\n\t<meta name=\"twitter:label2\" content=\"Gesch\u00e4tzte Lesezeit\" \/>\n\t<meta name=\"twitter:data2\" content=\"1\u00a0Minute\" \/>\n<script type=\"application\/ld+json\" class=\"yoast-schema-graph\">{\"@context\":\"https:\\\/\\\/schema.org\",\"@graph\":[{\"@type\":\"Article\",\"@id\":\"https:\\\/\\\/news.save.ch\\\/erdbeben-neues-versicherungs-tool\\\/#article\",\"isPartOf\":{\"@id\":\"https:\\\/\\\/news.save.ch\\\/erdbeben-neues-versicherungs-tool\\\/\"},\"author\":{\"name\":\"admin\",\"@id\":\"https:\\\/\\\/news.save.ch\\\/de\\\/#\\\/schema\\\/person\\\/d49e199490bad7c70d64b9ab51142f2b\"},\"headline\":\"Erdbeben: Neues Versicherungs-Tool\",\"datePublished\":\"2015-10-01T11:36:08+00:00\",\"dateModified\":\"2023-03-14T07:59:01+00:00\",\"mainEntityOfPage\":{\"@id\":\"https:\\\/\\\/news.save.ch\\\/erdbeben-neues-versicherungs-tool\\\/\"},\"wordCount\":205,\"commentCount\":0,\"publisher\":{\"@id\":\"https:\\\/\\\/news.save.ch\\\/de\\\/#organization\"},\"image\":{\"@id\":\"https:\\\/\\\/news.save.ch\\\/erdbeben-neues-versicherungs-tool\\\/#primaryimage\"},\"thumbnailUrl\":\"https:\\\/\\\/news.save.ch\\\/wp-content\\\/uploads\\\/2016\\\/12\\\/Erdbeben-Neues-Versicherungs-Tool-sicherheitsforum.jpg\",\"keywords\":[\"Naturgefahren\",\"Unternehmen\",\"Versicherung\"],\"articleSection\":[\"SICHERHEIT\"],\"inLanguage\":\"de\"},{\"@type\":\"WebPage\",\"@id\":\"https:\\\/\\\/news.save.ch\\\/erdbeben-neues-versicherungs-tool\\\/\",\"url\":\"https:\\\/\\\/news.save.ch\\\/erdbeben-neues-versicherungs-tool\\\/\",\"name\":\"Erdbeben: Neues Versicherungs-Tool - Save\",\"isPartOf\":{\"@id\":\"https:\\\/\\\/news.save.ch\\\/de\\\/#website\"},\"primaryImageOfPage\":{\"@id\":\"https:\\\/\\\/news.save.ch\\\/erdbeben-neues-versicherungs-tool\\\/#primaryimage\"},\"image\":{\"@id\":\"https:\\\/\\\/news.save.ch\\\/erdbeben-neues-versicherungs-tool\\\/#primaryimage\"},\"thumbnailUrl\":\"https:\\\/\\\/news.save.ch\\\/wp-content\\\/uploads\\\/2016\\\/12\\\/Erdbeben-Neues-Versicherungs-Tool-sicherheitsforum.jpg\",\"datePublished\":\"2015-10-01T11:36:08+00:00\",\"dateModified\":\"2023-03-14T07:59:01+00:00\",\"description\":\"Erdbeben z\u00e4hlen zu den gr\u00f6ssten Naturgefahren der Schweiz. Jetzt lanciert eine Versicherung ein Onlinetool, um das Haus gegen Erdbeben zu versichern.\",\"breadcrumb\":{\"@id\":\"https:\\\/\\\/news.save.ch\\\/erdbeben-neues-versicherungs-tool\\\/#breadcrumb\"},\"inLanguage\":\"de\",\"potentialAction\":[{\"@type\":\"ReadAction\",\"target\":[\"https:\\\/\\\/news.save.ch\\\/erdbeben-neues-versicherungs-tool\\\/\"]}]},{\"@type\":\"ImageObject\",\"inLanguage\":\"de\",\"@id\":\"https:\\\/\\\/news.save.ch\\\/erdbeben-neues-versicherungs-tool\\\/#primaryimage\",\"url\":\"https:\\\/\\\/news.save.ch\\\/wp-content\\\/uploads\\\/2016\\\/12\\\/Erdbeben-Neues-Versicherungs-Tool-sicherheitsforum.jpg\",\"contentUrl\":\"https:\\\/\\\/news.save.ch\\\/wp-content\\\/uploads\\\/2016\\\/12\\\/Erdbeben-Neues-Versicherungs-Tool-sicherheitsforum.jpg\",\"width\":507,\"height\":362,\"caption\":\"Eine Gefahr - Erdbeben in der Schweiz.\"},{\"@type\":\"BreadcrumbList\",\"@id\":\"https:\\\/\\\/news.save.ch\\\/erdbeben-neues-versicherungs-tool\\\/#breadcrumb\",\"itemListElement\":[{\"@type\":\"ListItem\",\"position\":1,\"name\":\"Home\",\"item\":\"https:\\\/\\\/news.save.ch\\\/de\\\/\"},{\"@type\":\"ListItem\",\"position\":2,\"name\":\"Erdbeben: Neues Versicherungs-Tool\"}]},{\"@type\":\"WebSite\",\"@id\":\"https:\\\/\\\/news.save.ch\\\/de\\\/#website\",\"url\":\"https:\\\/\\\/news.save.ch\\\/de\\\/\",\"name\":\"Save\",\"description\":\"Schweizer Fachzeitschrift f\u00fcr Sicherheit\",\"publisher\":{\"@id\":\"https:\\\/\\\/news.save.ch\\\/de\\\/#organization\"},\"potentialAction\":[{\"@type\":\"SearchAction\",\"target\":{\"@type\":\"EntryPoint\",\"urlTemplate\":\"https:\\\/\\\/news.save.ch\\\/de\\\/?s={search_term_string}\"},\"query-input\":{\"@type\":\"PropertyValueSpecification\",\"valueRequired\":true,\"valueName\":\"search_term_string\"}}],\"inLanguage\":\"de\"},{\"@type\":\"Organization\",\"@id\":\"https:\\\/\\\/news.save.ch\\\/de\\\/#organization\",\"name\":\"Sicherheitsforum\",\"url\":\"https:\\\/\\\/news.save.ch\\\/de\\\/\",\"logo\":{\"@type\":\"ImageObject\",\"inLanguage\":\"de\",\"@id\":\"https:\\\/\\\/news.save.ch\\\/de\\\/#\\\/schema\\\/logo\\\/image\\\/\",\"url\":\"https:\\\/\\\/news.save.ch\\\/wp-content\\\/uploads\\\/2022\\\/06\\\/Logo_SF_2012.png\",\"contentUrl\":\"https:\\\/\\\/news.save.ch\\\/wp-content\\\/uploads\\\/2022\\\/06\\\/Logo_SF_2012.png\",\"width\":1100,\"height\":91,\"caption\":\"Sicherheitsforum\"},\"image\":{\"@id\":\"https:\\\/\\\/news.save.ch\\\/de\\\/#\\\/schema\\\/logo\\\/image\\\/\"}},{\"@type\":\"Person\",\"@id\":\"https:\\\/\\\/news.save.ch\\\/de\\\/#\\\/schema\\\/person\\\/d49e199490bad7c70d64b9ab51142f2b\",\"name\":\"admin\",\"image\":{\"@type\":\"ImageObject\",\"inLanguage\":\"de\",\"@id\":\"https:\\\/\\\/secure.gravatar.com\\\/avatar\\\/ae2f4d718e6c49043e314ce431e7e645d646302a24a5ef5a8bc8e3f5a032e319?s=96&d=mm&r=g\",\"url\":\"https:\\\/\\\/secure.gravatar.com\\\/avatar\\\/ae2f4d718e6c49043e314ce431e7e645d646302a24a5ef5a8bc8e3f5a032e319?s=96&d=mm&r=g\",\"contentUrl\":\"https:\\\/\\\/secure.gravatar.com\\\/avatar\\\/ae2f4d718e6c49043e314ce431e7e645d646302a24a5ef5a8bc8e3f5a032e319?s=96&d=mm&r=g\",\"caption\":\"admin\"},\"sameAs\":[\"https:\\\/\\\/develop.organisator.galledia.ch\"],\"url\":\"https:\\\/\\\/news.save.ch\\\/de\\\/author\\\/admin\\\/\"}]}<\/script>\n<!-- \/ Yoast SEO plugin. -->","yoast_head_json":{"title":"Erdbeben: Neues Versicherungs-Tool - Save","description":"Erdbeben z\u00e4hlen zu den gr\u00f6ssten Naturgefahren der Schweiz. Jetzt lanciert eine Versicherung ein Onlinetool, um das Haus gegen Erdbeben zu versichern.","robots":{"index":"index","follow":"follow","max-snippet":"max-snippet:-1","max-image-preview":"max-image-preview:large","max-video-preview":"max-video-preview:-1"},"canonical":"https:\/\/news.save.ch\/de\/erdbeben-neues-versicherungs-tool\/","og_locale":"de_DE","og_type":"article","og_title":"Erdbeben: Neues Versicherungs-Tool","og_description":"Das k\u00fcrzlich aktualisierte Erdbebengef\u00e4hrdungsmodell des Schweizerischen Erdbebendienstes (SED) best\u00e4tigt es einmal mehr: Erdbeben z\u00e4hlen neben Hochwassern zu den gr\u00f6ssten Naturgefahren der Schweiz. Jetzt lanciert eine Versicherung ein Onlinetool, um das Haus gegen Erdbeben zu versichern.","og_url":"https:\/\/news.save.ch\/de\/erdbeben-neues-versicherungs-tool\/","og_site_name":"Save","article_published_time":"2015-10-01T11:36:08+00:00","article_modified_time":"2023-03-14T07:59:01+00:00","og_image":[{"url":"https:\/\/news.save.ch\/wp-content\/uploads\/2016\/12\/Erdbeben-Neues-Versicherungs-Tool-sicherheitsforum.jpg","type":"","width":"","height":""}],"author":"admin","twitter_card":"summary_large_image","twitter_misc":{"Geschrieben von":"admin","Gesch\u00e4tzte Lesezeit":"1\u00a0Minute"},"schema":{"@context":"https:\/\/schema.org","@graph":[{"@type":"Article","@id":"https:\/\/news.save.ch\/erdbeben-neues-versicherungs-tool\/#article","isPartOf":{"@id":"https:\/\/news.save.ch\/erdbeben-neues-versicherungs-tool\/"},"author":{"name":"admin","@id":"https:\/\/news.save.ch\/de\/#\/schema\/person\/d49e199490bad7c70d64b9ab51142f2b"},"headline":"Erdbeben: Neues Versicherungs-Tool","datePublished":"2015-10-01T11:36:08+00:00","dateModified":"2023-03-14T07:59:01+00:00","mainEntityOfPage":{"@id":"https:\/\/news.save.ch\/erdbeben-neues-versicherungs-tool\/"},"wordCount":205,"commentCount":0,"publisher":{"@id":"https:\/\/news.save.ch\/de\/#organization"},"image":{"@id":"https:\/\/news.save.ch\/erdbeben-neues-versicherungs-tool\/#primaryimage"},"thumbnailUrl":"https:\/\/news.save.ch\/wp-content\/uploads\/2016\/12\/Erdbeben-Neues-Versicherungs-Tool-sicherheitsforum.jpg","keywords":["Naturgefahren","Unternehmen","Versicherung"],"articleSection":["SICHERHEIT"],"inLanguage":"de"},{"@type":"WebPage","@id":"https:\/\/news.save.ch\/erdbeben-neues-versicherungs-tool\/","url":"https:\/\/news.save.ch\/erdbeben-neues-versicherungs-tool\/","name":"Erdbeben: Neues Versicherungs-Tool - Save","isPartOf":{"@id":"https:\/\/news.save.ch\/de\/#website"},"primaryImageOfPage":{"@id":"https:\/\/news.save.ch\/erdbeben-neues-versicherungs-tool\/#primaryimage"},"image":{"@id":"https:\/\/news.save.ch\/erdbeben-neues-versicherungs-tool\/#primaryimage"},"thumbnailUrl":"https:\/\/news.save.ch\/wp-content\/uploads\/2016\/12\/Erdbeben-Neues-Versicherungs-Tool-sicherheitsforum.jpg","datePublished":"2015-10-01T11:36:08+00:00","dateModified":"2023-03-14T07:59:01+00:00","description":"Erdbeben z\u00e4hlen zu den gr\u00f6ssten Naturgefahren der Schweiz. Jetzt lanciert eine Versicherung ein Onlinetool, um das Haus gegen Erdbeben zu versichern.","breadcrumb":{"@id":"https:\/\/news.save.ch\/erdbeben-neues-versicherungs-tool\/#breadcrumb"},"inLanguage":"de","potentialAction":[{"@type":"ReadAction","target":["https:\/\/news.save.ch\/erdbeben-neues-versicherungs-tool\/"]}]},{"@type":"ImageObject","inLanguage":"de","@id":"https:\/\/news.save.ch\/erdbeben-neues-versicherungs-tool\/#primaryimage","url":"https:\/\/news.save.ch\/wp-content\/uploads\/2016\/12\/Erdbeben-Neues-Versicherungs-Tool-sicherheitsforum.jpg","contentUrl":"https:\/\/news.save.ch\/wp-content\/uploads\/2016\/12\/Erdbeben-Neues-Versicherungs-Tool-sicherheitsforum.jpg","width":507,"height":362,"caption":"Eine Gefahr - Erdbeben in der Schweiz."},{"@type":"BreadcrumbList","@id":"https:\/\/news.save.ch\/erdbeben-neues-versicherungs-tool\/#breadcrumb","itemListElement":[{"@type":"ListItem","position":1,"name":"Home","item":"https:\/\/news.save.ch\/de\/"},{"@type":"ListItem","position":2,"name":"Erdbeben: Neues Versicherungs-Tool"}]},{"@type":"WebSite","@id":"https:\/\/news.save.ch\/de\/#website","url":"https:\/\/news.save.ch\/de\/","name":"Save","description":"Schweizer Fachzeitschrift f\u00fcr Sicherheit","publisher":{"@id":"https:\/\/news.save.ch\/de\/#organization"},"potentialAction":[{"@type":"SearchAction","target":{"@type":"EntryPoint","urlTemplate":"https:\/\/news.save.ch\/de\/?s={search_term_string}"},"query-input":{"@type":"PropertyValueSpecification","valueRequired":true,"valueName":"search_term_string"}}],"inLanguage":"de"},{"@type":"Organization","@id":"https:\/\/news.save.ch\/de\/#organization","name":"Sicherheitsforum","url":"https:\/\/news.save.ch\/de\/","logo":{"@type":"ImageObject","inLanguage":"de","@id":"https:\/\/news.save.ch\/de\/#\/schema\/logo\/image\/","url":"https:\/\/news.save.ch\/wp-content\/uploads\/2022\/06\/Logo_SF_2012.png","contentUrl":"https:\/\/news.save.ch\/wp-content\/uploads\/2022\/06\/Logo_SF_2012.png","width":1100,"height":91,"caption":"Sicherheitsforum"},"image":{"@id":"https:\/\/news.save.ch\/de\/#\/schema\/logo\/image\/"}},{"@type":"Person","@id":"https:\/\/news.save.ch\/de\/#\/schema\/person\/d49e199490bad7c70d64b9ab51142f2b","name":"admin","image":{"@type":"ImageObject","inLanguage":"de","@id":"https:\/\/secure.gravatar.com\/avatar\/ae2f4d718e6c49043e314ce431e7e645d646302a24a5ef5a8bc8e3f5a032e319?s=96&d=mm&r=g","url":"https:\/\/secure.gravatar.com\/avatar\/ae2f4d718e6c49043e314ce431e7e645d646302a24a5ef5a8bc8e3f5a032e319?s=96&d=mm&r=g","contentUrl":"https:\/\/secure.gravatar.com\/avatar\/ae2f4d718e6c49043e314ce431e7e645d646302a24a5ef5a8bc8e3f5a032e319?s=96&d=mm&r=g","caption":"admin"},"sameAs":["https:\/\/develop.organisator.galledia.ch"],"url":"https:\/\/news.save.ch\/de\/author\/admin\/"}]}},"_links":{"self":[{"href":"https:\/\/news.save.ch\/de\/wp-json\/wp\/v2\/posts\/1679","targetHints":{"allow":["GET"]}}],"collection":[{"href":"https:\/\/news.save.ch\/de\/wp-json\/wp\/v2\/posts"}],"about":[{"href":"https:\/\/news.save.ch\/de\/wp-json\/wp\/v2\/types\/post"}],"author":[{"embeddable":true,"href":"https:\/\/news.save.ch\/de\/wp-json\/wp\/v2\/users\/1"}],"replies":[{"embeddable":true,"href":"https:\/\/news.save.ch\/de\/wp-json\/wp\/v2\/comments?post=1679"}],"version-history":[{"count":1,"href":"https:\/\/news.save.ch\/de\/wp-json\/wp\/v2\/posts\/1679\/revisions"}],"predecessor-version":[{"id":17885,"href":"https:\/\/news.save.ch\/de\/wp-json\/wp\/v2\/posts\/1679\/revisions\/17885"}],"wp:featuredmedia":[{"embeddable":true,"href":"https:\/\/news.save.ch\/de\/wp-json\/wp\/v2\/media\/1738"}],"wp:attachment":[{"href":"https:\/\/news.save.ch\/de\/wp-json\/wp\/v2\/media?parent=1679"}],"wp:term":[{"taxonomy":"category","embeddable":true,"href":"https:\/\/news.save.ch\/de\/wp-json\/wp\/v2\/categories?post=1679"},{"taxonomy":"post_tag","embeddable":true,"href":"https:\/\/news.save.ch\/de\/wp-json\/wp\/v2\/tags?post=1679"}],"curies":[{"name":"wp","href":"https:\/\/api.w.org\/{rel}","templated":true}]}}