{"id":16790,"date":"2016-11-29T11:31:14","date_gmt":"2016-11-29T10:31:14","guid":{"rendered":"http:\/\/dev.safety-plus.ch\/?p=1313"},"modified":"2023-03-14T09:04:25","modified_gmt":"2023-03-14T08:04:25","slug":"feuergefahr-in-der-adventszeit-kerzenbraende-vermeiden","status":null,"type":"post","link":"https:\/\/news.save.ch\/de\/feuergefahr-in-der-adventszeit-kerzenbraende-vermeiden\/","title":{"rendered":"Feuergefahr in der Adventszeit: Kerzenbr\u00e4nde vermeiden"},"content":{"rendered":"<figure id=\"attachment_1314\" aria-describedby=\"caption-attachment-1314\" style=\"width: 680px\" class=\"wp-caption alignnone\"><img loading=\"lazy\" decoding=\"async\" class=\"wp-image-1314 size-medium\" src=\"http:\/\/develop.safety-plus.ch\/wp-content\/uploads\/2016\/12\/Feuergefahr-in-der-Adventszeit-Kerzenbraende-vermeiden_safety-plus.jpg\" width=\"680\" height=\"454\" \/><figcaption id=\"caption-attachment-1314\" class=\"wp-caption-text\">Kerzen und der Duft von Tannennadeln verstr\u00f6men Weihnachtsstimmung &#8211; doch die \u00c4ste fangen schnell Feuer.<\/figcaption><\/figure>\n<p>Zuhause sorgen Kerzen f\u00fcr eine wohlige Atmosph\u00e4re. Allerdings ist damit auch ein erh\u00f6htes Brandrisiko verbunden. Eine soeben noch sanft flackernde Kerze kann ein Wohnzimmer innert K\u00fcrze in Schutt und Asche legen. Die meisten durch Kerzen verursachten Br\u00e4nde ereignen sich aufgrund von Unachtsamkeit. Wer einen Raum mit brennenden Kerzen verl\u00e4sst, riskiert immer einen Haus- oder Wohnungsbrand. Unbeaufsichtigte Kerzen k\u00f6nnen durch spielende Kinder oder Haustiere umgestossen werden und leicht brennbare Gegenst\u00e4nde entz\u00fcnden. Ausserdem f\u00e4ngt das d\u00fcrre Reisig des Adventskranzes und Christbaums rasch Feuer.<\/p>\n<p>F\u00fcr eine brandfreie Advents- und Weihnachtszeit geben die BfB \u2013 Beratungsstelle f\u00fcr Brandverh\u00fctung und die bfu \u2013 Beratungsstelle f\u00fcr Unfallverh\u00fctung folgende Sicherheitstipps:<\/p>\n<ul>\n<li>Kerzen l\u00f6schen, wenn sie nicht beaufsichtigt werden k\u00f6nnen<\/li>\n<li>Kinder und Haustiere nicht in einem Raum mit brennbaren Kerzen allein lassen<\/li>\n<li>Kerzen mit ausreichend Abstand zu Textilien und Dekorationen platzieren<\/li>\n<li>F\u00fcr einen festen, aufrechten Halt der Kerzen auf dem Adventskranz und am Christbaum sorgen<\/li>\n<li>Kerzen auswechseln, bevor sie niedergebrannt sind<\/li>\n<li>Keine Kerzen auf einem d\u00fcrren Adventskranz oder Weihnachtsbaum mehr anz\u00fcnden<\/li>\n<li>Den Weihnachtsbaum fr\u00fchzeitig entsorgen<\/li>\n<li>F\u00fcr Notf\u00e4lle einen Eimer Wasser oder eine L\u00f6schdecke bereithalten<\/li>\n<\/ul>\n<p>Quelle: bfu\/BfB<\/p>\n","protected":false},"excerpt":{"rendered":"<p>Zuhause sorgen Kerzen f\u00fcr eine wohlige Atmosph\u00e4re. Allerdings ist damit auch ein erh\u00f6htes Brandrisiko verbunden. Eine soeben noch sanft flackernde Kerze kann ein Wohnzimmer innert K\u00fcrze in Schutt und Asche legen. Die meisten durch Kerzen verursachten Br\u00e4nde ereignen sich aufgrund von Unachtsamkeit. Wer einen Raum mit brennenden Kerzen verl\u00e4sst, riskiert immer einen Haus- oder Wohnungsbrand. [&hellip;]<\/p>\n","protected":false},"author":1,"featured_media":16157,"comment_status":"open","ping_status":"open","sticky":false,"template":"","format":"standard","meta":{"_acf_changed":false,"pgc_sgb_lightbox_settings":"","footnotes":""},"categories":[1,3314],"tags":[105,156,141,70,68,108],"class_list":["post-16790","post","type-post","status-publish","format-standard","has-post-thumbnail","hentry","category-allgemein","category-health-safety","tag-brandbekaempfung","tag-brandschutz","tag-praevention","tag-sicherheit-diverses","tag-tipps-und-tricks","tag-vkf"],"acf":[],"hkrextid":null,"publication":null,"issue":null,"workflow":null,"startPage":null,"spitzmarke":null,"_posts_by_tag_page_fields":{"widget_title":"","widget_tags":""},"_at_widget":"1","_yoast_wpseo_primary_category":"2","_yoast_wpseo_focuskw_text_input":"Adventszeit","_yoast_wpseo_opengraph-image":null,"_yoast_wpseo_opengraph-description":null,"_yoast_wpseo_opengraph-title":null,"enclosure":null,"_yoast_wpseo_twitter-title":null,"_yoast_wpseo_twitter-description":null,"_yoast_wpseo_twitter-image":null,"_wp_old_slug":null,"_yoast_wpseo_title":null,"_yoast_wpseo_canonical":null,"yoast_head":"<!-- This site is optimized with the Yoast SEO plugin v27.5 - https:\/\/yoast.com\/product\/yoast-seo-wordpress\/ -->\n<title>Feuergefahr in der Adventszeit: Kerzenbr\u00e4nde vermeiden - Save<\/title>\n<meta name=\"description\" content=\"Adventszeit: Im Dezember brennt es in der Schweiz h\u00e4ufiger als in den anderen Monaten.\" \/>\n<meta name=\"robots\" content=\"index, follow, max-snippet:-1, max-image-preview:large, max-video-preview:-1\" \/>\n<link rel=\"canonical\" href=\"https:\/\/news.save.ch\/de\/feuergefahr-in-der-adventszeit-kerzenbraende-vermeiden\/\" \/>\n<meta property=\"og:locale\" content=\"de_DE\" \/>\n<meta property=\"og:type\" content=\"article\" \/>\n<meta property=\"og:title\" content=\"Feuergefahr in der Adventszeit: Kerzenbr\u00e4nde vermeiden - Save\" \/>\n<meta property=\"og:description\" content=\"Adventszeit: Im Dezember brennt es in der Schweiz h\u00e4ufiger als in den anderen Monaten.\" \/>\n<meta property=\"og:url\" content=\"https:\/\/news.save.ch\/de\/feuergefahr-in-der-adventszeit-kerzenbraende-vermeiden\/\" \/>\n<meta property=\"og:site_name\" content=\"Save\" \/>\n<meta property=\"article:published_time\" content=\"2016-11-29T10:31:14+00:00\" \/>\n<meta property=\"article:modified_time\" content=\"2023-03-14T08:04:25+00:00\" \/>\n<meta property=\"og:image\" content=\"https:\/\/news.save.ch\/wp-content\/uploads\/2016\/12\/Feuergefahr-in-der-Adventszeit-Kerzenbraende-vermeiden_safety-plus.jpg\" \/>\n\t<meta property=\"og:image:width\" content=\"1000\" \/>\n\t<meta property=\"og:image:height\" content=\"667\" \/>\n\t<meta property=\"og:image:type\" content=\"image\/jpeg\" \/>\n<meta name=\"author\" content=\"admin\" \/>\n<meta name=\"twitter:card\" content=\"summary_large_image\" \/>\n<meta name=\"twitter:label1\" content=\"Geschrieben von\" \/>\n\t<meta name=\"twitter:data1\" content=\"admin\" \/>\n\t<meta name=\"twitter:label2\" content=\"Gesch\u00e4tzte Lesezeit\" \/>\n\t<meta name=\"twitter:data2\" content=\"1\u00a0Minute\" \/>\n<script type=\"application\/ld+json\" class=\"yoast-schema-graph\">{\"@context\":\"https:\\\/\\\/schema.org\",\"@graph\":[{\"@type\":\"Article\",\"@id\":\"https:\\\/\\\/news.save.ch\\\/feuergefahr-in-der-adventszeit-kerzenbraende-vermeiden\\\/#article\",\"isPartOf\":{\"@id\":\"https:\\\/\\\/news.save.ch\\\/feuergefahr-in-der-adventszeit-kerzenbraende-vermeiden\\\/\"},\"author\":{\"name\":\"admin\",\"@id\":\"https:\\\/\\\/news.save.ch\\\/de\\\/#\\\/schema\\\/person\\\/d49e199490bad7c70d64b9ab51142f2b\"},\"headline\":\"Feuergefahr in der Adventszeit: Kerzenbr\u00e4nde vermeiden\",\"datePublished\":\"2016-11-29T10:31:14+00:00\",\"dateModified\":\"2023-03-14T08:04:25+00:00\",\"mainEntityOfPage\":{\"@id\":\"https:\\\/\\\/news.save.ch\\\/feuergefahr-in-der-adventszeit-kerzenbraende-vermeiden\\\/\"},\"wordCount\":231,\"commentCount\":1,\"publisher\":{\"@id\":\"https:\\\/\\\/news.save.ch\\\/de\\\/#organization\"},\"image\":{\"@id\":\"https:\\\/\\\/news.save.ch\\\/feuergefahr-in-der-adventszeit-kerzenbraende-vermeiden\\\/#primaryimage\"},\"thumbnailUrl\":\"https:\\\/\\\/news.save.ch\\\/wp-content\\\/uploads\\\/2016\\\/12\\\/Feuergefahr-in-der-Adventszeit-Kerzenbraende-vermeiden_safety-plus.jpg\",\"keywords\":[\"Brandbek\u00e4mpfung\",\"Brandschutz\",\"Pr\u00e4vention\",\"Sicherheit diverses\",\"Tipps und Tricks\",\"VKF\"],\"articleSection\":[\"ALLGEMEIN\",\"HEALTH &amp; SAFETY\"],\"inLanguage\":\"de\"},{\"@type\":\"WebPage\",\"@id\":\"https:\\\/\\\/news.save.ch\\\/feuergefahr-in-der-adventszeit-kerzenbraende-vermeiden\\\/\",\"url\":\"https:\\\/\\\/news.save.ch\\\/feuergefahr-in-der-adventszeit-kerzenbraende-vermeiden\\\/\",\"name\":\"Feuergefahr in der Adventszeit: Kerzenbr\u00e4nde vermeiden - Save\",\"isPartOf\":{\"@id\":\"https:\\\/\\\/news.save.ch\\\/de\\\/#website\"},\"primaryImageOfPage\":{\"@id\":\"https:\\\/\\\/news.save.ch\\\/feuergefahr-in-der-adventszeit-kerzenbraende-vermeiden\\\/#primaryimage\"},\"image\":{\"@id\":\"https:\\\/\\\/news.save.ch\\\/feuergefahr-in-der-adventszeit-kerzenbraende-vermeiden\\\/#primaryimage\"},\"thumbnailUrl\":\"https:\\\/\\\/news.save.ch\\\/wp-content\\\/uploads\\\/2016\\\/12\\\/Feuergefahr-in-der-Adventszeit-Kerzenbraende-vermeiden_safety-plus.jpg\",\"datePublished\":\"2016-11-29T10:31:14+00:00\",\"dateModified\":\"2023-03-14T08:04:25+00:00\",\"description\":\"Adventszeit: Im Dezember brennt es in der Schweiz h\u00e4ufiger als in den anderen Monaten.\",\"breadcrumb\":{\"@id\":\"https:\\\/\\\/news.save.ch\\\/feuergefahr-in-der-adventszeit-kerzenbraende-vermeiden\\\/#breadcrumb\"},\"inLanguage\":\"de\",\"potentialAction\":[{\"@type\":\"ReadAction\",\"target\":[\"https:\\\/\\\/news.save.ch\\\/feuergefahr-in-der-adventszeit-kerzenbraende-vermeiden\\\/\"]}]},{\"@type\":\"ImageObject\",\"inLanguage\":\"de\",\"@id\":\"https:\\\/\\\/news.save.ch\\\/feuergefahr-in-der-adventszeit-kerzenbraende-vermeiden\\\/#primaryimage\",\"url\":\"https:\\\/\\\/news.save.ch\\\/wp-content\\\/uploads\\\/2016\\\/12\\\/Feuergefahr-in-der-Adventszeit-Kerzenbraende-vermeiden_safety-plus.jpg\",\"contentUrl\":\"https:\\\/\\\/news.save.ch\\\/wp-content\\\/uploads\\\/2016\\\/12\\\/Feuergefahr-in-der-Adventszeit-Kerzenbraende-vermeiden_safety-plus.jpg\",\"width\":1000,\"height\":667,\"caption\":\"Kerzen und der Duft von Tannennadeln verstr\u00f6men Weihnachtsstimmung - doch die \u00c4ste fangen schnell Feuer.\"},{\"@type\":\"BreadcrumbList\",\"@id\":\"https:\\\/\\\/news.save.ch\\\/feuergefahr-in-der-adventszeit-kerzenbraende-vermeiden\\\/#breadcrumb\",\"itemListElement\":[{\"@type\":\"ListItem\",\"position\":1,\"name\":\"Home\",\"item\":\"https:\\\/\\\/news.save.ch\\\/de\\\/\"},{\"@type\":\"ListItem\",\"position\":2,\"name\":\"Feuergefahr in der Adventszeit: Kerzenbr\u00e4nde vermeiden\"}]},{\"@type\":\"WebSite\",\"@id\":\"https:\\\/\\\/news.save.ch\\\/de\\\/#website\",\"url\":\"https:\\\/\\\/news.save.ch\\\/de\\\/\",\"name\":\"Save\",\"description\":\"Schweizer Fachzeitschrift f\u00fcr Sicherheit\",\"publisher\":{\"@id\":\"https:\\\/\\\/news.save.ch\\\/de\\\/#organization\"},\"potentialAction\":[{\"@type\":\"SearchAction\",\"target\":{\"@type\":\"EntryPoint\",\"urlTemplate\":\"https:\\\/\\\/news.save.ch\\\/de\\\/?s={search_term_string}\"},\"query-input\":{\"@type\":\"PropertyValueSpecification\",\"valueRequired\":true,\"valueName\":\"search_term_string\"}}],\"inLanguage\":\"de\"},{\"@type\":\"Organization\",\"@id\":\"https:\\\/\\\/news.save.ch\\\/de\\\/#organization\",\"name\":\"Sicherheitsforum\",\"url\":\"https:\\\/\\\/news.save.ch\\\/de\\\/\",\"logo\":{\"@type\":\"ImageObject\",\"inLanguage\":\"de\",\"@id\":\"https:\\\/\\\/news.save.ch\\\/de\\\/#\\\/schema\\\/logo\\\/image\\\/\",\"url\":\"https:\\\/\\\/news.save.ch\\\/wp-content\\\/uploads\\\/2022\\\/06\\\/Logo_SF_2012.png\",\"contentUrl\":\"https:\\\/\\\/news.save.ch\\\/wp-content\\\/uploads\\\/2022\\\/06\\\/Logo_SF_2012.png\",\"width\":1100,\"height\":91,\"caption\":\"Sicherheitsforum\"},\"image\":{\"@id\":\"https:\\\/\\\/news.save.ch\\\/de\\\/#\\\/schema\\\/logo\\\/image\\\/\"}},{\"@type\":\"Person\",\"@id\":\"https:\\\/\\\/news.save.ch\\\/de\\\/#\\\/schema\\\/person\\\/d49e199490bad7c70d64b9ab51142f2b\",\"name\":\"admin\",\"image\":{\"@type\":\"ImageObject\",\"inLanguage\":\"de\",\"@id\":\"https:\\\/\\\/secure.gravatar.com\\\/avatar\\\/ae2f4d718e6c49043e314ce431e7e645d646302a24a5ef5a8bc8e3f5a032e319?s=96&d=mm&r=g\",\"url\":\"https:\\\/\\\/secure.gravatar.com\\\/avatar\\\/ae2f4d718e6c49043e314ce431e7e645d646302a24a5ef5a8bc8e3f5a032e319?s=96&d=mm&r=g\",\"contentUrl\":\"https:\\\/\\\/secure.gravatar.com\\\/avatar\\\/ae2f4d718e6c49043e314ce431e7e645d646302a24a5ef5a8bc8e3f5a032e319?s=96&d=mm&r=g\",\"caption\":\"admin\"},\"sameAs\":[\"https:\\\/\\\/develop.organisator.galledia.ch\"],\"url\":\"https:\\\/\\\/news.save.ch\\\/de\\\/author\\\/admin\\\/\"}]}<\/script>\n<!-- \/ Yoast SEO plugin. -->","yoast_head_json":{"title":"Feuergefahr in der Adventszeit: Kerzenbr\u00e4nde vermeiden - Save","description":"Adventszeit: Im Dezember brennt es in der Schweiz h\u00e4ufiger als in den anderen Monaten.","robots":{"index":"index","follow":"follow","max-snippet":"max-snippet:-1","max-image-preview":"max-image-preview:large","max-video-preview":"max-video-preview:-1"},"canonical":"https:\/\/news.save.ch\/de\/feuergefahr-in-der-adventszeit-kerzenbraende-vermeiden\/","og_locale":"de_DE","og_type":"article","og_title":"Feuergefahr in der Adventszeit: Kerzenbr\u00e4nde vermeiden - Save","og_description":"Adventszeit: Im Dezember brennt es in der Schweiz h\u00e4ufiger als in den anderen Monaten.","og_url":"https:\/\/news.save.ch\/de\/feuergefahr-in-der-adventszeit-kerzenbraende-vermeiden\/","og_site_name":"Save","article_published_time":"2016-11-29T10:31:14+00:00","article_modified_time":"2023-03-14T08:04:25+00:00","og_image":[{"width":1000,"height":667,"url":"https:\/\/news.save.ch\/wp-content\/uploads\/2016\/12\/Feuergefahr-in-der-Adventszeit-Kerzenbraende-vermeiden_safety-plus.jpg","type":"image\/jpeg"}],"author":"admin","twitter_card":"summary_large_image","twitter_misc":{"Geschrieben von":"admin","Gesch\u00e4tzte Lesezeit":"1\u00a0Minute"},"schema":{"@context":"https:\/\/schema.org","@graph":[{"@type":"Article","@id":"https:\/\/news.save.ch\/feuergefahr-in-der-adventszeit-kerzenbraende-vermeiden\/#article","isPartOf":{"@id":"https:\/\/news.save.ch\/feuergefahr-in-der-adventszeit-kerzenbraende-vermeiden\/"},"author":{"name":"admin","@id":"https:\/\/news.save.ch\/de\/#\/schema\/person\/d49e199490bad7c70d64b9ab51142f2b"},"headline":"Feuergefahr in der Adventszeit: Kerzenbr\u00e4nde vermeiden","datePublished":"2016-11-29T10:31:14+00:00","dateModified":"2023-03-14T08:04:25+00:00","mainEntityOfPage":{"@id":"https:\/\/news.save.ch\/feuergefahr-in-der-adventszeit-kerzenbraende-vermeiden\/"},"wordCount":231,"commentCount":1,"publisher":{"@id":"https:\/\/news.save.ch\/de\/#organization"},"image":{"@id":"https:\/\/news.save.ch\/feuergefahr-in-der-adventszeit-kerzenbraende-vermeiden\/#primaryimage"},"thumbnailUrl":"https:\/\/news.save.ch\/wp-content\/uploads\/2016\/12\/Feuergefahr-in-der-Adventszeit-Kerzenbraende-vermeiden_safety-plus.jpg","keywords":["Brandbek\u00e4mpfung","Brandschutz","Pr\u00e4vention","Sicherheit diverses","Tipps und Tricks","VKF"],"articleSection":["ALLGEMEIN","HEALTH &amp; SAFETY"],"inLanguage":"de"},{"@type":"WebPage","@id":"https:\/\/news.save.ch\/feuergefahr-in-der-adventszeit-kerzenbraende-vermeiden\/","url":"https:\/\/news.save.ch\/feuergefahr-in-der-adventszeit-kerzenbraende-vermeiden\/","name":"Feuergefahr in der Adventszeit: Kerzenbr\u00e4nde vermeiden - Save","isPartOf":{"@id":"https:\/\/news.save.ch\/de\/#website"},"primaryImageOfPage":{"@id":"https:\/\/news.save.ch\/feuergefahr-in-der-adventszeit-kerzenbraende-vermeiden\/#primaryimage"},"image":{"@id":"https:\/\/news.save.ch\/feuergefahr-in-der-adventszeit-kerzenbraende-vermeiden\/#primaryimage"},"thumbnailUrl":"https:\/\/news.save.ch\/wp-content\/uploads\/2016\/12\/Feuergefahr-in-der-Adventszeit-Kerzenbraende-vermeiden_safety-plus.jpg","datePublished":"2016-11-29T10:31:14+00:00","dateModified":"2023-03-14T08:04:25+00:00","description":"Adventszeit: Im Dezember brennt es in der Schweiz h\u00e4ufiger als in den anderen Monaten.","breadcrumb":{"@id":"https:\/\/news.save.ch\/feuergefahr-in-der-adventszeit-kerzenbraende-vermeiden\/#breadcrumb"},"inLanguage":"de","potentialAction":[{"@type":"ReadAction","target":["https:\/\/news.save.ch\/feuergefahr-in-der-adventszeit-kerzenbraende-vermeiden\/"]}]},{"@type":"ImageObject","inLanguage":"de","@id":"https:\/\/news.save.ch\/feuergefahr-in-der-adventszeit-kerzenbraende-vermeiden\/#primaryimage","url":"https:\/\/news.save.ch\/wp-content\/uploads\/2016\/12\/Feuergefahr-in-der-Adventszeit-Kerzenbraende-vermeiden_safety-plus.jpg","contentUrl":"https:\/\/news.save.ch\/wp-content\/uploads\/2016\/12\/Feuergefahr-in-der-Adventszeit-Kerzenbraende-vermeiden_safety-plus.jpg","width":1000,"height":667,"caption":"Kerzen und der Duft von Tannennadeln verstr\u00f6men Weihnachtsstimmung - doch die \u00c4ste fangen schnell Feuer."},{"@type":"BreadcrumbList","@id":"https:\/\/news.save.ch\/feuergefahr-in-der-adventszeit-kerzenbraende-vermeiden\/#breadcrumb","itemListElement":[{"@type":"ListItem","position":1,"name":"Home","item":"https:\/\/news.save.ch\/de\/"},{"@type":"ListItem","position":2,"name":"Feuergefahr in der Adventszeit: Kerzenbr\u00e4nde vermeiden"}]},{"@type":"WebSite","@id":"https:\/\/news.save.ch\/de\/#website","url":"https:\/\/news.save.ch\/de\/","name":"Save","description":"Schweizer Fachzeitschrift f\u00fcr Sicherheit","publisher":{"@id":"https:\/\/news.save.ch\/de\/#organization"},"potentialAction":[{"@type":"SearchAction","target":{"@type":"EntryPoint","urlTemplate":"https:\/\/news.save.ch\/de\/?s={search_term_string}"},"query-input":{"@type":"PropertyValueSpecification","valueRequired":true,"valueName":"search_term_string"}}],"inLanguage":"de"},{"@type":"Organization","@id":"https:\/\/news.save.ch\/de\/#organization","name":"Sicherheitsforum","url":"https:\/\/news.save.ch\/de\/","logo":{"@type":"ImageObject","inLanguage":"de","@id":"https:\/\/news.save.ch\/de\/#\/schema\/logo\/image\/","url":"https:\/\/news.save.ch\/wp-content\/uploads\/2022\/06\/Logo_SF_2012.png","contentUrl":"https:\/\/news.save.ch\/wp-content\/uploads\/2022\/06\/Logo_SF_2012.png","width":1100,"height":91,"caption":"Sicherheitsforum"},"image":{"@id":"https:\/\/news.save.ch\/de\/#\/schema\/logo\/image\/"}},{"@type":"Person","@id":"https:\/\/news.save.ch\/de\/#\/schema\/person\/d49e199490bad7c70d64b9ab51142f2b","name":"admin","image":{"@type":"ImageObject","inLanguage":"de","@id":"https:\/\/secure.gravatar.com\/avatar\/ae2f4d718e6c49043e314ce431e7e645d646302a24a5ef5a8bc8e3f5a032e319?s=96&d=mm&r=g","url":"https:\/\/secure.gravatar.com\/avatar\/ae2f4d718e6c49043e314ce431e7e645d646302a24a5ef5a8bc8e3f5a032e319?s=96&d=mm&r=g","contentUrl":"https:\/\/secure.gravatar.com\/avatar\/ae2f4d718e6c49043e314ce431e7e645d646302a24a5ef5a8bc8e3f5a032e319?s=96&d=mm&r=g","caption":"admin"},"sameAs":["https:\/\/develop.organisator.galledia.ch"],"url":"https:\/\/news.save.ch\/de\/author\/admin\/"}]}},"_links":{"self":[{"href":"https:\/\/news.save.ch\/de\/wp-json\/wp\/v2\/posts\/16790","targetHints":{"allow":["GET"]}}],"collection":[{"href":"https:\/\/news.save.ch\/de\/wp-json\/wp\/v2\/posts"}],"about":[{"href":"https:\/\/news.save.ch\/de\/wp-json\/wp\/v2\/types\/post"}],"author":[{"embeddable":true,"href":"https:\/\/news.save.ch\/de\/wp-json\/wp\/v2\/users\/1"}],"replies":[{"embeddable":true,"href":"https:\/\/news.save.ch\/de\/wp-json\/wp\/v2\/comments?post=16790"}],"version-history":[{"count":1,"href":"https:\/\/news.save.ch\/de\/wp-json\/wp\/v2\/posts\/16790\/revisions"}],"predecessor-version":[{"id":18960,"href":"https:\/\/news.save.ch\/de\/wp-json\/wp\/v2\/posts\/16790\/revisions\/18960"}],"wp:featuredmedia":[{"embeddable":true,"href":"https:\/\/news.save.ch\/de\/wp-json\/wp\/v2\/media\/16157"}],"wp:attachment":[{"href":"https:\/\/news.save.ch\/de\/wp-json\/wp\/v2\/media?parent=16790"}],"wp:term":[{"taxonomy":"category","embeddable":true,"href":"https:\/\/news.save.ch\/de\/wp-json\/wp\/v2\/categories?post=16790"},{"taxonomy":"post_tag","embeddable":true,"href":"https:\/\/news.save.ch\/de\/wp-json\/wp\/v2\/tags?post=16790"}],"curies":[{"name":"wp","href":"https:\/\/api.w.org\/{rel}","templated":true}]}}