{"id":16791,"date":"2016-12-07T11:39:19","date_gmt":"2016-12-07T10:39:19","guid":{"rendered":"http:\/\/dev.safety-plus.ch\/?p=1322"},"modified":"2016-12-07T11:39:19","modified_gmt":"2016-12-07T10:39:19","slug":"paritaetische-kommission-svvsuva-erste-ergebnisse","status":null,"type":"post","link":"https:\/\/news.save.ch\/de\/paritaetische-kommission-svvsuva-erste-ergebnisse\/","title":{"rendered":"Parit\u00e4tische Kommission SVV\/SUVA: erste Ergebnisse"},"content":{"rendered":"<figure id=\"attachment_1323\" aria-describedby=\"caption-attachment-1323\" style=\"width: 680px\" class=\"wp-caption alignnone\"><img loading=\"lazy\" decoding=\"async\" class=\"wp-image-1323 size-medium\" src=\"https:\/\/news.save.ch\/wp-content\/uploads\/2016\/12\/Paritaetische-Kommission-SVV-SUVA-erste-Ergebnisse_safety-plus.jpg\" width=\"680\" height=\"453\" \/><figcaption id=\"caption-attachment-1323\" class=\"wp-caption-text\">Im Auftrag der Sozialpartner ging es um eine einvernehmliche L\u00f6sungsfindung bei Abgrenzungsfragen f\u00fcr Betriebe, die tempor\u00e4re Arbeitskr\u00e4fte zur Verf\u00fcgung stellen.<\/figcaption><\/figure>\n<p>Die vom SVV und der Suva im Rahmen der Revision des Unfallversicherungsgesetzes UVG geschaffene \u00abParit\u00e4tische Kommission SVV\/Suva\u00bb verzeichnet erste Ergebnisse. Im Auftrag der Sozialpartner ging es um eine einvernehmliche L\u00f6sungsfindung bei Abgrenzungsfragen im Bereich von Art. 66 Abs. 1 lit. o UVG (Betriebe, die tempor\u00e4re Arbeitskr\u00e4fte zur Verf\u00fcgung stellen).<\/p>\n<p>Die \u00abParit\u00e4tische Kommission SVV\/Suva\u00bb wird unter dem Vorsitz von Prof. Dr. iur. Thomas G\u00e4chter, Universit\u00e4t Z\u00fcrich, die ihr unterbreiteten F\u00e4lle nach den erarbeiteten Kriterien beurteilen. Die Verhandlungen der Kommission und deren Empfehlungen sind vertraulich. Der Rechtsweg bleibt gem\u00e4ss den ordentlichen Verfahrensregeln gewahrt. Damit hat die Kommission die Basis geschaffen, um strittige F\u00e4lle in Zukunft einvernehmlich regeln zu k\u00f6nnen. Der SVV und die Suva begr\u00fcssen diese Entwicklung.<\/p>\n<p>Quelle: SVV<\/p>\n","protected":false},"excerpt":{"rendered":"<p>Die vom SVV und der Suva im Rahmen der Revision des Unfallversicherungsgesetzes UVG geschaffene \u00abParit\u00e4tische Kommission SVV\/Suva\u00bb verzeichnet erste Ergebnisse. Im Auftrag der Sozialpartner ging es um eine einvernehmliche L\u00f6sungsfindung bei Abgrenzungsfragen im Bereich von Art. 66 Abs. 1 lit. o UVG (Betriebe, die tempor\u00e4re Arbeitskr\u00e4fte zur Verf\u00fcgung stellen). Die \u00abParit\u00e4tische Kommission SVV\/Suva\u00bb wird unter [&hellip;]<\/p>\n","protected":false},"author":1,"featured_media":1323,"comment_status":"open","ping_status":"open","sticky":false,"template":"","format":"standard","meta":{"_acf_changed":false,"pgc_sgb_lightbox_settings":"","footnotes":""},"categories":[1],"tags":[183,167,181],"class_list":["post-16791","post","type-post","status-publish","format-standard","has-post-thumbnail","hentry","category-allgemein","tag-arbeitsplatzgestaltung","tag-suva","tag-versicherung"],"acf":[],"hkrextid":null,"publication":null,"issue":null,"workflow":null,"startPage":null,"spitzmarke":null,"_posts_by_tag_page_fields":{"widget_title":"","widget_tags":""},"_at_widget":"1","_yoast_wpseo_primary_category":"1","_yoast_wpseo_focuskw_text_input":"SVV\/SUVA","_yoast_wpseo_opengraph-image":null,"_yoast_wpseo_opengraph-description":null,"_yoast_wpseo_opengraph-title":null,"enclosure":null,"_yoast_wpseo_twitter-title":null,"_yoast_wpseo_twitter-description":null,"_yoast_wpseo_twitter-image":null,"_wp_old_slug":null,"_yoast_wpseo_title":null,"_yoast_wpseo_canonical":null,"yoast_head":"<!-- This site is optimized with the Yoast SEO plugin v27.5 - https:\/\/yoast.com\/product\/yoast-seo-wordpress\/ -->\n<title>Parit\u00e4tische Kommission SVV\/SUVA: erste Ergebnisse - Save<\/title>\n<meta name=\"description\" content=\"Die \u00abParit\u00e4tische Kommission SVV\/Suva\u00bb soll in strittigen F\u00e4llen zwischen Suva und Privatversicherern nach einvernehmlichen L\u00f6sungen suchen.\" \/>\n<meta name=\"robots\" content=\"index, follow, max-snippet:-1, max-image-preview:large, max-video-preview:-1\" \/>\n<link rel=\"canonical\" href=\"https:\/\/news.save.ch\/de\/paritaetische-kommission-svvsuva-erste-ergebnisse\/\" \/>\n<meta property=\"og:locale\" content=\"de_DE\" \/>\n<meta property=\"og:type\" content=\"article\" \/>\n<meta property=\"og:title\" content=\"Parit\u00e4tische Kommission SVV\/SUVA: erste Ergebnisse - Save\" \/>\n<meta property=\"og:description\" content=\"Die \u00abParit\u00e4tische Kommission SVV\/Suva\u00bb soll in strittigen F\u00e4llen zwischen Suva und Privatversicherern nach einvernehmlichen L\u00f6sungen suchen.\" \/>\n<meta property=\"og:url\" content=\"https:\/\/news.save.ch\/de\/paritaetische-kommission-svvsuva-erste-ergebnisse\/\" \/>\n<meta property=\"og:site_name\" content=\"Save\" \/>\n<meta property=\"article:published_time\" content=\"2016-12-07T10:39:19+00:00\" \/>\n<meta property=\"og:image\" content=\"https:\/\/news.save.ch\/wp-content\/uploads\/2016\/12\/Paritaetische-Kommission-SVV-SUVA-erste-Ergebnisse_safety-plus-e1481809703552.jpg\" \/>\n\t<meta property=\"og:image:width\" content=\"1000\" \/>\n\t<meta property=\"og:image:height\" content=\"667\" \/>\n\t<meta property=\"og:image:type\" content=\"image\/jpeg\" \/>\n<meta name=\"author\" content=\"admin\" \/>\n<meta name=\"twitter:card\" content=\"summary_large_image\" \/>\n<meta name=\"twitter:label1\" content=\"Geschrieben von\" \/>\n\t<meta name=\"twitter:data1\" content=\"admin\" \/>\n\t<meta name=\"twitter:label2\" content=\"Gesch\u00e4tzte Lesezeit\" \/>\n\t<meta name=\"twitter:data2\" content=\"1\u00a0Minute\" \/>\n<script type=\"application\/ld+json\" class=\"yoast-schema-graph\">{\"@context\":\"https:\\\/\\\/schema.org\",\"@graph\":[{\"@type\":\"Article\",\"@id\":\"https:\\\/\\\/news.save.ch\\\/paritaetische-kommission-svvsuva-erste-ergebnisse\\\/#article\",\"isPartOf\":{\"@id\":\"https:\\\/\\\/news.save.ch\\\/paritaetische-kommission-svvsuva-erste-ergebnisse\\\/\"},\"author\":{\"name\":\"admin\",\"@id\":\"https:\\\/\\\/news.save.ch\\\/de\\\/#\\\/schema\\\/person\\\/d49e199490bad7c70d64b9ab51142f2b\"},\"headline\":\"Parit\u00e4tische Kommission SVV\\\/SUVA: erste Ergebnisse\",\"datePublished\":\"2016-12-07T10:39:19+00:00\",\"mainEntityOfPage\":{\"@id\":\"https:\\\/\\\/news.save.ch\\\/paritaetische-kommission-svvsuva-erste-ergebnisse\\\/\"},\"wordCount\":170,\"commentCount\":0,\"publisher\":{\"@id\":\"https:\\\/\\\/news.save.ch\\\/de\\\/#organization\"},\"image\":{\"@id\":\"https:\\\/\\\/news.save.ch\\\/paritaetische-kommission-svvsuva-erste-ergebnisse\\\/#primaryimage\"},\"thumbnailUrl\":\"https:\\\/\\\/news.save.ch\\\/wp-content\\\/uploads\\\/2016\\\/12\\\/Paritaetische-Kommission-SVV-SUVA-erste-Ergebnisse_safety-plus-e1481809703552.jpg\",\"keywords\":[\"Arbeitsplatzgestaltung\",\"SUVA\",\"Versicherung\"],\"articleSection\":[\"ALLGEMEIN\"],\"inLanguage\":\"de\"},{\"@type\":\"WebPage\",\"@id\":\"https:\\\/\\\/news.save.ch\\\/paritaetische-kommission-svvsuva-erste-ergebnisse\\\/\",\"url\":\"https:\\\/\\\/news.save.ch\\\/paritaetische-kommission-svvsuva-erste-ergebnisse\\\/\",\"name\":\"Parit\u00e4tische Kommission SVV\\\/SUVA: erste Ergebnisse - Save\",\"isPartOf\":{\"@id\":\"https:\\\/\\\/news.save.ch\\\/de\\\/#website\"},\"primaryImageOfPage\":{\"@id\":\"https:\\\/\\\/news.save.ch\\\/paritaetische-kommission-svvsuva-erste-ergebnisse\\\/#primaryimage\"},\"image\":{\"@id\":\"https:\\\/\\\/news.save.ch\\\/paritaetische-kommission-svvsuva-erste-ergebnisse\\\/#primaryimage\"},\"thumbnailUrl\":\"https:\\\/\\\/news.save.ch\\\/wp-content\\\/uploads\\\/2016\\\/12\\\/Paritaetische-Kommission-SVV-SUVA-erste-Ergebnisse_safety-plus-e1481809703552.jpg\",\"datePublished\":\"2016-12-07T10:39:19+00:00\",\"description\":\"Die \u00abParit\u00e4tische Kommission SVV\\\/Suva\u00bb soll in strittigen F\u00e4llen zwischen Suva und Privatversicherern nach einvernehmlichen L\u00f6sungen suchen.\",\"breadcrumb\":{\"@id\":\"https:\\\/\\\/news.save.ch\\\/paritaetische-kommission-svvsuva-erste-ergebnisse\\\/#breadcrumb\"},\"inLanguage\":\"de\",\"potentialAction\":[{\"@type\":\"ReadAction\",\"target\":[\"https:\\\/\\\/news.save.ch\\\/paritaetische-kommission-svvsuva-erste-ergebnisse\\\/\"]}]},{\"@type\":\"ImageObject\",\"inLanguage\":\"de\",\"@id\":\"https:\\\/\\\/news.save.ch\\\/paritaetische-kommission-svvsuva-erste-ergebnisse\\\/#primaryimage\",\"url\":\"https:\\\/\\\/news.save.ch\\\/wp-content\\\/uploads\\\/2016\\\/12\\\/Paritaetische-Kommission-SVV-SUVA-erste-Ergebnisse_safety-plus-e1481809703552.jpg\",\"contentUrl\":\"https:\\\/\\\/news.save.ch\\\/wp-content\\\/uploads\\\/2016\\\/12\\\/Paritaetische-Kommission-SVV-SUVA-erste-Ergebnisse_safety-plus-e1481809703552.jpg\",\"width\":1000,\"height\":667,\"caption\":\"Im Auftrag der Sozialpartner ging es um eine einvernehmliche L\u00f6sungsfindung bei Abgrenzungsfragen f\u00fcr Betriebe, die tempor\u00e4re Arbeitskr\u00e4fte zur Verf\u00fcgung stellen.\"},{\"@type\":\"BreadcrumbList\",\"@id\":\"https:\\\/\\\/news.save.ch\\\/paritaetische-kommission-svvsuva-erste-ergebnisse\\\/#breadcrumb\",\"itemListElement\":[{\"@type\":\"ListItem\",\"position\":1,\"name\":\"Home\",\"item\":\"https:\\\/\\\/news.save.ch\\\/de\\\/\"},{\"@type\":\"ListItem\",\"position\":2,\"name\":\"Parit\u00e4tische Kommission SVV\\\/SUVA: erste Ergebnisse\"}]},{\"@type\":\"WebSite\",\"@id\":\"https:\\\/\\\/news.save.ch\\\/de\\\/#website\",\"url\":\"https:\\\/\\\/news.save.ch\\\/de\\\/\",\"name\":\"Save\",\"description\":\"Schweizer Fachzeitschrift f\u00fcr Sicherheit\",\"publisher\":{\"@id\":\"https:\\\/\\\/news.save.ch\\\/de\\\/#organization\"},\"potentialAction\":[{\"@type\":\"SearchAction\",\"target\":{\"@type\":\"EntryPoint\",\"urlTemplate\":\"https:\\\/\\\/news.save.ch\\\/de\\\/?s={search_term_string}\"},\"query-input\":{\"@type\":\"PropertyValueSpecification\",\"valueRequired\":true,\"valueName\":\"search_term_string\"}}],\"inLanguage\":\"de\"},{\"@type\":\"Organization\",\"@id\":\"https:\\\/\\\/news.save.ch\\\/de\\\/#organization\",\"name\":\"Sicherheitsforum\",\"url\":\"https:\\\/\\\/news.save.ch\\\/de\\\/\",\"logo\":{\"@type\":\"ImageObject\",\"inLanguage\":\"de\",\"@id\":\"https:\\\/\\\/news.save.ch\\\/de\\\/#\\\/schema\\\/logo\\\/image\\\/\",\"url\":\"https:\\\/\\\/news.save.ch\\\/wp-content\\\/uploads\\\/2022\\\/06\\\/Logo_SF_2012.png\",\"contentUrl\":\"https:\\\/\\\/news.save.ch\\\/wp-content\\\/uploads\\\/2022\\\/06\\\/Logo_SF_2012.png\",\"width\":1100,\"height\":91,\"caption\":\"Sicherheitsforum\"},\"image\":{\"@id\":\"https:\\\/\\\/news.save.ch\\\/de\\\/#\\\/schema\\\/logo\\\/image\\\/\"}},{\"@type\":\"Person\",\"@id\":\"https:\\\/\\\/news.save.ch\\\/de\\\/#\\\/schema\\\/person\\\/d49e199490bad7c70d64b9ab51142f2b\",\"name\":\"admin\",\"image\":{\"@type\":\"ImageObject\",\"inLanguage\":\"de\",\"@id\":\"https:\\\/\\\/secure.gravatar.com\\\/avatar\\\/ae2f4d718e6c49043e314ce431e7e645d646302a24a5ef5a8bc8e3f5a032e319?s=96&d=mm&r=g\",\"url\":\"https:\\\/\\\/secure.gravatar.com\\\/avatar\\\/ae2f4d718e6c49043e314ce431e7e645d646302a24a5ef5a8bc8e3f5a032e319?s=96&d=mm&r=g\",\"contentUrl\":\"https:\\\/\\\/secure.gravatar.com\\\/avatar\\\/ae2f4d718e6c49043e314ce431e7e645d646302a24a5ef5a8bc8e3f5a032e319?s=96&d=mm&r=g\",\"caption\":\"admin\"},\"sameAs\":[\"https:\\\/\\\/develop.organisator.galledia.ch\"],\"url\":\"https:\\\/\\\/news.save.ch\\\/de\\\/author\\\/admin\\\/\"}]}<\/script>\n<!-- \/ Yoast SEO plugin. -->","yoast_head_json":{"title":"Parit\u00e4tische Kommission SVV\/SUVA: erste Ergebnisse - Save","description":"Die \u00abParit\u00e4tische Kommission SVV\/Suva\u00bb soll in strittigen F\u00e4llen zwischen Suva und Privatversicherern nach einvernehmlichen L\u00f6sungen suchen.","robots":{"index":"index","follow":"follow","max-snippet":"max-snippet:-1","max-image-preview":"max-image-preview:large","max-video-preview":"max-video-preview:-1"},"canonical":"https:\/\/news.save.ch\/de\/paritaetische-kommission-svvsuva-erste-ergebnisse\/","og_locale":"de_DE","og_type":"article","og_title":"Parit\u00e4tische Kommission SVV\/SUVA: erste Ergebnisse - Save","og_description":"Die \u00abParit\u00e4tische Kommission SVV\/Suva\u00bb soll in strittigen F\u00e4llen zwischen Suva und Privatversicherern nach einvernehmlichen L\u00f6sungen suchen.","og_url":"https:\/\/news.save.ch\/de\/paritaetische-kommission-svvsuva-erste-ergebnisse\/","og_site_name":"Save","article_published_time":"2016-12-07T10:39:19+00:00","og_image":[{"width":1000,"height":667,"url":"https:\/\/news.save.ch\/wp-content\/uploads\/2016\/12\/Paritaetische-Kommission-SVV-SUVA-erste-Ergebnisse_safety-plus-e1481809703552.jpg","type":"image\/jpeg"}],"author":"admin","twitter_card":"summary_large_image","twitter_misc":{"Geschrieben von":"admin","Gesch\u00e4tzte Lesezeit":"1\u00a0Minute"},"schema":{"@context":"https:\/\/schema.org","@graph":[{"@type":"Article","@id":"https:\/\/news.save.ch\/paritaetische-kommission-svvsuva-erste-ergebnisse\/#article","isPartOf":{"@id":"https:\/\/news.save.ch\/paritaetische-kommission-svvsuva-erste-ergebnisse\/"},"author":{"name":"admin","@id":"https:\/\/news.save.ch\/de\/#\/schema\/person\/d49e199490bad7c70d64b9ab51142f2b"},"headline":"Parit\u00e4tische Kommission SVV\/SUVA: erste Ergebnisse","datePublished":"2016-12-07T10:39:19+00:00","mainEntityOfPage":{"@id":"https:\/\/news.save.ch\/paritaetische-kommission-svvsuva-erste-ergebnisse\/"},"wordCount":170,"commentCount":0,"publisher":{"@id":"https:\/\/news.save.ch\/de\/#organization"},"image":{"@id":"https:\/\/news.save.ch\/paritaetische-kommission-svvsuva-erste-ergebnisse\/#primaryimage"},"thumbnailUrl":"https:\/\/news.save.ch\/wp-content\/uploads\/2016\/12\/Paritaetische-Kommission-SVV-SUVA-erste-Ergebnisse_safety-plus-e1481809703552.jpg","keywords":["Arbeitsplatzgestaltung","SUVA","Versicherung"],"articleSection":["ALLGEMEIN"],"inLanguage":"de"},{"@type":"WebPage","@id":"https:\/\/news.save.ch\/paritaetische-kommission-svvsuva-erste-ergebnisse\/","url":"https:\/\/news.save.ch\/paritaetische-kommission-svvsuva-erste-ergebnisse\/","name":"Parit\u00e4tische Kommission SVV\/SUVA: erste Ergebnisse - Save","isPartOf":{"@id":"https:\/\/news.save.ch\/de\/#website"},"primaryImageOfPage":{"@id":"https:\/\/news.save.ch\/paritaetische-kommission-svvsuva-erste-ergebnisse\/#primaryimage"},"image":{"@id":"https:\/\/news.save.ch\/paritaetische-kommission-svvsuva-erste-ergebnisse\/#primaryimage"},"thumbnailUrl":"https:\/\/news.save.ch\/wp-content\/uploads\/2016\/12\/Paritaetische-Kommission-SVV-SUVA-erste-Ergebnisse_safety-plus-e1481809703552.jpg","datePublished":"2016-12-07T10:39:19+00:00","description":"Die \u00abParit\u00e4tische Kommission SVV\/Suva\u00bb soll in strittigen F\u00e4llen zwischen Suva und Privatversicherern nach einvernehmlichen L\u00f6sungen suchen.","breadcrumb":{"@id":"https:\/\/news.save.ch\/paritaetische-kommission-svvsuva-erste-ergebnisse\/#breadcrumb"},"inLanguage":"de","potentialAction":[{"@type":"ReadAction","target":["https:\/\/news.save.ch\/paritaetische-kommission-svvsuva-erste-ergebnisse\/"]}]},{"@type":"ImageObject","inLanguage":"de","@id":"https:\/\/news.save.ch\/paritaetische-kommission-svvsuva-erste-ergebnisse\/#primaryimage","url":"https:\/\/news.save.ch\/wp-content\/uploads\/2016\/12\/Paritaetische-Kommission-SVV-SUVA-erste-Ergebnisse_safety-plus-e1481809703552.jpg","contentUrl":"https:\/\/news.save.ch\/wp-content\/uploads\/2016\/12\/Paritaetische-Kommission-SVV-SUVA-erste-Ergebnisse_safety-plus-e1481809703552.jpg","width":1000,"height":667,"caption":"Im Auftrag der Sozialpartner ging es um eine einvernehmliche L\u00f6sungsfindung bei Abgrenzungsfragen f\u00fcr Betriebe, die tempor\u00e4re Arbeitskr\u00e4fte zur Verf\u00fcgung stellen."},{"@type":"BreadcrumbList","@id":"https:\/\/news.save.ch\/paritaetische-kommission-svvsuva-erste-ergebnisse\/#breadcrumb","itemListElement":[{"@type":"ListItem","position":1,"name":"Home","item":"https:\/\/news.save.ch\/de\/"},{"@type":"ListItem","position":2,"name":"Parit\u00e4tische Kommission SVV\/SUVA: erste Ergebnisse"}]},{"@type":"WebSite","@id":"https:\/\/news.save.ch\/de\/#website","url":"https:\/\/news.save.ch\/de\/","name":"Save","description":"Schweizer Fachzeitschrift f\u00fcr Sicherheit","publisher":{"@id":"https:\/\/news.save.ch\/de\/#organization"},"potentialAction":[{"@type":"SearchAction","target":{"@type":"EntryPoint","urlTemplate":"https:\/\/news.save.ch\/de\/?s={search_term_string}"},"query-input":{"@type":"PropertyValueSpecification","valueRequired":true,"valueName":"search_term_string"}}],"inLanguage":"de"},{"@type":"Organization","@id":"https:\/\/news.save.ch\/de\/#organization","name":"Sicherheitsforum","url":"https:\/\/news.save.ch\/de\/","logo":{"@type":"ImageObject","inLanguage":"de","@id":"https:\/\/news.save.ch\/de\/#\/schema\/logo\/image\/","url":"https:\/\/news.save.ch\/wp-content\/uploads\/2022\/06\/Logo_SF_2012.png","contentUrl":"https:\/\/news.save.ch\/wp-content\/uploads\/2022\/06\/Logo_SF_2012.png","width":1100,"height":91,"caption":"Sicherheitsforum"},"image":{"@id":"https:\/\/news.save.ch\/de\/#\/schema\/logo\/image\/"}},{"@type":"Person","@id":"https:\/\/news.save.ch\/de\/#\/schema\/person\/d49e199490bad7c70d64b9ab51142f2b","name":"admin","image":{"@type":"ImageObject","inLanguage":"de","@id":"https:\/\/secure.gravatar.com\/avatar\/ae2f4d718e6c49043e314ce431e7e645d646302a24a5ef5a8bc8e3f5a032e319?s=96&d=mm&r=g","url":"https:\/\/secure.gravatar.com\/avatar\/ae2f4d718e6c49043e314ce431e7e645d646302a24a5ef5a8bc8e3f5a032e319?s=96&d=mm&r=g","contentUrl":"https:\/\/secure.gravatar.com\/avatar\/ae2f4d718e6c49043e314ce431e7e645d646302a24a5ef5a8bc8e3f5a032e319?s=96&d=mm&r=g","caption":"admin"},"sameAs":["https:\/\/develop.organisator.galledia.ch"],"url":"https:\/\/news.save.ch\/de\/author\/admin\/"}]}},"_links":{"self":[{"href":"https:\/\/news.save.ch\/de\/wp-json\/wp\/v2\/posts\/16791","targetHints":{"allow":["GET"]}}],"collection":[{"href":"https:\/\/news.save.ch\/de\/wp-json\/wp\/v2\/posts"}],"about":[{"href":"https:\/\/news.save.ch\/de\/wp-json\/wp\/v2\/types\/post"}],"author":[{"embeddable":true,"href":"https:\/\/news.save.ch\/de\/wp-json\/wp\/v2\/users\/1"}],"replies":[{"embeddable":true,"href":"https:\/\/news.save.ch\/de\/wp-json\/wp\/v2\/comments?post=16791"}],"version-history":[{"count":0,"href":"https:\/\/news.save.ch\/de\/wp-json\/wp\/v2\/posts\/16791\/revisions"}],"wp:featuredmedia":[{"embeddable":true,"href":"https:\/\/news.save.ch\/de\/wp-json\/wp\/v2\/media\/1323"}],"wp:attachment":[{"href":"https:\/\/news.save.ch\/de\/wp-json\/wp\/v2\/media?parent=16791"}],"wp:term":[{"taxonomy":"category","embeddable":true,"href":"https:\/\/news.save.ch\/de\/wp-json\/wp\/v2\/categories?post=16791"},{"taxonomy":"post_tag","embeddable":true,"href":"https:\/\/news.save.ch\/de\/wp-json\/wp\/v2\/tags?post=16791"}],"curies":[{"name":"wp","href":"https:\/\/api.w.org\/{rel}","templated":true}]}}