{"id":16795,"date":"2017-01-16T15:11:10","date_gmt":"2017-01-16T14:11:10","guid":{"rendered":"https:\/\/safety-plus.ch\/?p=1388"},"modified":"2017-01-16T15:11:10","modified_gmt":"2017-01-16T14:11:10","slug":"bueroangestellte-sind-gestresst","status":null,"type":"post","link":"https:\/\/news.save.ch\/de\/bueroangestellte-sind-gestresst\/","title":{"rendered":"B\u00fcroangestellte sind gestresst"},"content":{"rendered":"<figure id=\"attachment_1389\" aria-describedby=\"caption-attachment-1389\" style=\"width: 680px\" class=\"wp-caption alignnone\"><img loading=\"lazy\" decoding=\"async\" class=\"wp-image-1389 size-medium\" src=\"http:\/\/develop.safety-plus.ch\/wp-content\/uploads\/2017\/01\/Depositphotos_126315608_l-2015.jpg\" width=\"680\" height=\"454\" \/><figcaption id=\"caption-attachment-1389\" class=\"wp-caption-text\">Arbeitsbedingter Stress hat negative Auswirkungen auf die physische und psychische<br \/> Gesundheit<\/figcaption><\/figure>\n<p>Eine <a href=\"http:\/\/www.unia.ch\/fileadmin\/user_upload\/Medienmitteilungen\/2017-01-16-Umfrage-Stress\/2017-01-16-Ergebnisse_Stressumfrage_Imboden-D.pdf\">Online-Umfrage mit 586 Teilnehmern<\/a> im Auftrag der Unia zeigt: Arbeitsbedingter Stress kommt in b\u00fcronahen Dienstleistungsberufen sehr h\u00e4ufig vor und hat oft negative Auswirkungen auf die physische und psychische Gesundheit der Besch\u00e4ftigten. Viele f\u00fchlen sich deshalb unmotiviert, ausgelaugt, nerv\u00f6s und gereizt oder k\u00f6rperlich angeschlagen. Als Hauptgr\u00fcnde f\u00fcr den Stress geben viele Zeit- und Leistungsdruck, \u00fcberlange Arbeitstage und arbeiten in der Freizeit an.<\/p>\n<p><strong>Die wichtigsten Ergebnisse auf einen Blick<\/strong><\/p>\n<ul>\n<li>In b\u00fcronahen Dienstleistungsberufen f\u00fchlt sich eine klare Mehrheit der Besch\u00e4ftigten (69,8%) am Arbeitsplatz Stress ausgesetzt und kann sich auch in der Freizeit schlecht abgrenzen.<\/li>\n<li>Der arbeitsbedingte Stress hat negative Auswirkungen auf die physische und psychische Gesundheit: Viele Besch\u00e4ftigte f\u00fchlen sich aufgrund des Stresses unmotiviert, ausgelaugt, nerv\u00f6s und gereizt oder k\u00f6rperlich angeschlagen.<\/li>\n<li>In der H\u00e4lfte der Betriebe sind Gesundheitsmanagement und Stresspr\u00e4vention kein Thema.<\/li>\n<li>Arbeitsrechtliche Standards wie Arbeitszeiterfassung, \u00dcberstundenkompensation etc. werden nicht konsequent eingehalten.<\/li>\n<li>Arbeitsbedingtem Stress kann durch eine gesundheitsf\u00f6rderliche Betriebskultur vorgebeugt werden: In Betrieben, die Stress thematisieren, sind die Besch\u00e4ftigen weniger anf\u00e4llig.<\/li>\n<\/ul>\n<p><strong>Stress kommt alle teuer zu stehen<\/strong><\/p>\n<p>Stress und die daraus resultierenden Erkrankungen bedeuten nicht nur menschliches Leid, sondern kosten die Arbeitgeber 5.7 Milliarden Fr. an gesundheitsbedingten Produktivit\u00e4tseinbussen pro Jahr (<a href=\"https:\/\/gesundheitsfoerderung.ch\/assets\/public\/documents\/1_de\/d-ueber-uns\/5-downloads\/Faktenblatt_017_GFCH_2016-08_-_Job-Stress-Index_2016.pdf\">Job-Stress-Index 2016<\/a>). Die Unia prangert daher an, dass gerade in den Dienstleistungsbranchen die konkreten Schutzbestimmungen durch Arbeitszeiterfassung und Regulierung der Arbeits- und Ruhezeiten ausgehebelt werden sollen.<\/p>\n<p><strong>Das Arbeitsgesetz dient dem Schutz der Arbeitnehmenden<\/strong><\/p>\n<p>Das Arbeitsgesetz verpflichtet die Arbeitgeber alle notwendigen Massnahmen zum Schutz der sowohl physischen wie auch der psychischen Gesundheit der Arbeitnehmenden zu treffen. Dazu geh\u00f6rt, dass sie eine \u00fcberm\u00e4ssig starke Beanspruchung vermeiden und die Arbeit geeignet organisieren m\u00fcssen. Gerade in einer Dienstleistungsgesellschaft nehmen die psychosozialen Belastungen und stressbedingte Erkrankungen rasant zu; darauf weisen auch die hohen Werte zum Stressempfinden aus der Unia-Umfrage hin.<\/p>\n<p><strong>Ausbau statt Abbau des Gesundheitsschutzes<br \/>\n<\/strong>Die Unia fordert daher, den Gesundheitsschutz nicht ab-, sondern auszubauen. Konkret soll etwa das Arbeitsgesetz effektiv vollzogen und die Kontrollen verst\u00e4rkt werden. Zudem fordert die Unia eine Verst\u00e4rkung des Gesundheitsschutzes und der Arbeitszeitpolitik in Gesamtarbeitsvertr\u00e4gen, die Gew\u00e4hrleistung der Mitwirkungsrechte in den Betrieben, Verbesserungen bei neuen Arbeitsformen. Auch soll das Arbeitsgesetz nicht verschlechtert werden.<\/p>\n<p><em>Quelle: Unia<\/em><\/p>\n","protected":false},"excerpt":{"rendered":"<p>Eine Online-Umfrage mit 586 Teilnehmern im Auftrag der Unia zeigt: Arbeitsbedingter Stress kommt in b\u00fcronahen Dienstleistungsberufen sehr h\u00e4ufig vor und hat oft negative Auswirkungen auf die physische und psychische Gesundheit der Besch\u00e4ftigten. Viele f\u00fchlen sich deshalb unmotiviert, ausgelaugt, nerv\u00f6s und gereizt oder k\u00f6rperlich angeschlagen. Als Hauptgr\u00fcnde f\u00fcr den Stress geben viele Zeit- und Leistungsdruck, \u00fcberlange [&hellip;]<\/p>\n","protected":false},"author":1,"featured_media":16163,"comment_status":"open","ping_status":"open","sticky":false,"template":"","format":"standard","meta":{"_acf_changed":false,"pgc_sgb_lightbox_settings":"","footnotes":""},"categories":[1],"tags":[],"class_list":["post-16795","post","type-post","status-publish","format-standard","has-post-thumbnail","hentry","category-allgemein"],"acf":[],"hkrextid":null,"publication":null,"issue":null,"workflow":null,"startPage":null,"spitzmarke":null,"_posts_by_tag_page_fields":{"widget_title":"","widget_tags":""},"_at_widget":"1","_yoast_wpseo_primary_category":"","_yoast_wpseo_focuskw_text_input":"B\u00fcroangestellte","_yoast_wpseo_opengraph-image":null,"_yoast_wpseo_opengraph-description":null,"_yoast_wpseo_opengraph-title":null,"enclosure":null,"_yoast_wpseo_twitter-title":null,"_yoast_wpseo_twitter-description":null,"_yoast_wpseo_twitter-image":null,"_wp_old_slug":null,"_yoast_wpseo_title":null,"_yoast_wpseo_canonical":null,"yoast_head":"<!-- This site is optimized with the Yoast SEO plugin v27.5 - https:\/\/yoast.com\/product\/yoast-seo-wordpress\/ -->\n<title>B\u00fcroangestellte sind gestresst - Save<\/title>\n<meta name=\"description\" content=\"Laut einer Online-Umfrage sind fast 70% der Besch\u00e4ftigten in b\u00fcronahen Dienstleistungsberufen Stress ausgesetzt. Dies hat Folgen f\u00fcr die Gesundheit.\" \/>\n<meta name=\"robots\" content=\"index, follow, max-snippet:-1, max-image-preview:large, max-video-preview:-1\" \/>\n<link rel=\"canonical\" href=\"https:\/\/news.save.ch\/de\/bueroangestellte-sind-gestresst\/\" \/>\n<meta property=\"og:locale\" content=\"de_DE\" \/>\n<meta property=\"og:type\" content=\"article\" \/>\n<meta property=\"og:title\" content=\"B\u00fcroangestellte sind gestresst - Save\" \/>\n<meta property=\"og:description\" content=\"Laut einer Online-Umfrage sind fast 70% der Besch\u00e4ftigten in b\u00fcronahen Dienstleistungsberufen Stress ausgesetzt. Dies hat Folgen f\u00fcr die Gesundheit.\" \/>\n<meta property=\"og:url\" content=\"https:\/\/news.save.ch\/de\/bueroangestellte-sind-gestresst\/\" \/>\n<meta property=\"og:site_name\" content=\"Save\" \/>\n<meta property=\"article:published_time\" content=\"2017-01-16T14:11:10+00:00\" \/>\n<meta property=\"og:image\" content=\"https:\/\/news.save.ch\/wp-content\/uploads\/2017\/01\/Depositphotos_126315608_l-2015-scaled-1.jpg\" \/>\n\t<meta property=\"og:image:width\" content=\"1200\" \/>\n\t<meta property=\"og:image:height\" content=\"801\" \/>\n\t<meta property=\"og:image:type\" content=\"image\/jpeg\" \/>\n<meta name=\"author\" content=\"admin\" \/>\n<meta name=\"twitter:card\" content=\"summary_large_image\" \/>\n<meta name=\"twitter:label1\" content=\"Geschrieben von\" \/>\n\t<meta name=\"twitter:data1\" content=\"admin\" \/>\n\t<meta name=\"twitter:label2\" content=\"Gesch\u00e4tzte Lesezeit\" \/>\n\t<meta name=\"twitter:data2\" content=\"2\u00a0Minuten\" \/>\n<script type=\"application\/ld+json\" class=\"yoast-schema-graph\">{\"@context\":\"https:\\\/\\\/schema.org\",\"@graph\":[{\"@type\":\"Article\",\"@id\":\"https:\\\/\\\/news.save.ch\\\/bueroangestellte-sind-gestresst\\\/#article\",\"isPartOf\":{\"@id\":\"https:\\\/\\\/news.save.ch\\\/bueroangestellte-sind-gestresst\\\/\"},\"author\":{\"name\":\"admin\",\"@id\":\"https:\\\/\\\/news.save.ch\\\/de\\\/#\\\/schema\\\/person\\\/d49e199490bad7c70d64b9ab51142f2b\"},\"headline\":\"B\u00fcroangestellte sind gestresst\",\"datePublished\":\"2017-01-16T14:11:10+00:00\",\"mainEntityOfPage\":{\"@id\":\"https:\\\/\\\/news.save.ch\\\/bueroangestellte-sind-gestresst\\\/\"},\"wordCount\":389,\"commentCount\":0,\"publisher\":{\"@id\":\"https:\\\/\\\/news.save.ch\\\/de\\\/#organization\"},\"image\":{\"@id\":\"https:\\\/\\\/news.save.ch\\\/bueroangestellte-sind-gestresst\\\/#primaryimage\"},\"thumbnailUrl\":\"https:\\\/\\\/news.save.ch\\\/wp-content\\\/uploads\\\/2017\\\/01\\\/Depositphotos_126315608_l-2015-scaled-1.jpg\",\"articleSection\":[\"ALLGEMEIN\"],\"inLanguage\":\"de\"},{\"@type\":\"WebPage\",\"@id\":\"https:\\\/\\\/news.save.ch\\\/bueroangestellte-sind-gestresst\\\/\",\"url\":\"https:\\\/\\\/news.save.ch\\\/bueroangestellte-sind-gestresst\\\/\",\"name\":\"B\u00fcroangestellte sind gestresst - Save\",\"isPartOf\":{\"@id\":\"https:\\\/\\\/news.save.ch\\\/de\\\/#website\"},\"primaryImageOfPage\":{\"@id\":\"https:\\\/\\\/news.save.ch\\\/bueroangestellte-sind-gestresst\\\/#primaryimage\"},\"image\":{\"@id\":\"https:\\\/\\\/news.save.ch\\\/bueroangestellte-sind-gestresst\\\/#primaryimage\"},\"thumbnailUrl\":\"https:\\\/\\\/news.save.ch\\\/wp-content\\\/uploads\\\/2017\\\/01\\\/Depositphotos_126315608_l-2015-scaled-1.jpg\",\"datePublished\":\"2017-01-16T14:11:10+00:00\",\"description\":\"Laut einer Online-Umfrage sind fast 70% der Besch\u00e4ftigten in b\u00fcronahen Dienstleistungsberufen Stress ausgesetzt. Dies hat Folgen f\u00fcr die Gesundheit.\",\"breadcrumb\":{\"@id\":\"https:\\\/\\\/news.save.ch\\\/bueroangestellte-sind-gestresst\\\/#breadcrumb\"},\"inLanguage\":\"de\",\"potentialAction\":[{\"@type\":\"ReadAction\",\"target\":[\"https:\\\/\\\/news.save.ch\\\/bueroangestellte-sind-gestresst\\\/\"]}]},{\"@type\":\"ImageObject\",\"inLanguage\":\"de\",\"@id\":\"https:\\\/\\\/news.save.ch\\\/bueroangestellte-sind-gestresst\\\/#primaryimage\",\"url\":\"https:\\\/\\\/news.save.ch\\\/wp-content\\\/uploads\\\/2017\\\/01\\\/Depositphotos_126315608_l-2015-scaled-1.jpg\",\"contentUrl\":\"https:\\\/\\\/news.save.ch\\\/wp-content\\\/uploads\\\/2017\\\/01\\\/Depositphotos_126315608_l-2015-scaled-1.jpg\",\"width\":1200,\"height\":801,\"caption\":\"Arbeitsbedingter Stress hat negative Auswirkungen auf die physische und psychische Gesundheit\"},{\"@type\":\"BreadcrumbList\",\"@id\":\"https:\\\/\\\/news.save.ch\\\/bueroangestellte-sind-gestresst\\\/#breadcrumb\",\"itemListElement\":[{\"@type\":\"ListItem\",\"position\":1,\"name\":\"Home\",\"item\":\"https:\\\/\\\/news.save.ch\\\/de\\\/\"},{\"@type\":\"ListItem\",\"position\":2,\"name\":\"B\u00fcroangestellte sind gestresst\"}]},{\"@type\":\"WebSite\",\"@id\":\"https:\\\/\\\/news.save.ch\\\/de\\\/#website\",\"url\":\"https:\\\/\\\/news.save.ch\\\/de\\\/\",\"name\":\"Save\",\"description\":\"Schweizer Fachzeitschrift f\u00fcr Sicherheit\",\"publisher\":{\"@id\":\"https:\\\/\\\/news.save.ch\\\/de\\\/#organization\"},\"potentialAction\":[{\"@type\":\"SearchAction\",\"target\":{\"@type\":\"EntryPoint\",\"urlTemplate\":\"https:\\\/\\\/news.save.ch\\\/de\\\/?s={search_term_string}\"},\"query-input\":{\"@type\":\"PropertyValueSpecification\",\"valueRequired\":true,\"valueName\":\"search_term_string\"}}],\"inLanguage\":\"de\"},{\"@type\":\"Organization\",\"@id\":\"https:\\\/\\\/news.save.ch\\\/de\\\/#organization\",\"name\":\"Sicherheitsforum\",\"url\":\"https:\\\/\\\/news.save.ch\\\/de\\\/\",\"logo\":{\"@type\":\"ImageObject\",\"inLanguage\":\"de\",\"@id\":\"https:\\\/\\\/news.save.ch\\\/de\\\/#\\\/schema\\\/logo\\\/image\\\/\",\"url\":\"https:\\\/\\\/news.save.ch\\\/wp-content\\\/uploads\\\/2022\\\/06\\\/Logo_SF_2012.png\",\"contentUrl\":\"https:\\\/\\\/news.save.ch\\\/wp-content\\\/uploads\\\/2022\\\/06\\\/Logo_SF_2012.png\",\"width\":1100,\"height\":91,\"caption\":\"Sicherheitsforum\"},\"image\":{\"@id\":\"https:\\\/\\\/news.save.ch\\\/de\\\/#\\\/schema\\\/logo\\\/image\\\/\"}},{\"@type\":\"Person\",\"@id\":\"https:\\\/\\\/news.save.ch\\\/de\\\/#\\\/schema\\\/person\\\/d49e199490bad7c70d64b9ab51142f2b\",\"name\":\"admin\",\"image\":{\"@type\":\"ImageObject\",\"inLanguage\":\"de\",\"@id\":\"https:\\\/\\\/secure.gravatar.com\\\/avatar\\\/ae2f4d718e6c49043e314ce431e7e645d646302a24a5ef5a8bc8e3f5a032e319?s=96&d=mm&r=g\",\"url\":\"https:\\\/\\\/secure.gravatar.com\\\/avatar\\\/ae2f4d718e6c49043e314ce431e7e645d646302a24a5ef5a8bc8e3f5a032e319?s=96&d=mm&r=g\",\"contentUrl\":\"https:\\\/\\\/secure.gravatar.com\\\/avatar\\\/ae2f4d718e6c49043e314ce431e7e645d646302a24a5ef5a8bc8e3f5a032e319?s=96&d=mm&r=g\",\"caption\":\"admin\"},\"sameAs\":[\"https:\\\/\\\/develop.organisator.galledia.ch\"],\"url\":\"https:\\\/\\\/news.save.ch\\\/de\\\/author\\\/admin\\\/\"}]}<\/script>\n<!-- \/ Yoast SEO plugin. -->","yoast_head_json":{"title":"B\u00fcroangestellte sind gestresst - Save","description":"Laut einer Online-Umfrage sind fast 70% der Besch\u00e4ftigten in b\u00fcronahen Dienstleistungsberufen Stress ausgesetzt. Dies hat Folgen f\u00fcr die Gesundheit.","robots":{"index":"index","follow":"follow","max-snippet":"max-snippet:-1","max-image-preview":"max-image-preview:large","max-video-preview":"max-video-preview:-1"},"canonical":"https:\/\/news.save.ch\/de\/bueroangestellte-sind-gestresst\/","og_locale":"de_DE","og_type":"article","og_title":"B\u00fcroangestellte sind gestresst - Save","og_description":"Laut einer Online-Umfrage sind fast 70% der Besch\u00e4ftigten in b\u00fcronahen Dienstleistungsberufen Stress ausgesetzt. Dies hat Folgen f\u00fcr die Gesundheit.","og_url":"https:\/\/news.save.ch\/de\/bueroangestellte-sind-gestresst\/","og_site_name":"Save","article_published_time":"2017-01-16T14:11:10+00:00","og_image":[{"width":1200,"height":801,"url":"https:\/\/news.save.ch\/wp-content\/uploads\/2017\/01\/Depositphotos_126315608_l-2015-scaled-1.jpg","type":"image\/jpeg"}],"author":"admin","twitter_card":"summary_large_image","twitter_misc":{"Geschrieben von":"admin","Gesch\u00e4tzte Lesezeit":"2\u00a0Minuten"},"schema":{"@context":"https:\/\/schema.org","@graph":[{"@type":"Article","@id":"https:\/\/news.save.ch\/bueroangestellte-sind-gestresst\/#article","isPartOf":{"@id":"https:\/\/news.save.ch\/bueroangestellte-sind-gestresst\/"},"author":{"name":"admin","@id":"https:\/\/news.save.ch\/de\/#\/schema\/person\/d49e199490bad7c70d64b9ab51142f2b"},"headline":"B\u00fcroangestellte sind gestresst","datePublished":"2017-01-16T14:11:10+00:00","mainEntityOfPage":{"@id":"https:\/\/news.save.ch\/bueroangestellte-sind-gestresst\/"},"wordCount":389,"commentCount":0,"publisher":{"@id":"https:\/\/news.save.ch\/de\/#organization"},"image":{"@id":"https:\/\/news.save.ch\/bueroangestellte-sind-gestresst\/#primaryimage"},"thumbnailUrl":"https:\/\/news.save.ch\/wp-content\/uploads\/2017\/01\/Depositphotos_126315608_l-2015-scaled-1.jpg","articleSection":["ALLGEMEIN"],"inLanguage":"de"},{"@type":"WebPage","@id":"https:\/\/news.save.ch\/bueroangestellte-sind-gestresst\/","url":"https:\/\/news.save.ch\/bueroangestellte-sind-gestresst\/","name":"B\u00fcroangestellte sind gestresst - Save","isPartOf":{"@id":"https:\/\/news.save.ch\/de\/#website"},"primaryImageOfPage":{"@id":"https:\/\/news.save.ch\/bueroangestellte-sind-gestresst\/#primaryimage"},"image":{"@id":"https:\/\/news.save.ch\/bueroangestellte-sind-gestresst\/#primaryimage"},"thumbnailUrl":"https:\/\/news.save.ch\/wp-content\/uploads\/2017\/01\/Depositphotos_126315608_l-2015-scaled-1.jpg","datePublished":"2017-01-16T14:11:10+00:00","description":"Laut einer Online-Umfrage sind fast 70% der Besch\u00e4ftigten in b\u00fcronahen Dienstleistungsberufen Stress ausgesetzt. Dies hat Folgen f\u00fcr die Gesundheit.","breadcrumb":{"@id":"https:\/\/news.save.ch\/bueroangestellte-sind-gestresst\/#breadcrumb"},"inLanguage":"de","potentialAction":[{"@type":"ReadAction","target":["https:\/\/news.save.ch\/bueroangestellte-sind-gestresst\/"]}]},{"@type":"ImageObject","inLanguage":"de","@id":"https:\/\/news.save.ch\/bueroangestellte-sind-gestresst\/#primaryimage","url":"https:\/\/news.save.ch\/wp-content\/uploads\/2017\/01\/Depositphotos_126315608_l-2015-scaled-1.jpg","contentUrl":"https:\/\/news.save.ch\/wp-content\/uploads\/2017\/01\/Depositphotos_126315608_l-2015-scaled-1.jpg","width":1200,"height":801,"caption":"Arbeitsbedingter Stress hat negative Auswirkungen auf die physische und psychische Gesundheit"},{"@type":"BreadcrumbList","@id":"https:\/\/news.save.ch\/bueroangestellte-sind-gestresst\/#breadcrumb","itemListElement":[{"@type":"ListItem","position":1,"name":"Home","item":"https:\/\/news.save.ch\/de\/"},{"@type":"ListItem","position":2,"name":"B\u00fcroangestellte sind gestresst"}]},{"@type":"WebSite","@id":"https:\/\/news.save.ch\/de\/#website","url":"https:\/\/news.save.ch\/de\/","name":"Save","description":"Schweizer Fachzeitschrift f\u00fcr Sicherheit","publisher":{"@id":"https:\/\/news.save.ch\/de\/#organization"},"potentialAction":[{"@type":"SearchAction","target":{"@type":"EntryPoint","urlTemplate":"https:\/\/news.save.ch\/de\/?s={search_term_string}"},"query-input":{"@type":"PropertyValueSpecification","valueRequired":true,"valueName":"search_term_string"}}],"inLanguage":"de"},{"@type":"Organization","@id":"https:\/\/news.save.ch\/de\/#organization","name":"Sicherheitsforum","url":"https:\/\/news.save.ch\/de\/","logo":{"@type":"ImageObject","inLanguage":"de","@id":"https:\/\/news.save.ch\/de\/#\/schema\/logo\/image\/","url":"https:\/\/news.save.ch\/wp-content\/uploads\/2022\/06\/Logo_SF_2012.png","contentUrl":"https:\/\/news.save.ch\/wp-content\/uploads\/2022\/06\/Logo_SF_2012.png","width":1100,"height":91,"caption":"Sicherheitsforum"},"image":{"@id":"https:\/\/news.save.ch\/de\/#\/schema\/logo\/image\/"}},{"@type":"Person","@id":"https:\/\/news.save.ch\/de\/#\/schema\/person\/d49e199490bad7c70d64b9ab51142f2b","name":"admin","image":{"@type":"ImageObject","inLanguage":"de","@id":"https:\/\/secure.gravatar.com\/avatar\/ae2f4d718e6c49043e314ce431e7e645d646302a24a5ef5a8bc8e3f5a032e319?s=96&d=mm&r=g","url":"https:\/\/secure.gravatar.com\/avatar\/ae2f4d718e6c49043e314ce431e7e645d646302a24a5ef5a8bc8e3f5a032e319?s=96&d=mm&r=g","contentUrl":"https:\/\/secure.gravatar.com\/avatar\/ae2f4d718e6c49043e314ce431e7e645d646302a24a5ef5a8bc8e3f5a032e319?s=96&d=mm&r=g","caption":"admin"},"sameAs":["https:\/\/develop.organisator.galledia.ch"],"url":"https:\/\/news.save.ch\/de\/author\/admin\/"}]}},"_links":{"self":[{"href":"https:\/\/news.save.ch\/de\/wp-json\/wp\/v2\/posts\/16795","targetHints":{"allow":["GET"]}}],"collection":[{"href":"https:\/\/news.save.ch\/de\/wp-json\/wp\/v2\/posts"}],"about":[{"href":"https:\/\/news.save.ch\/de\/wp-json\/wp\/v2\/types\/post"}],"author":[{"embeddable":true,"href":"https:\/\/news.save.ch\/de\/wp-json\/wp\/v2\/users\/1"}],"replies":[{"embeddable":true,"href":"https:\/\/news.save.ch\/de\/wp-json\/wp\/v2\/comments?post=16795"}],"version-history":[{"count":0,"href":"https:\/\/news.save.ch\/de\/wp-json\/wp\/v2\/posts\/16795\/revisions"}],"wp:featuredmedia":[{"embeddable":true,"href":"https:\/\/news.save.ch\/de\/wp-json\/wp\/v2\/media\/16163"}],"wp:attachment":[{"href":"https:\/\/news.save.ch\/de\/wp-json\/wp\/v2\/media?parent=16795"}],"wp:term":[{"taxonomy":"category","embeddable":true,"href":"https:\/\/news.save.ch\/de\/wp-json\/wp\/v2\/categories?post=16795"},{"taxonomy":"post_tag","embeddable":true,"href":"https:\/\/news.save.ch\/de\/wp-json\/wp\/v2\/tags?post=16795"}],"curies":[{"name":"wp","href":"https:\/\/api.w.org\/{rel}","templated":true}]}}