{"id":16846,"date":"2018-01-07T10:12:35","date_gmt":"2018-01-07T09:12:35","guid":{"rendered":"https:\/\/news.save.ch\/?p=2498"},"modified":"2023-03-14T09:02:53","modified_gmt":"2023-03-14T08:02:53","slug":"swiss-ts-swissi-und-iwt-werden-zur-swiss-safety-center-ag-2","status":null,"type":"post","link":"https:\/\/news.save.ch\/de\/swiss-ts-swissi-und-iwt-werden-zur-swiss-safety-center-ag-2\/","title":{"rendered":"Swiss TS, Swissi und IWT werden zur Swiss Safety Center AG"},"content":{"rendered":"<figure id=\"attachment_2499\" aria-describedby=\"caption-attachment-2499\" style=\"width: 680px\" class=\"wp-caption alignnone\"><img loading=\"lazy\" decoding=\"async\" class=\"size-medium wp-image-2499\" src=\"http:\/\/develop.safety-plus.ch\/wp-content\/uploads\/2018\/01\/1406-HZDS_STVI_100_ae_4.jpg\" alt=\"\" width=\"680\" height=\"319\" \/><figcaption id=\"caption-attachment-2499\" class=\"wp-caption-text\">Die Swiss Safety Center AG ist ein Unternehmen der SVTI-Gruppe und damit Teil des Kompetenzzentrums f\u00fcr technische Sicherheit und Risikomanagement. Blick auf den Neubau in Wallisellen. \u00a9 Swiss Safety Center<\/figcaption><\/figure>\n<p>F\u00fcr Kunden und Gesch\u00e4ftspartner bedeutet dieser Zusammenschluss, dass ihnen insk\u00fcnftig auf den Gebieten technische Sicherheit und Risikomanagement ein noch breiteres Dienstleistungsangebot aus einer Hand zur Verf\u00fcgung steht wie<\/p>\n<ul>\n<li>Zertifizierungen von Managementsystemen, Produkten und Personen<\/li>\n<li>Anlagensicherheit, Baugruppenkonformit\u00e4t, funktionale Sicherheit 4.0<\/li>\n<li>Sicherheitstechnische Berechnungen, Simulationen, Modellrechnungen<\/li>\n<li>Brandschutz, Arbeitssicherheit, Gesundheitsschutz, betrieblicher Umweltschutz<\/li>\n<li>integrales Risikomanagement<\/li>\n<li>Werkstofftechnologie station\u00e4r und mobil<\/li>\n<li>zerst\u00f6rende und zerst\u00f6rungsfreie Pr\u00fcfungen, Schadensanalysen<\/li>\n<\/ul>\n<p>Auch die bereits umfangreiche Ausbildungst\u00e4tigkeit wird weiter ausgebaut.<\/p>\n<p>Per 1. Januar 2018 gingen alle Rechte und Pflichten von Swiss TS, Swissi und IWT auf die <a href=\"http:\/\/www.safetycenter.ch\" target=\"_blank\" rel=\"noopener\">Swiss Safety Center AG<\/a> \u00fcber. CEO der Swiss Safety Center AG ist Dr. Raffael Schubiger.<\/p>\n<p><strong>Swiss Safety Center \u2013 f\u00fcr umfassende Sicherheit<\/strong><\/p>\n<p>Die Swiss Safety Center AG ist ein Unternehmen der SVTI-Gruppe und damit Teil des Kompetenzzentrums f\u00fcr technische Sicherheit und Risikomanagement. In diesem Rahmen bietet das Swiss Safety Center eine umfassende Dienstleistungspalette f\u00fcr Industrie, Handel und Gewerbe an. Dazu z\u00e4hlen Pr\u00fcfungen, Zulassungen, Inspektionen, Konformit\u00e4tsbewertungen, CE-Kennzeichnungen und Zertifizierungen, Begutachtungen, Expertisen, Werkstoffpr\u00fcfungen, Schadenpr\u00e4vention sowie fachbezogene Aus- und Weiterbildungen.<\/p>\n<p>Weiterf\u00fchrende Informationen finden sich unter <a href=\"http:\/\/www.safetycenter.ch\" target=\"_blank\" rel=\"noopener\">www.safetycenter.ch<\/a><\/p>\n","protected":false},"excerpt":{"rendered":"<p>F\u00fcr Kunden und Gesch\u00e4ftspartner bedeutet dieser Zusammenschluss, dass ihnen insk\u00fcnftig auf den Gebieten technische Sicherheit und Risikomanagement ein noch breiteres Dienstleistungsangebot aus einer Hand zur Verf\u00fcgung steht wie Zertifizierungen von Managementsystemen, Produkten und Personen Anlagensicherheit, Baugruppenkonformit\u00e4t, funktionale Sicherheit 4.0 Sicherheitstechnische Berechnungen, Simulationen, Modellrechnungen Brandschutz, Arbeitssicherheit, Gesundheitsschutz, betrieblicher Umweltschutz integrales Risikomanagement Werkstofftechnologie station\u00e4r und mobil zerst\u00f6rende [&hellip;]<\/p>\n","protected":false},"author":1,"featured_media":2499,"comment_status":"open","ping_status":"open","sticky":false,"template":"","format":"standard","meta":{"_acf_changed":false,"pgc_sgb_lightbox_settings":"","footnotes":""},"categories":[1,3314],"tags":[172,109,1775,2108,149,2329,2669,2756,1234,3055,3058,3288],"class_list":["post-16846","post","type-post","status-publish","format-standard","has-post-thumbnail","hentry","category-allgemein","category-health-safety","tag-arbeitssicherheit","tag-aus-und-weiterbildung","tag-betriebliches-gesundheitsmanagement","tag-funktionale-sicherheit-4-0","tag-gesundheitsschutz","tag-iwt","tag-persoenliche-schutzausruestung-psa","tag-raffael-schubiger","tag-swiss-safety-center-ag","tag-swiss-ts","tag-swissi","tag-zertifizierungen"],"acf":[],"hkrextid":null,"publication":null,"issue":null,"workflow":null,"startPage":null,"spitzmarke":null,"_posts_by_tag_page_fields":{"widget_title":"","widget_tags":""},"_at_widget":"1","_yoast_wpseo_primary_category":"5","_yoast_wpseo_focuskw_text_input":"Swiss Safety Center AG","_yoast_wpseo_opengraph-image":null,"_yoast_wpseo_opengraph-description":null,"_yoast_wpseo_opengraph-title":null,"enclosure":null,"_yoast_wpseo_twitter-title":null,"_yoast_wpseo_twitter-description":null,"_yoast_wpseo_twitter-image":null,"_wp_old_slug":null,"_yoast_wpseo_title":null,"_yoast_wpseo_canonical":null,"yoast_head":"<!-- This site is optimized with the Yoast SEO plugin v27.4 - https:\/\/yoast.com\/product\/yoast-seo-wordpress\/ -->\n<title>Swiss TS, Swissi und IWT werden zur Swiss Safety Center AG - Save<\/title>\n<meta name=\"description\" content=\"Die Swiss TS Technical Services AG, die IWT Institut f\u00fcr Werkstofftechnologie AG sowie die Swissi AG schliessen sich zusammen.\" \/>\n<meta name=\"robots\" content=\"index, follow, max-snippet:-1, max-image-preview:large, max-video-preview:-1\" \/>\n<link rel=\"canonical\" href=\"https:\/\/news.save.ch\/de\/swiss-ts-swissi-und-iwt-werden-zur-swiss-safety-center-ag-2\/\" \/>\n<meta property=\"og:locale\" content=\"de_DE\" \/>\n<meta property=\"og:type\" content=\"article\" \/>\n<meta property=\"og:title\" content=\"Swiss TS, Swissi und IWT werden zur Swiss Safety Center AG - Save\" \/>\n<meta property=\"og:description\" content=\"Die Swiss TS Technical Services AG, die IWT Institut f\u00fcr Werkstofftechnologie AG sowie die Swissi AG schliessen sich zusammen.\" \/>\n<meta property=\"og:url\" content=\"https:\/\/news.save.ch\/de\/swiss-ts-swissi-und-iwt-werden-zur-swiss-safety-center-ag-2\/\" \/>\n<meta property=\"og:site_name\" content=\"Save\" \/>\n<meta property=\"article:published_time\" content=\"2018-01-07T09:12:35+00:00\" \/>\n<meta property=\"article:modified_time\" content=\"2023-03-14T08:02:53+00:00\" \/>\n<meta property=\"og:image\" content=\"https:\/\/news.save.ch\/wp-content\/uploads\/2018\/01\/1406-HZDS_STVI_100_ae_4-scaled-1.jpg\" \/>\n\t<meta property=\"og:image:width\" content=\"1200\" \/>\n\t<meta property=\"og:image:height\" content=\"564\" \/>\n\t<meta property=\"og:image:type\" content=\"image\/jpeg\" \/>\n<meta name=\"author\" content=\"admin\" \/>\n<meta name=\"twitter:card\" content=\"summary_large_image\" \/>\n<meta name=\"twitter:label1\" content=\"Geschrieben von\" \/>\n\t<meta name=\"twitter:data1\" content=\"admin\" \/>\n\t<meta name=\"twitter:label2\" content=\"Gesch\u00e4tzte Lesezeit\" \/>\n\t<meta name=\"twitter:data2\" content=\"1\u00a0Minute\" \/>\n<script type=\"application\/ld+json\" class=\"yoast-schema-graph\">{\"@context\":\"https:\\\/\\\/schema.org\",\"@graph\":[{\"@type\":\"Article\",\"@id\":\"https:\\\/\\\/news.save.ch\\\/swiss-ts-swissi-und-iwt-werden-zur-swiss-safety-center-ag-2\\\/#article\",\"isPartOf\":{\"@id\":\"https:\\\/\\\/news.save.ch\\\/swiss-ts-swissi-und-iwt-werden-zur-swiss-safety-center-ag-2\\\/\"},\"author\":{\"name\":\"admin\",\"@id\":\"https:\\\/\\\/news.save.ch\\\/de\\\/#\\\/schema\\\/person\\\/d49e199490bad7c70d64b9ab51142f2b\"},\"headline\":\"Swiss TS, Swissi und IWT werden zur Swiss Safety Center AG\",\"datePublished\":\"2018-01-07T09:12:35+00:00\",\"dateModified\":\"2023-03-14T08:02:53+00:00\",\"mainEntityOfPage\":{\"@id\":\"https:\\\/\\\/news.save.ch\\\/swiss-ts-swissi-und-iwt-werden-zur-swiss-safety-center-ag-2\\\/\"},\"wordCount\":232,\"commentCount\":0,\"publisher\":{\"@id\":\"https:\\\/\\\/news.save.ch\\\/de\\\/#organization\"},\"image\":{\"@id\":\"https:\\\/\\\/news.save.ch\\\/swiss-ts-swissi-und-iwt-werden-zur-swiss-safety-center-ag-2\\\/#primaryimage\"},\"thumbnailUrl\":\"https:\\\/\\\/news.save.ch\\\/wp-content\\\/uploads\\\/2018\\\/01\\\/1406-HZDS_STVI_100_ae_4-scaled-1.jpg\",\"keywords\":[\"Arbeitssicherheit\",\"Aus- und Weiterbildung\",\"Betriebliches Gesundheitsmanagement\",\"funktionale Sicherheit 4.0\",\"Gesundheitsschutz\",\"IWT\",\"Pers\u00f6nliche Schutzausr\u00fcstung (PSA)\",\"Raffael Schubiger\",\"Swiss Safety Center AG\",\"Swiss TS\",\"Swissi\",\"Zertifizierungen\"],\"articleSection\":[\"ALLGEMEIN\",\"HEALTH &amp; SAFETY\"],\"inLanguage\":\"de\"},{\"@type\":\"WebPage\",\"@id\":\"https:\\\/\\\/news.save.ch\\\/swiss-ts-swissi-und-iwt-werden-zur-swiss-safety-center-ag-2\\\/\",\"url\":\"https:\\\/\\\/news.save.ch\\\/swiss-ts-swissi-und-iwt-werden-zur-swiss-safety-center-ag-2\\\/\",\"name\":\"Swiss TS, Swissi und IWT werden zur Swiss Safety Center AG - Save\",\"isPartOf\":{\"@id\":\"https:\\\/\\\/news.save.ch\\\/de\\\/#website\"},\"primaryImageOfPage\":{\"@id\":\"https:\\\/\\\/news.save.ch\\\/swiss-ts-swissi-und-iwt-werden-zur-swiss-safety-center-ag-2\\\/#primaryimage\"},\"image\":{\"@id\":\"https:\\\/\\\/news.save.ch\\\/swiss-ts-swissi-und-iwt-werden-zur-swiss-safety-center-ag-2\\\/#primaryimage\"},\"thumbnailUrl\":\"https:\\\/\\\/news.save.ch\\\/wp-content\\\/uploads\\\/2018\\\/01\\\/1406-HZDS_STVI_100_ae_4-scaled-1.jpg\",\"datePublished\":\"2018-01-07T09:12:35+00:00\",\"dateModified\":\"2023-03-14T08:02:53+00:00\",\"description\":\"Die Swiss TS Technical Services AG, die IWT Institut f\u00fcr Werkstofftechnologie AG sowie die Swissi AG schliessen sich zusammen.\",\"breadcrumb\":{\"@id\":\"https:\\\/\\\/news.save.ch\\\/swiss-ts-swissi-und-iwt-werden-zur-swiss-safety-center-ag-2\\\/#breadcrumb\"},\"inLanguage\":\"de\",\"potentialAction\":[{\"@type\":\"ReadAction\",\"target\":[\"https:\\\/\\\/news.save.ch\\\/swiss-ts-swissi-und-iwt-werden-zur-swiss-safety-center-ag-2\\\/\"]}]},{\"@type\":\"ImageObject\",\"inLanguage\":\"de\",\"@id\":\"https:\\\/\\\/news.save.ch\\\/swiss-ts-swissi-und-iwt-werden-zur-swiss-safety-center-ag-2\\\/#primaryimage\",\"url\":\"https:\\\/\\\/news.save.ch\\\/wp-content\\\/uploads\\\/2018\\\/01\\\/1406-HZDS_STVI_100_ae_4-scaled-1.jpg\",\"contentUrl\":\"https:\\\/\\\/news.save.ch\\\/wp-content\\\/uploads\\\/2018\\\/01\\\/1406-HZDS_STVI_100_ae_4-scaled-1.jpg\",\"width\":1200,\"height\":564,\"caption\":\"Die Swiss Safety Center AG ist ein Unternehmen der SVTI-Gruppe und damit Teil des Kompetenzzentrums f\u00fcr technische Sicherheit und Risikomanagement. \u00a9 Swiss Safety Center\"},{\"@type\":\"BreadcrumbList\",\"@id\":\"https:\\\/\\\/news.save.ch\\\/swiss-ts-swissi-und-iwt-werden-zur-swiss-safety-center-ag-2\\\/#breadcrumb\",\"itemListElement\":[{\"@type\":\"ListItem\",\"position\":1,\"name\":\"Home\",\"item\":\"https:\\\/\\\/news.save.ch\\\/de\\\/\"},{\"@type\":\"ListItem\",\"position\":2,\"name\":\"Swiss TS, Swissi und IWT werden zur Swiss Safety Center AG\"}]},{\"@type\":\"WebSite\",\"@id\":\"https:\\\/\\\/news.save.ch\\\/de\\\/#website\",\"url\":\"https:\\\/\\\/news.save.ch\\\/de\\\/\",\"name\":\"Save\",\"description\":\"Schweizer Fachzeitschrift f\u00fcr Sicherheit\",\"publisher\":{\"@id\":\"https:\\\/\\\/news.save.ch\\\/de\\\/#organization\"},\"potentialAction\":[{\"@type\":\"SearchAction\",\"target\":{\"@type\":\"EntryPoint\",\"urlTemplate\":\"https:\\\/\\\/news.save.ch\\\/de\\\/?s={search_term_string}\"},\"query-input\":{\"@type\":\"PropertyValueSpecification\",\"valueRequired\":true,\"valueName\":\"search_term_string\"}}],\"inLanguage\":\"de\"},{\"@type\":\"Organization\",\"@id\":\"https:\\\/\\\/news.save.ch\\\/de\\\/#organization\",\"name\":\"Sicherheitsforum\",\"url\":\"https:\\\/\\\/news.save.ch\\\/de\\\/\",\"logo\":{\"@type\":\"ImageObject\",\"inLanguage\":\"de\",\"@id\":\"https:\\\/\\\/news.save.ch\\\/de\\\/#\\\/schema\\\/logo\\\/image\\\/\",\"url\":\"https:\\\/\\\/news.save.ch\\\/wp-content\\\/uploads\\\/2022\\\/06\\\/Logo_SF_2012.png\",\"contentUrl\":\"https:\\\/\\\/news.save.ch\\\/wp-content\\\/uploads\\\/2022\\\/06\\\/Logo_SF_2012.png\",\"width\":1100,\"height\":91,\"caption\":\"Sicherheitsforum\"},\"image\":{\"@id\":\"https:\\\/\\\/news.save.ch\\\/de\\\/#\\\/schema\\\/logo\\\/image\\\/\"}},{\"@type\":\"Person\",\"@id\":\"https:\\\/\\\/news.save.ch\\\/de\\\/#\\\/schema\\\/person\\\/d49e199490bad7c70d64b9ab51142f2b\",\"name\":\"admin\",\"image\":{\"@type\":\"ImageObject\",\"inLanguage\":\"de\",\"@id\":\"https:\\\/\\\/secure.gravatar.com\\\/avatar\\\/ae2f4d718e6c49043e314ce431e7e645d646302a24a5ef5a8bc8e3f5a032e319?s=96&d=mm&r=g\",\"url\":\"https:\\\/\\\/secure.gravatar.com\\\/avatar\\\/ae2f4d718e6c49043e314ce431e7e645d646302a24a5ef5a8bc8e3f5a032e319?s=96&d=mm&r=g\",\"contentUrl\":\"https:\\\/\\\/secure.gravatar.com\\\/avatar\\\/ae2f4d718e6c49043e314ce431e7e645d646302a24a5ef5a8bc8e3f5a032e319?s=96&d=mm&r=g\",\"caption\":\"admin\"},\"sameAs\":[\"https:\\\/\\\/develop.organisator.galledia.ch\"],\"url\":\"https:\\\/\\\/news.save.ch\\\/de\\\/author\\\/admin\\\/\"}]}<\/script>\n<!-- \/ Yoast SEO plugin. -->","yoast_head_json":{"title":"Swiss TS, Swissi und IWT werden zur Swiss Safety Center AG - Save","description":"Die Swiss TS Technical Services AG, die IWT Institut f\u00fcr Werkstofftechnologie AG sowie die Swissi AG schliessen sich zusammen.","robots":{"index":"index","follow":"follow","max-snippet":"max-snippet:-1","max-image-preview":"max-image-preview:large","max-video-preview":"max-video-preview:-1"},"canonical":"https:\/\/news.save.ch\/de\/swiss-ts-swissi-und-iwt-werden-zur-swiss-safety-center-ag-2\/","og_locale":"de_DE","og_type":"article","og_title":"Swiss TS, Swissi und IWT werden zur Swiss Safety Center AG - Save","og_description":"Die Swiss TS Technical Services AG, die IWT Institut f\u00fcr Werkstofftechnologie AG sowie die Swissi AG schliessen sich zusammen.","og_url":"https:\/\/news.save.ch\/de\/swiss-ts-swissi-und-iwt-werden-zur-swiss-safety-center-ag-2\/","og_site_name":"Save","article_published_time":"2018-01-07T09:12:35+00:00","article_modified_time":"2023-03-14T08:02:53+00:00","og_image":[{"width":1200,"height":564,"url":"https:\/\/news.save.ch\/wp-content\/uploads\/2018\/01\/1406-HZDS_STVI_100_ae_4-scaled-1.jpg","type":"image\/jpeg"}],"author":"admin","twitter_card":"summary_large_image","twitter_misc":{"Geschrieben von":"admin","Gesch\u00e4tzte Lesezeit":"1\u00a0Minute"},"schema":{"@context":"https:\/\/schema.org","@graph":[{"@type":"Article","@id":"https:\/\/news.save.ch\/swiss-ts-swissi-und-iwt-werden-zur-swiss-safety-center-ag-2\/#article","isPartOf":{"@id":"https:\/\/news.save.ch\/swiss-ts-swissi-und-iwt-werden-zur-swiss-safety-center-ag-2\/"},"author":{"name":"admin","@id":"https:\/\/news.save.ch\/de\/#\/schema\/person\/d49e199490bad7c70d64b9ab51142f2b"},"headline":"Swiss TS, Swissi und IWT werden zur Swiss Safety Center AG","datePublished":"2018-01-07T09:12:35+00:00","dateModified":"2023-03-14T08:02:53+00:00","mainEntityOfPage":{"@id":"https:\/\/news.save.ch\/swiss-ts-swissi-und-iwt-werden-zur-swiss-safety-center-ag-2\/"},"wordCount":232,"commentCount":0,"publisher":{"@id":"https:\/\/news.save.ch\/de\/#organization"},"image":{"@id":"https:\/\/news.save.ch\/swiss-ts-swissi-und-iwt-werden-zur-swiss-safety-center-ag-2\/#primaryimage"},"thumbnailUrl":"https:\/\/news.save.ch\/wp-content\/uploads\/2018\/01\/1406-HZDS_STVI_100_ae_4-scaled-1.jpg","keywords":["Arbeitssicherheit","Aus- und Weiterbildung","Betriebliches Gesundheitsmanagement","funktionale Sicherheit 4.0","Gesundheitsschutz","IWT","Pers\u00f6nliche Schutzausr\u00fcstung (PSA)","Raffael Schubiger","Swiss Safety Center AG","Swiss TS","Swissi","Zertifizierungen"],"articleSection":["ALLGEMEIN","HEALTH &amp; SAFETY"],"inLanguage":"de"},{"@type":"WebPage","@id":"https:\/\/news.save.ch\/swiss-ts-swissi-und-iwt-werden-zur-swiss-safety-center-ag-2\/","url":"https:\/\/news.save.ch\/swiss-ts-swissi-und-iwt-werden-zur-swiss-safety-center-ag-2\/","name":"Swiss TS, Swissi und IWT werden zur Swiss Safety Center AG - Save","isPartOf":{"@id":"https:\/\/news.save.ch\/de\/#website"},"primaryImageOfPage":{"@id":"https:\/\/news.save.ch\/swiss-ts-swissi-und-iwt-werden-zur-swiss-safety-center-ag-2\/#primaryimage"},"image":{"@id":"https:\/\/news.save.ch\/swiss-ts-swissi-und-iwt-werden-zur-swiss-safety-center-ag-2\/#primaryimage"},"thumbnailUrl":"https:\/\/news.save.ch\/wp-content\/uploads\/2018\/01\/1406-HZDS_STVI_100_ae_4-scaled-1.jpg","datePublished":"2018-01-07T09:12:35+00:00","dateModified":"2023-03-14T08:02:53+00:00","description":"Die Swiss TS Technical Services AG, die IWT Institut f\u00fcr Werkstofftechnologie AG sowie die Swissi AG schliessen sich zusammen.","breadcrumb":{"@id":"https:\/\/news.save.ch\/swiss-ts-swissi-und-iwt-werden-zur-swiss-safety-center-ag-2\/#breadcrumb"},"inLanguage":"de","potentialAction":[{"@type":"ReadAction","target":["https:\/\/news.save.ch\/swiss-ts-swissi-und-iwt-werden-zur-swiss-safety-center-ag-2\/"]}]},{"@type":"ImageObject","inLanguage":"de","@id":"https:\/\/news.save.ch\/swiss-ts-swissi-und-iwt-werden-zur-swiss-safety-center-ag-2\/#primaryimage","url":"https:\/\/news.save.ch\/wp-content\/uploads\/2018\/01\/1406-HZDS_STVI_100_ae_4-scaled-1.jpg","contentUrl":"https:\/\/news.save.ch\/wp-content\/uploads\/2018\/01\/1406-HZDS_STVI_100_ae_4-scaled-1.jpg","width":1200,"height":564,"caption":"Die Swiss Safety Center AG ist ein Unternehmen der SVTI-Gruppe und damit Teil des Kompetenzzentrums f\u00fcr technische Sicherheit und Risikomanagement. \u00a9 Swiss Safety Center"},{"@type":"BreadcrumbList","@id":"https:\/\/news.save.ch\/swiss-ts-swissi-und-iwt-werden-zur-swiss-safety-center-ag-2\/#breadcrumb","itemListElement":[{"@type":"ListItem","position":1,"name":"Home","item":"https:\/\/news.save.ch\/de\/"},{"@type":"ListItem","position":2,"name":"Swiss TS, Swissi und IWT werden zur Swiss Safety Center AG"}]},{"@type":"WebSite","@id":"https:\/\/news.save.ch\/de\/#website","url":"https:\/\/news.save.ch\/de\/","name":"Save","description":"Schweizer Fachzeitschrift f\u00fcr Sicherheit","publisher":{"@id":"https:\/\/news.save.ch\/de\/#organization"},"potentialAction":[{"@type":"SearchAction","target":{"@type":"EntryPoint","urlTemplate":"https:\/\/news.save.ch\/de\/?s={search_term_string}"},"query-input":{"@type":"PropertyValueSpecification","valueRequired":true,"valueName":"search_term_string"}}],"inLanguage":"de"},{"@type":"Organization","@id":"https:\/\/news.save.ch\/de\/#organization","name":"Sicherheitsforum","url":"https:\/\/news.save.ch\/de\/","logo":{"@type":"ImageObject","inLanguage":"de","@id":"https:\/\/news.save.ch\/de\/#\/schema\/logo\/image\/","url":"https:\/\/news.save.ch\/wp-content\/uploads\/2022\/06\/Logo_SF_2012.png","contentUrl":"https:\/\/news.save.ch\/wp-content\/uploads\/2022\/06\/Logo_SF_2012.png","width":1100,"height":91,"caption":"Sicherheitsforum"},"image":{"@id":"https:\/\/news.save.ch\/de\/#\/schema\/logo\/image\/"}},{"@type":"Person","@id":"https:\/\/news.save.ch\/de\/#\/schema\/person\/d49e199490bad7c70d64b9ab51142f2b","name":"admin","image":{"@type":"ImageObject","inLanguage":"de","@id":"https:\/\/secure.gravatar.com\/avatar\/ae2f4d718e6c49043e314ce431e7e645d646302a24a5ef5a8bc8e3f5a032e319?s=96&d=mm&r=g","url":"https:\/\/secure.gravatar.com\/avatar\/ae2f4d718e6c49043e314ce431e7e645d646302a24a5ef5a8bc8e3f5a032e319?s=96&d=mm&r=g","contentUrl":"https:\/\/secure.gravatar.com\/avatar\/ae2f4d718e6c49043e314ce431e7e645d646302a24a5ef5a8bc8e3f5a032e319?s=96&d=mm&r=g","caption":"admin"},"sameAs":["https:\/\/develop.organisator.galledia.ch"],"url":"https:\/\/news.save.ch\/de\/author\/admin\/"}]}},"_links":{"self":[{"href":"https:\/\/news.save.ch\/de\/wp-json\/wp\/v2\/posts\/16846","targetHints":{"allow":["GET"]}}],"collection":[{"href":"https:\/\/news.save.ch\/de\/wp-json\/wp\/v2\/posts"}],"about":[{"href":"https:\/\/news.save.ch\/de\/wp-json\/wp\/v2\/types\/post"}],"author":[{"embeddable":true,"href":"https:\/\/news.save.ch\/de\/wp-json\/wp\/v2\/users\/1"}],"replies":[{"embeddable":true,"href":"https:\/\/news.save.ch\/de\/wp-json\/wp\/v2\/comments?post=16846"}],"version-history":[{"count":1,"href":"https:\/\/news.save.ch\/de\/wp-json\/wp\/v2\/posts\/16846\/revisions"}],"predecessor-version":[{"id":18328,"href":"https:\/\/news.save.ch\/de\/wp-json\/wp\/v2\/posts\/16846\/revisions\/18328"}],"wp:featuredmedia":[{"embeddable":true,"href":"https:\/\/news.save.ch\/de\/wp-json\/wp\/v2\/media\/2499"}],"wp:attachment":[{"href":"https:\/\/news.save.ch\/de\/wp-json\/wp\/v2\/media?parent=16846"}],"wp:term":[{"taxonomy":"category","embeddable":true,"href":"https:\/\/news.save.ch\/de\/wp-json\/wp\/v2\/categories?post=16846"},{"taxonomy":"post_tag","embeddable":true,"href":"https:\/\/news.save.ch\/de\/wp-json\/wp\/v2\/tags?post=16846"}],"curies":[{"name":"wp","href":"https:\/\/api.w.org\/{rel}","templated":true}]}}