{"id":16855,"date":"2018-02-20T08:15:48","date_gmt":"2018-02-20T07:15:48","guid":{"rendered":"https:\/\/news.save.ch\/?p=2616"},"modified":"2023-03-14T09:05:35","modified_gmt":"2023-03-14T08:05:35","slug":"den-gesamten-alterungsprozess-im-blick","status":null,"type":"post","link":"https:\/\/news.save.ch\/de\/den-gesamten-alterungsprozess-im-blick\/","title":{"rendered":"Den gesamten Alterungsprozess im Blick"},"content":{"rendered":"<figure id=\"attachment_2617\" aria-describedby=\"caption-attachment-2617\" style=\"width: 680px\" class=\"wp-caption alignnone\"><img loading=\"lazy\" decoding=\"async\" class=\"size-medium wp-image-2617\" src=\"http:\/\/develop.safety-plus.ch\/wp-content\/uploads\/2018\/02\/Depositphotos_belchonock.jpg\" alt=\"\" width=\"680\" height=\"453\" \/><figcaption id=\"caption-attachment-2617\" class=\"wp-caption-text\">Gebrechliche Personen leiden oft an mehreren Krankheiten gleichzeitig. (\u00a9 Depositphotos\/belchonock)<\/figcaption><\/figure>\n<p>Wir Menschen werden immer \u00e4lter. Interessanterweise sagen Statistiker jedoch nur eine Zunahme der Lebensjahre voraus, nicht jedoch der Jahre, w\u00e4hrend der Frauen und M\u00e4nner gesund bleiben. Diese \u00abgesunden Jahre\u00bb bleiben mehr oder weniger konstant<sup>1<\/sup>. Das heisst, Menschen leben l\u00e4nger und sind daf\u00fcr einfach l\u00e4nger krank \u2013 mit absehbar negativen Folgen f\u00fcr die Finanzierung unseres Gesundheitssystems.<br \/>\nEs ist Zeit f\u00fcr ein Umdenken. Zwar wird schon jetzt viel Forschung f\u00fcr altersbedingte Leiden wie <a href=\"https:\/\/news.save.ch\/erstes-ergonomie-praeventions-mobil-der-schweiz\/\" target=\"_blank\" rel=\"noopener\">Herzkreislauferkrankungen<\/a>, Osteoporose oder <a href=\"https:\/\/news.save.ch\/pestizide-gefahr-fuer-arbeiter-in-landwirtschaft-und-garten\/\" target=\"_blank\" rel=\"noopener\">neurodegenerative Krankheiten<\/a> betrieben. Derzeit versucht die Wissenschaft aber vor allem zu verstehen, wie einzelne Krankheiten entstehen und wie diese dann behandelt werden k\u00f6nnen. Der Tatsache, dass gerade viele alte Leute an mehreren Krankheiten gleichzeitig leiden, schenkt die Forschung heute zu wenig Beachtung. Vielmehr sollte es in Zukunft ein Forschungsziel werden, gemeinsame Ursachen von altersbedingten Krankheiten zu suchen und somit die Entstehung von Multimorbidit\u00e4ten zu bek\u00e4mpfen. Dies schl\u00e4gt der Autor gemeinsam mit 12 Kollegen (im Rahmen einer Zusammenarbeit eines Cost-Projekts<sup>2<\/sup> der europ\u00e4ischen Wissenschaftsstiftung) in einem erschienenen Kommentar in der Fachzeitschrift <a href=\"https:\/\/www.nature.com\/articles\/d41586-018-01668-0\" target=\"_blank\" rel=\"noopener\">Nature<\/a> vor<sup>1<\/sup>.<\/p>\n<p><strong>Nur noch eine Pille<\/strong><\/p>\n<p>Ein Beispiel: Sieben von zehn Diabetikern \u00fcber 65 Jahren sterben heute an Herzinsuffizienz. Warum, weiss man nicht. Um solche Zusammenh\u00e4nge zu erkennen, braucht es mehr Grundlagenforschung. Gemeinsam mit anderen Forschern wird daher die These vertraten, dass es gemeinsame Ursachen von altersbedingten Krankheiten gibt. Es besteht die berechtigte Hoffnung, dass in Zukunft neue Therapieans\u00e4tze gefunden werden, welche die Gebrechlichkeit hinausz\u00f6gern k\u00f6nnen, damit <a href=\"https:\/\/news.save.ch\/ernaehrungsstrategie-zur-gesundheitsfoerderung\/\" target=\"_blank\" rel=\"noopener\">Menschen l\u00e4nger gesund bleiben<\/a>.<\/p>\n<blockquote>\n<p><em>\u00abWeniger die Verl\u00e4ngerung des Lebens ist das Ziel, sondern die Verl\u00e4ngerung des gesunden Lebens.\u00bb Ralph M\u00fcller <\/em><\/p>\n<\/blockquote>\n<p>Anstatt dass ein Patient f\u00fcnf verschiedene Pillen schluckt, braucht es in Zukunft vielleicht nur noch eine Pille, die einem hilft, l\u00e4nger gesund zu bleiben. Es gibt heute viele Wirkstoffkandidaten, von denen man annimmt, dass sie den Alterungsprozess verlangsamen, und die man testen k\u00f6nnte. Dazu braucht es jedoch neue, effiziente und geeignete Modelle: Tiermodelle, Zellkulturmodelle und Computermodelle.<\/p>\n<p><strong>Entwicklung kann man beschleunigen<\/strong><\/p>\n<p>In Tiermodellen \u2013 selbst in solchen f\u00fcr altersbedingte Krankheiten \u2013 werden heute oft zwei bis sechs Monate alte M\u00e4use verwendet, obschon eine Labormaus eine durchschnittliche Lebenserwartung von knapp zwei Jahren hat. Ausserdem gibt es derzeit praktisch keine Tiermodelle, in denen mehrere Krankheiten gleichzeitig untersucht werden k\u00f6nnen. Auch neue Computermodelle, in denen Therapieverfahren der Altersmedizin und von Multimorbidit\u00e4ten simuliert werden k\u00f6nnen, sind wichtig. Mit ihnen k\u00f6nnte man eine Vorauswahl treffen. Somit w\u00fcrden nur noch jene Verfahren, die sich in der Simulation am vielversprechendsten erwiesen haben, am Tier und bei Menschen getestet. Man kann damit die Zahl der Tierversuche reduzieren und den Entwicklungsprozess insgesamt beschleunigen.<\/p>\n<p><strong>Jede Person profitiert davon<\/strong><\/p>\n<p>Therapien, welche das \u00abgesunde Leben\u00bb verl\u00e4ngern, beschr\u00e4nken sich jedoch l\u00e4ngst nicht nur auf Medikamente. Auch <a href=\"https:\/\/news.save.ch\/ernaehrungsstrategie-zur-gesundheitsfoerderung\/\" target=\"_blank\" rel=\"noopener\">Ern\u00e4hrung<\/a>, psychologische Massnahmen und solche im Bereich <a href=\"https:\/\/news.save.ch\/charmantes-und-sportliches-vorbild\/\" target=\"_blank\" rel=\"noopener\">Sport und Bewegung<\/a> geh\u00f6ren dazu, ebenso Schutzmassnahmen, welche bei einem Sturz einer alten Person einen Knochenbruch verhindern. N\u00f6tig w\u00e4re ausserdem, dass die Forschung der Gebrechlichkeit mehr Beachtung schenkt und neue Methoden entwickelt, um Gebrechlichkeit zu messen, unter anderem \u00fcber Ganganalysen und neue tragbare Sensoren (\u00abWearables\u00bb).<\/p>\n<p>Gerade auf dem Forschungsplatz Z\u00fcrich ist man stark im Bereich Medizintechnik und Gesundheit. Die ETH hat diesen Bereich ausgebaut, und die Altersforschung ist ein Schwerpunkt des vor sechs Jahren gegr\u00fcndeten Departement Gesundheitswissenschaften und Technologie (<a href=\"http:\/\/www.hest.ethz.ch\" target=\"_blank\" rel=\"noopener\">D-HEST<\/a>) mit mehreren neugeschaffenen Professuren in diesem Bereich. Mit einer verst\u00e4rkten Zusammenarbeit \u00fcber die Disziplinengrenzen hinweg besteht die Chance, dass man neue Therapien findet, welche weniger eine Verl\u00e4ngerung des Lebens zum Ziel haben, sondern eine Verl\u00e4ngerung des gesunden Lebens. Das Sch\u00f6ne daran ist: Weil jeder Mensch altert, ist dies ein Forschungsziel, von dem buchst\u00e4blich jede Person profitieren wird.<\/p>\n<p>Quelle: <a href=\"http:\/\/www.ethz.ch\/\" target=\"_blank\" rel=\"noopener\">ETH<\/a><\/p>\n<p>Anmerkungen:<\/p>\n<p><sup>1<\/sup> Bellantuono I: Find drugs that delay many diseases of old age. Nature 2018. 554: 293, doi: <a href=\"https:\/\/www.nature.com\/articles\/d41586-018-01668-0\" target=\"_blank\" rel=\"noopener\">10.1038\/d41586-018-01668-0<\/a><\/p>\n<p><sup>2<\/sup> Cost-Projekt <a href=\"https:\/\/www.mouseage.eu\/\" target=\"_blank\" rel=\"noopener\">MouseAGE<\/a><\/p>\n","protected":false},"excerpt":{"rendered":"<p>Wir Menschen werden immer \u00e4lter. Interessanterweise sagen Statistiker jedoch nur eine Zunahme der Lebensjahre voraus, nicht jedoch der Jahre, w\u00e4hrend der Frauen und M\u00e4nner gesund bleiben. Diese \u00abgesunden Jahre\u00bb bleiben mehr oder weniger konstant1. Das heisst, Menschen leben l\u00e4nger und sind daf\u00fcr einfach l\u00e4nger krank \u2013 mit absehbar negativen Folgen f\u00fcr die Finanzierung unseres Gesundheitssystems. [&hellip;]<\/p>\n","protected":false},"author":1,"featured_media":2617,"comment_status":"open","ping_status":"open","sticky":false,"template":"","format":"standard","meta":{"_acf_changed":false,"pgc_sgb_lightbox_settings":"","footnotes":""},"categories":[3314],"tags":[1622,2165,149,2241,2571,2611,2652,141,64,1468],"class_list":["post-16855","post","type-post","status-publish","format-standard","has-post-thumbnail","hentry","category-health-safety","tag-altersbedingte-leiden","tag-gesundheitsfoerderung","tag-gesundheitsschutz","tag-herzkreislauferkrankung","tag-multimorbiditaet","tag-neurodegenerative-krankheiten","tag-osteoporose","tag-praevention","tag-studie","tag-wearables"],"acf":[],"hkrextid":null,"publication":null,"issue":null,"workflow":null,"startPage":null,"spitzmarke":null,"_posts_by_tag_page_fields":{"widget_title":"","widget_tags":""},"_at_widget":"1","_yoast_wpseo_primary_category":"4","_yoast_wpseo_focuskw_text_input":"gesamten Alterungsprozess im Blick","_yoast_wpseo_opengraph-image":null,"_yoast_wpseo_opengraph-description":null,"_yoast_wpseo_opengraph-title":null,"enclosure":null,"_yoast_wpseo_twitter-title":null,"_yoast_wpseo_twitter-description":null,"_yoast_wpseo_twitter-image":null,"_wp_old_slug":null,"_yoast_wpseo_title":null,"_yoast_wpseo_canonical":null,"yoast_head":"<!-- This site is optimized with the Yoast SEO plugin v27.5 - https:\/\/yoast.com\/product\/yoast-seo-wordpress\/ -->\n<title>Den gesamten Alterungsprozess im Blick - Save<\/title>\n<meta name=\"description\" content=\"Es besteht die berechtigte Hoffnung, dass in Zukunft neue Therapieans\u00e4tze gefunden werden, welche die Gebrechlichkeit hinausz\u00f6gern k\u00f6nnen, damit Menschen l\u00e4nger gesund bleiben. \u00abWeniger die Verl\u00e4ngerung des Lebens ist das Ziel, sondern die Verl\u00e4ngerung des gesunden Lebens.\u00bb Ralph M\u00fcller\" \/>\n<meta name=\"robots\" content=\"index, follow, max-snippet:-1, max-image-preview:large, max-video-preview:-1\" \/>\n<link rel=\"canonical\" href=\"https:\/\/news.save.ch\/de\/den-gesamten-alterungsprozess-im-blick\/\" \/>\n<meta property=\"og:locale\" content=\"de_DE\" \/>\n<meta property=\"og:type\" content=\"article\" \/>\n<meta property=\"og:title\" content=\"Den gesamten Alterungsprozess im Blick - Save\" \/>\n<meta property=\"og:description\" content=\"Es besteht die berechtigte Hoffnung, dass in Zukunft neue Therapieans\u00e4tze gefunden werden, welche die Gebrechlichkeit hinausz\u00f6gern k\u00f6nnen, damit Menschen l\u00e4nger gesund bleiben. \u00abWeniger die Verl\u00e4ngerung des Lebens ist das Ziel, sondern die Verl\u00e4ngerung des gesunden Lebens.\u00bb Ralph M\u00fcller\" \/>\n<meta property=\"og:url\" content=\"https:\/\/news.save.ch\/de\/den-gesamten-alterungsprozess-im-blick\/\" \/>\n<meta property=\"og:site_name\" content=\"Save\" \/>\n<meta property=\"article:published_time\" content=\"2018-02-20T07:15:48+00:00\" \/>\n<meta property=\"article:modified_time\" content=\"2023-03-14T08:05:35+00:00\" \/>\n<meta property=\"og:image\" content=\"https:\/\/news.save.ch\/wp-content\/uploads\/2018\/02\/Depositphotos_belchonock-scaled-1.jpg\" \/>\n\t<meta property=\"og:image:width\" content=\"1200\" \/>\n\t<meta property=\"og:image:height\" content=\"801\" \/>\n\t<meta property=\"og:image:type\" content=\"image\/jpeg\" \/>\n<meta name=\"author\" content=\"admin\" \/>\n<meta name=\"twitter:card\" content=\"summary_large_image\" \/>\n<meta name=\"twitter:label1\" content=\"Geschrieben von\" \/>\n\t<meta name=\"twitter:data1\" content=\"admin\" \/>\n\t<meta name=\"twitter:label2\" content=\"Gesch\u00e4tzte Lesezeit\" \/>\n\t<meta name=\"twitter:data2\" content=\"3\u00a0Minuten\" \/>\n<script type=\"application\/ld+json\" class=\"yoast-schema-graph\">{\"@context\":\"https:\\\/\\\/schema.org\",\"@graph\":[{\"@type\":\"Article\",\"@id\":\"https:\\\/\\\/news.save.ch\\\/den-gesamten-alterungsprozess-im-blick\\\/#article\",\"isPartOf\":{\"@id\":\"https:\\\/\\\/news.save.ch\\\/den-gesamten-alterungsprozess-im-blick\\\/\"},\"author\":{\"name\":\"admin\",\"@id\":\"https:\\\/\\\/news.save.ch\\\/de\\\/#\\\/schema\\\/person\\\/d49e199490bad7c70d64b9ab51142f2b\"},\"headline\":\"Den gesamten Alterungsprozess im Blick\",\"datePublished\":\"2018-02-20T07:15:48+00:00\",\"dateModified\":\"2023-03-14T08:05:35+00:00\",\"mainEntityOfPage\":{\"@id\":\"https:\\\/\\\/news.save.ch\\\/den-gesamten-alterungsprozess-im-blick\\\/\"},\"wordCount\":660,\"commentCount\":0,\"publisher\":{\"@id\":\"https:\\\/\\\/news.save.ch\\\/de\\\/#organization\"},\"image\":{\"@id\":\"https:\\\/\\\/news.save.ch\\\/den-gesamten-alterungsprozess-im-blick\\\/#primaryimage\"},\"thumbnailUrl\":\"https:\\\/\\\/news.save.ch\\\/wp-content\\\/uploads\\\/2018\\\/02\\\/Depositphotos_belchonock-scaled-1.jpg\",\"keywords\":[\"altersbedingte Leiden\",\"Gesundheitsf\u00f6rderung\",\"Gesundheitsschutz\",\"Herzkreislauferkrankung\",\"Multimorbidit\u00e4t\",\"neurodegenerative Krankheiten\",\"Osteoporose\",\"Pr\u00e4vention\",\"Studie\",\"Wearables\"],\"articleSection\":[\"HEALTH &amp; SAFETY\"],\"inLanguage\":\"de\"},{\"@type\":\"WebPage\",\"@id\":\"https:\\\/\\\/news.save.ch\\\/den-gesamten-alterungsprozess-im-blick\\\/\",\"url\":\"https:\\\/\\\/news.save.ch\\\/den-gesamten-alterungsprozess-im-blick\\\/\",\"name\":\"Den gesamten Alterungsprozess im Blick - Save\",\"isPartOf\":{\"@id\":\"https:\\\/\\\/news.save.ch\\\/de\\\/#website\"},\"primaryImageOfPage\":{\"@id\":\"https:\\\/\\\/news.save.ch\\\/den-gesamten-alterungsprozess-im-blick\\\/#primaryimage\"},\"image\":{\"@id\":\"https:\\\/\\\/news.save.ch\\\/den-gesamten-alterungsprozess-im-blick\\\/#primaryimage\"},\"thumbnailUrl\":\"https:\\\/\\\/news.save.ch\\\/wp-content\\\/uploads\\\/2018\\\/02\\\/Depositphotos_belchonock-scaled-1.jpg\",\"datePublished\":\"2018-02-20T07:15:48+00:00\",\"dateModified\":\"2023-03-14T08:05:35+00:00\",\"description\":\"Es besteht die berechtigte Hoffnung, dass in Zukunft neue Therapieans\u00e4tze gefunden werden, welche die Gebrechlichkeit hinausz\u00f6gern k\u00f6nnen, damit Menschen l\u00e4nger gesund bleiben. \u00abWeniger die Verl\u00e4ngerung des Lebens ist das Ziel, sondern die Verl\u00e4ngerung des gesunden Lebens.\u00bb Ralph M\u00fcller\",\"breadcrumb\":{\"@id\":\"https:\\\/\\\/news.save.ch\\\/den-gesamten-alterungsprozess-im-blick\\\/#breadcrumb\"},\"inLanguage\":\"de\",\"potentialAction\":[{\"@type\":\"ReadAction\",\"target\":[\"https:\\\/\\\/news.save.ch\\\/den-gesamten-alterungsprozess-im-blick\\\/\"]}]},{\"@type\":\"ImageObject\",\"inLanguage\":\"de\",\"@id\":\"https:\\\/\\\/news.save.ch\\\/den-gesamten-alterungsprozess-im-blick\\\/#primaryimage\",\"url\":\"https:\\\/\\\/news.save.ch\\\/wp-content\\\/uploads\\\/2018\\\/02\\\/Depositphotos_belchonock-scaled-1.jpg\",\"contentUrl\":\"https:\\\/\\\/news.save.ch\\\/wp-content\\\/uploads\\\/2018\\\/02\\\/Depositphotos_belchonock-scaled-1.jpg\",\"width\":1200,\"height\":801,\"caption\":\"Gebrechliche Personen leiden oft an mehreren Krankheiten gleichzeitig. (\u00a9 Depositphotos\\\/belchonock)\"},{\"@type\":\"BreadcrumbList\",\"@id\":\"https:\\\/\\\/news.save.ch\\\/den-gesamten-alterungsprozess-im-blick\\\/#breadcrumb\",\"itemListElement\":[{\"@type\":\"ListItem\",\"position\":1,\"name\":\"Home\",\"item\":\"https:\\\/\\\/news.save.ch\\\/de\\\/\"},{\"@type\":\"ListItem\",\"position\":2,\"name\":\"Den gesamten Alterungsprozess im Blick\"}]},{\"@type\":\"WebSite\",\"@id\":\"https:\\\/\\\/news.save.ch\\\/de\\\/#website\",\"url\":\"https:\\\/\\\/news.save.ch\\\/de\\\/\",\"name\":\"Save\",\"description\":\"Schweizer Fachzeitschrift f\u00fcr Sicherheit\",\"publisher\":{\"@id\":\"https:\\\/\\\/news.save.ch\\\/de\\\/#organization\"},\"potentialAction\":[{\"@type\":\"SearchAction\",\"target\":{\"@type\":\"EntryPoint\",\"urlTemplate\":\"https:\\\/\\\/news.save.ch\\\/de\\\/?s={search_term_string}\"},\"query-input\":{\"@type\":\"PropertyValueSpecification\",\"valueRequired\":true,\"valueName\":\"search_term_string\"}}],\"inLanguage\":\"de\"},{\"@type\":\"Organization\",\"@id\":\"https:\\\/\\\/news.save.ch\\\/de\\\/#organization\",\"name\":\"Sicherheitsforum\",\"url\":\"https:\\\/\\\/news.save.ch\\\/de\\\/\",\"logo\":{\"@type\":\"ImageObject\",\"inLanguage\":\"de\",\"@id\":\"https:\\\/\\\/news.save.ch\\\/de\\\/#\\\/schema\\\/logo\\\/image\\\/\",\"url\":\"https:\\\/\\\/news.save.ch\\\/wp-content\\\/uploads\\\/2022\\\/06\\\/Logo_SF_2012.png\",\"contentUrl\":\"https:\\\/\\\/news.save.ch\\\/wp-content\\\/uploads\\\/2022\\\/06\\\/Logo_SF_2012.png\",\"width\":1100,\"height\":91,\"caption\":\"Sicherheitsforum\"},\"image\":{\"@id\":\"https:\\\/\\\/news.save.ch\\\/de\\\/#\\\/schema\\\/logo\\\/image\\\/\"}},{\"@type\":\"Person\",\"@id\":\"https:\\\/\\\/news.save.ch\\\/de\\\/#\\\/schema\\\/person\\\/d49e199490bad7c70d64b9ab51142f2b\",\"name\":\"admin\",\"image\":{\"@type\":\"ImageObject\",\"inLanguage\":\"de\",\"@id\":\"https:\\\/\\\/secure.gravatar.com\\\/avatar\\\/ae2f4d718e6c49043e314ce431e7e645d646302a24a5ef5a8bc8e3f5a032e319?s=96&d=mm&r=g\",\"url\":\"https:\\\/\\\/secure.gravatar.com\\\/avatar\\\/ae2f4d718e6c49043e314ce431e7e645d646302a24a5ef5a8bc8e3f5a032e319?s=96&d=mm&r=g\",\"contentUrl\":\"https:\\\/\\\/secure.gravatar.com\\\/avatar\\\/ae2f4d718e6c49043e314ce431e7e645d646302a24a5ef5a8bc8e3f5a032e319?s=96&d=mm&r=g\",\"caption\":\"admin\"},\"sameAs\":[\"https:\\\/\\\/develop.organisator.galledia.ch\"],\"url\":\"https:\\\/\\\/news.save.ch\\\/de\\\/author\\\/admin\\\/\"}]}<\/script>\n<!-- \/ Yoast SEO plugin. -->","yoast_head_json":{"title":"Den gesamten Alterungsprozess im Blick - Save","description":"Es besteht die berechtigte Hoffnung, dass in Zukunft neue Therapieans\u00e4tze gefunden werden, welche die Gebrechlichkeit hinausz\u00f6gern k\u00f6nnen, damit Menschen l\u00e4nger gesund bleiben. \u00abWeniger die Verl\u00e4ngerung des Lebens ist das Ziel, sondern die Verl\u00e4ngerung des gesunden Lebens.\u00bb Ralph M\u00fcller","robots":{"index":"index","follow":"follow","max-snippet":"max-snippet:-1","max-image-preview":"max-image-preview:large","max-video-preview":"max-video-preview:-1"},"canonical":"https:\/\/news.save.ch\/de\/den-gesamten-alterungsprozess-im-blick\/","og_locale":"de_DE","og_type":"article","og_title":"Den gesamten Alterungsprozess im Blick - Save","og_description":"Es besteht die berechtigte Hoffnung, dass in Zukunft neue Therapieans\u00e4tze gefunden werden, welche die Gebrechlichkeit hinausz\u00f6gern k\u00f6nnen, damit Menschen l\u00e4nger gesund bleiben. \u00abWeniger die Verl\u00e4ngerung des Lebens ist das Ziel, sondern die Verl\u00e4ngerung des gesunden Lebens.\u00bb Ralph M\u00fcller","og_url":"https:\/\/news.save.ch\/de\/den-gesamten-alterungsprozess-im-blick\/","og_site_name":"Save","article_published_time":"2018-02-20T07:15:48+00:00","article_modified_time":"2023-03-14T08:05:35+00:00","og_image":[{"width":1200,"height":801,"url":"https:\/\/news.save.ch\/wp-content\/uploads\/2018\/02\/Depositphotos_belchonock-scaled-1.jpg","type":"image\/jpeg"}],"author":"admin","twitter_card":"summary_large_image","twitter_misc":{"Geschrieben von":"admin","Gesch\u00e4tzte Lesezeit":"3\u00a0Minuten"},"schema":{"@context":"https:\/\/schema.org","@graph":[{"@type":"Article","@id":"https:\/\/news.save.ch\/den-gesamten-alterungsprozess-im-blick\/#article","isPartOf":{"@id":"https:\/\/news.save.ch\/den-gesamten-alterungsprozess-im-blick\/"},"author":{"name":"admin","@id":"https:\/\/news.save.ch\/de\/#\/schema\/person\/d49e199490bad7c70d64b9ab51142f2b"},"headline":"Den gesamten Alterungsprozess im Blick","datePublished":"2018-02-20T07:15:48+00:00","dateModified":"2023-03-14T08:05:35+00:00","mainEntityOfPage":{"@id":"https:\/\/news.save.ch\/den-gesamten-alterungsprozess-im-blick\/"},"wordCount":660,"commentCount":0,"publisher":{"@id":"https:\/\/news.save.ch\/de\/#organization"},"image":{"@id":"https:\/\/news.save.ch\/den-gesamten-alterungsprozess-im-blick\/#primaryimage"},"thumbnailUrl":"https:\/\/news.save.ch\/wp-content\/uploads\/2018\/02\/Depositphotos_belchonock-scaled-1.jpg","keywords":["altersbedingte Leiden","Gesundheitsf\u00f6rderung","Gesundheitsschutz","Herzkreislauferkrankung","Multimorbidit\u00e4t","neurodegenerative Krankheiten","Osteoporose","Pr\u00e4vention","Studie","Wearables"],"articleSection":["HEALTH &amp; SAFETY"],"inLanguage":"de"},{"@type":"WebPage","@id":"https:\/\/news.save.ch\/den-gesamten-alterungsprozess-im-blick\/","url":"https:\/\/news.save.ch\/den-gesamten-alterungsprozess-im-blick\/","name":"Den gesamten Alterungsprozess im Blick - Save","isPartOf":{"@id":"https:\/\/news.save.ch\/de\/#website"},"primaryImageOfPage":{"@id":"https:\/\/news.save.ch\/den-gesamten-alterungsprozess-im-blick\/#primaryimage"},"image":{"@id":"https:\/\/news.save.ch\/den-gesamten-alterungsprozess-im-blick\/#primaryimage"},"thumbnailUrl":"https:\/\/news.save.ch\/wp-content\/uploads\/2018\/02\/Depositphotos_belchonock-scaled-1.jpg","datePublished":"2018-02-20T07:15:48+00:00","dateModified":"2023-03-14T08:05:35+00:00","description":"Es besteht die berechtigte Hoffnung, dass in Zukunft neue Therapieans\u00e4tze gefunden werden, welche die Gebrechlichkeit hinausz\u00f6gern k\u00f6nnen, damit Menschen l\u00e4nger gesund bleiben. \u00abWeniger die Verl\u00e4ngerung des Lebens ist das Ziel, sondern die Verl\u00e4ngerung des gesunden Lebens.\u00bb Ralph M\u00fcller","breadcrumb":{"@id":"https:\/\/news.save.ch\/den-gesamten-alterungsprozess-im-blick\/#breadcrumb"},"inLanguage":"de","potentialAction":[{"@type":"ReadAction","target":["https:\/\/news.save.ch\/den-gesamten-alterungsprozess-im-blick\/"]}]},{"@type":"ImageObject","inLanguage":"de","@id":"https:\/\/news.save.ch\/den-gesamten-alterungsprozess-im-blick\/#primaryimage","url":"https:\/\/news.save.ch\/wp-content\/uploads\/2018\/02\/Depositphotos_belchonock-scaled-1.jpg","contentUrl":"https:\/\/news.save.ch\/wp-content\/uploads\/2018\/02\/Depositphotos_belchonock-scaled-1.jpg","width":1200,"height":801,"caption":"Gebrechliche Personen leiden oft an mehreren Krankheiten gleichzeitig. (\u00a9 Depositphotos\/belchonock)"},{"@type":"BreadcrumbList","@id":"https:\/\/news.save.ch\/den-gesamten-alterungsprozess-im-blick\/#breadcrumb","itemListElement":[{"@type":"ListItem","position":1,"name":"Home","item":"https:\/\/news.save.ch\/de\/"},{"@type":"ListItem","position":2,"name":"Den gesamten Alterungsprozess im Blick"}]},{"@type":"WebSite","@id":"https:\/\/news.save.ch\/de\/#website","url":"https:\/\/news.save.ch\/de\/","name":"Save","description":"Schweizer Fachzeitschrift f\u00fcr Sicherheit","publisher":{"@id":"https:\/\/news.save.ch\/de\/#organization"},"potentialAction":[{"@type":"SearchAction","target":{"@type":"EntryPoint","urlTemplate":"https:\/\/news.save.ch\/de\/?s={search_term_string}"},"query-input":{"@type":"PropertyValueSpecification","valueRequired":true,"valueName":"search_term_string"}}],"inLanguage":"de"},{"@type":"Organization","@id":"https:\/\/news.save.ch\/de\/#organization","name":"Sicherheitsforum","url":"https:\/\/news.save.ch\/de\/","logo":{"@type":"ImageObject","inLanguage":"de","@id":"https:\/\/news.save.ch\/de\/#\/schema\/logo\/image\/","url":"https:\/\/news.save.ch\/wp-content\/uploads\/2022\/06\/Logo_SF_2012.png","contentUrl":"https:\/\/news.save.ch\/wp-content\/uploads\/2022\/06\/Logo_SF_2012.png","width":1100,"height":91,"caption":"Sicherheitsforum"},"image":{"@id":"https:\/\/news.save.ch\/de\/#\/schema\/logo\/image\/"}},{"@type":"Person","@id":"https:\/\/news.save.ch\/de\/#\/schema\/person\/d49e199490bad7c70d64b9ab51142f2b","name":"admin","image":{"@type":"ImageObject","inLanguage":"de","@id":"https:\/\/secure.gravatar.com\/avatar\/ae2f4d718e6c49043e314ce431e7e645d646302a24a5ef5a8bc8e3f5a032e319?s=96&d=mm&r=g","url":"https:\/\/secure.gravatar.com\/avatar\/ae2f4d718e6c49043e314ce431e7e645d646302a24a5ef5a8bc8e3f5a032e319?s=96&d=mm&r=g","contentUrl":"https:\/\/secure.gravatar.com\/avatar\/ae2f4d718e6c49043e314ce431e7e645d646302a24a5ef5a8bc8e3f5a032e319?s=96&d=mm&r=g","caption":"admin"},"sameAs":["https:\/\/develop.organisator.galledia.ch"],"url":"https:\/\/news.save.ch\/de\/author\/admin\/"}]}},"_links":{"self":[{"href":"https:\/\/news.save.ch\/de\/wp-json\/wp\/v2\/posts\/16855","targetHints":{"allow":["GET"]}}],"collection":[{"href":"https:\/\/news.save.ch\/de\/wp-json\/wp\/v2\/posts"}],"about":[{"href":"https:\/\/news.save.ch\/de\/wp-json\/wp\/v2\/types\/post"}],"author":[{"embeddable":true,"href":"https:\/\/news.save.ch\/de\/wp-json\/wp\/v2\/users\/1"}],"replies":[{"embeddable":true,"href":"https:\/\/news.save.ch\/de\/wp-json\/wp\/v2\/comments?post=16855"}],"version-history":[{"count":1,"href":"https:\/\/news.save.ch\/de\/wp-json\/wp\/v2\/posts\/16855\/revisions"}],"predecessor-version":[{"id":18743,"href":"https:\/\/news.save.ch\/de\/wp-json\/wp\/v2\/posts\/16855\/revisions\/18743"}],"wp:featuredmedia":[{"embeddable":true,"href":"https:\/\/news.save.ch\/de\/wp-json\/wp\/v2\/media\/2617"}],"wp:attachment":[{"href":"https:\/\/news.save.ch\/de\/wp-json\/wp\/v2\/media?parent=16855"}],"wp:term":[{"taxonomy":"category","embeddable":true,"href":"https:\/\/news.save.ch\/de\/wp-json\/wp\/v2\/categories?post=16855"},{"taxonomy":"post_tag","embeddable":true,"href":"https:\/\/news.save.ch\/de\/wp-json\/wp\/v2\/tags?post=16855"}],"curies":[{"name":"wp","href":"https:\/\/api.w.org\/{rel}","templated":true}]}}