{"id":16856,"date":"2018-02-23T09:51:06","date_gmt":"2018-02-23T08:51:06","guid":{"rendered":"https:\/\/news.save.ch\/?p=2623"},"modified":"2023-08-09T04:23:35","modified_gmt":"2023-08-09T02:23:35","slug":"armut-macht-krank-und-krankheit-macht-arm","status":null,"type":"post","link":"https:\/\/news.save.ch\/de\/armut-macht-krank-und-krankheit-macht-arm\/","title":{"rendered":"Armut macht krank und Krankheit macht arm"},"content":{"rendered":"<figure id=\"attachment_16251\" aria-describedby=\"caption-attachment-16251\" style=\"width: 680px\" class=\"wp-caption alignnone\"><img loading=\"lazy\" decoding=\"async\" class=\"wp-image-16251 size-medium\" src=\"https:\/\/news.save.ch\/wp-content\/uploads\/2018\/02\/Depositphotos_Dmyrto_Z-scaled-1-680x454.jpg\" alt=\"Armut\" width=\"680\" height=\"454\" srcset=\"https:\/\/news.save.ch\/wp-content\/uploads\/2018\/02\/Depositphotos_Dmyrto_Z-scaled-1-680x454.jpg 680w, https:\/\/news.save.ch\/wp-content\/uploads\/2018\/02\/Depositphotos_Dmyrto_Z-scaled-1-1024x684.jpg 1024w, https:\/\/news.save.ch\/wp-content\/uploads\/2018\/02\/Depositphotos_Dmyrto_Z-scaled-1-768x513.jpg 768w, https:\/\/news.save.ch\/wp-content\/uploads\/2018\/02\/Depositphotos_Dmyrto_Z-scaled-1-18x12.jpg 18w, https:\/\/news.save.ch\/wp-content\/uploads\/2018\/02\/Depositphotos_Dmyrto_Z-scaled-1-375x250.jpg 375w, https:\/\/news.save.ch\/wp-content\/uploads\/2018\/02\/Depositphotos_Dmyrto_Z-scaled-1-524x350.jpg 524w, https:\/\/news.save.ch\/wp-content\/uploads\/2018\/02\/Depositphotos_Dmyrto_Z-scaled-1-1000x668.jpg 1000w, https:\/\/news.save.ch\/wp-content\/uploads\/2018\/02\/Depositphotos_Dmyrto_Z-scaled-1.jpg 1200w\" sizes=\"auto, (max-width: 680px) 100vw, 680px\" \/><figcaption id=\"caption-attachment-16251\" class=\"wp-caption-text\">Heute sind landesweit rund 530\u2018000 Personen oder 6,6% der st\u00e4ndigen Wohnbev\u00f6lkerung in Privathaushalten von Einkommensarmut betroffen (Quelle: www.gegenarmut.ch). Langandauernde Krankheit kann auch die Mittelschicht betreffen, vor allem, wenn seltene Krankheiten im Spiel sind.<br \/>\u00a9 Depositphotos\/Dmyrto_Z<\/figcaption><\/figure>\n<p>Menschen setzen sich in allen Lebensphasen Risiken aus, die die Gesundheit negativ beeinflussen k\u00f6nnen. Wissenschaftliche Studien zeigen, dass die Ressourcen der einzelnen Menschen zur Risikobew\u00e4ltigung ungleich verteilt sind. \u00abArmut macht krank\u00bb und \u00abKrankheit macht arm\u00bb beschreiben in aller K\u00fcrze die oftmals ung\u00fcnstige Wechselwirkung zwischen den sozialen Determinanten der Gesundheit auf der einen und dem Gesundheitsverhalten sowie dem Gesundheitszustand auf der anderen Seite.<\/p>\n<p>Neben den klassischen sozialen Determinanten wie Bildung, Beruf und Einkommen wirken auch Geschlecht, Familienstand, Migrationshintergrund und die psychische Gesundheit auf den Umgang mit <a href=\"https:\/\/news.save.ch\/wie-viel-ist-zu-viel-alkohol\/\" target=\"_blank\" rel=\"noopener\">Gesundheitsrisiken<\/a> ein. Wir m\u00f6chten mit dieser Brosch\u00fcre sensibilisieren und gemeinsam mit den zahlreichen Akteuren in den Gemeinden, Kantonen und auf <a href=\"https:\/\/news.save.ch\/schweizer-halten-gesundheitspolitiker-fuer-unfaehig\/\" target=\"_blank\" rel=\"noopener\">nationaler Ebene<\/a> dazu beitragen, Ungleichheiten beim Zugang zu <a href=\"https:\/\/news.save.ch\/ernaehrungsstrategie-zur-gesundheitsfoerderung\/\" target=\"_blank\" rel=\"noopener\">Gesundheitsf\u00f6rderung<\/a>, <a href=\"https:\/\/news.save.ch\/suizidpraevention-kanton-zuerich\/\" target=\"_blank\" rel=\"noopener\">Pr\u00e4vention<\/a> und Kuration zu verringern. Mit einem solchen Einsatz k\u00f6nnten die Chancen auf ein Leben in guter Gesundheit noch gerechter verteilt werden.<\/p>\n<h4>Lebens\u00fcberg\u00e4nge k\u00f6nnen ein Risiko f\u00fcr die Gesundheit sein<\/h4>\n<p>Im Leben gibt es \u00dcberg\u00e4nge und besondere Ereignisse, darunter der Eintritt ins Berufsleben, Elternschaft, Scheidung, ein Todesfall, Pensionierung oder Migrationserfahrung. Bei solchen \u00dcberg\u00e4ngen steigt das Risiko f\u00fcr gesundheitliche und psychische Erkrankungen. So kann etwa der Verlust der Arbeitsstelle bei den Betroffenen Angstst\u00f6rungen oder eine <a href=\"https:\/\/news.save.ch\/300-millionen-leiden-unter-depression\/\" target=\"_blank\" rel=\"noopener\">Depression<\/a> ausl\u00f6sen.<\/p>\n<p><a href=\"https:\/\/www.bag.admin.ch\/dam\/bag\/de\/dokumente\/npp\/ncd\/brosch%C3%BCre-chancengleichheit.pdf.download.pdf\/DE_BAG_Broschuere.pdf\" target=\"_blank\" rel=\"noopener\">Brosch\u00fcre: Chancengleichheit und Gesundheit &#8211; Zahlen und Fakten f\u00fcr die Schweiz<\/a><\/p>\n<p>Text: <a href=\"http:\/\/www.bag.admin.ch\" target=\"_blank\" rel=\"noopener\">BAG<\/a><\/p>\n<p><strong>Buchtipp: &#8222;Handbuch Armut&#8220;<\/strong><\/p>\n<p>Armut in der Schweiz ist kein Randph\u00e4nomen. \u00dcber eine Million Menschen in der Schweiz leben in Armut oder knapp \u00fcber der Armutsgrenze. Mehr als jede f\u00fcnfte Person ist nicht in der Lage, eine unerwartete Rechnung von 2500 Franken \u2013 beispielsweise eine Zahnarztrechnung \u2013 zu bezahlen. Armut ist mehr als eine finanzielle Notlage. Es kann bedeuten: lange eine Arbeit zu suchen, keine zu finden und ausgesteuert zu werden; trotz Schmerzen nicht zum Arzt zu gehen, um Kosten zu sparen; keine Ausbildung, keine Perspektive oder einen ungesicherten Aufenthaltsstatus zu haben; ein Leben unter dem Existenzminimum zu f\u00fchren. Und es bedeutet vor allem, nicht an der Gesellschaft teilhaben zu k\u00f6nnen.<\/p>\n<p><a href=\"http:\/\/www.caritas.ch\" target=\"_blank\" rel=\"noopener\">www.caritas.ch<\/a><\/p>\n","protected":false},"excerpt":{"rendered":"<p>Menschen setzen sich in allen Lebensphasen Risiken aus, die die Gesundheit negativ beeinflussen k\u00f6nnen. Wissenschaftliche Studien zeigen, dass die Ressourcen der einzelnen Menschen zur Risikobew\u00e4ltigung ungleich verteilt sind. \u00abArmut macht krank\u00bb und \u00abKrankheit macht arm\u00bb beschreiben in aller K\u00fcrze die oftmals ung\u00fcnstige Wechselwirkung zwischen den sozialen Determinanten der Gesundheit auf der einen und dem Gesundheitsverhalten [&hellip;]<\/p>\n","protected":false},"author":1,"featured_media":16251,"comment_status":"closed","ping_status":"closed","sticky":false,"template":"","format":"standard","meta":{"_acf_changed":false,"pgc_sgb_lightbox_settings":"","footnotes":""},"categories":[1,3314],"tags":[6023,1681,1893,2159,2165,2172,149,141,445,6025,6024],"class_list":["post-16856","post","type-post","status-publish","format-standard","has-post-thumbnail","hentry","category-allgemein","category-health-safety","tag-armut","tag-armut-macht-krank","tag-depression","tag-gesundheit","tag-gesundheitsfoerderung","tag-gesundheitsrisiken","tag-gesundheitsschutz","tag-praevention","tag-risiken","tag-uebergaenge","tag-ungleichheit"],"acf":[],"hkrextid":null,"publication":null,"issue":null,"workflow":null,"startPage":null,"spitzmarke":null,"_posts_by_tag_page_fields":{"widget_title":"","widget_tags":""},"_at_widget":"1","_yoast_wpseo_primary_category":"1","_yoast_wpseo_focuskw_text_input":null,"_yoast_wpseo_opengraph-image":null,"_yoast_wpseo_opengraph-description":null,"_yoast_wpseo_opengraph-title":null,"enclosure":null,"_yoast_wpseo_twitter-title":null,"_yoast_wpseo_twitter-description":null,"_yoast_wpseo_twitter-image":null,"_wp_old_slug":null,"_yoast_wpseo_title":null,"_yoast_wpseo_canonical":null,"yoast_head":"<!-- This site is optimized with the Yoast SEO plugin v27.5 - https:\/\/yoast.com\/product\/yoast-seo-wordpress\/ -->\n<title>Armut macht krank und Krankheit macht arm - Save<\/title>\n<meta name=\"description\" content=\"Gesundheitliche Chancengleichheit ist ein hoher Wert. Die Nationale Strategie zur Pr\u00e4vention nicht\u00fcbertragbarer Krankheiten (NCD-Strategie) und die Nationale Strategie Sucht sowie der Bereich Psychische Gesundheit richten im Jahr 2018 den Fokus auf dieses Thema. Denn die Frage stellt sich: Wie steht es um die gesundheitlichen Chancen in der Schweiz?\" \/>\n<meta name=\"robots\" content=\"index, follow, max-snippet:-1, max-image-preview:large, max-video-preview:-1\" \/>\n<link rel=\"canonical\" href=\"https:\/\/news.save.ch\/de\/armut-macht-krank-und-krankheit-macht-arm\/\" \/>\n<meta property=\"og:locale\" content=\"de_DE\" \/>\n<meta property=\"og:type\" content=\"article\" \/>\n<meta property=\"og:title\" content=\"Armut macht krank und Krankheit macht arm - Save\" \/>\n<meta property=\"og:description\" content=\"Gesundheitliche Chancengleichheit ist ein hoher Wert. Die Nationale Strategie zur Pr\u00e4vention nicht\u00fcbertragbarer Krankheiten (NCD-Strategie) und die Nationale Strategie Sucht sowie der Bereich Psychische Gesundheit richten im Jahr 2018 den Fokus auf dieses Thema. Denn die Frage stellt sich: Wie steht es um die gesundheitlichen Chancen in der Schweiz?\" \/>\n<meta property=\"og:url\" content=\"https:\/\/news.save.ch\/de\/armut-macht-krank-und-krankheit-macht-arm\/\" \/>\n<meta property=\"og:site_name\" content=\"Save\" \/>\n<meta property=\"article:published_time\" content=\"2018-02-23T08:51:06+00:00\" \/>\n<meta property=\"article:modified_time\" content=\"2023-08-09T02:23:35+00:00\" \/>\n<meta property=\"og:image\" content=\"https:\/\/news.save.ch\/wp-content\/uploads\/2018\/02\/Depositphotos_Dmyrto_Z-scaled-1.jpg\" \/>\n\t<meta property=\"og:image:width\" content=\"1200\" \/>\n\t<meta property=\"og:image:height\" content=\"801\" \/>\n\t<meta property=\"og:image:type\" content=\"image\/jpeg\" \/>\n<meta name=\"author\" content=\"admin\" \/>\n<meta name=\"twitter:card\" content=\"summary_large_image\" \/>\n<meta name=\"twitter:label1\" content=\"Geschrieben von\" \/>\n\t<meta name=\"twitter:data1\" content=\"admin\" \/>\n\t<meta name=\"twitter:label2\" content=\"Gesch\u00e4tzte Lesezeit\" \/>\n\t<meta name=\"twitter:data2\" content=\"3\u00a0Minuten\" \/>\n<script type=\"application\/ld+json\" class=\"yoast-schema-graph\">{\"@context\":\"https:\\\/\\\/schema.org\",\"@graph\":[{\"@type\":\"Article\",\"@id\":\"https:\\\/\\\/news.save.ch\\\/armut-macht-krank-und-krankheit-macht-arm\\\/#article\",\"isPartOf\":{\"@id\":\"https:\\\/\\\/news.save.ch\\\/armut-macht-krank-und-krankheit-macht-arm\\\/\"},\"author\":{\"name\":\"admin\",\"@id\":\"https:\\\/\\\/news.save.ch\\\/de\\\/#\\\/schema\\\/person\\\/d49e199490bad7c70d64b9ab51142f2b\"},\"headline\":\"Armut macht krank und Krankheit macht arm\",\"datePublished\":\"2018-02-23T08:51:06+00:00\",\"dateModified\":\"2023-08-09T02:23:35+00:00\",\"mainEntityOfPage\":{\"@id\":\"https:\\\/\\\/news.save.ch\\\/armut-macht-krank-und-krankheit-macht-arm\\\/\"},\"wordCount\":389,\"publisher\":{\"@id\":\"https:\\\/\\\/news.save.ch\\\/de\\\/#organization\"},\"image\":{\"@id\":\"https:\\\/\\\/news.save.ch\\\/armut-macht-krank-und-krankheit-macht-arm\\\/#primaryimage\"},\"thumbnailUrl\":\"https:\\\/\\\/news.save.ch\\\/wp-content\\\/uploads\\\/2018\\\/02\\\/Depositphotos_Dmyrto_Z-scaled-1.jpg\",\"keywords\":[\"Armut\",\"Armut macht krank\",\"Depression\",\"Gesundheit\",\"Gesundheitsf\u00f6rderung\",\"Gesundheitsrisiken\",\"Gesundheitsschutz\",\"Pr\u00e4vention\",\"Risiken\",\"\u00dcberg\u00e4nge\",\"Ungleichheit\"],\"articleSection\":[\"ALLGEMEIN\",\"HEALTH &amp; SAFETY\"],\"inLanguage\":\"de\"},{\"@type\":\"WebPage\",\"@id\":\"https:\\\/\\\/news.save.ch\\\/armut-macht-krank-und-krankheit-macht-arm\\\/\",\"url\":\"https:\\\/\\\/news.save.ch\\\/armut-macht-krank-und-krankheit-macht-arm\\\/\",\"name\":\"Armut macht krank und Krankheit macht arm - Save\",\"isPartOf\":{\"@id\":\"https:\\\/\\\/news.save.ch\\\/de\\\/#website\"},\"primaryImageOfPage\":{\"@id\":\"https:\\\/\\\/news.save.ch\\\/armut-macht-krank-und-krankheit-macht-arm\\\/#primaryimage\"},\"image\":{\"@id\":\"https:\\\/\\\/news.save.ch\\\/armut-macht-krank-und-krankheit-macht-arm\\\/#primaryimage\"},\"thumbnailUrl\":\"https:\\\/\\\/news.save.ch\\\/wp-content\\\/uploads\\\/2018\\\/02\\\/Depositphotos_Dmyrto_Z-scaled-1.jpg\",\"datePublished\":\"2018-02-23T08:51:06+00:00\",\"dateModified\":\"2023-08-09T02:23:35+00:00\",\"description\":\"Gesundheitliche Chancengleichheit ist ein hoher Wert. Die Nationale Strategie zur Pr\u00e4vention nicht\u00fcbertragbarer Krankheiten (NCD-Strategie) und die Nationale Strategie Sucht sowie der Bereich Psychische Gesundheit richten im Jahr 2018 den Fokus auf dieses Thema. Denn die Frage stellt sich: Wie steht es um die gesundheitlichen Chancen in der Schweiz?\",\"breadcrumb\":{\"@id\":\"https:\\\/\\\/news.save.ch\\\/armut-macht-krank-und-krankheit-macht-arm\\\/#breadcrumb\"},\"inLanguage\":\"de\",\"potentialAction\":[{\"@type\":\"ReadAction\",\"target\":[\"https:\\\/\\\/news.save.ch\\\/armut-macht-krank-und-krankheit-macht-arm\\\/\"]}]},{\"@type\":\"ImageObject\",\"inLanguage\":\"de\",\"@id\":\"https:\\\/\\\/news.save.ch\\\/armut-macht-krank-und-krankheit-macht-arm\\\/#primaryimage\",\"url\":\"https:\\\/\\\/news.save.ch\\\/wp-content\\\/uploads\\\/2018\\\/02\\\/Depositphotos_Dmyrto_Z-scaled-1.jpg\",\"contentUrl\":\"https:\\\/\\\/news.save.ch\\\/wp-content\\\/uploads\\\/2018\\\/02\\\/Depositphotos_Dmyrto_Z-scaled-1.jpg\",\"width\":1200,\"height\":801,\"caption\":\"Heute sind landesweit rund 530\u2018000 Personen oder 6,6% der st\u00e4ndigen Wohnbev\u00f6lkerung in Privathaushalten von Einkommensarmut betroffen (Quelle: www.gegenarmut.ch). Langandauernde Krankheit kann auch die Mittelschicht betreffen, vor allem, wenn seltene Krankheiten im Spiel sind. \u00a9 Depositphotos\\\/Dmyrto_Z\"},{\"@type\":\"BreadcrumbList\",\"@id\":\"https:\\\/\\\/news.save.ch\\\/armut-macht-krank-und-krankheit-macht-arm\\\/#breadcrumb\",\"itemListElement\":[{\"@type\":\"ListItem\",\"position\":1,\"name\":\"Home\",\"item\":\"https:\\\/\\\/news.save.ch\\\/de\\\/\"},{\"@type\":\"ListItem\",\"position\":2,\"name\":\"Armut macht krank und Krankheit macht arm\"}]},{\"@type\":\"WebSite\",\"@id\":\"https:\\\/\\\/news.save.ch\\\/de\\\/#website\",\"url\":\"https:\\\/\\\/news.save.ch\\\/de\\\/\",\"name\":\"Save\",\"description\":\"Schweizer Fachzeitschrift f\u00fcr Sicherheit\",\"publisher\":{\"@id\":\"https:\\\/\\\/news.save.ch\\\/de\\\/#organization\"},\"potentialAction\":[{\"@type\":\"SearchAction\",\"target\":{\"@type\":\"EntryPoint\",\"urlTemplate\":\"https:\\\/\\\/news.save.ch\\\/de\\\/?s={search_term_string}\"},\"query-input\":{\"@type\":\"PropertyValueSpecification\",\"valueRequired\":true,\"valueName\":\"search_term_string\"}}],\"inLanguage\":\"de\"},{\"@type\":\"Organization\",\"@id\":\"https:\\\/\\\/news.save.ch\\\/de\\\/#organization\",\"name\":\"Sicherheitsforum\",\"url\":\"https:\\\/\\\/news.save.ch\\\/de\\\/\",\"logo\":{\"@type\":\"ImageObject\",\"inLanguage\":\"de\",\"@id\":\"https:\\\/\\\/news.save.ch\\\/de\\\/#\\\/schema\\\/logo\\\/image\\\/\",\"url\":\"https:\\\/\\\/news.save.ch\\\/wp-content\\\/uploads\\\/2022\\\/06\\\/Logo_SF_2012.png\",\"contentUrl\":\"https:\\\/\\\/news.save.ch\\\/wp-content\\\/uploads\\\/2022\\\/06\\\/Logo_SF_2012.png\",\"width\":1100,\"height\":91,\"caption\":\"Sicherheitsforum\"},\"image\":{\"@id\":\"https:\\\/\\\/news.save.ch\\\/de\\\/#\\\/schema\\\/logo\\\/image\\\/\"}},{\"@type\":\"Person\",\"@id\":\"https:\\\/\\\/news.save.ch\\\/de\\\/#\\\/schema\\\/person\\\/d49e199490bad7c70d64b9ab51142f2b\",\"name\":\"admin\",\"image\":{\"@type\":\"ImageObject\",\"inLanguage\":\"de\",\"@id\":\"https:\\\/\\\/secure.gravatar.com\\\/avatar\\\/ae2f4d718e6c49043e314ce431e7e645d646302a24a5ef5a8bc8e3f5a032e319?s=96&d=mm&r=g\",\"url\":\"https:\\\/\\\/secure.gravatar.com\\\/avatar\\\/ae2f4d718e6c49043e314ce431e7e645d646302a24a5ef5a8bc8e3f5a032e319?s=96&d=mm&r=g\",\"contentUrl\":\"https:\\\/\\\/secure.gravatar.com\\\/avatar\\\/ae2f4d718e6c49043e314ce431e7e645d646302a24a5ef5a8bc8e3f5a032e319?s=96&d=mm&r=g\",\"caption\":\"admin\"},\"sameAs\":[\"https:\\\/\\\/develop.organisator.galledia.ch\"],\"url\":\"https:\\\/\\\/news.save.ch\\\/de\\\/author\\\/admin\\\/\"}]}<\/script>\n<!-- \/ Yoast SEO plugin. -->","yoast_head_json":{"title":"Armut macht krank und Krankheit macht arm - Save","description":"Gesundheitliche Chancengleichheit ist ein hoher Wert. Die Nationale Strategie zur Pr\u00e4vention nicht\u00fcbertragbarer Krankheiten (NCD-Strategie) und die Nationale Strategie Sucht sowie der Bereich Psychische Gesundheit richten im Jahr 2018 den Fokus auf dieses Thema. Denn die Frage stellt sich: Wie steht es um die gesundheitlichen Chancen in der Schweiz?","robots":{"index":"index","follow":"follow","max-snippet":"max-snippet:-1","max-image-preview":"max-image-preview:large","max-video-preview":"max-video-preview:-1"},"canonical":"https:\/\/news.save.ch\/de\/armut-macht-krank-und-krankheit-macht-arm\/","og_locale":"de_DE","og_type":"article","og_title":"Armut macht krank und Krankheit macht arm - Save","og_description":"Gesundheitliche Chancengleichheit ist ein hoher Wert. Die Nationale Strategie zur Pr\u00e4vention nicht\u00fcbertragbarer Krankheiten (NCD-Strategie) und die Nationale Strategie Sucht sowie der Bereich Psychische Gesundheit richten im Jahr 2018 den Fokus auf dieses Thema. Denn die Frage stellt sich: Wie steht es um die gesundheitlichen Chancen in der Schweiz?","og_url":"https:\/\/news.save.ch\/de\/armut-macht-krank-und-krankheit-macht-arm\/","og_site_name":"Save","article_published_time":"2018-02-23T08:51:06+00:00","article_modified_time":"2023-08-09T02:23:35+00:00","og_image":[{"width":1200,"height":801,"url":"https:\/\/news.save.ch\/wp-content\/uploads\/2018\/02\/Depositphotos_Dmyrto_Z-scaled-1.jpg","type":"image\/jpeg"}],"author":"admin","twitter_card":"summary_large_image","twitter_misc":{"Geschrieben von":"admin","Gesch\u00e4tzte Lesezeit":"3\u00a0Minuten"},"schema":{"@context":"https:\/\/schema.org","@graph":[{"@type":"Article","@id":"https:\/\/news.save.ch\/armut-macht-krank-und-krankheit-macht-arm\/#article","isPartOf":{"@id":"https:\/\/news.save.ch\/armut-macht-krank-und-krankheit-macht-arm\/"},"author":{"name":"admin","@id":"https:\/\/news.save.ch\/de\/#\/schema\/person\/d49e199490bad7c70d64b9ab51142f2b"},"headline":"Armut macht krank und Krankheit macht arm","datePublished":"2018-02-23T08:51:06+00:00","dateModified":"2023-08-09T02:23:35+00:00","mainEntityOfPage":{"@id":"https:\/\/news.save.ch\/armut-macht-krank-und-krankheit-macht-arm\/"},"wordCount":389,"publisher":{"@id":"https:\/\/news.save.ch\/de\/#organization"},"image":{"@id":"https:\/\/news.save.ch\/armut-macht-krank-und-krankheit-macht-arm\/#primaryimage"},"thumbnailUrl":"https:\/\/news.save.ch\/wp-content\/uploads\/2018\/02\/Depositphotos_Dmyrto_Z-scaled-1.jpg","keywords":["Armut","Armut macht krank","Depression","Gesundheit","Gesundheitsf\u00f6rderung","Gesundheitsrisiken","Gesundheitsschutz","Pr\u00e4vention","Risiken","\u00dcberg\u00e4nge","Ungleichheit"],"articleSection":["ALLGEMEIN","HEALTH &amp; SAFETY"],"inLanguage":"de"},{"@type":"WebPage","@id":"https:\/\/news.save.ch\/armut-macht-krank-und-krankheit-macht-arm\/","url":"https:\/\/news.save.ch\/armut-macht-krank-und-krankheit-macht-arm\/","name":"Armut macht krank und Krankheit macht arm - Save","isPartOf":{"@id":"https:\/\/news.save.ch\/de\/#website"},"primaryImageOfPage":{"@id":"https:\/\/news.save.ch\/armut-macht-krank-und-krankheit-macht-arm\/#primaryimage"},"image":{"@id":"https:\/\/news.save.ch\/armut-macht-krank-und-krankheit-macht-arm\/#primaryimage"},"thumbnailUrl":"https:\/\/news.save.ch\/wp-content\/uploads\/2018\/02\/Depositphotos_Dmyrto_Z-scaled-1.jpg","datePublished":"2018-02-23T08:51:06+00:00","dateModified":"2023-08-09T02:23:35+00:00","description":"Gesundheitliche Chancengleichheit ist ein hoher Wert. Die Nationale Strategie zur Pr\u00e4vention nicht\u00fcbertragbarer Krankheiten (NCD-Strategie) und die Nationale Strategie Sucht sowie der Bereich Psychische Gesundheit richten im Jahr 2018 den Fokus auf dieses Thema. Denn die Frage stellt sich: Wie steht es um die gesundheitlichen Chancen in der Schweiz?","breadcrumb":{"@id":"https:\/\/news.save.ch\/armut-macht-krank-und-krankheit-macht-arm\/#breadcrumb"},"inLanguage":"de","potentialAction":[{"@type":"ReadAction","target":["https:\/\/news.save.ch\/armut-macht-krank-und-krankheit-macht-arm\/"]}]},{"@type":"ImageObject","inLanguage":"de","@id":"https:\/\/news.save.ch\/armut-macht-krank-und-krankheit-macht-arm\/#primaryimage","url":"https:\/\/news.save.ch\/wp-content\/uploads\/2018\/02\/Depositphotos_Dmyrto_Z-scaled-1.jpg","contentUrl":"https:\/\/news.save.ch\/wp-content\/uploads\/2018\/02\/Depositphotos_Dmyrto_Z-scaled-1.jpg","width":1200,"height":801,"caption":"Heute sind landesweit rund 530\u2018000 Personen oder 6,6% der st\u00e4ndigen Wohnbev\u00f6lkerung in Privathaushalten von Einkommensarmut betroffen (Quelle: www.gegenarmut.ch). Langandauernde Krankheit kann auch die Mittelschicht betreffen, vor allem, wenn seltene Krankheiten im Spiel sind. \u00a9 Depositphotos\/Dmyrto_Z"},{"@type":"BreadcrumbList","@id":"https:\/\/news.save.ch\/armut-macht-krank-und-krankheit-macht-arm\/#breadcrumb","itemListElement":[{"@type":"ListItem","position":1,"name":"Home","item":"https:\/\/news.save.ch\/de\/"},{"@type":"ListItem","position":2,"name":"Armut macht krank und Krankheit macht arm"}]},{"@type":"WebSite","@id":"https:\/\/news.save.ch\/de\/#website","url":"https:\/\/news.save.ch\/de\/","name":"Save","description":"Schweizer Fachzeitschrift f\u00fcr Sicherheit","publisher":{"@id":"https:\/\/news.save.ch\/de\/#organization"},"potentialAction":[{"@type":"SearchAction","target":{"@type":"EntryPoint","urlTemplate":"https:\/\/news.save.ch\/de\/?s={search_term_string}"},"query-input":{"@type":"PropertyValueSpecification","valueRequired":true,"valueName":"search_term_string"}}],"inLanguage":"de"},{"@type":"Organization","@id":"https:\/\/news.save.ch\/de\/#organization","name":"Sicherheitsforum","url":"https:\/\/news.save.ch\/de\/","logo":{"@type":"ImageObject","inLanguage":"de","@id":"https:\/\/news.save.ch\/de\/#\/schema\/logo\/image\/","url":"https:\/\/news.save.ch\/wp-content\/uploads\/2022\/06\/Logo_SF_2012.png","contentUrl":"https:\/\/news.save.ch\/wp-content\/uploads\/2022\/06\/Logo_SF_2012.png","width":1100,"height":91,"caption":"Sicherheitsforum"},"image":{"@id":"https:\/\/news.save.ch\/de\/#\/schema\/logo\/image\/"}},{"@type":"Person","@id":"https:\/\/news.save.ch\/de\/#\/schema\/person\/d49e199490bad7c70d64b9ab51142f2b","name":"admin","image":{"@type":"ImageObject","inLanguage":"de","@id":"https:\/\/secure.gravatar.com\/avatar\/ae2f4d718e6c49043e314ce431e7e645d646302a24a5ef5a8bc8e3f5a032e319?s=96&d=mm&r=g","url":"https:\/\/secure.gravatar.com\/avatar\/ae2f4d718e6c49043e314ce431e7e645d646302a24a5ef5a8bc8e3f5a032e319?s=96&d=mm&r=g","contentUrl":"https:\/\/secure.gravatar.com\/avatar\/ae2f4d718e6c49043e314ce431e7e645d646302a24a5ef5a8bc8e3f5a032e319?s=96&d=mm&r=g","caption":"admin"},"sameAs":["https:\/\/develop.organisator.galledia.ch"],"url":"https:\/\/news.save.ch\/de\/author\/admin\/"}]}},"_links":{"self":[{"href":"https:\/\/news.save.ch\/de\/wp-json\/wp\/v2\/posts\/16856","targetHints":{"allow":["GET"]}}],"collection":[{"href":"https:\/\/news.save.ch\/de\/wp-json\/wp\/v2\/posts"}],"about":[{"href":"https:\/\/news.save.ch\/de\/wp-json\/wp\/v2\/types\/post"}],"author":[{"embeddable":true,"href":"https:\/\/news.save.ch\/de\/wp-json\/wp\/v2\/users\/1"}],"replies":[{"embeddable":true,"href":"https:\/\/news.save.ch\/de\/wp-json\/wp\/v2\/comments?post=16856"}],"version-history":[{"count":4,"href":"https:\/\/news.save.ch\/de\/wp-json\/wp\/v2\/posts\/16856\/revisions"}],"predecessor-version":[{"id":21694,"href":"https:\/\/news.save.ch\/de\/wp-json\/wp\/v2\/posts\/16856\/revisions\/21694"}],"wp:featuredmedia":[{"embeddable":true,"href":"https:\/\/news.save.ch\/de\/wp-json\/wp\/v2\/media\/16251"}],"wp:attachment":[{"href":"https:\/\/news.save.ch\/de\/wp-json\/wp\/v2\/media?parent=16856"}],"wp:term":[{"taxonomy":"category","embeddable":true,"href":"https:\/\/news.save.ch\/de\/wp-json\/wp\/v2\/categories?post=16856"},{"taxonomy":"post_tag","embeddable":true,"href":"https:\/\/news.save.ch\/de\/wp-json\/wp\/v2\/tags?post=16856"}],"curies":[{"name":"wp","href":"https:\/\/api.w.org\/{rel}","templated":true}]}}