{"id":16864,"date":"2018-03-13T11:14:44","date_gmt":"2018-03-13T10:14:44","guid":{"rendered":"https:\/\/news.save.ch\/?p=2702"},"modified":"2023-03-14T09:05:35","modified_gmt":"2023-03-14T08:05:35","slug":"bundesrat-lehnt-pflegeinitiative-ab","status":null,"type":"post","link":"https:\/\/news.save.ch\/de\/bundesrat-lehnt-pflegeinitiative-ab\/","title":{"rendered":"Bundesrat lehnt \u00abPflegeinitiative\u00bb ab"},"content":{"rendered":"<figure id=\"attachment_2703\" aria-describedby=\"caption-attachment-2703\" style=\"width: 680px\" class=\"wp-caption alignnone\"><img loading=\"lazy\" decoding=\"async\" class=\"size-medium wp-image-2703\" src=\"http:\/\/develop.safety-plus.ch\/wp-content\/uploads\/2018\/03\/Depositphotos_Wavebreakmedia.jpg\" alt=\"\" width=\"680\" height=\"453\" \/><figcaption id=\"caption-attachment-2703\" class=\"wp-caption-text\">Die Pflegeinitiative k\u00e4mpft f\u00fcr mehr Rechte der Arbeitnehmer. Der Bundesrat ist jedoch der Ansicht, dass der Verfassungsartikel zur medizinischen Grundversorgung ausreiche.<br \/>\u00a9 Depositphotos\/Wavebreakmedia<\/figcaption><\/figure>\n<p>Der Bundesrat hat Verst\u00e4ndnis f\u00fcr die Forderung der Initiantinnen und Initianten, dass Bund und Kantone sich weiterhin gemeinsam f\u00fcr gen\u00fcgend und gut qualifiziertes <a href=\"https:\/\/news.save.ch\/gesundheitsfachmann-immer-ein-traumjob\/\" target=\"_blank\" rel=\"noopener\">Pflegefachpersonal<\/a> einsetzen m\u00fcssen. Mit dem Masterplan Bildung Pflegeberufe 2010-2015 hat er gemeinsam mit den Kantonen bereits Massnahmen aufgezeigt, wie er dem Fachkr\u00e4ftemangel in den Pflegeberufen begegnen will. Der Masterplan zeitigt erste Erfolge. Die Ausbildungsabschl\u00fcsse in der beruflichen Grundbildung steigen. Zudem hat der Bundesrat 2016 im Rahmen der Fachkr\u00e4fteinitiative weitere Projekte beschlossen, die insbesondere auf den Bereich der Langzeitpflege abzielen. Diese umfassen unter anderem ein F\u00f6rderprogramm f\u00fcr Wiedereinsteigende, sowie eine Kampagne, um das Image der Ausbildungen und der Karriere in der Langzeitpflege zu verbessern. Weiter setzt sich der Bund daf\u00fcr ein, dass Betriebe unterst\u00fctzt werden, die ihre Arbeitsbedingungen attraktiver gestalten m\u00f6chten.<\/p>\n<p><strong>Verfassungsartikel zur medizinischen Grundversorgung reiche aus<\/strong><\/p>\n<p>Der Bundesrat teilt die Ansicht des Initiativkomitees, dass die Pflege, wie die Hausarztmedizin, ein unverzichtbarer Bestandteil der <a href=\"https:\/\/news.save.ch\/schweizer-bevoelkerung-ist-zufrieden-mit-der-gesundheitsversorgung\/\" target=\"_blank\" rel=\"noopener\">medizinischen Grundversorgung<\/a> ist. Er h\u00e4lt aber fest, dass der Verfassungsartikel zur medizinischen Grundversorgung (117a BV) f\u00fcr die von den Initiantinnen und Initianten geforderte St\u00e4rkung der Pflege durch Bund und Kantone im Rahmen der bestehenden Zust\u00e4ndigkeiten ausreicht. Der Bundesrat ist dar\u00fcber hinaus der \u00dcberzeugung, dass eine direkte Abrechnung von Pflegeleistungen zulasten der obligatorischen Krankenpflegeversicherung (OKP) ohne koordinierende Massnahmen zu einer Mengenausweitung und damit zu unerw\u00fcnschten <a href=\"https:\/\/news.save.ch\/armut-macht-krank-und-krankheit-macht-arm\/\" target=\"_blank\" rel=\"noopener\">Kostenentwicklungen im Gesundheitswesen<\/a> f\u00fchren d\u00fcrfte. Hingegen hat der Bundesrat das EDI beauftragt, unter Einbezug der wichtigsten Akteure und des Initiativkomitees weitere Massnahmen zu pr\u00fcfen und zu erarbeiten. Die berechtigten Anliegen der Initiantinnen und Initianten sollen im Rahmen der bestehenden Kompetenzen mit konkreten L\u00f6sungsans\u00e4tzen aufgenommen werden.<\/p>\n<p>Herausgeber:\u00a0 <a href=\"https:\/\/www.admin.ch\/gov\/de\/start.html\" target=\"_blank\" rel=\"noopener\">Der Bundesrat<\/a>\u00a0 &amp; \u00a0<a href=\"http:\/\/www.bag.admin.ch\" target=\"_blank\" rel=\"noopener\">Bundesamt f\u00fcr Gesundheit <\/a><\/p>\n<p>Weitere Infos zur <a href=\"http:\/\/www.pflegeinitiative.ch\" target=\"_blank\" rel=\"noopener\">Pflegeinitiative<\/a><\/p>\n<p><a href=\"https:\/\/www.youtube.com\/watch?v=JZWvzcTRces#action=share\" target=\"_blank\" rel=\"noopener\">Video zur Pflegeinitiative <\/a><\/p>\n","protected":false},"excerpt":{"rendered":"<p>Der Bundesrat hat Verst\u00e4ndnis f\u00fcr die Forderung der Initiantinnen und Initianten, dass Bund und Kantone sich weiterhin gemeinsam f\u00fcr gen\u00fcgend und gut qualifiziertes Pflegefachpersonal einsetzen m\u00fcssen. Mit dem Masterplan Bildung Pflegeberufe 2010-2015 hat er gemeinsam mit den Kantonen bereits Massnahmen aufgezeigt, wie er dem Fachkr\u00e4ftemangel in den Pflegeberufen begegnen will. Der Masterplan zeitigt erste Erfolge. [&hellip;]<\/p>\n","protected":false},"author":1,"featured_media":16259,"comment_status":"open","ping_status":"open","sticky":false,"template":"","format":"standard","meta":{"_acf_changed":false,"pgc_sgb_lightbox_settings":"","footnotes":""},"categories":[3314],"tags":[172,1678,540,700,1762,168,2025,2026,149,2398,2519,2679,2680,2682],"class_list":["post-16864","post","type-post","status-publish","format-standard","has-post-thumbnail","hentry","category-health-safety","tag-arbeitssicherheit","tag-arbeitszeit","tag-ausbildung","tag-bag","tag-berufliche-grundbildung","tag-bundesrat","tag-fachkraefteinitiative","tag-fachkraeftemangel","tag-gesundheitsschutz","tag-kostenentwicklung","tag-medizinische-grundversorgung","tag-pflegeberufe","tag-pflegefachpersonal","tag-pflegeleistung"],"acf":[],"hkrextid":null,"publication":null,"issue":null,"workflow":null,"startPage":null,"spitzmarke":null,"_posts_by_tag_page_fields":{"widget_title":"","widget_tags":""},"_at_widget":"1","_yoast_wpseo_primary_category":"5","_yoast_wpseo_focuskw_text_input":"Pflegeinitiative","_yoast_wpseo_opengraph-image":null,"_yoast_wpseo_opengraph-description":null,"_yoast_wpseo_opengraph-title":null,"enclosure":null,"_yoast_wpseo_twitter-title":null,"_yoast_wpseo_twitter-description":null,"_yoast_wpseo_twitter-image":null,"_wp_old_slug":null,"_yoast_wpseo_title":null,"_yoast_wpseo_canonical":null,"yoast_head":"<!-- This site is optimized with the Yoast SEO plugin v27.5 - https:\/\/yoast.com\/product\/yoast-seo-wordpress\/ -->\n<title>Bundesrat lehnt \u00abPflegeinitiative\u00bb ab - Save<\/title>\n<meta name=\"description\" content=\"Die Pflegeinitiative k\u00e4mpft f\u00fcr mehr Rechte der Arbeitnehmer. Der Bundesrat ist jedoch der Ansicht, dass der Verfassungsartikel zur medizinischen Grundversorgung ausreiche.\" \/>\n<meta name=\"robots\" content=\"index, follow, max-snippet:-1, max-image-preview:large, max-video-preview:-1\" \/>\n<link rel=\"canonical\" href=\"https:\/\/news.save.ch\/de\/bundesrat-lehnt-pflegeinitiative-ab\/\" \/>\n<meta property=\"og:locale\" content=\"de_DE\" \/>\n<meta property=\"og:type\" content=\"article\" \/>\n<meta property=\"og:title\" content=\"Bundesrat lehnt \u00abPflegeinitiative\u00bb ab - Save\" \/>\n<meta property=\"og:description\" content=\"Die Pflegeinitiative k\u00e4mpft f\u00fcr mehr Rechte der Arbeitnehmer. Der Bundesrat ist jedoch der Ansicht, dass der Verfassungsartikel zur medizinischen Grundversorgung ausreiche.\" \/>\n<meta property=\"og:url\" content=\"https:\/\/news.save.ch\/de\/bundesrat-lehnt-pflegeinitiative-ab\/\" \/>\n<meta property=\"og:site_name\" content=\"Save\" \/>\n<meta property=\"article:published_time\" content=\"2018-03-13T10:14:44+00:00\" \/>\n<meta property=\"article:modified_time\" content=\"2023-03-14T08:05:35+00:00\" \/>\n<meta property=\"og:image\" content=\"https:\/\/news.save.ch\/wp-content\/uploads\/2018\/03\/Depositphotos_Wavebreakmedia-scaled-1.jpg\" \/>\n\t<meta property=\"og:image:width\" content=\"1200\" \/>\n\t<meta property=\"og:image:height\" content=\"800\" \/>\n\t<meta property=\"og:image:type\" content=\"image\/jpeg\" \/>\n<meta name=\"author\" content=\"admin\" \/>\n<meta name=\"twitter:card\" content=\"summary_large_image\" \/>\n<meta name=\"twitter:label1\" content=\"Geschrieben von\" \/>\n\t<meta name=\"twitter:data1\" content=\"admin\" \/>\n\t<meta name=\"twitter:label2\" content=\"Gesch\u00e4tzte Lesezeit\" \/>\n\t<meta name=\"twitter:data2\" content=\"2\u00a0Minuten\" \/>\n<script type=\"application\/ld+json\" class=\"yoast-schema-graph\">{\"@context\":\"https:\\\/\\\/schema.org\",\"@graph\":[{\"@type\":\"Article\",\"@id\":\"https:\\\/\\\/news.save.ch\\\/bundesrat-lehnt-pflegeinitiative-ab\\\/#article\",\"isPartOf\":{\"@id\":\"https:\\\/\\\/news.save.ch\\\/bundesrat-lehnt-pflegeinitiative-ab\\\/\"},\"author\":{\"name\":\"admin\",\"@id\":\"https:\\\/\\\/news.save.ch\\\/de\\\/#\\\/schema\\\/person\\\/d49e199490bad7c70d64b9ab51142f2b\"},\"headline\":\"Bundesrat lehnt \u00abPflegeinitiative\u00bb ab\",\"datePublished\":\"2018-03-13T10:14:44+00:00\",\"dateModified\":\"2023-03-14T08:05:35+00:00\",\"mainEntityOfPage\":{\"@id\":\"https:\\\/\\\/news.save.ch\\\/bundesrat-lehnt-pflegeinitiative-ab\\\/\"},\"wordCount\":329,\"commentCount\":0,\"publisher\":{\"@id\":\"https:\\\/\\\/news.save.ch\\\/de\\\/#organization\"},\"image\":{\"@id\":\"https:\\\/\\\/news.save.ch\\\/bundesrat-lehnt-pflegeinitiative-ab\\\/#primaryimage\"},\"thumbnailUrl\":\"https:\\\/\\\/news.save.ch\\\/wp-content\\\/uploads\\\/2018\\\/03\\\/Depositphotos_Wavebreakmedia-scaled-1.jpg\",\"keywords\":[\"Arbeitssicherheit\",\"Arbeitszeit\",\"Ausbildung\",\"BAG\",\"berufliche Grundbildung\",\"Bundesrat\",\"Fachkr\u00e4fteinitiative\",\"Fachkr\u00e4ftemangel\",\"Gesundheitsschutz\",\"Kostenentwicklung\",\"medizinische Grundversorgung\",\"Pflegeberufe\",\"Pflegefachpersonal\",\"Pflegeleistung\"],\"articleSection\":[\"HEALTH &amp; SAFETY\"],\"inLanguage\":\"de\"},{\"@type\":\"WebPage\",\"@id\":\"https:\\\/\\\/news.save.ch\\\/bundesrat-lehnt-pflegeinitiative-ab\\\/\",\"url\":\"https:\\\/\\\/news.save.ch\\\/bundesrat-lehnt-pflegeinitiative-ab\\\/\",\"name\":\"Bundesrat lehnt \u00abPflegeinitiative\u00bb ab - Save\",\"isPartOf\":{\"@id\":\"https:\\\/\\\/news.save.ch\\\/de\\\/#website\"},\"primaryImageOfPage\":{\"@id\":\"https:\\\/\\\/news.save.ch\\\/bundesrat-lehnt-pflegeinitiative-ab\\\/#primaryimage\"},\"image\":{\"@id\":\"https:\\\/\\\/news.save.ch\\\/bundesrat-lehnt-pflegeinitiative-ab\\\/#primaryimage\"},\"thumbnailUrl\":\"https:\\\/\\\/news.save.ch\\\/wp-content\\\/uploads\\\/2018\\\/03\\\/Depositphotos_Wavebreakmedia-scaled-1.jpg\",\"datePublished\":\"2018-03-13T10:14:44+00:00\",\"dateModified\":\"2023-03-14T08:05:35+00:00\",\"description\":\"Die Pflegeinitiative k\u00e4mpft f\u00fcr mehr Rechte der Arbeitnehmer. Der Bundesrat ist jedoch der Ansicht, dass der Verfassungsartikel zur medizinischen Grundversorgung ausreiche.\",\"breadcrumb\":{\"@id\":\"https:\\\/\\\/news.save.ch\\\/bundesrat-lehnt-pflegeinitiative-ab\\\/#breadcrumb\"},\"inLanguage\":\"de\",\"potentialAction\":[{\"@type\":\"ReadAction\",\"target\":[\"https:\\\/\\\/news.save.ch\\\/bundesrat-lehnt-pflegeinitiative-ab\\\/\"]}]},{\"@type\":\"ImageObject\",\"inLanguage\":\"de\",\"@id\":\"https:\\\/\\\/news.save.ch\\\/bundesrat-lehnt-pflegeinitiative-ab\\\/#primaryimage\",\"url\":\"https:\\\/\\\/news.save.ch\\\/wp-content\\\/uploads\\\/2018\\\/03\\\/Depositphotos_Wavebreakmedia-scaled-1.jpg\",\"contentUrl\":\"https:\\\/\\\/news.save.ch\\\/wp-content\\\/uploads\\\/2018\\\/03\\\/Depositphotos_Wavebreakmedia-scaled-1.jpg\",\"width\":1200,\"height\":800,\"caption\":\"Die Pflegeinitiative k\u00e4mpft f\u00fcr mehr Rechte der Arbeitnehmer. Der Bundesrat ist jedoch der Ansicht, dass der Verfassungsartikel zur medizinischen Grundversorgung ausreiche. \u00a9 Depositphotos\\\/Wavebreakmedia\"},{\"@type\":\"BreadcrumbList\",\"@id\":\"https:\\\/\\\/news.save.ch\\\/bundesrat-lehnt-pflegeinitiative-ab\\\/#breadcrumb\",\"itemListElement\":[{\"@type\":\"ListItem\",\"position\":1,\"name\":\"Home\",\"item\":\"https:\\\/\\\/news.save.ch\\\/de\\\/\"},{\"@type\":\"ListItem\",\"position\":2,\"name\":\"Bundesrat lehnt \u00abPflegeinitiative\u00bb ab\"}]},{\"@type\":\"WebSite\",\"@id\":\"https:\\\/\\\/news.save.ch\\\/de\\\/#website\",\"url\":\"https:\\\/\\\/news.save.ch\\\/de\\\/\",\"name\":\"Save\",\"description\":\"Schweizer Fachzeitschrift f\u00fcr Sicherheit\",\"publisher\":{\"@id\":\"https:\\\/\\\/news.save.ch\\\/de\\\/#organization\"},\"potentialAction\":[{\"@type\":\"SearchAction\",\"target\":{\"@type\":\"EntryPoint\",\"urlTemplate\":\"https:\\\/\\\/news.save.ch\\\/de\\\/?s={search_term_string}\"},\"query-input\":{\"@type\":\"PropertyValueSpecification\",\"valueRequired\":true,\"valueName\":\"search_term_string\"}}],\"inLanguage\":\"de\"},{\"@type\":\"Organization\",\"@id\":\"https:\\\/\\\/news.save.ch\\\/de\\\/#organization\",\"name\":\"Sicherheitsforum\",\"url\":\"https:\\\/\\\/news.save.ch\\\/de\\\/\",\"logo\":{\"@type\":\"ImageObject\",\"inLanguage\":\"de\",\"@id\":\"https:\\\/\\\/news.save.ch\\\/de\\\/#\\\/schema\\\/logo\\\/image\\\/\",\"url\":\"https:\\\/\\\/news.save.ch\\\/wp-content\\\/uploads\\\/2022\\\/06\\\/Logo_SF_2012.png\",\"contentUrl\":\"https:\\\/\\\/news.save.ch\\\/wp-content\\\/uploads\\\/2022\\\/06\\\/Logo_SF_2012.png\",\"width\":1100,\"height\":91,\"caption\":\"Sicherheitsforum\"},\"image\":{\"@id\":\"https:\\\/\\\/news.save.ch\\\/de\\\/#\\\/schema\\\/logo\\\/image\\\/\"}},{\"@type\":\"Person\",\"@id\":\"https:\\\/\\\/news.save.ch\\\/de\\\/#\\\/schema\\\/person\\\/d49e199490bad7c70d64b9ab51142f2b\",\"name\":\"admin\",\"image\":{\"@type\":\"ImageObject\",\"inLanguage\":\"de\",\"@id\":\"https:\\\/\\\/secure.gravatar.com\\\/avatar\\\/ae2f4d718e6c49043e314ce431e7e645d646302a24a5ef5a8bc8e3f5a032e319?s=96&d=mm&r=g\",\"url\":\"https:\\\/\\\/secure.gravatar.com\\\/avatar\\\/ae2f4d718e6c49043e314ce431e7e645d646302a24a5ef5a8bc8e3f5a032e319?s=96&d=mm&r=g\",\"contentUrl\":\"https:\\\/\\\/secure.gravatar.com\\\/avatar\\\/ae2f4d718e6c49043e314ce431e7e645d646302a24a5ef5a8bc8e3f5a032e319?s=96&d=mm&r=g\",\"caption\":\"admin\"},\"sameAs\":[\"https:\\\/\\\/develop.organisator.galledia.ch\"],\"url\":\"https:\\\/\\\/news.save.ch\\\/de\\\/author\\\/admin\\\/\"}]}<\/script>\n<!-- \/ Yoast SEO plugin. -->","yoast_head_json":{"title":"Bundesrat lehnt \u00abPflegeinitiative\u00bb ab - Save","description":"Die Pflegeinitiative k\u00e4mpft f\u00fcr mehr Rechte der Arbeitnehmer. Der Bundesrat ist jedoch der Ansicht, dass der Verfassungsartikel zur medizinischen Grundversorgung ausreiche.","robots":{"index":"index","follow":"follow","max-snippet":"max-snippet:-1","max-image-preview":"max-image-preview:large","max-video-preview":"max-video-preview:-1"},"canonical":"https:\/\/news.save.ch\/de\/bundesrat-lehnt-pflegeinitiative-ab\/","og_locale":"de_DE","og_type":"article","og_title":"Bundesrat lehnt \u00abPflegeinitiative\u00bb ab - Save","og_description":"Die Pflegeinitiative k\u00e4mpft f\u00fcr mehr Rechte der Arbeitnehmer. Der Bundesrat ist jedoch der Ansicht, dass der Verfassungsartikel zur medizinischen Grundversorgung ausreiche.","og_url":"https:\/\/news.save.ch\/de\/bundesrat-lehnt-pflegeinitiative-ab\/","og_site_name":"Save","article_published_time":"2018-03-13T10:14:44+00:00","article_modified_time":"2023-03-14T08:05:35+00:00","og_image":[{"width":1200,"height":800,"url":"https:\/\/news.save.ch\/wp-content\/uploads\/2018\/03\/Depositphotos_Wavebreakmedia-scaled-1.jpg","type":"image\/jpeg"}],"author":"admin","twitter_card":"summary_large_image","twitter_misc":{"Geschrieben von":"admin","Gesch\u00e4tzte Lesezeit":"2\u00a0Minuten"},"schema":{"@context":"https:\/\/schema.org","@graph":[{"@type":"Article","@id":"https:\/\/news.save.ch\/bundesrat-lehnt-pflegeinitiative-ab\/#article","isPartOf":{"@id":"https:\/\/news.save.ch\/bundesrat-lehnt-pflegeinitiative-ab\/"},"author":{"name":"admin","@id":"https:\/\/news.save.ch\/de\/#\/schema\/person\/d49e199490bad7c70d64b9ab51142f2b"},"headline":"Bundesrat lehnt \u00abPflegeinitiative\u00bb ab","datePublished":"2018-03-13T10:14:44+00:00","dateModified":"2023-03-14T08:05:35+00:00","mainEntityOfPage":{"@id":"https:\/\/news.save.ch\/bundesrat-lehnt-pflegeinitiative-ab\/"},"wordCount":329,"commentCount":0,"publisher":{"@id":"https:\/\/news.save.ch\/de\/#organization"},"image":{"@id":"https:\/\/news.save.ch\/bundesrat-lehnt-pflegeinitiative-ab\/#primaryimage"},"thumbnailUrl":"https:\/\/news.save.ch\/wp-content\/uploads\/2018\/03\/Depositphotos_Wavebreakmedia-scaled-1.jpg","keywords":["Arbeitssicherheit","Arbeitszeit","Ausbildung","BAG","berufliche Grundbildung","Bundesrat","Fachkr\u00e4fteinitiative","Fachkr\u00e4ftemangel","Gesundheitsschutz","Kostenentwicklung","medizinische Grundversorgung","Pflegeberufe","Pflegefachpersonal","Pflegeleistung"],"articleSection":["HEALTH &amp; SAFETY"],"inLanguage":"de"},{"@type":"WebPage","@id":"https:\/\/news.save.ch\/bundesrat-lehnt-pflegeinitiative-ab\/","url":"https:\/\/news.save.ch\/bundesrat-lehnt-pflegeinitiative-ab\/","name":"Bundesrat lehnt \u00abPflegeinitiative\u00bb ab - Save","isPartOf":{"@id":"https:\/\/news.save.ch\/de\/#website"},"primaryImageOfPage":{"@id":"https:\/\/news.save.ch\/bundesrat-lehnt-pflegeinitiative-ab\/#primaryimage"},"image":{"@id":"https:\/\/news.save.ch\/bundesrat-lehnt-pflegeinitiative-ab\/#primaryimage"},"thumbnailUrl":"https:\/\/news.save.ch\/wp-content\/uploads\/2018\/03\/Depositphotos_Wavebreakmedia-scaled-1.jpg","datePublished":"2018-03-13T10:14:44+00:00","dateModified":"2023-03-14T08:05:35+00:00","description":"Die Pflegeinitiative k\u00e4mpft f\u00fcr mehr Rechte der Arbeitnehmer. Der Bundesrat ist jedoch der Ansicht, dass der Verfassungsartikel zur medizinischen Grundversorgung ausreiche.","breadcrumb":{"@id":"https:\/\/news.save.ch\/bundesrat-lehnt-pflegeinitiative-ab\/#breadcrumb"},"inLanguage":"de","potentialAction":[{"@type":"ReadAction","target":["https:\/\/news.save.ch\/bundesrat-lehnt-pflegeinitiative-ab\/"]}]},{"@type":"ImageObject","inLanguage":"de","@id":"https:\/\/news.save.ch\/bundesrat-lehnt-pflegeinitiative-ab\/#primaryimage","url":"https:\/\/news.save.ch\/wp-content\/uploads\/2018\/03\/Depositphotos_Wavebreakmedia-scaled-1.jpg","contentUrl":"https:\/\/news.save.ch\/wp-content\/uploads\/2018\/03\/Depositphotos_Wavebreakmedia-scaled-1.jpg","width":1200,"height":800,"caption":"Die Pflegeinitiative k\u00e4mpft f\u00fcr mehr Rechte der Arbeitnehmer. Der Bundesrat ist jedoch der Ansicht, dass der Verfassungsartikel zur medizinischen Grundversorgung ausreiche. \u00a9 Depositphotos\/Wavebreakmedia"},{"@type":"BreadcrumbList","@id":"https:\/\/news.save.ch\/bundesrat-lehnt-pflegeinitiative-ab\/#breadcrumb","itemListElement":[{"@type":"ListItem","position":1,"name":"Home","item":"https:\/\/news.save.ch\/de\/"},{"@type":"ListItem","position":2,"name":"Bundesrat lehnt \u00abPflegeinitiative\u00bb ab"}]},{"@type":"WebSite","@id":"https:\/\/news.save.ch\/de\/#website","url":"https:\/\/news.save.ch\/de\/","name":"Save","description":"Schweizer Fachzeitschrift f\u00fcr Sicherheit","publisher":{"@id":"https:\/\/news.save.ch\/de\/#organization"},"potentialAction":[{"@type":"SearchAction","target":{"@type":"EntryPoint","urlTemplate":"https:\/\/news.save.ch\/de\/?s={search_term_string}"},"query-input":{"@type":"PropertyValueSpecification","valueRequired":true,"valueName":"search_term_string"}}],"inLanguage":"de"},{"@type":"Organization","@id":"https:\/\/news.save.ch\/de\/#organization","name":"Sicherheitsforum","url":"https:\/\/news.save.ch\/de\/","logo":{"@type":"ImageObject","inLanguage":"de","@id":"https:\/\/news.save.ch\/de\/#\/schema\/logo\/image\/","url":"https:\/\/news.save.ch\/wp-content\/uploads\/2022\/06\/Logo_SF_2012.png","contentUrl":"https:\/\/news.save.ch\/wp-content\/uploads\/2022\/06\/Logo_SF_2012.png","width":1100,"height":91,"caption":"Sicherheitsforum"},"image":{"@id":"https:\/\/news.save.ch\/de\/#\/schema\/logo\/image\/"}},{"@type":"Person","@id":"https:\/\/news.save.ch\/de\/#\/schema\/person\/d49e199490bad7c70d64b9ab51142f2b","name":"admin","image":{"@type":"ImageObject","inLanguage":"de","@id":"https:\/\/secure.gravatar.com\/avatar\/ae2f4d718e6c49043e314ce431e7e645d646302a24a5ef5a8bc8e3f5a032e319?s=96&d=mm&r=g","url":"https:\/\/secure.gravatar.com\/avatar\/ae2f4d718e6c49043e314ce431e7e645d646302a24a5ef5a8bc8e3f5a032e319?s=96&d=mm&r=g","contentUrl":"https:\/\/secure.gravatar.com\/avatar\/ae2f4d718e6c49043e314ce431e7e645d646302a24a5ef5a8bc8e3f5a032e319?s=96&d=mm&r=g","caption":"admin"},"sameAs":["https:\/\/develop.organisator.galledia.ch"],"url":"https:\/\/news.save.ch\/de\/author\/admin\/"}]}},"_links":{"self":[{"href":"https:\/\/news.save.ch\/de\/wp-json\/wp\/v2\/posts\/16864","targetHints":{"allow":["GET"]}}],"collection":[{"href":"https:\/\/news.save.ch\/de\/wp-json\/wp\/v2\/posts"}],"about":[{"href":"https:\/\/news.save.ch\/de\/wp-json\/wp\/v2\/types\/post"}],"author":[{"embeddable":true,"href":"https:\/\/news.save.ch\/de\/wp-json\/wp\/v2\/users\/1"}],"replies":[{"embeddable":true,"href":"https:\/\/news.save.ch\/de\/wp-json\/wp\/v2\/comments?post=16864"}],"version-history":[{"count":1,"href":"https:\/\/news.save.ch\/de\/wp-json\/wp\/v2\/posts\/16864\/revisions"}],"predecessor-version":[{"id":18316,"href":"https:\/\/news.save.ch\/de\/wp-json\/wp\/v2\/posts\/16864\/revisions\/18316"}],"wp:featuredmedia":[{"embeddable":true,"href":"https:\/\/news.save.ch\/de\/wp-json\/wp\/v2\/media\/16259"}],"wp:attachment":[{"href":"https:\/\/news.save.ch\/de\/wp-json\/wp\/v2\/media?parent=16864"}],"wp:term":[{"taxonomy":"category","embeddable":true,"href":"https:\/\/news.save.ch\/de\/wp-json\/wp\/v2\/categories?post=16864"},{"taxonomy":"post_tag","embeddable":true,"href":"https:\/\/news.save.ch\/de\/wp-json\/wp\/v2\/tags?post=16864"}],"curies":[{"name":"wp","href":"https:\/\/api.w.org\/{rel}","templated":true}]}}