{"id":16880,"date":"2018-06-13T08:55:02","date_gmt":"2018-06-13T06:55:02","guid":{"rendered":"https:\/\/news.save.ch\/?p=2969"},"modified":"2023-03-14T09:04:12","modified_gmt":"2023-03-14T08:04:12","slug":"neuer-direktor-beim-bfu-ab-2019","status":null,"type":"post","link":"https:\/\/news.save.ch\/de\/neuer-direktor-beim-bfu-ab-2019\/","title":{"rendered":"Neuer Direktor beim bfu ab 2019"},"content":{"rendered":"<figure id=\"attachment_2974\" aria-describedby=\"caption-attachment-2974\" style=\"width: 680px\" class=\"wp-caption alignnone\"><img loading=\"lazy\" decoding=\"async\" class=\"size-medium wp-image-2974\" src=\"http:\/\/develop.safety-plus.ch\/wp-content\/uploads\/2018\/06\/Stefan_Siegrist_bfu-online.jpg\" alt=\"\" width=\"680\" height=\"657\" \/><figcaption id=\"caption-attachment-2974\" class=\"wp-caption-text\">Stefan Siegrist \u00fcbernimmt Anfang 2019 die Leitung der bfu. \u00a9 bfu<\/figcaption><\/figure>\n<p>Stefan Siegrist wird neuer Direktor der bfu. Er tritt Anfang 2019 die Nachfolge von Brigitte Buhmann an, die nach 15 Jahren als bfu-Direktorin in Pension geht. Der Stiftungsrat der bfu unter der Leitung von Suva-Chef Felix Weber hat Siegrist am 30. Mai 2018 einstimmig gew\u00e4hlt. Der 56-j\u00e4hrige Pr\u00e4ventionsexperte und langj\u00e4hrige bfu-Mitarbeiter setzte sich gegen externe Konkurrenz durch.<\/p>\n<p>Seit 1988 hat Stefan Siegrist bei der bfu verschiedene Forschungs- und Beratungsabteilungen geleitet und in ihren drei T\u00e4tigkeitsgebieten die Pr\u00e4vention mitgepr\u00e4gt: Strassenverkehr, Sport, Haus\/Freizeit. 2003 wurde Siegrist in die Gesch\u00e4ftsleitung gew\u00e4hlt, seit 2008 ist er stellvertretender Direktor. Der promovierte Psychologe pr\u00e4sidiert ausserdem den Expertenrat des Fonds f\u00fcr Verkehrssicherheit FVS. Auch international vertritt er die Schweiz in mehreren Verkehrssicherheitsgremien und Arbeitsgruppen.<\/p>\n<p><strong>Vom Forschungswissen profitieren<\/strong><\/p>\n<p>Als Direktor will Stefan Siegrist die bfu noch st\u00e4rker als Vordenkerin etablieren: \u00abUnter der Leitung von Brigitte Buhmann hat die bfu in den vergangenen Jahren ihre Kompetenzen konsequent weiterentwickelt. Deshalb verf\u00fcgen wir heute \u00fcber das notwendige Know-how, um zuk\u00fcnftige Unfallrisiken fr\u00fchzeitig zu erforschen. Wenn die bfu ihre wissenschaftlichen Erkenntnisse geschickt in die Praxis umsetzt, k\u00f6nnen alle von diesem Wissen profitieren.\u00bb Beispiele f\u00fcr kommende Herausforderungen der Unfallpr\u00e4vention sind selbstfahrende Autos, der demografische Wandel und die steigende Beliebtheit von Sport- und Freizeitaktivit\u00e4ten mit grossem Verletzungsrisiko.<\/p>\n<p><strong>Kompetenzzentrum f\u00fcr Unfallpr\u00e4vention<\/strong><\/p>\n<p>Die bfu setzt sich im gesetzlichen Auftrag f\u00fcr die Sicherheit der Menschen in der Schweiz ein. Als Schweizer Kompetenzzentrum f\u00fcr die <a href=\"https:\/\/news.save.ch\/nichtberufsunfaelle-75-millionen-verlorene-arbeitstage\/\" target=\"_blank\" rel=\"noopener\">Pr\u00e4vention von Nichtberufsunf\u00e4llen<\/a> forscht sie in den Bereichen Strassenverkehr, Sport und Haus\/Freizeit. Ihr Wissen geben die bfu-Mitarbeitenden an Privatpersonen, Schulen, Firmen und Fachkreise weiter. Mit einem Netz von 1200 bfu-Sicherheitsdelegierten ist die Beratungsstelle in allen Schweizer Regionen verankert. Die bfu agiert unabh\u00e4ngig von wirtschaftlichen und politischen Partikularinteressen. Als Fachstelle ist sie ausschliesslich der Sicherheit verpflichtet.<\/p>\n<p>Text: <a href=\"https:\/\/www.bfu.ch\/de\" target=\"_blank\" rel=\"noopener\">bfu<\/a><\/p>\n","protected":false},"excerpt":{"rendered":"<p>Stefan Siegrist wird neuer Direktor der bfu. Er tritt Anfang 2019 die Nachfolge von Brigitte Buhmann an, die nach 15 Jahren als bfu-Direktorin in Pension geht. Der Stiftungsrat der bfu unter der Leitung von Suva-Chef Felix Weber hat Siegrist am 30. Mai 2018 einstimmig gew\u00e4hlt. Der 56-j\u00e4hrige Pr\u00e4ventionsexperte und langj\u00e4hrige bfu-Mitarbeiter setzte sich gegen externe [&hellip;]<\/p>\n","protected":false},"author":1,"featured_media":16278,"comment_status":"open","ping_status":"open","sticky":false,"template":"","format":"standard","meta":{"_acf_changed":false,"pgc_sgb_lightbox_settings":"","footnotes":""},"categories":[1,3314],"tags":[1775,952,2165,149,175,144,141,2973,176,327,68,3135,352,3186],"class_list":["post-16880","post","type-post","status-publish","format-standard","has-post-thumbnail","hentry","category-allgemein","category-health-safety","tag-betriebliches-gesundheitsmanagement","tag-bfu","tag-gesundheitsfoerderung","tag-gesundheitsschutz","tag-nichtberufsunfaelle","tag-personalien","tag-praevention","tag-sport","tag-sportunfaelle","tag-strassenverkehr","tag-tipps-und-tricks","tag-unfaelle","tag-verkehrssicherheit","tag-verkehrsunfall"],"acf":[],"hkrextid":null,"publication":null,"issue":null,"workflow":null,"startPage":null,"spitzmarke":null,"_posts_by_tag_page_fields":{"widget_title":"","widget_tags":""},"_at_widget":"1","_yoast_wpseo_primary_category":"1","_yoast_wpseo_focuskw_text_input":"Direktor bfu","_yoast_wpseo_opengraph-image":null,"_yoast_wpseo_opengraph-description":null,"_yoast_wpseo_opengraph-title":null,"enclosure":null,"_yoast_wpseo_twitter-title":null,"_yoast_wpseo_twitter-description":null,"_yoast_wpseo_twitter-image":null,"_wp_old_slug":null,"_yoast_wpseo_title":null,"_yoast_wpseo_canonical":null,"yoast_head":"<!-- This site is optimized with the Yoast SEO plugin v27.4 - https:\/\/yoast.com\/product\/yoast-seo-wordpress\/ -->\n<title>Neuer Direktor beim bfu ab 2019 - Save<\/title>\n<meta name=\"description\" content=\"Stefan Siegrist wird neuer Direktor der bfu. Er tritt Anfang 2019 die Nachfolge von Brigitte Buhmann an, die nach 15 Jahren als bfu-Direktorin in Pension geht.\" \/>\n<meta name=\"robots\" content=\"index, follow, max-snippet:-1, max-image-preview:large, max-video-preview:-1\" \/>\n<link rel=\"canonical\" href=\"https:\/\/news.save.ch\/de\/neuer-direktor-beim-bfu-ab-2019\/\" \/>\n<meta property=\"og:locale\" content=\"de_DE\" \/>\n<meta property=\"og:type\" content=\"article\" \/>\n<meta property=\"og:title\" content=\"Neuer Direktor beim bfu ab 2019 - Save\" \/>\n<meta property=\"og:description\" content=\"Stefan Siegrist wird neuer Direktor der bfu. Er tritt Anfang 2019 die Nachfolge von Brigitte Buhmann an, die nach 15 Jahren als bfu-Direktorin in Pension geht.\" \/>\n<meta property=\"og:url\" content=\"https:\/\/news.save.ch\/de\/neuer-direktor-beim-bfu-ab-2019\/\" \/>\n<meta property=\"og:site_name\" content=\"Save\" \/>\n<meta property=\"article:published_time\" content=\"2018-06-13T06:55:02+00:00\" \/>\n<meta property=\"article:modified_time\" content=\"2023-03-14T08:04:12+00:00\" \/>\n<meta property=\"og:image\" content=\"https:\/\/news.save.ch\/wp-content\/uploads\/2018\/06\/Stefan_Siegrist_bfu-online-scaled-1.jpg\" \/>\n\t<meta property=\"og:image:width\" content=\"1200\" \/>\n\t<meta property=\"og:image:height\" content=\"1160\" \/>\n\t<meta property=\"og:image:type\" content=\"image\/jpeg\" \/>\n<meta name=\"author\" content=\"admin\" \/>\n<meta name=\"twitter:card\" content=\"summary_large_image\" \/>\n<meta name=\"twitter:label1\" content=\"Geschrieben von\" \/>\n\t<meta name=\"twitter:data1\" content=\"admin\" \/>\n\t<meta name=\"twitter:label2\" content=\"Gesch\u00e4tzte Lesezeit\" \/>\n\t<meta name=\"twitter:data2\" content=\"2\u00a0Minuten\" \/>\n<script type=\"application\/ld+json\" class=\"yoast-schema-graph\">{\"@context\":\"https:\\\/\\\/schema.org\",\"@graph\":[{\"@type\":\"Article\",\"@id\":\"https:\\\/\\\/news.save.ch\\\/neuer-direktor-beim-bfu-ab-2019\\\/#article\",\"isPartOf\":{\"@id\":\"https:\\\/\\\/news.save.ch\\\/neuer-direktor-beim-bfu-ab-2019\\\/\"},\"author\":{\"name\":\"admin\",\"@id\":\"https:\\\/\\\/news.save.ch\\\/de\\\/#\\\/schema\\\/person\\\/d49e199490bad7c70d64b9ab51142f2b\"},\"headline\":\"Neuer Direktor beim bfu ab 2019\",\"datePublished\":\"2018-06-13T06:55:02+00:00\",\"dateModified\":\"2023-03-14T08:04:12+00:00\",\"mainEntityOfPage\":{\"@id\":\"https:\\\/\\\/news.save.ch\\\/neuer-direktor-beim-bfu-ab-2019\\\/\"},\"wordCount\":325,\"commentCount\":0,\"publisher\":{\"@id\":\"https:\\\/\\\/news.save.ch\\\/de\\\/#organization\"},\"image\":{\"@id\":\"https:\\\/\\\/news.save.ch\\\/neuer-direktor-beim-bfu-ab-2019\\\/#primaryimage\"},\"thumbnailUrl\":\"https:\\\/\\\/news.save.ch\\\/wp-content\\\/uploads\\\/2018\\\/06\\\/Stefan_Siegrist_bfu-online-scaled-1.jpg\",\"keywords\":[\"Betriebliches Gesundheitsmanagement\",\"BFU\",\"Gesundheitsf\u00f6rderung\",\"Gesundheitsschutz\",\"Nichtberufsunf\u00e4lle\",\"Personalien\",\"Pr\u00e4vention\",\"Sport\",\"Sportunf\u00e4lle\",\"Strassenverkehr\",\"Tipps und Tricks\",\"Unf\u00e4lle\",\"Verkehrssicherheit\",\"Verkehrsunfall\"],\"articleSection\":[\"ALLGEMEIN\",\"HEALTH &amp; SAFETY\"],\"inLanguage\":\"de\"},{\"@type\":\"WebPage\",\"@id\":\"https:\\\/\\\/news.save.ch\\\/neuer-direktor-beim-bfu-ab-2019\\\/\",\"url\":\"https:\\\/\\\/news.save.ch\\\/neuer-direktor-beim-bfu-ab-2019\\\/\",\"name\":\"Neuer Direktor beim bfu ab 2019 - Save\",\"isPartOf\":{\"@id\":\"https:\\\/\\\/news.save.ch\\\/de\\\/#website\"},\"primaryImageOfPage\":{\"@id\":\"https:\\\/\\\/news.save.ch\\\/neuer-direktor-beim-bfu-ab-2019\\\/#primaryimage\"},\"image\":{\"@id\":\"https:\\\/\\\/news.save.ch\\\/neuer-direktor-beim-bfu-ab-2019\\\/#primaryimage\"},\"thumbnailUrl\":\"https:\\\/\\\/news.save.ch\\\/wp-content\\\/uploads\\\/2018\\\/06\\\/Stefan_Siegrist_bfu-online-scaled-1.jpg\",\"datePublished\":\"2018-06-13T06:55:02+00:00\",\"dateModified\":\"2023-03-14T08:04:12+00:00\",\"description\":\"Stefan Siegrist wird neuer Direktor der bfu. Er tritt Anfang 2019 die Nachfolge von Brigitte Buhmann an, die nach 15 Jahren als bfu-Direktorin in Pension geht.\",\"breadcrumb\":{\"@id\":\"https:\\\/\\\/news.save.ch\\\/neuer-direktor-beim-bfu-ab-2019\\\/#breadcrumb\"},\"inLanguage\":\"de\",\"potentialAction\":[{\"@type\":\"ReadAction\",\"target\":[\"https:\\\/\\\/news.save.ch\\\/neuer-direktor-beim-bfu-ab-2019\\\/\"]}]},{\"@type\":\"ImageObject\",\"inLanguage\":\"de\",\"@id\":\"https:\\\/\\\/news.save.ch\\\/neuer-direktor-beim-bfu-ab-2019\\\/#primaryimage\",\"url\":\"https:\\\/\\\/news.save.ch\\\/wp-content\\\/uploads\\\/2018\\\/06\\\/Stefan_Siegrist_bfu-online-scaled-1.jpg\",\"contentUrl\":\"https:\\\/\\\/news.save.ch\\\/wp-content\\\/uploads\\\/2018\\\/06\\\/Stefan_Siegrist_bfu-online-scaled-1.jpg\",\"width\":1200,\"height\":1160,\"caption\":\"Stefan Siegrist \u00fcbernimmt Anfang 2019 die Leitung der bfu. \u00a9 bfu\"},{\"@type\":\"BreadcrumbList\",\"@id\":\"https:\\\/\\\/news.save.ch\\\/neuer-direktor-beim-bfu-ab-2019\\\/#breadcrumb\",\"itemListElement\":[{\"@type\":\"ListItem\",\"position\":1,\"name\":\"Home\",\"item\":\"https:\\\/\\\/news.save.ch\\\/de\\\/\"},{\"@type\":\"ListItem\",\"position\":2,\"name\":\"Neuer Direktor beim bfu ab 2019\"}]},{\"@type\":\"WebSite\",\"@id\":\"https:\\\/\\\/news.save.ch\\\/de\\\/#website\",\"url\":\"https:\\\/\\\/news.save.ch\\\/de\\\/\",\"name\":\"Save\",\"description\":\"Schweizer Fachzeitschrift f\u00fcr Sicherheit\",\"publisher\":{\"@id\":\"https:\\\/\\\/news.save.ch\\\/de\\\/#organization\"},\"potentialAction\":[{\"@type\":\"SearchAction\",\"target\":{\"@type\":\"EntryPoint\",\"urlTemplate\":\"https:\\\/\\\/news.save.ch\\\/de\\\/?s={search_term_string}\"},\"query-input\":{\"@type\":\"PropertyValueSpecification\",\"valueRequired\":true,\"valueName\":\"search_term_string\"}}],\"inLanguage\":\"de\"},{\"@type\":\"Organization\",\"@id\":\"https:\\\/\\\/news.save.ch\\\/de\\\/#organization\",\"name\":\"Sicherheitsforum\",\"url\":\"https:\\\/\\\/news.save.ch\\\/de\\\/\",\"logo\":{\"@type\":\"ImageObject\",\"inLanguage\":\"de\",\"@id\":\"https:\\\/\\\/news.save.ch\\\/de\\\/#\\\/schema\\\/logo\\\/image\\\/\",\"url\":\"https:\\\/\\\/news.save.ch\\\/wp-content\\\/uploads\\\/2022\\\/06\\\/Logo_SF_2012.png\",\"contentUrl\":\"https:\\\/\\\/news.save.ch\\\/wp-content\\\/uploads\\\/2022\\\/06\\\/Logo_SF_2012.png\",\"width\":1100,\"height\":91,\"caption\":\"Sicherheitsforum\"},\"image\":{\"@id\":\"https:\\\/\\\/news.save.ch\\\/de\\\/#\\\/schema\\\/logo\\\/image\\\/\"}},{\"@type\":\"Person\",\"@id\":\"https:\\\/\\\/news.save.ch\\\/de\\\/#\\\/schema\\\/person\\\/d49e199490bad7c70d64b9ab51142f2b\",\"name\":\"admin\",\"image\":{\"@type\":\"ImageObject\",\"inLanguage\":\"de\",\"@id\":\"https:\\\/\\\/secure.gravatar.com\\\/avatar\\\/ae2f4d718e6c49043e314ce431e7e645d646302a24a5ef5a8bc8e3f5a032e319?s=96&d=mm&r=g\",\"url\":\"https:\\\/\\\/secure.gravatar.com\\\/avatar\\\/ae2f4d718e6c49043e314ce431e7e645d646302a24a5ef5a8bc8e3f5a032e319?s=96&d=mm&r=g\",\"contentUrl\":\"https:\\\/\\\/secure.gravatar.com\\\/avatar\\\/ae2f4d718e6c49043e314ce431e7e645d646302a24a5ef5a8bc8e3f5a032e319?s=96&d=mm&r=g\",\"caption\":\"admin\"},\"sameAs\":[\"https:\\\/\\\/develop.organisator.galledia.ch\"],\"url\":\"https:\\\/\\\/news.save.ch\\\/de\\\/author\\\/admin\\\/\"}]}<\/script>\n<!-- \/ Yoast SEO plugin. -->","yoast_head_json":{"title":"Neuer Direktor beim bfu ab 2019 - Save","description":"Stefan Siegrist wird neuer Direktor der bfu. Er tritt Anfang 2019 die Nachfolge von Brigitte Buhmann an, die nach 15 Jahren als bfu-Direktorin in Pension geht.","robots":{"index":"index","follow":"follow","max-snippet":"max-snippet:-1","max-image-preview":"max-image-preview:large","max-video-preview":"max-video-preview:-1"},"canonical":"https:\/\/news.save.ch\/de\/neuer-direktor-beim-bfu-ab-2019\/","og_locale":"de_DE","og_type":"article","og_title":"Neuer Direktor beim bfu ab 2019 - Save","og_description":"Stefan Siegrist wird neuer Direktor der bfu. Er tritt Anfang 2019 die Nachfolge von Brigitte Buhmann an, die nach 15 Jahren als bfu-Direktorin in Pension geht.","og_url":"https:\/\/news.save.ch\/de\/neuer-direktor-beim-bfu-ab-2019\/","og_site_name":"Save","article_published_time":"2018-06-13T06:55:02+00:00","article_modified_time":"2023-03-14T08:04:12+00:00","og_image":[{"width":1200,"height":1160,"url":"https:\/\/news.save.ch\/wp-content\/uploads\/2018\/06\/Stefan_Siegrist_bfu-online-scaled-1.jpg","type":"image\/jpeg"}],"author":"admin","twitter_card":"summary_large_image","twitter_misc":{"Geschrieben von":"admin","Gesch\u00e4tzte Lesezeit":"2\u00a0Minuten"},"schema":{"@context":"https:\/\/schema.org","@graph":[{"@type":"Article","@id":"https:\/\/news.save.ch\/neuer-direktor-beim-bfu-ab-2019\/#article","isPartOf":{"@id":"https:\/\/news.save.ch\/neuer-direktor-beim-bfu-ab-2019\/"},"author":{"name":"admin","@id":"https:\/\/news.save.ch\/de\/#\/schema\/person\/d49e199490bad7c70d64b9ab51142f2b"},"headline":"Neuer Direktor beim bfu ab 2019","datePublished":"2018-06-13T06:55:02+00:00","dateModified":"2023-03-14T08:04:12+00:00","mainEntityOfPage":{"@id":"https:\/\/news.save.ch\/neuer-direktor-beim-bfu-ab-2019\/"},"wordCount":325,"commentCount":0,"publisher":{"@id":"https:\/\/news.save.ch\/de\/#organization"},"image":{"@id":"https:\/\/news.save.ch\/neuer-direktor-beim-bfu-ab-2019\/#primaryimage"},"thumbnailUrl":"https:\/\/news.save.ch\/wp-content\/uploads\/2018\/06\/Stefan_Siegrist_bfu-online-scaled-1.jpg","keywords":["Betriebliches Gesundheitsmanagement","BFU","Gesundheitsf\u00f6rderung","Gesundheitsschutz","Nichtberufsunf\u00e4lle","Personalien","Pr\u00e4vention","Sport","Sportunf\u00e4lle","Strassenverkehr","Tipps und Tricks","Unf\u00e4lle","Verkehrssicherheit","Verkehrsunfall"],"articleSection":["ALLGEMEIN","HEALTH &amp; SAFETY"],"inLanguage":"de"},{"@type":"WebPage","@id":"https:\/\/news.save.ch\/neuer-direktor-beim-bfu-ab-2019\/","url":"https:\/\/news.save.ch\/neuer-direktor-beim-bfu-ab-2019\/","name":"Neuer Direktor beim bfu ab 2019 - Save","isPartOf":{"@id":"https:\/\/news.save.ch\/de\/#website"},"primaryImageOfPage":{"@id":"https:\/\/news.save.ch\/neuer-direktor-beim-bfu-ab-2019\/#primaryimage"},"image":{"@id":"https:\/\/news.save.ch\/neuer-direktor-beim-bfu-ab-2019\/#primaryimage"},"thumbnailUrl":"https:\/\/news.save.ch\/wp-content\/uploads\/2018\/06\/Stefan_Siegrist_bfu-online-scaled-1.jpg","datePublished":"2018-06-13T06:55:02+00:00","dateModified":"2023-03-14T08:04:12+00:00","description":"Stefan Siegrist wird neuer Direktor der bfu. Er tritt Anfang 2019 die Nachfolge von Brigitte Buhmann an, die nach 15 Jahren als bfu-Direktorin in Pension geht.","breadcrumb":{"@id":"https:\/\/news.save.ch\/neuer-direktor-beim-bfu-ab-2019\/#breadcrumb"},"inLanguage":"de","potentialAction":[{"@type":"ReadAction","target":["https:\/\/news.save.ch\/neuer-direktor-beim-bfu-ab-2019\/"]}]},{"@type":"ImageObject","inLanguage":"de","@id":"https:\/\/news.save.ch\/neuer-direktor-beim-bfu-ab-2019\/#primaryimage","url":"https:\/\/news.save.ch\/wp-content\/uploads\/2018\/06\/Stefan_Siegrist_bfu-online-scaled-1.jpg","contentUrl":"https:\/\/news.save.ch\/wp-content\/uploads\/2018\/06\/Stefan_Siegrist_bfu-online-scaled-1.jpg","width":1200,"height":1160,"caption":"Stefan Siegrist \u00fcbernimmt Anfang 2019 die Leitung der bfu. \u00a9 bfu"},{"@type":"BreadcrumbList","@id":"https:\/\/news.save.ch\/neuer-direktor-beim-bfu-ab-2019\/#breadcrumb","itemListElement":[{"@type":"ListItem","position":1,"name":"Home","item":"https:\/\/news.save.ch\/de\/"},{"@type":"ListItem","position":2,"name":"Neuer Direktor beim bfu ab 2019"}]},{"@type":"WebSite","@id":"https:\/\/news.save.ch\/de\/#website","url":"https:\/\/news.save.ch\/de\/","name":"Save","description":"Schweizer Fachzeitschrift f\u00fcr Sicherheit","publisher":{"@id":"https:\/\/news.save.ch\/de\/#organization"},"potentialAction":[{"@type":"SearchAction","target":{"@type":"EntryPoint","urlTemplate":"https:\/\/news.save.ch\/de\/?s={search_term_string}"},"query-input":{"@type":"PropertyValueSpecification","valueRequired":true,"valueName":"search_term_string"}}],"inLanguage":"de"},{"@type":"Organization","@id":"https:\/\/news.save.ch\/de\/#organization","name":"Sicherheitsforum","url":"https:\/\/news.save.ch\/de\/","logo":{"@type":"ImageObject","inLanguage":"de","@id":"https:\/\/news.save.ch\/de\/#\/schema\/logo\/image\/","url":"https:\/\/news.save.ch\/wp-content\/uploads\/2022\/06\/Logo_SF_2012.png","contentUrl":"https:\/\/news.save.ch\/wp-content\/uploads\/2022\/06\/Logo_SF_2012.png","width":1100,"height":91,"caption":"Sicherheitsforum"},"image":{"@id":"https:\/\/news.save.ch\/de\/#\/schema\/logo\/image\/"}},{"@type":"Person","@id":"https:\/\/news.save.ch\/de\/#\/schema\/person\/d49e199490bad7c70d64b9ab51142f2b","name":"admin","image":{"@type":"ImageObject","inLanguage":"de","@id":"https:\/\/secure.gravatar.com\/avatar\/ae2f4d718e6c49043e314ce431e7e645d646302a24a5ef5a8bc8e3f5a032e319?s=96&d=mm&r=g","url":"https:\/\/secure.gravatar.com\/avatar\/ae2f4d718e6c49043e314ce431e7e645d646302a24a5ef5a8bc8e3f5a032e319?s=96&d=mm&r=g","contentUrl":"https:\/\/secure.gravatar.com\/avatar\/ae2f4d718e6c49043e314ce431e7e645d646302a24a5ef5a8bc8e3f5a032e319?s=96&d=mm&r=g","caption":"admin"},"sameAs":["https:\/\/develop.organisator.galledia.ch"],"url":"https:\/\/news.save.ch\/de\/author\/admin\/"}]}},"_links":{"self":[{"href":"https:\/\/news.save.ch\/de\/wp-json\/wp\/v2\/posts\/16880","targetHints":{"allow":["GET"]}}],"collection":[{"href":"https:\/\/news.save.ch\/de\/wp-json\/wp\/v2\/posts"}],"about":[{"href":"https:\/\/news.save.ch\/de\/wp-json\/wp\/v2\/types\/post"}],"author":[{"embeddable":true,"href":"https:\/\/news.save.ch\/de\/wp-json\/wp\/v2\/users\/1"}],"replies":[{"embeddable":true,"href":"https:\/\/news.save.ch\/de\/wp-json\/wp\/v2\/comments?post=16880"}],"version-history":[{"count":1,"href":"https:\/\/news.save.ch\/de\/wp-json\/wp\/v2\/posts\/16880\/revisions"}],"predecessor-version":[{"id":18717,"href":"https:\/\/news.save.ch\/de\/wp-json\/wp\/v2\/posts\/16880\/revisions\/18717"}],"wp:featuredmedia":[{"embeddable":true,"href":"https:\/\/news.save.ch\/de\/wp-json\/wp\/v2\/media\/16278"}],"wp:attachment":[{"href":"https:\/\/news.save.ch\/de\/wp-json\/wp\/v2\/media?parent=16880"}],"wp:term":[{"taxonomy":"category","embeddable":true,"href":"https:\/\/news.save.ch\/de\/wp-json\/wp\/v2\/categories?post=16880"},{"taxonomy":"post_tag","embeddable":true,"href":"https:\/\/news.save.ch\/de\/wp-json\/wp\/v2\/tags?post=16880"}],"curies":[{"name":"wp","href":"https:\/\/api.w.org\/{rel}","templated":true}]}}