{"id":16892,"date":"2018-08-31T08:23:12","date_gmt":"2018-08-31T06:23:12","guid":{"rendered":"https:\/\/news.save.ch\/?p=3208"},"modified":"2023-03-14T09:04:10","modified_gmt":"2023-03-14T08:04:10","slug":"rollerfahrer-schuetzen-sich-ungenuegend","status":null,"type":"post","link":"https:\/\/news.save.ch\/de\/rollerfahrer-schuetzen-sich-ungenuegend\/","title":{"rendered":"Rollerfahrer sch\u00fctzen sich ungen\u00fcgend"},"content":{"rendered":"<figure id=\"attachment_3209\" aria-describedby=\"caption-attachment-3209\" style=\"width: 680px\" class=\"wp-caption alignnone\"><img loading=\"lazy\" decoding=\"async\" class=\"size-medium wp-image-3209\" src=\"http:\/\/develop.safety-plus.ch\/wp-content\/uploads\/2018\/08\/Depositphotos_DragonImages.jpg\" alt=\"\" width=\"680\" height=\"454\" \/><figcaption id=\"caption-attachment-3209\" class=\"wp-caption-text\">Einen Helm tragen fast alle. Aber weniger als ein Viertel der Rollerfahrer tragen eine Schutzjacke. \u00a9 Depositphotos\/DragonImages<\/figcaption><\/figure>\n<p>Rollerfahrer tragen bemerkenswert wenig Schutzausr\u00fcstung, wenn man sie mit T\u00f6fffahrern vergleicht: Gem\u00e4ss der bfu-Erhebung 2018 fahren nur 42\u00a0% der Rollerfahrer mit Handschuhen \u2013 gegen\u00fcber 92\u00a0% bei den <a href=\"https:\/\/news.save.ch\/sicherheit-vor-coolness\/\" target=\"_blank\" rel=\"noopener\">T\u00f6fffahrern<\/a>. Noch augenf\u00e4lliger ist der Unterschied, wenn es um Schutzjacken geht: W\u00e4hrend 89\u00a0% der T\u00f6fffahrer und -fahrerinnen sich mit einer Jacke aus Leder oder abriebfestem Material sch\u00fctzen, sind es bei den Rollerfahrern 23\u00a0%. Einen Helm tragen hingegen nahezu alle.<\/p>\n<p>Das Risiko, sich bei einem <a href=\"https:\/\/news.save.ch\/unfallfrei-auf-den-berg-und-wieder-zurueck\/\" target=\"_blank\" rel=\"noopener\">Unfall<\/a> schwer zu verletzen, ist f\u00fcr Rollerfahrer nicht zu untersch\u00e4tzen. \u00abBei einem Sturz sind die Folgen f\u00fcr Roller- und T\u00f6fffahrer dieselben. In beiden F\u00e4llen droht der direkte Kontakt des K\u00f6rpers mit der Strasse. Das Verletzungsrisiko ist hoch, weil das Fahrzeug keinerlei Schutz bietet\u00bb, erkl\u00e4rt der bfu-Motorradexperte Christoph J\u00f6hr.<\/p>\n<p><strong>Velohelm: Unterschiede je nach Fahrtziel<\/strong><\/p>\n<p>Erstmals seit Beginn der j\u00e4hrlichen bfu-Erhebungen im Jahr 1998 ist bei den Velohelmen die F\u00fcnfzig-Prozent-Marke erreicht worden: Jeder zweite Fahrradfahrer tr\u00e4gt mittlerweile einen Helm. Allerdings gibt es grosse Unterschiede je nach Fahrtzweck. So betr\u00e4gt die Helmtragquote bei Freizeitfahrten 55\u00a0%, auf dem Schulweg 43\u00a0%, auf dem Arbeitsweg 37\u00a0% und bei der Fahrt zum Einkaufen nur 22\u00a0%. Auf schnellen <a href=\"https:\/\/news.save.ch\/jeder-6-e-bike-fahrer-gestuerzt\/\" target=\"_blank\" rel=\"noopener\">E-Bikes<\/a> (mit einer Tretunterst\u00fctzung \u00fcber 25 und bis zu 45 km\/h) ist der Velohelm obligatorisch, doch nur 87\u00a0% der Benutzer halten sich daran. Auf langsameren E-Bikes betr\u00e4gt die Helmtragquote 67\u00a0%.<\/p>\n<p><strong>Sicherheitsgurt und \u00abLicht am Tag\u00bb: Gute Quoten<\/strong><\/p>\n<p>Hohe Quoten gibt es beim Anschnallen und beim Einschalten der Fahrzeuglichter am Tag. Den Sicherheitsgurt tragen 95\u00a0% der <a href=\"https:\/\/news.save.ch\/3072-2\/\" target=\"_blank\" rel=\"noopener\">Autofahrer<\/a> und 94\u00a0% ihrer Beifahrer. Je nach Art der Strasse variieren die Werte: Auf Autobahnen sind 98\u00a0% der Lenker angeschnallt, ausserorts 95\u00a0% und innerorts 94\u00a0%.<\/p>\n<p>\u00abLicht am Tag\u00bb ist in der Schweiz seit 2014 f\u00fcr alle Motorfahrzeuge obligatorisch. Die neueste bfu-Erhebung zeigt, dass 97\u00a0% der Strassenbenutzer dies befolgen. Gem\u00e4ss dem Bundesamt f\u00fcr Strassen ASTRA hat diese Massnahme, die im Rahmen der Aktion \u00abVia sicura\u00bb eingef\u00fchrt wurde, in den Jahren 2014 und 2015 jeweils 110 schwere Unfallverletzungen verhindert.<\/p>\n<p><a href=\"https:\/\/www.bfu.ch\/de\/die-bfu\/kommunikation\/medien\/strassenverkehr\/motorradfahrer\/motorradhelm\/weniger-als-ein-viertel-der-rollerfahrer-tragen-eine-schutzjacke\" target=\"_blank\" rel=\"noopener\">Zur Studie<\/a><\/p>\n<p>Text: <a href=\"http:\/\/www.bfu.ch\" target=\"_blank\" rel=\"noopener\">bfu \u2013 Beratungsstelle f\u00fcr Unfallverh\u00fctung<\/a><\/p>\n","protected":false},"excerpt":{"rendered":"<p>Rollerfahrer tragen bemerkenswert wenig Schutzausr\u00fcstung, wenn man sie mit T\u00f6fffahrern vergleicht: Gem\u00e4ss der bfu-Erhebung 2018 fahren nur 42\u00a0% der Rollerfahrer mit Handschuhen \u2013 gegen\u00fcber 92\u00a0% bei den T\u00f6fffahrern. Noch augenf\u00e4lliger ist der Unterschied, wenn es um Schutzjacken geht: W\u00e4hrend 89\u00a0% der T\u00f6fffahrer und -fahrerinnen sich mit einer Jacke aus Leder oder abriebfestem Material sch\u00fctzen, sind [&hellip;]<\/p>\n","protected":false},"author":1,"featured_media":16294,"comment_status":"open","ping_status":"open","sticky":false,"template":"","format":"standard","meta":{"_acf_changed":false,"pgc_sgb_lightbox_settings":"","footnotes":""},"categories":[1,3314],"tags":[952,752,2165,149,2213,2868,310,64,68,3135,352,3186,3188,181],"class_list":["post-16892","post","type-post","status-publish","format-standard","has-post-thumbnail","hentry","category-allgemein","category-health-safety","tag-bfu","tag-e-bike","tag-gesundheitsfoerderung","tag-gesundheitsschutz","tag-handschuhe","tag-schutzjacke","tag-sicherheit","tag-studie","tag-tipps-und-tricks","tag-unfaelle","tag-verkehrssicherheit","tag-verkehrsunfall","tag-verletzungsrisiko","tag-versicherung"],"acf":[],"hkrextid":null,"publication":null,"issue":null,"workflow":null,"startPage":null,"spitzmarke":null,"_posts_by_tag_page_fields":{"widget_title":"","widget_tags":""},"_at_widget":"1","_yoast_wpseo_primary_category":"2","_yoast_wpseo_focuskw_text_input":"Rollerfahrer","_yoast_wpseo_opengraph-image":null,"_yoast_wpseo_opengraph-description":null,"_yoast_wpseo_opengraph-title":null,"enclosure":null,"_yoast_wpseo_twitter-title":null,"_yoast_wpseo_twitter-description":null,"_yoast_wpseo_twitter-image":null,"_wp_old_slug":null,"_yoast_wpseo_title":null,"_yoast_wpseo_canonical":null,"yoast_head":"<!-- This site is optimized with the Yoast SEO plugin v27.5 - https:\/\/yoast.com\/product\/yoast-seo-wordpress\/ -->\n<title>Rollerfahrer sch\u00fctzen sich ungen\u00fcgend - Save<\/title>\n<meta name=\"description\" content=\"Einen Helm tragen fast alle Rollerfahrer. Aber lediglich weniger als ein Viertel tragen eine gute Schutzjacke.\" \/>\n<meta name=\"robots\" content=\"index, follow, max-snippet:-1, max-image-preview:large, max-video-preview:-1\" \/>\n<link rel=\"canonical\" href=\"https:\/\/news.save.ch\/de\/rollerfahrer-schuetzen-sich-ungenuegend\/\" \/>\n<meta property=\"og:locale\" content=\"de_DE\" \/>\n<meta property=\"og:type\" content=\"article\" \/>\n<meta property=\"og:title\" content=\"Rollerfahrer sch\u00fctzen sich ungen\u00fcgend - Save\" \/>\n<meta property=\"og:description\" content=\"Einen Helm tragen fast alle Rollerfahrer. Aber lediglich weniger als ein Viertel tragen eine gute Schutzjacke.\" \/>\n<meta property=\"og:url\" content=\"https:\/\/news.save.ch\/de\/rollerfahrer-schuetzen-sich-ungenuegend\/\" \/>\n<meta property=\"og:site_name\" content=\"Save\" \/>\n<meta property=\"article:published_time\" content=\"2018-08-31T06:23:12+00:00\" \/>\n<meta property=\"article:modified_time\" content=\"2023-03-14T08:04:10+00:00\" \/>\n<meta property=\"og:image\" content=\"https:\/\/news.save.ch\/wp-content\/uploads\/2018\/08\/Depositphotos_DragonImages-scaled-1.jpg\" \/>\n\t<meta property=\"og:image:width\" content=\"1200\" \/>\n\t<meta property=\"og:image:height\" content=\"801\" \/>\n\t<meta property=\"og:image:type\" content=\"image\/jpeg\" \/>\n<meta name=\"author\" content=\"admin\" \/>\n<meta name=\"twitter:card\" content=\"summary_large_image\" \/>\n<meta name=\"twitter:label1\" content=\"Geschrieben von\" \/>\n\t<meta name=\"twitter:data1\" content=\"admin\" \/>\n\t<meta name=\"twitter:label2\" content=\"Gesch\u00e4tzte Lesezeit\" \/>\n\t<meta name=\"twitter:data2\" content=\"2\u00a0Minuten\" \/>\n<script type=\"application\/ld+json\" class=\"yoast-schema-graph\">{\"@context\":\"https:\\\/\\\/schema.org\",\"@graph\":[{\"@type\":\"Article\",\"@id\":\"https:\\\/\\\/news.save.ch\\\/rollerfahrer-schuetzen-sich-ungenuegend\\\/#article\",\"isPartOf\":{\"@id\":\"https:\\\/\\\/news.save.ch\\\/rollerfahrer-schuetzen-sich-ungenuegend\\\/\"},\"author\":{\"name\":\"admin\",\"@id\":\"https:\\\/\\\/news.save.ch\\\/de\\\/#\\\/schema\\\/person\\\/d49e199490bad7c70d64b9ab51142f2b\"},\"headline\":\"Rollerfahrer sch\u00fctzen sich ungen\u00fcgend\",\"datePublished\":\"2018-08-31T06:23:12+00:00\",\"dateModified\":\"2023-03-14T08:04:10+00:00\",\"mainEntityOfPage\":{\"@id\":\"https:\\\/\\\/news.save.ch\\\/rollerfahrer-schuetzen-sich-ungenuegend\\\/\"},\"wordCount\":355,\"commentCount\":0,\"publisher\":{\"@id\":\"https:\\\/\\\/news.save.ch\\\/de\\\/#organization\"},\"image\":{\"@id\":\"https:\\\/\\\/news.save.ch\\\/rollerfahrer-schuetzen-sich-ungenuegend\\\/#primaryimage\"},\"thumbnailUrl\":\"https:\\\/\\\/news.save.ch\\\/wp-content\\\/uploads\\\/2018\\\/08\\\/Depositphotos_DragonImages-scaled-1.jpg\",\"keywords\":[\"BFU\",\"E-Bike\",\"Gesundheitsf\u00f6rderung\",\"Gesundheitsschutz\",\"Handschuhe\",\"Schutzjacke\",\"Sicherheit\",\"Studie\",\"Tipps und Tricks\",\"Unf\u00e4lle\",\"Verkehrssicherheit\",\"Verkehrsunfall\",\"Verletzungsrisiko\",\"Versicherung\"],\"articleSection\":[\"ALLGEMEIN\",\"HEALTH &amp; SAFETY\"],\"inLanguage\":\"de\"},{\"@type\":\"WebPage\",\"@id\":\"https:\\\/\\\/news.save.ch\\\/rollerfahrer-schuetzen-sich-ungenuegend\\\/\",\"url\":\"https:\\\/\\\/news.save.ch\\\/rollerfahrer-schuetzen-sich-ungenuegend\\\/\",\"name\":\"Rollerfahrer sch\u00fctzen sich ungen\u00fcgend - Save\",\"isPartOf\":{\"@id\":\"https:\\\/\\\/news.save.ch\\\/de\\\/#website\"},\"primaryImageOfPage\":{\"@id\":\"https:\\\/\\\/news.save.ch\\\/rollerfahrer-schuetzen-sich-ungenuegend\\\/#primaryimage\"},\"image\":{\"@id\":\"https:\\\/\\\/news.save.ch\\\/rollerfahrer-schuetzen-sich-ungenuegend\\\/#primaryimage\"},\"thumbnailUrl\":\"https:\\\/\\\/news.save.ch\\\/wp-content\\\/uploads\\\/2018\\\/08\\\/Depositphotos_DragonImages-scaled-1.jpg\",\"datePublished\":\"2018-08-31T06:23:12+00:00\",\"dateModified\":\"2023-03-14T08:04:10+00:00\",\"description\":\"Einen Helm tragen fast alle Rollerfahrer. Aber lediglich weniger als ein Viertel tragen eine gute Schutzjacke.\",\"breadcrumb\":{\"@id\":\"https:\\\/\\\/news.save.ch\\\/rollerfahrer-schuetzen-sich-ungenuegend\\\/#breadcrumb\"},\"inLanguage\":\"de\",\"potentialAction\":[{\"@type\":\"ReadAction\",\"target\":[\"https:\\\/\\\/news.save.ch\\\/rollerfahrer-schuetzen-sich-ungenuegend\\\/\"]}]},{\"@type\":\"ImageObject\",\"inLanguage\":\"de\",\"@id\":\"https:\\\/\\\/news.save.ch\\\/rollerfahrer-schuetzen-sich-ungenuegend\\\/#primaryimage\",\"url\":\"https:\\\/\\\/news.save.ch\\\/wp-content\\\/uploads\\\/2018\\\/08\\\/Depositphotos_DragonImages-scaled-1.jpg\",\"contentUrl\":\"https:\\\/\\\/news.save.ch\\\/wp-content\\\/uploads\\\/2018\\\/08\\\/Depositphotos_DragonImages-scaled-1.jpg\",\"width\":1200,\"height\":801,\"caption\":\"Einen Helm tragen fast alle. Aber weniger als ein Viertel der Rollerfahrer tragen eine Schutzjacke. \u00a9 Depositphotos\\\/DragonImages\"},{\"@type\":\"BreadcrumbList\",\"@id\":\"https:\\\/\\\/news.save.ch\\\/rollerfahrer-schuetzen-sich-ungenuegend\\\/#breadcrumb\",\"itemListElement\":[{\"@type\":\"ListItem\",\"position\":1,\"name\":\"Home\",\"item\":\"https:\\\/\\\/news.save.ch\\\/de\\\/\"},{\"@type\":\"ListItem\",\"position\":2,\"name\":\"Rollerfahrer sch\u00fctzen sich ungen\u00fcgend\"}]},{\"@type\":\"WebSite\",\"@id\":\"https:\\\/\\\/news.save.ch\\\/de\\\/#website\",\"url\":\"https:\\\/\\\/news.save.ch\\\/de\\\/\",\"name\":\"Save\",\"description\":\"Schweizer Fachzeitschrift f\u00fcr Sicherheit\",\"publisher\":{\"@id\":\"https:\\\/\\\/news.save.ch\\\/de\\\/#organization\"},\"potentialAction\":[{\"@type\":\"SearchAction\",\"target\":{\"@type\":\"EntryPoint\",\"urlTemplate\":\"https:\\\/\\\/news.save.ch\\\/de\\\/?s={search_term_string}\"},\"query-input\":{\"@type\":\"PropertyValueSpecification\",\"valueRequired\":true,\"valueName\":\"search_term_string\"}}],\"inLanguage\":\"de\"},{\"@type\":\"Organization\",\"@id\":\"https:\\\/\\\/news.save.ch\\\/de\\\/#organization\",\"name\":\"Sicherheitsforum\",\"url\":\"https:\\\/\\\/news.save.ch\\\/de\\\/\",\"logo\":{\"@type\":\"ImageObject\",\"inLanguage\":\"de\",\"@id\":\"https:\\\/\\\/news.save.ch\\\/de\\\/#\\\/schema\\\/logo\\\/image\\\/\",\"url\":\"https:\\\/\\\/news.save.ch\\\/wp-content\\\/uploads\\\/2022\\\/06\\\/Logo_SF_2012.png\",\"contentUrl\":\"https:\\\/\\\/news.save.ch\\\/wp-content\\\/uploads\\\/2022\\\/06\\\/Logo_SF_2012.png\",\"width\":1100,\"height\":91,\"caption\":\"Sicherheitsforum\"},\"image\":{\"@id\":\"https:\\\/\\\/news.save.ch\\\/de\\\/#\\\/schema\\\/logo\\\/image\\\/\"}},{\"@type\":\"Person\",\"@id\":\"https:\\\/\\\/news.save.ch\\\/de\\\/#\\\/schema\\\/person\\\/d49e199490bad7c70d64b9ab51142f2b\",\"name\":\"admin\",\"image\":{\"@type\":\"ImageObject\",\"inLanguage\":\"de\",\"@id\":\"https:\\\/\\\/secure.gravatar.com\\\/avatar\\\/ae2f4d718e6c49043e314ce431e7e645d646302a24a5ef5a8bc8e3f5a032e319?s=96&d=mm&r=g\",\"url\":\"https:\\\/\\\/secure.gravatar.com\\\/avatar\\\/ae2f4d718e6c49043e314ce431e7e645d646302a24a5ef5a8bc8e3f5a032e319?s=96&d=mm&r=g\",\"contentUrl\":\"https:\\\/\\\/secure.gravatar.com\\\/avatar\\\/ae2f4d718e6c49043e314ce431e7e645d646302a24a5ef5a8bc8e3f5a032e319?s=96&d=mm&r=g\",\"caption\":\"admin\"},\"sameAs\":[\"https:\\\/\\\/develop.organisator.galledia.ch\"],\"url\":\"https:\\\/\\\/news.save.ch\\\/de\\\/author\\\/admin\\\/\"}]}<\/script>\n<!-- \/ Yoast SEO plugin. -->","yoast_head_json":{"title":"Rollerfahrer sch\u00fctzen sich ungen\u00fcgend - Save","description":"Einen Helm tragen fast alle Rollerfahrer. Aber lediglich weniger als ein Viertel tragen eine gute Schutzjacke.","robots":{"index":"index","follow":"follow","max-snippet":"max-snippet:-1","max-image-preview":"max-image-preview:large","max-video-preview":"max-video-preview:-1"},"canonical":"https:\/\/news.save.ch\/de\/rollerfahrer-schuetzen-sich-ungenuegend\/","og_locale":"de_DE","og_type":"article","og_title":"Rollerfahrer sch\u00fctzen sich ungen\u00fcgend - Save","og_description":"Einen Helm tragen fast alle Rollerfahrer. Aber lediglich weniger als ein Viertel tragen eine gute Schutzjacke.","og_url":"https:\/\/news.save.ch\/de\/rollerfahrer-schuetzen-sich-ungenuegend\/","og_site_name":"Save","article_published_time":"2018-08-31T06:23:12+00:00","article_modified_time":"2023-03-14T08:04:10+00:00","og_image":[{"width":1200,"height":801,"url":"https:\/\/news.save.ch\/wp-content\/uploads\/2018\/08\/Depositphotos_DragonImages-scaled-1.jpg","type":"image\/jpeg"}],"author":"admin","twitter_card":"summary_large_image","twitter_misc":{"Geschrieben von":"admin","Gesch\u00e4tzte Lesezeit":"2\u00a0Minuten"},"schema":{"@context":"https:\/\/schema.org","@graph":[{"@type":"Article","@id":"https:\/\/news.save.ch\/rollerfahrer-schuetzen-sich-ungenuegend\/#article","isPartOf":{"@id":"https:\/\/news.save.ch\/rollerfahrer-schuetzen-sich-ungenuegend\/"},"author":{"name":"admin","@id":"https:\/\/news.save.ch\/de\/#\/schema\/person\/d49e199490bad7c70d64b9ab51142f2b"},"headline":"Rollerfahrer sch\u00fctzen sich ungen\u00fcgend","datePublished":"2018-08-31T06:23:12+00:00","dateModified":"2023-03-14T08:04:10+00:00","mainEntityOfPage":{"@id":"https:\/\/news.save.ch\/rollerfahrer-schuetzen-sich-ungenuegend\/"},"wordCount":355,"commentCount":0,"publisher":{"@id":"https:\/\/news.save.ch\/de\/#organization"},"image":{"@id":"https:\/\/news.save.ch\/rollerfahrer-schuetzen-sich-ungenuegend\/#primaryimage"},"thumbnailUrl":"https:\/\/news.save.ch\/wp-content\/uploads\/2018\/08\/Depositphotos_DragonImages-scaled-1.jpg","keywords":["BFU","E-Bike","Gesundheitsf\u00f6rderung","Gesundheitsschutz","Handschuhe","Schutzjacke","Sicherheit","Studie","Tipps und Tricks","Unf\u00e4lle","Verkehrssicherheit","Verkehrsunfall","Verletzungsrisiko","Versicherung"],"articleSection":["ALLGEMEIN","HEALTH &amp; SAFETY"],"inLanguage":"de"},{"@type":"WebPage","@id":"https:\/\/news.save.ch\/rollerfahrer-schuetzen-sich-ungenuegend\/","url":"https:\/\/news.save.ch\/rollerfahrer-schuetzen-sich-ungenuegend\/","name":"Rollerfahrer sch\u00fctzen sich ungen\u00fcgend - Save","isPartOf":{"@id":"https:\/\/news.save.ch\/de\/#website"},"primaryImageOfPage":{"@id":"https:\/\/news.save.ch\/rollerfahrer-schuetzen-sich-ungenuegend\/#primaryimage"},"image":{"@id":"https:\/\/news.save.ch\/rollerfahrer-schuetzen-sich-ungenuegend\/#primaryimage"},"thumbnailUrl":"https:\/\/news.save.ch\/wp-content\/uploads\/2018\/08\/Depositphotos_DragonImages-scaled-1.jpg","datePublished":"2018-08-31T06:23:12+00:00","dateModified":"2023-03-14T08:04:10+00:00","description":"Einen Helm tragen fast alle Rollerfahrer. Aber lediglich weniger als ein Viertel tragen eine gute Schutzjacke.","breadcrumb":{"@id":"https:\/\/news.save.ch\/rollerfahrer-schuetzen-sich-ungenuegend\/#breadcrumb"},"inLanguage":"de","potentialAction":[{"@type":"ReadAction","target":["https:\/\/news.save.ch\/rollerfahrer-schuetzen-sich-ungenuegend\/"]}]},{"@type":"ImageObject","inLanguage":"de","@id":"https:\/\/news.save.ch\/rollerfahrer-schuetzen-sich-ungenuegend\/#primaryimage","url":"https:\/\/news.save.ch\/wp-content\/uploads\/2018\/08\/Depositphotos_DragonImages-scaled-1.jpg","contentUrl":"https:\/\/news.save.ch\/wp-content\/uploads\/2018\/08\/Depositphotos_DragonImages-scaled-1.jpg","width":1200,"height":801,"caption":"Einen Helm tragen fast alle. Aber weniger als ein Viertel der Rollerfahrer tragen eine Schutzjacke. \u00a9 Depositphotos\/DragonImages"},{"@type":"BreadcrumbList","@id":"https:\/\/news.save.ch\/rollerfahrer-schuetzen-sich-ungenuegend\/#breadcrumb","itemListElement":[{"@type":"ListItem","position":1,"name":"Home","item":"https:\/\/news.save.ch\/de\/"},{"@type":"ListItem","position":2,"name":"Rollerfahrer sch\u00fctzen sich ungen\u00fcgend"}]},{"@type":"WebSite","@id":"https:\/\/news.save.ch\/de\/#website","url":"https:\/\/news.save.ch\/de\/","name":"Save","description":"Schweizer Fachzeitschrift f\u00fcr Sicherheit","publisher":{"@id":"https:\/\/news.save.ch\/de\/#organization"},"potentialAction":[{"@type":"SearchAction","target":{"@type":"EntryPoint","urlTemplate":"https:\/\/news.save.ch\/de\/?s={search_term_string}"},"query-input":{"@type":"PropertyValueSpecification","valueRequired":true,"valueName":"search_term_string"}}],"inLanguage":"de"},{"@type":"Organization","@id":"https:\/\/news.save.ch\/de\/#organization","name":"Sicherheitsforum","url":"https:\/\/news.save.ch\/de\/","logo":{"@type":"ImageObject","inLanguage":"de","@id":"https:\/\/news.save.ch\/de\/#\/schema\/logo\/image\/","url":"https:\/\/news.save.ch\/wp-content\/uploads\/2022\/06\/Logo_SF_2012.png","contentUrl":"https:\/\/news.save.ch\/wp-content\/uploads\/2022\/06\/Logo_SF_2012.png","width":1100,"height":91,"caption":"Sicherheitsforum"},"image":{"@id":"https:\/\/news.save.ch\/de\/#\/schema\/logo\/image\/"}},{"@type":"Person","@id":"https:\/\/news.save.ch\/de\/#\/schema\/person\/d49e199490bad7c70d64b9ab51142f2b","name":"admin","image":{"@type":"ImageObject","inLanguage":"de","@id":"https:\/\/secure.gravatar.com\/avatar\/ae2f4d718e6c49043e314ce431e7e645d646302a24a5ef5a8bc8e3f5a032e319?s=96&d=mm&r=g","url":"https:\/\/secure.gravatar.com\/avatar\/ae2f4d718e6c49043e314ce431e7e645d646302a24a5ef5a8bc8e3f5a032e319?s=96&d=mm&r=g","contentUrl":"https:\/\/secure.gravatar.com\/avatar\/ae2f4d718e6c49043e314ce431e7e645d646302a24a5ef5a8bc8e3f5a032e319?s=96&d=mm&r=g","caption":"admin"},"sameAs":["https:\/\/develop.organisator.galledia.ch"],"url":"https:\/\/news.save.ch\/de\/author\/admin\/"}]}},"_links":{"self":[{"href":"https:\/\/news.save.ch\/de\/wp-json\/wp\/v2\/posts\/16892","targetHints":{"allow":["GET"]}}],"collection":[{"href":"https:\/\/news.save.ch\/de\/wp-json\/wp\/v2\/posts"}],"about":[{"href":"https:\/\/news.save.ch\/de\/wp-json\/wp\/v2\/types\/post"}],"author":[{"embeddable":true,"href":"https:\/\/news.save.ch\/de\/wp-json\/wp\/v2\/users\/1"}],"replies":[{"embeddable":true,"href":"https:\/\/news.save.ch\/de\/wp-json\/wp\/v2\/comments?post=16892"}],"version-history":[{"count":1,"href":"https:\/\/news.save.ch\/de\/wp-json\/wp\/v2\/posts\/16892\/revisions"}],"predecessor-version":[{"id":18704,"href":"https:\/\/news.save.ch\/de\/wp-json\/wp\/v2\/posts\/16892\/revisions\/18704"}],"wp:featuredmedia":[{"embeddable":true,"href":"https:\/\/news.save.ch\/de\/wp-json\/wp\/v2\/media\/16294"}],"wp:attachment":[{"href":"https:\/\/news.save.ch\/de\/wp-json\/wp\/v2\/media?parent=16892"}],"wp:term":[{"taxonomy":"category","embeddable":true,"href":"https:\/\/news.save.ch\/de\/wp-json\/wp\/v2\/categories?post=16892"},{"taxonomy":"post_tag","embeddable":true,"href":"https:\/\/news.save.ch\/de\/wp-json\/wp\/v2\/tags?post=16892"}],"curies":[{"name":"wp","href":"https:\/\/api.w.org\/{rel}","templated":true}]}}