{"id":16901,"date":"2018-10-08T10:33:50","date_gmt":"2018-10-08T08:33:50","guid":{"rendered":"https:\/\/news.save.ch\/?p=3264"},"modified":"2023-08-15T07:26:54","modified_gmt":"2023-08-15T05:26:54","slug":"stress-in-schweizer-betrieben","status":null,"type":"post","link":"https:\/\/news.save.ch\/de\/stress-in-schweizer-betrieben\/","title":{"rendered":"Stress in Schweizer Betrieben"},"content":{"rendered":"<figure id=\"attachment_3270\" aria-describedby=\"caption-attachment-3270\" style=\"width: 680px\" class=\"wp-caption alignnone\"><img loading=\"lazy\" decoding=\"async\" class=\"wp-image-3270 size-medium\" src=\"https:\/\/news.save.ch\/wp-content\/uploads\/2018\/10\/Depositphotos_stokkete-scaled-1-680x453.jpg\" alt=\"Stress\" width=\"680\" height=\"453\" srcset=\"https:\/\/news.save.ch\/wp-content\/uploads\/2018\/10\/Depositphotos_stokkete-scaled-1-680x453.jpg 680w, https:\/\/news.save.ch\/wp-content\/uploads\/2018\/10\/Depositphotos_stokkete-scaled-1-1024x683.jpg 1024w, https:\/\/news.save.ch\/wp-content\/uploads\/2018\/10\/Depositphotos_stokkete-scaled-1-768x512.jpg 768w, https:\/\/news.save.ch\/wp-content\/uploads\/2018\/10\/Depositphotos_stokkete-scaled-1-18x12.jpg 18w, https:\/\/news.save.ch\/wp-content\/uploads\/2018\/10\/Depositphotos_stokkete-scaled-1-375x250.jpg 375w, https:\/\/news.save.ch\/wp-content\/uploads\/2018\/10\/Depositphotos_stokkete-scaled-1-525x350.jpg 525w, https:\/\/news.save.ch\/wp-content\/uploads\/2018\/10\/Depositphotos_stokkete-scaled-1-1000x667.jpg 1000w, https:\/\/news.save.ch\/wp-content\/uploads\/2018\/10\/Depositphotos_stokkete-scaled-1.jpg 1200w\" sizes=\"auto, (max-width: 680px) 100vw, 680px\" \/><figcaption id=\"caption-attachment-3270\" class=\"wp-caption-text\">Management- und F\u00fchrungsprobleme wie auch das pers\u00f6nliche Leid von Mitarbeitern dr\u00fccken auf die Betriebskultur und das Betriebsklima. \u00a9 Depositphotos_stokkete<\/figcaption><\/figure>\n<p>Eine repr\u00e4sentative Untersuchung zu <a href=\"https:\/\/news.save.ch\/resilienz-schutz-vor-gesundheitsschaedigendem-stress\/\" target=\"_blank\" rel=\"noopener\">Stress<\/a> bei Schweizer Erwerbst\u00e4tigen durch das SECO (2010) ergab, dass sich 34\u00a0% aller Erwerbst\u00e4tigen h\u00e4ufig bis sehr h\u00e4ufig gestresst f\u00fchlen. Dies sind 30\u00a0% mehr als noch vor zehn Jahren. 31\u00a0% geben an, dass ihre Gesundheit durch ihre Arbeit beeintr\u00e4chtigt wird; 17\u00a0% erleiden Gesundheitsbeeintr\u00e4chtigungen durch <a href=\"https:\/\/news.save.ch\/bueroangestellte-sind-gestresst\/\" target=\"_blank\" rel=\"noopener\">Stress bei der Arbeit<\/a>.<\/p>\n<p>Management- und F\u00fchrungsprobleme wie auch das pers\u00f6nliche Leid der Betroffenen dr\u00fccken auf die <a href=\"https:\/\/news.save.ch\/220000-personen-arbeiten-in-einem-friendly-work-space\/\" target=\"_blank\" rel=\"noopener\">Betriebskultur<\/a> und das Betriebsklima. Mithilfe einer Standortbestimmung und einem \u00dcberblick \u00fcber das Stressgeschehen kann ein Betrieb wirksame Massnahmen ergreifen, um die Gesundheit und <a href=\"https:\/\/news.save.ch\/wohlfuehlen-dank-koerperzentriertem-arbeiten\/\" target=\"_blank\" rel=\"noopener\">Motivation<\/a> der Mitarbeitenden zu f\u00f6rdern.<\/p>\n<p><strong>Stress erkennen und gezielt intervenieren<\/strong><\/p>\n<p>Gesundheitsf\u00f6rderung Schweiz\u00a0 hat Unternehmen zur Nutzung und Anwenderfreundlichkeit von FWS Job-Stress-Analysis befragt und ihr Feedback in die \u00dcberarbeitung des Instruments einfliessen lassen. Das Tool verschafft Betrieben mit wenig Aufwand einen detaillierten \u00dcberblick zu Belastungsfaktoren, Ressourcen und zum Befinden ihrer Mitarbeitenden.<\/p>\n<p>Text: <a href=\"http:\/\/www.gesundheitsfoerderung.ch\" target=\"_blank\" rel=\"noopener\">Gesundheitsf\u00f6rderung Schweiz\u00a0<\/a><\/p>\n<p>Zum <a href=\"https:\/\/www.youtube.com\/watch?v=V7kkRKR3nlE\" target=\"_blank\" rel=\"noopener\">Video<\/a><\/p>\n<p><a href=\"https:\/\/www.fws-jobstressanalysis.ch\/pdf\/180801_Informationen_und_Bestellformular_Job-Stress-Analysis.pdf\" target=\"_blank\" rel=\"noopener\">Checkliste Stress<\/a><\/p>\n","protected":false},"excerpt":{"rendered":"<p>Eine repr\u00e4sentative Untersuchung zu Stress bei Schweizer Erwerbst\u00e4tigen durch das SECO (2010) ergab, dass sich 34\u00a0% aller Erwerbst\u00e4tigen h\u00e4ufig bis sehr h\u00e4ufig gestresst f\u00fchlen. Dies sind 30\u00a0% mehr als noch vor zehn Jahren. 31\u00a0% geben an, dass ihre Gesundheit durch ihre Arbeit beeintr\u00e4chtigt wird; 17\u00a0% erleiden Gesundheitsbeeintr\u00e4chtigungen durch Stress bei der Arbeit. Management- und F\u00fchrungsprobleme [&hellip;]<\/p>\n","protected":false},"author":1,"featured_media":3270,"comment_status":"closed","ping_status":"closed","sticky":false,"template":"","format":"standard","meta":{"_acf_changed":false,"pgc_sgb_lightbox_settings":"","footnotes":""},"categories":[1,3314],"tags":[183,172,1678,1775,1776,1778,2103,2115,2165,2166,149,2560,141,2729,3014],"class_list":["post-16901","post","type-post","status-publish","format-standard","has-post-thumbnail","hentry","category-allgemein","category-health-safety","tag-arbeitsplatzgestaltung","tag-arbeitssicherheit","tag-arbeitszeit","tag-betriebliches-gesundheitsmanagement","tag-betriebsklima","tag-betriebskultur","tag-fuehrungsprobleme","tag-fws-job-stress-analysis","tag-gesundheitsfoerderung","tag-gesundheitsfoerderung-schweiz","tag-gesundheitsschutz","tag-motivation","tag-praevention","tag-psychische-gesundheit","tag-stressgeschehen"],"acf":[],"hkrextid":null,"publication":null,"issue":null,"workflow":null,"startPage":null,"spitzmarke":null,"_posts_by_tag_page_fields":{"widget_title":"","widget_tags":""},"_at_widget":"1","_yoast_wpseo_primary_category":"","_yoast_wpseo_focuskw_text_input":"Stress","_yoast_wpseo_opengraph-image":null,"_yoast_wpseo_opengraph-description":null,"_yoast_wpseo_opengraph-title":null,"enclosure":null,"_yoast_wpseo_twitter-title":null,"_yoast_wpseo_twitter-description":null,"_yoast_wpseo_twitter-image":null,"_wp_old_slug":null,"_yoast_wpseo_title":null,"_yoast_wpseo_canonical":null,"yoast_head":"<!-- This site is optimized with the Yoast SEO plugin v27.5 - https:\/\/yoast.com\/product\/yoast-seo-wordpress\/ -->\n<title>Stress in Schweizer Betrieben - Save<\/title>\n<meta name=\"description\" content=\"Management- und F\u00fchrungsprobleme wie auch das pers\u00f6nliche Leid von Mitarbeitern dr\u00fccken auf die Betriebskultur und das Betriebsklima.\" \/>\n<meta name=\"robots\" content=\"index, follow, max-snippet:-1, max-image-preview:large, max-video-preview:-1\" \/>\n<link rel=\"canonical\" href=\"https:\/\/news.save.ch\/de\/stress-in-schweizer-betrieben\/\" \/>\n<meta property=\"og:locale\" content=\"de_DE\" \/>\n<meta property=\"og:type\" content=\"article\" \/>\n<meta property=\"og:title\" content=\"Stress in Schweizer Betrieben - Save\" \/>\n<meta property=\"og:description\" content=\"Management- und F\u00fchrungsprobleme wie auch das pers\u00f6nliche Leid von Mitarbeitern dr\u00fccken auf die Betriebskultur und das Betriebsklima.\" \/>\n<meta property=\"og:url\" content=\"https:\/\/news.save.ch\/de\/stress-in-schweizer-betrieben\/\" \/>\n<meta property=\"og:site_name\" content=\"Save\" \/>\n<meta property=\"article:published_time\" content=\"2018-10-08T08:33:50+00:00\" \/>\n<meta property=\"article:modified_time\" content=\"2023-08-15T05:26:54+00:00\" \/>\n<meta property=\"og:image\" content=\"https:\/\/news.save.ch\/wp-content\/uploads\/2018\/10\/Depositphotos_stokkete-scaled-1.jpg\" \/>\n\t<meta property=\"og:image:width\" content=\"1200\" \/>\n\t<meta property=\"og:image:height\" content=\"800\" \/>\n\t<meta property=\"og:image:type\" content=\"image\/jpeg\" \/>\n<meta name=\"author\" content=\"admin\" \/>\n<meta name=\"twitter:card\" content=\"summary_large_image\" \/>\n<meta name=\"twitter:label1\" content=\"Geschrieben von\" \/>\n\t<meta name=\"twitter:data1\" content=\"admin\" \/>\n\t<meta name=\"twitter:label2\" content=\"Gesch\u00e4tzte Lesezeit\" \/>\n\t<meta name=\"twitter:data2\" content=\"2\u00a0Minuten\" \/>\n<script type=\"application\/ld+json\" class=\"yoast-schema-graph\">{\"@context\":\"https:\\\/\\\/schema.org\",\"@graph\":[{\"@type\":\"Article\",\"@id\":\"https:\\\/\\\/news.save.ch\\\/stress-in-schweizer-betrieben\\\/#article\",\"isPartOf\":{\"@id\":\"https:\\\/\\\/news.save.ch\\\/stress-in-schweizer-betrieben\\\/\"},\"author\":{\"name\":\"admin\",\"@id\":\"https:\\\/\\\/news.save.ch\\\/de\\\/#\\\/schema\\\/person\\\/d49e199490bad7c70d64b9ab51142f2b\"},\"headline\":\"Stress in Schweizer Betrieben\",\"datePublished\":\"2018-10-08T08:33:50+00:00\",\"dateModified\":\"2023-08-15T05:26:54+00:00\",\"mainEntityOfPage\":{\"@id\":\"https:\\\/\\\/news.save.ch\\\/stress-in-schweizer-betrieben\\\/\"},\"wordCount\":187,\"publisher\":{\"@id\":\"https:\\\/\\\/news.save.ch\\\/de\\\/#organization\"},\"image\":{\"@id\":\"https:\\\/\\\/news.save.ch\\\/stress-in-schweizer-betrieben\\\/#primaryimage\"},\"thumbnailUrl\":\"https:\\\/\\\/news.save.ch\\\/wp-content\\\/uploads\\\/2018\\\/10\\\/Depositphotos_stokkete-scaled-1.jpg\",\"keywords\":[\"Arbeitsplatzgestaltung\",\"Arbeitssicherheit\",\"Arbeitszeit\",\"Betriebliches Gesundheitsmanagement\",\"Betriebsklima\",\"Betriebskultur\",\"F\u00fchrungsprobleme\",\"FWS Job-Stress-Analysis\",\"Gesundheitsf\u00f6rderung\",\"Gesundheitsf\u00f6rderung Schweiz\",\"Gesundheitsschutz\",\"Motivation\",\"Pr\u00e4vention\",\"Psychische Gesundheit\",\"Stressgeschehen\"],\"articleSection\":[\"ALLGEMEIN\",\"HEALTH &amp; SAFETY\"],\"inLanguage\":\"de\"},{\"@type\":\"WebPage\",\"@id\":\"https:\\\/\\\/news.save.ch\\\/stress-in-schweizer-betrieben\\\/\",\"url\":\"https:\\\/\\\/news.save.ch\\\/stress-in-schweizer-betrieben\\\/\",\"name\":\"Stress in Schweizer Betrieben - Save\",\"isPartOf\":{\"@id\":\"https:\\\/\\\/news.save.ch\\\/de\\\/#website\"},\"primaryImageOfPage\":{\"@id\":\"https:\\\/\\\/news.save.ch\\\/stress-in-schweizer-betrieben\\\/#primaryimage\"},\"image\":{\"@id\":\"https:\\\/\\\/news.save.ch\\\/stress-in-schweizer-betrieben\\\/#primaryimage\"},\"thumbnailUrl\":\"https:\\\/\\\/news.save.ch\\\/wp-content\\\/uploads\\\/2018\\\/10\\\/Depositphotos_stokkete-scaled-1.jpg\",\"datePublished\":\"2018-10-08T08:33:50+00:00\",\"dateModified\":\"2023-08-15T05:26:54+00:00\",\"description\":\"Management- und F\u00fchrungsprobleme wie auch das pers\u00f6nliche Leid von Mitarbeitern dr\u00fccken auf die Betriebskultur und das Betriebsklima.\",\"breadcrumb\":{\"@id\":\"https:\\\/\\\/news.save.ch\\\/stress-in-schweizer-betrieben\\\/#breadcrumb\"},\"inLanguage\":\"de\",\"potentialAction\":[{\"@type\":\"ReadAction\",\"target\":[\"https:\\\/\\\/news.save.ch\\\/stress-in-schweizer-betrieben\\\/\"]}]},{\"@type\":\"ImageObject\",\"inLanguage\":\"de\",\"@id\":\"https:\\\/\\\/news.save.ch\\\/stress-in-schweizer-betrieben\\\/#primaryimage\",\"url\":\"https:\\\/\\\/news.save.ch\\\/wp-content\\\/uploads\\\/2018\\\/10\\\/Depositphotos_stokkete-scaled-1.jpg\",\"contentUrl\":\"https:\\\/\\\/news.save.ch\\\/wp-content\\\/uploads\\\/2018\\\/10\\\/Depositphotos_stokkete-scaled-1.jpg\",\"width\":1200,\"height\":800,\"caption\":\"Management- und F\u00fchrungsprobleme wie auch das pers\u00f6nliche Leid von Mitarbeitern dr\u00fccken auf die Betriebskultur und das Betriebsklima. \u00a9 Depositphotos_stokkete\"},{\"@type\":\"BreadcrumbList\",\"@id\":\"https:\\\/\\\/news.save.ch\\\/stress-in-schweizer-betrieben\\\/#breadcrumb\",\"itemListElement\":[{\"@type\":\"ListItem\",\"position\":1,\"name\":\"Home\",\"item\":\"https:\\\/\\\/news.save.ch\\\/de\\\/\"},{\"@type\":\"ListItem\",\"position\":2,\"name\":\"Stress in Schweizer Betrieben\"}]},{\"@type\":\"WebSite\",\"@id\":\"https:\\\/\\\/news.save.ch\\\/de\\\/#website\",\"url\":\"https:\\\/\\\/news.save.ch\\\/de\\\/\",\"name\":\"Save\",\"description\":\"Schweizer Fachzeitschrift f\u00fcr Sicherheit\",\"publisher\":{\"@id\":\"https:\\\/\\\/news.save.ch\\\/de\\\/#organization\"},\"potentialAction\":[{\"@type\":\"SearchAction\",\"target\":{\"@type\":\"EntryPoint\",\"urlTemplate\":\"https:\\\/\\\/news.save.ch\\\/de\\\/?s={search_term_string}\"},\"query-input\":{\"@type\":\"PropertyValueSpecification\",\"valueRequired\":true,\"valueName\":\"search_term_string\"}}],\"inLanguage\":\"de\"},{\"@type\":\"Organization\",\"@id\":\"https:\\\/\\\/news.save.ch\\\/de\\\/#organization\",\"name\":\"Sicherheitsforum\",\"url\":\"https:\\\/\\\/news.save.ch\\\/de\\\/\",\"logo\":{\"@type\":\"ImageObject\",\"inLanguage\":\"de\",\"@id\":\"https:\\\/\\\/news.save.ch\\\/de\\\/#\\\/schema\\\/logo\\\/image\\\/\",\"url\":\"https:\\\/\\\/news.save.ch\\\/wp-content\\\/uploads\\\/2022\\\/06\\\/Logo_SF_2012.png\",\"contentUrl\":\"https:\\\/\\\/news.save.ch\\\/wp-content\\\/uploads\\\/2022\\\/06\\\/Logo_SF_2012.png\",\"width\":1100,\"height\":91,\"caption\":\"Sicherheitsforum\"},\"image\":{\"@id\":\"https:\\\/\\\/news.save.ch\\\/de\\\/#\\\/schema\\\/logo\\\/image\\\/\"}},{\"@type\":\"Person\",\"@id\":\"https:\\\/\\\/news.save.ch\\\/de\\\/#\\\/schema\\\/person\\\/d49e199490bad7c70d64b9ab51142f2b\",\"name\":\"admin\",\"image\":{\"@type\":\"ImageObject\",\"inLanguage\":\"de\",\"@id\":\"https:\\\/\\\/secure.gravatar.com\\\/avatar\\\/ae2f4d718e6c49043e314ce431e7e645d646302a24a5ef5a8bc8e3f5a032e319?s=96&d=mm&r=g\",\"url\":\"https:\\\/\\\/secure.gravatar.com\\\/avatar\\\/ae2f4d718e6c49043e314ce431e7e645d646302a24a5ef5a8bc8e3f5a032e319?s=96&d=mm&r=g\",\"contentUrl\":\"https:\\\/\\\/secure.gravatar.com\\\/avatar\\\/ae2f4d718e6c49043e314ce431e7e645d646302a24a5ef5a8bc8e3f5a032e319?s=96&d=mm&r=g\",\"caption\":\"admin\"},\"sameAs\":[\"https:\\\/\\\/develop.organisator.galledia.ch\"],\"url\":\"https:\\\/\\\/news.save.ch\\\/de\\\/author\\\/admin\\\/\"}]}<\/script>\n<!-- \/ Yoast SEO plugin. -->","yoast_head_json":{"title":"Stress in Schweizer Betrieben - Save","description":"Management- und F\u00fchrungsprobleme wie auch das pers\u00f6nliche Leid von Mitarbeitern dr\u00fccken auf die Betriebskultur und das Betriebsklima.","robots":{"index":"index","follow":"follow","max-snippet":"max-snippet:-1","max-image-preview":"max-image-preview:large","max-video-preview":"max-video-preview:-1"},"canonical":"https:\/\/news.save.ch\/de\/stress-in-schweizer-betrieben\/","og_locale":"de_DE","og_type":"article","og_title":"Stress in Schweizer Betrieben - Save","og_description":"Management- und F\u00fchrungsprobleme wie auch das pers\u00f6nliche Leid von Mitarbeitern dr\u00fccken auf die Betriebskultur und das Betriebsklima.","og_url":"https:\/\/news.save.ch\/de\/stress-in-schweizer-betrieben\/","og_site_name":"Save","article_published_time":"2018-10-08T08:33:50+00:00","article_modified_time":"2023-08-15T05:26:54+00:00","og_image":[{"width":1200,"height":800,"url":"https:\/\/news.save.ch\/wp-content\/uploads\/2018\/10\/Depositphotos_stokkete-scaled-1.jpg","type":"image\/jpeg"}],"author":"admin","twitter_card":"summary_large_image","twitter_misc":{"Geschrieben von":"admin","Gesch\u00e4tzte Lesezeit":"2\u00a0Minuten"},"schema":{"@context":"https:\/\/schema.org","@graph":[{"@type":"Article","@id":"https:\/\/news.save.ch\/stress-in-schweizer-betrieben\/#article","isPartOf":{"@id":"https:\/\/news.save.ch\/stress-in-schweizer-betrieben\/"},"author":{"name":"admin","@id":"https:\/\/news.save.ch\/de\/#\/schema\/person\/d49e199490bad7c70d64b9ab51142f2b"},"headline":"Stress in Schweizer Betrieben","datePublished":"2018-10-08T08:33:50+00:00","dateModified":"2023-08-15T05:26:54+00:00","mainEntityOfPage":{"@id":"https:\/\/news.save.ch\/stress-in-schweizer-betrieben\/"},"wordCount":187,"publisher":{"@id":"https:\/\/news.save.ch\/de\/#organization"},"image":{"@id":"https:\/\/news.save.ch\/stress-in-schweizer-betrieben\/#primaryimage"},"thumbnailUrl":"https:\/\/news.save.ch\/wp-content\/uploads\/2018\/10\/Depositphotos_stokkete-scaled-1.jpg","keywords":["Arbeitsplatzgestaltung","Arbeitssicherheit","Arbeitszeit","Betriebliches Gesundheitsmanagement","Betriebsklima","Betriebskultur","F\u00fchrungsprobleme","FWS Job-Stress-Analysis","Gesundheitsf\u00f6rderung","Gesundheitsf\u00f6rderung Schweiz","Gesundheitsschutz","Motivation","Pr\u00e4vention","Psychische Gesundheit","Stressgeschehen"],"articleSection":["ALLGEMEIN","HEALTH &amp; SAFETY"],"inLanguage":"de"},{"@type":"WebPage","@id":"https:\/\/news.save.ch\/stress-in-schweizer-betrieben\/","url":"https:\/\/news.save.ch\/stress-in-schweizer-betrieben\/","name":"Stress in Schweizer Betrieben - Save","isPartOf":{"@id":"https:\/\/news.save.ch\/de\/#website"},"primaryImageOfPage":{"@id":"https:\/\/news.save.ch\/stress-in-schweizer-betrieben\/#primaryimage"},"image":{"@id":"https:\/\/news.save.ch\/stress-in-schweizer-betrieben\/#primaryimage"},"thumbnailUrl":"https:\/\/news.save.ch\/wp-content\/uploads\/2018\/10\/Depositphotos_stokkete-scaled-1.jpg","datePublished":"2018-10-08T08:33:50+00:00","dateModified":"2023-08-15T05:26:54+00:00","description":"Management- und F\u00fchrungsprobleme wie auch das pers\u00f6nliche Leid von Mitarbeitern dr\u00fccken auf die Betriebskultur und das Betriebsklima.","breadcrumb":{"@id":"https:\/\/news.save.ch\/stress-in-schweizer-betrieben\/#breadcrumb"},"inLanguage":"de","potentialAction":[{"@type":"ReadAction","target":["https:\/\/news.save.ch\/stress-in-schweizer-betrieben\/"]}]},{"@type":"ImageObject","inLanguage":"de","@id":"https:\/\/news.save.ch\/stress-in-schweizer-betrieben\/#primaryimage","url":"https:\/\/news.save.ch\/wp-content\/uploads\/2018\/10\/Depositphotos_stokkete-scaled-1.jpg","contentUrl":"https:\/\/news.save.ch\/wp-content\/uploads\/2018\/10\/Depositphotos_stokkete-scaled-1.jpg","width":1200,"height":800,"caption":"Management- und F\u00fchrungsprobleme wie auch das pers\u00f6nliche Leid von Mitarbeitern dr\u00fccken auf die Betriebskultur und das Betriebsklima. \u00a9 Depositphotos_stokkete"},{"@type":"BreadcrumbList","@id":"https:\/\/news.save.ch\/stress-in-schweizer-betrieben\/#breadcrumb","itemListElement":[{"@type":"ListItem","position":1,"name":"Home","item":"https:\/\/news.save.ch\/de\/"},{"@type":"ListItem","position":2,"name":"Stress in Schweizer Betrieben"}]},{"@type":"WebSite","@id":"https:\/\/news.save.ch\/de\/#website","url":"https:\/\/news.save.ch\/de\/","name":"Save","description":"Schweizer Fachzeitschrift f\u00fcr Sicherheit","publisher":{"@id":"https:\/\/news.save.ch\/de\/#organization"},"potentialAction":[{"@type":"SearchAction","target":{"@type":"EntryPoint","urlTemplate":"https:\/\/news.save.ch\/de\/?s={search_term_string}"},"query-input":{"@type":"PropertyValueSpecification","valueRequired":true,"valueName":"search_term_string"}}],"inLanguage":"de"},{"@type":"Organization","@id":"https:\/\/news.save.ch\/de\/#organization","name":"Sicherheitsforum","url":"https:\/\/news.save.ch\/de\/","logo":{"@type":"ImageObject","inLanguage":"de","@id":"https:\/\/news.save.ch\/de\/#\/schema\/logo\/image\/","url":"https:\/\/news.save.ch\/wp-content\/uploads\/2022\/06\/Logo_SF_2012.png","contentUrl":"https:\/\/news.save.ch\/wp-content\/uploads\/2022\/06\/Logo_SF_2012.png","width":1100,"height":91,"caption":"Sicherheitsforum"},"image":{"@id":"https:\/\/news.save.ch\/de\/#\/schema\/logo\/image\/"}},{"@type":"Person","@id":"https:\/\/news.save.ch\/de\/#\/schema\/person\/d49e199490bad7c70d64b9ab51142f2b","name":"admin","image":{"@type":"ImageObject","inLanguage":"de","@id":"https:\/\/secure.gravatar.com\/avatar\/ae2f4d718e6c49043e314ce431e7e645d646302a24a5ef5a8bc8e3f5a032e319?s=96&d=mm&r=g","url":"https:\/\/secure.gravatar.com\/avatar\/ae2f4d718e6c49043e314ce431e7e645d646302a24a5ef5a8bc8e3f5a032e319?s=96&d=mm&r=g","contentUrl":"https:\/\/secure.gravatar.com\/avatar\/ae2f4d718e6c49043e314ce431e7e645d646302a24a5ef5a8bc8e3f5a032e319?s=96&d=mm&r=g","caption":"admin"},"sameAs":["https:\/\/develop.organisator.galledia.ch"],"url":"https:\/\/news.save.ch\/de\/author\/admin\/"}]}},"_links":{"self":[{"href":"https:\/\/news.save.ch\/de\/wp-json\/wp\/v2\/posts\/16901","targetHints":{"allow":["GET"]}}],"collection":[{"href":"https:\/\/news.save.ch\/de\/wp-json\/wp\/v2\/posts"}],"about":[{"href":"https:\/\/news.save.ch\/de\/wp-json\/wp\/v2\/types\/post"}],"author":[{"embeddable":true,"href":"https:\/\/news.save.ch\/de\/wp-json\/wp\/v2\/users\/1"}],"replies":[{"embeddable":true,"href":"https:\/\/news.save.ch\/de\/wp-json\/wp\/v2\/comments?post=16901"}],"version-history":[{"count":3,"href":"https:\/\/news.save.ch\/de\/wp-json\/wp\/v2\/posts\/16901\/revisions"}],"predecessor-version":[{"id":21818,"href":"https:\/\/news.save.ch\/de\/wp-json\/wp\/v2\/posts\/16901\/revisions\/21818"}],"wp:featuredmedia":[{"embeddable":true,"href":"https:\/\/news.save.ch\/de\/wp-json\/wp\/v2\/media\/3270"}],"wp:attachment":[{"href":"https:\/\/news.save.ch\/de\/wp-json\/wp\/v2\/media?parent=16901"}],"wp:term":[{"taxonomy":"category","embeddable":true,"href":"https:\/\/news.save.ch\/de\/wp-json\/wp\/v2\/categories?post=16901"},{"taxonomy":"post_tag","embeddable":true,"href":"https:\/\/news.save.ch\/de\/wp-json\/wp\/v2\/tags?post=16901"}],"curies":[{"name":"wp","href":"https:\/\/api.w.org\/{rel}","templated":true}]}}