{"id":16917,"date":"2019-03-15T08:00:27","date_gmt":"2019-03-15T07:00:27","guid":{"rendered":"https:\/\/news.save.ch\/?p=3898"},"modified":"2023-03-14T09:05:33","modified_gmt":"2023-03-14T08:05:33","slug":"wenn-selbst-der-staerkste-kaffee-nichts-mehr-nuetzt-es-koennte-schlafapnoe-sein","status":null,"type":"post","link":"https:\/\/news.save.ch\/de\/wenn-selbst-der-staerkste-kaffee-nichts-mehr-nuetzt-es-koennte-schlafapnoe-sein\/","title":{"rendered":"Wenn selbst der st\u00e4rkste Kaffee nichts mehr n\u00fctzt: Es k\u00f6nnte Schlafapnoe sein"},"content":{"rendered":"<figure id=\"attachment_3899\" aria-describedby=\"caption-attachment-3899\" style=\"width: 680px\" class=\"wp-caption alignnone\"><img loading=\"lazy\" decoding=\"async\" class=\"size-medium wp-image-3899\" src=\"http:\/\/develop.safety-plus.ch\/wp-content\/uploads\/2019\/03\/Depositphotos_evgenyataman.jpg\" alt=\"\" width=\"680\" height=\"446\" \/><figcaption id=\"caption-attachment-3899\" class=\"wp-caption-text\">Die Betroffenen sind st\u00e4ndig m\u00fcde und versp\u00fcren oft den Drang sich hinzulegen.<br \/>\u00a9 Depositphotos\/evgenyataman<\/figcaption><\/figure>\n<p>\u00abIch war oft so m\u00fcde, dass ich morgens am liebsten gleich wieder ins Bett gefallen w\u00e4re und tags\u00fcber immer wieder kurz eingenickt bin\u00bb, erz\u00e4hlt Roland Hasselmann (60). Der Lehrer aus dem Berner Oberland litt schon lange an \u00fcberm\u00e4ssiger Tagesm\u00fcdigkeit und starkem Schnarchen in der Nacht: \u00abDie Untersuchung durch den Lungenfacharzt ergab, dass meine Atmung w\u00e4hrend des Schlafs mehrfach pro Stunde aussetzt. Ich erhielt die Diagnose <a href=\"https:\/\/news.save.ch\/schlafapnoe-kampagne-will-unfaelle-verhindern\/\" target=\"_blank\" rel=\"noopener\">Schlafapnoe<\/a>.\u00bb<\/p>\n<p><strong>M\u00fcdigkeit durch Atemaussetzer <\/strong><\/p>\n<p>Die kurzen oder langen n\u00e4chtlichen Atemaussetzer, die einen erholsamen <a href=\"https:\/\/news.save.ch\/lebensgefaehrlicher-schlafmangel\/\" target=\"_blank\" rel=\"noopener\">Schlaf<\/a> verunm\u00f6glichen nehmen Betroffene oft nicht wahr. Deren Folgen sind hingegen im Alltag gut sp\u00fcrbar: Die Betroffenen sind st\u00e4ndig m\u00fcde und versp\u00fcren oft den Drang sich hinzulegen. Ersch\u00f6pfung, Konzentrationsst\u00f6rungen und verminderte Leistungsf\u00e4higkeit sind weitere Symptome. Zudem steigt ohne Therapie das Langzeit-Risiko f\u00fcr Bluthochdruck, einen Herzinfarkt, Diabetes sowie Unf\u00e4lle am Arbeitsplatz oder im Strassenverkehr durch Sekundenschlaf.<\/p>\n<p><strong>Online-Test gibt erste Hinweise <\/strong><\/p>\n<p>In einer 2017 ver\u00f6ffentlichten Studie, die auf der Datenauswertung des Online-Risikotests der Lungenliga basiert, gaben 6\u2019634 Test-Teilnehmende an, aufgrund ihrer Schl\u00e4frigkeit in einen Unfall verwickelt gewesen zu sein. \u00abDer Online-Risikotest ist ein einfacher Fragebogen und eine wirkungsvolle Massnahme zur Fr\u00fcherkennung einer Schlafapnoe. Wird Schlafapnoe fr\u00fchzeitig erkannt und richtig behandelt, k\u00f6nnen Schlafapnoe-Betroffene einen gesunden Schlaf und ihre Lebensqualit\u00e4t zur\u00fcckgewinnen\u00bb, betont Philippe Giroud, Bereichsleiter Integrierte Beratung der <a href=\"https:\/\/news.save.ch\/rauchfreie-lehre\/\" target=\"_blank\" rel=\"noopener\">Lungenliga Schweiz<\/a>.<\/p>\n<p>Anl\u00e4sslich des Welttags des Schlafes vom 15. M\u00e4rz macht die Lungenliga w\u00e4hrend eines Monats auf Schlafapnoe aufmerksam. Mit dem kostenlosen Online-Test der Lungenliga kann ein Schlafapnoe-Risiko in f\u00fcnf Minuten gepr\u00fcft werden. Die Testauswertung zeigt an, ob eine \u00e4rztliche Abkl\u00e4rung empfohlen ist.<\/p>\n<p><strong>Weitere Infos<\/strong><\/p>\n<p><a href=\"https:\/\/www.lungenliga.ch\/de\/specials\/mehr-luft-fuers-leben.html\" target=\"_blank\" rel=\"noopener\"><strong>www.lungenliga.ch<\/strong><\/a><\/p>\n","protected":false},"excerpt":{"rendered":"<p>\u00abIch war oft so m\u00fcde, dass ich morgens am liebsten gleich wieder ins Bett gefallen w\u00e4re und tags\u00fcber immer wieder kurz eingenickt bin\u00bb, erz\u00e4hlt Roland Hasselmann (60). Der Lehrer aus dem Berner Oberland litt schon lange an \u00fcberm\u00e4ssiger Tagesm\u00fcdigkeit und starkem Schnarchen in der Nacht: \u00abDie Untersuchung durch den Lungenfacharzt ergab, dass meine Atmung w\u00e4hrend [&hellip;]<\/p>\n","protected":false},"author":1,"featured_media":3899,"comment_status":"open","ping_status":"open","sticky":false,"template":"","format":"standard","meta":{"_acf_changed":false,"pgc_sgb_lightbox_settings":"","footnotes":""},"categories":[1,3314],"tags":[1689,1775,2165,149,2488,2492,2570,141,2729,2839,3243],"class_list":["post-16917","post","type-post","status-publish","format-standard","has-post-thumbnail","hentry","category-allgemein","category-health-safety","tag-atemaussetzer","tag-betriebliches-gesundheitsmanagement","tag-gesundheitsfoerderung","tag-gesundheitsschutz","tag-lungenfacharzt","tag-lungenliga","tag-muedigkeit","tag-praevention","tag-psychische-gesundheit","tag-schlafapnoe","tag-welttag-des-schlafes"],"acf":[],"hkrextid":null,"publication":null,"issue":null,"workflow":null,"startPage":null,"spitzmarke":null,"_posts_by_tag_page_fields":{"widget_title":"","widget_tags":""},"_at_widget":"1","_yoast_wpseo_primary_category":"1","_yoast_wpseo_focuskw_text_input":"Schlafapnoe","_yoast_wpseo_opengraph-image":null,"_yoast_wpseo_opengraph-description":null,"_yoast_wpseo_opengraph-title":null,"enclosure":null,"_yoast_wpseo_twitter-title":null,"_yoast_wpseo_twitter-description":null,"_yoast_wpseo_twitter-image":null,"_wp_old_slug":null,"_yoast_wpseo_title":null,"_yoast_wpseo_canonical":null,"yoast_head":"<!-- This site is optimized with the Yoast SEO plugin v27.4 - https:\/\/yoast.com\/product\/yoast-seo-wordpress\/ -->\n<title>Wenn selbst der st\u00e4rkste Kaffee nichts mehr n\u00fctzt: Es k\u00f6nnte Schlafapnoe sein - Save<\/title>\n<meta name=\"description\" content=\"Atemaussetzer im Schlaf f\u00fchrten bei Roland Hasselmann dazu, dass er sich tags\u00fcber kaum wachhalten konnte.\" \/>\n<meta name=\"robots\" content=\"index, follow, max-snippet:-1, max-image-preview:large, max-video-preview:-1\" \/>\n<link rel=\"canonical\" href=\"https:\/\/news.save.ch\/de\/wenn-selbst-der-staerkste-kaffee-nichts-mehr-nuetzt-es-koennte-schlafapnoe-sein\/\" \/>\n<meta property=\"og:locale\" content=\"de_DE\" \/>\n<meta property=\"og:type\" content=\"article\" \/>\n<meta property=\"og:title\" content=\"Wenn selbst der st\u00e4rkste Kaffee nichts mehr n\u00fctzt: Es k\u00f6nnte Schlafapnoe sein - Save\" \/>\n<meta property=\"og:description\" content=\"Atemaussetzer im Schlaf f\u00fchrten bei Roland Hasselmann dazu, dass er sich tags\u00fcber kaum wachhalten konnte.\" \/>\n<meta property=\"og:url\" content=\"https:\/\/news.save.ch\/de\/wenn-selbst-der-staerkste-kaffee-nichts-mehr-nuetzt-es-koennte-schlafapnoe-sein\/\" \/>\n<meta property=\"og:site_name\" content=\"Save\" \/>\n<meta property=\"article:published_time\" content=\"2019-03-15T07:00:27+00:00\" \/>\n<meta property=\"article:modified_time\" content=\"2023-03-14T08:05:33+00:00\" \/>\n<meta property=\"og:image\" content=\"https:\/\/news.save.ch\/wp-content\/uploads\/2019\/03\/Depositphotos_evgenyataman-scaled-1.jpg\" \/>\n\t<meta property=\"og:image:width\" content=\"1200\" \/>\n\t<meta property=\"og:image:height\" content=\"787\" \/>\n\t<meta property=\"og:image:type\" content=\"image\/jpeg\" \/>\n<meta name=\"author\" content=\"admin\" \/>\n<meta name=\"twitter:card\" content=\"summary_large_image\" \/>\n<meta name=\"twitter:label1\" content=\"Geschrieben von\" \/>\n\t<meta name=\"twitter:data1\" content=\"admin\" \/>\n\t<meta name=\"twitter:label2\" content=\"Gesch\u00e4tzte Lesezeit\" \/>\n\t<meta name=\"twitter:data2\" content=\"2\u00a0Minuten\" \/>\n<script type=\"application\/ld+json\" class=\"yoast-schema-graph\">{\"@context\":\"https:\\\/\\\/schema.org\",\"@graph\":[{\"@type\":\"Article\",\"@id\":\"https:\\\/\\\/news.save.ch\\\/wenn-selbst-der-staerkste-kaffee-nichts-mehr-nuetzt-es-koennte-schlafapnoe-sein\\\/#article\",\"isPartOf\":{\"@id\":\"https:\\\/\\\/news.save.ch\\\/wenn-selbst-der-staerkste-kaffee-nichts-mehr-nuetzt-es-koennte-schlafapnoe-sein\\\/\"},\"author\":{\"name\":\"admin\",\"@id\":\"https:\\\/\\\/news.save.ch\\\/de\\\/#\\\/schema\\\/person\\\/d49e199490bad7c70d64b9ab51142f2b\"},\"headline\":\"Wenn selbst der st\u00e4rkste Kaffee nichts mehr n\u00fctzt: Es k\u00f6nnte Schlafapnoe sein\",\"datePublished\":\"2019-03-15T07:00:27+00:00\",\"dateModified\":\"2023-03-14T08:05:33+00:00\",\"mainEntityOfPage\":{\"@id\":\"https:\\\/\\\/news.save.ch\\\/wenn-selbst-der-staerkste-kaffee-nichts-mehr-nuetzt-es-koennte-schlafapnoe-sein\\\/\"},\"wordCount\":317,\"commentCount\":0,\"publisher\":{\"@id\":\"https:\\\/\\\/news.save.ch\\\/de\\\/#organization\"},\"image\":{\"@id\":\"https:\\\/\\\/news.save.ch\\\/wenn-selbst-der-staerkste-kaffee-nichts-mehr-nuetzt-es-koennte-schlafapnoe-sein\\\/#primaryimage\"},\"thumbnailUrl\":\"https:\\\/\\\/news.save.ch\\\/wp-content\\\/uploads\\\/2019\\\/03\\\/Depositphotos_evgenyataman-scaled-1.jpg\",\"keywords\":[\"Atemaussetzer\",\"Betriebliches Gesundheitsmanagement\",\"Gesundheitsf\u00f6rderung\",\"Gesundheitsschutz\",\"Lungenfacharzt\",\"Lungenliga\",\"M\u00fcdigkeit\",\"Pr\u00e4vention\",\"Psychische Gesundheit\",\"Schlafapnoe\",\"Welttag des Schlafes\"],\"articleSection\":[\"ALLGEMEIN\",\"HEALTH &amp; SAFETY\"],\"inLanguage\":\"de\"},{\"@type\":\"WebPage\",\"@id\":\"https:\\\/\\\/news.save.ch\\\/wenn-selbst-der-staerkste-kaffee-nichts-mehr-nuetzt-es-koennte-schlafapnoe-sein\\\/\",\"url\":\"https:\\\/\\\/news.save.ch\\\/wenn-selbst-der-staerkste-kaffee-nichts-mehr-nuetzt-es-koennte-schlafapnoe-sein\\\/\",\"name\":\"Wenn selbst der st\u00e4rkste Kaffee nichts mehr n\u00fctzt: Es k\u00f6nnte Schlafapnoe sein - Save\",\"isPartOf\":{\"@id\":\"https:\\\/\\\/news.save.ch\\\/de\\\/#website\"},\"primaryImageOfPage\":{\"@id\":\"https:\\\/\\\/news.save.ch\\\/wenn-selbst-der-staerkste-kaffee-nichts-mehr-nuetzt-es-koennte-schlafapnoe-sein\\\/#primaryimage\"},\"image\":{\"@id\":\"https:\\\/\\\/news.save.ch\\\/wenn-selbst-der-staerkste-kaffee-nichts-mehr-nuetzt-es-koennte-schlafapnoe-sein\\\/#primaryimage\"},\"thumbnailUrl\":\"https:\\\/\\\/news.save.ch\\\/wp-content\\\/uploads\\\/2019\\\/03\\\/Depositphotos_evgenyataman-scaled-1.jpg\",\"datePublished\":\"2019-03-15T07:00:27+00:00\",\"dateModified\":\"2023-03-14T08:05:33+00:00\",\"description\":\"Atemaussetzer im Schlaf f\u00fchrten bei Roland Hasselmann dazu, dass er sich tags\u00fcber kaum wachhalten konnte.\",\"breadcrumb\":{\"@id\":\"https:\\\/\\\/news.save.ch\\\/wenn-selbst-der-staerkste-kaffee-nichts-mehr-nuetzt-es-koennte-schlafapnoe-sein\\\/#breadcrumb\"},\"inLanguage\":\"de\",\"potentialAction\":[{\"@type\":\"ReadAction\",\"target\":[\"https:\\\/\\\/news.save.ch\\\/wenn-selbst-der-staerkste-kaffee-nichts-mehr-nuetzt-es-koennte-schlafapnoe-sein\\\/\"]}]},{\"@type\":\"ImageObject\",\"inLanguage\":\"de\",\"@id\":\"https:\\\/\\\/news.save.ch\\\/wenn-selbst-der-staerkste-kaffee-nichts-mehr-nuetzt-es-koennte-schlafapnoe-sein\\\/#primaryimage\",\"url\":\"https:\\\/\\\/news.save.ch\\\/wp-content\\\/uploads\\\/2019\\\/03\\\/Depositphotos_evgenyataman-scaled-1.jpg\",\"contentUrl\":\"https:\\\/\\\/news.save.ch\\\/wp-content\\\/uploads\\\/2019\\\/03\\\/Depositphotos_evgenyataman-scaled-1.jpg\",\"width\":1200,\"height\":787,\"caption\":\"Die Betroffenen sind st\u00e4ndig m\u00fcde und versp\u00fcren oft den Drang sich hinzulegen. \u00a9 Depositphotos\\\/evgenyataman\"},{\"@type\":\"BreadcrumbList\",\"@id\":\"https:\\\/\\\/news.save.ch\\\/wenn-selbst-der-staerkste-kaffee-nichts-mehr-nuetzt-es-koennte-schlafapnoe-sein\\\/#breadcrumb\",\"itemListElement\":[{\"@type\":\"ListItem\",\"position\":1,\"name\":\"Home\",\"item\":\"https:\\\/\\\/news.save.ch\\\/de\\\/\"},{\"@type\":\"ListItem\",\"position\":2,\"name\":\"Wenn selbst der st\u00e4rkste Kaffee nichts mehr n\u00fctzt: Es k\u00f6nnte Schlafapnoe sein\"}]},{\"@type\":\"WebSite\",\"@id\":\"https:\\\/\\\/news.save.ch\\\/de\\\/#website\",\"url\":\"https:\\\/\\\/news.save.ch\\\/de\\\/\",\"name\":\"Save\",\"description\":\"Schweizer Fachzeitschrift f\u00fcr Sicherheit\",\"publisher\":{\"@id\":\"https:\\\/\\\/news.save.ch\\\/de\\\/#organization\"},\"potentialAction\":[{\"@type\":\"SearchAction\",\"target\":{\"@type\":\"EntryPoint\",\"urlTemplate\":\"https:\\\/\\\/news.save.ch\\\/de\\\/?s={search_term_string}\"},\"query-input\":{\"@type\":\"PropertyValueSpecification\",\"valueRequired\":true,\"valueName\":\"search_term_string\"}}],\"inLanguage\":\"de\"},{\"@type\":\"Organization\",\"@id\":\"https:\\\/\\\/news.save.ch\\\/de\\\/#organization\",\"name\":\"Sicherheitsforum\",\"url\":\"https:\\\/\\\/news.save.ch\\\/de\\\/\",\"logo\":{\"@type\":\"ImageObject\",\"inLanguage\":\"de\",\"@id\":\"https:\\\/\\\/news.save.ch\\\/de\\\/#\\\/schema\\\/logo\\\/image\\\/\",\"url\":\"https:\\\/\\\/news.save.ch\\\/wp-content\\\/uploads\\\/2022\\\/06\\\/Logo_SF_2012.png\",\"contentUrl\":\"https:\\\/\\\/news.save.ch\\\/wp-content\\\/uploads\\\/2022\\\/06\\\/Logo_SF_2012.png\",\"width\":1100,\"height\":91,\"caption\":\"Sicherheitsforum\"},\"image\":{\"@id\":\"https:\\\/\\\/news.save.ch\\\/de\\\/#\\\/schema\\\/logo\\\/image\\\/\"}},{\"@type\":\"Person\",\"@id\":\"https:\\\/\\\/news.save.ch\\\/de\\\/#\\\/schema\\\/person\\\/d49e199490bad7c70d64b9ab51142f2b\",\"name\":\"admin\",\"image\":{\"@type\":\"ImageObject\",\"inLanguage\":\"de\",\"@id\":\"https:\\\/\\\/secure.gravatar.com\\\/avatar\\\/ae2f4d718e6c49043e314ce431e7e645d646302a24a5ef5a8bc8e3f5a032e319?s=96&d=mm&r=g\",\"url\":\"https:\\\/\\\/secure.gravatar.com\\\/avatar\\\/ae2f4d718e6c49043e314ce431e7e645d646302a24a5ef5a8bc8e3f5a032e319?s=96&d=mm&r=g\",\"contentUrl\":\"https:\\\/\\\/secure.gravatar.com\\\/avatar\\\/ae2f4d718e6c49043e314ce431e7e645d646302a24a5ef5a8bc8e3f5a032e319?s=96&d=mm&r=g\",\"caption\":\"admin\"},\"sameAs\":[\"https:\\\/\\\/develop.organisator.galledia.ch\"],\"url\":\"https:\\\/\\\/news.save.ch\\\/de\\\/author\\\/admin\\\/\"}]}<\/script>\n<!-- \/ Yoast SEO plugin. -->","yoast_head_json":{"title":"Wenn selbst der st\u00e4rkste Kaffee nichts mehr n\u00fctzt: Es k\u00f6nnte Schlafapnoe sein - Save","description":"Atemaussetzer im Schlaf f\u00fchrten bei Roland Hasselmann dazu, dass er sich tags\u00fcber kaum wachhalten konnte.","robots":{"index":"index","follow":"follow","max-snippet":"max-snippet:-1","max-image-preview":"max-image-preview:large","max-video-preview":"max-video-preview:-1"},"canonical":"https:\/\/news.save.ch\/de\/wenn-selbst-der-staerkste-kaffee-nichts-mehr-nuetzt-es-koennte-schlafapnoe-sein\/","og_locale":"de_DE","og_type":"article","og_title":"Wenn selbst der st\u00e4rkste Kaffee nichts mehr n\u00fctzt: Es k\u00f6nnte Schlafapnoe sein - Save","og_description":"Atemaussetzer im Schlaf f\u00fchrten bei Roland Hasselmann dazu, dass er sich tags\u00fcber kaum wachhalten konnte.","og_url":"https:\/\/news.save.ch\/de\/wenn-selbst-der-staerkste-kaffee-nichts-mehr-nuetzt-es-koennte-schlafapnoe-sein\/","og_site_name":"Save","article_published_time":"2019-03-15T07:00:27+00:00","article_modified_time":"2023-03-14T08:05:33+00:00","og_image":[{"width":1200,"height":787,"url":"https:\/\/news.save.ch\/wp-content\/uploads\/2019\/03\/Depositphotos_evgenyataman-scaled-1.jpg","type":"image\/jpeg"}],"author":"admin","twitter_card":"summary_large_image","twitter_misc":{"Geschrieben von":"admin","Gesch\u00e4tzte Lesezeit":"2\u00a0Minuten"},"schema":{"@context":"https:\/\/schema.org","@graph":[{"@type":"Article","@id":"https:\/\/news.save.ch\/wenn-selbst-der-staerkste-kaffee-nichts-mehr-nuetzt-es-koennte-schlafapnoe-sein\/#article","isPartOf":{"@id":"https:\/\/news.save.ch\/wenn-selbst-der-staerkste-kaffee-nichts-mehr-nuetzt-es-koennte-schlafapnoe-sein\/"},"author":{"name":"admin","@id":"https:\/\/news.save.ch\/de\/#\/schema\/person\/d49e199490bad7c70d64b9ab51142f2b"},"headline":"Wenn selbst der st\u00e4rkste Kaffee nichts mehr n\u00fctzt: Es k\u00f6nnte Schlafapnoe sein","datePublished":"2019-03-15T07:00:27+00:00","dateModified":"2023-03-14T08:05:33+00:00","mainEntityOfPage":{"@id":"https:\/\/news.save.ch\/wenn-selbst-der-staerkste-kaffee-nichts-mehr-nuetzt-es-koennte-schlafapnoe-sein\/"},"wordCount":317,"commentCount":0,"publisher":{"@id":"https:\/\/news.save.ch\/de\/#organization"},"image":{"@id":"https:\/\/news.save.ch\/wenn-selbst-der-staerkste-kaffee-nichts-mehr-nuetzt-es-koennte-schlafapnoe-sein\/#primaryimage"},"thumbnailUrl":"https:\/\/news.save.ch\/wp-content\/uploads\/2019\/03\/Depositphotos_evgenyataman-scaled-1.jpg","keywords":["Atemaussetzer","Betriebliches Gesundheitsmanagement","Gesundheitsf\u00f6rderung","Gesundheitsschutz","Lungenfacharzt","Lungenliga","M\u00fcdigkeit","Pr\u00e4vention","Psychische Gesundheit","Schlafapnoe","Welttag des Schlafes"],"articleSection":["ALLGEMEIN","HEALTH &amp; SAFETY"],"inLanguage":"de"},{"@type":"WebPage","@id":"https:\/\/news.save.ch\/wenn-selbst-der-staerkste-kaffee-nichts-mehr-nuetzt-es-koennte-schlafapnoe-sein\/","url":"https:\/\/news.save.ch\/wenn-selbst-der-staerkste-kaffee-nichts-mehr-nuetzt-es-koennte-schlafapnoe-sein\/","name":"Wenn selbst der st\u00e4rkste Kaffee nichts mehr n\u00fctzt: Es k\u00f6nnte Schlafapnoe sein - Save","isPartOf":{"@id":"https:\/\/news.save.ch\/de\/#website"},"primaryImageOfPage":{"@id":"https:\/\/news.save.ch\/wenn-selbst-der-staerkste-kaffee-nichts-mehr-nuetzt-es-koennte-schlafapnoe-sein\/#primaryimage"},"image":{"@id":"https:\/\/news.save.ch\/wenn-selbst-der-staerkste-kaffee-nichts-mehr-nuetzt-es-koennte-schlafapnoe-sein\/#primaryimage"},"thumbnailUrl":"https:\/\/news.save.ch\/wp-content\/uploads\/2019\/03\/Depositphotos_evgenyataman-scaled-1.jpg","datePublished":"2019-03-15T07:00:27+00:00","dateModified":"2023-03-14T08:05:33+00:00","description":"Atemaussetzer im Schlaf f\u00fchrten bei Roland Hasselmann dazu, dass er sich tags\u00fcber kaum wachhalten konnte.","breadcrumb":{"@id":"https:\/\/news.save.ch\/wenn-selbst-der-staerkste-kaffee-nichts-mehr-nuetzt-es-koennte-schlafapnoe-sein\/#breadcrumb"},"inLanguage":"de","potentialAction":[{"@type":"ReadAction","target":["https:\/\/news.save.ch\/wenn-selbst-der-staerkste-kaffee-nichts-mehr-nuetzt-es-koennte-schlafapnoe-sein\/"]}]},{"@type":"ImageObject","inLanguage":"de","@id":"https:\/\/news.save.ch\/wenn-selbst-der-staerkste-kaffee-nichts-mehr-nuetzt-es-koennte-schlafapnoe-sein\/#primaryimage","url":"https:\/\/news.save.ch\/wp-content\/uploads\/2019\/03\/Depositphotos_evgenyataman-scaled-1.jpg","contentUrl":"https:\/\/news.save.ch\/wp-content\/uploads\/2019\/03\/Depositphotos_evgenyataman-scaled-1.jpg","width":1200,"height":787,"caption":"Die Betroffenen sind st\u00e4ndig m\u00fcde und versp\u00fcren oft den Drang sich hinzulegen. \u00a9 Depositphotos\/evgenyataman"},{"@type":"BreadcrumbList","@id":"https:\/\/news.save.ch\/wenn-selbst-der-staerkste-kaffee-nichts-mehr-nuetzt-es-koennte-schlafapnoe-sein\/#breadcrumb","itemListElement":[{"@type":"ListItem","position":1,"name":"Home","item":"https:\/\/news.save.ch\/de\/"},{"@type":"ListItem","position":2,"name":"Wenn selbst der st\u00e4rkste Kaffee nichts mehr n\u00fctzt: Es k\u00f6nnte Schlafapnoe sein"}]},{"@type":"WebSite","@id":"https:\/\/news.save.ch\/de\/#website","url":"https:\/\/news.save.ch\/de\/","name":"Save","description":"Schweizer Fachzeitschrift f\u00fcr Sicherheit","publisher":{"@id":"https:\/\/news.save.ch\/de\/#organization"},"potentialAction":[{"@type":"SearchAction","target":{"@type":"EntryPoint","urlTemplate":"https:\/\/news.save.ch\/de\/?s={search_term_string}"},"query-input":{"@type":"PropertyValueSpecification","valueRequired":true,"valueName":"search_term_string"}}],"inLanguage":"de"},{"@type":"Organization","@id":"https:\/\/news.save.ch\/de\/#organization","name":"Sicherheitsforum","url":"https:\/\/news.save.ch\/de\/","logo":{"@type":"ImageObject","inLanguage":"de","@id":"https:\/\/news.save.ch\/de\/#\/schema\/logo\/image\/","url":"https:\/\/news.save.ch\/wp-content\/uploads\/2022\/06\/Logo_SF_2012.png","contentUrl":"https:\/\/news.save.ch\/wp-content\/uploads\/2022\/06\/Logo_SF_2012.png","width":1100,"height":91,"caption":"Sicherheitsforum"},"image":{"@id":"https:\/\/news.save.ch\/de\/#\/schema\/logo\/image\/"}},{"@type":"Person","@id":"https:\/\/news.save.ch\/de\/#\/schema\/person\/d49e199490bad7c70d64b9ab51142f2b","name":"admin","image":{"@type":"ImageObject","inLanguage":"de","@id":"https:\/\/secure.gravatar.com\/avatar\/ae2f4d718e6c49043e314ce431e7e645d646302a24a5ef5a8bc8e3f5a032e319?s=96&d=mm&r=g","url":"https:\/\/secure.gravatar.com\/avatar\/ae2f4d718e6c49043e314ce431e7e645d646302a24a5ef5a8bc8e3f5a032e319?s=96&d=mm&r=g","contentUrl":"https:\/\/secure.gravatar.com\/avatar\/ae2f4d718e6c49043e314ce431e7e645d646302a24a5ef5a8bc8e3f5a032e319?s=96&d=mm&r=g","caption":"admin"},"sameAs":["https:\/\/develop.organisator.galledia.ch"],"url":"https:\/\/news.save.ch\/de\/author\/admin\/"}]}},"_links":{"self":[{"href":"https:\/\/news.save.ch\/de\/wp-json\/wp\/v2\/posts\/16917","targetHints":{"allow":["GET"]}}],"collection":[{"href":"https:\/\/news.save.ch\/de\/wp-json\/wp\/v2\/posts"}],"about":[{"href":"https:\/\/news.save.ch\/de\/wp-json\/wp\/v2\/types\/post"}],"author":[{"embeddable":true,"href":"https:\/\/news.save.ch\/de\/wp-json\/wp\/v2\/users\/1"}],"replies":[{"embeddable":true,"href":"https:\/\/news.save.ch\/de\/wp-json\/wp\/v2\/comments?post=16917"}],"version-history":[{"count":1,"href":"https:\/\/news.save.ch\/de\/wp-json\/wp\/v2\/posts\/16917\/revisions"}],"predecessor-version":[{"id":18267,"href":"https:\/\/news.save.ch\/de\/wp-json\/wp\/v2\/posts\/16917\/revisions\/18267"}],"wp:featuredmedia":[{"embeddable":true,"href":"https:\/\/news.save.ch\/de\/wp-json\/wp\/v2\/media\/3899"}],"wp:attachment":[{"href":"https:\/\/news.save.ch\/de\/wp-json\/wp\/v2\/media?parent=16917"}],"wp:term":[{"taxonomy":"category","embeddable":true,"href":"https:\/\/news.save.ch\/de\/wp-json\/wp\/v2\/categories?post=16917"},{"taxonomy":"post_tag","embeddable":true,"href":"https:\/\/news.save.ch\/de\/wp-json\/wp\/v2\/tags?post=16917"}],"curies":[{"name":"wp","href":"https:\/\/api.w.org\/{rel}","templated":true}]}}