{"id":16946,"date":"2020-03-31T21:37:02","date_gmt":"2020-03-31T19:37:02","guid":{"rendered":"https:\/\/news.save.ch\/?p=5522"},"modified":"2023-03-14T09:03:49","modified_gmt":"2023-03-14T08:03:49","slug":"suva-neue-abteilungsleiterin-arbeitsmedizin","status":null,"type":"post","link":"https:\/\/news.save.ch\/de\/suva-neue-abteilungsleiterin-arbeitsmedizin\/","title":{"rendered":"Suva: neue Abteilungsleiterin Arbeitsmedizin"},"content":{"rendered":"<figure id=\"attachment_5523\" aria-describedby=\"caption-attachment-5523\" style=\"width: 680px\" class=\"wp-caption alignnone\"><img loading=\"lazy\" decoding=\"async\" class=\"size-medium wp-image-5523\" src=\"http:\/\/develop.safety-plus.ch\/wp-content\/uploads\/2020\/03\/04-FT-Anja_Zyska_Cherix.jpg\" alt=\"\" width=\"680\" height=\"453\" \/><figcaption id=\"caption-attachment-5523\" class=\"wp-caption-text\">Anja Zyska arbeitet seit 2018 als Arbeitsmedizinerin in der Suva. Parallel war sie t\u00e4tig als selbst\u00e4ndige Arbeitsmedizinerin und betreute mehrere Altersheime sowie die Arbeitssicherheitskommission IKAS.<br \/>\u00a9 SUVA<\/figcaption><\/figure>\n<p>Anja Zyska arbeitet seit 2018 als Arbeitsmedizinerin in der Suva. Parallel war sie t\u00e4tig als selbst\u00e4ndige Arbeitsmedizinerin und betreute mehrere Altersheime sowie die Arbeitssicherheitskommission IKAS der Arodems in arbeitsmedizinischen Fragen. Sie ist seit 2016 Pr\u00e4sidentin des Verbands Schweizerischer Assistenz- und Ober\u00e4rztinnen und -\u00e4rzte und seit 2015 Mitglied der Delegiertenversammlung der FMH, der \u00c4rztekammer und verschiedener Gremien. Sie ist Mutter von vier Kindern und lebt in Lausanne.<\/p>\n<p>Nach dem Medizinstudium in Deutschland und Lausanne startete sie ihre Laufbahn vor 18 Jahren am Lausanner Universit\u00e4tsspital CHUV und arbeitete als Assistenz\u00e4rztin im Rahmen ihrer allgemein-internistischen und arbeitsmedizinischen Weiterbildung in verschiedenen Kliniken. Anja Zyska promovierte 2014 an der Universit\u00e4t Lausanne, erlangte im Jahr 2015 ihren Facharzttitel f\u00fcr Innere Medizin und 2016 einen zus\u00e4tzlichen Facharzttitel in Arbeitsmedizin.<\/p>\n<p>\u00abMit Anja Zyska gewinnen wir eine angesehene Fachfrau mit langj\u00e4hriger Erfahrung in der Arbeitsmedizin und Verbandsarbeit\u00bb, sagt <a href=\"https:\/\/news.save.ch\/eine-neue-leiterin-in-die-geschaeftsleitung-der-suva\/\" target=\"_blank\" rel=\"noopener\">Edith M\u00fcller Loretz<\/a>, Mitglied der Gesch\u00e4ftsleitung.<\/p>\n<p>Die 48-J\u00e4hrige folgt auf Claudia Pletscher, die nach rund 20 Jahren in der Suva fr\u00fchzeitig in Pension geht. Anja Zyska wird die neue Funktion offiziell per 1. Juni 2020 antreten.<\/p>\n<p>Text: <a href=\"http:\/\/www.suva.ch\" target=\"_blank\" rel=\"noopener\">Suva<\/a><\/p>\n","protected":false},"excerpt":{"rendered":"<p>Anja Zyska arbeitet seit 2018 als Arbeitsmedizinerin in der Suva. Parallel war sie t\u00e4tig als selbst\u00e4ndige Arbeitsmedizinerin und betreute mehrere Altersheime sowie die Arbeitssicherheitskommission IKAS der Arodems in arbeitsmedizinischen Fragen. Sie ist seit 2016 Pr\u00e4sidentin des Verbands Schweizerischer Assistenz- und Ober\u00e4rztinnen und -\u00e4rzte und seit 2015 Mitglied der Delegiertenversammlung der FMH, der \u00c4rztekammer und verschiedener [&hellip;]<\/p>\n","protected":false},"author":1,"featured_media":5523,"comment_status":"closed","ping_status":"closed","sticky":false,"template":"","format":"standard","meta":{"_acf_changed":false,"pgc_sgb_lightbox_settings":"","footnotes":""},"categories":[1,3314],"tags":[1635,2285,2438,167,3146,3174],"class_list":["post-16946","post","type-post","status-publish","format-standard","has-post-thumbnail","hentry","category-allgemein","category-health-safety","tag-anja-zyska","tag-ikas","tag-lausanner-universitaetsspital-chuv","tag-suva","tag-universitaet-lausanne","tag-verband-schweizerischer-assistenz-und-oberaerztinnen-und-aerzte"],"acf":[],"hkrextid":null,"publication":null,"issue":null,"workflow":null,"startPage":null,"spitzmarke":null,"_posts_by_tag_page_fields":{"widget_title":"","widget_tags":""},"_at_widget":"1","_yoast_wpseo_primary_category":"2","_yoast_wpseo_focuskw_text_input":"Suva","_yoast_wpseo_opengraph-image":null,"_yoast_wpseo_opengraph-description":null,"_yoast_wpseo_opengraph-title":null,"enclosure":null,"_yoast_wpseo_twitter-title":null,"_yoast_wpseo_twitter-description":null,"_yoast_wpseo_twitter-image":null,"_wp_old_slug":null,"_yoast_wpseo_title":null,"_yoast_wpseo_canonical":null,"yoast_head":"<!-- This site is optimized with the Yoast SEO plugin v27.4 - https:\/\/yoast.com\/product\/yoast-seo-wordpress\/ -->\n<title>Suva: neue Abteilungsleiterin Arbeitsmedizin - Save<\/title>\n<meta name=\"description\" content=\"Dr. Anja Zyska Cherix wurde zur neuen Abteilungsleiterin Arbeitsmedizin bei der Suva gew\u00e4hlt.\" \/>\n<meta name=\"robots\" content=\"index, follow, max-snippet:-1, max-image-preview:large, max-video-preview:-1\" \/>\n<link rel=\"canonical\" href=\"https:\/\/news.save.ch\/de\/suva-neue-abteilungsleiterin-arbeitsmedizin\/\" \/>\n<meta property=\"og:locale\" content=\"de_DE\" \/>\n<meta property=\"og:type\" content=\"article\" \/>\n<meta property=\"og:title\" content=\"Suva: neue Abteilungsleiterin Arbeitsmedizin - Save\" \/>\n<meta property=\"og:description\" content=\"Dr. Anja Zyska Cherix wurde zur neuen Abteilungsleiterin Arbeitsmedizin bei der Suva gew\u00e4hlt.\" \/>\n<meta property=\"og:url\" content=\"https:\/\/news.save.ch\/de\/suva-neue-abteilungsleiterin-arbeitsmedizin\/\" \/>\n<meta property=\"og:site_name\" content=\"Save\" \/>\n<meta property=\"article:published_time\" content=\"2020-03-31T19:37:02+00:00\" \/>\n<meta property=\"article:modified_time\" content=\"2023-03-14T08:03:49+00:00\" \/>\n<meta property=\"og:image\" content=\"https:\/\/news.save.ch\/wp-content\/uploads\/2020\/03\/04-FT-Anja_Zyska_Cherix-scaled-1.jpg\" \/>\n\t<meta property=\"og:image:width\" content=\"1200\" \/>\n\t<meta property=\"og:image:height\" content=\"799\" \/>\n\t<meta property=\"og:image:type\" content=\"image\/jpeg\" \/>\n<meta name=\"author\" content=\"admin\" \/>\n<meta name=\"twitter:card\" content=\"summary_large_image\" \/>\n<meta name=\"twitter:label1\" content=\"Geschrieben von\" \/>\n\t<meta name=\"twitter:data1\" content=\"admin\" \/>\n\t<meta name=\"twitter:label2\" content=\"Gesch\u00e4tzte Lesezeit\" \/>\n\t<meta name=\"twitter:data2\" content=\"1\u00a0Minute\" \/>\n<script type=\"application\/ld+json\" class=\"yoast-schema-graph\">{\"@context\":\"https:\\\/\\\/schema.org\",\"@graph\":[{\"@type\":\"Article\",\"@id\":\"https:\\\/\\\/news.save.ch\\\/suva-neue-abteilungsleiterin-arbeitsmedizin\\\/#article\",\"isPartOf\":{\"@id\":\"https:\\\/\\\/news.save.ch\\\/suva-neue-abteilungsleiterin-arbeitsmedizin\\\/\"},\"author\":{\"name\":\"admin\",\"@id\":\"https:\\\/\\\/news.save.ch\\\/de\\\/#\\\/schema\\\/person\\\/d49e199490bad7c70d64b9ab51142f2b\"},\"headline\":\"Suva: neue Abteilungsleiterin Arbeitsmedizin\",\"datePublished\":\"2020-03-31T19:37:02+00:00\",\"dateModified\":\"2023-03-14T08:03:49+00:00\",\"mainEntityOfPage\":{\"@id\":\"https:\\\/\\\/news.save.ch\\\/suva-neue-abteilungsleiterin-arbeitsmedizin\\\/\"},\"wordCount\":220,\"publisher\":{\"@id\":\"https:\\\/\\\/news.save.ch\\\/de\\\/#organization\"},\"image\":{\"@id\":\"https:\\\/\\\/news.save.ch\\\/suva-neue-abteilungsleiterin-arbeitsmedizin\\\/#primaryimage\"},\"thumbnailUrl\":\"https:\\\/\\\/news.save.ch\\\/wp-content\\\/uploads\\\/2020\\\/03\\\/04-FT-Anja_Zyska_Cherix-scaled-1.jpg\",\"keywords\":[\"Anja Zyska\",\"IKAS\",\"Lausanner Universit\u00e4tsspital CHUV\",\"SUVA\",\"Universit\u00e4t Lausanne\",\"Verband Schweizerischer Assistenz- und Ober\u00e4rztinnen und -\u00e4rzte\"],\"articleSection\":[\"ALLGEMEIN\",\"HEALTH &amp; SAFETY\"],\"inLanguage\":\"de\"},{\"@type\":\"WebPage\",\"@id\":\"https:\\\/\\\/news.save.ch\\\/suva-neue-abteilungsleiterin-arbeitsmedizin\\\/\",\"url\":\"https:\\\/\\\/news.save.ch\\\/suva-neue-abteilungsleiterin-arbeitsmedizin\\\/\",\"name\":\"Suva: neue Abteilungsleiterin Arbeitsmedizin - Save\",\"isPartOf\":{\"@id\":\"https:\\\/\\\/news.save.ch\\\/de\\\/#website\"},\"primaryImageOfPage\":{\"@id\":\"https:\\\/\\\/news.save.ch\\\/suva-neue-abteilungsleiterin-arbeitsmedizin\\\/#primaryimage\"},\"image\":{\"@id\":\"https:\\\/\\\/news.save.ch\\\/suva-neue-abteilungsleiterin-arbeitsmedizin\\\/#primaryimage\"},\"thumbnailUrl\":\"https:\\\/\\\/news.save.ch\\\/wp-content\\\/uploads\\\/2020\\\/03\\\/04-FT-Anja_Zyska_Cherix-scaled-1.jpg\",\"datePublished\":\"2020-03-31T19:37:02+00:00\",\"dateModified\":\"2023-03-14T08:03:49+00:00\",\"description\":\"Dr. Anja Zyska Cherix wurde zur neuen Abteilungsleiterin Arbeitsmedizin bei der Suva gew\u00e4hlt.\",\"breadcrumb\":{\"@id\":\"https:\\\/\\\/news.save.ch\\\/suva-neue-abteilungsleiterin-arbeitsmedizin\\\/#breadcrumb\"},\"inLanguage\":\"de\",\"potentialAction\":[{\"@type\":\"ReadAction\",\"target\":[\"https:\\\/\\\/news.save.ch\\\/suva-neue-abteilungsleiterin-arbeitsmedizin\\\/\"]}]},{\"@type\":\"ImageObject\",\"inLanguage\":\"de\",\"@id\":\"https:\\\/\\\/news.save.ch\\\/suva-neue-abteilungsleiterin-arbeitsmedizin\\\/#primaryimage\",\"url\":\"https:\\\/\\\/news.save.ch\\\/wp-content\\\/uploads\\\/2020\\\/03\\\/04-FT-Anja_Zyska_Cherix-scaled-1.jpg\",\"contentUrl\":\"https:\\\/\\\/news.save.ch\\\/wp-content\\\/uploads\\\/2020\\\/03\\\/04-FT-Anja_Zyska_Cherix-scaled-1.jpg\",\"width\":1200,\"height\":799,\"caption\":\"Anja Zyska arbeitet seit 2018 als Arbeitsmedizinerin in der Suva. Parallel war sie t\u00e4tig als selbst\u00e4ndige Arbeitsmedizinerin und betreute mehrere Altersheime sowie die Arbeitssicherheitskommission IKAS. \u00a9 SUVA\"},{\"@type\":\"BreadcrumbList\",\"@id\":\"https:\\\/\\\/news.save.ch\\\/suva-neue-abteilungsleiterin-arbeitsmedizin\\\/#breadcrumb\",\"itemListElement\":[{\"@type\":\"ListItem\",\"position\":1,\"name\":\"Home\",\"item\":\"https:\\\/\\\/news.save.ch\\\/de\\\/\"},{\"@type\":\"ListItem\",\"position\":2,\"name\":\"Suva: neue Abteilungsleiterin Arbeitsmedizin\"}]},{\"@type\":\"WebSite\",\"@id\":\"https:\\\/\\\/news.save.ch\\\/de\\\/#website\",\"url\":\"https:\\\/\\\/news.save.ch\\\/de\\\/\",\"name\":\"Save\",\"description\":\"Schweizer Fachzeitschrift f\u00fcr Sicherheit\",\"publisher\":{\"@id\":\"https:\\\/\\\/news.save.ch\\\/de\\\/#organization\"},\"potentialAction\":[{\"@type\":\"SearchAction\",\"target\":{\"@type\":\"EntryPoint\",\"urlTemplate\":\"https:\\\/\\\/news.save.ch\\\/de\\\/?s={search_term_string}\"},\"query-input\":{\"@type\":\"PropertyValueSpecification\",\"valueRequired\":true,\"valueName\":\"search_term_string\"}}],\"inLanguage\":\"de\"},{\"@type\":\"Organization\",\"@id\":\"https:\\\/\\\/news.save.ch\\\/de\\\/#organization\",\"name\":\"Sicherheitsforum\",\"url\":\"https:\\\/\\\/news.save.ch\\\/de\\\/\",\"logo\":{\"@type\":\"ImageObject\",\"inLanguage\":\"de\",\"@id\":\"https:\\\/\\\/news.save.ch\\\/de\\\/#\\\/schema\\\/logo\\\/image\\\/\",\"url\":\"https:\\\/\\\/news.save.ch\\\/wp-content\\\/uploads\\\/2022\\\/06\\\/Logo_SF_2012.png\",\"contentUrl\":\"https:\\\/\\\/news.save.ch\\\/wp-content\\\/uploads\\\/2022\\\/06\\\/Logo_SF_2012.png\",\"width\":1100,\"height\":91,\"caption\":\"Sicherheitsforum\"},\"image\":{\"@id\":\"https:\\\/\\\/news.save.ch\\\/de\\\/#\\\/schema\\\/logo\\\/image\\\/\"}},{\"@type\":\"Person\",\"@id\":\"https:\\\/\\\/news.save.ch\\\/de\\\/#\\\/schema\\\/person\\\/d49e199490bad7c70d64b9ab51142f2b\",\"name\":\"admin\",\"image\":{\"@type\":\"ImageObject\",\"inLanguage\":\"de\",\"@id\":\"https:\\\/\\\/secure.gravatar.com\\\/avatar\\\/ae2f4d718e6c49043e314ce431e7e645d646302a24a5ef5a8bc8e3f5a032e319?s=96&d=mm&r=g\",\"url\":\"https:\\\/\\\/secure.gravatar.com\\\/avatar\\\/ae2f4d718e6c49043e314ce431e7e645d646302a24a5ef5a8bc8e3f5a032e319?s=96&d=mm&r=g\",\"contentUrl\":\"https:\\\/\\\/secure.gravatar.com\\\/avatar\\\/ae2f4d718e6c49043e314ce431e7e645d646302a24a5ef5a8bc8e3f5a032e319?s=96&d=mm&r=g\",\"caption\":\"admin\"},\"sameAs\":[\"https:\\\/\\\/develop.organisator.galledia.ch\"],\"url\":\"https:\\\/\\\/news.save.ch\\\/de\\\/author\\\/admin\\\/\"}]}<\/script>\n<!-- \/ Yoast SEO plugin. -->","yoast_head_json":{"title":"Suva: neue Abteilungsleiterin Arbeitsmedizin - Save","description":"Dr. Anja Zyska Cherix wurde zur neuen Abteilungsleiterin Arbeitsmedizin bei der Suva gew\u00e4hlt.","robots":{"index":"index","follow":"follow","max-snippet":"max-snippet:-1","max-image-preview":"max-image-preview:large","max-video-preview":"max-video-preview:-1"},"canonical":"https:\/\/news.save.ch\/de\/suva-neue-abteilungsleiterin-arbeitsmedizin\/","og_locale":"de_DE","og_type":"article","og_title":"Suva: neue Abteilungsleiterin Arbeitsmedizin - Save","og_description":"Dr. Anja Zyska Cherix wurde zur neuen Abteilungsleiterin Arbeitsmedizin bei der Suva gew\u00e4hlt.","og_url":"https:\/\/news.save.ch\/de\/suva-neue-abteilungsleiterin-arbeitsmedizin\/","og_site_name":"Save","article_published_time":"2020-03-31T19:37:02+00:00","article_modified_time":"2023-03-14T08:03:49+00:00","og_image":[{"width":1200,"height":799,"url":"https:\/\/news.save.ch\/wp-content\/uploads\/2020\/03\/04-FT-Anja_Zyska_Cherix-scaled-1.jpg","type":"image\/jpeg"}],"author":"admin","twitter_card":"summary_large_image","twitter_misc":{"Geschrieben von":"admin","Gesch\u00e4tzte Lesezeit":"1\u00a0Minute"},"schema":{"@context":"https:\/\/schema.org","@graph":[{"@type":"Article","@id":"https:\/\/news.save.ch\/suva-neue-abteilungsleiterin-arbeitsmedizin\/#article","isPartOf":{"@id":"https:\/\/news.save.ch\/suva-neue-abteilungsleiterin-arbeitsmedizin\/"},"author":{"name":"admin","@id":"https:\/\/news.save.ch\/de\/#\/schema\/person\/d49e199490bad7c70d64b9ab51142f2b"},"headline":"Suva: neue Abteilungsleiterin Arbeitsmedizin","datePublished":"2020-03-31T19:37:02+00:00","dateModified":"2023-03-14T08:03:49+00:00","mainEntityOfPage":{"@id":"https:\/\/news.save.ch\/suva-neue-abteilungsleiterin-arbeitsmedizin\/"},"wordCount":220,"publisher":{"@id":"https:\/\/news.save.ch\/de\/#organization"},"image":{"@id":"https:\/\/news.save.ch\/suva-neue-abteilungsleiterin-arbeitsmedizin\/#primaryimage"},"thumbnailUrl":"https:\/\/news.save.ch\/wp-content\/uploads\/2020\/03\/04-FT-Anja_Zyska_Cherix-scaled-1.jpg","keywords":["Anja Zyska","IKAS","Lausanner Universit\u00e4tsspital CHUV","SUVA","Universit\u00e4t Lausanne","Verband Schweizerischer Assistenz- und Ober\u00e4rztinnen und -\u00e4rzte"],"articleSection":["ALLGEMEIN","HEALTH &amp; SAFETY"],"inLanguage":"de"},{"@type":"WebPage","@id":"https:\/\/news.save.ch\/suva-neue-abteilungsleiterin-arbeitsmedizin\/","url":"https:\/\/news.save.ch\/suva-neue-abteilungsleiterin-arbeitsmedizin\/","name":"Suva: neue Abteilungsleiterin Arbeitsmedizin - Save","isPartOf":{"@id":"https:\/\/news.save.ch\/de\/#website"},"primaryImageOfPage":{"@id":"https:\/\/news.save.ch\/suva-neue-abteilungsleiterin-arbeitsmedizin\/#primaryimage"},"image":{"@id":"https:\/\/news.save.ch\/suva-neue-abteilungsleiterin-arbeitsmedizin\/#primaryimage"},"thumbnailUrl":"https:\/\/news.save.ch\/wp-content\/uploads\/2020\/03\/04-FT-Anja_Zyska_Cherix-scaled-1.jpg","datePublished":"2020-03-31T19:37:02+00:00","dateModified":"2023-03-14T08:03:49+00:00","description":"Dr. Anja Zyska Cherix wurde zur neuen Abteilungsleiterin Arbeitsmedizin bei der Suva gew\u00e4hlt.","breadcrumb":{"@id":"https:\/\/news.save.ch\/suva-neue-abteilungsleiterin-arbeitsmedizin\/#breadcrumb"},"inLanguage":"de","potentialAction":[{"@type":"ReadAction","target":["https:\/\/news.save.ch\/suva-neue-abteilungsleiterin-arbeitsmedizin\/"]}]},{"@type":"ImageObject","inLanguage":"de","@id":"https:\/\/news.save.ch\/suva-neue-abteilungsleiterin-arbeitsmedizin\/#primaryimage","url":"https:\/\/news.save.ch\/wp-content\/uploads\/2020\/03\/04-FT-Anja_Zyska_Cherix-scaled-1.jpg","contentUrl":"https:\/\/news.save.ch\/wp-content\/uploads\/2020\/03\/04-FT-Anja_Zyska_Cherix-scaled-1.jpg","width":1200,"height":799,"caption":"Anja Zyska arbeitet seit 2018 als Arbeitsmedizinerin in der Suva. Parallel war sie t\u00e4tig als selbst\u00e4ndige Arbeitsmedizinerin und betreute mehrere Altersheime sowie die Arbeitssicherheitskommission IKAS. \u00a9 SUVA"},{"@type":"BreadcrumbList","@id":"https:\/\/news.save.ch\/suva-neue-abteilungsleiterin-arbeitsmedizin\/#breadcrumb","itemListElement":[{"@type":"ListItem","position":1,"name":"Home","item":"https:\/\/news.save.ch\/de\/"},{"@type":"ListItem","position":2,"name":"Suva: neue Abteilungsleiterin Arbeitsmedizin"}]},{"@type":"WebSite","@id":"https:\/\/news.save.ch\/de\/#website","url":"https:\/\/news.save.ch\/de\/","name":"Save","description":"Schweizer Fachzeitschrift f\u00fcr Sicherheit","publisher":{"@id":"https:\/\/news.save.ch\/de\/#organization"},"potentialAction":[{"@type":"SearchAction","target":{"@type":"EntryPoint","urlTemplate":"https:\/\/news.save.ch\/de\/?s={search_term_string}"},"query-input":{"@type":"PropertyValueSpecification","valueRequired":true,"valueName":"search_term_string"}}],"inLanguage":"de"},{"@type":"Organization","@id":"https:\/\/news.save.ch\/de\/#organization","name":"Sicherheitsforum","url":"https:\/\/news.save.ch\/de\/","logo":{"@type":"ImageObject","inLanguage":"de","@id":"https:\/\/news.save.ch\/de\/#\/schema\/logo\/image\/","url":"https:\/\/news.save.ch\/wp-content\/uploads\/2022\/06\/Logo_SF_2012.png","contentUrl":"https:\/\/news.save.ch\/wp-content\/uploads\/2022\/06\/Logo_SF_2012.png","width":1100,"height":91,"caption":"Sicherheitsforum"},"image":{"@id":"https:\/\/news.save.ch\/de\/#\/schema\/logo\/image\/"}},{"@type":"Person","@id":"https:\/\/news.save.ch\/de\/#\/schema\/person\/d49e199490bad7c70d64b9ab51142f2b","name":"admin","image":{"@type":"ImageObject","inLanguage":"de","@id":"https:\/\/secure.gravatar.com\/avatar\/ae2f4d718e6c49043e314ce431e7e645d646302a24a5ef5a8bc8e3f5a032e319?s=96&d=mm&r=g","url":"https:\/\/secure.gravatar.com\/avatar\/ae2f4d718e6c49043e314ce431e7e645d646302a24a5ef5a8bc8e3f5a032e319?s=96&d=mm&r=g","contentUrl":"https:\/\/secure.gravatar.com\/avatar\/ae2f4d718e6c49043e314ce431e7e645d646302a24a5ef5a8bc8e3f5a032e319?s=96&d=mm&r=g","caption":"admin"},"sameAs":["https:\/\/develop.organisator.galledia.ch"],"url":"https:\/\/news.save.ch\/de\/author\/admin\/"}]}},"_links":{"self":[{"href":"https:\/\/news.save.ch\/de\/wp-json\/wp\/v2\/posts\/16946","targetHints":{"allow":["GET"]}}],"collection":[{"href":"https:\/\/news.save.ch\/de\/wp-json\/wp\/v2\/posts"}],"about":[{"href":"https:\/\/news.save.ch\/de\/wp-json\/wp\/v2\/types\/post"}],"author":[{"embeddable":true,"href":"https:\/\/news.save.ch\/de\/wp-json\/wp\/v2\/users\/1"}],"replies":[{"embeddable":true,"href":"https:\/\/news.save.ch\/de\/wp-json\/wp\/v2\/comments?post=16946"}],"version-history":[{"count":1,"href":"https:\/\/news.save.ch\/de\/wp-json\/wp\/v2\/posts\/16946\/revisions"}],"predecessor-version":[{"id":18602,"href":"https:\/\/news.save.ch\/de\/wp-json\/wp\/v2\/posts\/16946\/revisions\/18602"}],"wp:featuredmedia":[{"embeddable":true,"href":"https:\/\/news.save.ch\/de\/wp-json\/wp\/v2\/media\/5523"}],"wp:attachment":[{"href":"https:\/\/news.save.ch\/de\/wp-json\/wp\/v2\/media?parent=16946"}],"wp:term":[{"taxonomy":"category","embeddable":true,"href":"https:\/\/news.save.ch\/de\/wp-json\/wp\/v2\/categories?post=16946"},{"taxonomy":"post_tag","embeddable":true,"href":"https:\/\/news.save.ch\/de\/wp-json\/wp\/v2\/tags?post=16946"}],"curies":[{"name":"wp","href":"https:\/\/api.w.org\/{rel}","templated":true}]}}