{"id":16947,"date":"2020-04-01T07:45:22","date_gmt":"2020-04-01T05:45:22","guid":{"rendered":"https:\/\/news.save.ch\/?p=5525"},"modified":"2023-03-14T09:05:30","modified_gmt":"2023-03-14T08:05:30","slug":"offener-brief-prof-em-sucharit-bhakdi-zur-corona-krise","status":null,"type":"post","link":"https:\/\/news.save.ch\/de\/offener-brief-prof-em-sucharit-bhakdi-zur-corona-krise\/","title":{"rendered":"Offener Brief Prof. em. Sucharit Bhakdi zur Corona-Krise"},"content":{"rendered":"<figure id=\"attachment_5529\" aria-describedby=\"caption-attachment-5529\" style=\"width: 680px\" class=\"wp-caption alignnone\"><a href=\"https:\/\/www.youtube.com\/watch?v=LsExPrHCHbw&amp;feature=youtu.be\" target=\"_blank\" rel=\"noopener\"><img loading=\"lazy\" decoding=\"async\" class=\"size-medium wp-image-5529\" src=\"http:\/\/develop.safety-plus.ch\/wp-content\/uploads\/2020\/04\/01-Prof.-Sucharit-Bhakdi-1.jpg\" alt=\"\" width=\"680\" height=\"431\" srcset=\"https:\/\/news.save.ch\/wp-content\/uploads\/2020\/04\/01-Prof.-Sucharit-Bhakdi-1.jpg 1137w, https:\/\/news.save.ch\/wp-content\/uploads\/2020\/04\/01-Prof.-Sucharit-Bhakdi-1-680x431.jpg 680w, https:\/\/news.save.ch\/wp-content\/uploads\/2020\/04\/01-Prof.-Sucharit-Bhakdi-1-1024x649.jpg 1024w, https:\/\/news.save.ch\/wp-content\/uploads\/2020\/04\/01-Prof.-Sucharit-Bhakdi-1-768x487.jpg 768w, https:\/\/news.save.ch\/wp-content\/uploads\/2020\/04\/01-Prof.-Sucharit-Bhakdi-1-18x12.jpg 18w, https:\/\/news.save.ch\/wp-content\/uploads\/2020\/04\/01-Prof.-Sucharit-Bhakdi-1-375x238.jpg 375w, https:\/\/news.save.ch\/wp-content\/uploads\/2020\/04\/01-Prof.-Sucharit-Bhakdi-1-552x350.jpg 552w, https:\/\/news.save.ch\/wp-content\/uploads\/2020\/04\/01-Prof.-Sucharit-Bhakdi-1-1000x634.jpg 1000w\" sizes=\"auto, (max-width: 680px) 100vw, 680px\" \/><\/a><figcaption id=\"caption-attachment-5529\" class=\"wp-caption-text\">Prof. em. Dr. med. Sucharit Bhakdi, Facharzt f\u00fcr Mikrobiologie und Infektionsepidemiologie, leitete 22 Jahre das Institut f\u00fcr Medizinische Mikrobiologie und Hygiene der Universit\u00e4t Mainz und appelliert an die deutsche Bundesregierung. \u00a9 Sucharit Bhakdi<\/figcaption><\/figure>\n<p><span class=\"style-scope yt-formatted-string\" dir=\"auto\"><strong>Vorwort:<\/strong> <\/span><strong><span class=\"style-scope yt-formatted-string\" dir=\"auto\">Die Pressefreiheit ist ein Privileg und eine Pflicht<\/span><\/strong><\/p>\n<p><span class=\"style-scope yt-formatted-string\" dir=\"auto\">&#8222;Das Privileg gilt f\u00fcr Journalistinnen und Journalisten und f\u00fcr Medienunternehmen. F\u00fcr beide ergeben sich daraus Pflichten. Journalistinnen und Journalisten sind verpflichtet, fair und sorgf\u00e4ltig zu arbeiten. Der Schweizer Presserat ist der Garant daf\u00fcr. Und Medienunternehmen sind verpflichtet, die wirtschaftlichen Voraussetzungen f\u00fcr unabh\u00e4ngigen, vielf\u00e4ltigen Journalismus bereitzustellen.&#8220; (Ausschnitt aus dem <a href=\"https:\/\/www.impressum.ch\/fileadmin\/user_upload\/Manifest_fuer_die_Pressefreiheit_2019.pdf\" target=\"_blank\" rel=\"noopener\">&#8222;Manifest f\u00fcr die Pressefreiheit&#8220;<\/a> vom Schweizer Journalistenverband impressum)<\/span><\/p>\n<p>&nbsp;<\/p>\n<p><strong><span class=\"style-scope yt-formatted-string\" dir=\"auto\">Informationen zum Video von Prof. em. Dr. med. Sucharit Bhakdi<\/span><\/strong><\/p>\n<p><span class=\"style-scope yt-formatted-string\" dir=\"auto\">Das eindringliche, sachliche <a href=\"https:\/\/www.youtube.com\/watch?v=LsExPrHCHbw&amp;feature=youtu.be\" target=\"_blank\" rel=\"noopener\">Video<\/a> von Prof. Dr. med. Sucharit Bhakdi (<a href=\"https:\/\/www.youtube.com\/watch?v=MARVdS-pHdQ\" target=\"_blank\" rel=\"noopener\">Nachtrag zu Corona in Italien<\/a>), Facharzt f\u00fcr Mikrobiologie und Infektionsepidemiologie erl\u00e4utert die Fragen und deren Hintergrund. Der <a href=\"https:\/\/www.youtube.com\/redirect?v=LsExPrHCHbw&amp;event=video_description&amp;redir_token=avkBdV54UnC60A6uPtfIif3il7F8MTU4NTc3NTE3N0AxNTg1Njg4Nzc3&amp;q=https%3A%2F%2Fc.gmx.net%2F%40824224682608695698%2FcI1TagSeQmi0WlXK-m8vWA\" target=\"_blank\" rel=\"noopener\">ganze Brief im Wortlaut mit den Fragen, Hintergr\u00fcnden und Referenzen<\/a> kann hier eingesehen werden.<\/span><\/p>\n<p><img loading=\"lazy\" decoding=\"async\" class=\"alignnone size-medium wp-image-5527\" src=\"http:\/\/develop.safety-plus.ch\/wp-content\/uploads\/2020\/04\/01-Prof.-Sucharit-Bhakdi.jpg\" alt=\"\" width=\"680\" height=\"431\" \/><\/p>\n<p><strong><span class=\"style-scope yt-formatted-string\" dir=\"auto\">Anmerkung von Markus Frutig, Chefredaktor des SAFETY-PLUS am 31.03.2020<br \/>\n<\/span><\/strong><\/p>\n<p><span class=\"style-scope yt-formatted-string\" dir=\"auto\">Gesch\u00e4tzte Leser und Leserinnen, gesch\u00e4tzte Kunden, Verbandspartner und Gesch\u00e4ftspartner. <\/span><\/p>\n<p><span class=\"style-scope yt-formatted-string\" dir=\"auto\">Aktuell gibt es aufgrund der WHO-Ausrufung der Pandemie-Stufe wegen <a href=\"https:\/\/news.save.ch\/bundesrat-erklaert-die-ausserordentliche-lage-und-verschaerft-die-massnahmen-zu-corona\/\" target=\"_blank\" rel=\"noopener\">Corona\/COVID-19<\/a> eine bisher nie dagewesene weltweite Krisensituation mit Ausgangsbeschr\u00e4nkungen, &#8211; Sperren, Verboten mit teilweise drakonischen Strafen (beispielsweise <a href=\"https:\/\/www.1815.ch\/news\/ausland\/news-ausland\/fuer-missachtung-der-quarantaene-in-italien-bis-zu-fuenf-jahre-haft\/\" target=\"_blank\" rel=\"noopener\">5 Jahre Gef\u00e4ngnis in Italien<\/a> bei Verletzung der Ausgangssperre f\u00fcr positiv Getestete), die Millionen von Arbeitslosen, Einzelinsolvenzen Selbst\u00e4ndiger und den Bankrott vieler KMU zur Folge haben k\u00f6nnte. Auch die Schweiz und Deutschland trifft diese Notstands-Gesetzgebung \u00e4usserst schwer, welche allen unseren Lesern, Verb\u00e4nden, Kunden und Gesch\u00e4ftspartnern nicht nur finanzielle Einbussen in Millionenh\u00f6he, sondern auch unser aller Arbeit oder Existenz auf das massivste gef\u00e4hrden.<\/span><\/p>\n<p><span class=\"style-scope yt-formatted-string\" dir=\"auto\">Interessanterweise machen es Schweden oder viele asiatische L\u00e4nder wie Japan, Singapur, Hongkong oder Taiwan ganz einfach, in dem sie <strong>allen B\u00fcrgern Atemschutzmasken<\/strong> verteilen, um die Gefahr einer Tr\u00f6pfcheninfektion auszuschliessen, bevor alles schlimmer wird. Sollten unsere Gesundheitsgremien nicht auch davon lernen? Zitat im <a href=\"https:\/\/www.n-tv.de\/politik\/politik_person_der_woche\/Macht-Schweden-es-klueger-article21681620.html\" target=\"_blank\" rel=\"noopener\">n-tv-Beitrag<\/a> &#8222;Ihr Rezept: Masken f\u00fcr alle, dichtes Controlling und digitales Tracking der Erkrankten. Abstand halten (vor allem bei Alten) und auf Hygiene achten sowieso.&#8220;<br \/>\n<\/span><\/p>\n<p><span class=\"style-scope yt-formatted-string\" dir=\"auto\">Denn die weltweiten, finanziellen Folgen mit der Verschuldung \u00fcber die Milliardenschweren Not-Kredite werden jetzt schon mit jedem Tag, jeder Woche des Stillstands unabsehbar und k\u00f6nnen sich zu einer Lawine aufrollen, die noch mehr Insolvenzen und Menschenleben kosten k\u00f6nnte, als die Corona-Krise selbst. Besonders in den Dritte Welt L\u00e4ndern wie in vielen Staaten Afrikas, Indien oder Pakistan, wo die Menschen grundlegend in Armut ohne jegliche Hygiene ein massiv gesch\u00e4digtes Immunsystem haben und Ausgangssperren nicht so &#8222;problemlos&#8220; \u00fcberstehen, wie wir aktuell in der Schweiz oder in Deutschland.<br \/>\n<\/span><\/p>\n<p><span class=\"style-scope yt-formatted-string\" dir=\"auto\">Daher ist es nicht nur f\u00fcr mich als Christ, Schweizer B\u00fcrger, Journalisten, Ingenieur und ausgebildetem Gesundheitsberater moralisch, ethisch und politisch die Pflicht, auch andere Fakten und Hintergr\u00fcnde zu pr\u00fcfen, um die b\u00fcrgerlichen, demokratischen Grundrechte unserer Freiheit zu sch\u00fctzen und konstruktive Diskussionen mit den Entscheidern in Politik und Gesundheitswesen umgehend zu erm\u00f6glichen und die Massnahmen angemessen anzupassen, bevor es zu sp\u00e4t ist.<br \/>\n<\/span><\/p>\n<p>Hierzu ist ja auch die Schweizer Bundesregierung in der Zwischenzeit offen, ein neues Expertengremium \u00ab<a href=\"https:\/\/www.admin.ch\/gov\/de\/start\/dokumentation\/medienmitteilungen.msg-id-78626.html\" target=\"_blank\" rel=\"noopener\">Swiss National COVID-19 Task Force<\/a>\u00bb zu gr\u00fcnden. Denn <a href=\"https:\/\/www.admin.ch\/gov\/de\/start\/dokumentation\/medienmitteilungen.msg-id-78627.html\" target=\"_blank\" rel=\"noopener\">Stefan Kuster \u00fcbernimmt ab sofort (1. April) die Leitung der Abteilung \u00dcbertragbare Krankheiten des BAG<\/a> und wird damit Nachfolger von Daniel Koch. Dieser wird pensioniert, arbeitet w\u00e4hrend der Coronavirus-Pandemie jedoch weiter als \u00abDelegierter des BAG f\u00fcr COVID-19\u00bb. Er ber\u00e4t und unterst\u00fctzt das BAG zur Coronavirus-Pandemie und vertritt es in der \u00d6ffentlichkeit.<\/p>\n<p>&nbsp;<\/p>\n<p><strong>Quellen zum <a href=\"https:\/\/www.youtube.com\/watch?v=LsExPrHCHbw&amp;feature=youtu.be\" target=\"_blank\" rel=\"noopener\">Video<\/a><\/strong><\/p>\n<p><span class=\"style-scope yt-formatted-string\" dir=\"auto\">Aus Platzgr\u00fcnden hier nur Referenzen, die Details sind dem Brief entnehmbar: <\/span><\/p>\n<p><span class=\"style-scope yt-formatted-string\" dir=\"auto\">[1] <a href=\"https:\/\/www.youtube.com\/redirect?v=LsExPrHCHbw&amp;event=video_description&amp;redir_token=avkBdV54UnC60A6uPtfIif3il7F8MTU4NTc3NTE3N0AxNTg1Njg4Nzc3&amp;q=https%3A%2F%2Fwww.rki.de%2FDE%2FContent%2FService%2FPublikationen%2FFachwoerterbuch_Infektionsschutz.html\" target=\"_blank\" rel=\"noopener\">Fachw\u00f6rterbuch Infektionsschutz und Infektionsepidemiologie. Fachw\u00f6rter \u2013 Definitionen \u2013 Interpretationen.<\/a> Robert Koch-Institut, Berlin 2015.<\/span><span class=\"style-scope yt-formatted-string\" dir=\"auto\"> (abgerufen am 26.3.2020)<br \/>\n[2] Killerby et al., Human Coronavirus Circulation in the United States 2014\u20132017. J Clin Virol. 2018, 101, 52-56<br \/>\n[3] Roussel et al. <a href=\"https:\/\/www.youtube.com\/redirect?v=LsExPrHCHbw&amp;event=video_description&amp;redir_token=avkBdV54UnC60A6uPtfIif3il7F8MTU4NTc3NTE3N0AxNTg1Njg4Nzc3&amp;q=https%3A%2F%2Fwww.sciencedirect.com%2Fscience%2Farticle%2Fpii%2FS0924857920300972\">SARS-CoV-2: Fear Versus Data. Int. J. Antimicrob. Agents 2020, 105947<\/a><\/span><span class=\"style-scope yt-formatted-string\" dir=\"auto\">\u00a0 www.sciencedirect.com<br \/>\n[4] Charisius, H. <a href=\"https:\/\/www.youtube.com\/redirect?v=LsExPrHCHbw&amp;event=video_description&amp;redir_token=avkBdV54UnC60A6uPtfIif3il7F8MTU4NTc3NTE3N0AxNTg1Njg4Nzc3&amp;q=https%3A%2F%2Fwww.sueddeutsche.de%2Fgesundheit%2Fcovid-19-coronavirus-testverfahren-1.4855487\" target=\"_blank\" rel=\"noopener\">Covid-19: Wie gut testet Deutschland?<\/a> S\u00fcddeutsche Zeitung. <\/span><span class=\"style-scope yt-formatted-string\" dir=\"auto\"> (abgerufen am 27.3.2020)<br \/>\n[5] <a href=\"https:\/\/www.youtube.com\/redirect?v=LsExPrHCHbw&amp;event=video_description&amp;redir_token=avkBdV54UnC60A6uPtfIif3il7F8MTU4NTc3NTE3N0AxNTg1Njg4Nzc3&amp;q=https%3A%2F%2Fcoronavirus.jhu.edu%2Fmap.html\" target=\"_blank\" rel=\"noopener\">Johns Hopkins University, Coronavirus Resource Center. 2020<\/a>, <\/span><span class=\"style-scope yt-formatted-string\" dir=\"auto\">(abgerufen am 26.3.2020)<br \/>\n[6] S1-Leitlinie 054-001, Regeln zur Durchf\u00fchrung der \u00e4rztlichen Leichenschau. <a href=\"https:\/\/www.youtube.com\/redirect?v=LsExPrHCHbw&amp;event=video_description&amp;redir_token=avkBdV54UnC60A6uPtfIif3il7F8MTU4NTc3NTE3N0AxNTg1Njg4Nzc3&amp;q=https%3A%2F%2Fwww.awmf.org%2Fuploads%2Ftx_szleitlinien%2F054-002l_S1_Regeln-zur-Durchfuehrung-der-aerztlichen-Leichenschau_2018-02_01.pdf\" target=\"_blank\" rel=\"noopener\">AWMF Online<\/a>, <\/span><span class=\"style-scope yt-formatted-string\" dir=\"auto\">(abgerufen am 26.3.2020)<br \/>\n[7] Martuzzi et al. Health Impact of PM10 and Ozone in 13 Italian Cities. World Health Organization Regional Office for Europe. WHOLIS number E88700 2006<br \/>\n[8] <a href=\"https:\/\/www.youtube.com\/redirect?v=LsExPrHCHbw&amp;event=video_description&amp;redir_token=avkBdV54UnC60A6uPtfIif3il7F8MTU4NTc3NTE3N0AxNTg1Njg4Nzc3&amp;q=https%3A%2F%2Fwww.eea.europa.eu%2Fthemes%2Fair%2Fcountry-fact-sheets%2F2019-country-fact-sheets\" target=\"_blank\" rel=\"noopener\">European Environment Agency, Air Pollution Country Fact Sheets 2019<\/a>, <\/span><span class=\"style-scope yt-formatted-string\" dir=\"auto\">(abgerufen am 26.3.2020)<br \/>\n[9] Croft et al. The Association between Respiratory Infection and Air Pollution in the Setting of Air Quality Policy and Economic Change. Ann. Am. Thorac. Soc. 2019, 16, 321\u2013330.<br \/>\n[10] United Nations, Department of Economic and Social Affairs, Population Division. Living Arrangements of Older Persons: A Report on an Expanded International Dataset (ST\/ESA\/SER.A\/407). 2017<br \/>\n[11] Deutsches \u00c4rzteblatt, <a href=\"https:\/\/www.youtube.com\/redirect?v=LsExPrHCHbw&amp;event=video_description&amp;redir_token=avkBdV54UnC60A6uPtfIif3il7F8MTU4NTc3NTE3N0AxNTg1Njg4Nzc3&amp;q=https%3A%2F%2Fwww.aerzteblatt.de%2Fnachrichten%2F111029%2FUeberlastung-deutscher-Krankenhaeuser-durch-COVID-19-laut-Experten-unwahrscheinlich\" target=\"_blank\" rel=\"noopener\">\u00dcberlastung deutscher Krankenh\u00e4user durch COVID-19 laut Experten unwahrscheinlich, <\/a><\/span><span class=\"style-scope yt-formatted-string\" dir=\"auto\"> (abgerufen am 26.3.2020)<\/span><\/p>\n<p><strong>Vita von Sucharit Bhakdi<\/strong><\/p>\n<div class=\"entry-content\">\n<p><strong>Univ.-Prof. em. Dr. med. Sucharit Bhakdi\u00a0<\/strong>hat als Sohn thail\u00e4ndischer DiplomatInnen Kindheit und Jugend in den USA, Schweiz, \u00c4gypten und Thailand verbracht. Nach dem Studium der Humanmedizin in Deutschland schlug er die wissenschaftliche Laufbahn ein und leitete zuletzt 22 Jahre lang das Institut f\u00fcr Medizinische Mikrobiologie und Hygiene der Johannes Gutenberg-Universit\u00e4t Mainz. Er ver\u00f6ffentlichte \u00fcber 300 Artikel in internationalen Fachzeitschriften und geh\u00f6rt zu den meistzitierten Medizinforschern Deutschlands. W\u00e4hrend seiner mehrfach ausgezeichneten universit\u00e4ren Lehrt\u00e4tigkeit brachte er in zahllosen Auftritten das Thema Infektionen der Politik und der \u00d6ffentlichkeit nahe. Neben zahlreichen wissenschaftlichen Preisen wurde ihm der Verdienstorden des Landes Rheinland-Pfalz verliehen. (Quelle: Goldegg Verlag GmbH, Berlin)<\/p>\n<\/div>\n<p class=\"entry-title\">Buchempfehlung der Redaktion: <strong>&#8222;Schreckgespenst Infektionen -Mythen, Wahn und Wirklichkeit&#8220; <\/strong><\/p>\n<p class=\"entry-title\"><span class=\"bub-title-owners__item\"><span class=\"text\"><a href=\"https:\/\/www.goldegg-verlag.com\/beteiligte\/reiss-karina\/\" target=\"_blank\" rel=\"noopener\"><span class=\"title\">Von Karina Reiss<\/span><\/a><\/span><\/span><span class=\"delimiter\">, <\/span><span class=\"bub-title-owners__item\"><span class=\"text\"><a href=\"https:\/\/www.goldegg-verlag.com\/beteiligte\/bhakdi-sucharit\/\" target=\"_blank\" rel=\"noopener\"><span class=\"title\">Sucharit Bhakdi<\/span><\/a><\/span><\/span><strong><br \/>\n<\/strong><\/p>\n<section class=\"bub-title-description bub-field\">\n<div class=\"bub-title-description__content bub-field__content\">\n<p>Rezensionstext: Jeder 10. Todesfall ist auf eine\u00a0Infektion zur\u00fcckzuf\u00fchren \u2026\u00a0Gef\u00e4hrliche Coli-Keime auf Flugzeugsitzen, Legionellen im Trinkwasser, multiresistente Bakterien, Schweinegrippe, Ebola \u2013 was eignet sich besser f\u00fcr Schlagzeilen? Ist es nicht Ironie, dass uns dabei der Blick f\u00fcr die eigentlichen Risiken verloren geht? In diesem Buch kl\u00e4ren ExpertInnen ersten Ranges auf: Welche Rolle spielen Abwehrkr\u00e4fte des K\u00f6rpers? Wann sind Impfungen zielf\u00fchrend? Was ist mit \u201eklassischen\u201c Kinderkrankheiten? Was hilft bei schweren Infektionen? Wann stossen Antibiotika an ihre Grenzen? Welche Gefahren drohen durch multiresistente Bakterien? Wie ist das mit Krankenhausinfektionen? In einem unterhaltsamen Frage-Antwort-Spiel gibt dieses Buch spannende Einblicke in das Wesen der wichtigsten Infektionskrankheiten. Sie werden zwischen Sinn und Unsinn unterscheiden k\u00f6nnen, wissen, wo echte Infektionsgefahren lauern und wie Sie ihnen begegnen. Besuchen Sie eine faszinierende und unbekannte Welt. Die Macht des Wissens wird Ihnen zu einem l\u00e4ngeren und ges\u00fcnderen Leben verhelfen \u2013 rezeptfrei und ohne Nebenwirkungen. (Quelle: Goldegg Verlag GmbH, Berlin)<\/p>\n<p>&nbsp;<\/p>\n<\/div>\n<\/section>\n","protected":false},"excerpt":{"rendered":"<p>Vorwort: Die Pressefreiheit ist ein Privileg und eine Pflicht &#8222;Das Privileg gilt f\u00fcr Journalistinnen und Journalisten und f\u00fcr Medienunternehmen. F\u00fcr beide ergeben sich daraus Pflichten. Journalistinnen und Journalisten sind verpflichtet, fair und sorgf\u00e4ltig zu arbeiten. Der Schweizer Presserat ist der Garant daf\u00fcr. Und Medienunternehmen sind verpflichtet, die wirtschaftlichen Voraussetzungen f\u00fcr unabh\u00e4ngigen, vielf\u00e4ltigen Journalismus bereitzustellen.&#8220; (Ausschnitt [&hellip;]<\/p>\n","protected":false},"author":1,"featured_media":5529,"comment_status":"closed","ping_status":"closed","sticky":false,"template":"","format":"standard","meta":{"_acf_changed":false,"pgc_sgb_lightbox_settings":"","footnotes":""},"categories":[1,3314],"tags":[172,700,1775,294,168,2165,149,2275,2669,141,2729,64,3026,3051],"class_list":["post-16947","post","type-post","status-publish","format-standard","has-post-thumbnail","hentry","category-allgemein","category-health-safety","tag-arbeitssicherheit","tag-bag","tag-betriebliches-gesundheitsmanagement","tag-betriebssanitaet","tag-bundesrat","tag-gesundheitsfoerderung","tag-gesundheitsschutz","tag-hygiene","tag-persoenliche-schutzausruestung-psa","tag-praevention","tag-psychische-gesundheit","tag-studie","tag-sucharit-bhakdi","tag-swiss-national-covid-19-task-force"],"acf":[],"hkrextid":null,"publication":null,"issue":null,"workflow":null,"startPage":null,"spitzmarke":null,"_posts_by_tag_page_fields":{"widget_title":"","widget_tags":""},"_at_widget":"1","_yoast_wpseo_primary_category":"1","_yoast_wpseo_focuskw_text_input":"Corona-Krise","_yoast_wpseo_opengraph-image":null,"_yoast_wpseo_opengraph-description":null,"_yoast_wpseo_opengraph-title":null,"enclosure":null,"_yoast_wpseo_twitter-title":null,"_yoast_wpseo_twitter-description":null,"_yoast_wpseo_twitter-image":null,"_wp_old_slug":null,"_yoast_wpseo_title":null,"_yoast_wpseo_canonical":null,"yoast_head":"<!-- This site is optimized with the Yoast SEO plugin v27.4 - https:\/\/yoast.com\/product\/yoast-seo-wordpress\/ -->\n<title>Offener Brief Prof. em. Sucharit Bhakdi zur Corona-Krise - Save<\/title>\n<meta name=\"description\" content=\"Prof. Dr. em. med. Sucharit Bhakdi hat einen offenen Brief mit 5 Fragen an die Bundeskanzlerin betreffend Einschr\u00e4nkungen der Grundrechte geschrieben.\" \/>\n<meta name=\"robots\" content=\"index, follow, max-snippet:-1, max-image-preview:large, max-video-preview:-1\" \/>\n<link rel=\"canonical\" href=\"https:\/\/news.save.ch\/de\/offener-brief-prof-em-sucharit-bhakdi-zur-corona-krise\/\" \/>\n<meta property=\"og:locale\" content=\"de_DE\" \/>\n<meta property=\"og:type\" content=\"article\" \/>\n<meta property=\"og:title\" content=\"Offener Brief Prof. em. Sucharit Bhakdi zur Corona-Krise - Save\" \/>\n<meta property=\"og:description\" content=\"Prof. Dr. em. med. Sucharit Bhakdi hat einen offenen Brief mit 5 Fragen an die Bundeskanzlerin betreffend Einschr\u00e4nkungen der Grundrechte geschrieben.\" \/>\n<meta property=\"og:url\" content=\"https:\/\/news.save.ch\/de\/offener-brief-prof-em-sucharit-bhakdi-zur-corona-krise\/\" \/>\n<meta property=\"og:site_name\" content=\"Save\" \/>\n<meta property=\"article:published_time\" content=\"2020-04-01T05:45:22+00:00\" \/>\n<meta property=\"article:modified_time\" content=\"2023-03-14T08:05:30+00:00\" \/>\n<meta property=\"og:image\" content=\"https:\/\/news.save.ch\/wp-content\/uploads\/2020\/04\/01-Prof.-Sucharit-Bhakdi-1.jpg\" \/>\n\t<meta property=\"og:image:width\" content=\"1137\" \/>\n\t<meta property=\"og:image:height\" content=\"721\" \/>\n\t<meta property=\"og:image:type\" content=\"image\/jpeg\" \/>\n<meta name=\"author\" content=\"admin\" \/>\n<meta name=\"twitter:card\" content=\"summary_large_image\" \/>\n<meta name=\"twitter:label1\" content=\"Geschrieben von\" \/>\n\t<meta name=\"twitter:data1\" content=\"admin\" \/>\n\t<meta name=\"twitter:label2\" content=\"Gesch\u00e4tzte Lesezeit\" \/>\n\t<meta name=\"twitter:data2\" content=\"5\u00a0Minuten\" \/>\n<script type=\"application\/ld+json\" class=\"yoast-schema-graph\">{\"@context\":\"https:\\\/\\\/schema.org\",\"@graph\":[{\"@type\":\"Article\",\"@id\":\"https:\\\/\\\/news.save.ch\\\/offener-brief-prof-em-sucharit-bhakdi-zur-corona-krise\\\/#article\",\"isPartOf\":{\"@id\":\"https:\\\/\\\/news.save.ch\\\/offener-brief-prof-em-sucharit-bhakdi-zur-corona-krise\\\/\"},\"author\":{\"name\":\"admin\",\"@id\":\"https:\\\/\\\/news.save.ch\\\/de\\\/#\\\/schema\\\/person\\\/d49e199490bad7c70d64b9ab51142f2b\"},\"headline\":\"Offener Brief Prof. em. Sucharit Bhakdi zur Corona-Krise\",\"datePublished\":\"2020-04-01T05:45:22+00:00\",\"dateModified\":\"2023-03-14T08:05:30+00:00\",\"mainEntityOfPage\":{\"@id\":\"https:\\\/\\\/news.save.ch\\\/offener-brief-prof-em-sucharit-bhakdi-zur-corona-krise\\\/\"},\"wordCount\":1077,\"publisher\":{\"@id\":\"https:\\\/\\\/news.save.ch\\\/de\\\/#organization\"},\"image\":{\"@id\":\"https:\\\/\\\/news.save.ch\\\/offener-brief-prof-em-sucharit-bhakdi-zur-corona-krise\\\/#primaryimage\"},\"thumbnailUrl\":\"https:\\\/\\\/news.save.ch\\\/wp-content\\\/uploads\\\/2020\\\/04\\\/01-Prof.-Sucharit-Bhakdi-1.jpg\",\"keywords\":[\"Arbeitssicherheit\",\"BAG\",\"Betriebliches Gesundheitsmanagement\",\"Betriebssanit\u00e4t\",\"Bundesrat\",\"Gesundheitsf\u00f6rderung\",\"Gesundheitsschutz\",\"Hygiene\",\"Pers\u00f6nliche Schutzausr\u00fcstung (PSA)\",\"Pr\u00e4vention\",\"Psychische Gesundheit\",\"Studie\",\"Sucharit Bhakdi\",\"Swiss National COVID-19 Task Force\"],\"articleSection\":[\"ALLGEMEIN\",\"HEALTH &amp; SAFETY\"],\"inLanguage\":\"de\"},{\"@type\":\"WebPage\",\"@id\":\"https:\\\/\\\/news.save.ch\\\/offener-brief-prof-em-sucharit-bhakdi-zur-corona-krise\\\/\",\"url\":\"https:\\\/\\\/news.save.ch\\\/offener-brief-prof-em-sucharit-bhakdi-zur-corona-krise\\\/\",\"name\":\"Offener Brief Prof. em. Sucharit Bhakdi zur Corona-Krise - Save\",\"isPartOf\":{\"@id\":\"https:\\\/\\\/news.save.ch\\\/de\\\/#website\"},\"primaryImageOfPage\":{\"@id\":\"https:\\\/\\\/news.save.ch\\\/offener-brief-prof-em-sucharit-bhakdi-zur-corona-krise\\\/#primaryimage\"},\"image\":{\"@id\":\"https:\\\/\\\/news.save.ch\\\/offener-brief-prof-em-sucharit-bhakdi-zur-corona-krise\\\/#primaryimage\"},\"thumbnailUrl\":\"https:\\\/\\\/news.save.ch\\\/wp-content\\\/uploads\\\/2020\\\/04\\\/01-Prof.-Sucharit-Bhakdi-1.jpg\",\"datePublished\":\"2020-04-01T05:45:22+00:00\",\"dateModified\":\"2023-03-14T08:05:30+00:00\",\"description\":\"Prof. Dr. em. med. Sucharit Bhakdi hat einen offenen Brief mit 5 Fragen an die Bundeskanzlerin betreffend Einschr\u00e4nkungen der Grundrechte geschrieben.\",\"breadcrumb\":{\"@id\":\"https:\\\/\\\/news.save.ch\\\/offener-brief-prof-em-sucharit-bhakdi-zur-corona-krise\\\/#breadcrumb\"},\"inLanguage\":\"de\",\"potentialAction\":[{\"@type\":\"ReadAction\",\"target\":[\"https:\\\/\\\/news.save.ch\\\/offener-brief-prof-em-sucharit-bhakdi-zur-corona-krise\\\/\"]}]},{\"@type\":\"ImageObject\",\"inLanguage\":\"de\",\"@id\":\"https:\\\/\\\/news.save.ch\\\/offener-brief-prof-em-sucharit-bhakdi-zur-corona-krise\\\/#primaryimage\",\"url\":\"https:\\\/\\\/news.save.ch\\\/wp-content\\\/uploads\\\/2020\\\/04\\\/01-Prof.-Sucharit-Bhakdi-1.jpg\",\"contentUrl\":\"https:\\\/\\\/news.save.ch\\\/wp-content\\\/uploads\\\/2020\\\/04\\\/01-Prof.-Sucharit-Bhakdi-1.jpg\",\"width\":1137,\"height\":721,\"caption\":\"Prof. em. Dr. med. Sucharit Bhakdi, Facharzt f\u00fcr Mikrobiologie und Infektionsepidemiologie, leitete 22 Jahre das Institut f\u00fcr Medizinische Mikrobiologie und Hygiene der Universit\u00e4t Mainz und appelliert an die deutsche Bundesregierung. \u00a9 Sucharit Bhakdi\"},{\"@type\":\"BreadcrumbList\",\"@id\":\"https:\\\/\\\/news.save.ch\\\/offener-brief-prof-em-sucharit-bhakdi-zur-corona-krise\\\/#breadcrumb\",\"itemListElement\":[{\"@type\":\"ListItem\",\"position\":1,\"name\":\"Home\",\"item\":\"https:\\\/\\\/news.save.ch\\\/de\\\/\"},{\"@type\":\"ListItem\",\"position\":2,\"name\":\"Offener Brief Prof. em. Sucharit Bhakdi zur Corona-Krise\"}]},{\"@type\":\"WebSite\",\"@id\":\"https:\\\/\\\/news.save.ch\\\/de\\\/#website\",\"url\":\"https:\\\/\\\/news.save.ch\\\/de\\\/\",\"name\":\"Save\",\"description\":\"Schweizer Fachzeitschrift f\u00fcr Sicherheit\",\"publisher\":{\"@id\":\"https:\\\/\\\/news.save.ch\\\/de\\\/#organization\"},\"potentialAction\":[{\"@type\":\"SearchAction\",\"target\":{\"@type\":\"EntryPoint\",\"urlTemplate\":\"https:\\\/\\\/news.save.ch\\\/de\\\/?s={search_term_string}\"},\"query-input\":{\"@type\":\"PropertyValueSpecification\",\"valueRequired\":true,\"valueName\":\"search_term_string\"}}],\"inLanguage\":\"de\"},{\"@type\":\"Organization\",\"@id\":\"https:\\\/\\\/news.save.ch\\\/de\\\/#organization\",\"name\":\"Sicherheitsforum\",\"url\":\"https:\\\/\\\/news.save.ch\\\/de\\\/\",\"logo\":{\"@type\":\"ImageObject\",\"inLanguage\":\"de\",\"@id\":\"https:\\\/\\\/news.save.ch\\\/de\\\/#\\\/schema\\\/logo\\\/image\\\/\",\"url\":\"https:\\\/\\\/news.save.ch\\\/wp-content\\\/uploads\\\/2022\\\/06\\\/Logo_SF_2012.png\",\"contentUrl\":\"https:\\\/\\\/news.save.ch\\\/wp-content\\\/uploads\\\/2022\\\/06\\\/Logo_SF_2012.png\",\"width\":1100,\"height\":91,\"caption\":\"Sicherheitsforum\"},\"image\":{\"@id\":\"https:\\\/\\\/news.save.ch\\\/de\\\/#\\\/schema\\\/logo\\\/image\\\/\"}},{\"@type\":\"Person\",\"@id\":\"https:\\\/\\\/news.save.ch\\\/de\\\/#\\\/schema\\\/person\\\/d49e199490bad7c70d64b9ab51142f2b\",\"name\":\"admin\",\"image\":{\"@type\":\"ImageObject\",\"inLanguage\":\"de\",\"@id\":\"https:\\\/\\\/secure.gravatar.com\\\/avatar\\\/ae2f4d718e6c49043e314ce431e7e645d646302a24a5ef5a8bc8e3f5a032e319?s=96&d=mm&r=g\",\"url\":\"https:\\\/\\\/secure.gravatar.com\\\/avatar\\\/ae2f4d718e6c49043e314ce431e7e645d646302a24a5ef5a8bc8e3f5a032e319?s=96&d=mm&r=g\",\"contentUrl\":\"https:\\\/\\\/secure.gravatar.com\\\/avatar\\\/ae2f4d718e6c49043e314ce431e7e645d646302a24a5ef5a8bc8e3f5a032e319?s=96&d=mm&r=g\",\"caption\":\"admin\"},\"sameAs\":[\"https:\\\/\\\/develop.organisator.galledia.ch\"],\"url\":\"https:\\\/\\\/news.save.ch\\\/de\\\/author\\\/admin\\\/\"}]}<\/script>\n<!-- \/ Yoast SEO plugin. -->","yoast_head_json":{"title":"Offener Brief Prof. em. Sucharit Bhakdi zur Corona-Krise - Save","description":"Prof. Dr. em. med. Sucharit Bhakdi hat einen offenen Brief mit 5 Fragen an die Bundeskanzlerin betreffend Einschr\u00e4nkungen der Grundrechte geschrieben.","robots":{"index":"index","follow":"follow","max-snippet":"max-snippet:-1","max-image-preview":"max-image-preview:large","max-video-preview":"max-video-preview:-1"},"canonical":"https:\/\/news.save.ch\/de\/offener-brief-prof-em-sucharit-bhakdi-zur-corona-krise\/","og_locale":"de_DE","og_type":"article","og_title":"Offener Brief Prof. em. Sucharit Bhakdi zur Corona-Krise - Save","og_description":"Prof. Dr. em. med. Sucharit Bhakdi hat einen offenen Brief mit 5 Fragen an die Bundeskanzlerin betreffend Einschr\u00e4nkungen der Grundrechte geschrieben.","og_url":"https:\/\/news.save.ch\/de\/offener-brief-prof-em-sucharit-bhakdi-zur-corona-krise\/","og_site_name":"Save","article_published_time":"2020-04-01T05:45:22+00:00","article_modified_time":"2023-03-14T08:05:30+00:00","og_image":[{"width":1137,"height":721,"url":"https:\/\/news.save.ch\/wp-content\/uploads\/2020\/04\/01-Prof.-Sucharit-Bhakdi-1.jpg","type":"image\/jpeg"}],"author":"admin","twitter_card":"summary_large_image","twitter_misc":{"Geschrieben von":"admin","Gesch\u00e4tzte Lesezeit":"5\u00a0Minuten"},"schema":{"@context":"https:\/\/schema.org","@graph":[{"@type":"Article","@id":"https:\/\/news.save.ch\/offener-brief-prof-em-sucharit-bhakdi-zur-corona-krise\/#article","isPartOf":{"@id":"https:\/\/news.save.ch\/offener-brief-prof-em-sucharit-bhakdi-zur-corona-krise\/"},"author":{"name":"admin","@id":"https:\/\/news.save.ch\/de\/#\/schema\/person\/d49e199490bad7c70d64b9ab51142f2b"},"headline":"Offener Brief Prof. em. Sucharit Bhakdi zur Corona-Krise","datePublished":"2020-04-01T05:45:22+00:00","dateModified":"2023-03-14T08:05:30+00:00","mainEntityOfPage":{"@id":"https:\/\/news.save.ch\/offener-brief-prof-em-sucharit-bhakdi-zur-corona-krise\/"},"wordCount":1077,"publisher":{"@id":"https:\/\/news.save.ch\/de\/#organization"},"image":{"@id":"https:\/\/news.save.ch\/offener-brief-prof-em-sucharit-bhakdi-zur-corona-krise\/#primaryimage"},"thumbnailUrl":"https:\/\/news.save.ch\/wp-content\/uploads\/2020\/04\/01-Prof.-Sucharit-Bhakdi-1.jpg","keywords":["Arbeitssicherheit","BAG","Betriebliches Gesundheitsmanagement","Betriebssanit\u00e4t","Bundesrat","Gesundheitsf\u00f6rderung","Gesundheitsschutz","Hygiene","Pers\u00f6nliche Schutzausr\u00fcstung (PSA)","Pr\u00e4vention","Psychische Gesundheit","Studie","Sucharit Bhakdi","Swiss National COVID-19 Task Force"],"articleSection":["ALLGEMEIN","HEALTH &amp; SAFETY"],"inLanguage":"de"},{"@type":"WebPage","@id":"https:\/\/news.save.ch\/offener-brief-prof-em-sucharit-bhakdi-zur-corona-krise\/","url":"https:\/\/news.save.ch\/offener-brief-prof-em-sucharit-bhakdi-zur-corona-krise\/","name":"Offener Brief Prof. em. Sucharit Bhakdi zur Corona-Krise - Save","isPartOf":{"@id":"https:\/\/news.save.ch\/de\/#website"},"primaryImageOfPage":{"@id":"https:\/\/news.save.ch\/offener-brief-prof-em-sucharit-bhakdi-zur-corona-krise\/#primaryimage"},"image":{"@id":"https:\/\/news.save.ch\/offener-brief-prof-em-sucharit-bhakdi-zur-corona-krise\/#primaryimage"},"thumbnailUrl":"https:\/\/news.save.ch\/wp-content\/uploads\/2020\/04\/01-Prof.-Sucharit-Bhakdi-1.jpg","datePublished":"2020-04-01T05:45:22+00:00","dateModified":"2023-03-14T08:05:30+00:00","description":"Prof. Dr. em. med. Sucharit Bhakdi hat einen offenen Brief mit 5 Fragen an die Bundeskanzlerin betreffend Einschr\u00e4nkungen der Grundrechte geschrieben.","breadcrumb":{"@id":"https:\/\/news.save.ch\/offener-brief-prof-em-sucharit-bhakdi-zur-corona-krise\/#breadcrumb"},"inLanguage":"de","potentialAction":[{"@type":"ReadAction","target":["https:\/\/news.save.ch\/offener-brief-prof-em-sucharit-bhakdi-zur-corona-krise\/"]}]},{"@type":"ImageObject","inLanguage":"de","@id":"https:\/\/news.save.ch\/offener-brief-prof-em-sucharit-bhakdi-zur-corona-krise\/#primaryimage","url":"https:\/\/news.save.ch\/wp-content\/uploads\/2020\/04\/01-Prof.-Sucharit-Bhakdi-1.jpg","contentUrl":"https:\/\/news.save.ch\/wp-content\/uploads\/2020\/04\/01-Prof.-Sucharit-Bhakdi-1.jpg","width":1137,"height":721,"caption":"Prof. em. Dr. med. Sucharit Bhakdi, Facharzt f\u00fcr Mikrobiologie und Infektionsepidemiologie, leitete 22 Jahre das Institut f\u00fcr Medizinische Mikrobiologie und Hygiene der Universit\u00e4t Mainz und appelliert an die deutsche Bundesregierung. \u00a9 Sucharit Bhakdi"},{"@type":"BreadcrumbList","@id":"https:\/\/news.save.ch\/offener-brief-prof-em-sucharit-bhakdi-zur-corona-krise\/#breadcrumb","itemListElement":[{"@type":"ListItem","position":1,"name":"Home","item":"https:\/\/news.save.ch\/de\/"},{"@type":"ListItem","position":2,"name":"Offener Brief Prof. em. Sucharit Bhakdi zur Corona-Krise"}]},{"@type":"WebSite","@id":"https:\/\/news.save.ch\/de\/#website","url":"https:\/\/news.save.ch\/de\/","name":"Save","description":"Schweizer Fachzeitschrift f\u00fcr Sicherheit","publisher":{"@id":"https:\/\/news.save.ch\/de\/#organization"},"potentialAction":[{"@type":"SearchAction","target":{"@type":"EntryPoint","urlTemplate":"https:\/\/news.save.ch\/de\/?s={search_term_string}"},"query-input":{"@type":"PropertyValueSpecification","valueRequired":true,"valueName":"search_term_string"}}],"inLanguage":"de"},{"@type":"Organization","@id":"https:\/\/news.save.ch\/de\/#organization","name":"Sicherheitsforum","url":"https:\/\/news.save.ch\/de\/","logo":{"@type":"ImageObject","inLanguage":"de","@id":"https:\/\/news.save.ch\/de\/#\/schema\/logo\/image\/","url":"https:\/\/news.save.ch\/wp-content\/uploads\/2022\/06\/Logo_SF_2012.png","contentUrl":"https:\/\/news.save.ch\/wp-content\/uploads\/2022\/06\/Logo_SF_2012.png","width":1100,"height":91,"caption":"Sicherheitsforum"},"image":{"@id":"https:\/\/news.save.ch\/de\/#\/schema\/logo\/image\/"}},{"@type":"Person","@id":"https:\/\/news.save.ch\/de\/#\/schema\/person\/d49e199490bad7c70d64b9ab51142f2b","name":"admin","image":{"@type":"ImageObject","inLanguage":"de","@id":"https:\/\/secure.gravatar.com\/avatar\/ae2f4d718e6c49043e314ce431e7e645d646302a24a5ef5a8bc8e3f5a032e319?s=96&d=mm&r=g","url":"https:\/\/secure.gravatar.com\/avatar\/ae2f4d718e6c49043e314ce431e7e645d646302a24a5ef5a8bc8e3f5a032e319?s=96&d=mm&r=g","contentUrl":"https:\/\/secure.gravatar.com\/avatar\/ae2f4d718e6c49043e314ce431e7e645d646302a24a5ef5a8bc8e3f5a032e319?s=96&d=mm&r=g","caption":"admin"},"sameAs":["https:\/\/develop.organisator.galledia.ch"],"url":"https:\/\/news.save.ch\/de\/author\/admin\/"}]}},"_links":{"self":[{"href":"https:\/\/news.save.ch\/de\/wp-json\/wp\/v2\/posts\/16947","targetHints":{"allow":["GET"]}}],"collection":[{"href":"https:\/\/news.save.ch\/de\/wp-json\/wp\/v2\/posts"}],"about":[{"href":"https:\/\/news.save.ch\/de\/wp-json\/wp\/v2\/types\/post"}],"author":[{"embeddable":true,"href":"https:\/\/news.save.ch\/de\/wp-json\/wp\/v2\/users\/1"}],"replies":[{"embeddable":true,"href":"https:\/\/news.save.ch\/de\/wp-json\/wp\/v2\/comments?post=16947"}],"version-history":[{"count":1,"href":"https:\/\/news.save.ch\/de\/wp-json\/wp\/v2\/posts\/16947\/revisions"}],"predecessor-version":[{"id":18206,"href":"https:\/\/news.save.ch\/de\/wp-json\/wp\/v2\/posts\/16947\/revisions\/18206"}],"wp:featuredmedia":[{"embeddable":true,"href":"https:\/\/news.save.ch\/de\/wp-json\/wp\/v2\/media\/5529"}],"wp:attachment":[{"href":"https:\/\/news.save.ch\/de\/wp-json\/wp\/v2\/media?parent=16947"}],"wp:term":[{"taxonomy":"category","embeddable":true,"href":"https:\/\/news.save.ch\/de\/wp-json\/wp\/v2\/categories?post=16947"},{"taxonomy":"post_tag","embeddable":true,"href":"https:\/\/news.save.ch\/de\/wp-json\/wp\/v2\/tags?post=16947"}],"curies":[{"name":"wp","href":"https:\/\/api.w.org\/{rel}","templated":true}]}}