{"id":16954,"date":"2020-06-22T10:13:06","date_gmt":"2020-06-22T08:13:06","guid":{"rendered":"https:\/\/news.save.ch\/?p=5767"},"modified":"2023-03-14T09:03:46","modified_gmt":"2023-03-14T08:03:46","slug":"coronavirus-weitgehende-normalisierung-und-vereinfachte-grundregeln","status":null,"type":"post","link":"https:\/\/news.save.ch\/de\/coronavirus-weitgehende-normalisierung-und-vereinfachte-grundregeln\/","title":{"rendered":"Coronavirus: Weitgehende Normalisierung und vereinfachte Grundregeln"},"content":{"rendered":"<figure id=\"attachment_5770\" aria-describedby=\"caption-attachment-5770\" style=\"width: 680px\" class=\"wp-caption alignnone\"><img loading=\"lazy\" decoding=\"async\" class=\"size-medium wp-image-5770\" src=\"http:\/\/develop.safety-plus.ch\/wp-content\/uploads\/2020\/06\/204558_80.jpg\" alt=\"\" width=\"680\" height=\"452\" srcset=\"https:\/\/news.save.ch\/wp-content\/uploads\/2020\/06\/204558_80.jpg 794w, https:\/\/news.save.ch\/wp-content\/uploads\/2020\/06\/204558_80-680x452.jpg 680w, https:\/\/news.save.ch\/wp-content\/uploads\/2020\/06\/204558_80-768x511.jpg 768w, https:\/\/news.save.ch\/wp-content\/uploads\/2020\/06\/204558_80-18x12.jpg 18w, https:\/\/news.save.ch\/wp-content\/uploads\/2020\/06\/204558_80-375x249.jpg 375w, https:\/\/news.save.ch\/wp-content\/uploads\/2020\/06\/204558_80-526x350.jpg 526w\" sizes=\"auto, (max-width: 680px) 100vw, 680px\" \/><figcaption id=\"caption-attachment-5770\" class=\"wp-caption-text\">Der Bundesrat hebt in einem vierten Schritt die verbliebenen Einschr\u00e4nkungen per 22. Juni weitgehend auf. Veranstaltungen und Versammlungen mit bis zu 1000 Personen sind wieder erlaubt.<\/figcaption><\/figure>\n<p>Der Bundesrat hat ab dem 28. Februar 2020 <a href=\"https:\/\/news.save.ch\/bundesrat-erklaert-die-ausserordentliche-lage-und-verschaerft-die-massnahmen-zu-corona\/\" target=\"_blank\" rel=\"noopener\">Massnahmen zum Schutz vor dem Coronavirus<\/a> eingeleitet und bis am 21. M\u00e4rz schrittweise versch\u00e4rft. Ab dem 27. April hat er die Massnahmen in drei Schritten wieder gelockert. Auch in der <a href=\"https:\/\/www.newsd.admin.ch\/newsd\/message\/attachments\/61817.pdf\" target=\"_blank\" rel=\"noopener\">Lockerungsphase<\/a> sind die Zahlen der Neuinfektionen, der Hospitalisationen und der Todesf\u00e4lle gesunken und haben sich auf tiefem Niveau stabilisiert.<\/p>\n<p><strong>Veranstaltungen mit bis zu 1000 Personen m\u00f6glich<br \/>\n<\/strong>Der Bundesrat hebt in einem vierten Schritt die verbliebenen Einschr\u00e4nkungen per 22. Juni weitgehend auf. Veranstaltungen und Versammlungen mit bis zu 1000 Personen sind wieder erlaubt. Das Nachverfolgen von Kontakten muss aber stets m\u00f6glich sein. Der Veranstalter muss sicherstellen, dass die Zahl der maximal zu kontaktierenden Personen nicht gr\u00f6sser als 300 ist, etwa durch die Unterteilung in Sektoren. Die Kantone k\u00f6nnen diese Grenze auch herabsetzen. Grossveranstaltungen von mehr als 1000 Personen sind ab Anfang September wieder erlaubt, sofern sich die <a href=\"https:\/\/www.newsd.admin.ch\/newsd\/message\/attachments\/61799.pdf\" target=\"_blank\" rel=\"noopener\">epidemiologische Lage<\/a> nicht verschlechtert. Dabei m\u00fcssen die Teilnehmenden ebenfalls in Sektoren aufgeteilt werden.<\/p>\n<p>In Restaurants besteht ab dem 22. Juni keine Sitzpflicht mehr. Der Bundesrat hat zudem die Sperrstunde f\u00fcr Restaurationsbetriebe, Discos und Nachtclubs aufgehoben.<\/p>\n<p><strong>Vereinfachte Grundregeln f\u00fcr alle<br \/>\n<\/strong>Der Bundesrat setzt nach den erfolgten Lockerungsschritten noch verst\u00e4rkt auf eigenverantwortliches Handeln; die Menschen sollen weiterhin die Hygiene- und Abstandsregeln einhalten. Der Bundesrat hat zudem die Vorgaben f\u00fcr Schutzkonzepte vereinfacht und vereinheitlicht. Alle \u00f6ffentlich zug\u00e4nglichen Orte m\u00fcssen \u00fcber ein Schutzkonzept verf\u00fcgen, auf spezifische Regeln f\u00fcr einzelne Kategorien von Betrieben, Veranstaltungen oder Bildungseinrichtungen wird verzichtet. Neu gelten dieselben Vorgaben f\u00fcr alle Konzepte; Musterschutzkonzepte gibt es keine mehr.<\/p>\n<p>Der Mindestabstand zwischen zwei Personen wird angesichts der tiefen Fallzahlen von 2 Metern auf 1,5 Meter reduziert. Wenn die Distanz von 1,5 Metern w\u00e4hrend mehr als 15 Minuten nicht eingehalten werden kann, besteht ein erhebliches Ansteckungsrisiko. Der Abstand kann weiterhin unterschritten werden, wenn eine Maske getragen wird oder Trennw\u00e4nde vorhanden sind. Bei Veranstaltungen mit festen Sitzpl\u00e4tzen, zum Beispiel im Konzert oder im Kino, reicht das Leerlassen eines Sitzes. Falls an Veranstaltungen, Anl\u00e4ssen oder in Schulen die Distanzmassnahmen nicht m\u00f6glich sind, m\u00fcssen Kontaktlisten gef\u00fchrt werden. Damit ist bei einem positiven Fall das Nachverfolgen der Kontakte (Contact Tracing) sichergestellt.<\/p>\n<p><strong>Masken: im \u00d6V immer dabei haben, Pflicht an Demonstrationen<br \/>\n<\/strong>Masken k\u00f6nnen das Infektionsrisiko stark senken. Im \u00f6ffentlichen Verkehr wird das Tragen einer Maske dringend empfohlen, wenn der n\u00f6tige Abstand nicht eingehalten werden kann. Alle <a href=\"https:\/\/news.save.ch\/praktische-ratschlaege-zum-reisen-in-der-schweiz\/\" target=\"_blank\" rel=\"noopener\">Reisenden<\/a> sollen stets eine Gesichtsmaske bei sich tragen. An Demonstrationen gibt es keine Obergrenze f\u00fcr die Anzahl teilnehmender Personen, es gilt aber eine Maskentragpflicht. Diese \u00c4nderung f\u00fcr politische und zivilgesellschaftliche Kundgebungen gelten bereits ab Samstag, 20. Juni 2020.<\/p>\n<p><strong>Home-Office-Empfehlung wird aufgehoben<br \/>\n<\/strong>Die Entscheidung dar\u00fcber, ob die Arbeitnehmenden zu Hause oder im B\u00fcro arbeiten sollen, ist zuk\u00fcnftig dem Arbeitgeber \u00fcberlassen. Die <a href=\"https:\/\/news.save.ch\/corona-krise-rechte-pflichten-im-buero-als-arbeitnehmer-im-home-office\/\" target=\"_blank\" rel=\"noopener\">Home-Office-Empfehlungen<\/a> werden aufgehoben, ebenso die Vorgaben zum Schutz der Gruppe <a href=\"https:\/\/news.save.ch\/offener-brief-prof-em-sucharit-bhakdi-zur-corona-krise\/\" target=\"_blank\" rel=\"noopener\">besonders gef\u00e4hrdeter Personen<\/a>. Auch diese k\u00f6nnen wieder an ihren Arbeitsplatz zur\u00fcckkehren. Der Arbeitgeber ist aber verpflichtet, die Gesundheit der Arbeitnehmenden mit entsprechenden<br \/>\nMassnahmen zu sch\u00fctzen. Es gilt das Arbeitsgesetz. Die vereinfachten Grundregeln gelten auch f\u00fcr das Gewerbe, die Industrie sowie \u00f6ffentlich nicht zug\u00e4ngliche Dienstleistungsbetriebe. Schutzkonzepte sind hier nicht n\u00f6tig.<\/p>\n<p><strong>Bew\u00e4ltigung eines Wiederanstiegs<br \/>\n<\/strong>Nach dem heute erfolgten Ausstieg aus der ausserordentlichen Lage hat der Bundesrat \u00fcber die Bew\u00e4ltigung einer allf\u00e4lligen zweiten Welle eine Aussprache gef\u00fchrt. Im Gegensatz zur ersten Welle soll die Hauptverantwortung bei einem Wiederanstieg der COVID-19-F\u00e4lle bei den Kantonen liegen. Kantone, die eine Zunahme der Fallzahlen feststellen, sollen diese mit geeigneten Massnahmen bew\u00e4ltigen. Dabei sind diejenigen Massnahmen vorzuziehen, die sich als besonders wirksam gegen die Ausbreitung von Neuinfektionen erwiesen haben. Der Bundesrat hat zur Bew\u00e4ltigung einer zweiten Welle den Departementen eine Reihe von Auftr\u00e4gen erteilt, etwa um rasch \u00fcber detaillierte Daten zu verf\u00fcgen oder die Versorgung mit den notwendigen Heilmitteln und Schutzausr\u00fcstungen sicherzustellen.<\/p>\n<p>Der Bundesrat hat an seiner Sitzung vom 19.06.2020 zudem den <a href=\"https:\/\/www.newsd.admin.ch\/newsd\/message\/attachments\/61814.pdf\" target=\"_blank\" rel=\"noopener\">Schlussbericht des Krisenstabs des Bundesrats Corona<\/a> (KSBC) zur Kenntnis genommen und beschlossen, diesen mit dem Ausstieg aus der ausserordentlichen Lage aufzul\u00f6sen. Der KSBC wurde vom Bundesrat am 20. M\u00e4rz 2020 einberufen, um die Koordination mit den Departementen, der Bundeskanzlei, Kantonsvertretern und anderen Krisenst\u00e4ben sicherzustellen.<\/p>\n<p>Text: <a href=\"https:\/\/www.bag.admin.ch\/bag\/de\/home.html\" target=\"_blank\" rel=\"noopener\">Bundesamt f\u00fcr Gesundheit<\/a><\/p>\n","protected":false},"excerpt":{"rendered":"<p>Der Bundesrat hat ab dem 28. Februar 2020 Massnahmen zum Schutz vor dem Coronavirus eingeleitet und bis am 21. M\u00e4rz schrittweise versch\u00e4rft. Ab dem 27. April hat er die Massnahmen in drei Schritten wieder gelockert. Auch in der Lockerungsphase sind die Zahlen der Neuinfektionen, der Hospitalisationen und der Todesf\u00e4lle gesunken und haben sich auf tiefem [&hellip;]<\/p>\n","protected":false},"author":1,"featured_media":5770,"comment_status":"closed","ping_status":"closed","sticky":false,"template":"","format":"standard","meta":{"_acf_changed":false,"pgc_sgb_lightbox_settings":"","footnotes":""},"categories":[1,3314],"tags":[172,700,1775,168,631,149,141,160],"class_list":["post-16954","post","type-post","status-publish","format-standard","has-post-thumbnail","hentry","category-allgemein","category-health-safety","tag-arbeitssicherheit","tag-bag","tag-betriebliches-gesundheitsmanagement","tag-bundesrat","tag-coronavirus","tag-gesundheitsschutz","tag-praevention","tag-veranstaltungen"],"acf":[],"hkrextid":null,"publication":null,"issue":null,"workflow":null,"startPage":null,"spitzmarke":null,"_posts_by_tag_page_fields":{"widget_title":"","widget_tags":""},"_at_widget":"1","_yoast_wpseo_primary_category":"1","_yoast_wpseo_focuskw_text_input":"Coronavirus","_yoast_wpseo_opengraph-image":null,"_yoast_wpseo_opengraph-description":null,"_yoast_wpseo_opengraph-title":null,"enclosure":null,"_yoast_wpseo_twitter-title":null,"_yoast_wpseo_twitter-description":null,"_yoast_wpseo_twitter-image":null,"_wp_old_slug":null,"_yoast_wpseo_title":null,"_yoast_wpseo_canonical":null,"yoast_head":"<!-- This site is optimized with the Yoast SEO plugin v27.5 - https:\/\/yoast.com\/product\/yoast-seo-wordpress\/ -->\n<title>Coronavirus: Weitgehende Normalisierung und vereinfachte Grundregeln - Save<\/title>\n<meta name=\"description\" content=\"Ab Montag, 22. Juni, werden die Massnahmen zur Bek\u00e4mpfung des neuen Coronavirus weitgehend aufgehoben.\" \/>\n<meta name=\"robots\" content=\"index, follow, max-snippet:-1, max-image-preview:large, max-video-preview:-1\" \/>\n<link rel=\"canonical\" href=\"https:\/\/news.save.ch\/de\/coronavirus-weitgehende-normalisierung-und-vereinfachte-grundregeln\/\" \/>\n<meta property=\"og:locale\" content=\"de_DE\" \/>\n<meta property=\"og:type\" content=\"article\" \/>\n<meta property=\"og:title\" content=\"Coronavirus: Weitgehende Normalisierung und vereinfachte Grundregeln - Save\" \/>\n<meta property=\"og:description\" content=\"Ab Montag, 22. Juni, werden die Massnahmen zur Bek\u00e4mpfung des neuen Coronavirus weitgehend aufgehoben.\" \/>\n<meta property=\"og:url\" content=\"https:\/\/news.save.ch\/de\/coronavirus-weitgehende-normalisierung-und-vereinfachte-grundregeln\/\" \/>\n<meta property=\"og:site_name\" content=\"Save\" \/>\n<meta property=\"article:published_time\" content=\"2020-06-22T08:13:06+00:00\" \/>\n<meta property=\"article:modified_time\" content=\"2023-03-14T08:03:46+00:00\" \/>\n<meta property=\"og:image\" content=\"https:\/\/news.save.ch\/wp-content\/uploads\/2020\/06\/204558_80.jpg\" \/>\n\t<meta property=\"og:image:width\" content=\"794\" \/>\n\t<meta property=\"og:image:height\" content=\"528\" \/>\n\t<meta property=\"og:image:type\" content=\"image\/jpeg\" \/>\n<meta name=\"author\" content=\"admin\" \/>\n<meta name=\"twitter:card\" content=\"summary_large_image\" \/>\n<meta name=\"twitter:label1\" content=\"Geschrieben von\" \/>\n\t<meta name=\"twitter:data1\" content=\"admin\" \/>\n\t<meta name=\"twitter:label2\" content=\"Gesch\u00e4tzte Lesezeit\" \/>\n\t<meta name=\"twitter:data2\" content=\"4\u00a0Minuten\" \/>\n<script type=\"application\/ld+json\" class=\"yoast-schema-graph\">{\"@context\":\"https:\\\/\\\/schema.org\",\"@graph\":[{\"@type\":\"Article\",\"@id\":\"https:\\\/\\\/news.save.ch\\\/coronavirus-weitgehende-normalisierung-und-vereinfachte-grundregeln\\\/#article\",\"isPartOf\":{\"@id\":\"https:\\\/\\\/news.save.ch\\\/coronavirus-weitgehende-normalisierung-und-vereinfachte-grundregeln\\\/\"},\"author\":{\"name\":\"admin\",\"@id\":\"https:\\\/\\\/news.save.ch\\\/de\\\/#\\\/schema\\\/person\\\/d49e199490bad7c70d64b9ab51142f2b\"},\"headline\":\"Coronavirus: Weitgehende Normalisierung und vereinfachte Grundregeln\",\"datePublished\":\"2020-06-22T08:13:06+00:00\",\"dateModified\":\"2023-03-14T08:03:46+00:00\",\"mainEntityOfPage\":{\"@id\":\"https:\\\/\\\/news.save.ch\\\/coronavirus-weitgehende-normalisierung-und-vereinfachte-grundregeln\\\/\"},\"wordCount\":735,\"publisher\":{\"@id\":\"https:\\\/\\\/news.save.ch\\\/de\\\/#organization\"},\"image\":{\"@id\":\"https:\\\/\\\/news.save.ch\\\/coronavirus-weitgehende-normalisierung-und-vereinfachte-grundregeln\\\/#primaryimage\"},\"thumbnailUrl\":\"https:\\\/\\\/news.save.ch\\\/wp-content\\\/uploads\\\/2020\\\/06\\\/204558_80.jpg\",\"keywords\":[\"Arbeitssicherheit\",\"BAG\",\"Betriebliches Gesundheitsmanagement\",\"Bundesrat\",\"Coronavirus\",\"Gesundheitsschutz\",\"Pr\u00e4vention\",\"Veranstaltungen\"],\"articleSection\":[\"ALLGEMEIN\",\"HEALTH &amp; SAFETY\"],\"inLanguage\":\"de\"},{\"@type\":\"WebPage\",\"@id\":\"https:\\\/\\\/news.save.ch\\\/coronavirus-weitgehende-normalisierung-und-vereinfachte-grundregeln\\\/\",\"url\":\"https:\\\/\\\/news.save.ch\\\/coronavirus-weitgehende-normalisierung-und-vereinfachte-grundregeln\\\/\",\"name\":\"Coronavirus: Weitgehende Normalisierung und vereinfachte Grundregeln - Save\",\"isPartOf\":{\"@id\":\"https:\\\/\\\/news.save.ch\\\/de\\\/#website\"},\"primaryImageOfPage\":{\"@id\":\"https:\\\/\\\/news.save.ch\\\/coronavirus-weitgehende-normalisierung-und-vereinfachte-grundregeln\\\/#primaryimage\"},\"image\":{\"@id\":\"https:\\\/\\\/news.save.ch\\\/coronavirus-weitgehende-normalisierung-und-vereinfachte-grundregeln\\\/#primaryimage\"},\"thumbnailUrl\":\"https:\\\/\\\/news.save.ch\\\/wp-content\\\/uploads\\\/2020\\\/06\\\/204558_80.jpg\",\"datePublished\":\"2020-06-22T08:13:06+00:00\",\"dateModified\":\"2023-03-14T08:03:46+00:00\",\"description\":\"Ab Montag, 22. Juni, werden die Massnahmen zur Bek\u00e4mpfung des neuen Coronavirus weitgehend aufgehoben.\",\"breadcrumb\":{\"@id\":\"https:\\\/\\\/news.save.ch\\\/coronavirus-weitgehende-normalisierung-und-vereinfachte-grundregeln\\\/#breadcrumb\"},\"inLanguage\":\"de\",\"potentialAction\":[{\"@type\":\"ReadAction\",\"target\":[\"https:\\\/\\\/news.save.ch\\\/coronavirus-weitgehende-normalisierung-und-vereinfachte-grundregeln\\\/\"]}]},{\"@type\":\"ImageObject\",\"inLanguage\":\"de\",\"@id\":\"https:\\\/\\\/news.save.ch\\\/coronavirus-weitgehende-normalisierung-und-vereinfachte-grundregeln\\\/#primaryimage\",\"url\":\"https:\\\/\\\/news.save.ch\\\/wp-content\\\/uploads\\\/2020\\\/06\\\/204558_80.jpg\",\"contentUrl\":\"https:\\\/\\\/news.save.ch\\\/wp-content\\\/uploads\\\/2020\\\/06\\\/204558_80.jpg\",\"width\":794,\"height\":528,\"caption\":\"Coronavirus: Grossanl\u00e4sse sind ab 1. Oktober 2020 unter strengen Bedingungen und mit Bewilligung wieder m\u00f6glich.\"},{\"@type\":\"BreadcrumbList\",\"@id\":\"https:\\\/\\\/news.save.ch\\\/coronavirus-weitgehende-normalisierung-und-vereinfachte-grundregeln\\\/#breadcrumb\",\"itemListElement\":[{\"@type\":\"ListItem\",\"position\":1,\"name\":\"Home\",\"item\":\"https:\\\/\\\/news.save.ch\\\/de\\\/\"},{\"@type\":\"ListItem\",\"position\":2,\"name\":\"Coronavirus: Weitgehende Normalisierung und vereinfachte Grundregeln\"}]},{\"@type\":\"WebSite\",\"@id\":\"https:\\\/\\\/news.save.ch\\\/de\\\/#website\",\"url\":\"https:\\\/\\\/news.save.ch\\\/de\\\/\",\"name\":\"Save\",\"description\":\"Schweizer Fachzeitschrift f\u00fcr Sicherheit\",\"publisher\":{\"@id\":\"https:\\\/\\\/news.save.ch\\\/de\\\/#organization\"},\"potentialAction\":[{\"@type\":\"SearchAction\",\"target\":{\"@type\":\"EntryPoint\",\"urlTemplate\":\"https:\\\/\\\/news.save.ch\\\/de\\\/?s={search_term_string}\"},\"query-input\":{\"@type\":\"PropertyValueSpecification\",\"valueRequired\":true,\"valueName\":\"search_term_string\"}}],\"inLanguage\":\"de\"},{\"@type\":\"Organization\",\"@id\":\"https:\\\/\\\/news.save.ch\\\/de\\\/#organization\",\"name\":\"Sicherheitsforum\",\"url\":\"https:\\\/\\\/news.save.ch\\\/de\\\/\",\"logo\":{\"@type\":\"ImageObject\",\"inLanguage\":\"de\",\"@id\":\"https:\\\/\\\/news.save.ch\\\/de\\\/#\\\/schema\\\/logo\\\/image\\\/\",\"url\":\"https:\\\/\\\/news.save.ch\\\/wp-content\\\/uploads\\\/2022\\\/06\\\/Logo_SF_2012.png\",\"contentUrl\":\"https:\\\/\\\/news.save.ch\\\/wp-content\\\/uploads\\\/2022\\\/06\\\/Logo_SF_2012.png\",\"width\":1100,\"height\":91,\"caption\":\"Sicherheitsforum\"},\"image\":{\"@id\":\"https:\\\/\\\/news.save.ch\\\/de\\\/#\\\/schema\\\/logo\\\/image\\\/\"}},{\"@type\":\"Person\",\"@id\":\"https:\\\/\\\/news.save.ch\\\/de\\\/#\\\/schema\\\/person\\\/d49e199490bad7c70d64b9ab51142f2b\",\"name\":\"admin\",\"image\":{\"@type\":\"ImageObject\",\"inLanguage\":\"de\",\"@id\":\"https:\\\/\\\/secure.gravatar.com\\\/avatar\\\/ae2f4d718e6c49043e314ce431e7e645d646302a24a5ef5a8bc8e3f5a032e319?s=96&d=mm&r=g\",\"url\":\"https:\\\/\\\/secure.gravatar.com\\\/avatar\\\/ae2f4d718e6c49043e314ce431e7e645d646302a24a5ef5a8bc8e3f5a032e319?s=96&d=mm&r=g\",\"contentUrl\":\"https:\\\/\\\/secure.gravatar.com\\\/avatar\\\/ae2f4d718e6c49043e314ce431e7e645d646302a24a5ef5a8bc8e3f5a032e319?s=96&d=mm&r=g\",\"caption\":\"admin\"},\"sameAs\":[\"https:\\\/\\\/develop.organisator.galledia.ch\"],\"url\":\"https:\\\/\\\/news.save.ch\\\/de\\\/author\\\/admin\\\/\"}]}<\/script>\n<!-- \/ Yoast SEO plugin. -->","yoast_head_json":{"title":"Coronavirus: Weitgehende Normalisierung und vereinfachte Grundregeln - Save","description":"Ab Montag, 22. Juni, werden die Massnahmen zur Bek\u00e4mpfung des neuen Coronavirus weitgehend aufgehoben.","robots":{"index":"index","follow":"follow","max-snippet":"max-snippet:-1","max-image-preview":"max-image-preview:large","max-video-preview":"max-video-preview:-1"},"canonical":"https:\/\/news.save.ch\/de\/coronavirus-weitgehende-normalisierung-und-vereinfachte-grundregeln\/","og_locale":"de_DE","og_type":"article","og_title":"Coronavirus: Weitgehende Normalisierung und vereinfachte Grundregeln - Save","og_description":"Ab Montag, 22. Juni, werden die Massnahmen zur Bek\u00e4mpfung des neuen Coronavirus weitgehend aufgehoben.","og_url":"https:\/\/news.save.ch\/de\/coronavirus-weitgehende-normalisierung-und-vereinfachte-grundregeln\/","og_site_name":"Save","article_published_time":"2020-06-22T08:13:06+00:00","article_modified_time":"2023-03-14T08:03:46+00:00","og_image":[{"width":794,"height":528,"url":"https:\/\/news.save.ch\/wp-content\/uploads\/2020\/06\/204558_80.jpg","type":"image\/jpeg"}],"author":"admin","twitter_card":"summary_large_image","twitter_misc":{"Geschrieben von":"admin","Gesch\u00e4tzte Lesezeit":"4\u00a0Minuten"},"schema":{"@context":"https:\/\/schema.org","@graph":[{"@type":"Article","@id":"https:\/\/news.save.ch\/coronavirus-weitgehende-normalisierung-und-vereinfachte-grundregeln\/#article","isPartOf":{"@id":"https:\/\/news.save.ch\/coronavirus-weitgehende-normalisierung-und-vereinfachte-grundregeln\/"},"author":{"name":"admin","@id":"https:\/\/news.save.ch\/de\/#\/schema\/person\/d49e199490bad7c70d64b9ab51142f2b"},"headline":"Coronavirus: Weitgehende Normalisierung und vereinfachte Grundregeln","datePublished":"2020-06-22T08:13:06+00:00","dateModified":"2023-03-14T08:03:46+00:00","mainEntityOfPage":{"@id":"https:\/\/news.save.ch\/coronavirus-weitgehende-normalisierung-und-vereinfachte-grundregeln\/"},"wordCount":735,"publisher":{"@id":"https:\/\/news.save.ch\/de\/#organization"},"image":{"@id":"https:\/\/news.save.ch\/coronavirus-weitgehende-normalisierung-und-vereinfachte-grundregeln\/#primaryimage"},"thumbnailUrl":"https:\/\/news.save.ch\/wp-content\/uploads\/2020\/06\/204558_80.jpg","keywords":["Arbeitssicherheit","BAG","Betriebliches Gesundheitsmanagement","Bundesrat","Coronavirus","Gesundheitsschutz","Pr\u00e4vention","Veranstaltungen"],"articleSection":["ALLGEMEIN","HEALTH &amp; SAFETY"],"inLanguage":"de"},{"@type":"WebPage","@id":"https:\/\/news.save.ch\/coronavirus-weitgehende-normalisierung-und-vereinfachte-grundregeln\/","url":"https:\/\/news.save.ch\/coronavirus-weitgehende-normalisierung-und-vereinfachte-grundregeln\/","name":"Coronavirus: Weitgehende Normalisierung und vereinfachte Grundregeln - Save","isPartOf":{"@id":"https:\/\/news.save.ch\/de\/#website"},"primaryImageOfPage":{"@id":"https:\/\/news.save.ch\/coronavirus-weitgehende-normalisierung-und-vereinfachte-grundregeln\/#primaryimage"},"image":{"@id":"https:\/\/news.save.ch\/coronavirus-weitgehende-normalisierung-und-vereinfachte-grundregeln\/#primaryimage"},"thumbnailUrl":"https:\/\/news.save.ch\/wp-content\/uploads\/2020\/06\/204558_80.jpg","datePublished":"2020-06-22T08:13:06+00:00","dateModified":"2023-03-14T08:03:46+00:00","description":"Ab Montag, 22. Juni, werden die Massnahmen zur Bek\u00e4mpfung des neuen Coronavirus weitgehend aufgehoben.","breadcrumb":{"@id":"https:\/\/news.save.ch\/coronavirus-weitgehende-normalisierung-und-vereinfachte-grundregeln\/#breadcrumb"},"inLanguage":"de","potentialAction":[{"@type":"ReadAction","target":["https:\/\/news.save.ch\/coronavirus-weitgehende-normalisierung-und-vereinfachte-grundregeln\/"]}]},{"@type":"ImageObject","inLanguage":"de","@id":"https:\/\/news.save.ch\/coronavirus-weitgehende-normalisierung-und-vereinfachte-grundregeln\/#primaryimage","url":"https:\/\/news.save.ch\/wp-content\/uploads\/2020\/06\/204558_80.jpg","contentUrl":"https:\/\/news.save.ch\/wp-content\/uploads\/2020\/06\/204558_80.jpg","width":794,"height":528,"caption":"Coronavirus: Grossanl\u00e4sse sind ab 1. Oktober 2020 unter strengen Bedingungen und mit Bewilligung wieder m\u00f6glich."},{"@type":"BreadcrumbList","@id":"https:\/\/news.save.ch\/coronavirus-weitgehende-normalisierung-und-vereinfachte-grundregeln\/#breadcrumb","itemListElement":[{"@type":"ListItem","position":1,"name":"Home","item":"https:\/\/news.save.ch\/de\/"},{"@type":"ListItem","position":2,"name":"Coronavirus: Weitgehende Normalisierung und vereinfachte Grundregeln"}]},{"@type":"WebSite","@id":"https:\/\/news.save.ch\/de\/#website","url":"https:\/\/news.save.ch\/de\/","name":"Save","description":"Schweizer Fachzeitschrift f\u00fcr Sicherheit","publisher":{"@id":"https:\/\/news.save.ch\/de\/#organization"},"potentialAction":[{"@type":"SearchAction","target":{"@type":"EntryPoint","urlTemplate":"https:\/\/news.save.ch\/de\/?s={search_term_string}"},"query-input":{"@type":"PropertyValueSpecification","valueRequired":true,"valueName":"search_term_string"}}],"inLanguage":"de"},{"@type":"Organization","@id":"https:\/\/news.save.ch\/de\/#organization","name":"Sicherheitsforum","url":"https:\/\/news.save.ch\/de\/","logo":{"@type":"ImageObject","inLanguage":"de","@id":"https:\/\/news.save.ch\/de\/#\/schema\/logo\/image\/","url":"https:\/\/news.save.ch\/wp-content\/uploads\/2022\/06\/Logo_SF_2012.png","contentUrl":"https:\/\/news.save.ch\/wp-content\/uploads\/2022\/06\/Logo_SF_2012.png","width":1100,"height":91,"caption":"Sicherheitsforum"},"image":{"@id":"https:\/\/news.save.ch\/de\/#\/schema\/logo\/image\/"}},{"@type":"Person","@id":"https:\/\/news.save.ch\/de\/#\/schema\/person\/d49e199490bad7c70d64b9ab51142f2b","name":"admin","image":{"@type":"ImageObject","inLanguage":"de","@id":"https:\/\/secure.gravatar.com\/avatar\/ae2f4d718e6c49043e314ce431e7e645d646302a24a5ef5a8bc8e3f5a032e319?s=96&d=mm&r=g","url":"https:\/\/secure.gravatar.com\/avatar\/ae2f4d718e6c49043e314ce431e7e645d646302a24a5ef5a8bc8e3f5a032e319?s=96&d=mm&r=g","contentUrl":"https:\/\/secure.gravatar.com\/avatar\/ae2f4d718e6c49043e314ce431e7e645d646302a24a5ef5a8bc8e3f5a032e319?s=96&d=mm&r=g","caption":"admin"},"sameAs":["https:\/\/develop.organisator.galledia.ch"],"url":"https:\/\/news.save.ch\/de\/author\/admin\/"}]}},"_links":{"self":[{"href":"https:\/\/news.save.ch\/de\/wp-json\/wp\/v2\/posts\/16954","targetHints":{"allow":["GET"]}}],"collection":[{"href":"https:\/\/news.save.ch\/de\/wp-json\/wp\/v2\/posts"}],"about":[{"href":"https:\/\/news.save.ch\/de\/wp-json\/wp\/v2\/types\/post"}],"author":[{"embeddable":true,"href":"https:\/\/news.save.ch\/de\/wp-json\/wp\/v2\/users\/1"}],"replies":[{"embeddable":true,"href":"https:\/\/news.save.ch\/de\/wp-json\/wp\/v2\/comments?post=16954"}],"version-history":[{"count":1,"href":"https:\/\/news.save.ch\/de\/wp-json\/wp\/v2\/posts\/16954\/revisions"}],"predecessor-version":[{"id":18192,"href":"https:\/\/news.save.ch\/de\/wp-json\/wp\/v2\/posts\/16954\/revisions\/18192"}],"wp:featuredmedia":[{"embeddable":true,"href":"https:\/\/news.save.ch\/de\/wp-json\/wp\/v2\/media\/5770"}],"wp:attachment":[{"href":"https:\/\/news.save.ch\/de\/wp-json\/wp\/v2\/media?parent=16954"}],"wp:term":[{"taxonomy":"category","embeddable":true,"href":"https:\/\/news.save.ch\/de\/wp-json\/wp\/v2\/categories?post=16954"},{"taxonomy":"post_tag","embeddable":true,"href":"https:\/\/news.save.ch\/de\/wp-json\/wp\/v2\/tags?post=16954"}],"curies":[{"name":"wp","href":"https:\/\/api.w.org\/{rel}","templated":true}]}}