{"id":16955,"date":"2020-07-01T08:18:18","date_gmt":"2020-07-01T06:18:18","guid":{"rendered":"https:\/\/news.save.ch\/?p=3050"},"modified":"2023-03-14T09:05:03","modified_gmt":"2023-03-14T08:05:03","slug":"schuetzen-sie-sich-vor-uv-strahlung","status":null,"type":"post","link":"https:\/\/news.save.ch\/de\/schuetzen-sie-sich-vor-uv-strahlung\/","title":{"rendered":"Sch\u00fctzen Sie sich vor UV-Strahlung"},"content":{"rendered":"<figure id=\"attachment_3051\" aria-describedby=\"caption-attachment-3051\" style=\"width: 680px\" class=\"wp-caption alignnone\"><img loading=\"lazy\" decoding=\"async\" class=\"size-medium wp-image-3051\" src=\"http:\/\/develop.safety-plus.ch\/wp-content\/uploads\/2018\/06\/SUV_UVinfo_V6.jpg\" alt=\"\" width=\"680\" height=\"959\" srcset=\"https:\/\/news.save.ch\/wp-content\/uploads\/2018\/06\/SUV_UVinfo_V6.jpg 764w, https:\/\/news.save.ch\/wp-content\/uploads\/2018\/06\/SUV_UVinfo_V6-680x959.jpg 680w, https:\/\/news.save.ch\/wp-content\/uploads\/2018\/06\/SUV_UVinfo_V6-726x1024.jpg 726w, https:\/\/news.save.ch\/wp-content\/uploads\/2018\/06\/SUV_UVinfo_V6-9x12.jpg 9w, https:\/\/news.save.ch\/wp-content\/uploads\/2018\/06\/SUV_UVinfo_V6-213x300.jpg 213w, https:\/\/news.save.ch\/wp-content\/uploads\/2018\/06\/SUV_UVinfo_V6-248x350.jpg 248w, https:\/\/news.save.ch\/wp-content\/uploads\/2018\/06\/SUV_UVinfo_V6-568x800.jpg 568w\" sizes=\"auto, (max-width: 680px) 100vw, 680px\" \/><figcaption id=\"caption-attachment-3051\" class=\"wp-caption-text\">Das w\u00e4re vorbildlich, aber leider noch viel zu selten auf Baustellen anzutreffen: Hut mit Stirnblende und Nackenschutz gegen gef\u00e4hrliche UV-Strahlung. \u00a9 Suva<\/figcaption><\/figure>\n<p>Jedes Jahr erkranken etwa 1000 Personen bei der Arbeit an <a href=\"https:\/\/news.save.ch\/hautkrebs-entsteht-nicht-nur-am-strand\/\" target=\"_blank\" rel=\"noopener\">Hautkrebs<\/a>. Wenn Sie regelm\u00e4ssig im Freien arbeiten, m\u00fcssen Sie sich unbedingt vor den UV-Strahlen sch\u00fctzen. Ihr Arbeitgeber muss Ihnen den n\u00f6tigen UV-Schutz zur Verf\u00fcgung stellen. Anfangs Sommer (ab 21. Juni) ist die UV-Strahlung am h\u00f6chsten. Bereits im Fr\u00fchling werden die UV-Strahlen so intensiv, dass ein wirksamer <a href=\"https:\/\/news.save.ch\/die-haut-schuetzen-auch-bei-der-arbeit\/\" target=\"_blank\" rel=\"noopener\">Hautschutz<\/a> n\u00f6tig ist. Auch dann, wenn es noch k\u00fchl ist und bei leichter Bew\u00f6lkung. Im Hochsommer (Juni und Juli) ist die UV-Strahlung am gef\u00e4hrlichsten. Dann m\u00fcssen Sie sich an sonnigen und auch an leicht bew\u00f6lkten Tagen zus\u00e4tzlich sch\u00fctzen. Kopf, Ohren und Nacken sind am meisten gef\u00e4hrdet. Tragen Sie deshalb einen Hut mit Stirnblende und Nackenschutz.<\/p>\n<p><strong>Fakten<\/strong><\/p>\n<ul>\n<li>Zwei Drittel der sch\u00e4dlichen <a href=\"https:\/\/news.save.ch\/hautkrebsrisiko-steigt-auch-ohne-sonnenbrand\/\" target=\"_blank\" rel=\"noopener\">UV-Strahlung<\/a> trifft zwischen 11.00 und 15.00 Uhr auf die Erdoberfl\u00e4che.<\/li>\n<li>In den Bergen ist die UV-Strahlung st\u00e4rker als im Flachland.<\/li>\n<li>Noch intensiver wird die UV-Strahlung auf hellem oder metallenem Untergrund (z. B. Dachfl\u00e4chen), auf dem Wasser, im Schnee oder Sand.<\/li>\n<\/ul>\n<p><strong>Was der Arbeitgeber wissen muss<\/strong><\/p>\n<p>Gegen die sch\u00e4dliche Einwirkung von UV-Strahlung muss der Arbeitgeber die erforderlichen Schutzmassnahmen treffen (<a href=\"https:\/\/www.admin.ch\/opc\/de\/classified-compilation\/19830377\/index.html#a5\" target=\"_blank\" rel=\"noopener\">Art. 5\u00a0<\/a>\u00a0VUV). Dazu geh\u00f6rt auch die Abgabe von <a href=\"https:\/\/news.save.ch\/die-haut-vergisst-nie\/\" target=\"_blank\" rel=\"noopener\">Sonnencreme<\/a>. Ebenso wichtig ist es, dass sich Ihre Mitarbeiter bei ihrer Arbeit an der Sonne vor den gef\u00e4hrlichen UV-Strahlen sch\u00fctzen (<a href=\"https:\/\/www.admin.ch\/opc\/de\/classified-compilation\/19810038\/index.html#a82\" target=\"_blank\" rel=\"noopener\">Art. 82\u00a0<\/a>\u00a0UVG). Dazu geh\u00f6ren die Verwendung von Sonnencreme und im Juni und Juli eine passende Kopfbedeckung (Helm oder M\u00fctze) mit Stirnblende und Nackenschutz.<\/p>\n<p><strong>Hitze<\/strong><\/p>\n<p>W\u00e4hrend der grossen Hitze im Hochsommer ist der K\u00f6rper besonders stark belastet. Noch intensiver wird es bei hoher Luftfeuchtigkeit. Personen, die schwere k\u00f6rperliche Arbeit leisten, leiden unter diesen Strapazen. Und weiter: Treffen Sie aufgrund der <a href=\"https:\/\/news.save.ch\/an-hitzetagen-gibt-es-7-mehr-unfaelle\/\" target=\"_blank\" rel=\"noopener\">Hitzewarnungen<\/a> von Meteo Schweiz f\u00fcr Ihre Mitarbeiter die entsprechenden Massnahmen.<\/p>\n<p>Bei grosser Hitzebelastung (ab Gefahrenstufe 3):<\/p>\n<ul>\n<li>Verlegen Sie die Arbeiten wenn m\u00f6glich in die fr\u00fchen Morgenstunden und den Vormittag.<\/li>\n<li>Trinken Sie viel und h\u00e4ufig: mindestens \u00bd Liter pro Stunde (natriumhaltiges Mineralwasser, S\u00e4fte, Tee, Suppen). In der Hitze nichts zu trinken ist lebensgef\u00e4hrlich!<\/li>\n<li>Arbeiten Sie nicht allein, damit die Kollegen Anzeichen eines Hitzeproblems erkennen und reagieren k\u00f6nnen.<\/li>\n<li>Suchen Sie immer wieder den Schatten auf<\/li>\n<\/ul>\n<p><strong>Ozon<\/strong><\/p>\n<p>Bei intensiver Sonneneinstrahlung bildet sich Ozon, vorwiegend im Fr\u00fchsommer und im Sommer. Die Tagesh\u00f6chstwerte werden in den sp\u00e4ten Nachmittagsstunden erreicht (ca. 16.00 bis 18.00 Uhr). Hohe Ozonbelastungen k\u00f6nnen zu Augenbrennen, Reizgef\u00fchl in Hals und Rachen, Atemnot und Kopfschmerzen f\u00fchren. Schwere k\u00f6rperliche Arbeiten im Freien sind an Ozon-gef\u00e4hrdeten Sommertagen in die Vormittagsstunden zu verlegen.<\/p>\n<p><strong>Profis sch\u00fctzen sich vor sch\u00e4dlichen Sonnenstrahlen<\/strong><\/p>\n<p>Spezialisten der Suva wollten von Arbeitern wissen, ob sie einen Hut mit Stirnblende und Nackenschutz gegen gef\u00e4hrliche UV-Strahlung tragen w\u00fcrden. Am Anfang waren Zweifel, dass es n\u00fctzlich ist. Einige meinten, es sieht komisch aus und es sei heiss unter dem Hut. Nach einer Probezeit mit dem Hut wurde bei den gleichen Personen nachgefragt. Sie sagten, es bringt tats\u00e4chlich was. Der Hut mit Stirnblende und Nackenschutz sch\u00fctzt vor der Sonne. Das Gesicht ist am Schatten. Der Kopf bleibt k\u00fchl.<\/p>\n<p><strong>Aussagen von Arbeitern, die ihren Job im Freien erledigen<\/strong><\/p>\n<blockquote>\n<p>Landschaftsg\u00e4rtnerin: \u00abDieser Hut mit Nackenschutz ist sehr bequem. Er ist nicht eng und ist leicht zu tragen. Er gibt sch\u00f6n Schatten.\u00bb<\/p>\n<p>Landschaftsg\u00e4rtner: \u00abDer Hut deckt den hellen Teil des Himmels ab. Das finde ich angenehm. So hat man die Sonne nicht direkt im Gesicht.\u00bb<\/p>\n<\/blockquote>\n<p><strong>Weitere Infos: <\/strong><a href=\"http:\/\/www.suva.ch\" target=\"_blank\" rel=\"noopener\">www.suva.ch<\/a><\/p>\n<figure id=\"attachment_5778\" aria-describedby=\"caption-attachment-5778\" style=\"width: 680px\" class=\"wp-caption alignnone\"><img loading=\"lazy\" decoding=\"async\" class=\"size-medium wp-image-5778\" src=\"http:\/\/develop.safety-plus.ch\/wp-content\/uploads\/2020\/07\/uv-index-dt.png\" alt=\"\" width=\"680\" height=\"364\" srcset=\"https:\/\/news.save.ch\/wp-content\/uploads\/2020\/07\/uv-index-dt.png 1200w, https:\/\/news.save.ch\/wp-content\/uploads\/2020\/07\/uv-index-dt-680x364.png 680w, https:\/\/news.save.ch\/wp-content\/uploads\/2020\/07\/uv-index-dt-1024x549.png 1024w, https:\/\/news.save.ch\/wp-content\/uploads\/2020\/07\/uv-index-dt-768x412.png 768w, https:\/\/news.save.ch\/wp-content\/uploads\/2020\/07\/uv-index-dt-18x10.png 18w, https:\/\/news.save.ch\/wp-content\/uploads\/2020\/07\/uv-index-dt-375x201.png 375w, https:\/\/news.save.ch\/wp-content\/uploads\/2020\/07\/uv-index-dt-653x350.png 653w, https:\/\/news.save.ch\/wp-content\/uploads\/2020\/07\/uv-index-dt-1000x536.png 1000w\" sizes=\"auto, (max-width: 680px) 100vw, 680px\" \/><figcaption id=\"caption-attachment-5778\" class=\"wp-caption-text\">Mit Hilfe des <a href=\"https:\/\/www.bag.admin.ch\/bag\/de\/home\/gesund-leben\/umwelt-und-gesundheit\/strahlung-radioaktivitaet-schall\/elektromagnetische-felder-emf-uv-laser-licht\/sonne_uv-strahlung\/uv-index.html\" target=\"_blank\" rel=\"noopener\">UV-Index vom BAG<\/a> kann man die Sonnenstrahlung besser einsch\u00e4tzen und sich mit geeigneten Massnahmen vor den Gefahren der UV-Strahlung sch\u00fctzen. Quelle: BAG<\/figcaption><\/figure>\n<p><strong>Checklisten:<\/strong><\/p>\n<p><a href=\"https:\/\/www.suva.ch\/de-ch\/praevention\/sachthemen\/sonne-hitze-ozon#uxlibrary-open=\/de-CH?atomid=7d6acb484c6ea11c9cc91f4e042b74e5%26showContainer=1\" target=\"_blank\" rel=\"noopener\">Arbeiten an heissen Tagen auf Baustellen im Freien. Gefahrenermittlung und Massnahmenplanung.<\/a><\/p>\n<p><a href=\"https:\/\/www.suva.ch\/de-ch\/praevention\/sachthemen\/sonne-hitze-ozon#uxlibrary-open=\/de-CH?atomid=433bce9061656850122ff1156ed8c0df%26showContainer=1\" target=\"_blank\" rel=\"noopener\">Auch bei der Arbeit braucht&#8217;s starken Schutz.<\/a><\/p>\n<p><a href=\"https:\/\/www.suva.ch\/de-CH\/material\/Factsheets\/berufliche-ultraviolett-exposition-und-hautkrebs#sch-from-search&amp;mark=Checkliste+Sonnenschutz\" target=\"_blank\" rel=\"noopener\">Berufliche Ultraviolett-Exposition und Hautkrebs<\/a><\/p>\n<p>Weitere Tipps und Checklisten der Suva gibt es <a href=\"https:\/\/www.suva.ch\/de-ch\/praevention\/sachthemen\/sonne-hitze-ozon\" target=\"_blank\" rel=\"noopener\">hier<\/a><\/p>\n<p>Tipps zum <a href=\"https:\/\/www.bag.admin.ch\/bag\/de\/home\/gesund-leben\/umwelt-und-gesundheit\/strahlung-radioaktivitaet-schall\/elektromagnetische-felder-emf-uv-laser-licht\/sonne_uv-strahlung\/sonnenschutz.html\" target=\"_blank\" rel=\"noopener\">Sonnenschutz vom BAG<\/a><\/p>\n","protected":false},"excerpt":{"rendered":"<p>Jedes Jahr erkranken etwa 1000 Personen bei der Arbeit an Hautkrebs. Wenn Sie regelm\u00e4ssig im Freien arbeiten, m\u00fcssen Sie sich unbedingt vor den UV-Strahlen sch\u00fctzen. Ihr Arbeitgeber muss Ihnen den n\u00f6tigen UV-Schutz zur Verf\u00fcgung stellen. Anfangs Sommer (ab 21. Juni) ist die UV-Strahlung am h\u00f6chsten. Bereits im Fr\u00fchling werden die UV-Strahlen so intensiv, dass ein [&hellip;]<\/p>\n","protected":false},"author":1,"featured_media":3051,"comment_status":"closed","ping_status":"closed","sticky":false,"template":"","format":"standard","meta":{"_acf_changed":false,"pgc_sgb_lightbox_settings":"","footnotes":""},"categories":[1,3314],"tags":[172,1775,127,2165,149,2218,2220,2349,2657,2669,141,2951,167,68,3155,181],"class_list":["post-16955","post","type-post","status-publish","format-standard","has-post-thumbnail","hentry","category-allgemein","category-health-safety","tag-arbeitssicherheit","tag-betriebliches-gesundheitsmanagement","tag-gefaehrliche-stoffe","tag-gesundheitsfoerderung","tag-gesundheitsschutz","tag-hautkrebs","tag-hautschutz","tag-kampagnen","tag-ozon","tag-persoenliche-schutzausruestung-psa","tag-praevention","tag-sonnencreme","tag-suva","tag-tipps-und-tricks","tag-uv-index","tag-versicherung"],"acf":[],"hkrextid":null,"publication":null,"issue":null,"workflow":null,"startPage":null,"spitzmarke":null,"_posts_by_tag_page_fields":{"widget_title":"","widget_tags":""},"_at_widget":"1","_yoast_wpseo_primary_category":"1","_yoast_wpseo_focuskw_text_input":"UV-Strahlung","_yoast_wpseo_opengraph-image":null,"_yoast_wpseo_opengraph-description":null,"_yoast_wpseo_opengraph-title":null,"enclosure":null,"_yoast_wpseo_twitter-title":null,"_yoast_wpseo_twitter-description":null,"_yoast_wpseo_twitter-image":null,"_wp_old_slug":null,"_yoast_wpseo_title":null,"_yoast_wpseo_canonical":null,"yoast_head":"<!-- This site is optimized with the Yoast SEO plugin v27.5 - https:\/\/yoast.com\/product\/yoast-seo-wordpress\/ -->\n<title>Sch\u00fctzen Sie sich vor UV-Strahlung - Save<\/title>\n<meta name=\"description\" content=\"Jedes Jahr erkranken etwa 1000 Personen bei der Arbeit an Hautkrebs. Wenn Sie regelm\u00e4ssig im Freien arbeiten, m\u00fcssen Sie sich vor UV-Strahlen sch\u00fctzen.\" \/>\n<meta name=\"robots\" content=\"index, follow, max-snippet:-1, max-image-preview:large, max-video-preview:-1\" \/>\n<link rel=\"canonical\" href=\"https:\/\/news.save.ch\/de\/schuetzen-sie-sich-vor-uv-strahlung\/\" \/>\n<meta property=\"og:locale\" content=\"de_DE\" \/>\n<meta property=\"og:type\" content=\"article\" \/>\n<meta property=\"og:title\" content=\"Sch\u00fctzen Sie sich vor UV-Strahlung - Save\" \/>\n<meta property=\"og:description\" content=\"Jedes Jahr erkranken etwa 1000 Personen bei der Arbeit an Hautkrebs. Wenn Sie regelm\u00e4ssig im Freien arbeiten, m\u00fcssen Sie sich vor UV-Strahlen sch\u00fctzen.\" \/>\n<meta property=\"og:url\" content=\"https:\/\/news.save.ch\/de\/schuetzen-sie-sich-vor-uv-strahlung\/\" \/>\n<meta property=\"og:site_name\" content=\"Save\" \/>\n<meta property=\"article:published_time\" content=\"2020-07-01T06:18:18+00:00\" \/>\n<meta property=\"article:modified_time\" content=\"2023-03-14T08:05:03+00:00\" \/>\n<meta property=\"og:image\" content=\"https:\/\/news.save.ch\/wp-content\/uploads\/2018\/06\/SUV_UVinfo_V6.jpg\" \/>\n\t<meta property=\"og:image:width\" content=\"764\" \/>\n\t<meta property=\"og:image:height\" content=\"1077\" \/>\n\t<meta property=\"og:image:type\" content=\"image\/jpeg\" \/>\n<meta name=\"author\" content=\"admin\" \/>\n<meta name=\"twitter:card\" content=\"summary_large_image\" \/>\n<meta name=\"twitter:label1\" content=\"Geschrieben von\" \/>\n\t<meta name=\"twitter:data1\" content=\"admin\" \/>\n\t<meta name=\"twitter:label2\" content=\"Gesch\u00e4tzte Lesezeit\" \/>\n\t<meta name=\"twitter:data2\" content=\"3\u00a0Minuten\" \/>\n<script type=\"application\/ld+json\" class=\"yoast-schema-graph\">{\"@context\":\"https:\\\/\\\/schema.org\",\"@graph\":[{\"@type\":\"Article\",\"@id\":\"https:\\\/\\\/news.save.ch\\\/schuetzen-sie-sich-vor-uv-strahlung\\\/#article\",\"isPartOf\":{\"@id\":\"https:\\\/\\\/news.save.ch\\\/schuetzen-sie-sich-vor-uv-strahlung\\\/\"},\"author\":{\"name\":\"admin\",\"@id\":\"https:\\\/\\\/news.save.ch\\\/de\\\/#\\\/schema\\\/person\\\/d49e199490bad7c70d64b9ab51142f2b\"},\"headline\":\"Sch\u00fctzen Sie sich vor UV-Strahlung\",\"datePublished\":\"2020-07-01T06:18:18+00:00\",\"dateModified\":\"2023-03-14T08:05:03+00:00\",\"mainEntityOfPage\":{\"@id\":\"https:\\\/\\\/news.save.ch\\\/schuetzen-sie-sich-vor-uv-strahlung\\\/\"},\"wordCount\":685,\"publisher\":{\"@id\":\"https:\\\/\\\/news.save.ch\\\/de\\\/#organization\"},\"image\":{\"@id\":\"https:\\\/\\\/news.save.ch\\\/schuetzen-sie-sich-vor-uv-strahlung\\\/#primaryimage\"},\"thumbnailUrl\":\"https:\\\/\\\/news.save.ch\\\/wp-content\\\/uploads\\\/2018\\\/06\\\/SUV_UVinfo_V6.jpg\",\"keywords\":[\"Arbeitssicherheit\",\"Betriebliches Gesundheitsmanagement\",\"Gef\u00e4hrliche Stoffe\",\"Gesundheitsf\u00f6rderung\",\"Gesundheitsschutz\",\"Hautkrebs\",\"Hautschutz\",\"Kampagnen\",\"Ozon\",\"Pers\u00f6nliche Schutzausr\u00fcstung (PSA)\",\"Pr\u00e4vention\",\"Sonnencreme\",\"SUVA\",\"Tipps und Tricks\",\"UV-Index\",\"Versicherung\"],\"articleSection\":[\"ALLGEMEIN\",\"HEALTH &amp; SAFETY\"],\"inLanguage\":\"de\"},{\"@type\":\"WebPage\",\"@id\":\"https:\\\/\\\/news.save.ch\\\/schuetzen-sie-sich-vor-uv-strahlung\\\/\",\"url\":\"https:\\\/\\\/news.save.ch\\\/schuetzen-sie-sich-vor-uv-strahlung\\\/\",\"name\":\"Sch\u00fctzen Sie sich vor UV-Strahlung - Save\",\"isPartOf\":{\"@id\":\"https:\\\/\\\/news.save.ch\\\/de\\\/#website\"},\"primaryImageOfPage\":{\"@id\":\"https:\\\/\\\/news.save.ch\\\/schuetzen-sie-sich-vor-uv-strahlung\\\/#primaryimage\"},\"image\":{\"@id\":\"https:\\\/\\\/news.save.ch\\\/schuetzen-sie-sich-vor-uv-strahlung\\\/#primaryimage\"},\"thumbnailUrl\":\"https:\\\/\\\/news.save.ch\\\/wp-content\\\/uploads\\\/2018\\\/06\\\/SUV_UVinfo_V6.jpg\",\"datePublished\":\"2020-07-01T06:18:18+00:00\",\"dateModified\":\"2023-03-14T08:05:03+00:00\",\"description\":\"Jedes Jahr erkranken etwa 1000 Personen bei der Arbeit an Hautkrebs. Wenn Sie regelm\u00e4ssig im Freien arbeiten, m\u00fcssen Sie sich vor UV-Strahlen sch\u00fctzen.\",\"breadcrumb\":{\"@id\":\"https:\\\/\\\/news.save.ch\\\/schuetzen-sie-sich-vor-uv-strahlung\\\/#breadcrumb\"},\"inLanguage\":\"de\",\"potentialAction\":[{\"@type\":\"ReadAction\",\"target\":[\"https:\\\/\\\/news.save.ch\\\/schuetzen-sie-sich-vor-uv-strahlung\\\/\"]}]},{\"@type\":\"ImageObject\",\"inLanguage\":\"de\",\"@id\":\"https:\\\/\\\/news.save.ch\\\/schuetzen-sie-sich-vor-uv-strahlung\\\/#primaryimage\",\"url\":\"https:\\\/\\\/news.save.ch\\\/wp-content\\\/uploads\\\/2018\\\/06\\\/SUV_UVinfo_V6.jpg\",\"contentUrl\":\"https:\\\/\\\/news.save.ch\\\/wp-content\\\/uploads\\\/2018\\\/06\\\/SUV_UVinfo_V6.jpg\",\"width\":764,\"height\":1077,\"caption\":\"Hut mit Stirnblende und Nackenschutz gegen\"},{\"@type\":\"BreadcrumbList\",\"@id\":\"https:\\\/\\\/news.save.ch\\\/schuetzen-sie-sich-vor-uv-strahlung\\\/#breadcrumb\",\"itemListElement\":[{\"@type\":\"ListItem\",\"position\":1,\"name\":\"Home\",\"item\":\"https:\\\/\\\/news.save.ch\\\/de\\\/\"},{\"@type\":\"ListItem\",\"position\":2,\"name\":\"Sch\u00fctzen Sie sich vor UV-Strahlung\"}]},{\"@type\":\"WebSite\",\"@id\":\"https:\\\/\\\/news.save.ch\\\/de\\\/#website\",\"url\":\"https:\\\/\\\/news.save.ch\\\/de\\\/\",\"name\":\"Save\",\"description\":\"Schweizer Fachzeitschrift f\u00fcr Sicherheit\",\"publisher\":{\"@id\":\"https:\\\/\\\/news.save.ch\\\/de\\\/#organization\"},\"potentialAction\":[{\"@type\":\"SearchAction\",\"target\":{\"@type\":\"EntryPoint\",\"urlTemplate\":\"https:\\\/\\\/news.save.ch\\\/de\\\/?s={search_term_string}\"},\"query-input\":{\"@type\":\"PropertyValueSpecification\",\"valueRequired\":true,\"valueName\":\"search_term_string\"}}],\"inLanguage\":\"de\"},{\"@type\":\"Organization\",\"@id\":\"https:\\\/\\\/news.save.ch\\\/de\\\/#organization\",\"name\":\"Sicherheitsforum\",\"url\":\"https:\\\/\\\/news.save.ch\\\/de\\\/\",\"logo\":{\"@type\":\"ImageObject\",\"inLanguage\":\"de\",\"@id\":\"https:\\\/\\\/news.save.ch\\\/de\\\/#\\\/schema\\\/logo\\\/image\\\/\",\"url\":\"https:\\\/\\\/news.save.ch\\\/wp-content\\\/uploads\\\/2022\\\/06\\\/Logo_SF_2012.png\",\"contentUrl\":\"https:\\\/\\\/news.save.ch\\\/wp-content\\\/uploads\\\/2022\\\/06\\\/Logo_SF_2012.png\",\"width\":1100,\"height\":91,\"caption\":\"Sicherheitsforum\"},\"image\":{\"@id\":\"https:\\\/\\\/news.save.ch\\\/de\\\/#\\\/schema\\\/logo\\\/image\\\/\"}},{\"@type\":\"Person\",\"@id\":\"https:\\\/\\\/news.save.ch\\\/de\\\/#\\\/schema\\\/person\\\/d49e199490bad7c70d64b9ab51142f2b\",\"name\":\"admin\",\"image\":{\"@type\":\"ImageObject\",\"inLanguage\":\"de\",\"@id\":\"https:\\\/\\\/secure.gravatar.com\\\/avatar\\\/ae2f4d718e6c49043e314ce431e7e645d646302a24a5ef5a8bc8e3f5a032e319?s=96&d=mm&r=g\",\"url\":\"https:\\\/\\\/secure.gravatar.com\\\/avatar\\\/ae2f4d718e6c49043e314ce431e7e645d646302a24a5ef5a8bc8e3f5a032e319?s=96&d=mm&r=g\",\"contentUrl\":\"https:\\\/\\\/secure.gravatar.com\\\/avatar\\\/ae2f4d718e6c49043e314ce431e7e645d646302a24a5ef5a8bc8e3f5a032e319?s=96&d=mm&r=g\",\"caption\":\"admin\"},\"sameAs\":[\"https:\\\/\\\/develop.organisator.galledia.ch\"],\"url\":\"https:\\\/\\\/news.save.ch\\\/de\\\/author\\\/admin\\\/\"}]}<\/script>\n<!-- \/ Yoast SEO plugin. -->","yoast_head_json":{"title":"Sch\u00fctzen Sie sich vor UV-Strahlung - Save","description":"Jedes Jahr erkranken etwa 1000 Personen bei der Arbeit an Hautkrebs. Wenn Sie regelm\u00e4ssig im Freien arbeiten, m\u00fcssen Sie sich vor UV-Strahlen sch\u00fctzen.","robots":{"index":"index","follow":"follow","max-snippet":"max-snippet:-1","max-image-preview":"max-image-preview:large","max-video-preview":"max-video-preview:-1"},"canonical":"https:\/\/news.save.ch\/de\/schuetzen-sie-sich-vor-uv-strahlung\/","og_locale":"de_DE","og_type":"article","og_title":"Sch\u00fctzen Sie sich vor UV-Strahlung - Save","og_description":"Jedes Jahr erkranken etwa 1000 Personen bei der Arbeit an Hautkrebs. Wenn Sie regelm\u00e4ssig im Freien arbeiten, m\u00fcssen Sie sich vor UV-Strahlen sch\u00fctzen.","og_url":"https:\/\/news.save.ch\/de\/schuetzen-sie-sich-vor-uv-strahlung\/","og_site_name":"Save","article_published_time":"2020-07-01T06:18:18+00:00","article_modified_time":"2023-03-14T08:05:03+00:00","og_image":[{"width":764,"height":1077,"url":"https:\/\/news.save.ch\/wp-content\/uploads\/2018\/06\/SUV_UVinfo_V6.jpg","type":"image\/jpeg"}],"author":"admin","twitter_card":"summary_large_image","twitter_misc":{"Geschrieben von":"admin","Gesch\u00e4tzte Lesezeit":"3\u00a0Minuten"},"schema":{"@context":"https:\/\/schema.org","@graph":[{"@type":"Article","@id":"https:\/\/news.save.ch\/schuetzen-sie-sich-vor-uv-strahlung\/#article","isPartOf":{"@id":"https:\/\/news.save.ch\/schuetzen-sie-sich-vor-uv-strahlung\/"},"author":{"name":"admin","@id":"https:\/\/news.save.ch\/de\/#\/schema\/person\/d49e199490bad7c70d64b9ab51142f2b"},"headline":"Sch\u00fctzen Sie sich vor UV-Strahlung","datePublished":"2020-07-01T06:18:18+00:00","dateModified":"2023-03-14T08:05:03+00:00","mainEntityOfPage":{"@id":"https:\/\/news.save.ch\/schuetzen-sie-sich-vor-uv-strahlung\/"},"wordCount":685,"publisher":{"@id":"https:\/\/news.save.ch\/de\/#organization"},"image":{"@id":"https:\/\/news.save.ch\/schuetzen-sie-sich-vor-uv-strahlung\/#primaryimage"},"thumbnailUrl":"https:\/\/news.save.ch\/wp-content\/uploads\/2018\/06\/SUV_UVinfo_V6.jpg","keywords":["Arbeitssicherheit","Betriebliches Gesundheitsmanagement","Gef\u00e4hrliche Stoffe","Gesundheitsf\u00f6rderung","Gesundheitsschutz","Hautkrebs","Hautschutz","Kampagnen","Ozon","Pers\u00f6nliche Schutzausr\u00fcstung (PSA)","Pr\u00e4vention","Sonnencreme","SUVA","Tipps und Tricks","UV-Index","Versicherung"],"articleSection":["ALLGEMEIN","HEALTH &amp; SAFETY"],"inLanguage":"de"},{"@type":"WebPage","@id":"https:\/\/news.save.ch\/schuetzen-sie-sich-vor-uv-strahlung\/","url":"https:\/\/news.save.ch\/schuetzen-sie-sich-vor-uv-strahlung\/","name":"Sch\u00fctzen Sie sich vor UV-Strahlung - Save","isPartOf":{"@id":"https:\/\/news.save.ch\/de\/#website"},"primaryImageOfPage":{"@id":"https:\/\/news.save.ch\/schuetzen-sie-sich-vor-uv-strahlung\/#primaryimage"},"image":{"@id":"https:\/\/news.save.ch\/schuetzen-sie-sich-vor-uv-strahlung\/#primaryimage"},"thumbnailUrl":"https:\/\/news.save.ch\/wp-content\/uploads\/2018\/06\/SUV_UVinfo_V6.jpg","datePublished":"2020-07-01T06:18:18+00:00","dateModified":"2023-03-14T08:05:03+00:00","description":"Jedes Jahr erkranken etwa 1000 Personen bei der Arbeit an Hautkrebs. Wenn Sie regelm\u00e4ssig im Freien arbeiten, m\u00fcssen Sie sich vor UV-Strahlen sch\u00fctzen.","breadcrumb":{"@id":"https:\/\/news.save.ch\/schuetzen-sie-sich-vor-uv-strahlung\/#breadcrumb"},"inLanguage":"de","potentialAction":[{"@type":"ReadAction","target":["https:\/\/news.save.ch\/schuetzen-sie-sich-vor-uv-strahlung\/"]}]},{"@type":"ImageObject","inLanguage":"de","@id":"https:\/\/news.save.ch\/schuetzen-sie-sich-vor-uv-strahlung\/#primaryimage","url":"https:\/\/news.save.ch\/wp-content\/uploads\/2018\/06\/SUV_UVinfo_V6.jpg","contentUrl":"https:\/\/news.save.ch\/wp-content\/uploads\/2018\/06\/SUV_UVinfo_V6.jpg","width":764,"height":1077,"caption":"Hut mit Stirnblende und Nackenschutz gegen"},{"@type":"BreadcrumbList","@id":"https:\/\/news.save.ch\/schuetzen-sie-sich-vor-uv-strahlung\/#breadcrumb","itemListElement":[{"@type":"ListItem","position":1,"name":"Home","item":"https:\/\/news.save.ch\/de\/"},{"@type":"ListItem","position":2,"name":"Sch\u00fctzen Sie sich vor UV-Strahlung"}]},{"@type":"WebSite","@id":"https:\/\/news.save.ch\/de\/#website","url":"https:\/\/news.save.ch\/de\/","name":"Save","description":"Schweizer Fachzeitschrift f\u00fcr Sicherheit","publisher":{"@id":"https:\/\/news.save.ch\/de\/#organization"},"potentialAction":[{"@type":"SearchAction","target":{"@type":"EntryPoint","urlTemplate":"https:\/\/news.save.ch\/de\/?s={search_term_string}"},"query-input":{"@type":"PropertyValueSpecification","valueRequired":true,"valueName":"search_term_string"}}],"inLanguage":"de"},{"@type":"Organization","@id":"https:\/\/news.save.ch\/de\/#organization","name":"Sicherheitsforum","url":"https:\/\/news.save.ch\/de\/","logo":{"@type":"ImageObject","inLanguage":"de","@id":"https:\/\/news.save.ch\/de\/#\/schema\/logo\/image\/","url":"https:\/\/news.save.ch\/wp-content\/uploads\/2022\/06\/Logo_SF_2012.png","contentUrl":"https:\/\/news.save.ch\/wp-content\/uploads\/2022\/06\/Logo_SF_2012.png","width":1100,"height":91,"caption":"Sicherheitsforum"},"image":{"@id":"https:\/\/news.save.ch\/de\/#\/schema\/logo\/image\/"}},{"@type":"Person","@id":"https:\/\/news.save.ch\/de\/#\/schema\/person\/d49e199490bad7c70d64b9ab51142f2b","name":"admin","image":{"@type":"ImageObject","inLanguage":"de","@id":"https:\/\/secure.gravatar.com\/avatar\/ae2f4d718e6c49043e314ce431e7e645d646302a24a5ef5a8bc8e3f5a032e319?s=96&d=mm&r=g","url":"https:\/\/secure.gravatar.com\/avatar\/ae2f4d718e6c49043e314ce431e7e645d646302a24a5ef5a8bc8e3f5a032e319?s=96&d=mm&r=g","contentUrl":"https:\/\/secure.gravatar.com\/avatar\/ae2f4d718e6c49043e314ce431e7e645d646302a24a5ef5a8bc8e3f5a032e319?s=96&d=mm&r=g","caption":"admin"},"sameAs":["https:\/\/develop.organisator.galledia.ch"],"url":"https:\/\/news.save.ch\/de\/author\/admin\/"}]}},"_links":{"self":[{"href":"https:\/\/news.save.ch\/de\/wp-json\/wp\/v2\/posts\/16955","targetHints":{"allow":["GET"]}}],"collection":[{"href":"https:\/\/news.save.ch\/de\/wp-json\/wp\/v2\/posts"}],"about":[{"href":"https:\/\/news.save.ch\/de\/wp-json\/wp\/v2\/types\/post"}],"author":[{"embeddable":true,"href":"https:\/\/news.save.ch\/de\/wp-json\/wp\/v2\/users\/1"}],"replies":[{"embeddable":true,"href":"https:\/\/news.save.ch\/de\/wp-json\/wp\/v2\/comments?post=16955"}],"version-history":[{"count":1,"href":"https:\/\/news.save.ch\/de\/wp-json\/wp\/v2\/posts\/16955\/revisions"}],"predecessor-version":[{"id":18191,"href":"https:\/\/news.save.ch\/de\/wp-json\/wp\/v2\/posts\/16955\/revisions\/18191"}],"wp:featuredmedia":[{"embeddable":true,"href":"https:\/\/news.save.ch\/de\/wp-json\/wp\/v2\/media\/3051"}],"wp:attachment":[{"href":"https:\/\/news.save.ch\/de\/wp-json\/wp\/v2\/media?parent=16955"}],"wp:term":[{"taxonomy":"category","embeddable":true,"href":"https:\/\/news.save.ch\/de\/wp-json\/wp\/v2\/categories?post=16955"},{"taxonomy":"post_tag","embeddable":true,"href":"https:\/\/news.save.ch\/de\/wp-json\/wp\/v2\/tags?post=16955"}],"curies":[{"name":"wp","href":"https:\/\/api.w.org\/{rel}","templated":true}]}}