{"id":16956,"date":"2020-07-05T08:00:42","date_gmt":"2020-07-05T06:00:42","guid":{"rendered":"https:\/\/news.save.ch\/?p=5785"},"modified":"2023-03-14T09:03:46","modified_gmt":"2023-03-14T08:03:46","slug":"rauchen-oeffnet-dem-coronavirus-tuer-und-tor","status":null,"type":"post","link":"https:\/\/news.save.ch\/de\/rauchen-oeffnet-dem-coronavirus-tuer-und-tor\/","title":{"rendered":"Rauchen \u00f6ffnet Coronavirus T\u00fcr und Tor"},"content":{"rendered":"<figure id=\"attachment_5786\" aria-describedby=\"caption-attachment-5786\" style=\"width: 680px\" class=\"wp-caption alignnone\"><img loading=\"lazy\" decoding=\"async\" class=\"size-medium wp-image-5786\" src=\"http:\/\/develop.safety-plus.ch\/wp-content\/uploads\/2020\/07\/Depositphotos_VitalikRadko.jpg\" alt=\"\" width=\"680\" height=\"454\" \/><figcaption id=\"caption-attachment-5786\" class=\"wp-caption-text\">\u00dcber die H\u00e4lfte der Menschen beginnen als Jugendliche mit dem Tabakkonsum.<br \/>\u00a9Depositphotos\/VitalikRadko<\/figcaption><\/figure>\n<p>Rauchen verdoppelt das Risiko einer <a href=\"https:\/\/news.save.ch\/in-der-schweiz-ist-asthma-weit-verbreitet\/\" target=\"_blank\" rel=\"noopener\">Atemwegsinfektion<\/a>. Die Zellw\u00e4nde der Lungenbl\u00e4schen sind durch den Nikotinkonsum weniger stabil. Dadurch k\u00f6nnten Viren wie COVID-19 einfacher in die Zellw\u00e4nde der Lungenbl\u00e4schen eindringen1. Dazu braucht es jedoch weitere Forschungsergebnisse. Wie erste Untersuchungen zeigen, erh\u00f6ht sich bei Rauchenden das Risiko, um den Faktor 2.4 einen schweren Verlauf der Coronavirus-Erkrankung zu erleiden. Zudem haben Raucherinnen und Raucher h\u00e4ufiger Vorerkrankungen des Herz-\/Kreislaufsystems, <a href=\"https:\/\/spitzen-praevention.com\/wissen\/krebstherapie\/\" target=\"_blank\" rel=\"noopener\">Krebs<\/a> oder chronische Atemwegserkrankungen, die das Risiko eines schweren Verlaufs von <a href=\"https:\/\/news.save.ch\/coronavirus-weitgehende-normalisierung-und-vereinfachte-grundregeln\/\" target=\"_blank\" rel=\"noopener\">COVID-19<\/a> zus\u00e4tzlich erh\u00f6hen.<\/p>\n<p><strong>Jugend vor Nikotinkonsum bewahren<\/strong><\/p>\n<p>\u00dcber die H\u00e4lfte der Menschen beginnen als Jugendliche mit dem Tabakkonsum. Bei den 15-<br \/>\n19-J\u00e4hrigen rauchen bereits 21%. 50% der 15-j\u00e4hrigen Jungen und 35% der gleichaltrigen<br \/>\nM\u00e4dchen haben schon einmal an einer E-Zigarette gezogen. Zus\u00e4tzlich umwirbt die<br \/>\nTabakindustrie die Jugendlichen mit aromatisierten Nikotinprodukten. In der EU sind<br \/>\nZigaretten mit Aromen wie Menthol oder Vanille ab 20. Mai 2020 verboten. Der vorliegende<br \/>\nEntwurf des Tabakproduktegesetzes sieht leider keine solchen <a href=\"https:\/\/news.save.ch\/rauchstopp-damit-dem-guten-vorsatz-taten-folgen\/\" target=\"_blank\" rel=\"noopener\">Verbotsmassnahmen<\/a> vor.<\/p>\n<p><strong>Weitere Infos<\/strong><\/p>\n<p><a href=\"http:\/\/www.lungenliga.ch\">www.lungenliga.ch<\/a><\/p>\n","protected":false},"excerpt":{"rendered":"<p>Rauchen verdoppelt das Risiko einer Atemwegsinfektion. Die Zellw\u00e4nde der Lungenbl\u00e4schen sind durch den Nikotinkonsum weniger stabil. Dadurch k\u00f6nnten Viren wie COVID-19 einfacher in die Zellw\u00e4nde der Lungenbl\u00e4schen eindringen1. Dazu braucht es jedoch weitere Forschungsergebnisse. Wie erste Untersuchungen zeigen, erh\u00f6ht sich bei Rauchenden das Risiko, um den Faktor 2.4 einen schweren Verlauf der Coronavirus-Erkrankung zu erleiden. [&hellip;]<\/p>\n","protected":false},"author":1,"featured_media":5786,"comment_status":"closed","ping_status":"closed","sticky":false,"template":"","format":"standard","meta":{"_acf_changed":false,"pgc_sgb_lightbox_settings":"","footnotes":""},"categories":[1,3314],"tags":[1775,631,127,2165,149,141,3027,3206],"class_list":["post-16956","post","type-post","status-publish","format-standard","has-post-thumbnail","hentry","category-allgemein","category-health-safety","tag-betriebliches-gesundheitsmanagement","tag-coronavirus","tag-gefaehrliche-stoffe","tag-gesundheitsfoerderung","tag-gesundheitsschutz","tag-praevention","tag-sucht","tag-vitamin-d"],"acf":[],"hkrextid":null,"publication":null,"issue":null,"workflow":null,"startPage":null,"spitzmarke":null,"_posts_by_tag_page_fields":{"widget_title":"","widget_tags":""},"_at_widget":"1","_yoast_wpseo_primary_category":"2","_yoast_wpseo_focuskw_text_input":"Rauchen","_yoast_wpseo_opengraph-image":null,"_yoast_wpseo_opengraph-description":null,"_yoast_wpseo_opengraph-title":null,"enclosure":null,"_yoast_wpseo_twitter-title":null,"_yoast_wpseo_twitter-description":null,"_yoast_wpseo_twitter-image":null,"_wp_old_slug":null,"_yoast_wpseo_title":null,"_yoast_wpseo_canonical":null,"yoast_head":"<!-- This site is optimized with the Yoast SEO plugin v27.4 - https:\/\/yoast.com\/product\/yoast-seo-wordpress\/ -->\n<title>Rauchen \u00f6ffnet Coronavirus T\u00fcr und Tor - Save<\/title>\n<meta name=\"description\" content=\"Rauchen erh\u00f6ht das Risiko einen schwerwiegenden Verlauf einer Coronavirus Erkrankung (COVID-19) zu erleiden.\" \/>\n<meta name=\"robots\" content=\"index, follow, max-snippet:-1, max-image-preview:large, max-video-preview:-1\" \/>\n<link rel=\"canonical\" href=\"https:\/\/news.save.ch\/de\/rauchen-oeffnet-dem-coronavirus-tuer-und-tor\/\" \/>\n<meta property=\"og:locale\" content=\"de_DE\" \/>\n<meta property=\"og:type\" content=\"article\" \/>\n<meta property=\"og:title\" content=\"Rauchen \u00f6ffnet Coronavirus T\u00fcr und Tor - Save\" \/>\n<meta property=\"og:description\" content=\"Rauchen erh\u00f6ht das Risiko einen schwerwiegenden Verlauf einer Coronavirus Erkrankung (COVID-19) zu erleiden.\" \/>\n<meta property=\"og:url\" content=\"https:\/\/news.save.ch\/de\/rauchen-oeffnet-dem-coronavirus-tuer-und-tor\/\" \/>\n<meta property=\"og:site_name\" content=\"Save\" \/>\n<meta property=\"article:published_time\" content=\"2020-07-05T06:00:42+00:00\" \/>\n<meta property=\"article:modified_time\" content=\"2023-03-14T08:03:46+00:00\" \/>\n<meta property=\"og:image\" content=\"https:\/\/news.save.ch\/wp-content\/uploads\/2020\/07\/Depositphotos_VitalikRadko-scaled-1.jpg\" \/>\n\t<meta property=\"og:image:width\" content=\"1200\" \/>\n\t<meta property=\"og:image:height\" content=\"801\" \/>\n\t<meta property=\"og:image:type\" content=\"image\/jpeg\" \/>\n<meta name=\"author\" content=\"admin\" \/>\n<meta name=\"twitter:card\" content=\"summary_large_image\" \/>\n<meta name=\"twitter:label1\" content=\"Geschrieben von\" \/>\n\t<meta name=\"twitter:data1\" content=\"admin\" \/>\n\t<meta name=\"twitter:label2\" content=\"Gesch\u00e4tzte Lesezeit\" \/>\n\t<meta name=\"twitter:data2\" content=\"1\u00a0Minute\" \/>\n<script type=\"application\/ld+json\" class=\"yoast-schema-graph\">{\"@context\":\"https:\\\/\\\/schema.org\",\"@graph\":[{\"@type\":\"Article\",\"@id\":\"https:\\\/\\\/news.save.ch\\\/rauchen-oeffnet-dem-coronavirus-tuer-und-tor\\\/#article\",\"isPartOf\":{\"@id\":\"https:\\\/\\\/news.save.ch\\\/rauchen-oeffnet-dem-coronavirus-tuer-und-tor\\\/\"},\"author\":{\"name\":\"admin\",\"@id\":\"https:\\\/\\\/news.save.ch\\\/de\\\/#\\\/schema\\\/person\\\/d49e199490bad7c70d64b9ab51142f2b\"},\"headline\":\"Rauchen \u00f6ffnet Coronavirus T\u00fcr und Tor\",\"datePublished\":\"2020-07-05T06:00:42+00:00\",\"dateModified\":\"2023-03-14T08:03:46+00:00\",\"mainEntityOfPage\":{\"@id\":\"https:\\\/\\\/news.save.ch\\\/rauchen-oeffnet-dem-coronavirus-tuer-und-tor\\\/\"},\"wordCount\":194,\"publisher\":{\"@id\":\"https:\\\/\\\/news.save.ch\\\/de\\\/#organization\"},\"image\":{\"@id\":\"https:\\\/\\\/news.save.ch\\\/rauchen-oeffnet-dem-coronavirus-tuer-und-tor\\\/#primaryimage\"},\"thumbnailUrl\":\"https:\\\/\\\/news.save.ch\\\/wp-content\\\/uploads\\\/2020\\\/07\\\/Depositphotos_VitalikRadko-scaled-1.jpg\",\"keywords\":[\"Betriebliches Gesundheitsmanagement\",\"Coronavirus\",\"Gef\u00e4hrliche Stoffe\",\"Gesundheitsf\u00f6rderung\",\"Gesundheitsschutz\",\"Pr\u00e4vention\",\"Sucht\",\"Vitamin D\"],\"articleSection\":[\"ALLGEMEIN\",\"HEALTH &amp; SAFETY\"],\"inLanguage\":\"de\"},{\"@type\":\"WebPage\",\"@id\":\"https:\\\/\\\/news.save.ch\\\/rauchen-oeffnet-dem-coronavirus-tuer-und-tor\\\/\",\"url\":\"https:\\\/\\\/news.save.ch\\\/rauchen-oeffnet-dem-coronavirus-tuer-und-tor\\\/\",\"name\":\"Rauchen \u00f6ffnet Coronavirus T\u00fcr und Tor - Save\",\"isPartOf\":{\"@id\":\"https:\\\/\\\/news.save.ch\\\/de\\\/#website\"},\"primaryImageOfPage\":{\"@id\":\"https:\\\/\\\/news.save.ch\\\/rauchen-oeffnet-dem-coronavirus-tuer-und-tor\\\/#primaryimage\"},\"image\":{\"@id\":\"https:\\\/\\\/news.save.ch\\\/rauchen-oeffnet-dem-coronavirus-tuer-und-tor\\\/#primaryimage\"},\"thumbnailUrl\":\"https:\\\/\\\/news.save.ch\\\/wp-content\\\/uploads\\\/2020\\\/07\\\/Depositphotos_VitalikRadko-scaled-1.jpg\",\"datePublished\":\"2020-07-05T06:00:42+00:00\",\"dateModified\":\"2023-03-14T08:03:46+00:00\",\"description\":\"Rauchen erh\u00f6ht das Risiko einen schwerwiegenden Verlauf einer Coronavirus Erkrankung (COVID-19) zu erleiden.\",\"breadcrumb\":{\"@id\":\"https:\\\/\\\/news.save.ch\\\/rauchen-oeffnet-dem-coronavirus-tuer-und-tor\\\/#breadcrumb\"},\"inLanguage\":\"de\",\"potentialAction\":[{\"@type\":\"ReadAction\",\"target\":[\"https:\\\/\\\/news.save.ch\\\/rauchen-oeffnet-dem-coronavirus-tuer-und-tor\\\/\"]}]},{\"@type\":\"ImageObject\",\"inLanguage\":\"de\",\"@id\":\"https:\\\/\\\/news.save.ch\\\/rauchen-oeffnet-dem-coronavirus-tuer-und-tor\\\/#primaryimage\",\"url\":\"https:\\\/\\\/news.save.ch\\\/wp-content\\\/uploads\\\/2020\\\/07\\\/Depositphotos_VitalikRadko-scaled-1.jpg\",\"contentUrl\":\"https:\\\/\\\/news.save.ch\\\/wp-content\\\/uploads\\\/2020\\\/07\\\/Depositphotos_VitalikRadko-scaled-1.jpg\",\"width\":1200,\"height\":801,\"caption\":\"\u00dcber die H\u00e4lfte der Menschen beginnen als Jugendliche mit dem Tabakkonsum. \u00a9Depositphotos\\\/VitalikRadko\"},{\"@type\":\"BreadcrumbList\",\"@id\":\"https:\\\/\\\/news.save.ch\\\/rauchen-oeffnet-dem-coronavirus-tuer-und-tor\\\/#breadcrumb\",\"itemListElement\":[{\"@type\":\"ListItem\",\"position\":1,\"name\":\"Home\",\"item\":\"https:\\\/\\\/news.save.ch\\\/de\\\/\"},{\"@type\":\"ListItem\",\"position\":2,\"name\":\"Rauchen \u00f6ffnet Coronavirus T\u00fcr und Tor\"}]},{\"@type\":\"WebSite\",\"@id\":\"https:\\\/\\\/news.save.ch\\\/de\\\/#website\",\"url\":\"https:\\\/\\\/news.save.ch\\\/de\\\/\",\"name\":\"Save\",\"description\":\"Schweizer Fachzeitschrift f\u00fcr Sicherheit\",\"publisher\":{\"@id\":\"https:\\\/\\\/news.save.ch\\\/de\\\/#organization\"},\"potentialAction\":[{\"@type\":\"SearchAction\",\"target\":{\"@type\":\"EntryPoint\",\"urlTemplate\":\"https:\\\/\\\/news.save.ch\\\/de\\\/?s={search_term_string}\"},\"query-input\":{\"@type\":\"PropertyValueSpecification\",\"valueRequired\":true,\"valueName\":\"search_term_string\"}}],\"inLanguage\":\"de\"},{\"@type\":\"Organization\",\"@id\":\"https:\\\/\\\/news.save.ch\\\/de\\\/#organization\",\"name\":\"Sicherheitsforum\",\"url\":\"https:\\\/\\\/news.save.ch\\\/de\\\/\",\"logo\":{\"@type\":\"ImageObject\",\"inLanguage\":\"de\",\"@id\":\"https:\\\/\\\/news.save.ch\\\/de\\\/#\\\/schema\\\/logo\\\/image\\\/\",\"url\":\"https:\\\/\\\/news.save.ch\\\/wp-content\\\/uploads\\\/2022\\\/06\\\/Logo_SF_2012.png\",\"contentUrl\":\"https:\\\/\\\/news.save.ch\\\/wp-content\\\/uploads\\\/2022\\\/06\\\/Logo_SF_2012.png\",\"width\":1100,\"height\":91,\"caption\":\"Sicherheitsforum\"},\"image\":{\"@id\":\"https:\\\/\\\/news.save.ch\\\/de\\\/#\\\/schema\\\/logo\\\/image\\\/\"}},{\"@type\":\"Person\",\"@id\":\"https:\\\/\\\/news.save.ch\\\/de\\\/#\\\/schema\\\/person\\\/d49e199490bad7c70d64b9ab51142f2b\",\"name\":\"admin\",\"image\":{\"@type\":\"ImageObject\",\"inLanguage\":\"de\",\"@id\":\"https:\\\/\\\/secure.gravatar.com\\\/avatar\\\/ae2f4d718e6c49043e314ce431e7e645d646302a24a5ef5a8bc8e3f5a032e319?s=96&d=mm&r=g\",\"url\":\"https:\\\/\\\/secure.gravatar.com\\\/avatar\\\/ae2f4d718e6c49043e314ce431e7e645d646302a24a5ef5a8bc8e3f5a032e319?s=96&d=mm&r=g\",\"contentUrl\":\"https:\\\/\\\/secure.gravatar.com\\\/avatar\\\/ae2f4d718e6c49043e314ce431e7e645d646302a24a5ef5a8bc8e3f5a032e319?s=96&d=mm&r=g\",\"caption\":\"admin\"},\"sameAs\":[\"https:\\\/\\\/develop.organisator.galledia.ch\"],\"url\":\"https:\\\/\\\/news.save.ch\\\/de\\\/author\\\/admin\\\/\"}]}<\/script>\n<!-- \/ Yoast SEO plugin. -->","yoast_head_json":{"title":"Rauchen \u00f6ffnet Coronavirus T\u00fcr und Tor - Save","description":"Rauchen erh\u00f6ht das Risiko einen schwerwiegenden Verlauf einer Coronavirus Erkrankung (COVID-19) zu erleiden.","robots":{"index":"index","follow":"follow","max-snippet":"max-snippet:-1","max-image-preview":"max-image-preview:large","max-video-preview":"max-video-preview:-1"},"canonical":"https:\/\/news.save.ch\/de\/rauchen-oeffnet-dem-coronavirus-tuer-und-tor\/","og_locale":"de_DE","og_type":"article","og_title":"Rauchen \u00f6ffnet Coronavirus T\u00fcr und Tor - Save","og_description":"Rauchen erh\u00f6ht das Risiko einen schwerwiegenden Verlauf einer Coronavirus Erkrankung (COVID-19) zu erleiden.","og_url":"https:\/\/news.save.ch\/de\/rauchen-oeffnet-dem-coronavirus-tuer-und-tor\/","og_site_name":"Save","article_published_time":"2020-07-05T06:00:42+00:00","article_modified_time":"2023-03-14T08:03:46+00:00","og_image":[{"width":1200,"height":801,"url":"https:\/\/news.save.ch\/wp-content\/uploads\/2020\/07\/Depositphotos_VitalikRadko-scaled-1.jpg","type":"image\/jpeg"}],"author":"admin","twitter_card":"summary_large_image","twitter_misc":{"Geschrieben von":"admin","Gesch\u00e4tzte Lesezeit":"1\u00a0Minute"},"schema":{"@context":"https:\/\/schema.org","@graph":[{"@type":"Article","@id":"https:\/\/news.save.ch\/rauchen-oeffnet-dem-coronavirus-tuer-und-tor\/#article","isPartOf":{"@id":"https:\/\/news.save.ch\/rauchen-oeffnet-dem-coronavirus-tuer-und-tor\/"},"author":{"name":"admin","@id":"https:\/\/news.save.ch\/de\/#\/schema\/person\/d49e199490bad7c70d64b9ab51142f2b"},"headline":"Rauchen \u00f6ffnet Coronavirus T\u00fcr und Tor","datePublished":"2020-07-05T06:00:42+00:00","dateModified":"2023-03-14T08:03:46+00:00","mainEntityOfPage":{"@id":"https:\/\/news.save.ch\/rauchen-oeffnet-dem-coronavirus-tuer-und-tor\/"},"wordCount":194,"publisher":{"@id":"https:\/\/news.save.ch\/de\/#organization"},"image":{"@id":"https:\/\/news.save.ch\/rauchen-oeffnet-dem-coronavirus-tuer-und-tor\/#primaryimage"},"thumbnailUrl":"https:\/\/news.save.ch\/wp-content\/uploads\/2020\/07\/Depositphotos_VitalikRadko-scaled-1.jpg","keywords":["Betriebliches Gesundheitsmanagement","Coronavirus","Gef\u00e4hrliche Stoffe","Gesundheitsf\u00f6rderung","Gesundheitsschutz","Pr\u00e4vention","Sucht","Vitamin D"],"articleSection":["ALLGEMEIN","HEALTH &amp; SAFETY"],"inLanguage":"de"},{"@type":"WebPage","@id":"https:\/\/news.save.ch\/rauchen-oeffnet-dem-coronavirus-tuer-und-tor\/","url":"https:\/\/news.save.ch\/rauchen-oeffnet-dem-coronavirus-tuer-und-tor\/","name":"Rauchen \u00f6ffnet Coronavirus T\u00fcr und Tor - Save","isPartOf":{"@id":"https:\/\/news.save.ch\/de\/#website"},"primaryImageOfPage":{"@id":"https:\/\/news.save.ch\/rauchen-oeffnet-dem-coronavirus-tuer-und-tor\/#primaryimage"},"image":{"@id":"https:\/\/news.save.ch\/rauchen-oeffnet-dem-coronavirus-tuer-und-tor\/#primaryimage"},"thumbnailUrl":"https:\/\/news.save.ch\/wp-content\/uploads\/2020\/07\/Depositphotos_VitalikRadko-scaled-1.jpg","datePublished":"2020-07-05T06:00:42+00:00","dateModified":"2023-03-14T08:03:46+00:00","description":"Rauchen erh\u00f6ht das Risiko einen schwerwiegenden Verlauf einer Coronavirus Erkrankung (COVID-19) zu erleiden.","breadcrumb":{"@id":"https:\/\/news.save.ch\/rauchen-oeffnet-dem-coronavirus-tuer-und-tor\/#breadcrumb"},"inLanguage":"de","potentialAction":[{"@type":"ReadAction","target":["https:\/\/news.save.ch\/rauchen-oeffnet-dem-coronavirus-tuer-und-tor\/"]}]},{"@type":"ImageObject","inLanguage":"de","@id":"https:\/\/news.save.ch\/rauchen-oeffnet-dem-coronavirus-tuer-und-tor\/#primaryimage","url":"https:\/\/news.save.ch\/wp-content\/uploads\/2020\/07\/Depositphotos_VitalikRadko-scaled-1.jpg","contentUrl":"https:\/\/news.save.ch\/wp-content\/uploads\/2020\/07\/Depositphotos_VitalikRadko-scaled-1.jpg","width":1200,"height":801,"caption":"\u00dcber die H\u00e4lfte der Menschen beginnen als Jugendliche mit dem Tabakkonsum. \u00a9Depositphotos\/VitalikRadko"},{"@type":"BreadcrumbList","@id":"https:\/\/news.save.ch\/rauchen-oeffnet-dem-coronavirus-tuer-und-tor\/#breadcrumb","itemListElement":[{"@type":"ListItem","position":1,"name":"Home","item":"https:\/\/news.save.ch\/de\/"},{"@type":"ListItem","position":2,"name":"Rauchen \u00f6ffnet Coronavirus T\u00fcr und Tor"}]},{"@type":"WebSite","@id":"https:\/\/news.save.ch\/de\/#website","url":"https:\/\/news.save.ch\/de\/","name":"Save","description":"Schweizer Fachzeitschrift f\u00fcr Sicherheit","publisher":{"@id":"https:\/\/news.save.ch\/de\/#organization"},"potentialAction":[{"@type":"SearchAction","target":{"@type":"EntryPoint","urlTemplate":"https:\/\/news.save.ch\/de\/?s={search_term_string}"},"query-input":{"@type":"PropertyValueSpecification","valueRequired":true,"valueName":"search_term_string"}}],"inLanguage":"de"},{"@type":"Organization","@id":"https:\/\/news.save.ch\/de\/#organization","name":"Sicherheitsforum","url":"https:\/\/news.save.ch\/de\/","logo":{"@type":"ImageObject","inLanguage":"de","@id":"https:\/\/news.save.ch\/de\/#\/schema\/logo\/image\/","url":"https:\/\/news.save.ch\/wp-content\/uploads\/2022\/06\/Logo_SF_2012.png","contentUrl":"https:\/\/news.save.ch\/wp-content\/uploads\/2022\/06\/Logo_SF_2012.png","width":1100,"height":91,"caption":"Sicherheitsforum"},"image":{"@id":"https:\/\/news.save.ch\/de\/#\/schema\/logo\/image\/"}},{"@type":"Person","@id":"https:\/\/news.save.ch\/de\/#\/schema\/person\/d49e199490bad7c70d64b9ab51142f2b","name":"admin","image":{"@type":"ImageObject","inLanguage":"de","@id":"https:\/\/secure.gravatar.com\/avatar\/ae2f4d718e6c49043e314ce431e7e645d646302a24a5ef5a8bc8e3f5a032e319?s=96&d=mm&r=g","url":"https:\/\/secure.gravatar.com\/avatar\/ae2f4d718e6c49043e314ce431e7e645d646302a24a5ef5a8bc8e3f5a032e319?s=96&d=mm&r=g","contentUrl":"https:\/\/secure.gravatar.com\/avatar\/ae2f4d718e6c49043e314ce431e7e645d646302a24a5ef5a8bc8e3f5a032e319?s=96&d=mm&r=g","caption":"admin"},"sameAs":["https:\/\/develop.organisator.galledia.ch"],"url":"https:\/\/news.save.ch\/de\/author\/admin\/"}]}},"_links":{"self":[{"href":"https:\/\/news.save.ch\/de\/wp-json\/wp\/v2\/posts\/16956","targetHints":{"allow":["GET"]}}],"collection":[{"href":"https:\/\/news.save.ch\/de\/wp-json\/wp\/v2\/posts"}],"about":[{"href":"https:\/\/news.save.ch\/de\/wp-json\/wp\/v2\/types\/post"}],"author":[{"embeddable":true,"href":"https:\/\/news.save.ch\/de\/wp-json\/wp\/v2\/users\/1"}],"replies":[{"embeddable":true,"href":"https:\/\/news.save.ch\/de\/wp-json\/wp\/v2\/comments?post=16956"}],"version-history":[{"count":1,"href":"https:\/\/news.save.ch\/de\/wp-json\/wp\/v2\/posts\/16956\/revisions"}],"predecessor-version":[{"id":18588,"href":"https:\/\/news.save.ch\/de\/wp-json\/wp\/v2\/posts\/16956\/revisions\/18588"}],"wp:featuredmedia":[{"embeddable":true,"href":"https:\/\/news.save.ch\/de\/wp-json\/wp\/v2\/media\/5786"}],"wp:attachment":[{"href":"https:\/\/news.save.ch\/de\/wp-json\/wp\/v2\/media?parent=16956"}],"wp:term":[{"taxonomy":"category","embeddable":true,"href":"https:\/\/news.save.ch\/de\/wp-json\/wp\/v2\/categories?post=16956"},{"taxonomy":"post_tag","embeddable":true,"href":"https:\/\/news.save.ch\/de\/wp-json\/wp\/v2\/tags?post=16956"}],"curies":[{"name":"wp","href":"https:\/\/api.w.org\/{rel}","templated":true}]}}