{"id":16957,"date":"2020-07-07T18:30:01","date_gmt":"2020-07-07T16:30:01","guid":{"rendered":"https:\/\/news.save.ch\/?p=5808"},"modified":"2023-03-14T09:03:46","modified_gmt":"2023-03-14T08:03:46","slug":"quarantaenepflicht-mit-busse-bis-10000-chf","status":null,"type":"post","link":"https:\/\/news.save.ch\/de\/quarantaenepflicht-mit-busse-bis-10000-chf\/","title":{"rendered":"Quarant\u00e4nepflicht mit Busse bis 10&#8217;000.- CHF"},"content":{"rendered":"<div class=\"content\">\n<figure id=\"attachment_5828\" aria-describedby=\"caption-attachment-5828\" style=\"width: 680px\" class=\"wp-caption alignnone\"><img loading=\"lazy\" decoding=\"async\" class=\"size-medium wp-image-5828\" src=\"http:\/\/develop.safety-plus.ch\/wp-content\/uploads\/2020\/07\/Depositphotos_shotsstudio.jpg\" alt=\"\" width=\"680\" height=\"510\" \/><figcaption id=\"caption-attachment-5828\" class=\"wp-caption-text\">Wer sich einer Quarant\u00e4ne entzieht, begeht nach Artikel 83 des Epidemiengesetzes eine \u00dcbertretung, die mit Busse bis zu CHF 10\u2019000.- bestraft wird. \u00a9 Depositphotos\/shotsstudio<\/figcaption><\/figure>\n<p>Ab dem 6. Juli m\u00fcssen Schweizer, die in ein vom Bundesrat bestimmtes Risikoland gereist sind, die ersten zehn Tage nach der R\u00fcckreise in Quarant\u00e4ne verbringen. Damit will das <a href=\"https:\/\/www.bag.admin.ch\/bag\/de\/home\/krankheiten\/ausbrueche-epidemien-pandemien\/aktuelle-ausbrueche-epidemien\/novel-cov\/empfehlungen\/empfehlungen-fuer-reisende.html\" target=\"_blank\" rel=\"noopener noreferrer\">Bundesamt f\u00fcr Gesundheit<\/a> eine zweite Welle von Ansteckungen mit dem Coronavirus verhindern.<\/p>\n<p><a href=\"https:\/\/www.bag.admin.ch\/dam\/bag\/de\/dokumente\/mt\/k-und-i\/aktuelle-ausbrueche-pandemien\/2019-nCoV\/faq-quarantaene-reisende.pdf.download.pdf\/200702_FAQ-Quarantaene_DE.pdf\" target=\"_blank\" rel=\"noopener noreferrer\"><span class=\"link-pdf\">Aus<\/span> Sicht des Bundes<\/a> kann einem Arbeitnehmer ein Verschulden vorgeworfen werden, wenn er sich in ein Risikogebiet begibt und bei der R\u00fcckreise die beh\u00f6rdlich angeordnete Quarant\u00e4ne antreten muss. Bei einer solchen selbstverschuldeten Arbeitsverhinderung hat der Arbeitnehmer kein Anrecht auf eine Entsch\u00e4digung. Zum einen entf\u00e4llt die im Obligationenrecht geregelte Lohnfortzahlung des Arbeitgebers. Zum andern gilt gem\u00e4ss der neuen Covid-19-Verordnung die bisherige EO-Taggeldentsch\u00e4digung nicht mehr. Der Schweizerische Arbeitgeberverband (SAV) empfiehlt, die Mitarbeiter vor einer Reise in ein Risikoland auf den Wegfall der Lohnzahlung f\u00fcr die nachfolgende Quarant\u00e4ne hinzuweisen.<\/p>\n<blockquote>\n<p>Wer sich einer Quarant\u00e4ne entzieht, begeht nach Artikel 83 des Epidemiengesetzes eine \u00dcbertretung, die mit Busse (maximal CHF 10&#8217;000.-) bestraft wird (Abs. 1 Bst. h), bei Fahrl\u00e4ssigkeit mit Busse bis zu CHF 5&#8217;000.-. Zust\u00e4ndig f\u00fcr die Strafverfolgung sind die Kantone.<br \/>\n(Quelle: <a href=\"https:\/\/arbeitgeber.us9.list-manage.com\/track\/click?u=56a31f9dc26f472dc5cbdbe11&amp;id=12e194e26a&amp;e=1b4b5fda06\" target=\"_blank\" rel=\"noopener\">EDI\/BAG<\/a>)<\/p>\n<\/blockquote>\n<p>Gesch\u00e4ftsreisen in ein Risikoland sollten nach Ansicht des SAV zur\u00fcckhaltend durchgef\u00fchrt werden. Wenn eine solche Reise unverzichtbar ist, muss der Arbeitgeber aufgrund seiner Anweisung zur Reise die Lohnfortzahlung w\u00e4hrend der nachfolgenden Quarant\u00e4ne \u00fcbernehmen.<\/p>\n<p>Ob der Arbeitgeber seiner Belegschaft eine <a href=\"https:\/\/www.bag.admin.ch\/dam\/bag\/de\/dokumente\/mt\/k-und-i\/aktuelle-ausbrueche-pandemien\/2019-nCoV\/verordnung-covid-19-internationaler-personenverkehr.pdf.download.pdf\/Covid-19-Verordnung_internationaler-Personenverkehr.pdf\" target=\"_blank\" rel=\"noopener\">Reise in ein Risikoland<\/a> verbieten kann, ist im Einzelfall zu entscheiden. Dabei ist abzuw\u00e4gen, ob das Interesse des Arbeitnehmers an der Reise gegen\u00fcber dem Interesse des Arbeitgebers auf einen nach den Ferien einsatzf\u00e4higen Mitarbeiter \u00fcberwiegt. Wenn sich der betroffene Arbeitnehmer einer Weisung widersetzt, kann der Arbeitgeber einen Verweis oder eine Verwarnung aussprechen. Ausserdem wird der Arbeitnehmer schadenersatzpflichtig, wenn dem Arbeitgeber wegen der Pflichtverletzung ein Schaden entsteht.<\/p>\n<blockquote>\n<p>Darf man w\u00e4hrend der Quarant\u00e4nezeit gelegentlich hinausgehen, spazieren gehen, frische Luft schnappen oder Besorgungen machen? Nein. Der Zweck der Quarant\u00e4ne besteht darin, die \u00dcbertragungskette zu unterbrechen. Der physische Kontakt mit anderen muss vermieden werden. Das bedeutet jedoch nicht, dass soziale Kontakte verboten sind. Kontakt per Telefon oder Skype ist erlaubt.<br \/>\n(Quelle: <a href=\"https:\/\/arbeitgeber.us9.list-manage.com\/track\/click?u=56a31f9dc26f472dc5cbdbe11&amp;id=12e194e26a&amp;e=1b4b5fda06\" target=\"_blank\" rel=\"noopener\">EDI\/BAG<\/a>)<\/p>\n<\/blockquote>\n<p>Durch die Quarant\u00e4ne-Vorschriften wird der Gesch\u00e4ftsalltag auf den ersten Blick zwar weiter kompliziert. Allerdings schaffen die neuen Regeln die Voraussetzung, dass die Wirtschaft einen weiteren geregelten<a href=\"https:\/\/news.save.ch\/coronavirus-weitgehende-normalisierung-und-vereinfachte-grundregeln\/\" target=\"_blank\" rel=\"noopener\"> Schritt zur\u00fcck in die Normalit\u00e4t<\/a> machen kann. Die Arbeitgeber wollen einen zweiten Lockdown verhindern, denn er h\u00e4tte gravierende Auswirkungen f\u00fcr die Volkswirtschaft und die Gesellschaft.<\/p>\n<p>Text: <a href=\"https:\/\/www.arbeitgeber.ch\" target=\"_blank\" rel=\"noopener\">Schweizerischer Arbeitgeberverband<\/a><\/p>\n<p>Weitere Infos und Linktipps u.a. vom BAG &amp; EDA:<\/p>\n<div class=\"contentHead\">\n<div class=\"mod mod-contentpage\"><\/div>\n<\/div>\n<div class=\"mod mod-text\">\n<h2><strong>Quarant\u00e4nepflicht f\u00fcr Reisende<\/strong><\/h2>\n<p>Seit dem 6. Juli 2020 gilt Quarant\u00e4nepflicht f\u00fcr Einreisende aus bestimmten Gebieten. Dies hat der Bundesrat am 1. Juli 2020 beschlossen. F\u00fcr Personen, die sich in einem Staat oder Gebiet mit erh\u00f6htem Infektionsrisiko aufgehalten haben und in die Schweiz einreisen, besteht Quarant\u00e4nepflicht (dies ist nicht nur eine Empfehlung). Die rechtliche Grundlage daf\u00fcr ist das <a href=\"https:\/\/www.admin.ch\/opc\/de\/classified-compilation\/20071012\/index.html\">Epidemiengesetz<\/a>. Die Liste der Staaten oder Gebiete mit erh\u00f6htem Infektionsrisiko ist in der Covid-19-Verordnung Massnahmen im Bereich des internationalen Personenverkehrs zu finden. Diese <a href=\"https:\/\/www.bag.admin.ch\/bag\/de\/home\/krankheiten\/ausbrueche-epidemien-pandemien\/aktuelle-ausbrueche-epidemien\/novel-cov\/empfehlungen\/empfehlungen-fuer-reisende\/quarantaene-einreisende.html\" target=\"_blank\" rel=\"noopener\">Liste wird regelm\u00e4ssig aktualisiert<\/a> (Stand: 7.7.2020):<\/p>\n<\/div>\n<p>Argentinien<br \/>\nArmenien<br \/>\nAserbaidschan<br \/>\nBahrain<br \/>\nBelarus<br \/>\nBolivien<br \/>\nBrasilien<br \/>\nCabo Verde<br \/>\nChile<br \/>\nDominikanische Republik<br \/>\nHonduras<br \/>\nIrak<br \/>\nIsrael<br \/>\nKatar<br \/>\nKolumbien<br \/>\nKosovo<br \/>\nKuwait<br \/>\nMoldova<br \/>\nNordmazedonien<br \/>\nOman<br \/>\nPanama<br \/>\nPeru<br \/>\nRussland<br \/>\nSaudi-Arabien<br \/>\nSchweden<br \/>\nSerbien<br \/>\nS\u00fcdafrika<br \/>\nTurks- und Caicos-Inseln<br \/>\nVereinigte Staaten von Amerika (U.S.A.)<\/p>\n<\/div>\n<div class=\"content\">\n<div class=\"mod mod-text\">\n<article><\/article>\n<p class=\"clearfix\"><a href=\"https:\/\/www.eda.admin.ch\/eda\/de\/home\/das-eda\/aktuell\/newsuebersicht\/2020\/03\/faq-coronavirus.html\" target=\"_blank\" rel=\"noopener\"><strong>Empfehlungen f\u00fcr Reisende des EDA<\/strong><\/a><\/p>\n<p><a href=\"https:\/\/www.bag.admin.ch\/dam\/bag\/de\/dokumente\/mt\/k-und-i\/aktuelle-ausbrueche-pandemien\/2019-nCoV\/merkblatt-selbstisolation-covid-19.pdf.download.pdf\/covid-19_anweisungen_isolation.pdf\" target=\"_blank\" rel=\"noopener\"><strong>Anweisungen zur Isolation<\/strong><\/a><\/p>\n<p><a href=\"https:\/\/www.bag.admin.ch\/bag\/de\/home\/krankheiten\/ausbrueche-epidemien-pandemien\/aktuelle-ausbrueche-epidemien\/novel-cov\/isolation-und-quarantaene.html\" target=\"_blank\" rel=\"noopener\"><strong>Infos zu Isolation und Quarant\u00e4ne<\/strong><\/a><\/p>\n<p><strong>EU-Komission Infos zu <a href=\"https:\/\/ec.europa.eu\/info\/live-work-travel-eu\/health\/coronavirus-response\/travel-and-transportation-during-coronavirus-pandemic_de\" target=\"_blank\" rel=\"noopener\">Reisen und Verkehr w\u00e4hrend der Coronavirus-Pandemie<\/a><\/strong><\/p>\n<p><strong>Reiseinfos des <a href=\"https:\/\/www.auswaertiges-amt.de\/de\/ReiseUndSicherheit\/covid-19\/2296762\" target=\"_blank\" rel=\"noopener\">Deutschen Ausw\u00e4rtigen Amtes zu Reisen<\/a><\/strong><\/p>\n<\/div>\n<\/div>\n","protected":false},"excerpt":{"rendered":"<p>Ab dem 6. Juli m\u00fcssen Schweizer, die in ein vom Bundesrat bestimmtes Risikoland gereist sind, die ersten zehn Tage nach der R\u00fcckreise in Quarant\u00e4ne verbringen. Damit will das Bundesamt f\u00fcr Gesundheit eine zweite Welle von Ansteckungen mit dem Coronavirus verhindern. Aus Sicht des Bundes kann einem Arbeitnehmer ein Verschulden vorgeworfen werden, wenn er sich in [&hellip;]<\/p>\n","protected":false},"author":1,"featured_media":5828,"comment_status":"closed","ping_status":"closed","sticky":false,"template":"","format":"standard","meta":{"_acf_changed":false,"pgc_sgb_lightbox_settings":"","footnotes":""},"categories":[1,3314],"tags":[172,700,1775,168,1830,1831,631,1983,149,2275,2729,2743,2744,2745,2884,3076],"class_list":["post-16957","post","type-post","status-publish","format-standard","has-post-thumbnail","hentry","category-allgemein","category-health-safety","tag-arbeitssicherheit","tag-bag","tag-betriebliches-gesundheitsmanagement","tag-bundesrat","tag-busse","tag-bussgeld","tag-coronavirus","tag-epidemiengesetz","tag-gesundheitsschutz","tag-hygiene","tag-psychische-gesundheit","tag-quarantaene-regeln","tag-quarantaene-vorschriften","tag-quarantaenepflicht","tag-schweizerischer-arbeitgeberverband","tag-taggeldentschaedigung"],"acf":[],"hkrextid":null,"publication":null,"issue":null,"workflow":null,"startPage":null,"spitzmarke":null,"_posts_by_tag_page_fields":{"widget_title":"","widget_tags":""},"_at_widget":"1","_yoast_wpseo_primary_category":"2","_yoast_wpseo_focuskw_text_input":"Quarant\u00e4nepflicht","_yoast_wpseo_opengraph-image":null,"_yoast_wpseo_opengraph-description":null,"_yoast_wpseo_opengraph-title":null,"enclosure":null,"_yoast_wpseo_twitter-title":null,"_yoast_wpseo_twitter-description":null,"_yoast_wpseo_twitter-image":null,"_wp_old_slug":null,"_yoast_wpseo_title":null,"_yoast_wpseo_canonical":null,"yoast_head":"<!-- This site is optimized with the Yoast SEO plugin v27.4 - https:\/\/yoast.com\/product\/yoast-seo-wordpress\/ -->\n<title>Quarant\u00e4nepflicht mit Busse bis 10&#039;000.- CHF - Save<\/title>\n<meta name=\"robots\" content=\"index, follow, max-snippet:-1, max-image-preview:large, max-video-preview:-1\" \/>\n<link rel=\"canonical\" href=\"https:\/\/news.save.ch\/de\/quarantaenepflicht-mit-busse-bis-10000-chf\/\" \/>\n<meta property=\"og:locale\" content=\"de_DE\" \/>\n<meta property=\"og:type\" content=\"article\" \/>\n<meta property=\"og:title\" content=\"Quarant\u00e4nepflicht mit Busse bis 10&#039;000.- CHF - Save\" \/>\n<meta property=\"og:description\" content=\"Ab dem 6. Juli m\u00fcssen Schweizer, die in ein vom Bundesrat bestimmtes Risikoland gereist sind, die ersten zehn Tage nach der R\u00fcckreise in Quarant\u00e4ne verbringen. Damit will das Bundesamt f\u00fcr Gesundheit eine zweite Welle von Ansteckungen mit dem Coronavirus verhindern. Aus Sicht des Bundes kann einem Arbeitnehmer ein Verschulden vorgeworfen werden, wenn er sich in [&hellip;]\" \/>\n<meta property=\"og:url\" content=\"https:\/\/news.save.ch\/de\/quarantaenepflicht-mit-busse-bis-10000-chf\/\" \/>\n<meta property=\"og:site_name\" content=\"Save\" \/>\n<meta property=\"article:published_time\" content=\"2020-07-07T16:30:01+00:00\" \/>\n<meta property=\"article:modified_time\" content=\"2023-03-14T08:03:46+00:00\" \/>\n<meta property=\"og:image\" content=\"https:\/\/news.save.ch\/wp-content\/uploads\/2020\/07\/Depositphotos_shotsstudio-scaled-1.jpg\" \/>\n\t<meta property=\"og:image:width\" content=\"1200\" \/>\n\t<meta property=\"og:image:height\" content=\"900\" \/>\n\t<meta property=\"og:image:type\" content=\"image\/jpeg\" \/>\n<meta name=\"author\" content=\"admin\" \/>\n<meta name=\"twitter:card\" content=\"summary_large_image\" \/>\n<meta name=\"twitter:label1\" content=\"Geschrieben von\" \/>\n\t<meta name=\"twitter:data1\" content=\"admin\" \/>\n\t<meta name=\"twitter:label2\" content=\"Gesch\u00e4tzte Lesezeit\" \/>\n\t<meta name=\"twitter:data2\" content=\"3\u00a0Minuten\" \/>\n<script type=\"application\/ld+json\" class=\"yoast-schema-graph\">{\"@context\":\"https:\\\/\\\/schema.org\",\"@graph\":[{\"@type\":\"Article\",\"@id\":\"https:\\\/\\\/news.save.ch\\\/quarantaenepflicht-mit-busse-bis-10000-chf\\\/#article\",\"isPartOf\":{\"@id\":\"https:\\\/\\\/news.save.ch\\\/quarantaenepflicht-mit-busse-bis-10000-chf\\\/\"},\"author\":{\"name\":\"admin\",\"@id\":\"https:\\\/\\\/news.save.ch\\\/de\\\/#\\\/schema\\\/person\\\/d49e199490bad7c70d64b9ab51142f2b\"},\"headline\":\"Quarant\u00e4nepflicht mit Busse bis 10&#8217;000.- CHF\",\"datePublished\":\"2020-07-07T16:30:01+00:00\",\"dateModified\":\"2023-03-14T08:03:46+00:00\",\"mainEntityOfPage\":{\"@id\":\"https:\\\/\\\/news.save.ch\\\/quarantaenepflicht-mit-busse-bis-10000-chf\\\/\"},\"wordCount\":626,\"publisher\":{\"@id\":\"https:\\\/\\\/news.save.ch\\\/de\\\/#organization\"},\"image\":{\"@id\":\"https:\\\/\\\/news.save.ch\\\/quarantaenepflicht-mit-busse-bis-10000-chf\\\/#primaryimage\"},\"thumbnailUrl\":\"https:\\\/\\\/news.save.ch\\\/wp-content\\\/uploads\\\/2020\\\/07\\\/Depositphotos_shotsstudio-scaled-1.jpg\",\"keywords\":[\"Arbeitssicherheit\",\"BAG\",\"Betriebliches Gesundheitsmanagement\",\"Bundesrat\",\"Busse\",\"Bussgeld\",\"Coronavirus\",\"Epidemiengesetz\",\"Gesundheitsschutz\",\"Hygiene\",\"Psychische Gesundheit\",\"Quarant\u00e4ne-Regeln\",\"Quarant\u00e4ne-Vorschriften\",\"Quarant\u00e4nepflicht\",\"Schweizerischer Arbeitgeberverband\",\"Taggeldentsch\u00e4digung\"],\"articleSection\":[\"ALLGEMEIN\",\"HEALTH &amp; SAFETY\"],\"inLanguage\":\"de\"},{\"@type\":\"WebPage\",\"@id\":\"https:\\\/\\\/news.save.ch\\\/quarantaenepflicht-mit-busse-bis-10000-chf\\\/\",\"url\":\"https:\\\/\\\/news.save.ch\\\/quarantaenepflicht-mit-busse-bis-10000-chf\\\/\",\"name\":\"Quarant\u00e4nepflicht mit Busse bis 10'000.- CHF - Save\",\"isPartOf\":{\"@id\":\"https:\\\/\\\/news.save.ch\\\/de\\\/#website\"},\"primaryImageOfPage\":{\"@id\":\"https:\\\/\\\/news.save.ch\\\/quarantaenepflicht-mit-busse-bis-10000-chf\\\/#primaryimage\"},\"image\":{\"@id\":\"https:\\\/\\\/news.save.ch\\\/quarantaenepflicht-mit-busse-bis-10000-chf\\\/#primaryimage\"},\"thumbnailUrl\":\"https:\\\/\\\/news.save.ch\\\/wp-content\\\/uploads\\\/2020\\\/07\\\/Depositphotos_shotsstudio-scaled-1.jpg\",\"datePublished\":\"2020-07-07T16:30:01+00:00\",\"dateModified\":\"2023-03-14T08:03:46+00:00\",\"breadcrumb\":{\"@id\":\"https:\\\/\\\/news.save.ch\\\/quarantaenepflicht-mit-busse-bis-10000-chf\\\/#breadcrumb\"},\"inLanguage\":\"de\",\"potentialAction\":[{\"@type\":\"ReadAction\",\"target\":[\"https:\\\/\\\/news.save.ch\\\/quarantaenepflicht-mit-busse-bis-10000-chf\\\/\"]}]},{\"@type\":\"ImageObject\",\"inLanguage\":\"de\",\"@id\":\"https:\\\/\\\/news.save.ch\\\/quarantaenepflicht-mit-busse-bis-10000-chf\\\/#primaryimage\",\"url\":\"https:\\\/\\\/news.save.ch\\\/wp-content\\\/uploads\\\/2020\\\/07\\\/Depositphotos_shotsstudio-scaled-1.jpg\",\"contentUrl\":\"https:\\\/\\\/news.save.ch\\\/wp-content\\\/uploads\\\/2020\\\/07\\\/Depositphotos_shotsstudio-scaled-1.jpg\",\"width\":1200,\"height\":900,\"caption\":\"Wer sich einer Quarant\u00e4ne entzieht, begeht nach Artikel 83 des Epidemiengesetzes eine \u00dcbertretung, die mit Busse bis zu CHF 10\u2019000.- bestraft wird. \u00a9 Depositphotos\\\/shotsstudio\"},{\"@type\":\"BreadcrumbList\",\"@id\":\"https:\\\/\\\/news.save.ch\\\/quarantaenepflicht-mit-busse-bis-10000-chf\\\/#breadcrumb\",\"itemListElement\":[{\"@type\":\"ListItem\",\"position\":1,\"name\":\"Home\",\"item\":\"https:\\\/\\\/news.save.ch\\\/de\\\/\"},{\"@type\":\"ListItem\",\"position\":2,\"name\":\"Quarant\u00e4nepflicht mit Busse bis 10&#8217;000.- CHF\"}]},{\"@type\":\"WebSite\",\"@id\":\"https:\\\/\\\/news.save.ch\\\/de\\\/#website\",\"url\":\"https:\\\/\\\/news.save.ch\\\/de\\\/\",\"name\":\"Save\",\"description\":\"Schweizer Fachzeitschrift f\u00fcr Sicherheit\",\"publisher\":{\"@id\":\"https:\\\/\\\/news.save.ch\\\/de\\\/#organization\"},\"potentialAction\":[{\"@type\":\"SearchAction\",\"target\":{\"@type\":\"EntryPoint\",\"urlTemplate\":\"https:\\\/\\\/news.save.ch\\\/de\\\/?s={search_term_string}\"},\"query-input\":{\"@type\":\"PropertyValueSpecification\",\"valueRequired\":true,\"valueName\":\"search_term_string\"}}],\"inLanguage\":\"de\"},{\"@type\":\"Organization\",\"@id\":\"https:\\\/\\\/news.save.ch\\\/de\\\/#organization\",\"name\":\"Sicherheitsforum\",\"url\":\"https:\\\/\\\/news.save.ch\\\/de\\\/\",\"logo\":{\"@type\":\"ImageObject\",\"inLanguage\":\"de\",\"@id\":\"https:\\\/\\\/news.save.ch\\\/de\\\/#\\\/schema\\\/logo\\\/image\\\/\",\"url\":\"https:\\\/\\\/news.save.ch\\\/wp-content\\\/uploads\\\/2022\\\/06\\\/Logo_SF_2012.png\",\"contentUrl\":\"https:\\\/\\\/news.save.ch\\\/wp-content\\\/uploads\\\/2022\\\/06\\\/Logo_SF_2012.png\",\"width\":1100,\"height\":91,\"caption\":\"Sicherheitsforum\"},\"image\":{\"@id\":\"https:\\\/\\\/news.save.ch\\\/de\\\/#\\\/schema\\\/logo\\\/image\\\/\"}},{\"@type\":\"Person\",\"@id\":\"https:\\\/\\\/news.save.ch\\\/de\\\/#\\\/schema\\\/person\\\/d49e199490bad7c70d64b9ab51142f2b\",\"name\":\"admin\",\"image\":{\"@type\":\"ImageObject\",\"inLanguage\":\"de\",\"@id\":\"https:\\\/\\\/secure.gravatar.com\\\/avatar\\\/ae2f4d718e6c49043e314ce431e7e645d646302a24a5ef5a8bc8e3f5a032e319?s=96&d=mm&r=g\",\"url\":\"https:\\\/\\\/secure.gravatar.com\\\/avatar\\\/ae2f4d718e6c49043e314ce431e7e645d646302a24a5ef5a8bc8e3f5a032e319?s=96&d=mm&r=g\",\"contentUrl\":\"https:\\\/\\\/secure.gravatar.com\\\/avatar\\\/ae2f4d718e6c49043e314ce431e7e645d646302a24a5ef5a8bc8e3f5a032e319?s=96&d=mm&r=g\",\"caption\":\"admin\"},\"sameAs\":[\"https:\\\/\\\/develop.organisator.galledia.ch\"],\"url\":\"https:\\\/\\\/news.save.ch\\\/de\\\/author\\\/admin\\\/\"}]}<\/script>\n<!-- \/ Yoast SEO plugin. -->","yoast_head_json":{"title":"Quarant\u00e4nepflicht mit Busse bis 10'000.- CHF - Save","robots":{"index":"index","follow":"follow","max-snippet":"max-snippet:-1","max-image-preview":"max-image-preview:large","max-video-preview":"max-video-preview:-1"},"canonical":"https:\/\/news.save.ch\/de\/quarantaenepflicht-mit-busse-bis-10000-chf\/","og_locale":"de_DE","og_type":"article","og_title":"Quarant\u00e4nepflicht mit Busse bis 10'000.- CHF - Save","og_description":"Ab dem 6. Juli m\u00fcssen Schweizer, die in ein vom Bundesrat bestimmtes Risikoland gereist sind, die ersten zehn Tage nach der R\u00fcckreise in Quarant\u00e4ne verbringen. Damit will das Bundesamt f\u00fcr Gesundheit eine zweite Welle von Ansteckungen mit dem Coronavirus verhindern. Aus Sicht des Bundes kann einem Arbeitnehmer ein Verschulden vorgeworfen werden, wenn er sich in [&hellip;]","og_url":"https:\/\/news.save.ch\/de\/quarantaenepflicht-mit-busse-bis-10000-chf\/","og_site_name":"Save","article_published_time":"2020-07-07T16:30:01+00:00","article_modified_time":"2023-03-14T08:03:46+00:00","og_image":[{"width":1200,"height":900,"url":"https:\/\/news.save.ch\/wp-content\/uploads\/2020\/07\/Depositphotos_shotsstudio-scaled-1.jpg","type":"image\/jpeg"}],"author":"admin","twitter_card":"summary_large_image","twitter_misc":{"Geschrieben von":"admin","Gesch\u00e4tzte Lesezeit":"3\u00a0Minuten"},"schema":{"@context":"https:\/\/schema.org","@graph":[{"@type":"Article","@id":"https:\/\/news.save.ch\/quarantaenepflicht-mit-busse-bis-10000-chf\/#article","isPartOf":{"@id":"https:\/\/news.save.ch\/quarantaenepflicht-mit-busse-bis-10000-chf\/"},"author":{"name":"admin","@id":"https:\/\/news.save.ch\/de\/#\/schema\/person\/d49e199490bad7c70d64b9ab51142f2b"},"headline":"Quarant\u00e4nepflicht mit Busse bis 10&#8217;000.- CHF","datePublished":"2020-07-07T16:30:01+00:00","dateModified":"2023-03-14T08:03:46+00:00","mainEntityOfPage":{"@id":"https:\/\/news.save.ch\/quarantaenepflicht-mit-busse-bis-10000-chf\/"},"wordCount":626,"publisher":{"@id":"https:\/\/news.save.ch\/de\/#organization"},"image":{"@id":"https:\/\/news.save.ch\/quarantaenepflicht-mit-busse-bis-10000-chf\/#primaryimage"},"thumbnailUrl":"https:\/\/news.save.ch\/wp-content\/uploads\/2020\/07\/Depositphotos_shotsstudio-scaled-1.jpg","keywords":["Arbeitssicherheit","BAG","Betriebliches Gesundheitsmanagement","Bundesrat","Busse","Bussgeld","Coronavirus","Epidemiengesetz","Gesundheitsschutz","Hygiene","Psychische Gesundheit","Quarant\u00e4ne-Regeln","Quarant\u00e4ne-Vorschriften","Quarant\u00e4nepflicht","Schweizerischer Arbeitgeberverband","Taggeldentsch\u00e4digung"],"articleSection":["ALLGEMEIN","HEALTH &amp; SAFETY"],"inLanguage":"de"},{"@type":"WebPage","@id":"https:\/\/news.save.ch\/quarantaenepflicht-mit-busse-bis-10000-chf\/","url":"https:\/\/news.save.ch\/quarantaenepflicht-mit-busse-bis-10000-chf\/","name":"Quarant\u00e4nepflicht mit Busse bis 10'000.- CHF - Save","isPartOf":{"@id":"https:\/\/news.save.ch\/de\/#website"},"primaryImageOfPage":{"@id":"https:\/\/news.save.ch\/quarantaenepflicht-mit-busse-bis-10000-chf\/#primaryimage"},"image":{"@id":"https:\/\/news.save.ch\/quarantaenepflicht-mit-busse-bis-10000-chf\/#primaryimage"},"thumbnailUrl":"https:\/\/news.save.ch\/wp-content\/uploads\/2020\/07\/Depositphotos_shotsstudio-scaled-1.jpg","datePublished":"2020-07-07T16:30:01+00:00","dateModified":"2023-03-14T08:03:46+00:00","breadcrumb":{"@id":"https:\/\/news.save.ch\/quarantaenepflicht-mit-busse-bis-10000-chf\/#breadcrumb"},"inLanguage":"de","potentialAction":[{"@type":"ReadAction","target":["https:\/\/news.save.ch\/quarantaenepflicht-mit-busse-bis-10000-chf\/"]}]},{"@type":"ImageObject","inLanguage":"de","@id":"https:\/\/news.save.ch\/quarantaenepflicht-mit-busse-bis-10000-chf\/#primaryimage","url":"https:\/\/news.save.ch\/wp-content\/uploads\/2020\/07\/Depositphotos_shotsstudio-scaled-1.jpg","contentUrl":"https:\/\/news.save.ch\/wp-content\/uploads\/2020\/07\/Depositphotos_shotsstudio-scaled-1.jpg","width":1200,"height":900,"caption":"Wer sich einer Quarant\u00e4ne entzieht, begeht nach Artikel 83 des Epidemiengesetzes eine \u00dcbertretung, die mit Busse bis zu CHF 10\u2019000.- bestraft wird. \u00a9 Depositphotos\/shotsstudio"},{"@type":"BreadcrumbList","@id":"https:\/\/news.save.ch\/quarantaenepflicht-mit-busse-bis-10000-chf\/#breadcrumb","itemListElement":[{"@type":"ListItem","position":1,"name":"Home","item":"https:\/\/news.save.ch\/de\/"},{"@type":"ListItem","position":2,"name":"Quarant\u00e4nepflicht mit Busse bis 10&#8217;000.- CHF"}]},{"@type":"WebSite","@id":"https:\/\/news.save.ch\/de\/#website","url":"https:\/\/news.save.ch\/de\/","name":"Save","description":"Schweizer Fachzeitschrift f\u00fcr Sicherheit","publisher":{"@id":"https:\/\/news.save.ch\/de\/#organization"},"potentialAction":[{"@type":"SearchAction","target":{"@type":"EntryPoint","urlTemplate":"https:\/\/news.save.ch\/de\/?s={search_term_string}"},"query-input":{"@type":"PropertyValueSpecification","valueRequired":true,"valueName":"search_term_string"}}],"inLanguage":"de"},{"@type":"Organization","@id":"https:\/\/news.save.ch\/de\/#organization","name":"Sicherheitsforum","url":"https:\/\/news.save.ch\/de\/","logo":{"@type":"ImageObject","inLanguage":"de","@id":"https:\/\/news.save.ch\/de\/#\/schema\/logo\/image\/","url":"https:\/\/news.save.ch\/wp-content\/uploads\/2022\/06\/Logo_SF_2012.png","contentUrl":"https:\/\/news.save.ch\/wp-content\/uploads\/2022\/06\/Logo_SF_2012.png","width":1100,"height":91,"caption":"Sicherheitsforum"},"image":{"@id":"https:\/\/news.save.ch\/de\/#\/schema\/logo\/image\/"}},{"@type":"Person","@id":"https:\/\/news.save.ch\/de\/#\/schema\/person\/d49e199490bad7c70d64b9ab51142f2b","name":"admin","image":{"@type":"ImageObject","inLanguage":"de","@id":"https:\/\/secure.gravatar.com\/avatar\/ae2f4d718e6c49043e314ce431e7e645d646302a24a5ef5a8bc8e3f5a032e319?s=96&d=mm&r=g","url":"https:\/\/secure.gravatar.com\/avatar\/ae2f4d718e6c49043e314ce431e7e645d646302a24a5ef5a8bc8e3f5a032e319?s=96&d=mm&r=g","contentUrl":"https:\/\/secure.gravatar.com\/avatar\/ae2f4d718e6c49043e314ce431e7e645d646302a24a5ef5a8bc8e3f5a032e319?s=96&d=mm&r=g","caption":"admin"},"sameAs":["https:\/\/develop.organisator.galledia.ch"],"url":"https:\/\/news.save.ch\/de\/author\/admin\/"}]}},"_links":{"self":[{"href":"https:\/\/news.save.ch\/de\/wp-json\/wp\/v2\/posts\/16957","targetHints":{"allow":["GET"]}}],"collection":[{"href":"https:\/\/news.save.ch\/de\/wp-json\/wp\/v2\/posts"}],"about":[{"href":"https:\/\/news.save.ch\/de\/wp-json\/wp\/v2\/types\/post"}],"author":[{"embeddable":true,"href":"https:\/\/news.save.ch\/de\/wp-json\/wp\/v2\/users\/1"}],"replies":[{"embeddable":true,"href":"https:\/\/news.save.ch\/de\/wp-json\/wp\/v2\/comments?post=16957"}],"version-history":[{"count":1,"href":"https:\/\/news.save.ch\/de\/wp-json\/wp\/v2\/posts\/16957\/revisions"}],"predecessor-version":[{"id":18189,"href":"https:\/\/news.save.ch\/de\/wp-json\/wp\/v2\/posts\/16957\/revisions\/18189"}],"wp:featuredmedia":[{"embeddable":true,"href":"https:\/\/news.save.ch\/de\/wp-json\/wp\/v2\/media\/5828"}],"wp:attachment":[{"href":"https:\/\/news.save.ch\/de\/wp-json\/wp\/v2\/media?parent=16957"}],"wp:term":[{"taxonomy":"category","embeddable":true,"href":"https:\/\/news.save.ch\/de\/wp-json\/wp\/v2\/categories?post=16957"},{"taxonomy":"post_tag","embeddable":true,"href":"https:\/\/news.save.ch\/de\/wp-json\/wp\/v2\/tags?post=16957"}],"curies":[{"name":"wp","href":"https:\/\/api.w.org\/{rel}","templated":true}]}}