{"id":16959,"date":"2020-07-12T08:00:31","date_gmt":"2020-07-12T06:00:31","guid":{"rendered":"https:\/\/news.save.ch\/?p=5838"},"modified":"2023-03-14T09:02:18","modified_gmt":"2023-03-14T08:02:18","slug":"bundesrat-will-arbeitnehmersicherheit-im-bauwesen-verbessern","status":null,"type":"post","link":"https:\/\/news.save.ch\/de\/bundesrat-will-arbeitnehmersicherheit-im-bauwesen-verbessern\/","title":{"rendered":"Bundesrat will Arbeitnehmersicherheit im Bauwesen verbessern"},"content":{"rendered":"<figure id=\"attachment_5839\" aria-describedby=\"caption-attachment-5839\" style=\"width: 680px\" class=\"wp-caption alignnone\"><img loading=\"lazy\" decoding=\"async\" class=\"size-medium wp-image-5839\" src=\"http:\/\/develop.safety-plus.ch\/wp-content\/uploads\/2020\/07\/Depositphotos_lagereek.jpg\" alt=\"\" width=\"680\" height=\"447\" \/><figcaption id=\"caption-attachment-5839\" class=\"wp-caption-text\">So sieht die Verordnungsrevision beispielsweise vor, die Absturzh\u00f6he, ab der Absturzsicherungsmassnahmen zu treffen sind, auf 2 Meter zu vereinheitlichen. \u00a9Depositphotos\/lagereek<\/figcaption><\/figure>\n<p>Die aktuelle Verordnung stammt aus dem Jahr 2005 und erf\u00fcllt die heutigen Anforderungen nicht mehr, was insbesondere auf den bedeutenden <a href=\"https:\/\/news.save.ch\/5g-ausbau-im-grunde-ungeheuerlich\/\" target=\"_blank\" rel=\"noopener\">technischen Fortschritt<\/a> der letzten Jahre zur\u00fcckzuf\u00fchren ist. Manche Formulierungen erwiesen sich ausserdem als zu vage f\u00fcr eine optimale Umsetzung.<\/p>\n<p>Die wichtigsten \u00c4nderungen betreffen die Absturzh\u00f6he sowie die Ger\u00fcste. Inkoh\u00e4rente <a href=\"https:\/\/news.save.ch\/psaga-absturzsicherung-mit-turbo\/\" target=\"_blank\" rel=\"noopener\">Absturzsicherungsvorschriften<\/a> in verschiedenen Kapiteln der Verordnung hatten zu Verunsicherungen gef\u00fchrt. So sieht die Verordnungsrevision beispielsweise vor, die Absturzh\u00f6he, ab der Absturzsicherungsmassnahmen zu treffen sind, auf 2 Meter zu vereinheitlichen. Das Kapitel zu den Ger\u00fcsten wurde ebenfalls vollst\u00e4ndig \u00fcberarbeitet, da viele Bestimmungen inzwischen in den europ\u00e4ischen Normen geregelt wurden und daher nicht mehr in einer eidgen\u00f6ssischen Verordnung festgehalten werden m\u00fcssen.<\/p>\n<p><strong>Weitere Infos<\/strong><\/p>\n<p><a href=\"https:\/\/www.admin.ch\/gov\/de\/start\/dokumentation\/medienmitteilungen.msg-id-79239.html\" target=\"_blank\" rel=\"noopener\">www.admin.ch<\/a><\/p>\n<p><a class=\"icon icon--after icon--external\" title=\"\" href=\"https:\/\/www.bag.admin.ch\/bag\/de\/home\/versicherungen\/unfallversicherung\/revisionsprojekte\/laufende-projekte\/bauav-revision.html\" target=\"_blank\" rel=\"noopener\">Revision der Bauarbeitenverordnung<\/a><\/p>\n","protected":false},"excerpt":{"rendered":"<p>Die aktuelle Verordnung stammt aus dem Jahr 2005 und erf\u00fcllt die heutigen Anforderungen nicht mehr, was insbesondere auf den bedeutenden technischen Fortschritt der letzten Jahre zur\u00fcckzuf\u00fchren ist. Manche Formulierungen erwiesen sich ausserdem als zu vage f\u00fcr eine optimale Umsetzung. Die wichtigsten \u00c4nderungen betreffen die Absturzh\u00f6he sowie die Ger\u00fcste. Inkoh\u00e4rente Absturzsicherungsvorschriften in verschiedenen Kapiteln der Verordnung [&hellip;]<\/p>\n","protected":false},"author":1,"featured_media":16377,"comment_status":"closed","ping_status":"closed","sticky":false,"template":"","format":"standard","meta":{"_acf_changed":false,"pgc_sgb_lightbox_settings":"","footnotes":""},"categories":[1,3314],"tags":[172,1740,168,2724,310,167],"class_list":["post-16959","post","type-post","status-publish","format-standard","has-post-thumbnail","hentry","category-allgemein","category-health-safety","tag-arbeitssicherheit","tag-bauarbeitenverordnung","tag-bundesrat","tag-psaga","tag-sicherheit","tag-suva"],"acf":[],"hkrextid":null,"publication":null,"issue":null,"workflow":null,"startPage":null,"spitzmarke":null,"_posts_by_tag_page_fields":{"widget_title":"","widget_tags":""},"_at_widget":"1","_yoast_wpseo_primary_category":"1","_yoast_wpseo_focuskw_text_input":"Bauwesen","_yoast_wpseo_opengraph-image":null,"_yoast_wpseo_opengraph-description":null,"_yoast_wpseo_opengraph-title":null,"enclosure":null,"_yoast_wpseo_twitter-title":null,"_yoast_wpseo_twitter-description":null,"_yoast_wpseo_twitter-image":null,"_wp_old_slug":null,"_yoast_wpseo_title":null,"_yoast_wpseo_canonical":null,"yoast_head":"<!-- This site is optimized with the Yoast SEO plugin v27.4 - https:\/\/yoast.com\/product\/yoast-seo-wordpress\/ -->\n<title>Bundesrat will Arbeitnehmersicherheit im Bauwesen verbessern - Save<\/title>\n<meta name=\"description\" content=\"Der Bundesrat m\u00f6chte die Bestimmungen zum Arbeitnehmerschutz bei Bauarbeiten aktualisieren.\" \/>\n<meta name=\"robots\" content=\"index, follow, max-snippet:-1, max-image-preview:large, max-video-preview:-1\" \/>\n<link rel=\"canonical\" href=\"https:\/\/news.save.ch\/de\/bundesrat-will-arbeitnehmersicherheit-im-bauwesen-verbessern\/\" \/>\n<meta property=\"og:locale\" content=\"de_DE\" \/>\n<meta property=\"og:type\" content=\"article\" \/>\n<meta property=\"og:title\" content=\"Bundesrat will Arbeitnehmersicherheit im Bauwesen verbessern - Save\" \/>\n<meta property=\"og:description\" content=\"Der Bundesrat m\u00f6chte die Bestimmungen zum Arbeitnehmerschutz bei Bauarbeiten aktualisieren.\" \/>\n<meta property=\"og:url\" content=\"https:\/\/news.save.ch\/de\/bundesrat-will-arbeitnehmersicherheit-im-bauwesen-verbessern\/\" \/>\n<meta property=\"og:site_name\" content=\"Save\" \/>\n<meta property=\"article:published_time\" content=\"2020-07-12T06:00:31+00:00\" \/>\n<meta property=\"article:modified_time\" content=\"2023-03-14T08:02:18+00:00\" \/>\n<meta property=\"og:image\" content=\"https:\/\/news.save.ch\/wp-content\/uploads\/2020\/07\/Depositphotos_lagereek-scaled-1.jpg\" \/>\n\t<meta property=\"og:image:width\" content=\"1200\" \/>\n\t<meta property=\"og:image:height\" content=\"789\" \/>\n\t<meta property=\"og:image:type\" content=\"image\/jpeg\" \/>\n<meta name=\"author\" content=\"admin\" \/>\n<meta name=\"twitter:card\" content=\"summary_large_image\" \/>\n<meta name=\"twitter:label1\" content=\"Geschrieben von\" \/>\n\t<meta name=\"twitter:data1\" content=\"admin\" \/>\n\t<meta name=\"twitter:label2\" content=\"Gesch\u00e4tzte Lesezeit\" \/>\n\t<meta name=\"twitter:data2\" content=\"1\u00a0Minute\" \/>\n<script type=\"application\/ld+json\" class=\"yoast-schema-graph\">{\"@context\":\"https:\\\/\\\/schema.org\",\"@graph\":[{\"@type\":\"Article\",\"@id\":\"https:\\\/\\\/news.save.ch\\\/bundesrat-will-arbeitnehmersicherheit-im-bauwesen-verbessern\\\/#article\",\"isPartOf\":{\"@id\":\"https:\\\/\\\/news.save.ch\\\/bundesrat-will-arbeitnehmersicherheit-im-bauwesen-verbessern\\\/\"},\"author\":{\"name\":\"admin\",\"@id\":\"https:\\\/\\\/news.save.ch\\\/de\\\/#\\\/schema\\\/person\\\/d49e199490bad7c70d64b9ab51142f2b\"},\"headline\":\"Bundesrat will Arbeitnehmersicherheit im Bauwesen verbessern\",\"datePublished\":\"2020-07-12T06:00:31+00:00\",\"dateModified\":\"2023-03-14T08:02:18+00:00\",\"mainEntityOfPage\":{\"@id\":\"https:\\\/\\\/news.save.ch\\\/bundesrat-will-arbeitnehmersicherheit-im-bauwesen-verbessern\\\/\"},\"wordCount\":162,\"publisher\":{\"@id\":\"https:\\\/\\\/news.save.ch\\\/de\\\/#organization\"},\"image\":{\"@id\":\"https:\\\/\\\/news.save.ch\\\/bundesrat-will-arbeitnehmersicherheit-im-bauwesen-verbessern\\\/#primaryimage\"},\"thumbnailUrl\":\"https:\\\/\\\/news.save.ch\\\/wp-content\\\/uploads\\\/2020\\\/07\\\/Depositphotos_lagereek-scaled-1.jpg\",\"keywords\":[\"Arbeitssicherheit\",\"Bauarbeitenverordnung\",\"Bundesrat\",\"PSAgA\",\"Sicherheit\",\"SUVA\"],\"articleSection\":[\"ALLGEMEIN\",\"HEALTH &amp; SAFETY\"],\"inLanguage\":\"de\"},{\"@type\":\"WebPage\",\"@id\":\"https:\\\/\\\/news.save.ch\\\/bundesrat-will-arbeitnehmersicherheit-im-bauwesen-verbessern\\\/\",\"url\":\"https:\\\/\\\/news.save.ch\\\/bundesrat-will-arbeitnehmersicherheit-im-bauwesen-verbessern\\\/\",\"name\":\"Bundesrat will Arbeitnehmersicherheit im Bauwesen verbessern - Save\",\"isPartOf\":{\"@id\":\"https:\\\/\\\/news.save.ch\\\/de\\\/#website\"},\"primaryImageOfPage\":{\"@id\":\"https:\\\/\\\/news.save.ch\\\/bundesrat-will-arbeitnehmersicherheit-im-bauwesen-verbessern\\\/#primaryimage\"},\"image\":{\"@id\":\"https:\\\/\\\/news.save.ch\\\/bundesrat-will-arbeitnehmersicherheit-im-bauwesen-verbessern\\\/#primaryimage\"},\"thumbnailUrl\":\"https:\\\/\\\/news.save.ch\\\/wp-content\\\/uploads\\\/2020\\\/07\\\/Depositphotos_lagereek-scaled-1.jpg\",\"datePublished\":\"2020-07-12T06:00:31+00:00\",\"dateModified\":\"2023-03-14T08:02:18+00:00\",\"description\":\"Der Bundesrat m\u00f6chte die Bestimmungen zum Arbeitnehmerschutz bei Bauarbeiten aktualisieren.\",\"breadcrumb\":{\"@id\":\"https:\\\/\\\/news.save.ch\\\/bundesrat-will-arbeitnehmersicherheit-im-bauwesen-verbessern\\\/#breadcrumb\"},\"inLanguage\":\"de\",\"potentialAction\":[{\"@type\":\"ReadAction\",\"target\":[\"https:\\\/\\\/news.save.ch\\\/bundesrat-will-arbeitnehmersicherheit-im-bauwesen-verbessern\\\/\"]}]},{\"@type\":\"ImageObject\",\"inLanguage\":\"de\",\"@id\":\"https:\\\/\\\/news.save.ch\\\/bundesrat-will-arbeitnehmersicherheit-im-bauwesen-verbessern\\\/#primaryimage\",\"url\":\"https:\\\/\\\/news.save.ch\\\/wp-content\\\/uploads\\\/2020\\\/07\\\/Depositphotos_lagereek-scaled-1.jpg\",\"contentUrl\":\"https:\\\/\\\/news.save.ch\\\/wp-content\\\/uploads\\\/2020\\\/07\\\/Depositphotos_lagereek-scaled-1.jpg\",\"width\":1200,\"height\":789,\"caption\":\"So sieht die Verordnungsrevision beispielsweise vor, die Absturzh\u00f6he, ab der Absturzsicherungsmassnahmen zu treffen sind, auf 2 Meter zu vereinheitlichen. \u00a9Depositphotos\\\/lagereek\"},{\"@type\":\"BreadcrumbList\",\"@id\":\"https:\\\/\\\/news.save.ch\\\/bundesrat-will-arbeitnehmersicherheit-im-bauwesen-verbessern\\\/#breadcrumb\",\"itemListElement\":[{\"@type\":\"ListItem\",\"position\":1,\"name\":\"Home\",\"item\":\"https:\\\/\\\/news.save.ch\\\/de\\\/\"},{\"@type\":\"ListItem\",\"position\":2,\"name\":\"Bundesrat will Arbeitnehmersicherheit im Bauwesen verbessern\"}]},{\"@type\":\"WebSite\",\"@id\":\"https:\\\/\\\/news.save.ch\\\/de\\\/#website\",\"url\":\"https:\\\/\\\/news.save.ch\\\/de\\\/\",\"name\":\"Save\",\"description\":\"Schweizer Fachzeitschrift f\u00fcr Sicherheit\",\"publisher\":{\"@id\":\"https:\\\/\\\/news.save.ch\\\/de\\\/#organization\"},\"potentialAction\":[{\"@type\":\"SearchAction\",\"target\":{\"@type\":\"EntryPoint\",\"urlTemplate\":\"https:\\\/\\\/news.save.ch\\\/de\\\/?s={search_term_string}\"},\"query-input\":{\"@type\":\"PropertyValueSpecification\",\"valueRequired\":true,\"valueName\":\"search_term_string\"}}],\"inLanguage\":\"de\"},{\"@type\":\"Organization\",\"@id\":\"https:\\\/\\\/news.save.ch\\\/de\\\/#organization\",\"name\":\"Sicherheitsforum\",\"url\":\"https:\\\/\\\/news.save.ch\\\/de\\\/\",\"logo\":{\"@type\":\"ImageObject\",\"inLanguage\":\"de\",\"@id\":\"https:\\\/\\\/news.save.ch\\\/de\\\/#\\\/schema\\\/logo\\\/image\\\/\",\"url\":\"https:\\\/\\\/news.save.ch\\\/wp-content\\\/uploads\\\/2022\\\/06\\\/Logo_SF_2012.png\",\"contentUrl\":\"https:\\\/\\\/news.save.ch\\\/wp-content\\\/uploads\\\/2022\\\/06\\\/Logo_SF_2012.png\",\"width\":1100,\"height\":91,\"caption\":\"Sicherheitsforum\"},\"image\":{\"@id\":\"https:\\\/\\\/news.save.ch\\\/de\\\/#\\\/schema\\\/logo\\\/image\\\/\"}},{\"@type\":\"Person\",\"@id\":\"https:\\\/\\\/news.save.ch\\\/de\\\/#\\\/schema\\\/person\\\/d49e199490bad7c70d64b9ab51142f2b\",\"name\":\"admin\",\"image\":{\"@type\":\"ImageObject\",\"inLanguage\":\"de\",\"@id\":\"https:\\\/\\\/secure.gravatar.com\\\/avatar\\\/ae2f4d718e6c49043e314ce431e7e645d646302a24a5ef5a8bc8e3f5a032e319?s=96&d=mm&r=g\",\"url\":\"https:\\\/\\\/secure.gravatar.com\\\/avatar\\\/ae2f4d718e6c49043e314ce431e7e645d646302a24a5ef5a8bc8e3f5a032e319?s=96&d=mm&r=g\",\"contentUrl\":\"https:\\\/\\\/secure.gravatar.com\\\/avatar\\\/ae2f4d718e6c49043e314ce431e7e645d646302a24a5ef5a8bc8e3f5a032e319?s=96&d=mm&r=g\",\"caption\":\"admin\"},\"sameAs\":[\"https:\\\/\\\/develop.organisator.galledia.ch\"],\"url\":\"https:\\\/\\\/news.save.ch\\\/de\\\/author\\\/admin\\\/\"}]}<\/script>\n<!-- \/ Yoast SEO plugin. -->","yoast_head_json":{"title":"Bundesrat will Arbeitnehmersicherheit im Bauwesen verbessern - Save","description":"Der Bundesrat m\u00f6chte die Bestimmungen zum Arbeitnehmerschutz bei Bauarbeiten aktualisieren.","robots":{"index":"index","follow":"follow","max-snippet":"max-snippet:-1","max-image-preview":"max-image-preview:large","max-video-preview":"max-video-preview:-1"},"canonical":"https:\/\/news.save.ch\/de\/bundesrat-will-arbeitnehmersicherheit-im-bauwesen-verbessern\/","og_locale":"de_DE","og_type":"article","og_title":"Bundesrat will Arbeitnehmersicherheit im Bauwesen verbessern - Save","og_description":"Der Bundesrat m\u00f6chte die Bestimmungen zum Arbeitnehmerschutz bei Bauarbeiten aktualisieren.","og_url":"https:\/\/news.save.ch\/de\/bundesrat-will-arbeitnehmersicherheit-im-bauwesen-verbessern\/","og_site_name":"Save","article_published_time":"2020-07-12T06:00:31+00:00","article_modified_time":"2023-03-14T08:02:18+00:00","og_image":[{"width":1200,"height":789,"url":"https:\/\/news.save.ch\/wp-content\/uploads\/2020\/07\/Depositphotos_lagereek-scaled-1.jpg","type":"image\/jpeg"}],"author":"admin","twitter_card":"summary_large_image","twitter_misc":{"Geschrieben von":"admin","Gesch\u00e4tzte Lesezeit":"1\u00a0Minute"},"schema":{"@context":"https:\/\/schema.org","@graph":[{"@type":"Article","@id":"https:\/\/news.save.ch\/bundesrat-will-arbeitnehmersicherheit-im-bauwesen-verbessern\/#article","isPartOf":{"@id":"https:\/\/news.save.ch\/bundesrat-will-arbeitnehmersicherheit-im-bauwesen-verbessern\/"},"author":{"name":"admin","@id":"https:\/\/news.save.ch\/de\/#\/schema\/person\/d49e199490bad7c70d64b9ab51142f2b"},"headline":"Bundesrat will Arbeitnehmersicherheit im Bauwesen verbessern","datePublished":"2020-07-12T06:00:31+00:00","dateModified":"2023-03-14T08:02:18+00:00","mainEntityOfPage":{"@id":"https:\/\/news.save.ch\/bundesrat-will-arbeitnehmersicherheit-im-bauwesen-verbessern\/"},"wordCount":162,"publisher":{"@id":"https:\/\/news.save.ch\/de\/#organization"},"image":{"@id":"https:\/\/news.save.ch\/bundesrat-will-arbeitnehmersicherheit-im-bauwesen-verbessern\/#primaryimage"},"thumbnailUrl":"https:\/\/news.save.ch\/wp-content\/uploads\/2020\/07\/Depositphotos_lagereek-scaled-1.jpg","keywords":["Arbeitssicherheit","Bauarbeitenverordnung","Bundesrat","PSAgA","Sicherheit","SUVA"],"articleSection":["ALLGEMEIN","HEALTH &amp; SAFETY"],"inLanguage":"de"},{"@type":"WebPage","@id":"https:\/\/news.save.ch\/bundesrat-will-arbeitnehmersicherheit-im-bauwesen-verbessern\/","url":"https:\/\/news.save.ch\/bundesrat-will-arbeitnehmersicherheit-im-bauwesen-verbessern\/","name":"Bundesrat will Arbeitnehmersicherheit im Bauwesen verbessern - Save","isPartOf":{"@id":"https:\/\/news.save.ch\/de\/#website"},"primaryImageOfPage":{"@id":"https:\/\/news.save.ch\/bundesrat-will-arbeitnehmersicherheit-im-bauwesen-verbessern\/#primaryimage"},"image":{"@id":"https:\/\/news.save.ch\/bundesrat-will-arbeitnehmersicherheit-im-bauwesen-verbessern\/#primaryimage"},"thumbnailUrl":"https:\/\/news.save.ch\/wp-content\/uploads\/2020\/07\/Depositphotos_lagereek-scaled-1.jpg","datePublished":"2020-07-12T06:00:31+00:00","dateModified":"2023-03-14T08:02:18+00:00","description":"Der Bundesrat m\u00f6chte die Bestimmungen zum Arbeitnehmerschutz bei Bauarbeiten aktualisieren.","breadcrumb":{"@id":"https:\/\/news.save.ch\/bundesrat-will-arbeitnehmersicherheit-im-bauwesen-verbessern\/#breadcrumb"},"inLanguage":"de","potentialAction":[{"@type":"ReadAction","target":["https:\/\/news.save.ch\/bundesrat-will-arbeitnehmersicherheit-im-bauwesen-verbessern\/"]}]},{"@type":"ImageObject","inLanguage":"de","@id":"https:\/\/news.save.ch\/bundesrat-will-arbeitnehmersicherheit-im-bauwesen-verbessern\/#primaryimage","url":"https:\/\/news.save.ch\/wp-content\/uploads\/2020\/07\/Depositphotos_lagereek-scaled-1.jpg","contentUrl":"https:\/\/news.save.ch\/wp-content\/uploads\/2020\/07\/Depositphotos_lagereek-scaled-1.jpg","width":1200,"height":789,"caption":"So sieht die Verordnungsrevision beispielsweise vor, die Absturzh\u00f6he, ab der Absturzsicherungsmassnahmen zu treffen sind, auf 2 Meter zu vereinheitlichen. \u00a9Depositphotos\/lagereek"},{"@type":"BreadcrumbList","@id":"https:\/\/news.save.ch\/bundesrat-will-arbeitnehmersicherheit-im-bauwesen-verbessern\/#breadcrumb","itemListElement":[{"@type":"ListItem","position":1,"name":"Home","item":"https:\/\/news.save.ch\/de\/"},{"@type":"ListItem","position":2,"name":"Bundesrat will Arbeitnehmersicherheit im Bauwesen verbessern"}]},{"@type":"WebSite","@id":"https:\/\/news.save.ch\/de\/#website","url":"https:\/\/news.save.ch\/de\/","name":"Save","description":"Schweizer Fachzeitschrift f\u00fcr Sicherheit","publisher":{"@id":"https:\/\/news.save.ch\/de\/#organization"},"potentialAction":[{"@type":"SearchAction","target":{"@type":"EntryPoint","urlTemplate":"https:\/\/news.save.ch\/de\/?s={search_term_string}"},"query-input":{"@type":"PropertyValueSpecification","valueRequired":true,"valueName":"search_term_string"}}],"inLanguage":"de"},{"@type":"Organization","@id":"https:\/\/news.save.ch\/de\/#organization","name":"Sicherheitsforum","url":"https:\/\/news.save.ch\/de\/","logo":{"@type":"ImageObject","inLanguage":"de","@id":"https:\/\/news.save.ch\/de\/#\/schema\/logo\/image\/","url":"https:\/\/news.save.ch\/wp-content\/uploads\/2022\/06\/Logo_SF_2012.png","contentUrl":"https:\/\/news.save.ch\/wp-content\/uploads\/2022\/06\/Logo_SF_2012.png","width":1100,"height":91,"caption":"Sicherheitsforum"},"image":{"@id":"https:\/\/news.save.ch\/de\/#\/schema\/logo\/image\/"}},{"@type":"Person","@id":"https:\/\/news.save.ch\/de\/#\/schema\/person\/d49e199490bad7c70d64b9ab51142f2b","name":"admin","image":{"@type":"ImageObject","inLanguage":"de","@id":"https:\/\/secure.gravatar.com\/avatar\/ae2f4d718e6c49043e314ce431e7e645d646302a24a5ef5a8bc8e3f5a032e319?s=96&d=mm&r=g","url":"https:\/\/secure.gravatar.com\/avatar\/ae2f4d718e6c49043e314ce431e7e645d646302a24a5ef5a8bc8e3f5a032e319?s=96&d=mm&r=g","contentUrl":"https:\/\/secure.gravatar.com\/avatar\/ae2f4d718e6c49043e314ce431e7e645d646302a24a5ef5a8bc8e3f5a032e319?s=96&d=mm&r=g","caption":"admin"},"sameAs":["https:\/\/develop.organisator.galledia.ch"],"url":"https:\/\/news.save.ch\/de\/author\/admin\/"}]}},"_links":{"self":[{"href":"https:\/\/news.save.ch\/de\/wp-json\/wp\/v2\/posts\/16959","targetHints":{"allow":["GET"]}}],"collection":[{"href":"https:\/\/news.save.ch\/de\/wp-json\/wp\/v2\/posts"}],"about":[{"href":"https:\/\/news.save.ch\/de\/wp-json\/wp\/v2\/types\/post"}],"author":[{"embeddable":true,"href":"https:\/\/news.save.ch\/de\/wp-json\/wp\/v2\/users\/1"}],"replies":[{"embeddable":true,"href":"https:\/\/news.save.ch\/de\/wp-json\/wp\/v2\/comments?post=16959"}],"version-history":[{"count":1,"href":"https:\/\/news.save.ch\/de\/wp-json\/wp\/v2\/posts\/16959\/revisions"}],"predecessor-version":[{"id":18188,"href":"https:\/\/news.save.ch\/de\/wp-json\/wp\/v2\/posts\/16959\/revisions\/18188"}],"wp:featuredmedia":[{"embeddable":true,"href":"https:\/\/news.save.ch\/de\/wp-json\/wp\/v2\/media\/16377"}],"wp:attachment":[{"href":"https:\/\/news.save.ch\/de\/wp-json\/wp\/v2\/media?parent=16959"}],"wp:term":[{"taxonomy":"category","embeddable":true,"href":"https:\/\/news.save.ch\/de\/wp-json\/wp\/v2\/categories?post=16959"},{"taxonomy":"post_tag","embeddable":true,"href":"https:\/\/news.save.ch\/de\/wp-json\/wp\/v2\/tags?post=16959"}],"curies":[{"name":"wp","href":"https:\/\/api.w.org\/{rel}","templated":true}]}}