{"id":16964,"date":"2020-08-12T17:56:32","date_gmt":"2020-08-12T15:56:32","guid":{"rendered":"https:\/\/news.save.ch\/?p=5936"},"modified":"2023-03-14T09:05:30","modified_gmt":"2023-03-14T08:05:30","slug":"grossanlaesse-ab-oktober-wieder-moeglich","status":null,"type":"post","link":"https:\/\/news.save.ch\/de\/grossanlaesse-ab-oktober-wieder-moeglich\/","title":{"rendered":"Grossanl\u00e4sse ab Oktober wieder m\u00f6glich"},"content":{"rendered":"<figure id=\"attachment_5770\" aria-describedby=\"caption-attachment-5770\" style=\"width: 680px\" class=\"wp-caption alignnone\"><img loading=\"lazy\" decoding=\"async\" class=\"size-medium wp-image-5770\" src=\"http:\/\/develop.safety-plus.ch\/wp-content\/uploads\/2020\/06\/204558_80.jpg\" alt=\"\" width=\"680\" height=\"452\" srcset=\"https:\/\/news.save.ch\/wp-content\/uploads\/2020\/06\/204558_80.jpg 794w, https:\/\/news.save.ch\/wp-content\/uploads\/2020\/06\/204558_80-680x452.jpg 680w, https:\/\/news.save.ch\/wp-content\/uploads\/2020\/06\/204558_80-768x511.jpg 768w, https:\/\/news.save.ch\/wp-content\/uploads\/2020\/06\/204558_80-18x12.jpg 18w, https:\/\/news.save.ch\/wp-content\/uploads\/2020\/06\/204558_80-375x249.jpg 375w, https:\/\/news.save.ch\/wp-content\/uploads\/2020\/06\/204558_80-526x350.jpg 526w\" sizes=\"auto, (max-width: 680px) 100vw, 680px\" \/><figcaption id=\"caption-attachment-5770\" class=\"wp-caption-text\">Coronavirus: Grossanl\u00e4sse sind ab 1. Oktober 2020 unter strengen Bedingungen und mit Bewilligung wieder m\u00f6glich.<\/figcaption><\/figure>\n<p>Es gelten strenge Schutzmassnahmen und die Kantone m\u00fcssen die Anl\u00e4sse bewilligen. Dabei m\u00fcssen die Kantone ihre <a href=\"https:\/\/www.newsd.admin.ch\/newsd\/message\/attachments\/62330.pdf\" target=\"_blank\" rel=\"noopener\">epidemiologische Lage<\/a> und ihre Kapazit\u00e4ten f\u00fcr das Contact Tracing ber\u00fccksichtigen. Damit will der Bundesrat sicherstellen, dass sich die Situation in der Schweiz nicht verschlechtert. Gleichzeitig tr\u00e4gt er mit dem vorsichtigen \u00d6ffnungsschritt den gesellschaftlichen Bed\u00fcrfnissen sowie den <a href=\"https:\/\/news.save.ch\/corona-entschaedigung-fuer-selbstaendige-verlaengert\/\" target=\"_blank\" rel=\"noopener\">wirtschaftlichen Interessen<\/a> der Sportvereine und Kulturveranstaltern Rechnung.<\/p>\n<p>Das Eidgen\u00f6ssische Departement des Innern (EDI) wird beauftragt, zusammen mit den zust\u00e4ndigen Departementen und den Kantonen bis am 2. September einheitliche Bewilligungsanforderungen f\u00fcr Grossanl\u00e4sse auszuarbeiten. Diese sollen f\u00fcr alle Bereiche, wie Sport, Kultur oder Religion gelten. Damit sollen zus\u00e4tzlich zu den Basismassnahmen wie Abstandhalten oder Hygiene Leitplanken aufgestellt werden. Dabei kann auf die Empfehlungen der <a href=\"https:\/\/www.who.int\/emergencies\/diseases\/novel-coronavirus-2019\/interactive-timeline\" target=\"_blank\" rel=\"noopener\">Weltgesundheitsorganisation<\/a> (WHO) und der Science Task Force zur\u00fcckgegriffen werden. F\u00fcr die Veranstaltung braucht es eine Bewilligung des zust\u00e4ndigen Kantons. Die Kantone k\u00f6nnen die Erteilung der Bewilligung zudem verweigern, wenn ihre epidemiologische Lage und die Kapazit\u00e4ten f\u00fcr das Contact Tracing die Durchf\u00fchrung nicht erlauben.<\/p>\n<p><strong>Veranstaltungsverbot bis Ende September verl\u00e4ngert<\/strong><\/p>\n<p><a href=\"https:\/\/news.save.ch\/neuer-termin-arbeitssicherheit-schweiz\/\" target=\"_blank\" rel=\"noopener\">Veranstaltungen<\/a> mit mehr als 1000 Personen sind in der Schweiz seit dem 28. Februar 2020 verboten. Dieses Verbot ist eine der zentralen Massnahmen, mit der die Zahl der Infektionen mit dem Coronavirus reduziert werden konnte. Es gilt bis am 31. August und wird nun um einen Monat bis Ende September verl\u00e4ngert. Damit erhalten die Kantone Zeit, um das Bewilligungsregime vorzubereiten und wenn n\u00f6tig die Kapazit\u00e4ten f\u00fcr das Contact Tracing zu erh\u00f6hen.<\/p>\n<p>Mit dem Vorgehen will der Bundesrat sicherstellen, dass sich die epidemiologische Lage nicht weiter verschlechtert. Gleichzeitig tr\u00e4gt er den gesellschaftlichen Bed\u00fcrfnissen etwa nach einem vielf\u00e4ltigen Kulturleben und Sportangebot sowie den wirtschaftlichen Interessen Rechnung. Nicht alle Grossveranstaltungen bergen dieselben Risiken. So gibt es Grossanl\u00e4sse, bei denen der Mindestabstand weitgehend eingehalten werden kann.<\/p>\n<p><strong>Neu: Maskentragpflicht im Flugzeug<\/strong><\/p>\n<p>Der Bundesrat hat zudem entschieden, dass ab dem 15 August auch in Flugzeugen eine Maske getragen werden muss. Bereits seit dem 6. Juli gilt im <a href=\"https:\/\/www.newsd.admin.ch\/newsd\/message\/attachments\/62325.pdf\" target=\"_blank\" rel=\"noopener\">\u00f6ffentlichen Verkehr<\/a> eine Maskentragpflicht. Die Massnahme betrifft alle <a href=\"https:\/\/news.save.ch\/sommerreise-andere-laender-andere-vorschriften\/\" target=\"_blank\" rel=\"noopener\">Linien- und Charterfl\u00fcge<\/a>, die in der Schweiz starten oder landen, unabh\u00e4ngig der Fluggesellschaft.<\/p>\n<p><strong>Ausnahmen der Quarant\u00e4ne f\u00fcr Diplomaten<\/strong><\/p>\n<p>Ausl\u00e4ndische Diplomatinnen und Diplomaten sind von der <a href=\"https:\/\/news.save.ch\/quarantaenepflicht-mit-busse-bis-10000-chf\/\" target=\"_blank\" rel=\"noopener\">Quarant\u00e4nepflicht<\/a> befreit, wenn ihre Einreise f\u00fcr die Funktionsf\u00e4higkeit der Botschaften notwendig ist. Schweizer Diplomatinnen und Diplomaten sind neu ebenfalls f\u00fcr notwendige dienstliche T\u00e4tigkeiten von der Quarant\u00e4ne befreit.<\/p>\n<p><strong>Einmalige Ausgaben zur Bew\u00e4ltigung der Covid-19-Pandemie<\/strong><\/p>\n<p>Die Bew\u00e4ltigung der <a href=\"https:\/\/news.save.ch\/fehlanwendung-von-pandemieatemschutz-in-betrieben-vermeiden\/\" target=\"_blank\" rel=\"noopener\">Covid-19-Pandemie<\/a> f\u00fchrt beim Bundesamt f\u00fcr Gesundheit im Jahr 2020 zu verschiedenen zus\u00e4tzlichen Ausgaben, etwa f\u00fcr Kampagnenarbeit, den Betrieb der Hotlines oder die Entwicklung der Corona-App. Der Bundesrat beantragt deshalb einen Nachtragskredit f\u00fcr die Bew\u00e4ltigung der Covid-19-Pandemie von 31,6 Millionen Franken f\u00fcr das Jahr 2020.<\/p>\n<p>Quelle: <a href=\"http:\/\/www.admin.ch\" target=\"_blank\" rel=\"noopener\">www.admin.ch<\/a><\/p>\n<p>Zur <a href=\"https:\/\/www.youtube.com\/watch?v=xeVhJDxWL7w&amp;feature=youtu.be\" target=\"_blank\" rel=\"noopener\">Medienkonferenz<\/a><\/p>\n<p>Notrechtliche Massnahmen des Bundesrates zur Bew\u00e4ltigung der Coronakrise \u2013 <a href=\"https:\/\/www.admin.ch\/dam\/gov\/de\/Startseite\/neu_QA%20zu%20Covid%2019%20und%20Notrecht_DE%20200812.pdf.download.pdf\/neu_QA%20zu%20Covid%2019%20und%20Notrecht_DE%20200812.pdf\" target=\"_blank\" rel=\"noopener\">Fragen und Antworten<\/a><\/p>\n<p><a href=\"https:\/\/www.admin.ch\/opc\/search\/?source_lang=de&amp;language[]=de&amp;product[]=fg&amp;product[]=oc&amp;product[]=cc&amp;product[]=ba&amp;product[]=jcd&amp;date_range_min=&amp;date_range_max=&amp;d_compilation=both&amp;d_is_in_force=yes&amp;text=Covid&amp;source_lang=de&amp;lang=de\" target=\"_blank\" rel=\"noopener\">Alle Corona-Notverordnungen<\/a> des Bundes<\/p>\n","protected":false},"excerpt":{"rendered":"<p>Es gelten strenge Schutzmassnahmen und die Kantone m\u00fcssen die Anl\u00e4sse bewilligen. Dabei m\u00fcssen die Kantone ihre epidemiologische Lage und ihre Kapazit\u00e4ten f\u00fcr das Contact Tracing ber\u00fccksichtigen. Damit will der Bundesrat sicherstellen, dass sich die Situation in der Schweiz nicht verschlechtert. Gleichzeitig tr\u00e4gt er mit dem vorsichtigen \u00d6ffnungsschritt den gesellschaftlichen Bed\u00fcrfnissen sowie den wirtschaftlichen Interessen der [&hellip;]<\/p>\n","protected":false},"author":1,"featured_media":5770,"comment_status":"closed","ping_status":"closed","sticky":false,"template":"","format":"standard","meta":{"_acf_changed":false,"pgc_sgb_lightbox_settings":"","footnotes":""},"categories":[1,3314],"tags":[168,631,84,149,2198,141,2729,2742,2745,310,596,160,181,732],"class_list":["post-16964","post","type-post","status-publish","format-standard","has-post-thumbnail","hentry","category-allgemein","category-health-safety","tag-bundesrat","tag-coronavirus","tag-fachkongressfachmesse","tag-gesundheitsschutz","tag-grossanlaesse","tag-praevention","tag-psychische-gesundheit","tag-quarantaene","tag-quarantaenepflicht","tag-sicherheit","tag-veranstaltung","tag-veranstaltungen","tag-versicherung","tag-who"],"acf":[],"hkrextid":null,"publication":null,"issue":null,"workflow":null,"startPage":null,"spitzmarke":null,"_posts_by_tag_page_fields":{"widget_title":"","widget_tags":""},"_at_widget":"1","_yoast_wpseo_primary_category":"1","_yoast_wpseo_focuskw_text_input":"Grossanl\u00e4sse","_yoast_wpseo_opengraph-image":null,"_yoast_wpseo_opengraph-description":null,"_yoast_wpseo_opengraph-title":null,"enclosure":null,"_yoast_wpseo_twitter-title":null,"_yoast_wpseo_twitter-description":null,"_yoast_wpseo_twitter-image":null,"_wp_old_slug":null,"_yoast_wpseo_title":null,"_yoast_wpseo_canonical":null,"yoast_head":"<!-- This site is optimized with the Yoast SEO plugin v27.4 - https:\/\/yoast.com\/product\/yoast-seo-wordpress\/ -->\n<title>Grossanl\u00e4sse ab Oktober wieder m\u00f6glich - Save<\/title>\n<meta name=\"description\" content=\"Das Verbot von Grossanl\u00e4ssen bis 1000 Personen galt bis am 31. August und wurde nun um einen Monat bis Ende September verl\u00e4ngert.\" \/>\n<meta name=\"robots\" content=\"index, follow, max-snippet:-1, max-image-preview:large, max-video-preview:-1\" \/>\n<link rel=\"canonical\" href=\"https:\/\/news.save.ch\/de\/grossanlaesse-ab-oktober-wieder-moeglich\/\" \/>\n<meta property=\"og:locale\" content=\"de_DE\" \/>\n<meta property=\"og:type\" content=\"article\" \/>\n<meta property=\"og:title\" content=\"Grossanl\u00e4sse ab Oktober wieder m\u00f6glich - Save\" \/>\n<meta property=\"og:description\" content=\"Das Verbot von Grossanl\u00e4ssen bis 1000 Personen galt bis am 31. August und wurde nun um einen Monat bis Ende September verl\u00e4ngert.\" \/>\n<meta property=\"og:url\" content=\"https:\/\/news.save.ch\/de\/grossanlaesse-ab-oktober-wieder-moeglich\/\" \/>\n<meta property=\"og:site_name\" content=\"Save\" \/>\n<meta property=\"article:published_time\" content=\"2020-08-12T15:56:32+00:00\" \/>\n<meta property=\"article:modified_time\" content=\"2023-03-14T08:05:30+00:00\" \/>\n<meta property=\"og:image\" content=\"https:\/\/news.save.ch\/wp-content\/uploads\/2020\/06\/204558_80.jpg\" \/>\n\t<meta property=\"og:image:width\" content=\"794\" \/>\n\t<meta property=\"og:image:height\" content=\"528\" \/>\n\t<meta property=\"og:image:type\" content=\"image\/jpeg\" \/>\n<meta name=\"author\" content=\"admin\" \/>\n<meta name=\"twitter:card\" content=\"summary_large_image\" \/>\n<meta name=\"twitter:label1\" content=\"Geschrieben von\" \/>\n\t<meta name=\"twitter:data1\" content=\"admin\" \/>\n\t<meta name=\"twitter:label2\" content=\"Gesch\u00e4tzte Lesezeit\" \/>\n\t<meta name=\"twitter:data2\" content=\"3\u00a0Minuten\" \/>\n<script type=\"application\/ld+json\" class=\"yoast-schema-graph\">{\"@context\":\"https:\\\/\\\/schema.org\",\"@graph\":[{\"@type\":\"Article\",\"@id\":\"https:\\\/\\\/news.save.ch\\\/grossanlaesse-ab-oktober-wieder-moeglich\\\/#article\",\"isPartOf\":{\"@id\":\"https:\\\/\\\/news.save.ch\\\/grossanlaesse-ab-oktober-wieder-moeglich\\\/\"},\"author\":{\"name\":\"admin\",\"@id\":\"https:\\\/\\\/news.save.ch\\\/de\\\/#\\\/schema\\\/person\\\/d49e199490bad7c70d64b9ab51142f2b\"},\"headline\":\"Grossanl\u00e4sse ab Oktober wieder m\u00f6glich\",\"datePublished\":\"2020-08-12T15:56:32+00:00\",\"dateModified\":\"2023-03-14T08:05:30+00:00\",\"mainEntityOfPage\":{\"@id\":\"https:\\\/\\\/news.save.ch\\\/grossanlaesse-ab-oktober-wieder-moeglich\\\/\"},\"wordCount\":521,\"publisher\":{\"@id\":\"https:\\\/\\\/news.save.ch\\\/de\\\/#organization\"},\"image\":{\"@id\":\"https:\\\/\\\/news.save.ch\\\/grossanlaesse-ab-oktober-wieder-moeglich\\\/#primaryimage\"},\"thumbnailUrl\":\"https:\\\/\\\/news.save.ch\\\/wp-content\\\/uploads\\\/2020\\\/06\\\/204558_80.jpg\",\"keywords\":[\"Bundesrat\",\"Coronavirus\",\"Fachkongress\\\/Fachmesse\",\"Gesundheitsschutz\",\"Grossanl\u00e4sse\",\"Pr\u00e4vention\",\"Psychische Gesundheit\",\"Quarant\u00e4ne\",\"Quarant\u00e4nepflicht\",\"Sicherheit\",\"Veranstaltung\",\"Veranstaltungen\",\"Versicherung\",\"WHO\"],\"articleSection\":[\"ALLGEMEIN\",\"HEALTH &amp; SAFETY\"],\"inLanguage\":\"de\"},{\"@type\":\"WebPage\",\"@id\":\"https:\\\/\\\/news.save.ch\\\/grossanlaesse-ab-oktober-wieder-moeglich\\\/\",\"url\":\"https:\\\/\\\/news.save.ch\\\/grossanlaesse-ab-oktober-wieder-moeglich\\\/\",\"name\":\"Grossanl\u00e4sse ab Oktober wieder m\u00f6glich - Save\",\"isPartOf\":{\"@id\":\"https:\\\/\\\/news.save.ch\\\/de\\\/#website\"},\"primaryImageOfPage\":{\"@id\":\"https:\\\/\\\/news.save.ch\\\/grossanlaesse-ab-oktober-wieder-moeglich\\\/#primaryimage\"},\"image\":{\"@id\":\"https:\\\/\\\/news.save.ch\\\/grossanlaesse-ab-oktober-wieder-moeglich\\\/#primaryimage\"},\"thumbnailUrl\":\"https:\\\/\\\/news.save.ch\\\/wp-content\\\/uploads\\\/2020\\\/06\\\/204558_80.jpg\",\"datePublished\":\"2020-08-12T15:56:32+00:00\",\"dateModified\":\"2023-03-14T08:05:30+00:00\",\"description\":\"Das Verbot von Grossanl\u00e4ssen bis 1000 Personen galt bis am 31. August und wurde nun um einen Monat bis Ende September verl\u00e4ngert.\",\"breadcrumb\":{\"@id\":\"https:\\\/\\\/news.save.ch\\\/grossanlaesse-ab-oktober-wieder-moeglich\\\/#breadcrumb\"},\"inLanguage\":\"de\",\"potentialAction\":[{\"@type\":\"ReadAction\",\"target\":[\"https:\\\/\\\/news.save.ch\\\/grossanlaesse-ab-oktober-wieder-moeglich\\\/\"]}]},{\"@type\":\"ImageObject\",\"inLanguage\":\"de\",\"@id\":\"https:\\\/\\\/news.save.ch\\\/grossanlaesse-ab-oktober-wieder-moeglich\\\/#primaryimage\",\"url\":\"https:\\\/\\\/news.save.ch\\\/wp-content\\\/uploads\\\/2020\\\/06\\\/204558_80.jpg\",\"contentUrl\":\"https:\\\/\\\/news.save.ch\\\/wp-content\\\/uploads\\\/2020\\\/06\\\/204558_80.jpg\",\"width\":794,\"height\":528,\"caption\":\"Coronavirus: Grossanl\u00e4sse sind ab 1. Oktober 2020 unter strengen Bedingungen und mit Bewilligung wieder m\u00f6glich.\"},{\"@type\":\"BreadcrumbList\",\"@id\":\"https:\\\/\\\/news.save.ch\\\/grossanlaesse-ab-oktober-wieder-moeglich\\\/#breadcrumb\",\"itemListElement\":[{\"@type\":\"ListItem\",\"position\":1,\"name\":\"Home\",\"item\":\"https:\\\/\\\/news.save.ch\\\/de\\\/\"},{\"@type\":\"ListItem\",\"position\":2,\"name\":\"Grossanl\u00e4sse ab Oktober wieder m\u00f6glich\"}]},{\"@type\":\"WebSite\",\"@id\":\"https:\\\/\\\/news.save.ch\\\/de\\\/#website\",\"url\":\"https:\\\/\\\/news.save.ch\\\/de\\\/\",\"name\":\"Save\",\"description\":\"Schweizer Fachzeitschrift f\u00fcr Sicherheit\",\"publisher\":{\"@id\":\"https:\\\/\\\/news.save.ch\\\/de\\\/#organization\"},\"potentialAction\":[{\"@type\":\"SearchAction\",\"target\":{\"@type\":\"EntryPoint\",\"urlTemplate\":\"https:\\\/\\\/news.save.ch\\\/de\\\/?s={search_term_string}\"},\"query-input\":{\"@type\":\"PropertyValueSpecification\",\"valueRequired\":true,\"valueName\":\"search_term_string\"}}],\"inLanguage\":\"de\"},{\"@type\":\"Organization\",\"@id\":\"https:\\\/\\\/news.save.ch\\\/de\\\/#organization\",\"name\":\"Sicherheitsforum\",\"url\":\"https:\\\/\\\/news.save.ch\\\/de\\\/\",\"logo\":{\"@type\":\"ImageObject\",\"inLanguage\":\"de\",\"@id\":\"https:\\\/\\\/news.save.ch\\\/de\\\/#\\\/schema\\\/logo\\\/image\\\/\",\"url\":\"https:\\\/\\\/news.save.ch\\\/wp-content\\\/uploads\\\/2022\\\/06\\\/Logo_SF_2012.png\",\"contentUrl\":\"https:\\\/\\\/news.save.ch\\\/wp-content\\\/uploads\\\/2022\\\/06\\\/Logo_SF_2012.png\",\"width\":1100,\"height\":91,\"caption\":\"Sicherheitsforum\"},\"image\":{\"@id\":\"https:\\\/\\\/news.save.ch\\\/de\\\/#\\\/schema\\\/logo\\\/image\\\/\"}},{\"@type\":\"Person\",\"@id\":\"https:\\\/\\\/news.save.ch\\\/de\\\/#\\\/schema\\\/person\\\/d49e199490bad7c70d64b9ab51142f2b\",\"name\":\"admin\",\"image\":{\"@type\":\"ImageObject\",\"inLanguage\":\"de\",\"@id\":\"https:\\\/\\\/secure.gravatar.com\\\/avatar\\\/ae2f4d718e6c49043e314ce431e7e645d646302a24a5ef5a8bc8e3f5a032e319?s=96&d=mm&r=g\",\"url\":\"https:\\\/\\\/secure.gravatar.com\\\/avatar\\\/ae2f4d718e6c49043e314ce431e7e645d646302a24a5ef5a8bc8e3f5a032e319?s=96&d=mm&r=g\",\"contentUrl\":\"https:\\\/\\\/secure.gravatar.com\\\/avatar\\\/ae2f4d718e6c49043e314ce431e7e645d646302a24a5ef5a8bc8e3f5a032e319?s=96&d=mm&r=g\",\"caption\":\"admin\"},\"sameAs\":[\"https:\\\/\\\/develop.organisator.galledia.ch\"],\"url\":\"https:\\\/\\\/news.save.ch\\\/de\\\/author\\\/admin\\\/\"}]}<\/script>\n<!-- \/ Yoast SEO plugin. -->","yoast_head_json":{"title":"Grossanl\u00e4sse ab Oktober wieder m\u00f6glich - Save","description":"Das Verbot von Grossanl\u00e4ssen bis 1000 Personen galt bis am 31. August und wurde nun um einen Monat bis Ende September verl\u00e4ngert.","robots":{"index":"index","follow":"follow","max-snippet":"max-snippet:-1","max-image-preview":"max-image-preview:large","max-video-preview":"max-video-preview:-1"},"canonical":"https:\/\/news.save.ch\/de\/grossanlaesse-ab-oktober-wieder-moeglich\/","og_locale":"de_DE","og_type":"article","og_title":"Grossanl\u00e4sse ab Oktober wieder m\u00f6glich - Save","og_description":"Das Verbot von Grossanl\u00e4ssen bis 1000 Personen galt bis am 31. August und wurde nun um einen Monat bis Ende September verl\u00e4ngert.","og_url":"https:\/\/news.save.ch\/de\/grossanlaesse-ab-oktober-wieder-moeglich\/","og_site_name":"Save","article_published_time":"2020-08-12T15:56:32+00:00","article_modified_time":"2023-03-14T08:05:30+00:00","og_image":[{"width":794,"height":528,"url":"https:\/\/news.save.ch\/wp-content\/uploads\/2020\/06\/204558_80.jpg","type":"image\/jpeg"}],"author":"admin","twitter_card":"summary_large_image","twitter_misc":{"Geschrieben von":"admin","Gesch\u00e4tzte Lesezeit":"3\u00a0Minuten"},"schema":{"@context":"https:\/\/schema.org","@graph":[{"@type":"Article","@id":"https:\/\/news.save.ch\/grossanlaesse-ab-oktober-wieder-moeglich\/#article","isPartOf":{"@id":"https:\/\/news.save.ch\/grossanlaesse-ab-oktober-wieder-moeglich\/"},"author":{"name":"admin","@id":"https:\/\/news.save.ch\/de\/#\/schema\/person\/d49e199490bad7c70d64b9ab51142f2b"},"headline":"Grossanl\u00e4sse ab Oktober wieder m\u00f6glich","datePublished":"2020-08-12T15:56:32+00:00","dateModified":"2023-03-14T08:05:30+00:00","mainEntityOfPage":{"@id":"https:\/\/news.save.ch\/grossanlaesse-ab-oktober-wieder-moeglich\/"},"wordCount":521,"publisher":{"@id":"https:\/\/news.save.ch\/de\/#organization"},"image":{"@id":"https:\/\/news.save.ch\/grossanlaesse-ab-oktober-wieder-moeglich\/#primaryimage"},"thumbnailUrl":"https:\/\/news.save.ch\/wp-content\/uploads\/2020\/06\/204558_80.jpg","keywords":["Bundesrat","Coronavirus","Fachkongress\/Fachmesse","Gesundheitsschutz","Grossanl\u00e4sse","Pr\u00e4vention","Psychische Gesundheit","Quarant\u00e4ne","Quarant\u00e4nepflicht","Sicherheit","Veranstaltung","Veranstaltungen","Versicherung","WHO"],"articleSection":["ALLGEMEIN","HEALTH &amp; SAFETY"],"inLanguage":"de"},{"@type":"WebPage","@id":"https:\/\/news.save.ch\/grossanlaesse-ab-oktober-wieder-moeglich\/","url":"https:\/\/news.save.ch\/grossanlaesse-ab-oktober-wieder-moeglich\/","name":"Grossanl\u00e4sse ab Oktober wieder m\u00f6glich - Save","isPartOf":{"@id":"https:\/\/news.save.ch\/de\/#website"},"primaryImageOfPage":{"@id":"https:\/\/news.save.ch\/grossanlaesse-ab-oktober-wieder-moeglich\/#primaryimage"},"image":{"@id":"https:\/\/news.save.ch\/grossanlaesse-ab-oktober-wieder-moeglich\/#primaryimage"},"thumbnailUrl":"https:\/\/news.save.ch\/wp-content\/uploads\/2020\/06\/204558_80.jpg","datePublished":"2020-08-12T15:56:32+00:00","dateModified":"2023-03-14T08:05:30+00:00","description":"Das Verbot von Grossanl\u00e4ssen bis 1000 Personen galt bis am 31. August und wurde nun um einen Monat bis Ende September verl\u00e4ngert.","breadcrumb":{"@id":"https:\/\/news.save.ch\/grossanlaesse-ab-oktober-wieder-moeglich\/#breadcrumb"},"inLanguage":"de","potentialAction":[{"@type":"ReadAction","target":["https:\/\/news.save.ch\/grossanlaesse-ab-oktober-wieder-moeglich\/"]}]},{"@type":"ImageObject","inLanguage":"de","@id":"https:\/\/news.save.ch\/grossanlaesse-ab-oktober-wieder-moeglich\/#primaryimage","url":"https:\/\/news.save.ch\/wp-content\/uploads\/2020\/06\/204558_80.jpg","contentUrl":"https:\/\/news.save.ch\/wp-content\/uploads\/2020\/06\/204558_80.jpg","width":794,"height":528,"caption":"Coronavirus: Grossanl\u00e4sse sind ab 1. Oktober 2020 unter strengen Bedingungen und mit Bewilligung wieder m\u00f6glich."},{"@type":"BreadcrumbList","@id":"https:\/\/news.save.ch\/grossanlaesse-ab-oktober-wieder-moeglich\/#breadcrumb","itemListElement":[{"@type":"ListItem","position":1,"name":"Home","item":"https:\/\/news.save.ch\/de\/"},{"@type":"ListItem","position":2,"name":"Grossanl\u00e4sse ab Oktober wieder m\u00f6glich"}]},{"@type":"WebSite","@id":"https:\/\/news.save.ch\/de\/#website","url":"https:\/\/news.save.ch\/de\/","name":"Save","description":"Schweizer Fachzeitschrift f\u00fcr Sicherheit","publisher":{"@id":"https:\/\/news.save.ch\/de\/#organization"},"potentialAction":[{"@type":"SearchAction","target":{"@type":"EntryPoint","urlTemplate":"https:\/\/news.save.ch\/de\/?s={search_term_string}"},"query-input":{"@type":"PropertyValueSpecification","valueRequired":true,"valueName":"search_term_string"}}],"inLanguage":"de"},{"@type":"Organization","@id":"https:\/\/news.save.ch\/de\/#organization","name":"Sicherheitsforum","url":"https:\/\/news.save.ch\/de\/","logo":{"@type":"ImageObject","inLanguage":"de","@id":"https:\/\/news.save.ch\/de\/#\/schema\/logo\/image\/","url":"https:\/\/news.save.ch\/wp-content\/uploads\/2022\/06\/Logo_SF_2012.png","contentUrl":"https:\/\/news.save.ch\/wp-content\/uploads\/2022\/06\/Logo_SF_2012.png","width":1100,"height":91,"caption":"Sicherheitsforum"},"image":{"@id":"https:\/\/news.save.ch\/de\/#\/schema\/logo\/image\/"}},{"@type":"Person","@id":"https:\/\/news.save.ch\/de\/#\/schema\/person\/d49e199490bad7c70d64b9ab51142f2b","name":"admin","image":{"@type":"ImageObject","inLanguage":"de","@id":"https:\/\/secure.gravatar.com\/avatar\/ae2f4d718e6c49043e314ce431e7e645d646302a24a5ef5a8bc8e3f5a032e319?s=96&d=mm&r=g","url":"https:\/\/secure.gravatar.com\/avatar\/ae2f4d718e6c49043e314ce431e7e645d646302a24a5ef5a8bc8e3f5a032e319?s=96&d=mm&r=g","contentUrl":"https:\/\/secure.gravatar.com\/avatar\/ae2f4d718e6c49043e314ce431e7e645d646302a24a5ef5a8bc8e3f5a032e319?s=96&d=mm&r=g","caption":"admin"},"sameAs":["https:\/\/develop.organisator.galledia.ch"],"url":"https:\/\/news.save.ch\/de\/author\/admin\/"}]}},"_links":{"self":[{"href":"https:\/\/news.save.ch\/de\/wp-json\/wp\/v2\/posts\/16964","targetHints":{"allow":["GET"]}}],"collection":[{"href":"https:\/\/news.save.ch\/de\/wp-json\/wp\/v2\/posts"}],"about":[{"href":"https:\/\/news.save.ch\/de\/wp-json\/wp\/v2\/types\/post"}],"author":[{"embeddable":true,"href":"https:\/\/news.save.ch\/de\/wp-json\/wp\/v2\/users\/1"}],"replies":[{"embeddable":true,"href":"https:\/\/news.save.ch\/de\/wp-json\/wp\/v2\/comments?post=16964"}],"version-history":[{"count":1,"href":"https:\/\/news.save.ch\/de\/wp-json\/wp\/v2\/posts\/16964\/revisions"}],"predecessor-version":[{"id":18183,"href":"https:\/\/news.save.ch\/de\/wp-json\/wp\/v2\/posts\/16964\/revisions\/18183"}],"wp:featuredmedia":[{"embeddable":true,"href":"https:\/\/news.save.ch\/de\/wp-json\/wp\/v2\/media\/5770"}],"wp:attachment":[{"href":"https:\/\/news.save.ch\/de\/wp-json\/wp\/v2\/media?parent=16964"}],"wp:term":[{"taxonomy":"category","embeddable":true,"href":"https:\/\/news.save.ch\/de\/wp-json\/wp\/v2\/categories?post=16964"},{"taxonomy":"post_tag","embeddable":true,"href":"https:\/\/news.save.ch\/de\/wp-json\/wp\/v2\/tags?post=16964"}],"curies":[{"name":"wp","href":"https:\/\/api.w.org\/{rel}","templated":true}]}}