{"id":16967,"date":"2020-09-04T08:00:19","date_gmt":"2020-09-04T06:00:19","guid":{"rendered":"https:\/\/news.save.ch\/?p=5970"},"modified":"2023-03-14T09:03:44","modified_gmt":"2023-03-14T08:03:44","slug":"weitere-massnahmen-gegen-steigende-gesundheitskosten","status":null,"type":"post","link":"https:\/\/news.save.ch\/de\/weitere-massnahmen-gegen-steigende-gesundheitskosten\/","title":{"rendered":"Weitere Massnahmen gegen steigende Gesundheitskosten"},"content":{"rendered":"<figure id=\"attachment_5971\" aria-describedby=\"caption-attachment-5971\" style=\"width: 680px\" class=\"wp-caption alignnone\"><img loading=\"lazy\" decoding=\"async\" class=\"size-medium wp-image-5971\" src=\"http:\/\/develop.safety-plus.ch\/wp-content\/uploads\/2020\/08\/Depositphotos_Feverpitch.jpg\" alt=\"\" width=\"680\" height=\"453\" \/><figcaption id=\"caption-attachment-5971\" class=\"wp-caption-text\">Der Bundesrat will zudem mit drei Massnahmen die Koordination st\u00e4rken, um unn\u00f6tige Behandlungen zu vermeiden. \u00a9 Depositphotos\/Feverpitch<\/figcaption><\/figure>\n<p>Mit dem vorliegenden zweiten Paket setzt der Bundesrat seinen Entscheid vom 20. Mai 2020 um, einen indirekten Gegenvorschlag zur\u00a0Volksinitiative \u00abF\u00fcr tiefere Pr\u00e4mien &#8211; Kostenbremse im Gesundheitswesen (Kostenbremse-Initiative)\u00bb der Christlich-Demokratischen Volkspartei (CVP) vorzulegen.<\/p>\n<p>Als zentrale <a href=\"https:\/\/news.save.ch\/neun-massnahmen-gegen-hoehere-kosten-im-gesundheitswesen\/\" target=\"_blank\" rel=\"noopener\">Massnahme<\/a> will der Bundesrat f\u00fcr die obligatorische Krankenpflegeversicherung (OKP; Grundversicherung) eine Zielvorgabe einf\u00fchren. Dabei legen Bund und Kantone j\u00e4hrlich fest, wie stark die Kosten wachsen d\u00fcrfen, zum Beispiel bei den station\u00e4ren <a href=\"https:\/\/news.save.ch\/sechs-prozent-erleiden-spital-infektion\/\" target=\"_blank\" rel=\"noopener\">Spitalbehandlungen<\/a>, den ambulanten Arztbehandlungen oder den Arzneimitteln. Sie beziehen dabei die wichtigsten Akteure mit ein. Die Akteure bestimmen in erster Linie, welche Massnahmen zu ergreifen sind, wenn die Vorgaben \u00fcberschritten werden. Patientinnen und Patienten haben jedoch stets Zugang zu allen Leistungen der OKP. Heute fehlen systematische \u00dcberlegungen dazu, welches Kostenwachstum in den einzelnen Bereichen angemessen ist. Die Zielvorgabe erh\u00f6ht die Transparenz, st\u00e4rkt die Verantwortung und reduziert medizinisch unn\u00f6tige Leistungen.<\/p>\n<p>Die Zielvorgabe erf\u00fcllt auch die Anliegen der \u00abKostenbremse-Initiative\u00bb der CVP und zeigt zus\u00e4tzlich auf, wie die vorgegebenen Wachstumsziele erreicht werden k\u00f6nnen, ohne dass eine Rationierung von medizinisch n\u00f6tigen Leistungen stattfindet.<\/p>\n<p><strong>Koordination verbessern<\/strong><\/p>\n<p>Der <a href=\"https:\/\/news.save.ch\/schweizer-halten-gesundheitspolitiker-fuer-unfaehig\/\" target=\"_blank\" rel=\"noopener\">Bundesrat<\/a> will zudem mit drei Massnahmen die Koordination st\u00e4rken, um unn\u00f6tige Behandlungen zu vermeiden und damit die Qualit\u00e4t der Versorgung zu erh\u00f6hen. Alle Menschen in der Schweiz sollen eine Erstberatungsstelle w\u00e4hlen, an die sie sich bei gesundheitlichen Problemen zuerst wenden, zum Beispiel eine Haus\u00e4rztin oder einen Hausarzt, eine HMO-Praxis oder ein telemedizinisches Zentrum. Diese beraten die Patientinnen und Patienten, behandeln sie selber oder weisen sie an spezialisierte \u00c4rztinnen und \u00c4rzte weiter. Modelle mit eingeschr\u00e4nkter Wahl der Leistungserbringer wie das Hausarztmodell haben sich bew\u00e4hrt und sind heute breit akzeptiert.<\/p>\n<p><strong>Weitere Infos<\/strong><\/p>\n<p><a href=\"https:\/\/www.admin.ch\/gov\/de\/start\/dokumentation\/medienmitteilungen.msg-id-80111.html\" target=\"_blank\" rel=\"noopener\">www.admin.ch<\/a><\/p>\n","protected":false},"excerpt":{"rendered":"<p>Mit dem vorliegenden zweiten Paket setzt der Bundesrat seinen Entscheid vom 20. Mai 2020 um, einen indirekten Gegenvorschlag zur\u00a0Volksinitiative \u00abF\u00fcr tiefere Pr\u00e4mien &#8211; Kostenbremse im Gesundheitswesen (Kostenbremse-Initiative)\u00bb der Christlich-Demokratischen Volkspartei (CVP) vorzulegen. Als zentrale Massnahme will der Bundesrat f\u00fcr die obligatorische Krankenpflegeversicherung (OKP; Grundversicherung) eine Zielvorgabe einf\u00fchren. Dabei legen Bund und Kantone j\u00e4hrlich fest, wie [&hellip;]<\/p>\n","protected":false},"author":1,"featured_media":5971,"comment_status":"closed","ping_status":"closed","sticky":false,"template":"","format":"standard","meta":{"_acf_changed":false,"pgc_sgb_lightbox_settings":"","footnotes":""},"categories":[1,3314],"tags":[700,1775,168,149,141,181],"class_list":["post-16967","post","type-post","status-publish","format-standard","has-post-thumbnail","hentry","category-allgemein","category-health-safety","tag-bag","tag-betriebliches-gesundheitsmanagement","tag-bundesrat","tag-gesundheitsschutz","tag-praevention","tag-versicherung"],"acf":[],"hkrextid":null,"publication":null,"issue":null,"workflow":null,"startPage":null,"spitzmarke":null,"_posts_by_tag_page_fields":{"widget_title":"","widget_tags":""},"_at_widget":"1","_yoast_wpseo_primary_category":"1","_yoast_wpseo_focuskw_text_input":"Gesundheitskosten","_yoast_wpseo_opengraph-image":null,"_yoast_wpseo_opengraph-description":null,"_yoast_wpseo_opengraph-title":null,"enclosure":null,"_yoast_wpseo_twitter-title":null,"_yoast_wpseo_twitter-description":null,"_yoast_wpseo_twitter-image":null,"_wp_old_slug":null,"_yoast_wpseo_title":null,"_yoast_wpseo_canonical":null,"yoast_head":"<!-- This site is optimized with the Yoast SEO plugin v27.4 - https:\/\/yoast.com\/product\/yoast-seo-wordpress\/ -->\n<title>Weitere Massnahmen gegen steigende Gesundheitskosten - Save<\/title>\n<meta name=\"description\" content=\"Der Bundesrat will die Pr\u00e4mienbelastung f\u00fcr die Menschen in der Schweiz d\u00e4mpfen.\" \/>\n<meta name=\"robots\" content=\"index, follow, max-snippet:-1, max-image-preview:large, max-video-preview:-1\" \/>\n<link rel=\"canonical\" href=\"https:\/\/news.save.ch\/de\/weitere-massnahmen-gegen-steigende-gesundheitskosten\/\" \/>\n<meta property=\"og:locale\" content=\"de_DE\" \/>\n<meta property=\"og:type\" content=\"article\" \/>\n<meta property=\"og:title\" content=\"Weitere Massnahmen gegen steigende Gesundheitskosten - Save\" \/>\n<meta property=\"og:description\" content=\"Der Bundesrat will die Pr\u00e4mienbelastung f\u00fcr die Menschen in der Schweiz d\u00e4mpfen.\" \/>\n<meta property=\"og:url\" content=\"https:\/\/news.save.ch\/de\/weitere-massnahmen-gegen-steigende-gesundheitskosten\/\" \/>\n<meta property=\"og:site_name\" content=\"Save\" \/>\n<meta property=\"article:published_time\" content=\"2020-09-04T06:00:19+00:00\" \/>\n<meta property=\"article:modified_time\" content=\"2023-03-14T08:03:44+00:00\" \/>\n<meta property=\"og:image\" content=\"https:\/\/news.save.ch\/wp-content\/uploads\/2020\/08\/Depositphotos_Feverpitch-scaled-1.jpg\" \/>\n\t<meta property=\"og:image:width\" content=\"1200\" \/>\n\t<meta property=\"og:image:height\" content=\"800\" \/>\n\t<meta property=\"og:image:type\" content=\"image\/jpeg\" \/>\n<meta name=\"author\" content=\"admin\" \/>\n<meta name=\"twitter:card\" content=\"summary_large_image\" \/>\n<meta name=\"twitter:label1\" content=\"Geschrieben von\" \/>\n\t<meta name=\"twitter:data1\" content=\"admin\" \/>\n\t<meta name=\"twitter:label2\" content=\"Gesch\u00e4tzte Lesezeit\" \/>\n\t<meta name=\"twitter:data2\" content=\"2\u00a0Minuten\" \/>\n<script type=\"application\/ld+json\" class=\"yoast-schema-graph\">{\"@context\":\"https:\\\/\\\/schema.org\",\"@graph\":[{\"@type\":\"Article\",\"@id\":\"https:\\\/\\\/news.save.ch\\\/weitere-massnahmen-gegen-steigende-gesundheitskosten\\\/#article\",\"isPartOf\":{\"@id\":\"https:\\\/\\\/news.save.ch\\\/weitere-massnahmen-gegen-steigende-gesundheitskosten\\\/\"},\"author\":{\"name\":\"admin\",\"@id\":\"https:\\\/\\\/news.save.ch\\\/de\\\/#\\\/schema\\\/person\\\/d49e199490bad7c70d64b9ab51142f2b\"},\"headline\":\"Weitere Massnahmen gegen steigende Gesundheitskosten\",\"datePublished\":\"2020-09-04T06:00:19+00:00\",\"dateModified\":\"2023-03-14T08:03:44+00:00\",\"mainEntityOfPage\":{\"@id\":\"https:\\\/\\\/news.save.ch\\\/weitere-massnahmen-gegen-steigende-gesundheitskosten\\\/\"},\"wordCount\":312,\"publisher\":{\"@id\":\"https:\\\/\\\/news.save.ch\\\/de\\\/#organization\"},\"image\":{\"@id\":\"https:\\\/\\\/news.save.ch\\\/weitere-massnahmen-gegen-steigende-gesundheitskosten\\\/#primaryimage\"},\"thumbnailUrl\":\"https:\\\/\\\/news.save.ch\\\/wp-content\\\/uploads\\\/2020\\\/08\\\/Depositphotos_Feverpitch-scaled-1.jpg\",\"keywords\":[\"BAG\",\"Betriebliches Gesundheitsmanagement\",\"Bundesrat\",\"Gesundheitsschutz\",\"Pr\u00e4vention\",\"Versicherung\"],\"articleSection\":[\"ALLGEMEIN\",\"HEALTH &amp; SAFETY\"],\"inLanguage\":\"de\"},{\"@type\":\"WebPage\",\"@id\":\"https:\\\/\\\/news.save.ch\\\/weitere-massnahmen-gegen-steigende-gesundheitskosten\\\/\",\"url\":\"https:\\\/\\\/news.save.ch\\\/weitere-massnahmen-gegen-steigende-gesundheitskosten\\\/\",\"name\":\"Weitere Massnahmen gegen steigende Gesundheitskosten - Save\",\"isPartOf\":{\"@id\":\"https:\\\/\\\/news.save.ch\\\/de\\\/#website\"},\"primaryImageOfPage\":{\"@id\":\"https:\\\/\\\/news.save.ch\\\/weitere-massnahmen-gegen-steigende-gesundheitskosten\\\/#primaryimage\"},\"image\":{\"@id\":\"https:\\\/\\\/news.save.ch\\\/weitere-massnahmen-gegen-steigende-gesundheitskosten\\\/#primaryimage\"},\"thumbnailUrl\":\"https:\\\/\\\/news.save.ch\\\/wp-content\\\/uploads\\\/2020\\\/08\\\/Depositphotos_Feverpitch-scaled-1.jpg\",\"datePublished\":\"2020-09-04T06:00:19+00:00\",\"dateModified\":\"2023-03-14T08:03:44+00:00\",\"description\":\"Der Bundesrat will die Pr\u00e4mienbelastung f\u00fcr die Menschen in der Schweiz d\u00e4mpfen.\",\"breadcrumb\":{\"@id\":\"https:\\\/\\\/news.save.ch\\\/weitere-massnahmen-gegen-steigende-gesundheitskosten\\\/#breadcrumb\"},\"inLanguage\":\"de\",\"potentialAction\":[{\"@type\":\"ReadAction\",\"target\":[\"https:\\\/\\\/news.save.ch\\\/weitere-massnahmen-gegen-steigende-gesundheitskosten\\\/\"]}]},{\"@type\":\"ImageObject\",\"inLanguage\":\"de\",\"@id\":\"https:\\\/\\\/news.save.ch\\\/weitere-massnahmen-gegen-steigende-gesundheitskosten\\\/#primaryimage\",\"url\":\"https:\\\/\\\/news.save.ch\\\/wp-content\\\/uploads\\\/2020\\\/08\\\/Depositphotos_Feverpitch-scaled-1.jpg\",\"contentUrl\":\"https:\\\/\\\/news.save.ch\\\/wp-content\\\/uploads\\\/2020\\\/08\\\/Depositphotos_Feverpitch-scaled-1.jpg\",\"width\":1200,\"height\":800,\"caption\":\"Der Bundesrat will zudem mit drei Massnahmen die Koordination st\u00e4rken, um unn\u00f6tige Behandlungen zu vermeiden. \u00a9 Depositphotos\\\/Feverpitch\"},{\"@type\":\"BreadcrumbList\",\"@id\":\"https:\\\/\\\/news.save.ch\\\/weitere-massnahmen-gegen-steigende-gesundheitskosten\\\/#breadcrumb\",\"itemListElement\":[{\"@type\":\"ListItem\",\"position\":1,\"name\":\"Home\",\"item\":\"https:\\\/\\\/news.save.ch\\\/de\\\/\"},{\"@type\":\"ListItem\",\"position\":2,\"name\":\"Weitere Massnahmen gegen steigende Gesundheitskosten\"}]},{\"@type\":\"WebSite\",\"@id\":\"https:\\\/\\\/news.save.ch\\\/de\\\/#website\",\"url\":\"https:\\\/\\\/news.save.ch\\\/de\\\/\",\"name\":\"Save\",\"description\":\"Schweizer Fachzeitschrift f\u00fcr Sicherheit\",\"publisher\":{\"@id\":\"https:\\\/\\\/news.save.ch\\\/de\\\/#organization\"},\"potentialAction\":[{\"@type\":\"SearchAction\",\"target\":{\"@type\":\"EntryPoint\",\"urlTemplate\":\"https:\\\/\\\/news.save.ch\\\/de\\\/?s={search_term_string}\"},\"query-input\":{\"@type\":\"PropertyValueSpecification\",\"valueRequired\":true,\"valueName\":\"search_term_string\"}}],\"inLanguage\":\"de\"},{\"@type\":\"Organization\",\"@id\":\"https:\\\/\\\/news.save.ch\\\/de\\\/#organization\",\"name\":\"Sicherheitsforum\",\"url\":\"https:\\\/\\\/news.save.ch\\\/de\\\/\",\"logo\":{\"@type\":\"ImageObject\",\"inLanguage\":\"de\",\"@id\":\"https:\\\/\\\/news.save.ch\\\/de\\\/#\\\/schema\\\/logo\\\/image\\\/\",\"url\":\"https:\\\/\\\/news.save.ch\\\/wp-content\\\/uploads\\\/2022\\\/06\\\/Logo_SF_2012.png\",\"contentUrl\":\"https:\\\/\\\/news.save.ch\\\/wp-content\\\/uploads\\\/2022\\\/06\\\/Logo_SF_2012.png\",\"width\":1100,\"height\":91,\"caption\":\"Sicherheitsforum\"},\"image\":{\"@id\":\"https:\\\/\\\/news.save.ch\\\/de\\\/#\\\/schema\\\/logo\\\/image\\\/\"}},{\"@type\":\"Person\",\"@id\":\"https:\\\/\\\/news.save.ch\\\/de\\\/#\\\/schema\\\/person\\\/d49e199490bad7c70d64b9ab51142f2b\",\"name\":\"admin\",\"image\":{\"@type\":\"ImageObject\",\"inLanguage\":\"de\",\"@id\":\"https:\\\/\\\/secure.gravatar.com\\\/avatar\\\/ae2f4d718e6c49043e314ce431e7e645d646302a24a5ef5a8bc8e3f5a032e319?s=96&d=mm&r=g\",\"url\":\"https:\\\/\\\/secure.gravatar.com\\\/avatar\\\/ae2f4d718e6c49043e314ce431e7e645d646302a24a5ef5a8bc8e3f5a032e319?s=96&d=mm&r=g\",\"contentUrl\":\"https:\\\/\\\/secure.gravatar.com\\\/avatar\\\/ae2f4d718e6c49043e314ce431e7e645d646302a24a5ef5a8bc8e3f5a032e319?s=96&d=mm&r=g\",\"caption\":\"admin\"},\"sameAs\":[\"https:\\\/\\\/develop.organisator.galledia.ch\"],\"url\":\"https:\\\/\\\/news.save.ch\\\/de\\\/author\\\/admin\\\/\"}]}<\/script>\n<!-- \/ Yoast SEO plugin. -->","yoast_head_json":{"title":"Weitere Massnahmen gegen steigende Gesundheitskosten - Save","description":"Der Bundesrat will die Pr\u00e4mienbelastung f\u00fcr die Menschen in der Schweiz d\u00e4mpfen.","robots":{"index":"index","follow":"follow","max-snippet":"max-snippet:-1","max-image-preview":"max-image-preview:large","max-video-preview":"max-video-preview:-1"},"canonical":"https:\/\/news.save.ch\/de\/weitere-massnahmen-gegen-steigende-gesundheitskosten\/","og_locale":"de_DE","og_type":"article","og_title":"Weitere Massnahmen gegen steigende Gesundheitskosten - Save","og_description":"Der Bundesrat will die Pr\u00e4mienbelastung f\u00fcr die Menschen in der Schweiz d\u00e4mpfen.","og_url":"https:\/\/news.save.ch\/de\/weitere-massnahmen-gegen-steigende-gesundheitskosten\/","og_site_name":"Save","article_published_time":"2020-09-04T06:00:19+00:00","article_modified_time":"2023-03-14T08:03:44+00:00","og_image":[{"width":1200,"height":800,"url":"https:\/\/news.save.ch\/wp-content\/uploads\/2020\/08\/Depositphotos_Feverpitch-scaled-1.jpg","type":"image\/jpeg"}],"author":"admin","twitter_card":"summary_large_image","twitter_misc":{"Geschrieben von":"admin","Gesch\u00e4tzte Lesezeit":"2\u00a0Minuten"},"schema":{"@context":"https:\/\/schema.org","@graph":[{"@type":"Article","@id":"https:\/\/news.save.ch\/weitere-massnahmen-gegen-steigende-gesundheitskosten\/#article","isPartOf":{"@id":"https:\/\/news.save.ch\/weitere-massnahmen-gegen-steigende-gesundheitskosten\/"},"author":{"name":"admin","@id":"https:\/\/news.save.ch\/de\/#\/schema\/person\/d49e199490bad7c70d64b9ab51142f2b"},"headline":"Weitere Massnahmen gegen steigende Gesundheitskosten","datePublished":"2020-09-04T06:00:19+00:00","dateModified":"2023-03-14T08:03:44+00:00","mainEntityOfPage":{"@id":"https:\/\/news.save.ch\/weitere-massnahmen-gegen-steigende-gesundheitskosten\/"},"wordCount":312,"publisher":{"@id":"https:\/\/news.save.ch\/de\/#organization"},"image":{"@id":"https:\/\/news.save.ch\/weitere-massnahmen-gegen-steigende-gesundheitskosten\/#primaryimage"},"thumbnailUrl":"https:\/\/news.save.ch\/wp-content\/uploads\/2020\/08\/Depositphotos_Feverpitch-scaled-1.jpg","keywords":["BAG","Betriebliches Gesundheitsmanagement","Bundesrat","Gesundheitsschutz","Pr\u00e4vention","Versicherung"],"articleSection":["ALLGEMEIN","HEALTH &amp; SAFETY"],"inLanguage":"de"},{"@type":"WebPage","@id":"https:\/\/news.save.ch\/weitere-massnahmen-gegen-steigende-gesundheitskosten\/","url":"https:\/\/news.save.ch\/weitere-massnahmen-gegen-steigende-gesundheitskosten\/","name":"Weitere Massnahmen gegen steigende Gesundheitskosten - Save","isPartOf":{"@id":"https:\/\/news.save.ch\/de\/#website"},"primaryImageOfPage":{"@id":"https:\/\/news.save.ch\/weitere-massnahmen-gegen-steigende-gesundheitskosten\/#primaryimage"},"image":{"@id":"https:\/\/news.save.ch\/weitere-massnahmen-gegen-steigende-gesundheitskosten\/#primaryimage"},"thumbnailUrl":"https:\/\/news.save.ch\/wp-content\/uploads\/2020\/08\/Depositphotos_Feverpitch-scaled-1.jpg","datePublished":"2020-09-04T06:00:19+00:00","dateModified":"2023-03-14T08:03:44+00:00","description":"Der Bundesrat will die Pr\u00e4mienbelastung f\u00fcr die Menschen in der Schweiz d\u00e4mpfen.","breadcrumb":{"@id":"https:\/\/news.save.ch\/weitere-massnahmen-gegen-steigende-gesundheitskosten\/#breadcrumb"},"inLanguage":"de","potentialAction":[{"@type":"ReadAction","target":["https:\/\/news.save.ch\/weitere-massnahmen-gegen-steigende-gesundheitskosten\/"]}]},{"@type":"ImageObject","inLanguage":"de","@id":"https:\/\/news.save.ch\/weitere-massnahmen-gegen-steigende-gesundheitskosten\/#primaryimage","url":"https:\/\/news.save.ch\/wp-content\/uploads\/2020\/08\/Depositphotos_Feverpitch-scaled-1.jpg","contentUrl":"https:\/\/news.save.ch\/wp-content\/uploads\/2020\/08\/Depositphotos_Feverpitch-scaled-1.jpg","width":1200,"height":800,"caption":"Der Bundesrat will zudem mit drei Massnahmen die Koordination st\u00e4rken, um unn\u00f6tige Behandlungen zu vermeiden. \u00a9 Depositphotos\/Feverpitch"},{"@type":"BreadcrumbList","@id":"https:\/\/news.save.ch\/weitere-massnahmen-gegen-steigende-gesundheitskosten\/#breadcrumb","itemListElement":[{"@type":"ListItem","position":1,"name":"Home","item":"https:\/\/news.save.ch\/de\/"},{"@type":"ListItem","position":2,"name":"Weitere Massnahmen gegen steigende Gesundheitskosten"}]},{"@type":"WebSite","@id":"https:\/\/news.save.ch\/de\/#website","url":"https:\/\/news.save.ch\/de\/","name":"Save","description":"Schweizer Fachzeitschrift f\u00fcr Sicherheit","publisher":{"@id":"https:\/\/news.save.ch\/de\/#organization"},"potentialAction":[{"@type":"SearchAction","target":{"@type":"EntryPoint","urlTemplate":"https:\/\/news.save.ch\/de\/?s={search_term_string}"},"query-input":{"@type":"PropertyValueSpecification","valueRequired":true,"valueName":"search_term_string"}}],"inLanguage":"de"},{"@type":"Organization","@id":"https:\/\/news.save.ch\/de\/#organization","name":"Sicherheitsforum","url":"https:\/\/news.save.ch\/de\/","logo":{"@type":"ImageObject","inLanguage":"de","@id":"https:\/\/news.save.ch\/de\/#\/schema\/logo\/image\/","url":"https:\/\/news.save.ch\/wp-content\/uploads\/2022\/06\/Logo_SF_2012.png","contentUrl":"https:\/\/news.save.ch\/wp-content\/uploads\/2022\/06\/Logo_SF_2012.png","width":1100,"height":91,"caption":"Sicherheitsforum"},"image":{"@id":"https:\/\/news.save.ch\/de\/#\/schema\/logo\/image\/"}},{"@type":"Person","@id":"https:\/\/news.save.ch\/de\/#\/schema\/person\/d49e199490bad7c70d64b9ab51142f2b","name":"admin","image":{"@type":"ImageObject","inLanguage":"de","@id":"https:\/\/secure.gravatar.com\/avatar\/ae2f4d718e6c49043e314ce431e7e645d646302a24a5ef5a8bc8e3f5a032e319?s=96&d=mm&r=g","url":"https:\/\/secure.gravatar.com\/avatar\/ae2f4d718e6c49043e314ce431e7e645d646302a24a5ef5a8bc8e3f5a032e319?s=96&d=mm&r=g","contentUrl":"https:\/\/secure.gravatar.com\/avatar\/ae2f4d718e6c49043e314ce431e7e645d646302a24a5ef5a8bc8e3f5a032e319?s=96&d=mm&r=g","caption":"admin"},"sameAs":["https:\/\/develop.organisator.galledia.ch"],"url":"https:\/\/news.save.ch\/de\/author\/admin\/"}]}},"_links":{"self":[{"href":"https:\/\/news.save.ch\/de\/wp-json\/wp\/v2\/posts\/16967","targetHints":{"allow":["GET"]}}],"collection":[{"href":"https:\/\/news.save.ch\/de\/wp-json\/wp\/v2\/posts"}],"about":[{"href":"https:\/\/news.save.ch\/de\/wp-json\/wp\/v2\/types\/post"}],"author":[{"embeddable":true,"href":"https:\/\/news.save.ch\/de\/wp-json\/wp\/v2\/users\/1"}],"replies":[{"embeddable":true,"href":"https:\/\/news.save.ch\/de\/wp-json\/wp\/v2\/comments?post=16967"}],"version-history":[{"count":1,"href":"https:\/\/news.save.ch\/de\/wp-json\/wp\/v2\/posts\/16967\/revisions"}],"predecessor-version":[{"id":18580,"href":"https:\/\/news.save.ch\/de\/wp-json\/wp\/v2\/posts\/16967\/revisions\/18580"}],"wp:featuredmedia":[{"embeddable":true,"href":"https:\/\/news.save.ch\/de\/wp-json\/wp\/v2\/media\/5971"}],"wp:attachment":[{"href":"https:\/\/news.save.ch\/de\/wp-json\/wp\/v2\/media?parent=16967"}],"wp:term":[{"taxonomy":"category","embeddable":true,"href":"https:\/\/news.save.ch\/de\/wp-json\/wp\/v2\/categories?post=16967"},{"taxonomy":"post_tag","embeddable":true,"href":"https:\/\/news.save.ch\/de\/wp-json\/wp\/v2\/tags?post=16967"}],"curies":[{"name":"wp","href":"https:\/\/api.w.org\/{rel}","templated":true}]}}